{"id":10054,"date":"2024-11-07T17:30:00","date_gmt":"2024-11-07T17:30:00","guid":{"rendered":"https:\/\/ciac.pt\/?p=10054"},"modified":"2024-12-06T16:25:48","modified_gmt":"2024-12-06T16:25:48","slug":"carlos-coelho-costa-honoured-at-the-manhattan-international-film-festival","status":"publish","type":"post","link":"https:\/\/ciac.pt\/en\/news\/carlos-coelho-costa-honoured-at-the-manhattan-international-film-festival\/","title":{"rendered":"Carlos Coelho Costa honoured at the Manhattan International Film Festival"},"content":{"rendered":"\n<div class=\"wp-block-group alignwide\"><div class=\"wp-block-group__inner-container is-layout-constrained wp-block-group-is-layout-constrained\">\n\n\n\n\n<figure class=\"wp-block-image size-full is-resized\"><a href=\"https:\/\/ciac.pt\/wp-content\/uploads\/2024\/11\/Placa-de-Premio-Manhattan.jpg\"><img decoding=\"async\" data-src=\"https:\/\/ciac.pt\/wp-content\/uploads\/2024\/11\/Placa-de-Premio-Manhattan.jpg\" alt=\"\" class=\"wp-image-9778 lazyload\" style=\"--smush-placeholder-width: 1620px; --smush-placeholder-aspect-ratio: 1620\/1215;width:auto;height:300px\" src=\"data:image\/svg+xml;base64,PHN2ZyB3aWR0aD0iMSIgaGVpZ2h0PSIxIiB4bWxucz0iaHR0cDovL3d3dy53My5vcmcvMjAwMC9zdmciPjwvc3ZnPg==\" \/><\/a><\/figure>\n\n\n<h1 class=\"wp-block-post-title\">Carlos Coelho Costa honoured at the Manhattan International Film Festival<\/h1>\n\n<div class=\"wp-block-post-date has-text-color has-cyan-bluish-gray-color\"><time datetime=\"2024-11-07T17:30:00+00:00\">07\/11\/2024<\/time><\/div>\n\n\n<hr class=\"wp-block-separator has-text-color has-white-color has-alpha-channel-opacity has-white-background-color has-background\"\/>\n\n\n\n<p>CIAC researcher Carlos Coelho Costa won an award at the<em><strong>\u00a0International Film Festival Manhattan Awards 2024<\/strong><\/em> for the short film he directed,\u00a0&#8220;<em><strong>4 Esta\u00e7\u00f5es<\/strong><\/em>&#8220;. He received the &#8220;Grand Prixe Best of the Best Short Film&#8221; award.<\/p>\n\n\n\n<p>The event took place in New York, USA, in October 2024, and the jury was made up of Bernhard Ostebo, Marco Niro, Rita Figueiredo and Luis Pedron.<\/p>\n\n\n\n<p>More information (<a href=\"https:\/\/iffmusa.com\/?fbclid=PAZXh0bgNhZW0CMTEAAaaxHJDKoQfPKz3ygWNQmkjO-PfwHwvW_VR87Uu6kELMQwrzCV28w5MugmE_aem_aOJ5ROIObYemjtUhW052Nw\" data-type=\"link\" data-id=\"https:\/\/iffmusa.com\/?fbclid=PAZXh0bgNhZW0CMTEAAaaxHJDKoQfPKz3ygWNQmkjO-PfwHwvW_VR87Uu6kELMQwrzCV28w5MugmE_aem_aOJ5ROIObYemjtUhW052Nw\">here<\/a>).<\/p>\n\n\n\n<hr class=\"wp-block-separator alignwide has-alpha-channel-opacity is-style-wide separador-mais-info\"\/>\n\n\n<\/div><\/div>\n","protected":false},"excerpt":{"rendered":"<p>CIAC researcher Carlos Coelho Costa won an award at the\u00a0International Film Festival<\/p>\n","protected":false},"author":4,"featured_media":9782,"comment_status":"closed","ping_status":"closed","sticky":false,"template":"","format":"standard","meta":{"_eb_attr":"","inline_featured_image":false,"advgb_blocks_editor_width":"","advgb_blocks_columns_visual_guide":"","footnotes":"","_links_to":"","_links_to_target":""},"categories":[61],"tags":[154],"class_list":["post-10054","post","type-post","status-publish","format-standard","has-post-thumbnail","hentry","category-news","tag-award"],"yoast_head":"<!-- This site is optimized with the Yoast SEO plugin v27.4 - https:\/\/yoast.com\/product\/yoast-seo-wordpress\/ -->\n<title>Carlos Coelho Costa honoured at the Manhattan International Film Festival - CIAC<\/title>\n<meta name=\"robots\" content=\"index, follow, max-snippet:-1, max-image-preview:large, max-video-preview:-1\" \/>\n<link rel=\"canonical\" href=\"https:\/\/ciac.pt\/en\/news\/carlos-coelho-costa-honoured-at-the-manhattan-international-film-festival\/\" \/>\n<meta property=\"og:locale\" content=\"en_US\" \/>\n<meta property=\"og:type\" content=\"article\" \/>\n<meta property=\"og:title\" content=\"Carlos Coelho Costa honoured at the Manhattan International Film Festival - CIAC\" \/>\n<meta property=\"og:description\" content=\"CIAC researcher Carlos Coelho Costa won an award at the\u00a0International Film Festival\" \/>\n<meta property=\"og:url\" content=\"https:\/\/ciac.pt\/en\/news\/carlos-coelho-costa-honoured-at-the-manhattan-international-film-festival\/\" \/>\n<meta property=\"og:site_name\" content=\"CIAC\" \/>\n<meta property=\"article:published_time\" content=\"2024-11-07T17:30:00+00:00\" \/>\n<meta property=\"article:modified_time\" content=\"2024-12-06T16:25:48+00:00\" \/>\n<meta property=\"og:image\" content=\"https:\/\/ciac.pt\/wp-content\/uploads\/2024\/11\/Internacional-Film-Festival-Manhattan.jpg\" \/>\n\t<meta property=\"og:image:width\" content=\"1\" \/>\n\t<meta property=\"og:image:height\" content=\"1\" \/>\n\t<meta property=\"og:image:type\" content=\"image\/jpeg\" \/>\n<meta name=\"author\" content=\"editor2\" \/>\n<meta name=\"twitter:card\" content=\"summary_large_image\" \/>\n<meta name=\"twitter:label1\" content=\"Written by\" \/>\n\t<meta name=\"twitter:data1\" content=\"editor2\" \/>\n<script type=\"application\/ld+json\" class=\"yoast-schema-graph\">{\"@context\":\"https:\\\/\\\/schema.org\",\"@graph\":[{\"@type\":\"Article\",\"@id\":\"https:\\\/\\\/ciac.pt\\\/en\\\/news\\\/carlos-coelho-costa-honoured-at-the-manhattan-international-film-festival\\\/#article\",\"isPartOf\":{\"@id\":\"https:\\\/\\\/ciac.pt\\\/en\\\/news\\\/carlos-coelho-costa-honoured-at-the-manhattan-international-film-festival\\\/\"},\"author\":{\"name\":\"editor2\",\"@id\":\"https:\\\/\\\/ciac.pt\\\/en\\\/#\\\/schema\\\/person\\\/9c77bada9bcc70961fd0ee149ad39064\"},\"headline\":\"Carlos Coelho Costa honoured at the Manhattan International Film Festival\",\"datePublished\":\"2024-11-07T17:30:00+00:00\",\"dateModified\":\"2024-12-06T16:25:48+00:00\",\"mainEntityOfPage\":{\"@id\":\"https:\\\/\\\/ciac.pt\\\/en\\\/news\\\/carlos-coelho-costa-honoured-at-the-manhattan-international-film-festival\\\/\"},\"wordCount\":77,\"publisher\":{\"@id\":\"https:\\\/\\\/ciac.pt\\\/en\\\/#organization\"},\"image\":{\"@id\":\"https:\\\/\\\/ciac.pt\\\/en\\\/news\\\/carlos-coelho-costa-honoured-at-the-manhattan-international-film-festival\\\/#primaryimage\"},\"thumbnailUrl\":\"https:\\\/\\\/ciac.pt\\\/wp-content\\\/uploads\\\/2024\\\/11\\\/Internacional-Film-Festival-Manhattan.jpg\",\"keywords\":[\"Award\"],\"articleSection\":[\"News\"],\"inLanguage\":\"en-US\"},{\"@type\":\"WebPage\",\"@id\":\"https:\\\/\\\/ciac.pt\\\/en\\\/news\\\/carlos-coelho-costa-honoured-at-the-manhattan-international-film-festival\\\/\",\"url\":\"https:\\\/\\\/ciac.pt\\\/en\\\/news\\\/carlos-coelho-costa-honoured-at-the-manhattan-international-film-festival\\\/\",\"name\":\"Carlos Coelho Costa honoured at the Manhattan International Film Festival - CIAC\",\"isPartOf\":{\"@id\":\"https:\\\/\\\/ciac.pt\\\/en\\\/#website\"},\"primaryImageOfPage\":{\"@id\":\"https:\\\/\\\/ciac.pt\\\/en\\\/news\\\/carlos-coelho-costa-honoured-at-the-manhattan-international-film-festival\\\/#primaryimage\"},\"image\":{\"@id\":\"https:\\\/\\\/ciac.pt\\\/en\\\/news\\\/carlos-coelho-costa-honoured-at-the-manhattan-international-film-festival\\\/#primaryimage\"},\"thumbnailUrl\":\"https:\\\/\\\/ciac.pt\\\/wp-content\\\/uploads\\\/2024\\\/11\\\/Internacional-Film-Festival-Manhattan.jpg\",\"datePublished\":\"2024-11-07T17:30:00+00:00\",\"dateModified\":\"2024-12-06T16:25:48+00:00\",\"breadcrumb\":{\"@id\":\"https:\\\/\\\/ciac.pt\\\/en\\\/news\\\/carlos-coelho-costa-honoured-at-the-manhattan-international-film-festival\\\/#breadcrumb\"},\"inLanguage\":\"en-US\",\"potentialAction\":[{\"@type\":\"ReadAction\",\"target\":[\"https:\\\/\\\/ciac.pt\\\/en\\\/news\\\/carlos-coelho-costa-honoured-at-the-manhattan-international-film-festival\\\/\"]}]},{\"@type\":\"ImageObject\",\"inLanguage\":\"en-US\",\"@id\":\"https:\\\/\\\/ciac.pt\\\/en\\\/news\\\/carlos-coelho-costa-honoured-at-the-manhattan-international-film-festival\\\/#primaryimage\",\"url\":\"https:\\\/\\\/ciac.pt\\\/wp-content\\\/uploads\\\/2024\\\/11\\\/Internacional-Film-Festival-Manhattan.jpg\",\"contentUrl\":\"https:\\\/\\\/ciac.pt\\\/wp-content\\\/uploads\\\/2024\\\/11\\\/Internacional-Film-Festival-Manhattan.jpg\"},{\"@type\":\"BreadcrumbList\",\"@id\":\"https:\\\/\\\/ciac.pt\\\/en\\\/news\\\/carlos-coelho-costa-honoured-at-the-manhattan-international-film-festival\\\/#breadcrumb\",\"itemListElement\":[{\"@type\":\"ListItem\",\"position\":1,\"name\":\"In\u00edcio\",\"item\":\"https:\\\/\\\/ciac.pt\\\/en\\\/\"},{\"@type\":\"ListItem\",\"position\":2,\"name\":\"Carlos Coelho Costa honoured at the Manhattan International Film Festival\"}]},{\"@type\":\"WebSite\",\"@id\":\"https:\\\/\\\/ciac.pt\\\/en\\\/#website\",\"url\":\"https:\\\/\\\/ciac.pt\\\/en\\\/\",\"name\":\"CIAC\",\"description\":\"Centro de Investiga\u00e7\u00e3o em Artes e Comunica\u00e7\u00e3o\",\"publisher\":{\"@id\":\"https:\\\/\\\/ciac.pt\\\/en\\\/#organization\"},\"potentialAction\":[{\"@type\":\"SearchAction\",\"target\":{\"@type\":\"EntryPoint\",\"urlTemplate\":\"https:\\\/\\\/ciac.pt\\\/en\\\/?s={search_term_string}\"},\"query-input\":{\"@type\":\"PropertyValueSpecification\",\"valueRequired\":true,\"valueName\":\"search_term_string\"}}],\"inLanguage\":\"en-US\"},{\"@type\":\"Organization\",\"@id\":\"https:\\\/\\\/ciac.pt\\\/en\\\/#organization\",\"name\":\"CIAC\",\"url\":\"https:\\\/\\\/ciac.pt\\\/en\\\/\",\"logo\":{\"@type\":\"ImageObject\",\"inLanguage\":\"en-US\",\"@id\":\"https:\\\/\\\/ciac.pt\\\/en\\\/#\\\/schema\\\/logo\\\/image\\\/\",\"url\":\"https:\\\/\\\/ciac.pt\\\/wp-content\\\/uploads\\\/2022\\\/06\\\/logo.svg\",\"contentUrl\":\"https:\\\/\\\/ciac.pt\\\/wp-content\\\/uploads\\\/2022\\\/06\\\/logo.svg\",\"width\":184,\"height\":51,\"caption\":\"CIAC\"},\"image\":{\"@id\":\"https:\\\/\\\/ciac.pt\\\/en\\\/#\\\/schema\\\/logo\\\/image\\\/\"}},{\"@type\":\"Person\",\"@id\":\"https:\\\/\\\/ciac.pt\\\/en\\\/#\\\/schema\\\/person\\\/9c77bada9bcc70961fd0ee149ad39064\",\"name\":\"editor2\",\"image\":{\"@type\":\"ImageObject\",\"inLanguage\":\"en-US\",\"@id\":\"https:\\\/\\\/secure.gravatar.com\\\/avatar\\\/?s=96&d=mm&r=g\",\"url\":\"https:\\\/\\\/secure.gravatar.com\\\/avatar\\\/?s=96&d=mm&r=g\",\"contentUrl\":\"https:\\\/\\\/secure.gravatar.com\\\/avatar\\\/?s=96&d=mm&r=g\",\"caption\":\"editor2\"},\"url\":\"https:\\\/\\\/ciac.pt\\\/en\\\/author\\\/editor2\\\/\"}]}<\/script>\n<!-- \/ Yoast SEO plugin. -->","yoast_head_json":{"title":"Carlos Coelho Costa honoured at the Manhattan International Film Festival - CIAC","robots":{"index":"index","follow":"follow","max-snippet":"max-snippet:-1","max-image-preview":"max-image-preview:large","max-video-preview":"max-video-preview:-1"},"canonical":"https:\/\/ciac.pt\/en\/news\/carlos-coelho-costa-honoured-at-the-manhattan-international-film-festival\/","og_locale":"en_US","og_type":"article","og_title":"Carlos Coelho Costa honoured at the Manhattan International Film Festival - CIAC","og_description":"CIAC researcher Carlos Coelho Costa won an award at the\u00a0International Film Festival","og_url":"https:\/\/ciac.pt\/en\/news\/carlos-coelho-costa-honoured-at-the-manhattan-international-film-festival\/","og_site_name":"CIAC","article_published_time":"2024-11-07T17:30:00+00:00","article_modified_time":"2024-12-06T16:25:48+00:00","og_image":[{"url":"https:\/\/ciac.pt\/wp-content\/uploads\/2024\/11\/Internacional-Film-Festival-Manhattan.jpg","width":1,"height":1,"type":"image\/jpeg"}],"author":"editor2","twitter_card":"summary_large_image","twitter_misc":{"Written by":"editor2"},"schema":{"@context":"https:\/\/schema.org","@graph":[{"@type":"Article","@id":"https:\/\/ciac.pt\/en\/news\/carlos-coelho-costa-honoured-at-the-manhattan-international-film-festival\/#article","isPartOf":{"@id":"https:\/\/ciac.pt\/en\/news\/carlos-coelho-costa-honoured-at-the-manhattan-international-film-festival\/"},"author":{"name":"editor2","@id":"https:\/\/ciac.pt\/en\/#\/schema\/person\/9c77bada9bcc70961fd0ee149ad39064"},"headline":"Carlos Coelho Costa honoured at the Manhattan International Film Festival","datePublished":"2024-11-07T17:30:00+00:00","dateModified":"2024-12-06T16:25:48+00:00","mainEntityOfPage":{"@id":"https:\/\/ciac.pt\/en\/news\/carlos-coelho-costa-honoured-at-the-manhattan-international-film-festival\/"},"wordCount":77,"publisher":{"@id":"https:\/\/ciac.pt\/en\/#organization"},"image":{"@id":"https:\/\/ciac.pt\/en\/news\/carlos-coelho-costa-honoured-at-the-manhattan-international-film-festival\/#primaryimage"},"thumbnailUrl":"https:\/\/ciac.pt\/wp-content\/uploads\/2024\/11\/Internacional-Film-Festival-Manhattan.jpg","keywords":["Award"],"articleSection":["News"],"inLanguage":"en-US"},{"@type":"WebPage","@id":"https:\/\/ciac.pt\/en\/news\/carlos-coelho-costa-honoured-at-the-manhattan-international-film-festival\/","url":"https:\/\/ciac.pt\/en\/news\/carlos-coelho-costa-honoured-at-the-manhattan-international-film-festival\/","name":"Carlos Coelho Costa honoured at the Manhattan International Film Festival - CIAC","isPartOf":{"@id":"https:\/\/ciac.pt\/en\/#website"},"primaryImageOfPage":{"@id":"https:\/\/ciac.pt\/en\/news\/carlos-coelho-costa-honoured-at-the-manhattan-international-film-festival\/#primaryimage"},"image":{"@id":"https:\/\/ciac.pt\/en\/news\/carlos-coelho-costa-honoured-at-the-manhattan-international-film-festival\/#primaryimage"},"thumbnailUrl":"https:\/\/ciac.pt\/wp-content\/uploads\/2024\/11\/Internacional-Film-Festival-Manhattan.jpg","datePublished":"2024-11-07T17:30:00+00:00","dateModified":"2024-12-06T16:25:48+00:00","breadcrumb":{"@id":"https:\/\/ciac.pt\/en\/news\/carlos-coelho-costa-honoured-at-the-manhattan-international-film-festival\/#breadcrumb"},"inLanguage":"en-US","potentialAction":[{"@type":"ReadAction","target":["https:\/\/ciac.pt\/en\/news\/carlos-coelho-costa-honoured-at-the-manhattan-international-film-festival\/"]}]},{"@type":"ImageObject","inLanguage":"en-US","@id":"https:\/\/ciac.pt\/en\/news\/carlos-coelho-costa-honoured-at-the-manhattan-international-film-festival\/#primaryimage","url":"https:\/\/ciac.pt\/wp-content\/uploads\/2024\/11\/Internacional-Film-Festival-Manhattan.jpg","contentUrl":"https:\/\/ciac.pt\/wp-content\/uploads\/2024\/11\/Internacional-Film-Festival-Manhattan.jpg"},{"@type":"BreadcrumbList","@id":"https:\/\/ciac.pt\/en\/news\/carlos-coelho-costa-honoured-at-the-manhattan-international-film-festival\/#breadcrumb","itemListElement":[{"@type":"ListItem","position":1,"name":"In\u00edcio","item":"https:\/\/ciac.pt\/en\/"},{"@type":"ListItem","position":2,"name":"Carlos Coelho Costa honoured at the Manhattan International Film Festival"}]},{"@type":"WebSite","@id":"https:\/\/ciac.pt\/en\/#website","url":"https:\/\/ciac.pt\/en\/","name":"CIAC","description":"Centro de Investiga\u00e7\u00e3o em Artes e Comunica\u00e7\u00e3o","publisher":{"@id":"https:\/\/ciac.pt\/en\/#organization"},"potentialAction":[{"@type":"SearchAction","target":{"@type":"EntryPoint","urlTemplate":"https:\/\/ciac.pt\/en\/?s={search_term_string}"},"query-input":{"@type":"PropertyValueSpecification","valueRequired":true,"valueName":"search_term_string"}}],"inLanguage":"en-US"},{"@type":"Organization","@id":"https:\/\/ciac.pt\/en\/#organization","name":"CIAC","url":"https:\/\/ciac.pt\/en\/","logo":{"@type":"ImageObject","inLanguage":"en-US","@id":"https:\/\/ciac.pt\/en\/#\/schema\/logo\/image\/","url":"https:\/\/ciac.pt\/wp-content\/uploads\/2022\/06\/logo.svg","contentUrl":"https:\/\/ciac.pt\/wp-content\/uploads\/2022\/06\/logo.svg","width":184,"height":51,"caption":"CIAC"},"image":{"@id":"https:\/\/ciac.pt\/en\/#\/schema\/logo\/image\/"}},{"@type":"Person","@id":"https:\/\/ciac.pt\/en\/#\/schema\/person\/9c77bada9bcc70961fd0ee149ad39064","name":"editor2","image":{"@type":"ImageObject","inLanguage":"en-US","@id":"https:\/\/secure.gravatar.com\/avatar\/?s=96&d=mm&r=g","url":"https:\/\/secure.gravatar.com\/avatar\/?s=96&d=mm&r=g","contentUrl":"https:\/\/secure.gravatar.com\/avatar\/?s=96&d=mm&r=g","caption":"editor2"},"url":"https:\/\/ciac.pt\/en\/author\/editor2\/"}]}},"author_meta":{"display_name":"editor2","author_link":"https:\/\/ciac.pt\/en\/author\/editor2\/"},"featured_img":"https:\/\/ciac.pt\/wp-content\/uploads\/2024\/11\/Internacional-Film-Festival-Manhattan.jpg","coauthors":[],"tax_additional":{"categories":{"linked":["<a href=\"https:\/\/ciac.pt\/en\/.\/news\/\" class=\"advgb-post-tax-term\">News<\/a>"],"unlinked":["<span class=\"advgb-post-tax-term\">News<\/span>"]},"tags":{"linked":["<a href=\"https:\/\/ciac.pt\/en\/.\/news\/\" class=\"advgb-post-tax-term\">Award<\/a>"],"unlinked":["<span class=\"advgb-post-tax-term\">Award<\/span>"]}},"comment_count":0,"relative_dates":{"created":"Posted 1 year ago","modified":"Updated 1 year ago"},"absolute_dates":{"created":"Posted on 07\/11\/2024","modified":"Updated on 06\/12\/2024"},"absolute_dates_time":{"created":"Posted on 07\/11\/2024 17:30","modified":"Updated on 06\/12\/2024 16:25"},"featured_img_caption":"","series_order":"","_links":{"self":[{"href":"https:\/\/ciac.pt\/en\/wp-json\/wp\/v2\/posts\/10054","targetHints":{"allow":["GET"]}}],"collection":[{"href":"https:\/\/ciac.pt\/en\/wp-json\/wp\/v2\/posts"}],"about":[{"href":"https:\/\/ciac.pt\/en\/wp-json\/wp\/v2\/types\/post"}],"author":[{"embeddable":true,"href":"https:\/\/ciac.pt\/en\/wp-json\/wp\/v2\/users\/4"}],"replies":[{"embeddable":true,"href":"https:\/\/ciac.pt\/en\/wp-json\/wp\/v2\/comments?post=10054"}],"version-history":[{"count":2,"href":"https:\/\/ciac.pt\/en\/wp-json\/wp\/v2\/posts\/10054\/revisions"}],"predecessor-version":[{"id":10316,"href":"https:\/\/ciac.pt\/en\/wp-json\/wp\/v2\/posts\/10054\/revisions\/10316"}],"wp:featuredmedia":[{"embeddable":true,"href":"https:\/\/ciac.pt\/en\/wp-json\/wp\/v2\/media\/9782"}],"wp:attachment":[{"href":"https:\/\/ciac.pt\/en\/wp-json\/wp\/v2\/media?parent=10054"}],"wp:term":[{"taxonomy":"category","embeddable":true,"href":"https:\/\/ciac.pt\/en\/wp-json\/wp\/v2\/categories?post=10054"},{"taxonomy":"post_tag","embeddable":true,"href":"https:\/\/ciac.pt\/en\/wp-json\/wp\/v2\/tags?post=10054"}],"curies":[{"name":"wp","href":"https:\/\/api.w.org\/{rel}","templated":true}]}}