{"id":10169,"date":"2024-11-05T14:00:00","date_gmt":"2024-11-05T14:00:00","guid":{"rendered":"https:\/\/ciac.pt\/?p=10169"},"modified":"2024-12-06T15:40:38","modified_gmt":"2024-12-06T15:40:38","slug":"ciac-researcher-attended-the-2nd-world-congress-on-facial-expression-of-emotion","status":"publish","type":"post","link":"https:\/\/ciac.pt\/en\/news\/ciac-researcher-attended-the-2nd-world-congress-on-facial-expression-of-emotion\/","title":{"rendered":"CIAC researcher attended the &#8220;2nd World Congress on Facial Expression of Emotion&#8221;"},"content":{"rendered":"\n<div class=\"wp-block-group alignwide\"><div class=\"wp-block-group__inner-container is-layout-constrained wp-block-group-is-layout-constrained\">\n\n\n\n\n<figure class=\"wp-block-image size-full is-resized\"><a href=\"https:\/\/ciac.pt\/wp-content\/uploads\/2024\/11\/Carlos-Coelho-Costa.png\"><img decoding=\"async\" data-src=\"https:\/\/ciac.pt\/wp-content\/uploads\/2024\/11\/Carlos-Coelho-Costa.png\" alt=\"\" class=\"wp-image-9783 lazyload\" style=\"--smush-placeholder-width: 1620px; --smush-placeholder-aspect-ratio: 1620\/1215;width:auto;height:300px\" src=\"data:image\/svg+xml;base64,PHN2ZyB3aWR0aD0iMSIgaGVpZ2h0PSIxIiB4bWxucz0iaHR0cDovL3d3dy53My5vcmcvMjAwMC9zdmciPjwvc3ZnPg==\" \/><\/a><\/figure>\n\n\n<h1 class=\"wp-block-post-title\">CIAC researcher attended the &#8220;2nd World Congress on Facial Expression of Emotion&#8221;<\/h1>\n\n<div class=\"wp-block-post-date has-text-color has-cyan-bluish-gray-color\"><time datetime=\"2024-11-05T14:00:00+00:00\">05\/11\/2024<\/time><\/div>\n\n\n<hr class=\"wp-block-separator has-text-color has-white-color has-alpha-channel-opacity has-white-background-color has-background\"\/>\n\n\n\n<p>Carlos Coelho Costa, a researcher at CIAC, attended the World Congress on Facial Expression of Emotion (WCFEE) from October 10th to 12th at Fernando Pessoa University.<\/p>\n\n\n\n<p>WCFEE is a scientific conference centred on the study of facial expressions and emotions. The conference aims to bring together researchers, scientists, and experts from around the world to discuss the latest research and findings in the field of facial expression of emotion. The conference covers a wide range of topics, including the psychology of facial expressions, medicine, neuroscience, computer vision, facial intelligence and artificial intelligence.<\/p>\n\n\n\n<p>More information (<a href=\"https:\/\/www.wcfee2024.pt\" data-type=\"link\" data-id=\"https:\/\/www.wcfee2024.pt\">here<\/a>).<\/p>\n\n\n\n<hr class=\"wp-block-separator alignwide has-alpha-channel-opacity is-style-wide separador-mais-info\"\/>\n\n\n<\/div><\/div>\n","protected":false},"excerpt":{"rendered":"<p>Carlos Coelho Costa, a researcher at CIAC, attended the World Congress on<\/p>\n","protected":false},"author":4,"featured_media":9786,"comment_status":"closed","ping_status":"closed","sticky":false,"template":"","format":"standard","meta":{"_eb_attr":"","inline_featured_image":false,"advgb_blocks_editor_width":"","advgb_blocks_columns_visual_guide":"","footnotes":"","_links_to":"","_links_to_target":""},"categories":[61],"tags":[139],"class_list":["post-10169","post","type-post","status-publish","format-standard","has-post-thumbnail","hentry","category-news","tag-dissemination"],"yoast_head":"<!-- This site is optimized with the Yoast SEO plugin v27.4 - https:\/\/yoast.com\/product\/yoast-seo-wordpress\/ -->\n<title>CIAC researcher attended the &quot;2nd World Congress on Facial Expression of Emotion&quot; - CIAC<\/title>\n<meta name=\"robots\" content=\"index, follow, max-snippet:-1, max-image-preview:large, max-video-preview:-1\" \/>\n<link rel=\"canonical\" href=\"https:\/\/ciac.pt\/en\/news\/ciac-researcher-attended-the-2nd-world-congress-on-facial-expression-of-emotion\/\" \/>\n<meta property=\"og:locale\" content=\"en_US\" \/>\n<meta property=\"og:type\" content=\"article\" \/>\n<meta property=\"og:title\" content=\"CIAC researcher attended the &quot;2nd World Congress on Facial Expression of Emotion&quot; - CIAC\" \/>\n<meta property=\"og:description\" content=\"Carlos Coelho Costa, a researcher at CIAC, attended the World Congress on\" \/>\n<meta property=\"og:url\" content=\"https:\/\/ciac.pt\/en\/news\/ciac-researcher-attended-the-2nd-world-congress-on-facial-expression-of-emotion\/\" \/>\n<meta property=\"og:site_name\" content=\"CIAC\" \/>\n<meta property=\"article:published_time\" content=\"2024-11-05T14:00:00+00:00\" \/>\n<meta property=\"article:modified_time\" content=\"2024-12-06T15:40:38+00:00\" \/>\n<meta property=\"og:image\" content=\"https:\/\/ciac.pt\/wp-content\/uploads\/2024\/11\/Carlos-coelho-no-WCFEE.jpg\" \/>\n\t<meta property=\"og:image:width\" content=\"1\" \/>\n\t<meta property=\"og:image:height\" content=\"1\" \/>\n\t<meta property=\"og:image:type\" content=\"image\/jpeg\" \/>\n<meta name=\"author\" content=\"editor2\" \/>\n<meta name=\"twitter:card\" content=\"summary_large_image\" \/>\n<meta name=\"twitter:label1\" content=\"Written by\" \/>\n\t<meta name=\"twitter:data1\" content=\"editor2\" \/>\n<script type=\"application\/ld+json\" class=\"yoast-schema-graph\">{\"@context\":\"https:\\\/\\\/schema.org\",\"@graph\":[{\"@type\":\"Article\",\"@id\":\"https:\\\/\\\/ciac.pt\\\/en\\\/news\\\/ciac-researcher-attended-the-2nd-world-congress-on-facial-expression-of-emotion\\\/#article\",\"isPartOf\":{\"@id\":\"https:\\\/\\\/ciac.pt\\\/en\\\/news\\\/ciac-researcher-attended-the-2nd-world-congress-on-facial-expression-of-emotion\\\/\"},\"author\":{\"name\":\"editor2\",\"@id\":\"https:\\\/\\\/ciac.pt\\\/en\\\/#\\\/schema\\\/person\\\/9c77bada9bcc70961fd0ee149ad39064\"},\"headline\":\"CIAC researcher attended the &#8220;2nd World Congress on Facial Expression of Emotion&#8221;\",\"datePublished\":\"2024-11-05T14:00:00+00:00\",\"dateModified\":\"2024-12-06T15:40:38+00:00\",\"mainEntityOfPage\":{\"@id\":\"https:\\\/\\\/ciac.pt\\\/en\\\/news\\\/ciac-researcher-attended-the-2nd-world-congress-on-facial-expression-of-emotion\\\/\"},\"wordCount\":110,\"publisher\":{\"@id\":\"https:\\\/\\\/ciac.pt\\\/en\\\/#organization\"},\"image\":{\"@id\":\"https:\\\/\\\/ciac.pt\\\/en\\\/news\\\/ciac-researcher-attended-the-2nd-world-congress-on-facial-expression-of-emotion\\\/#primaryimage\"},\"thumbnailUrl\":\"https:\\\/\\\/ciac.pt\\\/wp-content\\\/uploads\\\/2024\\\/11\\\/Carlos-coelho-no-WCFEE.jpg\",\"keywords\":[\"Dissemination\"],\"articleSection\":[\"News\"],\"inLanguage\":\"en-US\"},{\"@type\":\"WebPage\",\"@id\":\"https:\\\/\\\/ciac.pt\\\/en\\\/news\\\/ciac-researcher-attended-the-2nd-world-congress-on-facial-expression-of-emotion\\\/\",\"url\":\"https:\\\/\\\/ciac.pt\\\/en\\\/news\\\/ciac-researcher-attended-the-2nd-world-congress-on-facial-expression-of-emotion\\\/\",\"name\":\"CIAC researcher attended the \\\"2nd World Congress on Facial Expression of Emotion\\\" - CIAC\",\"isPartOf\":{\"@id\":\"https:\\\/\\\/ciac.pt\\\/en\\\/#website\"},\"primaryImageOfPage\":{\"@id\":\"https:\\\/\\\/ciac.pt\\\/en\\\/news\\\/ciac-researcher-attended-the-2nd-world-congress-on-facial-expression-of-emotion\\\/#primaryimage\"},\"image\":{\"@id\":\"https:\\\/\\\/ciac.pt\\\/en\\\/news\\\/ciac-researcher-attended-the-2nd-world-congress-on-facial-expression-of-emotion\\\/#primaryimage\"},\"thumbnailUrl\":\"https:\\\/\\\/ciac.pt\\\/wp-content\\\/uploads\\\/2024\\\/11\\\/Carlos-coelho-no-WCFEE.jpg\",\"datePublished\":\"2024-11-05T14:00:00+00:00\",\"dateModified\":\"2024-12-06T15:40:38+00:00\",\"breadcrumb\":{\"@id\":\"https:\\\/\\\/ciac.pt\\\/en\\\/news\\\/ciac-researcher-attended-the-2nd-world-congress-on-facial-expression-of-emotion\\\/#breadcrumb\"},\"inLanguage\":\"en-US\",\"potentialAction\":[{\"@type\":\"ReadAction\",\"target\":[\"https:\\\/\\\/ciac.pt\\\/en\\\/news\\\/ciac-researcher-attended-the-2nd-world-congress-on-facial-expression-of-emotion\\\/\"]}]},{\"@type\":\"ImageObject\",\"inLanguage\":\"en-US\",\"@id\":\"https:\\\/\\\/ciac.pt\\\/en\\\/news\\\/ciac-researcher-attended-the-2nd-world-congress-on-facial-expression-of-emotion\\\/#primaryimage\",\"url\":\"https:\\\/\\\/ciac.pt\\\/wp-content\\\/uploads\\\/2024\\\/11\\\/Carlos-coelho-no-WCFEE.jpg\",\"contentUrl\":\"https:\\\/\\\/ciac.pt\\\/wp-content\\\/uploads\\\/2024\\\/11\\\/Carlos-coelho-no-WCFEE.jpg\"},{\"@type\":\"BreadcrumbList\",\"@id\":\"https:\\\/\\\/ciac.pt\\\/en\\\/news\\\/ciac-researcher-attended-the-2nd-world-congress-on-facial-expression-of-emotion\\\/#breadcrumb\",\"itemListElement\":[{\"@type\":\"ListItem\",\"position\":1,\"name\":\"In\u00edcio\",\"item\":\"https:\\\/\\\/ciac.pt\\\/en\\\/\"},{\"@type\":\"ListItem\",\"position\":2,\"name\":\"CIAC researcher attended the &#8220;2nd World Congress on Facial Expression of Emotion&#8221;\"}]},{\"@type\":\"WebSite\",\"@id\":\"https:\\\/\\\/ciac.pt\\\/en\\\/#website\",\"url\":\"https:\\\/\\\/ciac.pt\\\/en\\\/\",\"name\":\"CIAC\",\"description\":\"Centro de Investiga\u00e7\u00e3o em Artes e Comunica\u00e7\u00e3o\",\"publisher\":{\"@id\":\"https:\\\/\\\/ciac.pt\\\/en\\\/#organization\"},\"potentialAction\":[{\"@type\":\"SearchAction\",\"target\":{\"@type\":\"EntryPoint\",\"urlTemplate\":\"https:\\\/\\\/ciac.pt\\\/en\\\/?s={search_term_string}\"},\"query-input\":{\"@type\":\"PropertyValueSpecification\",\"valueRequired\":true,\"valueName\":\"search_term_string\"}}],\"inLanguage\":\"en-US\"},{\"@type\":\"Organization\",\"@id\":\"https:\\\/\\\/ciac.pt\\\/en\\\/#organization\",\"name\":\"CIAC\",\"url\":\"https:\\\/\\\/ciac.pt\\\/en\\\/\",\"logo\":{\"@type\":\"ImageObject\",\"inLanguage\":\"en-US\",\"@id\":\"https:\\\/\\\/ciac.pt\\\/en\\\/#\\\/schema\\\/logo\\\/image\\\/\",\"url\":\"https:\\\/\\\/ciac.pt\\\/wp-content\\\/uploads\\\/2022\\\/06\\\/logo.svg\",\"contentUrl\":\"https:\\\/\\\/ciac.pt\\\/wp-content\\\/uploads\\\/2022\\\/06\\\/logo.svg\",\"width\":184,\"height\":51,\"caption\":\"CIAC\"},\"image\":{\"@id\":\"https:\\\/\\\/ciac.pt\\\/en\\\/#\\\/schema\\\/logo\\\/image\\\/\"}},{\"@type\":\"Person\",\"@id\":\"https:\\\/\\\/ciac.pt\\\/en\\\/#\\\/schema\\\/person\\\/9c77bada9bcc70961fd0ee149ad39064\",\"name\":\"editor2\",\"image\":{\"@type\":\"ImageObject\",\"inLanguage\":\"en-US\",\"@id\":\"https:\\\/\\\/secure.gravatar.com\\\/avatar\\\/?s=96&d=mm&r=g\",\"url\":\"https:\\\/\\\/secure.gravatar.com\\\/avatar\\\/?s=96&d=mm&r=g\",\"contentUrl\":\"https:\\\/\\\/secure.gravatar.com\\\/avatar\\\/?s=96&d=mm&r=g\",\"caption\":\"editor2\"},\"url\":\"https:\\\/\\\/ciac.pt\\\/en\\\/author\\\/editor2\\\/\"}]}<\/script>\n<!-- \/ Yoast SEO plugin. -->","yoast_head_json":{"title":"CIAC researcher attended the \"2nd World Congress on Facial Expression of Emotion\" - CIAC","robots":{"index":"index","follow":"follow","max-snippet":"max-snippet:-1","max-image-preview":"max-image-preview:large","max-video-preview":"max-video-preview:-1"},"canonical":"https:\/\/ciac.pt\/en\/news\/ciac-researcher-attended-the-2nd-world-congress-on-facial-expression-of-emotion\/","og_locale":"en_US","og_type":"article","og_title":"CIAC researcher attended the \"2nd World Congress on Facial Expression of Emotion\" - CIAC","og_description":"Carlos Coelho Costa, a researcher at CIAC, attended the World Congress on","og_url":"https:\/\/ciac.pt\/en\/news\/ciac-researcher-attended-the-2nd-world-congress-on-facial-expression-of-emotion\/","og_site_name":"CIAC","article_published_time":"2024-11-05T14:00:00+00:00","article_modified_time":"2024-12-06T15:40:38+00:00","og_image":[{"url":"https:\/\/ciac.pt\/wp-content\/uploads\/2024\/11\/Carlos-coelho-no-WCFEE.jpg","width":1,"height":1,"type":"image\/jpeg"}],"author":"editor2","twitter_card":"summary_large_image","twitter_misc":{"Written by":"editor2"},"schema":{"@context":"https:\/\/schema.org","@graph":[{"@type":"Article","@id":"https:\/\/ciac.pt\/en\/news\/ciac-researcher-attended-the-2nd-world-congress-on-facial-expression-of-emotion\/#article","isPartOf":{"@id":"https:\/\/ciac.pt\/en\/news\/ciac-researcher-attended-the-2nd-world-congress-on-facial-expression-of-emotion\/"},"author":{"name":"editor2","@id":"https:\/\/ciac.pt\/en\/#\/schema\/person\/9c77bada9bcc70961fd0ee149ad39064"},"headline":"CIAC researcher attended the &#8220;2nd World Congress on Facial Expression of Emotion&#8221;","datePublished":"2024-11-05T14:00:00+00:00","dateModified":"2024-12-06T15:40:38+00:00","mainEntityOfPage":{"@id":"https:\/\/ciac.pt\/en\/news\/ciac-researcher-attended-the-2nd-world-congress-on-facial-expression-of-emotion\/"},"wordCount":110,"publisher":{"@id":"https:\/\/ciac.pt\/en\/#organization"},"image":{"@id":"https:\/\/ciac.pt\/en\/news\/ciac-researcher-attended-the-2nd-world-congress-on-facial-expression-of-emotion\/#primaryimage"},"thumbnailUrl":"https:\/\/ciac.pt\/wp-content\/uploads\/2024\/11\/Carlos-coelho-no-WCFEE.jpg","keywords":["Dissemination"],"articleSection":["News"],"inLanguage":"en-US"},{"@type":"WebPage","@id":"https:\/\/ciac.pt\/en\/news\/ciac-researcher-attended-the-2nd-world-congress-on-facial-expression-of-emotion\/","url":"https:\/\/ciac.pt\/en\/news\/ciac-researcher-attended-the-2nd-world-congress-on-facial-expression-of-emotion\/","name":"CIAC researcher attended the \"2nd World Congress on Facial Expression of Emotion\" - CIAC","isPartOf":{"@id":"https:\/\/ciac.pt\/en\/#website"},"primaryImageOfPage":{"@id":"https:\/\/ciac.pt\/en\/news\/ciac-researcher-attended-the-2nd-world-congress-on-facial-expression-of-emotion\/#primaryimage"},"image":{"@id":"https:\/\/ciac.pt\/en\/news\/ciac-researcher-attended-the-2nd-world-congress-on-facial-expression-of-emotion\/#primaryimage"},"thumbnailUrl":"https:\/\/ciac.pt\/wp-content\/uploads\/2024\/11\/Carlos-coelho-no-WCFEE.jpg","datePublished":"2024-11-05T14:00:00+00:00","dateModified":"2024-12-06T15:40:38+00:00","breadcrumb":{"@id":"https:\/\/ciac.pt\/en\/news\/ciac-researcher-attended-the-2nd-world-congress-on-facial-expression-of-emotion\/#breadcrumb"},"inLanguage":"en-US","potentialAction":[{"@type":"ReadAction","target":["https:\/\/ciac.pt\/en\/news\/ciac-researcher-attended-the-2nd-world-congress-on-facial-expression-of-emotion\/"]}]},{"@type":"ImageObject","inLanguage":"en-US","@id":"https:\/\/ciac.pt\/en\/news\/ciac-researcher-attended-the-2nd-world-congress-on-facial-expression-of-emotion\/#primaryimage","url":"https:\/\/ciac.pt\/wp-content\/uploads\/2024\/11\/Carlos-coelho-no-WCFEE.jpg","contentUrl":"https:\/\/ciac.pt\/wp-content\/uploads\/2024\/11\/Carlos-coelho-no-WCFEE.jpg"},{"@type":"BreadcrumbList","@id":"https:\/\/ciac.pt\/en\/news\/ciac-researcher-attended-the-2nd-world-congress-on-facial-expression-of-emotion\/#breadcrumb","itemListElement":[{"@type":"ListItem","position":1,"name":"In\u00edcio","item":"https:\/\/ciac.pt\/en\/"},{"@type":"ListItem","position":2,"name":"CIAC researcher attended the &#8220;2nd World Congress on Facial Expression of Emotion&#8221;"}]},{"@type":"WebSite","@id":"https:\/\/ciac.pt\/en\/#website","url":"https:\/\/ciac.pt\/en\/","name":"CIAC","description":"Centro de Investiga\u00e7\u00e3o em Artes e Comunica\u00e7\u00e3o","publisher":{"@id":"https:\/\/ciac.pt\/en\/#organization"},"potentialAction":[{"@type":"SearchAction","target":{"@type":"EntryPoint","urlTemplate":"https:\/\/ciac.pt\/en\/?s={search_term_string}"},"query-input":{"@type":"PropertyValueSpecification","valueRequired":true,"valueName":"search_term_string"}}],"inLanguage":"en-US"},{"@type":"Organization","@id":"https:\/\/ciac.pt\/en\/#organization","name":"CIAC","url":"https:\/\/ciac.pt\/en\/","logo":{"@type":"ImageObject","inLanguage":"en-US","@id":"https:\/\/ciac.pt\/en\/#\/schema\/logo\/image\/","url":"https:\/\/ciac.pt\/wp-content\/uploads\/2022\/06\/logo.svg","contentUrl":"https:\/\/ciac.pt\/wp-content\/uploads\/2022\/06\/logo.svg","width":184,"height":51,"caption":"CIAC"},"image":{"@id":"https:\/\/ciac.pt\/en\/#\/schema\/logo\/image\/"}},{"@type":"Person","@id":"https:\/\/ciac.pt\/en\/#\/schema\/person\/9c77bada9bcc70961fd0ee149ad39064","name":"editor2","image":{"@type":"ImageObject","inLanguage":"en-US","@id":"https:\/\/secure.gravatar.com\/avatar\/?s=96&d=mm&r=g","url":"https:\/\/secure.gravatar.com\/avatar\/?s=96&d=mm&r=g","contentUrl":"https:\/\/secure.gravatar.com\/avatar\/?s=96&d=mm&r=g","caption":"editor2"},"url":"https:\/\/ciac.pt\/en\/author\/editor2\/"}]}},"author_meta":{"display_name":"editor2","author_link":"https:\/\/ciac.pt\/en\/author\/editor2\/"},"featured_img":"https:\/\/ciac.pt\/wp-content\/uploads\/2024\/11\/Carlos-coelho-no-WCFEE.jpg","coauthors":[],"tax_additional":{"categories":{"linked":["<a href=\"https:\/\/ciac.pt\/en\/.\/news\/\" class=\"advgb-post-tax-term\">News<\/a>"],"unlinked":["<span class=\"advgb-post-tax-term\">News<\/span>"]},"tags":{"linked":["<a href=\"https:\/\/ciac.pt\/en\/.\/news\/\" class=\"advgb-post-tax-term\">Dissemination<\/a>"],"unlinked":["<span class=\"advgb-post-tax-term\">Dissemination<\/span>"]}},"comment_count":0,"relative_dates":{"created":"Posted 1 year ago","modified":"Updated 1 year ago"},"absolute_dates":{"created":"Posted on 05\/11\/2024","modified":"Updated on 06\/12\/2024"},"absolute_dates_time":{"created":"Posted on 05\/11\/2024 14:00","modified":"Updated on 06\/12\/2024 15:40"},"featured_img_caption":"","series_order":"","_links":{"self":[{"href":"https:\/\/ciac.pt\/en\/wp-json\/wp\/v2\/posts\/10169","targetHints":{"allow":["GET"]}}],"collection":[{"href":"https:\/\/ciac.pt\/en\/wp-json\/wp\/v2\/posts"}],"about":[{"href":"https:\/\/ciac.pt\/en\/wp-json\/wp\/v2\/types\/post"}],"author":[{"embeddable":true,"href":"https:\/\/ciac.pt\/en\/wp-json\/wp\/v2\/users\/4"}],"replies":[{"embeddable":true,"href":"https:\/\/ciac.pt\/en\/wp-json\/wp\/v2\/comments?post=10169"}],"version-history":[{"count":3,"href":"https:\/\/ciac.pt\/en\/wp-json\/wp\/v2\/posts\/10169\/revisions"}],"predecessor-version":[{"id":10306,"href":"https:\/\/ciac.pt\/en\/wp-json\/wp\/v2\/posts\/10169\/revisions\/10306"}],"wp:featuredmedia":[{"embeddable":true,"href":"https:\/\/ciac.pt\/en\/wp-json\/wp\/v2\/media\/9786"}],"wp:attachment":[{"href":"https:\/\/ciac.pt\/en\/wp-json\/wp\/v2\/media?parent=10169"}],"wp:term":[{"taxonomy":"category","embeddable":true,"href":"https:\/\/ciac.pt\/en\/wp-json\/wp\/v2\/categories?post=10169"},{"taxonomy":"post_tag","embeddable":true,"href":"https:\/\/ciac.pt\/en\/wp-json\/wp\/v2\/tags?post=10169"}],"curies":[{"name":"wp","href":"https:\/\/api.w.org\/{rel}","templated":true}]}}