{"id":10285,"date":"2024-12-04T10:37:00","date_gmt":"2024-12-04T10:37:00","guid":{"rendered":"https:\/\/ciac.pt\/?p=10285"},"modified":"2024-12-11T16:08:24","modified_gmt":"2024-12-11T16:08:24","slug":"manuel-celio-conceicao-attends-the-annual-conference-of-the-european-language-council","status":"publish","type":"post","link":"https:\/\/ciac.pt\/en\/news\/manuel-celio-conceicao-attends-the-annual-conference-of-the-european-language-council\/","title":{"rendered":"Manuel C\u00e9lio Concei\u00e7\u00e3o attends the annual conference of the European Language Council"},"content":{"rendered":"\n<div class=\"wp-block-group alignwide\"><div class=\"wp-block-group__inner-container is-layout-constrained wp-block-group-is-layout-constrained\">\n\n\n\n\n<figure class=\"wp-block-image size-full is-resized\"><a href=\"https:\/\/ciac.pt\/wp-content\/uploads\/2024\/12\/logo.png\"><img decoding=\"async\" data-src=\"https:\/\/ciac.pt\/wp-content\/uploads\/2024\/12\/logo.png\" alt=\"\" class=\"wp-image-10244 lazyload\" style=\"--smush-placeholder-width: 200px; --smush-placeholder-aspect-ratio: 200\/240;width:auto;height:300px\" src=\"data:image\/svg+xml;base64,PHN2ZyB3aWR0aD0iMSIgaGVpZ2h0PSIxIiB4bWxucz0iaHR0cDovL3d3dy53My5vcmcvMjAwMC9zdmciPjwvc3ZnPg==\" \/><\/a><\/figure>\n\n\n<h1 class=\"wp-block-post-title\">Manuel C\u00e9lio Concei\u00e7\u00e3o attends the annual conference of the European Language Council<\/h1>\n\n<div class=\"wp-block-post-date has-text-color has-cyan-bluish-gray-color\"><time datetime=\"2024-12-04T10:37:00+00:00\">04\/12\/2024<\/time><\/div>\n\n\n<hr class=\"wp-block-separator has-text-color has-white-color has-alpha-channel-opacity has-white-background-color has-background\"\/>\n\n\n\n<p>CIAC researcher Manuel C\u00e9lio Concei\u00e7\u00e3o took part in the annual conference of the European Language Council (Conseil Europ\u00e9en des Langues\/European Language Council &#8211; CEL\/ELC), whose theme this year was &#8220;Multilingualism in Higher Education &#8211; current perspectives and emerging issues&#8221;.<\/p>\n\n\n\n<p>The 2024 CEL\/ELC Conference was held at Babe\u0219-Bolyai University (UBB) in Cluj-Napoca, Romania, on 28 and 29 November 2024. The event provided an in-depth exploration of the need to reassess the role of dominant contact languages in the multilingual landscape of internationalised higher education. It emphasised the importance of ensuring an equitable distribution of language resources among diverse student groups, taking into account linguistic, ethnic and cultural differences.<\/p>\n\n\n\n<p>More information (<a href=\"https:\/\/www.celelc.org\/2024-celec-conference-programme\/\" data-type=\"link\" data-id=\"https:\/\/www.celelc.org\/2024-celec-conference-programme\/\">here<\/a>).<\/p>\n\n\n\n<hr class=\"wp-block-separator alignwide has-alpha-channel-opacity is-style-wide separador-mais-info\"\/>\n\n\n<\/div><\/div>\n","protected":false},"excerpt":{"rendered":"<p>CIAC researcher Manuel C\u00e9lio Concei\u00e7\u00e3o took part in the annual conference of<\/p>\n","protected":false},"author":4,"featured_media":10247,"comment_status":"closed","ping_status":"closed","sticky":false,"template":"","format":"standard","meta":{"_eb_attr":"","inline_featured_image":false,"advgb_blocks_editor_width":"","advgb_blocks_columns_visual_guide":"","footnotes":"","_links_to":"","_links_to_target":""},"categories":[61],"tags":[139],"class_list":["post-10285","post","type-post","status-publish","format-standard","has-post-thumbnail","hentry","category-news","tag-dissemination"],"yoast_head":"<!-- This site is optimized with the Yoast SEO plugin v27.4 - https:\/\/yoast.com\/product\/yoast-seo-wordpress\/ -->\n<title>Manuel C\u00e9lio Concei\u00e7\u00e3o attends the annual conference of the European Language Council - CIAC<\/title>\n<meta name=\"robots\" content=\"index, follow, max-snippet:-1, max-image-preview:large, max-video-preview:-1\" \/>\n<link rel=\"canonical\" href=\"https:\/\/ciac.pt\/en\/news\/manuel-celio-conceicao-attends-the-annual-conference-of-the-european-language-council\/\" \/>\n<meta property=\"og:locale\" content=\"en_US\" \/>\n<meta property=\"og:type\" content=\"article\" \/>\n<meta property=\"og:title\" content=\"Manuel C\u00e9lio Concei\u00e7\u00e3o attends the annual conference of the European Language Council - CIAC\" \/>\n<meta property=\"og:description\" content=\"CIAC researcher Manuel C\u00e9lio Concei\u00e7\u00e3o took part in the annual conference of\" \/>\n<meta property=\"og:url\" content=\"https:\/\/ciac.pt\/en\/news\/manuel-celio-conceicao-attends-the-annual-conference-of-the-european-language-council\/\" \/>\n<meta property=\"og:site_name\" content=\"CIAC\" \/>\n<meta property=\"article:published_time\" content=\"2024-12-04T10:37:00+00:00\" \/>\n<meta property=\"article:modified_time\" content=\"2024-12-11T16:08:24+00:00\" \/>\n<meta property=\"og:image\" content=\"https:\/\/ciac.pt\/wp-content\/uploads\/2024\/12\/celelc.jpg\" \/>\n\t<meta property=\"og:image:width\" content=\"1\" \/>\n\t<meta property=\"og:image:height\" content=\"1\" \/>\n\t<meta property=\"og:image:type\" content=\"image\/jpeg\" \/>\n<meta name=\"author\" content=\"editor2\" \/>\n<meta name=\"twitter:card\" content=\"summary_large_image\" \/>\n<meta name=\"twitter:label1\" content=\"Written by\" \/>\n\t<meta name=\"twitter:data1\" content=\"editor2\" \/>\n\t<meta name=\"twitter:label2\" content=\"Est. reading time\" \/>\n\t<meta name=\"twitter:data2\" content=\"1 minute\" \/>\n<script type=\"application\/ld+json\" class=\"yoast-schema-graph\">{\"@context\":\"https:\\\/\\\/schema.org\",\"@graph\":[{\"@type\":\"Article\",\"@id\":\"https:\\\/\\\/ciac.pt\\\/en\\\/news\\\/manuel-celio-conceicao-attends-the-annual-conference-of-the-european-language-council\\\/#article\",\"isPartOf\":{\"@id\":\"https:\\\/\\\/ciac.pt\\\/en\\\/news\\\/manuel-celio-conceicao-attends-the-annual-conference-of-the-european-language-council\\\/\"},\"author\":{\"name\":\"editor2\",\"@id\":\"https:\\\/\\\/ciac.pt\\\/en\\\/#\\\/schema\\\/person\\\/9c77bada9bcc70961fd0ee149ad39064\"},\"headline\":\"Manuel C\u00e9lio Concei\u00e7\u00e3o attends the annual conference of the European Language Council\",\"datePublished\":\"2024-12-04T10:37:00+00:00\",\"dateModified\":\"2024-12-11T16:08:24+00:00\",\"mainEntityOfPage\":{\"@id\":\"https:\\\/\\\/ciac.pt\\\/en\\\/news\\\/manuel-celio-conceicao-attends-the-annual-conference-of-the-european-language-council\\\/\"},\"wordCount\":130,\"publisher\":{\"@id\":\"https:\\\/\\\/ciac.pt\\\/en\\\/#organization\"},\"image\":{\"@id\":\"https:\\\/\\\/ciac.pt\\\/en\\\/news\\\/manuel-celio-conceicao-attends-the-annual-conference-of-the-european-language-council\\\/#primaryimage\"},\"thumbnailUrl\":\"https:\\\/\\\/ciac.pt\\\/wp-content\\\/uploads\\\/2024\\\/12\\\/celelc.jpg\",\"keywords\":[\"Dissemination\"],\"articleSection\":[\"News\"],\"inLanguage\":\"en-US\"},{\"@type\":\"WebPage\",\"@id\":\"https:\\\/\\\/ciac.pt\\\/en\\\/news\\\/manuel-celio-conceicao-attends-the-annual-conference-of-the-european-language-council\\\/\",\"url\":\"https:\\\/\\\/ciac.pt\\\/en\\\/news\\\/manuel-celio-conceicao-attends-the-annual-conference-of-the-european-language-council\\\/\",\"name\":\"Manuel C\u00e9lio Concei\u00e7\u00e3o attends the annual conference of the European Language Council - CIAC\",\"isPartOf\":{\"@id\":\"https:\\\/\\\/ciac.pt\\\/en\\\/#website\"},\"primaryImageOfPage\":{\"@id\":\"https:\\\/\\\/ciac.pt\\\/en\\\/news\\\/manuel-celio-conceicao-attends-the-annual-conference-of-the-european-language-council\\\/#primaryimage\"},\"image\":{\"@id\":\"https:\\\/\\\/ciac.pt\\\/en\\\/news\\\/manuel-celio-conceicao-attends-the-annual-conference-of-the-european-language-council\\\/#primaryimage\"},\"thumbnailUrl\":\"https:\\\/\\\/ciac.pt\\\/wp-content\\\/uploads\\\/2024\\\/12\\\/celelc.jpg\",\"datePublished\":\"2024-12-04T10:37:00+00:00\",\"dateModified\":\"2024-12-11T16:08:24+00:00\",\"breadcrumb\":{\"@id\":\"https:\\\/\\\/ciac.pt\\\/en\\\/news\\\/manuel-celio-conceicao-attends-the-annual-conference-of-the-european-language-council\\\/#breadcrumb\"},\"inLanguage\":\"en-US\",\"potentialAction\":[{\"@type\":\"ReadAction\",\"target\":[\"https:\\\/\\\/ciac.pt\\\/en\\\/news\\\/manuel-celio-conceicao-attends-the-annual-conference-of-the-european-language-council\\\/\"]}]},{\"@type\":\"ImageObject\",\"inLanguage\":\"en-US\",\"@id\":\"https:\\\/\\\/ciac.pt\\\/en\\\/news\\\/manuel-celio-conceicao-attends-the-annual-conference-of-the-european-language-council\\\/#primaryimage\",\"url\":\"https:\\\/\\\/ciac.pt\\\/wp-content\\\/uploads\\\/2024\\\/12\\\/celelc.jpg\",\"contentUrl\":\"https:\\\/\\\/ciac.pt\\\/wp-content\\\/uploads\\\/2024\\\/12\\\/celelc.jpg\"},{\"@type\":\"BreadcrumbList\",\"@id\":\"https:\\\/\\\/ciac.pt\\\/en\\\/news\\\/manuel-celio-conceicao-attends-the-annual-conference-of-the-european-language-council\\\/#breadcrumb\",\"itemListElement\":[{\"@type\":\"ListItem\",\"position\":1,\"name\":\"In\u00edcio\",\"item\":\"https:\\\/\\\/ciac.pt\\\/en\\\/\"},{\"@type\":\"ListItem\",\"position\":2,\"name\":\"Manuel C\u00e9lio Concei\u00e7\u00e3o attends the annual conference of the European Language Council\"}]},{\"@type\":\"WebSite\",\"@id\":\"https:\\\/\\\/ciac.pt\\\/en\\\/#website\",\"url\":\"https:\\\/\\\/ciac.pt\\\/en\\\/\",\"name\":\"CIAC\",\"description\":\"Centro de Investiga\u00e7\u00e3o em Artes e Comunica\u00e7\u00e3o\",\"publisher\":{\"@id\":\"https:\\\/\\\/ciac.pt\\\/en\\\/#organization\"},\"potentialAction\":[{\"@type\":\"SearchAction\",\"target\":{\"@type\":\"EntryPoint\",\"urlTemplate\":\"https:\\\/\\\/ciac.pt\\\/en\\\/?s={search_term_string}\"},\"query-input\":{\"@type\":\"PropertyValueSpecification\",\"valueRequired\":true,\"valueName\":\"search_term_string\"}}],\"inLanguage\":\"en-US\"},{\"@type\":\"Organization\",\"@id\":\"https:\\\/\\\/ciac.pt\\\/en\\\/#organization\",\"name\":\"CIAC\",\"url\":\"https:\\\/\\\/ciac.pt\\\/en\\\/\",\"logo\":{\"@type\":\"ImageObject\",\"inLanguage\":\"en-US\",\"@id\":\"https:\\\/\\\/ciac.pt\\\/en\\\/#\\\/schema\\\/logo\\\/image\\\/\",\"url\":\"https:\\\/\\\/ciac.pt\\\/wp-content\\\/uploads\\\/2022\\\/06\\\/logo.svg\",\"contentUrl\":\"https:\\\/\\\/ciac.pt\\\/wp-content\\\/uploads\\\/2022\\\/06\\\/logo.svg\",\"width\":184,\"height\":51,\"caption\":\"CIAC\"},\"image\":{\"@id\":\"https:\\\/\\\/ciac.pt\\\/en\\\/#\\\/schema\\\/logo\\\/image\\\/\"}},{\"@type\":\"Person\",\"@id\":\"https:\\\/\\\/ciac.pt\\\/en\\\/#\\\/schema\\\/person\\\/9c77bada9bcc70961fd0ee149ad39064\",\"name\":\"editor2\",\"image\":{\"@type\":\"ImageObject\",\"inLanguage\":\"en-US\",\"@id\":\"https:\\\/\\\/secure.gravatar.com\\\/avatar\\\/?s=96&d=mm&r=g\",\"url\":\"https:\\\/\\\/secure.gravatar.com\\\/avatar\\\/?s=96&d=mm&r=g\",\"contentUrl\":\"https:\\\/\\\/secure.gravatar.com\\\/avatar\\\/?s=96&d=mm&r=g\",\"caption\":\"editor2\"},\"url\":\"https:\\\/\\\/ciac.pt\\\/en\\\/author\\\/editor2\\\/\"}]}<\/script>\n<!-- \/ Yoast SEO plugin. -->","yoast_head_json":{"title":"Manuel C\u00e9lio Concei\u00e7\u00e3o attends the annual conference of the European Language Council - CIAC","robots":{"index":"index","follow":"follow","max-snippet":"max-snippet:-1","max-image-preview":"max-image-preview:large","max-video-preview":"max-video-preview:-1"},"canonical":"https:\/\/ciac.pt\/en\/news\/manuel-celio-conceicao-attends-the-annual-conference-of-the-european-language-council\/","og_locale":"en_US","og_type":"article","og_title":"Manuel C\u00e9lio Concei\u00e7\u00e3o attends the annual conference of the European Language Council - CIAC","og_description":"CIAC researcher Manuel C\u00e9lio Concei\u00e7\u00e3o took part in the annual conference of","og_url":"https:\/\/ciac.pt\/en\/news\/manuel-celio-conceicao-attends-the-annual-conference-of-the-european-language-council\/","og_site_name":"CIAC","article_published_time":"2024-12-04T10:37:00+00:00","article_modified_time":"2024-12-11T16:08:24+00:00","og_image":[{"url":"https:\/\/ciac.pt\/wp-content\/uploads\/2024\/12\/celelc.jpg","width":1,"height":1,"type":"image\/jpeg"}],"author":"editor2","twitter_card":"summary_large_image","twitter_misc":{"Written by":"editor2","Est. reading time":"1 minute"},"schema":{"@context":"https:\/\/schema.org","@graph":[{"@type":"Article","@id":"https:\/\/ciac.pt\/en\/news\/manuel-celio-conceicao-attends-the-annual-conference-of-the-european-language-council\/#article","isPartOf":{"@id":"https:\/\/ciac.pt\/en\/news\/manuel-celio-conceicao-attends-the-annual-conference-of-the-european-language-council\/"},"author":{"name":"editor2","@id":"https:\/\/ciac.pt\/en\/#\/schema\/person\/9c77bada9bcc70961fd0ee149ad39064"},"headline":"Manuel C\u00e9lio Concei\u00e7\u00e3o attends the annual conference of the European Language Council","datePublished":"2024-12-04T10:37:00+00:00","dateModified":"2024-12-11T16:08:24+00:00","mainEntityOfPage":{"@id":"https:\/\/ciac.pt\/en\/news\/manuel-celio-conceicao-attends-the-annual-conference-of-the-european-language-council\/"},"wordCount":130,"publisher":{"@id":"https:\/\/ciac.pt\/en\/#organization"},"image":{"@id":"https:\/\/ciac.pt\/en\/news\/manuel-celio-conceicao-attends-the-annual-conference-of-the-european-language-council\/#primaryimage"},"thumbnailUrl":"https:\/\/ciac.pt\/wp-content\/uploads\/2024\/12\/celelc.jpg","keywords":["Dissemination"],"articleSection":["News"],"inLanguage":"en-US"},{"@type":"WebPage","@id":"https:\/\/ciac.pt\/en\/news\/manuel-celio-conceicao-attends-the-annual-conference-of-the-european-language-council\/","url":"https:\/\/ciac.pt\/en\/news\/manuel-celio-conceicao-attends-the-annual-conference-of-the-european-language-council\/","name":"Manuel C\u00e9lio Concei\u00e7\u00e3o attends the annual conference of the European Language Council - CIAC","isPartOf":{"@id":"https:\/\/ciac.pt\/en\/#website"},"primaryImageOfPage":{"@id":"https:\/\/ciac.pt\/en\/news\/manuel-celio-conceicao-attends-the-annual-conference-of-the-european-language-council\/#primaryimage"},"image":{"@id":"https:\/\/ciac.pt\/en\/news\/manuel-celio-conceicao-attends-the-annual-conference-of-the-european-language-council\/#primaryimage"},"thumbnailUrl":"https:\/\/ciac.pt\/wp-content\/uploads\/2024\/12\/celelc.jpg","datePublished":"2024-12-04T10:37:00+00:00","dateModified":"2024-12-11T16:08:24+00:00","breadcrumb":{"@id":"https:\/\/ciac.pt\/en\/news\/manuel-celio-conceicao-attends-the-annual-conference-of-the-european-language-council\/#breadcrumb"},"inLanguage":"en-US","potentialAction":[{"@type":"ReadAction","target":["https:\/\/ciac.pt\/en\/news\/manuel-celio-conceicao-attends-the-annual-conference-of-the-european-language-council\/"]}]},{"@type":"ImageObject","inLanguage":"en-US","@id":"https:\/\/ciac.pt\/en\/news\/manuel-celio-conceicao-attends-the-annual-conference-of-the-european-language-council\/#primaryimage","url":"https:\/\/ciac.pt\/wp-content\/uploads\/2024\/12\/celelc.jpg","contentUrl":"https:\/\/ciac.pt\/wp-content\/uploads\/2024\/12\/celelc.jpg"},{"@type":"BreadcrumbList","@id":"https:\/\/ciac.pt\/en\/news\/manuel-celio-conceicao-attends-the-annual-conference-of-the-european-language-council\/#breadcrumb","itemListElement":[{"@type":"ListItem","position":1,"name":"In\u00edcio","item":"https:\/\/ciac.pt\/en\/"},{"@type":"ListItem","position":2,"name":"Manuel C\u00e9lio Concei\u00e7\u00e3o attends the annual conference of the European Language Council"}]},{"@type":"WebSite","@id":"https:\/\/ciac.pt\/en\/#website","url":"https:\/\/ciac.pt\/en\/","name":"CIAC","description":"Centro de Investiga\u00e7\u00e3o em Artes e Comunica\u00e7\u00e3o","publisher":{"@id":"https:\/\/ciac.pt\/en\/#organization"},"potentialAction":[{"@type":"SearchAction","target":{"@type":"EntryPoint","urlTemplate":"https:\/\/ciac.pt\/en\/?s={search_term_string}"},"query-input":{"@type":"PropertyValueSpecification","valueRequired":true,"valueName":"search_term_string"}}],"inLanguage":"en-US"},{"@type":"Organization","@id":"https:\/\/ciac.pt\/en\/#organization","name":"CIAC","url":"https:\/\/ciac.pt\/en\/","logo":{"@type":"ImageObject","inLanguage":"en-US","@id":"https:\/\/ciac.pt\/en\/#\/schema\/logo\/image\/","url":"https:\/\/ciac.pt\/wp-content\/uploads\/2022\/06\/logo.svg","contentUrl":"https:\/\/ciac.pt\/wp-content\/uploads\/2022\/06\/logo.svg","width":184,"height":51,"caption":"CIAC"},"image":{"@id":"https:\/\/ciac.pt\/en\/#\/schema\/logo\/image\/"}},{"@type":"Person","@id":"https:\/\/ciac.pt\/en\/#\/schema\/person\/9c77bada9bcc70961fd0ee149ad39064","name":"editor2","image":{"@type":"ImageObject","inLanguage":"en-US","@id":"https:\/\/secure.gravatar.com\/avatar\/?s=96&d=mm&r=g","url":"https:\/\/secure.gravatar.com\/avatar\/?s=96&d=mm&r=g","contentUrl":"https:\/\/secure.gravatar.com\/avatar\/?s=96&d=mm&r=g","caption":"editor2"},"url":"https:\/\/ciac.pt\/en\/author\/editor2\/"}]}},"author_meta":{"display_name":"editor2","author_link":"https:\/\/ciac.pt\/en\/author\/editor2\/"},"featured_img":"https:\/\/ciac.pt\/wp-content\/uploads\/2024\/12\/celelc.jpg","coauthors":[],"tax_additional":{"categories":{"linked":["<a href=\"https:\/\/ciac.pt\/en\/.\/news\/\" class=\"advgb-post-tax-term\">News<\/a>"],"unlinked":["<span class=\"advgb-post-tax-term\">News<\/span>"]},"tags":{"linked":["<a href=\"https:\/\/ciac.pt\/en\/.\/news\/\" class=\"advgb-post-tax-term\">Dissemination<\/a>"],"unlinked":["<span class=\"advgb-post-tax-term\">Dissemination<\/span>"]}},"comment_count":0,"relative_dates":{"created":"Posted 1 year ago","modified":"Updated 1 year ago"},"absolute_dates":{"created":"Posted on 04\/12\/2024","modified":"Updated on 11\/12\/2024"},"absolute_dates_time":{"created":"Posted on 04\/12\/2024 10:37","modified":"Updated on 11\/12\/2024 16:08"},"featured_img_caption":"","series_order":"","_links":{"self":[{"href":"https:\/\/ciac.pt\/en\/wp-json\/wp\/v2\/posts\/10285","targetHints":{"allow":["GET"]}}],"collection":[{"href":"https:\/\/ciac.pt\/en\/wp-json\/wp\/v2\/posts"}],"about":[{"href":"https:\/\/ciac.pt\/en\/wp-json\/wp\/v2\/types\/post"}],"author":[{"embeddable":true,"href":"https:\/\/ciac.pt\/en\/wp-json\/wp\/v2\/users\/4"}],"replies":[{"embeddable":true,"href":"https:\/\/ciac.pt\/en\/wp-json\/wp\/v2\/comments?post=10285"}],"version-history":[{"count":2,"href":"https:\/\/ciac.pt\/en\/wp-json\/wp\/v2\/posts\/10285\/revisions"}],"predecessor-version":[{"id":10368,"href":"https:\/\/ciac.pt\/en\/wp-json\/wp\/v2\/posts\/10285\/revisions\/10368"}],"wp:featuredmedia":[{"embeddable":true,"href":"https:\/\/ciac.pt\/en\/wp-json\/wp\/v2\/media\/10247"}],"wp:attachment":[{"href":"https:\/\/ciac.pt\/en\/wp-json\/wp\/v2\/media?parent=10285"}],"wp:term":[{"taxonomy":"category","embeddable":true,"href":"https:\/\/ciac.pt\/en\/wp-json\/wp\/v2\/categories?post=10285"},{"taxonomy":"post_tag","embeddable":true,"href":"https:\/\/ciac.pt\/en\/wp-json\/wp\/v2\/tags?post=10285"}],"curies":[{"name":"wp","href":"https:\/\/api.w.org\/{rel}","templated":true}]}}