{"id":10331,"date":"2024-12-06T16:50:04","date_gmt":"2024-12-06T16:50:04","guid":{"rendered":"https:\/\/ciac.pt\/?p=10331"},"modified":"2024-12-11T16:50:54","modified_gmt":"2024-12-11T16:50:54","slug":"manuel-celio-conceicao-is-editor-of-the-european-journal-of-language-policy","status":"publish","type":"post","link":"https:\/\/ciac.pt\/en\/news\/manuel-celio-conceicao-is-editor-of-the-european-journal-of-language-policy\/","title":{"rendered":"Manuel C\u00e9lio Concei\u00e7\u00e3o is editor of the European Journal of Language Policy"},"content":{"rendered":"\n<div class=\"wp-block-group alignwide\"><div class=\"wp-block-group__inner-container is-layout-constrained wp-block-group-is-layout-constrained\">\n\n\n\n\n<figure class=\"wp-block-image size-full is-resized\"><a href=\"https:\/\/ciac.pt\/wp-content\/uploads\/2024\/12\/cover-image-European-Journal-of-Language-Policy.png\"><img decoding=\"async\" data-src=\"https:\/\/ciac.pt\/wp-content\/uploads\/2024\/12\/cover-image-European-Journal-of-Language-Policy.png\" alt=\"\" class=\"wp-image-10262 lazyload\" style=\"--smush-placeholder-width: 1371px; --smush-placeholder-aspect-ratio: 1371\/1938;width:auto;height:300px\" src=\"data:image\/svg+xml;base64,PHN2ZyB3aWR0aD0iMSIgaGVpZ2h0PSIxIiB4bWxucz0iaHR0cDovL3d3dy53My5vcmcvMjAwMC9zdmciPjwvc3ZnPg==\" \/><\/a><\/figure>\n\n\n<h1 class=\"wp-block-post-title\">Manuel C\u00e9lio Concei\u00e7\u00e3o is editor of the European Journal of Language Policy<\/h1>\n\n<div class=\"wp-block-post-date has-text-color has-cyan-bluish-gray-color\"><time datetime=\"2024-12-06T16:50:04+00:00\">06\/12\/2024<\/time><\/div>\n\n\n<hr class=\"wp-block-separator has-text-color has-white-color has-alpha-channel-opacity has-white-background-color has-background\"\/>\n\n\n\n<p>Manuel C\u00e9lio Concei\u00e7\u00e3o, researcher at CIAC, is the editor of the new issue of the European Journal of Language Policy, published by Liverpool Univeristy Press.<\/p>\n\n\n\n<p>This issue includes three articles offering diverse perspectives on language policy and its impact on different regions and institutions. Each contribution offers a deep dive into the specific linguistic and political challenges of the respective context.<\/p>\n\n\n\n<p>The first article, by Frances Junnier \u2014 &#8220;English as a lingua franca discourse in European Union higher education and research policy&#8221; \u2014 explores the prominence of English in Europe. Using critical discourse analysis to study a corpus of European documents, the author analyses the implications of English as a contact language in education and research contexts, serving (or not) as a transitional language in the midst of the continent&#8217;s linguistic diversity.<\/p>\n\n\n\n<p>The second article, by Aman Abasilov and Bijomart Kapalbek \u2014 &#8220;Linguistic dynamics and language policy in Kazakhstan: challenges and future prospects&#8221; \u2014 examines the intricate linguistic dynamics in Kazakhstan, giving an idea of the linguistic changes during the independence period and evaluating language policy and its prospects in the current phase, in order to show the different phases of the formation of Kazakh linguistic identity. The study provides an overview of how Kazakhstan manages its bilingual and multilingual realities, reflecting on the wider implications for national identity and cultural preservation in a post-Soviet landscape.<\/p>\n\n\n\n<p>\u2018\u2018I don&#8217;t speak correctly\u2019: linguistic attitudes of Galician speakers in Costa da Morte&#8221;, by Ewa Urbaniak, is the third text, which analyses the linguistic realities of a unique region in Spain. This article examines the socio-cultural context of the Galician language, describing the negative attitudes towards the non-standardised version of Galician. It explores how these attitudes are shaped by the emergence of a prestigious standardised version of the language, rather than by the influence of Spanish.<\/p>\n\n\n\n<p>The issue also features three essays. Among them, &#8220;Languages and language policies within European university alliances&#8221;, by Manuel C\u00e9lio Concei\u00e7\u00e3o.<\/p>\n\n\n\n<p>The journal is open access and can be found (<a href=\"https:\/\/www.liverpooluniversitypress.co.uk\/toc\/ejlp\/16\/2\" data-type=\"link\" data-id=\"https:\/\/www.liverpooluniversitypress.co.uk\/toc\/ejlp\/16\/2\">here<\/a>).<\/p>\n\n\n\n<hr class=\"wp-block-separator alignwide has-alpha-channel-opacity is-style-wide separador-mais-info\"\/>\n\n\n<\/div><\/div>\n","protected":false},"excerpt":{"rendered":"<p>Manuel C\u00e9lio Concei\u00e7\u00e3o, researcher at CIAC, is the editor of the new<\/p>\n","protected":false},"author":4,"featured_media":10265,"comment_status":"closed","ping_status":"closed","sticky":false,"template":"","format":"standard","meta":{"_eb_attr":"","inline_featured_image":false,"advgb_blocks_editor_width":"","advgb_blocks_columns_visual_guide":"","footnotes":"","_links_to":"","_links_to_target":""},"categories":[61],"tags":[139],"class_list":["post-10331","post","type-post","status-publish","format-standard","has-post-thumbnail","hentry","category-news","tag-dissemination"],"yoast_head":"<!-- This site is optimized with the Yoast SEO plugin v27.4 - https:\/\/yoast.com\/product\/yoast-seo-wordpress\/ -->\n<title>Manuel C\u00e9lio Concei\u00e7\u00e3o is editor of the European Journal of Language Policy - CIAC<\/title>\n<meta name=\"robots\" content=\"index, follow, max-snippet:-1, max-image-preview:large, max-video-preview:-1\" \/>\n<link rel=\"canonical\" href=\"https:\/\/ciac.pt\/en\/news\/manuel-celio-conceicao-is-editor-of-the-european-journal-of-language-policy\/\" \/>\n<meta property=\"og:locale\" content=\"en_US\" \/>\n<meta property=\"og:type\" content=\"article\" \/>\n<meta property=\"og:title\" content=\"Manuel C\u00e9lio Concei\u00e7\u00e3o is editor of the European Journal of Language Policy - CIAC\" \/>\n<meta property=\"og:description\" content=\"Manuel C\u00e9lio Concei\u00e7\u00e3o, researcher at CIAC, is the editor of the new\" \/>\n<meta property=\"og:url\" content=\"https:\/\/ciac.pt\/en\/news\/manuel-celio-conceicao-is-editor-of-the-european-journal-of-language-policy\/\" \/>\n<meta property=\"og:site_name\" content=\"CIAC\" \/>\n<meta property=\"article:published_time\" content=\"2024-12-06T16:50:04+00:00\" \/>\n<meta property=\"article:modified_time\" content=\"2024-12-11T16:50:54+00:00\" \/>\n<meta property=\"og:image\" content=\"https:\/\/ciac.pt\/wp-content\/uploads\/2024\/12\/European-Journal-of-Language-Policy.jpg\" \/>\n\t<meta property=\"og:image:width\" content=\"1\" \/>\n\t<meta property=\"og:image:height\" content=\"1\" \/>\n\t<meta property=\"og:image:type\" content=\"image\/jpeg\" \/>\n<meta name=\"author\" content=\"editor2\" \/>\n<meta name=\"twitter:card\" content=\"summary_large_image\" \/>\n<meta name=\"twitter:label1\" content=\"Written by\" \/>\n\t<meta name=\"twitter:data1\" content=\"editor2\" \/>\n\t<meta name=\"twitter:label2\" content=\"Est. reading time\" \/>\n\t<meta name=\"twitter:data2\" content=\"2 minutes\" \/>\n<script type=\"application\/ld+json\" class=\"yoast-schema-graph\">{\"@context\":\"https:\\\/\\\/schema.org\",\"@graph\":[{\"@type\":\"Article\",\"@id\":\"https:\\\/\\\/ciac.pt\\\/en\\\/news\\\/manuel-celio-conceicao-is-editor-of-the-european-journal-of-language-policy\\\/#article\",\"isPartOf\":{\"@id\":\"https:\\\/\\\/ciac.pt\\\/en\\\/news\\\/manuel-celio-conceicao-is-editor-of-the-european-journal-of-language-policy\\\/\"},\"author\":{\"name\":\"editor2\",\"@id\":\"https:\\\/\\\/ciac.pt\\\/en\\\/#\\\/schema\\\/person\\\/9c77bada9bcc70961fd0ee149ad39064\"},\"headline\":\"Manuel C\u00e9lio Concei\u00e7\u00e3o is editor of the European Journal of Language Policy\",\"datePublished\":\"2024-12-06T16:50:04+00:00\",\"dateModified\":\"2024-12-11T16:50:54+00:00\",\"mainEntityOfPage\":{\"@id\":\"https:\\\/\\\/ciac.pt\\\/en\\\/news\\\/manuel-celio-conceicao-is-editor-of-the-european-journal-of-language-policy\\\/\"},\"wordCount\":349,\"publisher\":{\"@id\":\"https:\\\/\\\/ciac.pt\\\/en\\\/#organization\"},\"image\":{\"@id\":\"https:\\\/\\\/ciac.pt\\\/en\\\/news\\\/manuel-celio-conceicao-is-editor-of-the-european-journal-of-language-policy\\\/#primaryimage\"},\"thumbnailUrl\":\"https:\\\/\\\/ciac.pt\\\/wp-content\\\/uploads\\\/2024\\\/12\\\/European-Journal-of-Language-Policy.jpg\",\"keywords\":[\"Dissemination\"],\"articleSection\":[\"News\"],\"inLanguage\":\"en-US\"},{\"@type\":\"WebPage\",\"@id\":\"https:\\\/\\\/ciac.pt\\\/en\\\/news\\\/manuel-celio-conceicao-is-editor-of-the-european-journal-of-language-policy\\\/\",\"url\":\"https:\\\/\\\/ciac.pt\\\/en\\\/news\\\/manuel-celio-conceicao-is-editor-of-the-european-journal-of-language-policy\\\/\",\"name\":\"Manuel C\u00e9lio Concei\u00e7\u00e3o is editor of the European Journal of Language Policy - CIAC\",\"isPartOf\":{\"@id\":\"https:\\\/\\\/ciac.pt\\\/en\\\/#website\"},\"primaryImageOfPage\":{\"@id\":\"https:\\\/\\\/ciac.pt\\\/en\\\/news\\\/manuel-celio-conceicao-is-editor-of-the-european-journal-of-language-policy\\\/#primaryimage\"},\"image\":{\"@id\":\"https:\\\/\\\/ciac.pt\\\/en\\\/news\\\/manuel-celio-conceicao-is-editor-of-the-european-journal-of-language-policy\\\/#primaryimage\"},\"thumbnailUrl\":\"https:\\\/\\\/ciac.pt\\\/wp-content\\\/uploads\\\/2024\\\/12\\\/European-Journal-of-Language-Policy.jpg\",\"datePublished\":\"2024-12-06T16:50:04+00:00\",\"dateModified\":\"2024-12-11T16:50:54+00:00\",\"breadcrumb\":{\"@id\":\"https:\\\/\\\/ciac.pt\\\/en\\\/news\\\/manuel-celio-conceicao-is-editor-of-the-european-journal-of-language-policy\\\/#breadcrumb\"},\"inLanguage\":\"en-US\",\"potentialAction\":[{\"@type\":\"ReadAction\",\"target\":[\"https:\\\/\\\/ciac.pt\\\/en\\\/news\\\/manuel-celio-conceicao-is-editor-of-the-european-journal-of-language-policy\\\/\"]}]},{\"@type\":\"ImageObject\",\"inLanguage\":\"en-US\",\"@id\":\"https:\\\/\\\/ciac.pt\\\/en\\\/news\\\/manuel-celio-conceicao-is-editor-of-the-european-journal-of-language-policy\\\/#primaryimage\",\"url\":\"https:\\\/\\\/ciac.pt\\\/wp-content\\\/uploads\\\/2024\\\/12\\\/European-Journal-of-Language-Policy.jpg\",\"contentUrl\":\"https:\\\/\\\/ciac.pt\\\/wp-content\\\/uploads\\\/2024\\\/12\\\/European-Journal-of-Language-Policy.jpg\"},{\"@type\":\"BreadcrumbList\",\"@id\":\"https:\\\/\\\/ciac.pt\\\/en\\\/news\\\/manuel-celio-conceicao-is-editor-of-the-european-journal-of-language-policy\\\/#breadcrumb\",\"itemListElement\":[{\"@type\":\"ListItem\",\"position\":1,\"name\":\"In\u00edcio\",\"item\":\"https:\\\/\\\/ciac.pt\\\/en\\\/\"},{\"@type\":\"ListItem\",\"position\":2,\"name\":\"Manuel C\u00e9lio Concei\u00e7\u00e3o is editor of the European Journal of Language Policy\"}]},{\"@type\":\"WebSite\",\"@id\":\"https:\\\/\\\/ciac.pt\\\/en\\\/#website\",\"url\":\"https:\\\/\\\/ciac.pt\\\/en\\\/\",\"name\":\"CIAC\",\"description\":\"Centro de Investiga\u00e7\u00e3o em Artes e Comunica\u00e7\u00e3o\",\"publisher\":{\"@id\":\"https:\\\/\\\/ciac.pt\\\/en\\\/#organization\"},\"potentialAction\":[{\"@type\":\"SearchAction\",\"target\":{\"@type\":\"EntryPoint\",\"urlTemplate\":\"https:\\\/\\\/ciac.pt\\\/en\\\/?s={search_term_string}\"},\"query-input\":{\"@type\":\"PropertyValueSpecification\",\"valueRequired\":true,\"valueName\":\"search_term_string\"}}],\"inLanguage\":\"en-US\"},{\"@type\":\"Organization\",\"@id\":\"https:\\\/\\\/ciac.pt\\\/en\\\/#organization\",\"name\":\"CIAC\",\"url\":\"https:\\\/\\\/ciac.pt\\\/en\\\/\",\"logo\":{\"@type\":\"ImageObject\",\"inLanguage\":\"en-US\",\"@id\":\"https:\\\/\\\/ciac.pt\\\/en\\\/#\\\/schema\\\/logo\\\/image\\\/\",\"url\":\"https:\\\/\\\/ciac.pt\\\/wp-content\\\/uploads\\\/2022\\\/06\\\/logo.svg\",\"contentUrl\":\"https:\\\/\\\/ciac.pt\\\/wp-content\\\/uploads\\\/2022\\\/06\\\/logo.svg\",\"width\":184,\"height\":51,\"caption\":\"CIAC\"},\"image\":{\"@id\":\"https:\\\/\\\/ciac.pt\\\/en\\\/#\\\/schema\\\/logo\\\/image\\\/\"}},{\"@type\":\"Person\",\"@id\":\"https:\\\/\\\/ciac.pt\\\/en\\\/#\\\/schema\\\/person\\\/9c77bada9bcc70961fd0ee149ad39064\",\"name\":\"editor2\",\"image\":{\"@type\":\"ImageObject\",\"inLanguage\":\"en-US\",\"@id\":\"https:\\\/\\\/secure.gravatar.com\\\/avatar\\\/?s=96&d=mm&r=g\",\"url\":\"https:\\\/\\\/secure.gravatar.com\\\/avatar\\\/?s=96&d=mm&r=g\",\"contentUrl\":\"https:\\\/\\\/secure.gravatar.com\\\/avatar\\\/?s=96&d=mm&r=g\",\"caption\":\"editor2\"},\"url\":\"https:\\\/\\\/ciac.pt\\\/en\\\/author\\\/editor2\\\/\"}]}<\/script>\n<!-- \/ Yoast SEO plugin. -->","yoast_head_json":{"title":"Manuel C\u00e9lio Concei\u00e7\u00e3o is editor of the European Journal of Language Policy - CIAC","robots":{"index":"index","follow":"follow","max-snippet":"max-snippet:-1","max-image-preview":"max-image-preview:large","max-video-preview":"max-video-preview:-1"},"canonical":"https:\/\/ciac.pt\/en\/news\/manuel-celio-conceicao-is-editor-of-the-european-journal-of-language-policy\/","og_locale":"en_US","og_type":"article","og_title":"Manuel C\u00e9lio Concei\u00e7\u00e3o is editor of the European Journal of Language Policy - CIAC","og_description":"Manuel C\u00e9lio Concei\u00e7\u00e3o, researcher at CIAC, is the editor of the new","og_url":"https:\/\/ciac.pt\/en\/news\/manuel-celio-conceicao-is-editor-of-the-european-journal-of-language-policy\/","og_site_name":"CIAC","article_published_time":"2024-12-06T16:50:04+00:00","article_modified_time":"2024-12-11T16:50:54+00:00","og_image":[{"url":"https:\/\/ciac.pt\/wp-content\/uploads\/2024\/12\/European-Journal-of-Language-Policy.jpg","width":1,"height":1,"type":"image\/jpeg"}],"author":"editor2","twitter_card":"summary_large_image","twitter_misc":{"Written by":"editor2","Est. reading time":"2 minutes"},"schema":{"@context":"https:\/\/schema.org","@graph":[{"@type":"Article","@id":"https:\/\/ciac.pt\/en\/news\/manuel-celio-conceicao-is-editor-of-the-european-journal-of-language-policy\/#article","isPartOf":{"@id":"https:\/\/ciac.pt\/en\/news\/manuel-celio-conceicao-is-editor-of-the-european-journal-of-language-policy\/"},"author":{"name":"editor2","@id":"https:\/\/ciac.pt\/en\/#\/schema\/person\/9c77bada9bcc70961fd0ee149ad39064"},"headline":"Manuel C\u00e9lio Concei\u00e7\u00e3o is editor of the European Journal of Language Policy","datePublished":"2024-12-06T16:50:04+00:00","dateModified":"2024-12-11T16:50:54+00:00","mainEntityOfPage":{"@id":"https:\/\/ciac.pt\/en\/news\/manuel-celio-conceicao-is-editor-of-the-european-journal-of-language-policy\/"},"wordCount":349,"publisher":{"@id":"https:\/\/ciac.pt\/en\/#organization"},"image":{"@id":"https:\/\/ciac.pt\/en\/news\/manuel-celio-conceicao-is-editor-of-the-european-journal-of-language-policy\/#primaryimage"},"thumbnailUrl":"https:\/\/ciac.pt\/wp-content\/uploads\/2024\/12\/European-Journal-of-Language-Policy.jpg","keywords":["Dissemination"],"articleSection":["News"],"inLanguage":"en-US"},{"@type":"WebPage","@id":"https:\/\/ciac.pt\/en\/news\/manuel-celio-conceicao-is-editor-of-the-european-journal-of-language-policy\/","url":"https:\/\/ciac.pt\/en\/news\/manuel-celio-conceicao-is-editor-of-the-european-journal-of-language-policy\/","name":"Manuel C\u00e9lio Concei\u00e7\u00e3o is editor of the European Journal of Language Policy - CIAC","isPartOf":{"@id":"https:\/\/ciac.pt\/en\/#website"},"primaryImageOfPage":{"@id":"https:\/\/ciac.pt\/en\/news\/manuel-celio-conceicao-is-editor-of-the-european-journal-of-language-policy\/#primaryimage"},"image":{"@id":"https:\/\/ciac.pt\/en\/news\/manuel-celio-conceicao-is-editor-of-the-european-journal-of-language-policy\/#primaryimage"},"thumbnailUrl":"https:\/\/ciac.pt\/wp-content\/uploads\/2024\/12\/European-Journal-of-Language-Policy.jpg","datePublished":"2024-12-06T16:50:04+00:00","dateModified":"2024-12-11T16:50:54+00:00","breadcrumb":{"@id":"https:\/\/ciac.pt\/en\/news\/manuel-celio-conceicao-is-editor-of-the-european-journal-of-language-policy\/#breadcrumb"},"inLanguage":"en-US","potentialAction":[{"@type":"ReadAction","target":["https:\/\/ciac.pt\/en\/news\/manuel-celio-conceicao-is-editor-of-the-european-journal-of-language-policy\/"]}]},{"@type":"ImageObject","inLanguage":"en-US","@id":"https:\/\/ciac.pt\/en\/news\/manuel-celio-conceicao-is-editor-of-the-european-journal-of-language-policy\/#primaryimage","url":"https:\/\/ciac.pt\/wp-content\/uploads\/2024\/12\/European-Journal-of-Language-Policy.jpg","contentUrl":"https:\/\/ciac.pt\/wp-content\/uploads\/2024\/12\/European-Journal-of-Language-Policy.jpg"},{"@type":"BreadcrumbList","@id":"https:\/\/ciac.pt\/en\/news\/manuel-celio-conceicao-is-editor-of-the-european-journal-of-language-policy\/#breadcrumb","itemListElement":[{"@type":"ListItem","position":1,"name":"In\u00edcio","item":"https:\/\/ciac.pt\/en\/"},{"@type":"ListItem","position":2,"name":"Manuel C\u00e9lio Concei\u00e7\u00e3o is editor of the European Journal of Language Policy"}]},{"@type":"WebSite","@id":"https:\/\/ciac.pt\/en\/#website","url":"https:\/\/ciac.pt\/en\/","name":"CIAC","description":"Centro de Investiga\u00e7\u00e3o em Artes e Comunica\u00e7\u00e3o","publisher":{"@id":"https:\/\/ciac.pt\/en\/#organization"},"potentialAction":[{"@type":"SearchAction","target":{"@type":"EntryPoint","urlTemplate":"https:\/\/ciac.pt\/en\/?s={search_term_string}"},"query-input":{"@type":"PropertyValueSpecification","valueRequired":true,"valueName":"search_term_string"}}],"inLanguage":"en-US"},{"@type":"Organization","@id":"https:\/\/ciac.pt\/en\/#organization","name":"CIAC","url":"https:\/\/ciac.pt\/en\/","logo":{"@type":"ImageObject","inLanguage":"en-US","@id":"https:\/\/ciac.pt\/en\/#\/schema\/logo\/image\/","url":"https:\/\/ciac.pt\/wp-content\/uploads\/2022\/06\/logo.svg","contentUrl":"https:\/\/ciac.pt\/wp-content\/uploads\/2022\/06\/logo.svg","width":184,"height":51,"caption":"CIAC"},"image":{"@id":"https:\/\/ciac.pt\/en\/#\/schema\/logo\/image\/"}},{"@type":"Person","@id":"https:\/\/ciac.pt\/en\/#\/schema\/person\/9c77bada9bcc70961fd0ee149ad39064","name":"editor2","image":{"@type":"ImageObject","inLanguage":"en-US","@id":"https:\/\/secure.gravatar.com\/avatar\/?s=96&d=mm&r=g","url":"https:\/\/secure.gravatar.com\/avatar\/?s=96&d=mm&r=g","contentUrl":"https:\/\/secure.gravatar.com\/avatar\/?s=96&d=mm&r=g","caption":"editor2"},"url":"https:\/\/ciac.pt\/en\/author\/editor2\/"}]}},"author_meta":{"display_name":"editor2","author_link":"https:\/\/ciac.pt\/en\/author\/editor2\/"},"featured_img":"https:\/\/ciac.pt\/wp-content\/uploads\/2024\/12\/European-Journal-of-Language-Policy.jpg","coauthors":[],"tax_additional":{"categories":{"linked":["<a href=\"https:\/\/ciac.pt\/en\/.\/news\/\" class=\"advgb-post-tax-term\">News<\/a>"],"unlinked":["<span class=\"advgb-post-tax-term\">News<\/span>"]},"tags":{"linked":["<a href=\"https:\/\/ciac.pt\/en\/.\/news\/\" class=\"advgb-post-tax-term\">Dissemination<\/a>"],"unlinked":["<span class=\"advgb-post-tax-term\">Dissemination<\/span>"]}},"comment_count":0,"relative_dates":{"created":"Posted 1 year ago","modified":"Updated 1 year ago"},"absolute_dates":{"created":"Posted on 06\/12\/2024","modified":"Updated on 11\/12\/2024"},"absolute_dates_time":{"created":"Posted on 06\/12\/2024 16:50","modified":"Updated on 11\/12\/2024 16:50"},"featured_img_caption":"","series_order":"","_links":{"self":[{"href":"https:\/\/ciac.pt\/en\/wp-json\/wp\/v2\/posts\/10331","targetHints":{"allow":["GET"]}}],"collection":[{"href":"https:\/\/ciac.pt\/en\/wp-json\/wp\/v2\/posts"}],"about":[{"href":"https:\/\/ciac.pt\/en\/wp-json\/wp\/v2\/types\/post"}],"author":[{"embeddable":true,"href":"https:\/\/ciac.pt\/en\/wp-json\/wp\/v2\/users\/4"}],"replies":[{"embeddable":true,"href":"https:\/\/ciac.pt\/en\/wp-json\/wp\/v2\/comments?post=10331"}],"version-history":[{"count":3,"href":"https:\/\/ciac.pt\/en\/wp-json\/wp\/v2\/posts\/10331\/revisions"}],"predecessor-version":[{"id":10379,"href":"https:\/\/ciac.pt\/en\/wp-json\/wp\/v2\/posts\/10331\/revisions\/10379"}],"wp:featuredmedia":[{"embeddable":true,"href":"https:\/\/ciac.pt\/en\/wp-json\/wp\/v2\/media\/10265"}],"wp:attachment":[{"href":"https:\/\/ciac.pt\/en\/wp-json\/wp\/v2\/media?parent=10331"}],"wp:term":[{"taxonomy":"category","embeddable":true,"href":"https:\/\/ciac.pt\/en\/wp-json\/wp\/v2\/categories?post=10331"},{"taxonomy":"post_tag","embeddable":true,"href":"https:\/\/ciac.pt\/en\/wp-json\/wp\/v2\/tags?post=10331"}],"curies":[{"name":"wp","href":"https:\/\/api.w.org\/{rel}","templated":true}]}}