{"id":10419,"date":"2024-12-18T12:05:41","date_gmt":"2024-12-18T12:05:41","guid":{"rendered":"https:\/\/ciac.pt\/?p=10419"},"modified":"2025-01-06T14:14:30","modified_gmt":"2025-01-06T14:14:30","slug":"edgar-massul-opens-emguarda-exhibition","status":"publish","type":"post","link":"https:\/\/ciac.pt\/en\/news\/edgar-massul-opens-emguarda-exhibition\/","title":{"rendered":"Edgar Massul opens \u201cemguarda\u201d exhibition"},"content":{"rendered":"\n<div class=\"wp-block-group alignwide\"><div class=\"wp-block-group__inner-container is-layout-constrained wp-block-group-is-layout-constrained\">\n\n\n\n\n<figure class=\"wp-block-image size-full is-resized\"><a href=\"https:\/\/ciac.pt\/wp-content\/uploads\/2024\/12\/EDGAR_ExpoSagres_DivulgacaoWEB.jpg\"><img decoding=\"async\" data-src=\"https:\/\/ciac.pt\/wp-content\/uploads\/2024\/12\/EDGAR_ExpoSagres_DivulgacaoWEB.jpg\" alt=\"\" class=\"wp-image-10405 lazyload\" style=\"--smush-placeholder-width: 795px; --smush-placeholder-aspect-ratio: 795\/1249;width:auto;height:300px\" src=\"data:image\/svg+xml;base64,PHN2ZyB3aWR0aD0iMSIgaGVpZ2h0PSIxIiB4bWxucz0iaHR0cDovL3d3dy53My5vcmcvMjAwMC9zdmciPjwvc3ZnPg==\" \/><\/a><\/figure>\n\n\n<h1 class=\"wp-block-post-title\">Edgar Massul opens \u201cemguarda\u201d exhibition<\/h1>\n\n<div class=\"wp-block-post-date has-text-color has-cyan-bluish-gray-color\"><time datetime=\"2024-12-18T12:05:41+00:00\">18\/12\/2024<\/time><\/div>\n\n\n<hr class=\"wp-block-separator has-text-color has-white-color has-alpha-channel-opacity has-white-background-color has-background\"\/>\n\n\n\n<p>The exhibition \u201cemguarda\u201d, by visual artist Edgar Massul, opens on Saturday, December 21st, at 3:30 pm at the Sagres Fortress Contemporary Art Centre.<\/p>\n\n\n\n<p>Edgar Massul&#8217;s artistic output covers a wide range of disciplines, incorporating painting, drawing, sculpture, objects, photography, video, installations and site-specific projects. His work dialogues with art history and ancient nature \u2014 between the impermanence of organic matter and the permanence of the memory of things.<\/p>\n\n\n\n<p>Curated by Mirian Tavares and Pedro Cabral Santo, the exhibition features drawings that centre around water, earth, and heat. There is also the series of targets, which is made using a different technique and with greater control by the artist over the result.<\/p>\n\n\n\n<p>According to Mirian Tavares, \u201c&#8217;emguarda&#8217; is a word-thing created by the artist. With multiple meanings, it reveals an intention and a gesture \u2014 that of recognising that his works remain because they are kept, sheltered by collectors, collections, friends. By those who find, and admire, the beauty of the ephemeral, the poetry born of Edgar Massul&#8217;s telluric relationship with the land.\u201d<\/p>\n\n\n\n<p>A vernissage is planned, with the support of Quinta do Barranco Longo. The exhibition will be open until March 30th, 2025, from 9:30 to 17:30, with the last entry possible until 17:00.<\/p>\n\n\n\n<hr class=\"wp-block-separator alignwide has-alpha-channel-opacity is-style-wide separador-mais-info\"\/>\n\n\n<\/div><\/div>\n","protected":false},"excerpt":{"rendered":"<p>The exhibition \u201cemguarda\u201d, by visual artist Edgar Massul, opens on Saturday, December<\/p>\n","protected":false},"author":4,"featured_media":10404,"comment_status":"closed","ping_status":"closed","sticky":false,"template":"","format":"standard","meta":{"_eb_attr":"","inline_featured_image":false,"advgb_blocks_editor_width":"","advgb_blocks_columns_visual_guide":"","footnotes":"","_links_to":"","_links_to_target":""},"categories":[61],"tags":[139],"class_list":["post-10419","post","type-post","status-publish","format-standard","has-post-thumbnail","hentry","category-news","tag-dissemination"],"yoast_head":"<!-- This site is optimized with the Yoast SEO plugin v27.4 - https:\/\/yoast.com\/product\/yoast-seo-wordpress\/ -->\n<title>Edgar Massul opens \u201cemguarda\u201d exhibition - CIAC<\/title>\n<meta name=\"robots\" content=\"index, follow, max-snippet:-1, max-image-preview:large, max-video-preview:-1\" \/>\n<link rel=\"canonical\" href=\"https:\/\/ciac.pt\/en\/news\/edgar-massul-opens-emguarda-exhibition\/\" \/>\n<meta property=\"og:locale\" content=\"en_US\" \/>\n<meta property=\"og:type\" content=\"article\" \/>\n<meta property=\"og:title\" content=\"Edgar Massul opens \u201cemguarda\u201d exhibition - CIAC\" \/>\n<meta property=\"og:description\" content=\"The exhibition \u201cemguarda\u201d, by visual artist Edgar Massul, opens on Saturday, December\" \/>\n<meta property=\"og:url\" content=\"https:\/\/ciac.pt\/en\/news\/edgar-massul-opens-emguarda-exhibition\/\" \/>\n<meta property=\"og:site_name\" content=\"CIAC\" \/>\n<meta property=\"article:published_time\" content=\"2024-12-18T12:05:41+00:00\" \/>\n<meta property=\"article:modified_time\" content=\"2025-01-06T14:14:30+00:00\" \/>\n<meta property=\"og:image\" content=\"https:\/\/ciac.pt\/wp-content\/uploads\/2024\/12\/emguarda-Edgar-Massul.jpg\" \/>\n\t<meta property=\"og:image:width\" content=\"1\" \/>\n\t<meta property=\"og:image:height\" content=\"1\" \/>\n\t<meta property=\"og:image:type\" content=\"image\/jpeg\" \/>\n<meta name=\"author\" content=\"editor2\" \/>\n<meta name=\"twitter:card\" content=\"summary_large_image\" \/>\n<meta name=\"twitter:label1\" content=\"Written by\" \/>\n\t<meta name=\"twitter:data1\" content=\"editor2\" \/>\n\t<meta name=\"twitter:label2\" content=\"Est. reading time\" \/>\n\t<meta name=\"twitter:data2\" content=\"1 minute\" \/>\n<script type=\"application\/ld+json\" class=\"yoast-schema-graph\">{\"@context\":\"https:\\\/\\\/schema.org\",\"@graph\":[{\"@type\":\"Article\",\"@id\":\"https:\\\/\\\/ciac.pt\\\/en\\\/news\\\/edgar-massul-opens-emguarda-exhibition\\\/#article\",\"isPartOf\":{\"@id\":\"https:\\\/\\\/ciac.pt\\\/en\\\/news\\\/edgar-massul-opens-emguarda-exhibition\\\/\"},\"author\":{\"name\":\"editor2\",\"@id\":\"https:\\\/\\\/ciac.pt\\\/en\\\/#\\\/schema\\\/person\\\/9c77bada9bcc70961fd0ee149ad39064\"},\"headline\":\"Edgar Massul opens \u201cemguarda\u201d exhibition\",\"datePublished\":\"2024-12-18T12:05:41+00:00\",\"dateModified\":\"2025-01-06T14:14:30+00:00\",\"mainEntityOfPage\":{\"@id\":\"https:\\\/\\\/ciac.pt\\\/en\\\/news\\\/edgar-massul-opens-emguarda-exhibition\\\/\"},\"wordCount\":205,\"publisher\":{\"@id\":\"https:\\\/\\\/ciac.pt\\\/en\\\/#organization\"},\"image\":{\"@id\":\"https:\\\/\\\/ciac.pt\\\/en\\\/news\\\/edgar-massul-opens-emguarda-exhibition\\\/#primaryimage\"},\"thumbnailUrl\":\"https:\\\/\\\/ciac.pt\\\/wp-content\\\/uploads\\\/2024\\\/12\\\/emguarda-Edgar-Massul.jpg\",\"keywords\":[\"Dissemination\"],\"articleSection\":[\"News\"],\"inLanguage\":\"en-US\"},{\"@type\":\"WebPage\",\"@id\":\"https:\\\/\\\/ciac.pt\\\/en\\\/news\\\/edgar-massul-opens-emguarda-exhibition\\\/\",\"url\":\"https:\\\/\\\/ciac.pt\\\/en\\\/news\\\/edgar-massul-opens-emguarda-exhibition\\\/\",\"name\":\"Edgar Massul opens \u201cemguarda\u201d exhibition - CIAC\",\"isPartOf\":{\"@id\":\"https:\\\/\\\/ciac.pt\\\/en\\\/#website\"},\"primaryImageOfPage\":{\"@id\":\"https:\\\/\\\/ciac.pt\\\/en\\\/news\\\/edgar-massul-opens-emguarda-exhibition\\\/#primaryimage\"},\"image\":{\"@id\":\"https:\\\/\\\/ciac.pt\\\/en\\\/news\\\/edgar-massul-opens-emguarda-exhibition\\\/#primaryimage\"},\"thumbnailUrl\":\"https:\\\/\\\/ciac.pt\\\/wp-content\\\/uploads\\\/2024\\\/12\\\/emguarda-Edgar-Massul.jpg\",\"datePublished\":\"2024-12-18T12:05:41+00:00\",\"dateModified\":\"2025-01-06T14:14:30+00:00\",\"breadcrumb\":{\"@id\":\"https:\\\/\\\/ciac.pt\\\/en\\\/news\\\/edgar-massul-opens-emguarda-exhibition\\\/#breadcrumb\"},\"inLanguage\":\"en-US\",\"potentialAction\":[{\"@type\":\"ReadAction\",\"target\":[\"https:\\\/\\\/ciac.pt\\\/en\\\/news\\\/edgar-massul-opens-emguarda-exhibition\\\/\"]}]},{\"@type\":\"ImageObject\",\"inLanguage\":\"en-US\",\"@id\":\"https:\\\/\\\/ciac.pt\\\/en\\\/news\\\/edgar-massul-opens-emguarda-exhibition\\\/#primaryimage\",\"url\":\"https:\\\/\\\/ciac.pt\\\/wp-content\\\/uploads\\\/2024\\\/12\\\/emguarda-Edgar-Massul.jpg\",\"contentUrl\":\"https:\\\/\\\/ciac.pt\\\/wp-content\\\/uploads\\\/2024\\\/12\\\/emguarda-Edgar-Massul.jpg\"},{\"@type\":\"BreadcrumbList\",\"@id\":\"https:\\\/\\\/ciac.pt\\\/en\\\/news\\\/edgar-massul-opens-emguarda-exhibition\\\/#breadcrumb\",\"itemListElement\":[{\"@type\":\"ListItem\",\"position\":1,\"name\":\"In\u00edcio\",\"item\":\"https:\\\/\\\/ciac.pt\\\/en\\\/\"},{\"@type\":\"ListItem\",\"position\":2,\"name\":\"Edgar Massul opens \u201cemguarda\u201d exhibition\"}]},{\"@type\":\"WebSite\",\"@id\":\"https:\\\/\\\/ciac.pt\\\/en\\\/#website\",\"url\":\"https:\\\/\\\/ciac.pt\\\/en\\\/\",\"name\":\"CIAC\",\"description\":\"Centro de Investiga\u00e7\u00e3o em Artes e Comunica\u00e7\u00e3o\",\"publisher\":{\"@id\":\"https:\\\/\\\/ciac.pt\\\/en\\\/#organization\"},\"potentialAction\":[{\"@type\":\"SearchAction\",\"target\":{\"@type\":\"EntryPoint\",\"urlTemplate\":\"https:\\\/\\\/ciac.pt\\\/en\\\/?s={search_term_string}\"},\"query-input\":{\"@type\":\"PropertyValueSpecification\",\"valueRequired\":true,\"valueName\":\"search_term_string\"}}],\"inLanguage\":\"en-US\"},{\"@type\":\"Organization\",\"@id\":\"https:\\\/\\\/ciac.pt\\\/en\\\/#organization\",\"name\":\"CIAC\",\"url\":\"https:\\\/\\\/ciac.pt\\\/en\\\/\",\"logo\":{\"@type\":\"ImageObject\",\"inLanguage\":\"en-US\",\"@id\":\"https:\\\/\\\/ciac.pt\\\/en\\\/#\\\/schema\\\/logo\\\/image\\\/\",\"url\":\"https:\\\/\\\/ciac.pt\\\/wp-content\\\/uploads\\\/2022\\\/06\\\/logo.svg\",\"contentUrl\":\"https:\\\/\\\/ciac.pt\\\/wp-content\\\/uploads\\\/2022\\\/06\\\/logo.svg\",\"width\":184,\"height\":51,\"caption\":\"CIAC\"},\"image\":{\"@id\":\"https:\\\/\\\/ciac.pt\\\/en\\\/#\\\/schema\\\/logo\\\/image\\\/\"}},{\"@type\":\"Person\",\"@id\":\"https:\\\/\\\/ciac.pt\\\/en\\\/#\\\/schema\\\/person\\\/9c77bada9bcc70961fd0ee149ad39064\",\"name\":\"editor2\",\"image\":{\"@type\":\"ImageObject\",\"inLanguage\":\"en-US\",\"@id\":\"https:\\\/\\\/secure.gravatar.com\\\/avatar\\\/?s=96&d=mm&r=g\",\"url\":\"https:\\\/\\\/secure.gravatar.com\\\/avatar\\\/?s=96&d=mm&r=g\",\"contentUrl\":\"https:\\\/\\\/secure.gravatar.com\\\/avatar\\\/?s=96&d=mm&r=g\",\"caption\":\"editor2\"},\"url\":\"https:\\\/\\\/ciac.pt\\\/en\\\/author\\\/editor2\\\/\"}]}<\/script>\n<!-- \/ Yoast SEO plugin. -->","yoast_head_json":{"title":"Edgar Massul opens \u201cemguarda\u201d exhibition - CIAC","robots":{"index":"index","follow":"follow","max-snippet":"max-snippet:-1","max-image-preview":"max-image-preview:large","max-video-preview":"max-video-preview:-1"},"canonical":"https:\/\/ciac.pt\/en\/news\/edgar-massul-opens-emguarda-exhibition\/","og_locale":"en_US","og_type":"article","og_title":"Edgar Massul opens \u201cemguarda\u201d exhibition - CIAC","og_description":"The exhibition \u201cemguarda\u201d, by visual artist Edgar Massul, opens on Saturday, December","og_url":"https:\/\/ciac.pt\/en\/news\/edgar-massul-opens-emguarda-exhibition\/","og_site_name":"CIAC","article_published_time":"2024-12-18T12:05:41+00:00","article_modified_time":"2025-01-06T14:14:30+00:00","og_image":[{"url":"https:\/\/ciac.pt\/wp-content\/uploads\/2024\/12\/emguarda-Edgar-Massul.jpg","width":1,"height":1,"type":"image\/jpeg"}],"author":"editor2","twitter_card":"summary_large_image","twitter_misc":{"Written by":"editor2","Est. reading time":"1 minute"},"schema":{"@context":"https:\/\/schema.org","@graph":[{"@type":"Article","@id":"https:\/\/ciac.pt\/en\/news\/edgar-massul-opens-emguarda-exhibition\/#article","isPartOf":{"@id":"https:\/\/ciac.pt\/en\/news\/edgar-massul-opens-emguarda-exhibition\/"},"author":{"name":"editor2","@id":"https:\/\/ciac.pt\/en\/#\/schema\/person\/9c77bada9bcc70961fd0ee149ad39064"},"headline":"Edgar Massul opens \u201cemguarda\u201d exhibition","datePublished":"2024-12-18T12:05:41+00:00","dateModified":"2025-01-06T14:14:30+00:00","mainEntityOfPage":{"@id":"https:\/\/ciac.pt\/en\/news\/edgar-massul-opens-emguarda-exhibition\/"},"wordCount":205,"publisher":{"@id":"https:\/\/ciac.pt\/en\/#organization"},"image":{"@id":"https:\/\/ciac.pt\/en\/news\/edgar-massul-opens-emguarda-exhibition\/#primaryimage"},"thumbnailUrl":"https:\/\/ciac.pt\/wp-content\/uploads\/2024\/12\/emguarda-Edgar-Massul.jpg","keywords":["Dissemination"],"articleSection":["News"],"inLanguage":"en-US"},{"@type":"WebPage","@id":"https:\/\/ciac.pt\/en\/news\/edgar-massul-opens-emguarda-exhibition\/","url":"https:\/\/ciac.pt\/en\/news\/edgar-massul-opens-emguarda-exhibition\/","name":"Edgar Massul opens \u201cemguarda\u201d exhibition - CIAC","isPartOf":{"@id":"https:\/\/ciac.pt\/en\/#website"},"primaryImageOfPage":{"@id":"https:\/\/ciac.pt\/en\/news\/edgar-massul-opens-emguarda-exhibition\/#primaryimage"},"image":{"@id":"https:\/\/ciac.pt\/en\/news\/edgar-massul-opens-emguarda-exhibition\/#primaryimage"},"thumbnailUrl":"https:\/\/ciac.pt\/wp-content\/uploads\/2024\/12\/emguarda-Edgar-Massul.jpg","datePublished":"2024-12-18T12:05:41+00:00","dateModified":"2025-01-06T14:14:30+00:00","breadcrumb":{"@id":"https:\/\/ciac.pt\/en\/news\/edgar-massul-opens-emguarda-exhibition\/#breadcrumb"},"inLanguage":"en-US","potentialAction":[{"@type":"ReadAction","target":["https:\/\/ciac.pt\/en\/news\/edgar-massul-opens-emguarda-exhibition\/"]}]},{"@type":"ImageObject","inLanguage":"en-US","@id":"https:\/\/ciac.pt\/en\/news\/edgar-massul-opens-emguarda-exhibition\/#primaryimage","url":"https:\/\/ciac.pt\/wp-content\/uploads\/2024\/12\/emguarda-Edgar-Massul.jpg","contentUrl":"https:\/\/ciac.pt\/wp-content\/uploads\/2024\/12\/emguarda-Edgar-Massul.jpg"},{"@type":"BreadcrumbList","@id":"https:\/\/ciac.pt\/en\/news\/edgar-massul-opens-emguarda-exhibition\/#breadcrumb","itemListElement":[{"@type":"ListItem","position":1,"name":"In\u00edcio","item":"https:\/\/ciac.pt\/en\/"},{"@type":"ListItem","position":2,"name":"Edgar Massul opens \u201cemguarda\u201d exhibition"}]},{"@type":"WebSite","@id":"https:\/\/ciac.pt\/en\/#website","url":"https:\/\/ciac.pt\/en\/","name":"CIAC","description":"Centro de Investiga\u00e7\u00e3o em Artes e Comunica\u00e7\u00e3o","publisher":{"@id":"https:\/\/ciac.pt\/en\/#organization"},"potentialAction":[{"@type":"SearchAction","target":{"@type":"EntryPoint","urlTemplate":"https:\/\/ciac.pt\/en\/?s={search_term_string}"},"query-input":{"@type":"PropertyValueSpecification","valueRequired":true,"valueName":"search_term_string"}}],"inLanguage":"en-US"},{"@type":"Organization","@id":"https:\/\/ciac.pt\/en\/#organization","name":"CIAC","url":"https:\/\/ciac.pt\/en\/","logo":{"@type":"ImageObject","inLanguage":"en-US","@id":"https:\/\/ciac.pt\/en\/#\/schema\/logo\/image\/","url":"https:\/\/ciac.pt\/wp-content\/uploads\/2022\/06\/logo.svg","contentUrl":"https:\/\/ciac.pt\/wp-content\/uploads\/2022\/06\/logo.svg","width":184,"height":51,"caption":"CIAC"},"image":{"@id":"https:\/\/ciac.pt\/en\/#\/schema\/logo\/image\/"}},{"@type":"Person","@id":"https:\/\/ciac.pt\/en\/#\/schema\/person\/9c77bada9bcc70961fd0ee149ad39064","name":"editor2","image":{"@type":"ImageObject","inLanguage":"en-US","@id":"https:\/\/secure.gravatar.com\/avatar\/?s=96&d=mm&r=g","url":"https:\/\/secure.gravatar.com\/avatar\/?s=96&d=mm&r=g","contentUrl":"https:\/\/secure.gravatar.com\/avatar\/?s=96&d=mm&r=g","caption":"editor2"},"url":"https:\/\/ciac.pt\/en\/author\/editor2\/"}]}},"author_meta":{"display_name":"editor2","author_link":"https:\/\/ciac.pt\/en\/author\/editor2\/"},"featured_img":"https:\/\/ciac.pt\/wp-content\/uploads\/2024\/12\/emguarda-Edgar-Massul.jpg","coauthors":[],"tax_additional":{"categories":{"linked":["<a href=\"https:\/\/ciac.pt\/en\/.\/news\/\" class=\"advgb-post-tax-term\">News<\/a>"],"unlinked":["<span class=\"advgb-post-tax-term\">News<\/span>"]},"tags":{"linked":["<a href=\"https:\/\/ciac.pt\/en\/.\/news\/\" class=\"advgb-post-tax-term\">Dissemination<\/a>"],"unlinked":["<span class=\"advgb-post-tax-term\">Dissemination<\/span>"]}},"comment_count":0,"relative_dates":{"created":"Posted 1 year ago","modified":"Updated 1 year ago"},"absolute_dates":{"created":"Posted on 18\/12\/2024","modified":"Updated on 06\/01\/2025"},"absolute_dates_time":{"created":"Posted on 18\/12\/2024 12:05","modified":"Updated on 06\/01\/2025 14:14"},"featured_img_caption":"","series_order":"","_links":{"self":[{"href":"https:\/\/ciac.pt\/en\/wp-json\/wp\/v2\/posts\/10419","targetHints":{"allow":["GET"]}}],"collection":[{"href":"https:\/\/ciac.pt\/en\/wp-json\/wp\/v2\/posts"}],"about":[{"href":"https:\/\/ciac.pt\/en\/wp-json\/wp\/v2\/types\/post"}],"author":[{"embeddable":true,"href":"https:\/\/ciac.pt\/en\/wp-json\/wp\/v2\/users\/4"}],"replies":[{"embeddable":true,"href":"https:\/\/ciac.pt\/en\/wp-json\/wp\/v2\/comments?post=10419"}],"version-history":[{"count":4,"href":"https:\/\/ciac.pt\/en\/wp-json\/wp\/v2\/posts\/10419\/revisions"}],"predecessor-version":[{"id":10469,"href":"https:\/\/ciac.pt\/en\/wp-json\/wp\/v2\/posts\/10419\/revisions\/10469"}],"wp:featuredmedia":[{"embeddable":true,"href":"https:\/\/ciac.pt\/en\/wp-json\/wp\/v2\/media\/10404"}],"wp:attachment":[{"href":"https:\/\/ciac.pt\/en\/wp-json\/wp\/v2\/media?parent=10419"}],"wp:term":[{"taxonomy":"category","embeddable":true,"href":"https:\/\/ciac.pt\/en\/wp-json\/wp\/v2\/categories?post=10419"},{"taxonomy":"post_tag","embeddable":true,"href":"https:\/\/ciac.pt\/en\/wp-json\/wp\/v2\/tags?post=10419"}],"curies":[{"name":"wp","href":"https:\/\/api.w.org\/{rel}","templated":true}]}}