{"id":10473,"date":"2025-01-06T11:34:40","date_gmt":"2025-01-06T11:34:40","guid":{"rendered":"https:\/\/ciac.pt\/?p=10473"},"modified":"2025-01-09T12:25:49","modified_gmt":"2025-01-09T12:25:49","slug":"umaia-has-new-creativeingreen-project-coordinated-by-a-ciac-researcher","status":"publish","type":"post","link":"https:\/\/ciac.pt\/en\/news\/umaia-has-new-creativeingreen-project-coordinated-by-a-ciac-researcher\/","title":{"rendered":"UMAIA has new CREATIVEinGREEN project coordinated by a CIAC researcher"},"content":{"rendered":"\n<div class=\"wp-block-group alignwide\"><div class=\"wp-block-group__inner-container is-layout-constrained wp-block-group-is-layout-constrained\">\n\n\n\n\n<figure class=\"wp-block-image size-full is-resized\"><a href=\"https:\/\/ciac.pt\/wp-content\/uploads\/2025\/01\/Creative-in-Green.jpg\"><img decoding=\"async\" data-src=\"https:\/\/ciac.pt\/wp-content\/uploads\/2025\/01\/Creative-in-Green.jpg\" alt=\"\" class=\"wp-image-10456 lazyload\" style=\"--smush-placeholder-width: 1620px; --smush-placeholder-aspect-ratio: 1620\/1215;width:auto;height:300px\" src=\"data:image\/svg+xml;base64,PHN2ZyB3aWR0aD0iMSIgaGVpZ2h0PSIxIiB4bWxucz0iaHR0cDovL3d3dy53My5vcmcvMjAwMC9zdmciPjwvc3ZnPg==\" \/><\/a><\/figure>\n\n\n<h1 class=\"wp-block-post-title\">UMAIA has new CREATIVEinGREEN project coordinated by a CIAC researcher<\/h1>\n\n<div class=\"wp-block-post-date has-text-color has-cyan-bluish-gray-color\"><time datetime=\"2025-01-06T11:34:40+00:00\">06\/01\/2025<\/time><\/div>\n\n\n<hr class=\"wp-block-separator has-text-color has-white-color has-alpha-channel-opacity has-white-background-color has-background\" \/>\n\n\n\n<p>Tiago Cruz, researcher at CIAC, coordinates the CREATIVEinGREEN project, which aims to support the ecological and digital transition of the European AudioVisual and Multimedia (AVM) sector, stimulating innovation in the sector through cooperation and knowledge sharing between the education and training system and the socio-economic context.<\/p>\n\n\n\n<p>According to Tiago, this project will help to develop the digital and ecological competences required by the AVM sector and to fill the existing gaps in terms of the key competences needed. In the process, the aim is to establish effective collaboration between higher education and the labour market, to be achieved through the development of a new &#8220;e-User Experience Designer&#8221; curriculum that will include real-world learning. The ultimate aim is to contribute to increasing employability, creativity and the creation of new career paths in the AVM sector within the scope of User-Experience Design.<\/p>\n\n\n\n<p>More information (<a href=\"https:\/\/www.umaia.pt\/pt\/investigacao\/projetos\/2024\/creativeingreen\" data-type=\"link\" data-id=\"https:\/\/www.umaia.pt\/pt\/investigacao\/projetos\/2024\/creativeingreen\">here<\/a>).<\/p>\n\n\n\n<hr class=\"wp-block-separator alignwide has-alpha-channel-opacity is-style-wide separador-mais-info\" \/>\n\n\n<\/div><\/div>\n","protected":false},"excerpt":{"rendered":"<p>Tiago Cruz, researcher at CIAC, coordinates the CREATIVEinGREEN project, which aims to<\/p>\n","protected":false},"author":4,"featured_media":10457,"comment_status":"closed","ping_status":"closed","sticky":false,"template":"","format":"standard","meta":{"_eb_attr":"","inline_featured_image":false,"advgb_blocks_editor_width":"","advgb_blocks_columns_visual_guide":"","footnotes":"","_links_to":"","_links_to_target":""},"categories":[61],"tags":[139],"class_list":["post-10473","post","type-post","status-publish","format-standard","has-post-thumbnail","hentry","category-news","tag-dissemination"],"yoast_head":"<!-- This site is optimized with the Yoast SEO plugin v27.4 - https:\/\/yoast.com\/product\/yoast-seo-wordpress\/ -->\n<title>UMAIA has new CREATIVEinGREEN project coordinated by a CIAC researcher - CIAC<\/title>\n<meta name=\"robots\" content=\"index, follow, max-snippet:-1, max-image-preview:large, max-video-preview:-1\" \/>\n<link rel=\"canonical\" href=\"https:\/\/ciac.pt\/en\/news\/umaia-has-new-creativeingreen-project-coordinated-by-a-ciac-researcher\/\" \/>\n<meta property=\"og:locale\" content=\"en_US\" \/>\n<meta property=\"og:type\" content=\"article\" \/>\n<meta property=\"og:title\" content=\"UMAIA has new CREATIVEinGREEN project coordinated by a CIAC researcher - CIAC\" \/>\n<meta property=\"og:description\" content=\"Tiago Cruz, researcher at CIAC, coordinates the CREATIVEinGREEN project, which aims to\" \/>\n<meta property=\"og:url\" content=\"https:\/\/ciac.pt\/en\/news\/umaia-has-new-creativeingreen-project-coordinated-by-a-ciac-researcher\/\" \/>\n<meta property=\"og:site_name\" content=\"CIAC\" \/>\n<meta property=\"article:published_time\" content=\"2025-01-06T11:34:40+00:00\" \/>\n<meta property=\"article:modified_time\" content=\"2025-01-09T12:25:49+00:00\" \/>\n<meta property=\"og:image\" content=\"https:\/\/ciac.pt\/wp-content\/uploads\/2025\/01\/Creative-in-Green.jpg\" \/>\n\t<meta property=\"og:image:width\" content=\"1\" \/>\n\t<meta property=\"og:image:height\" content=\"1\" \/>\n\t<meta property=\"og:image:type\" content=\"image\/jpeg\" \/>\n<meta name=\"author\" content=\"editor2\" \/>\n<meta name=\"twitter:card\" content=\"summary_large_image\" \/>\n<meta name=\"twitter:label1\" content=\"Written by\" \/>\n\t<meta name=\"twitter:data1\" content=\"editor2\" \/>\n\t<meta name=\"twitter:label2\" content=\"Est. reading time\" \/>\n\t<meta name=\"twitter:data2\" content=\"1 minute\" \/>\n<script type=\"application\/ld+json\" class=\"yoast-schema-graph\">{\"@context\":\"https:\\\/\\\/schema.org\",\"@graph\":[{\"@type\":\"Article\",\"@id\":\"https:\\\/\\\/ciac.pt\\\/en\\\/news\\\/umaia-has-new-creativeingreen-project-coordinated-by-a-ciac-researcher\\\/#article\",\"isPartOf\":{\"@id\":\"https:\\\/\\\/ciac.pt\\\/en\\\/news\\\/umaia-has-new-creativeingreen-project-coordinated-by-a-ciac-researcher\\\/\"},\"author\":{\"name\":\"editor2\",\"@id\":\"https:\\\/\\\/ciac.pt\\\/en\\\/#\\\/schema\\\/person\\\/9c77bada9bcc70961fd0ee149ad39064\"},\"headline\":\"UMAIA has new CREATIVEinGREEN project coordinated by a CIAC researcher\",\"datePublished\":\"2025-01-06T11:34:40+00:00\",\"dateModified\":\"2025-01-09T12:25:49+00:00\",\"mainEntityOfPage\":{\"@id\":\"https:\\\/\\\/ciac.pt\\\/en\\\/news\\\/umaia-has-new-creativeingreen-project-coordinated-by-a-ciac-researcher\\\/\"},\"wordCount\":156,\"publisher\":{\"@id\":\"https:\\\/\\\/ciac.pt\\\/en\\\/#organization\"},\"image\":{\"@id\":\"https:\\\/\\\/ciac.pt\\\/en\\\/news\\\/umaia-has-new-creativeingreen-project-coordinated-by-a-ciac-researcher\\\/#primaryimage\"},\"thumbnailUrl\":\"https:\\\/\\\/ciac.pt\\\/wp-content\\\/uploads\\\/2025\\\/01\\\/Creative-in-Green.jpg\",\"keywords\":[\"Dissemination\"],\"articleSection\":[\"News\"],\"inLanguage\":\"en-US\"},{\"@type\":\"WebPage\",\"@id\":\"https:\\\/\\\/ciac.pt\\\/en\\\/news\\\/umaia-has-new-creativeingreen-project-coordinated-by-a-ciac-researcher\\\/\",\"url\":\"https:\\\/\\\/ciac.pt\\\/en\\\/news\\\/umaia-has-new-creativeingreen-project-coordinated-by-a-ciac-researcher\\\/\",\"name\":\"UMAIA has new CREATIVEinGREEN project coordinated by a CIAC researcher - CIAC\",\"isPartOf\":{\"@id\":\"https:\\\/\\\/ciac.pt\\\/en\\\/#website\"},\"primaryImageOfPage\":{\"@id\":\"https:\\\/\\\/ciac.pt\\\/en\\\/news\\\/umaia-has-new-creativeingreen-project-coordinated-by-a-ciac-researcher\\\/#primaryimage\"},\"image\":{\"@id\":\"https:\\\/\\\/ciac.pt\\\/en\\\/news\\\/umaia-has-new-creativeingreen-project-coordinated-by-a-ciac-researcher\\\/#primaryimage\"},\"thumbnailUrl\":\"https:\\\/\\\/ciac.pt\\\/wp-content\\\/uploads\\\/2025\\\/01\\\/Creative-in-Green.jpg\",\"datePublished\":\"2025-01-06T11:34:40+00:00\",\"dateModified\":\"2025-01-09T12:25:49+00:00\",\"breadcrumb\":{\"@id\":\"https:\\\/\\\/ciac.pt\\\/en\\\/news\\\/umaia-has-new-creativeingreen-project-coordinated-by-a-ciac-researcher\\\/#breadcrumb\"},\"inLanguage\":\"en-US\",\"potentialAction\":[{\"@type\":\"ReadAction\",\"target\":[\"https:\\\/\\\/ciac.pt\\\/en\\\/news\\\/umaia-has-new-creativeingreen-project-coordinated-by-a-ciac-researcher\\\/\"]}]},{\"@type\":\"ImageObject\",\"inLanguage\":\"en-US\",\"@id\":\"https:\\\/\\\/ciac.pt\\\/en\\\/news\\\/umaia-has-new-creativeingreen-project-coordinated-by-a-ciac-researcher\\\/#primaryimage\",\"url\":\"https:\\\/\\\/ciac.pt\\\/wp-content\\\/uploads\\\/2025\\\/01\\\/Creative-in-Green.jpg\",\"contentUrl\":\"https:\\\/\\\/ciac.pt\\\/wp-content\\\/uploads\\\/2025\\\/01\\\/Creative-in-Green.jpg\"},{\"@type\":\"BreadcrumbList\",\"@id\":\"https:\\\/\\\/ciac.pt\\\/en\\\/news\\\/umaia-has-new-creativeingreen-project-coordinated-by-a-ciac-researcher\\\/#breadcrumb\",\"itemListElement\":[{\"@type\":\"ListItem\",\"position\":1,\"name\":\"In\u00edcio\",\"item\":\"https:\\\/\\\/ciac.pt\\\/en\\\/\"},{\"@type\":\"ListItem\",\"position\":2,\"name\":\"UMAIA has new CREATIVEinGREEN project coordinated by a CIAC researcher\"}]},{\"@type\":\"WebSite\",\"@id\":\"https:\\\/\\\/ciac.pt\\\/en\\\/#website\",\"url\":\"https:\\\/\\\/ciac.pt\\\/en\\\/\",\"name\":\"CIAC\",\"description\":\"Centro de Investiga\u00e7\u00e3o em Artes e Comunica\u00e7\u00e3o\",\"publisher\":{\"@id\":\"https:\\\/\\\/ciac.pt\\\/en\\\/#organization\"},\"potentialAction\":[{\"@type\":\"SearchAction\",\"target\":{\"@type\":\"EntryPoint\",\"urlTemplate\":\"https:\\\/\\\/ciac.pt\\\/en\\\/?s={search_term_string}\"},\"query-input\":{\"@type\":\"PropertyValueSpecification\",\"valueRequired\":true,\"valueName\":\"search_term_string\"}}],\"inLanguage\":\"en-US\"},{\"@type\":\"Organization\",\"@id\":\"https:\\\/\\\/ciac.pt\\\/en\\\/#organization\",\"name\":\"CIAC\",\"url\":\"https:\\\/\\\/ciac.pt\\\/en\\\/\",\"logo\":{\"@type\":\"ImageObject\",\"inLanguage\":\"en-US\",\"@id\":\"https:\\\/\\\/ciac.pt\\\/en\\\/#\\\/schema\\\/logo\\\/image\\\/\",\"url\":\"https:\\\/\\\/ciac.pt\\\/wp-content\\\/uploads\\\/2022\\\/06\\\/logo.svg\",\"contentUrl\":\"https:\\\/\\\/ciac.pt\\\/wp-content\\\/uploads\\\/2022\\\/06\\\/logo.svg\",\"width\":184,\"height\":51,\"caption\":\"CIAC\"},\"image\":{\"@id\":\"https:\\\/\\\/ciac.pt\\\/en\\\/#\\\/schema\\\/logo\\\/image\\\/\"}},{\"@type\":\"Person\",\"@id\":\"https:\\\/\\\/ciac.pt\\\/en\\\/#\\\/schema\\\/person\\\/9c77bada9bcc70961fd0ee149ad39064\",\"name\":\"editor2\",\"image\":{\"@type\":\"ImageObject\",\"inLanguage\":\"en-US\",\"@id\":\"https:\\\/\\\/secure.gravatar.com\\\/avatar\\\/?s=96&d=mm&r=g\",\"url\":\"https:\\\/\\\/secure.gravatar.com\\\/avatar\\\/?s=96&d=mm&r=g\",\"contentUrl\":\"https:\\\/\\\/secure.gravatar.com\\\/avatar\\\/?s=96&d=mm&r=g\",\"caption\":\"editor2\"},\"url\":\"https:\\\/\\\/ciac.pt\\\/en\\\/author\\\/editor2\\\/\"}]}<\/script>\n<!-- \/ Yoast SEO plugin. -->","yoast_head_json":{"title":"UMAIA has new CREATIVEinGREEN project coordinated by a CIAC researcher - CIAC","robots":{"index":"index","follow":"follow","max-snippet":"max-snippet:-1","max-image-preview":"max-image-preview:large","max-video-preview":"max-video-preview:-1"},"canonical":"https:\/\/ciac.pt\/en\/news\/umaia-has-new-creativeingreen-project-coordinated-by-a-ciac-researcher\/","og_locale":"en_US","og_type":"article","og_title":"UMAIA has new CREATIVEinGREEN project coordinated by a CIAC researcher - CIAC","og_description":"Tiago Cruz, researcher at CIAC, coordinates the CREATIVEinGREEN project, which aims to","og_url":"https:\/\/ciac.pt\/en\/news\/umaia-has-new-creativeingreen-project-coordinated-by-a-ciac-researcher\/","og_site_name":"CIAC","article_published_time":"2025-01-06T11:34:40+00:00","article_modified_time":"2025-01-09T12:25:49+00:00","og_image":[{"url":"https:\/\/ciac.pt\/wp-content\/uploads\/2025\/01\/Creative-in-Green.jpg","width":1,"height":1,"type":"image\/jpeg"}],"author":"editor2","twitter_card":"summary_large_image","twitter_misc":{"Written by":"editor2","Est. reading time":"1 minute"},"schema":{"@context":"https:\/\/schema.org","@graph":[{"@type":"Article","@id":"https:\/\/ciac.pt\/en\/news\/umaia-has-new-creativeingreen-project-coordinated-by-a-ciac-researcher\/#article","isPartOf":{"@id":"https:\/\/ciac.pt\/en\/news\/umaia-has-new-creativeingreen-project-coordinated-by-a-ciac-researcher\/"},"author":{"name":"editor2","@id":"https:\/\/ciac.pt\/en\/#\/schema\/person\/9c77bada9bcc70961fd0ee149ad39064"},"headline":"UMAIA has new CREATIVEinGREEN project coordinated by a CIAC researcher","datePublished":"2025-01-06T11:34:40+00:00","dateModified":"2025-01-09T12:25:49+00:00","mainEntityOfPage":{"@id":"https:\/\/ciac.pt\/en\/news\/umaia-has-new-creativeingreen-project-coordinated-by-a-ciac-researcher\/"},"wordCount":156,"publisher":{"@id":"https:\/\/ciac.pt\/en\/#organization"},"image":{"@id":"https:\/\/ciac.pt\/en\/news\/umaia-has-new-creativeingreen-project-coordinated-by-a-ciac-researcher\/#primaryimage"},"thumbnailUrl":"https:\/\/ciac.pt\/wp-content\/uploads\/2025\/01\/Creative-in-Green.jpg","keywords":["Dissemination"],"articleSection":["News"],"inLanguage":"en-US"},{"@type":"WebPage","@id":"https:\/\/ciac.pt\/en\/news\/umaia-has-new-creativeingreen-project-coordinated-by-a-ciac-researcher\/","url":"https:\/\/ciac.pt\/en\/news\/umaia-has-new-creativeingreen-project-coordinated-by-a-ciac-researcher\/","name":"UMAIA has new CREATIVEinGREEN project coordinated by a CIAC researcher - CIAC","isPartOf":{"@id":"https:\/\/ciac.pt\/en\/#website"},"primaryImageOfPage":{"@id":"https:\/\/ciac.pt\/en\/news\/umaia-has-new-creativeingreen-project-coordinated-by-a-ciac-researcher\/#primaryimage"},"image":{"@id":"https:\/\/ciac.pt\/en\/news\/umaia-has-new-creativeingreen-project-coordinated-by-a-ciac-researcher\/#primaryimage"},"thumbnailUrl":"https:\/\/ciac.pt\/wp-content\/uploads\/2025\/01\/Creative-in-Green.jpg","datePublished":"2025-01-06T11:34:40+00:00","dateModified":"2025-01-09T12:25:49+00:00","breadcrumb":{"@id":"https:\/\/ciac.pt\/en\/news\/umaia-has-new-creativeingreen-project-coordinated-by-a-ciac-researcher\/#breadcrumb"},"inLanguage":"en-US","potentialAction":[{"@type":"ReadAction","target":["https:\/\/ciac.pt\/en\/news\/umaia-has-new-creativeingreen-project-coordinated-by-a-ciac-researcher\/"]}]},{"@type":"ImageObject","inLanguage":"en-US","@id":"https:\/\/ciac.pt\/en\/news\/umaia-has-new-creativeingreen-project-coordinated-by-a-ciac-researcher\/#primaryimage","url":"https:\/\/ciac.pt\/wp-content\/uploads\/2025\/01\/Creative-in-Green.jpg","contentUrl":"https:\/\/ciac.pt\/wp-content\/uploads\/2025\/01\/Creative-in-Green.jpg"},{"@type":"BreadcrumbList","@id":"https:\/\/ciac.pt\/en\/news\/umaia-has-new-creativeingreen-project-coordinated-by-a-ciac-researcher\/#breadcrumb","itemListElement":[{"@type":"ListItem","position":1,"name":"In\u00edcio","item":"https:\/\/ciac.pt\/en\/"},{"@type":"ListItem","position":2,"name":"UMAIA has new CREATIVEinGREEN project coordinated by a CIAC researcher"}]},{"@type":"WebSite","@id":"https:\/\/ciac.pt\/en\/#website","url":"https:\/\/ciac.pt\/en\/","name":"CIAC","description":"Centro de Investiga\u00e7\u00e3o em Artes e Comunica\u00e7\u00e3o","publisher":{"@id":"https:\/\/ciac.pt\/en\/#organization"},"potentialAction":[{"@type":"SearchAction","target":{"@type":"EntryPoint","urlTemplate":"https:\/\/ciac.pt\/en\/?s={search_term_string}"},"query-input":{"@type":"PropertyValueSpecification","valueRequired":true,"valueName":"search_term_string"}}],"inLanguage":"en-US"},{"@type":"Organization","@id":"https:\/\/ciac.pt\/en\/#organization","name":"CIAC","url":"https:\/\/ciac.pt\/en\/","logo":{"@type":"ImageObject","inLanguage":"en-US","@id":"https:\/\/ciac.pt\/en\/#\/schema\/logo\/image\/","url":"https:\/\/ciac.pt\/wp-content\/uploads\/2022\/06\/logo.svg","contentUrl":"https:\/\/ciac.pt\/wp-content\/uploads\/2022\/06\/logo.svg","width":184,"height":51,"caption":"CIAC"},"image":{"@id":"https:\/\/ciac.pt\/en\/#\/schema\/logo\/image\/"}},{"@type":"Person","@id":"https:\/\/ciac.pt\/en\/#\/schema\/person\/9c77bada9bcc70961fd0ee149ad39064","name":"editor2","image":{"@type":"ImageObject","inLanguage":"en-US","@id":"https:\/\/secure.gravatar.com\/avatar\/?s=96&d=mm&r=g","url":"https:\/\/secure.gravatar.com\/avatar\/?s=96&d=mm&r=g","contentUrl":"https:\/\/secure.gravatar.com\/avatar\/?s=96&d=mm&r=g","caption":"editor2"},"url":"https:\/\/ciac.pt\/en\/author\/editor2\/"}]}},"author_meta":{"display_name":"editor2","author_link":"https:\/\/ciac.pt\/en\/author\/editor2\/"},"featured_img":"https:\/\/ciac.pt\/wp-content\/uploads\/2025\/01\/Creative-in-Green.jpg","coauthors":[],"tax_additional":{"categories":{"linked":["<a href=\"https:\/\/ciac.pt\/en\/.\/news\/\" class=\"advgb-post-tax-term\">News<\/a>"],"unlinked":["<span class=\"advgb-post-tax-term\">News<\/span>"]},"tags":{"linked":["<a href=\"https:\/\/ciac.pt\/en\/.\/news\/\" class=\"advgb-post-tax-term\">Dissemination<\/a>"],"unlinked":["<span class=\"advgb-post-tax-term\">Dissemination<\/span>"]}},"comment_count":0,"relative_dates":{"created":"Posted 1 year ago","modified":"Updated 1 year ago"},"absolute_dates":{"created":"Posted on 06\/01\/2025","modified":"Updated on 09\/01\/2025"},"absolute_dates_time":{"created":"Posted on 06\/01\/2025 11:34","modified":"Updated on 09\/01\/2025 12:25"},"featured_img_caption":"","series_order":"","_links":{"self":[{"href":"https:\/\/ciac.pt\/en\/wp-json\/wp\/v2\/posts\/10473","targetHints":{"allow":["GET"]}}],"collection":[{"href":"https:\/\/ciac.pt\/en\/wp-json\/wp\/v2\/posts"}],"about":[{"href":"https:\/\/ciac.pt\/en\/wp-json\/wp\/v2\/types\/post"}],"author":[{"embeddable":true,"href":"https:\/\/ciac.pt\/en\/wp-json\/wp\/v2\/users\/4"}],"replies":[{"embeddable":true,"href":"https:\/\/ciac.pt\/en\/wp-json\/wp\/v2\/comments?post=10473"}],"version-history":[{"count":5,"href":"https:\/\/ciac.pt\/en\/wp-json\/wp\/v2\/posts\/10473\/revisions"}],"predecessor-version":[{"id":10503,"href":"https:\/\/ciac.pt\/en\/wp-json\/wp\/v2\/posts\/10473\/revisions\/10503"}],"wp:featuredmedia":[{"embeddable":true,"href":"https:\/\/ciac.pt\/en\/wp-json\/wp\/v2\/media\/10457"}],"wp:attachment":[{"href":"https:\/\/ciac.pt\/en\/wp-json\/wp\/v2\/media?parent=10473"}],"wp:term":[{"taxonomy":"category","embeddable":true,"href":"https:\/\/ciac.pt\/en\/wp-json\/wp\/v2\/categories?post=10473"},{"taxonomy":"post_tag","embeddable":true,"href":"https:\/\/ciac.pt\/en\/wp-json\/wp\/v2\/tags?post=10473"}],"curies":[{"name":"wp","href":"https:\/\/api.w.org\/{rel}","templated":true}]}}