{"id":10731,"date":"2025-02-06T16:21:25","date_gmt":"2025-02-06T16:21:25","guid":{"rendered":"https:\/\/ciac.pt\/?p=10731"},"modified":"2025-02-10T16:22:14","modified_gmt":"2025-02-10T16:22:14","slug":"hugo-paquete-launches-new-podcast-absonus-lab","status":"publish","type":"post","link":"https:\/\/ciac.pt\/en\/news\/hugo-paquete-launches-new-podcast-absonus-lab\/","title":{"rendered":"Hugo Paquete launches new Podcast: Absonus Lab"},"content":{"rendered":"\n<div class=\"wp-block-group alignwide\"><div class=\"wp-block-group__inner-container is-layout-constrained wp-block-group-is-layout-constrained\">\n\n\n\n\n<figure class=\"wp-block-image size-full is-resized\"><a href=\"https:\/\/ciac.pt\/wp-content\/uploads\/2025\/02\/Absonus-Lab-Hugo-Paquete.jpg\"><img decoding=\"async\" data-src=\"https:\/\/ciac.pt\/wp-content\/uploads\/2025\/02\/Absonus-Lab-Hugo-Paquete.jpg\" alt=\"\" class=\"wp-image-10697 lazyload\" style=\"--smush-placeholder-width: 1620px; --smush-placeholder-aspect-ratio: 1620\/1215;width:auto;height:300px\" src=\"data:image\/svg+xml;base64,PHN2ZyB3aWR0aD0iMSIgaGVpZ2h0PSIxIiB4bWxucz0iaHR0cDovL3d3dy53My5vcmcvMjAwMC9zdmciPjwvc3ZnPg==\" \/><\/a><\/figure>\n\n\n<h1 class=\"wp-block-post-title\">Hugo Paquete launches new Podcast: Absonus Lab<\/h1>\n\n<div class=\"wp-block-post-date has-text-color has-cyan-bluish-gray-color\"><time datetime=\"2025-02-06T16:21:25+00:00\">06\/02\/2025<\/time><\/div>\n\n\n<hr class=\"wp-block-separator has-text-color has-white-color has-alpha-channel-opacity has-white-background-color has-background\" \/>\n\n\n\n<p>CIAC researcher Hugo Paquete creates the \u2018Absonus Lab Podcast: Sound Exploration, Technology and Culture\u2019.<\/p>\n\n\n\n<p>At the crossroads of art, science and technology, the Absonus Lab Podcast establishes itself as a space for sonic experimentation and critical thinking. Presented by artist, transmedia artist and researcher Hugo Paquete, this podcast delves into its concepts and practices, exploring the constant evolution of sound art, computer music and post-digital aesthetics. Through a transdisciplinary approach, it promotes research, artistic exploration and scientific and cultural dissemination.<\/p>\n\n\n\n<p>With a PhD in Digital Art, Paquete critically analyses the impact of technology on cultural and sociological paradigms, questioning the limits of perception and the role of sound in contemporary art. Each episode investigates the metapolitical potential of innovation, highlighting subcultural movements, experimental methodologies and artistic processes that resist aesthetic homogenisation \u2014 from post-techno to noise music, as well as the impact of technological infrastructures on artistic creation in digital art.<\/p>\n\n\n\n<p>Through conversations, the Absonus Lab Podcast challenges the conventions of contemporary art, exploring how artificial intelligence, computer systems and speculative realism reshape sound art and digital media. Whether it&#8217;s the sonification of data, the expansion of reality or hybrid materialism, each episode invites listeners to rethink the social, creative and philosophical dimensions of sound, music and digital art.<\/p>\n\n\n\n<p>Links to the Podcast page: (<a href=\"\/\/open.spotify.com\/show\/6TozJ9FSrIY5CuPiGgrVYe\" data-type=\"link\" data-id=\"s:\/\/open.spotify.com\/show\/6TozJ9FSrIY5CuPiGgrVYe\">here<\/a>) and (<a href=\"https:\/\/creators.spotify.com\/pod\/show\/hugo-paquete\" data-type=\"link\" data-id=\"https:\/\/creators.spotify.com\/pod\/show\/hugo-paquete\">here<\/a>).<\/p>\n\n\n\n<p>More information (<a href=\"https:\/\/absonuslab.org\/podcast\" data-type=\"link\" data-id=\"https:\/\/absonuslab.org\/podcast\">here<\/a>).<\/p>\n\n\n\n<hr class=\"wp-block-separator alignwide has-alpha-channel-opacity is-style-wide separador-mais-info\" \/>\n\n\n<\/div><\/div>\n","protected":false},"excerpt":{"rendered":"<p>CIAC researcher Hugo Paquete creates the \u2018Absonus Lab Podcast: Sound Exploration, Technology<\/p>\n","protected":false},"author":4,"featured_media":10698,"comment_status":"closed","ping_status":"closed","sticky":false,"template":"","format":"standard","meta":{"_eb_attr":"","inline_featured_image":false,"advgb_blocks_editor_width":"","advgb_blocks_columns_visual_guide":"","footnotes":"","_links_to":"","_links_to_target":""},"categories":[61],"tags":[139],"class_list":["post-10731","post","type-post","status-publish","format-standard","has-post-thumbnail","hentry","category-news","tag-dissemination"],"yoast_head":"<!-- This site is optimized with the Yoast SEO plugin v27.4 - https:\/\/yoast.com\/product\/yoast-seo-wordpress\/ -->\n<title>Hugo Paquete launches new Podcast: Absonus Lab - CIAC<\/title>\n<meta name=\"robots\" content=\"index, follow, max-snippet:-1, max-image-preview:large, max-video-preview:-1\" \/>\n<link rel=\"canonical\" href=\"https:\/\/ciac.pt\/en\/news\/hugo-paquete-launches-new-podcast-absonus-lab\/\" \/>\n<meta property=\"og:locale\" content=\"en_US\" \/>\n<meta property=\"og:type\" content=\"article\" \/>\n<meta property=\"og:title\" content=\"Hugo Paquete launches new Podcast: Absonus Lab - CIAC\" \/>\n<meta property=\"og:description\" content=\"CIAC researcher Hugo Paquete creates the \u2018Absonus Lab Podcast: Sound Exploration, Technology\" \/>\n<meta property=\"og:url\" content=\"https:\/\/ciac.pt\/en\/news\/hugo-paquete-launches-new-podcast-absonus-lab\/\" \/>\n<meta property=\"og:site_name\" content=\"CIAC\" \/>\n<meta property=\"article:published_time\" content=\"2025-02-06T16:21:25+00:00\" \/>\n<meta property=\"article:modified_time\" content=\"2025-02-10T16:22:14+00:00\" \/>\n<meta property=\"og:image\" content=\"https:\/\/ciac.pt\/wp-content\/uploads\/2025\/02\/Absonus-Lab-Hugo-Paquete.jpg\" \/>\n\t<meta property=\"og:image:width\" content=\"1\" \/>\n\t<meta property=\"og:image:height\" content=\"1\" \/>\n\t<meta property=\"og:image:type\" content=\"image\/jpeg\" \/>\n<meta name=\"author\" content=\"editor2\" \/>\n<meta name=\"twitter:card\" content=\"summary_large_image\" \/>\n<meta name=\"twitter:label1\" content=\"Written by\" \/>\n\t<meta name=\"twitter:data1\" content=\"editor2\" \/>\n\t<meta name=\"twitter:label2\" content=\"Est. reading time\" \/>\n\t<meta name=\"twitter:data2\" content=\"1 minute\" \/>\n<script type=\"application\/ld+json\" class=\"yoast-schema-graph\">{\"@context\":\"https:\\\/\\\/schema.org\",\"@graph\":[{\"@type\":\"Article\",\"@id\":\"https:\\\/\\\/ciac.pt\\\/en\\\/news\\\/hugo-paquete-launches-new-podcast-absonus-lab\\\/#article\",\"isPartOf\":{\"@id\":\"https:\\\/\\\/ciac.pt\\\/en\\\/news\\\/hugo-paquete-launches-new-podcast-absonus-lab\\\/\"},\"author\":{\"name\":\"editor2\",\"@id\":\"https:\\\/\\\/ciac.pt\\\/en\\\/#\\\/schema\\\/person\\\/9c77bada9bcc70961fd0ee149ad39064\"},\"headline\":\"Hugo Paquete launches new Podcast: Absonus Lab\",\"datePublished\":\"2025-02-06T16:21:25+00:00\",\"dateModified\":\"2025-02-10T16:22:14+00:00\",\"mainEntityOfPage\":{\"@id\":\"https:\\\/\\\/ciac.pt\\\/en\\\/news\\\/hugo-paquete-launches-new-podcast-absonus-lab\\\/\"},\"wordCount\":229,\"publisher\":{\"@id\":\"https:\\\/\\\/ciac.pt\\\/en\\\/#organization\"},\"image\":{\"@id\":\"https:\\\/\\\/ciac.pt\\\/en\\\/news\\\/hugo-paquete-launches-new-podcast-absonus-lab\\\/#primaryimage\"},\"thumbnailUrl\":\"https:\\\/\\\/ciac.pt\\\/wp-content\\\/uploads\\\/2025\\\/02\\\/Absonus-Lab-Hugo-Paquete.jpg\",\"keywords\":[\"Dissemination\"],\"articleSection\":[\"News\"],\"inLanguage\":\"en-US\"},{\"@type\":\"WebPage\",\"@id\":\"https:\\\/\\\/ciac.pt\\\/en\\\/news\\\/hugo-paquete-launches-new-podcast-absonus-lab\\\/\",\"url\":\"https:\\\/\\\/ciac.pt\\\/en\\\/news\\\/hugo-paquete-launches-new-podcast-absonus-lab\\\/\",\"name\":\"Hugo Paquete launches new Podcast: Absonus Lab - CIAC\",\"isPartOf\":{\"@id\":\"https:\\\/\\\/ciac.pt\\\/en\\\/#website\"},\"primaryImageOfPage\":{\"@id\":\"https:\\\/\\\/ciac.pt\\\/en\\\/news\\\/hugo-paquete-launches-new-podcast-absonus-lab\\\/#primaryimage\"},\"image\":{\"@id\":\"https:\\\/\\\/ciac.pt\\\/en\\\/news\\\/hugo-paquete-launches-new-podcast-absonus-lab\\\/#primaryimage\"},\"thumbnailUrl\":\"https:\\\/\\\/ciac.pt\\\/wp-content\\\/uploads\\\/2025\\\/02\\\/Absonus-Lab-Hugo-Paquete.jpg\",\"datePublished\":\"2025-02-06T16:21:25+00:00\",\"dateModified\":\"2025-02-10T16:22:14+00:00\",\"breadcrumb\":{\"@id\":\"https:\\\/\\\/ciac.pt\\\/en\\\/news\\\/hugo-paquete-launches-new-podcast-absonus-lab\\\/#breadcrumb\"},\"inLanguage\":\"en-US\",\"potentialAction\":[{\"@type\":\"ReadAction\",\"target\":[\"https:\\\/\\\/ciac.pt\\\/en\\\/news\\\/hugo-paquete-launches-new-podcast-absonus-lab\\\/\"]}]},{\"@type\":\"ImageObject\",\"inLanguage\":\"en-US\",\"@id\":\"https:\\\/\\\/ciac.pt\\\/en\\\/news\\\/hugo-paquete-launches-new-podcast-absonus-lab\\\/#primaryimage\",\"url\":\"https:\\\/\\\/ciac.pt\\\/wp-content\\\/uploads\\\/2025\\\/02\\\/Absonus-Lab-Hugo-Paquete.jpg\",\"contentUrl\":\"https:\\\/\\\/ciac.pt\\\/wp-content\\\/uploads\\\/2025\\\/02\\\/Absonus-Lab-Hugo-Paquete.jpg\"},{\"@type\":\"BreadcrumbList\",\"@id\":\"https:\\\/\\\/ciac.pt\\\/en\\\/news\\\/hugo-paquete-launches-new-podcast-absonus-lab\\\/#breadcrumb\",\"itemListElement\":[{\"@type\":\"ListItem\",\"position\":1,\"name\":\"In\u00edcio\",\"item\":\"https:\\\/\\\/ciac.pt\\\/en\\\/\"},{\"@type\":\"ListItem\",\"position\":2,\"name\":\"Hugo Paquete launches new Podcast: Absonus Lab\"}]},{\"@type\":\"WebSite\",\"@id\":\"https:\\\/\\\/ciac.pt\\\/en\\\/#website\",\"url\":\"https:\\\/\\\/ciac.pt\\\/en\\\/\",\"name\":\"CIAC\",\"description\":\"Centro de Investiga\u00e7\u00e3o em Artes e Comunica\u00e7\u00e3o\",\"publisher\":{\"@id\":\"https:\\\/\\\/ciac.pt\\\/en\\\/#organization\"},\"potentialAction\":[{\"@type\":\"SearchAction\",\"target\":{\"@type\":\"EntryPoint\",\"urlTemplate\":\"https:\\\/\\\/ciac.pt\\\/en\\\/?s={search_term_string}\"},\"query-input\":{\"@type\":\"PropertyValueSpecification\",\"valueRequired\":true,\"valueName\":\"search_term_string\"}}],\"inLanguage\":\"en-US\"},{\"@type\":\"Organization\",\"@id\":\"https:\\\/\\\/ciac.pt\\\/en\\\/#organization\",\"name\":\"CIAC\",\"url\":\"https:\\\/\\\/ciac.pt\\\/en\\\/\",\"logo\":{\"@type\":\"ImageObject\",\"inLanguage\":\"en-US\",\"@id\":\"https:\\\/\\\/ciac.pt\\\/en\\\/#\\\/schema\\\/logo\\\/image\\\/\",\"url\":\"https:\\\/\\\/ciac.pt\\\/wp-content\\\/uploads\\\/2022\\\/06\\\/logo.svg\",\"contentUrl\":\"https:\\\/\\\/ciac.pt\\\/wp-content\\\/uploads\\\/2022\\\/06\\\/logo.svg\",\"width\":184,\"height\":51,\"caption\":\"CIAC\"},\"image\":{\"@id\":\"https:\\\/\\\/ciac.pt\\\/en\\\/#\\\/schema\\\/logo\\\/image\\\/\"}},{\"@type\":\"Person\",\"@id\":\"https:\\\/\\\/ciac.pt\\\/en\\\/#\\\/schema\\\/person\\\/9c77bada9bcc70961fd0ee149ad39064\",\"name\":\"editor2\",\"image\":{\"@type\":\"ImageObject\",\"inLanguage\":\"en-US\",\"@id\":\"https:\\\/\\\/secure.gravatar.com\\\/avatar\\\/?s=96&d=mm&r=g\",\"url\":\"https:\\\/\\\/secure.gravatar.com\\\/avatar\\\/?s=96&d=mm&r=g\",\"contentUrl\":\"https:\\\/\\\/secure.gravatar.com\\\/avatar\\\/?s=96&d=mm&r=g\",\"caption\":\"editor2\"},\"url\":\"https:\\\/\\\/ciac.pt\\\/en\\\/author\\\/editor2\\\/\"}]}<\/script>\n<!-- \/ Yoast SEO plugin. -->","yoast_head_json":{"title":"Hugo Paquete launches new Podcast: Absonus Lab - CIAC","robots":{"index":"index","follow":"follow","max-snippet":"max-snippet:-1","max-image-preview":"max-image-preview:large","max-video-preview":"max-video-preview:-1"},"canonical":"https:\/\/ciac.pt\/en\/news\/hugo-paquete-launches-new-podcast-absonus-lab\/","og_locale":"en_US","og_type":"article","og_title":"Hugo Paquete launches new Podcast: Absonus Lab - CIAC","og_description":"CIAC researcher Hugo Paquete creates the \u2018Absonus Lab Podcast: Sound Exploration, Technology","og_url":"https:\/\/ciac.pt\/en\/news\/hugo-paquete-launches-new-podcast-absonus-lab\/","og_site_name":"CIAC","article_published_time":"2025-02-06T16:21:25+00:00","article_modified_time":"2025-02-10T16:22:14+00:00","og_image":[{"url":"https:\/\/ciac.pt\/wp-content\/uploads\/2025\/02\/Absonus-Lab-Hugo-Paquete.jpg","width":1,"height":1,"type":"image\/jpeg"}],"author":"editor2","twitter_card":"summary_large_image","twitter_misc":{"Written by":"editor2","Est. reading time":"1 minute"},"schema":{"@context":"https:\/\/schema.org","@graph":[{"@type":"Article","@id":"https:\/\/ciac.pt\/en\/news\/hugo-paquete-launches-new-podcast-absonus-lab\/#article","isPartOf":{"@id":"https:\/\/ciac.pt\/en\/news\/hugo-paquete-launches-new-podcast-absonus-lab\/"},"author":{"name":"editor2","@id":"https:\/\/ciac.pt\/en\/#\/schema\/person\/9c77bada9bcc70961fd0ee149ad39064"},"headline":"Hugo Paquete launches new Podcast: Absonus Lab","datePublished":"2025-02-06T16:21:25+00:00","dateModified":"2025-02-10T16:22:14+00:00","mainEntityOfPage":{"@id":"https:\/\/ciac.pt\/en\/news\/hugo-paquete-launches-new-podcast-absonus-lab\/"},"wordCount":229,"publisher":{"@id":"https:\/\/ciac.pt\/en\/#organization"},"image":{"@id":"https:\/\/ciac.pt\/en\/news\/hugo-paquete-launches-new-podcast-absonus-lab\/#primaryimage"},"thumbnailUrl":"https:\/\/ciac.pt\/wp-content\/uploads\/2025\/02\/Absonus-Lab-Hugo-Paquete.jpg","keywords":["Dissemination"],"articleSection":["News"],"inLanguage":"en-US"},{"@type":"WebPage","@id":"https:\/\/ciac.pt\/en\/news\/hugo-paquete-launches-new-podcast-absonus-lab\/","url":"https:\/\/ciac.pt\/en\/news\/hugo-paquete-launches-new-podcast-absonus-lab\/","name":"Hugo Paquete launches new Podcast: Absonus Lab - CIAC","isPartOf":{"@id":"https:\/\/ciac.pt\/en\/#website"},"primaryImageOfPage":{"@id":"https:\/\/ciac.pt\/en\/news\/hugo-paquete-launches-new-podcast-absonus-lab\/#primaryimage"},"image":{"@id":"https:\/\/ciac.pt\/en\/news\/hugo-paquete-launches-new-podcast-absonus-lab\/#primaryimage"},"thumbnailUrl":"https:\/\/ciac.pt\/wp-content\/uploads\/2025\/02\/Absonus-Lab-Hugo-Paquete.jpg","datePublished":"2025-02-06T16:21:25+00:00","dateModified":"2025-02-10T16:22:14+00:00","breadcrumb":{"@id":"https:\/\/ciac.pt\/en\/news\/hugo-paquete-launches-new-podcast-absonus-lab\/#breadcrumb"},"inLanguage":"en-US","potentialAction":[{"@type":"ReadAction","target":["https:\/\/ciac.pt\/en\/news\/hugo-paquete-launches-new-podcast-absonus-lab\/"]}]},{"@type":"ImageObject","inLanguage":"en-US","@id":"https:\/\/ciac.pt\/en\/news\/hugo-paquete-launches-new-podcast-absonus-lab\/#primaryimage","url":"https:\/\/ciac.pt\/wp-content\/uploads\/2025\/02\/Absonus-Lab-Hugo-Paquete.jpg","contentUrl":"https:\/\/ciac.pt\/wp-content\/uploads\/2025\/02\/Absonus-Lab-Hugo-Paquete.jpg"},{"@type":"BreadcrumbList","@id":"https:\/\/ciac.pt\/en\/news\/hugo-paquete-launches-new-podcast-absonus-lab\/#breadcrumb","itemListElement":[{"@type":"ListItem","position":1,"name":"In\u00edcio","item":"https:\/\/ciac.pt\/en\/"},{"@type":"ListItem","position":2,"name":"Hugo Paquete launches new Podcast: Absonus Lab"}]},{"@type":"WebSite","@id":"https:\/\/ciac.pt\/en\/#website","url":"https:\/\/ciac.pt\/en\/","name":"CIAC","description":"Centro de Investiga\u00e7\u00e3o em Artes e Comunica\u00e7\u00e3o","publisher":{"@id":"https:\/\/ciac.pt\/en\/#organization"},"potentialAction":[{"@type":"SearchAction","target":{"@type":"EntryPoint","urlTemplate":"https:\/\/ciac.pt\/en\/?s={search_term_string}"},"query-input":{"@type":"PropertyValueSpecification","valueRequired":true,"valueName":"search_term_string"}}],"inLanguage":"en-US"},{"@type":"Organization","@id":"https:\/\/ciac.pt\/en\/#organization","name":"CIAC","url":"https:\/\/ciac.pt\/en\/","logo":{"@type":"ImageObject","inLanguage":"en-US","@id":"https:\/\/ciac.pt\/en\/#\/schema\/logo\/image\/","url":"https:\/\/ciac.pt\/wp-content\/uploads\/2022\/06\/logo.svg","contentUrl":"https:\/\/ciac.pt\/wp-content\/uploads\/2022\/06\/logo.svg","width":184,"height":51,"caption":"CIAC"},"image":{"@id":"https:\/\/ciac.pt\/en\/#\/schema\/logo\/image\/"}},{"@type":"Person","@id":"https:\/\/ciac.pt\/en\/#\/schema\/person\/9c77bada9bcc70961fd0ee149ad39064","name":"editor2","image":{"@type":"ImageObject","inLanguage":"en-US","@id":"https:\/\/secure.gravatar.com\/avatar\/?s=96&d=mm&r=g","url":"https:\/\/secure.gravatar.com\/avatar\/?s=96&d=mm&r=g","contentUrl":"https:\/\/secure.gravatar.com\/avatar\/?s=96&d=mm&r=g","caption":"editor2"},"url":"https:\/\/ciac.pt\/en\/author\/editor2\/"}]}},"author_meta":{"display_name":"editor2","author_link":"https:\/\/ciac.pt\/en\/author\/editor2\/"},"featured_img":"https:\/\/ciac.pt\/wp-content\/uploads\/2025\/02\/Absonus-Lab-Hugo-Paquete.jpg","coauthors":[],"tax_additional":{"categories":{"linked":["<a href=\"https:\/\/ciac.pt\/en\/.\/news\/\" class=\"advgb-post-tax-term\">News<\/a>"],"unlinked":["<span class=\"advgb-post-tax-term\">News<\/span>"]},"tags":{"linked":["<a href=\"https:\/\/ciac.pt\/en\/.\/news\/\" class=\"advgb-post-tax-term\">Dissemination<\/a>"],"unlinked":["<span class=\"advgb-post-tax-term\">Dissemination<\/span>"]}},"comment_count":0,"relative_dates":{"created":"Posted 1 year ago","modified":"Updated 1 year ago"},"absolute_dates":{"created":"Posted on 06\/02\/2025","modified":"Updated on 10\/02\/2025"},"absolute_dates_time":{"created":"Posted on 06\/02\/2025 16:21","modified":"Updated on 10\/02\/2025 16:22"},"featured_img_caption":"","series_order":"","_links":{"self":[{"href":"https:\/\/ciac.pt\/en\/wp-json\/wp\/v2\/posts\/10731","targetHints":{"allow":["GET"]}}],"collection":[{"href":"https:\/\/ciac.pt\/en\/wp-json\/wp\/v2\/posts"}],"about":[{"href":"https:\/\/ciac.pt\/en\/wp-json\/wp\/v2\/types\/post"}],"author":[{"embeddable":true,"href":"https:\/\/ciac.pt\/en\/wp-json\/wp\/v2\/users\/4"}],"replies":[{"embeddable":true,"href":"https:\/\/ciac.pt\/en\/wp-json\/wp\/v2\/comments?post=10731"}],"version-history":[{"count":2,"href":"https:\/\/ciac.pt\/en\/wp-json\/wp\/v2\/posts\/10731\/revisions"}],"predecessor-version":[{"id":10733,"href":"https:\/\/ciac.pt\/en\/wp-json\/wp\/v2\/posts\/10731\/revisions\/10733"}],"wp:featuredmedia":[{"embeddable":true,"href":"https:\/\/ciac.pt\/en\/wp-json\/wp\/v2\/media\/10698"}],"wp:attachment":[{"href":"https:\/\/ciac.pt\/en\/wp-json\/wp\/v2\/media?parent=10731"}],"wp:term":[{"taxonomy":"category","embeddable":true,"href":"https:\/\/ciac.pt\/en\/wp-json\/wp\/v2\/categories?post=10731"},{"taxonomy":"post_tag","embeddable":true,"href":"https:\/\/ciac.pt\/en\/wp-json\/wp\/v2\/tags?post=10731"}],"curies":[{"name":"wp","href":"https:\/\/api.w.org\/{rel}","templated":true}]}}