{"id":10922,"date":"2025-03-25T12:10:44","date_gmt":"2025-03-25T12:10:44","guid":{"rendered":"https:\/\/ciac.pt\/?p=10922"},"modified":"2025-03-25T12:10:44","modified_gmt":"2025-03-25T12:10:44","slug":"apropiacion-cultural-e-contradiscurso-historico-volume-i","status":"publish","type":"post","link":"https:\/\/ciac.pt\/en\/publications\/apropiacion-cultural-e-contradiscurso-historico-volume-i\/","title":{"rendered":"Apropiaci\u00f3n cultural e contradiscurso hist\u00f3rico. Volume I"},"content":{"rendered":"\n<figure class=\"wp-block-image size-full\"><img decoding=\"async\" data-src=\"https:\/\/ciac.pt\/wp-content\/uploads\/2025\/03\/apropiacion-cultural-e-contradiscurso-historico-1.jpg\" alt=\"\" class=\"wp-image-10914 lazyload\" src=\"data:image\/svg+xml;base64,PHN2ZyB3aWR0aD0iMSIgaGVpZ2h0PSIxIiB4bWxucz0iaHR0cDovL3d3dy53My5vcmcvMjAwMC9zdmciPjwvc3ZnPg==\" style=\"--smush-placeholder-width: 183px; --smush-placeholder-aspect-ratio: 183\/300;\" \/><\/figure>\n\n\n\n<hr class=\"wp-block-separator has-text-color has-white-color has-alpha-channel-opacity has-white-background-color has-background\"\/>\n\n\n\n<p>Galician literature begins its rebirth in the nineteenth century in a context of nationalist claims that is an echo of the movement that runs throughout Europe since the mid-eighteenth century. Faced with the need to justify the defense of a differentiated collective identity, the project of recovering a silenced and distorted history from the hexemonic culture with the intention of assimilation and standardization is imposed. Thus, through the historical discourse, the postulation of the Celtic origin of the Galician people, an idea that will function as a mythomoteur on which the nationalitarian discursive formation is based and which, from the ideological point of view, is immediately transferred to literary creation, acquiring a fundamental aesthetic dimension. This myth has an extraordinary internal effectiveness for the formation of the Galician collective imaginary and for the nationalist discursive formation, since it serves to provide an ethnic group of identification -the Celtic peoples- and, at the same time, an ethnic group of exclusion against which the new group can be affirmed, since Celtic Galicia stands out against the rest of the Peninsula of Iberian origin.<\/p>\n\n\n\n<p>Following the semiological analysis of myth proposed by Barthes in his Mythologies, in the case of the Celtic myth the \u201csignifier\u201d -the claim of the Celtic origin of Galicia- is naturally linked to the \u201cconcept\u201d -the Galician nationality-. The relationship that links the concept of the myth to the form is, basically, a relationship of deformation (Barthes, 1957: 207) that, in this case, transmutes history into nature; thus, the signifier seems to give rise to the signified -the Celtic origin justifies the existence of the nation-, when in reality the mechanism that works to create the myth is the opposite: the need to demonstrate the existence of the nation requires the belief in a common past from the most remote origins.<\/p>\n\n\n\n<p><strong>Author:<\/strong>\u00a0Mar\u00eda Xex\u00fas Lama L\u00f3pez<\/p>\n\n\n\n<p><strong>Edition:<\/strong> Mar\u00eda Jes\u00fas Botana Vilar e Claudia Mari\u00f1o G\u00f3mez<\/p>\n\n\n\n<p><strong>Year:<\/strong>\u00a02022<\/p>\n\n\n\n<p><strong>ISBN:<\/strong>&nbsp;978-989-9127-14-2<\/p>\n\n\n\n<p><strong>Number of pages:<\/strong> 180<\/p>\n\n\n\n<p><a href=\"https:\/\/doi.org\/10.34623\/m8h6-q916\" target=\"_blank\" rel=\"noreferrer noopener\">Download<\/a><\/p>\n","protected":false},"excerpt":{"rendered":"<p>Galician literature begins its rebirth in the nineteenth century in a context<\/p>\n","protected":false},"author":1,"featured_media":10915,"comment_status":"closed","ping_status":"closed","sticky":false,"template":"","format":"standard","meta":{"_eb_attr":"","inline_featured_image":false,"advgb_blocks_editor_width":"","advgb_blocks_columns_visual_guide":"","footnotes":"","_links_to":"","_links_to_target":""},"categories":[62],"tags":[94],"class_list":["post-10922","post","type-post","status-publish","format-standard","has-post-thumbnail","hentry","category-publications","tag-centre-for-galician-studies"],"yoast_head":"<!-- This site is optimized with the Yoast SEO plugin v27.4 - https:\/\/yoast.com\/product\/yoast-seo-wordpress\/ -->\n<title>Apropiaci\u00f3n cultural e contradiscurso hist\u00f3rico. Volume I - CIAC<\/title>\n<meta name=\"robots\" content=\"index, follow, max-snippet:-1, max-image-preview:large, max-video-preview:-1\" \/>\n<link rel=\"canonical\" href=\"https:\/\/ciac.pt\/en\/publications\/apropiacion-cultural-e-contradiscurso-historico-volume-i\/\" \/>\n<meta property=\"og:locale\" content=\"en_US\" \/>\n<meta property=\"og:type\" content=\"article\" \/>\n<meta property=\"og:title\" content=\"Apropiaci\u00f3n cultural e contradiscurso hist\u00f3rico. Volume I - CIAC\" \/>\n<meta property=\"og:description\" content=\"Galician literature begins its rebirth in the nineteenth century in a context\" \/>\n<meta property=\"og:url\" content=\"https:\/\/ciac.pt\/en\/publications\/apropiacion-cultural-e-contradiscurso-historico-volume-i\/\" \/>\n<meta property=\"og:site_name\" content=\"CIAC\" \/>\n<meta property=\"article:published_time\" content=\"2025-03-25T12:10:44+00:00\" \/>\n<meta property=\"og:image\" content=\"https:\/\/ciac.pt\/wp-content\/uploads\/2025\/03\/apropiacion-cultural-e-contradiscurso-historico-1.jpg\" \/>\n\t<meta property=\"og:image:width\" content=\"1\" \/>\n\t<meta property=\"og:image:height\" content=\"1\" \/>\n\t<meta property=\"og:image:type\" content=\"image\/jpeg\" \/>\n<meta name=\"author\" content=\"webmaster\" \/>\n<meta name=\"twitter:card\" content=\"summary_large_image\" \/>\n<meta name=\"twitter:label1\" content=\"Written by\" \/>\n\t<meta name=\"twitter:data1\" content=\"webmaster\" \/>\n\t<meta name=\"twitter:label2\" content=\"Est. reading time\" \/>\n\t<meta name=\"twitter:data2\" content=\"2 minutes\" \/>\n<script type=\"application\/ld+json\" class=\"yoast-schema-graph\">{\"@context\":\"https:\\\/\\\/schema.org\",\"@graph\":[{\"@type\":\"Article\",\"@id\":\"https:\\\/\\\/ciac.pt\\\/en\\\/publications\\\/apropiacion-cultural-e-contradiscurso-historico-volume-i\\\/#article\",\"isPartOf\":{\"@id\":\"https:\\\/\\\/ciac.pt\\\/en\\\/publications\\\/apropiacion-cultural-e-contradiscurso-historico-volume-i\\\/\"},\"author\":{\"name\":\"webmaster\",\"@id\":\"https:\\\/\\\/ciac.pt\\\/en\\\/#\\\/schema\\\/person\\\/d6e2493431ce9cb2a44b9c1a48dcdf22\"},\"headline\":\"Apropiaci\u00f3n cultural e contradiscurso hist\u00f3rico. Volume I\",\"datePublished\":\"2025-03-25T12:10:44+00:00\",\"mainEntityOfPage\":{\"@id\":\"https:\\\/\\\/ciac.pt\\\/en\\\/publications\\\/apropiacion-cultural-e-contradiscurso-historico-volume-i\\\/\"},\"wordCount\":341,\"publisher\":{\"@id\":\"https:\\\/\\\/ciac.pt\\\/en\\\/#organization\"},\"image\":{\"@id\":\"https:\\\/\\\/ciac.pt\\\/en\\\/publications\\\/apropiacion-cultural-e-contradiscurso-historico-volume-i\\\/#primaryimage\"},\"thumbnailUrl\":\"https:\\\/\\\/ciac.pt\\\/wp-content\\\/uploads\\\/2025\\\/03\\\/apropiacion-cultural-e-contradiscurso-historico-1.jpg\",\"keywords\":[\"Centre for Galician Studies\"],\"articleSection\":[\"Publications\"],\"inLanguage\":\"en-US\"},{\"@type\":\"WebPage\",\"@id\":\"https:\\\/\\\/ciac.pt\\\/en\\\/publications\\\/apropiacion-cultural-e-contradiscurso-historico-volume-i\\\/\",\"url\":\"https:\\\/\\\/ciac.pt\\\/en\\\/publications\\\/apropiacion-cultural-e-contradiscurso-historico-volume-i\\\/\",\"name\":\"Apropiaci\u00f3n cultural e contradiscurso hist\u00f3rico. Volume I - CIAC\",\"isPartOf\":{\"@id\":\"https:\\\/\\\/ciac.pt\\\/en\\\/#website\"},\"primaryImageOfPage\":{\"@id\":\"https:\\\/\\\/ciac.pt\\\/en\\\/publications\\\/apropiacion-cultural-e-contradiscurso-historico-volume-i\\\/#primaryimage\"},\"image\":{\"@id\":\"https:\\\/\\\/ciac.pt\\\/en\\\/publications\\\/apropiacion-cultural-e-contradiscurso-historico-volume-i\\\/#primaryimage\"},\"thumbnailUrl\":\"https:\\\/\\\/ciac.pt\\\/wp-content\\\/uploads\\\/2025\\\/03\\\/apropiacion-cultural-e-contradiscurso-historico-1.jpg\",\"datePublished\":\"2025-03-25T12:10:44+00:00\",\"breadcrumb\":{\"@id\":\"https:\\\/\\\/ciac.pt\\\/en\\\/publications\\\/apropiacion-cultural-e-contradiscurso-historico-volume-i\\\/#breadcrumb\"},\"inLanguage\":\"en-US\",\"potentialAction\":[{\"@type\":\"ReadAction\",\"target\":[\"https:\\\/\\\/ciac.pt\\\/en\\\/publications\\\/apropiacion-cultural-e-contradiscurso-historico-volume-i\\\/\"]}]},{\"@type\":\"ImageObject\",\"inLanguage\":\"en-US\",\"@id\":\"https:\\\/\\\/ciac.pt\\\/en\\\/publications\\\/apropiacion-cultural-e-contradiscurso-historico-volume-i\\\/#primaryimage\",\"url\":\"https:\\\/\\\/ciac.pt\\\/wp-content\\\/uploads\\\/2025\\\/03\\\/apropiacion-cultural-e-contradiscurso-historico-1.jpg\",\"contentUrl\":\"https:\\\/\\\/ciac.pt\\\/wp-content\\\/uploads\\\/2025\\\/03\\\/apropiacion-cultural-e-contradiscurso-historico-1.jpg\"},{\"@type\":\"BreadcrumbList\",\"@id\":\"https:\\\/\\\/ciac.pt\\\/en\\\/publications\\\/apropiacion-cultural-e-contradiscurso-historico-volume-i\\\/#breadcrumb\",\"itemListElement\":[{\"@type\":\"ListItem\",\"position\":1,\"name\":\"In\u00edcio\",\"item\":\"https:\\\/\\\/ciac.pt\\\/en\\\/\"},{\"@type\":\"ListItem\",\"position\":2,\"name\":\"Apropiaci\u00f3n cultural e contradiscurso hist\u00f3rico. Volume I\"}]},{\"@type\":\"WebSite\",\"@id\":\"https:\\\/\\\/ciac.pt\\\/en\\\/#website\",\"url\":\"https:\\\/\\\/ciac.pt\\\/en\\\/\",\"name\":\"CIAC\",\"description\":\"Centro de Investiga\u00e7\u00e3o em Artes e Comunica\u00e7\u00e3o\",\"publisher\":{\"@id\":\"https:\\\/\\\/ciac.pt\\\/en\\\/#organization\"},\"potentialAction\":[{\"@type\":\"SearchAction\",\"target\":{\"@type\":\"EntryPoint\",\"urlTemplate\":\"https:\\\/\\\/ciac.pt\\\/en\\\/?s={search_term_string}\"},\"query-input\":{\"@type\":\"PropertyValueSpecification\",\"valueRequired\":true,\"valueName\":\"search_term_string\"}}],\"inLanguage\":\"en-US\"},{\"@type\":\"Organization\",\"@id\":\"https:\\\/\\\/ciac.pt\\\/en\\\/#organization\",\"name\":\"CIAC\",\"url\":\"https:\\\/\\\/ciac.pt\\\/en\\\/\",\"logo\":{\"@type\":\"ImageObject\",\"inLanguage\":\"en-US\",\"@id\":\"https:\\\/\\\/ciac.pt\\\/en\\\/#\\\/schema\\\/logo\\\/image\\\/\",\"url\":\"https:\\\/\\\/ciac.pt\\\/wp-content\\\/uploads\\\/2022\\\/06\\\/logo.svg\",\"contentUrl\":\"https:\\\/\\\/ciac.pt\\\/wp-content\\\/uploads\\\/2022\\\/06\\\/logo.svg\",\"width\":184,\"height\":51,\"caption\":\"CIAC\"},\"image\":{\"@id\":\"https:\\\/\\\/ciac.pt\\\/en\\\/#\\\/schema\\\/logo\\\/image\\\/\"}},{\"@type\":\"Person\",\"@id\":\"https:\\\/\\\/ciac.pt\\\/en\\\/#\\\/schema\\\/person\\\/d6e2493431ce9cb2a44b9c1a48dcdf22\",\"name\":\"webmaster\",\"image\":{\"@type\":\"ImageObject\",\"inLanguage\":\"en-US\",\"@id\":\"https:\\\/\\\/secure.gravatar.com\\\/avatar\\\/4ef351d84fb3a91f19297e2b90dbe2c32d11868ce0fb67b2b84c961cffdfb009?s=96&d=mm&r=g\",\"url\":\"https:\\\/\\\/secure.gravatar.com\\\/avatar\\\/4ef351d84fb3a91f19297e2b90dbe2c32d11868ce0fb67b2b84c961cffdfb009?s=96&d=mm&r=g\",\"contentUrl\":\"https:\\\/\\\/secure.gravatar.com\\\/avatar\\\/4ef351d84fb3a91f19297e2b90dbe2c32d11868ce0fb67b2b84c961cffdfb009?s=96&d=mm&r=g\",\"caption\":\"webmaster\"},\"url\":\"https:\\\/\\\/ciac.pt\\\/en\\\/author\\\/webmaster\\\/\"}]}<\/script>\n<!-- \/ Yoast SEO plugin. -->","yoast_head_json":{"title":"Apropiaci\u00f3n cultural e contradiscurso hist\u00f3rico. Volume I - CIAC","robots":{"index":"index","follow":"follow","max-snippet":"max-snippet:-1","max-image-preview":"max-image-preview:large","max-video-preview":"max-video-preview:-1"},"canonical":"https:\/\/ciac.pt\/en\/publications\/apropiacion-cultural-e-contradiscurso-historico-volume-i\/","og_locale":"en_US","og_type":"article","og_title":"Apropiaci\u00f3n cultural e contradiscurso hist\u00f3rico. Volume I - CIAC","og_description":"Galician literature begins its rebirth in the nineteenth century in a context","og_url":"https:\/\/ciac.pt\/en\/publications\/apropiacion-cultural-e-contradiscurso-historico-volume-i\/","og_site_name":"CIAC","article_published_time":"2025-03-25T12:10:44+00:00","og_image":[{"url":"https:\/\/ciac.pt\/wp-content\/uploads\/2025\/03\/apropiacion-cultural-e-contradiscurso-historico-1.jpg","width":1,"height":1,"type":"image\/jpeg"}],"author":"webmaster","twitter_card":"summary_large_image","twitter_misc":{"Written by":"webmaster","Est. reading time":"2 minutes"},"schema":{"@context":"https:\/\/schema.org","@graph":[{"@type":"Article","@id":"https:\/\/ciac.pt\/en\/publications\/apropiacion-cultural-e-contradiscurso-historico-volume-i\/#article","isPartOf":{"@id":"https:\/\/ciac.pt\/en\/publications\/apropiacion-cultural-e-contradiscurso-historico-volume-i\/"},"author":{"name":"webmaster","@id":"https:\/\/ciac.pt\/en\/#\/schema\/person\/d6e2493431ce9cb2a44b9c1a48dcdf22"},"headline":"Apropiaci\u00f3n cultural e contradiscurso hist\u00f3rico. Volume I","datePublished":"2025-03-25T12:10:44+00:00","mainEntityOfPage":{"@id":"https:\/\/ciac.pt\/en\/publications\/apropiacion-cultural-e-contradiscurso-historico-volume-i\/"},"wordCount":341,"publisher":{"@id":"https:\/\/ciac.pt\/en\/#organization"},"image":{"@id":"https:\/\/ciac.pt\/en\/publications\/apropiacion-cultural-e-contradiscurso-historico-volume-i\/#primaryimage"},"thumbnailUrl":"https:\/\/ciac.pt\/wp-content\/uploads\/2025\/03\/apropiacion-cultural-e-contradiscurso-historico-1.jpg","keywords":["Centre for Galician Studies"],"articleSection":["Publications"],"inLanguage":"en-US"},{"@type":"WebPage","@id":"https:\/\/ciac.pt\/en\/publications\/apropiacion-cultural-e-contradiscurso-historico-volume-i\/","url":"https:\/\/ciac.pt\/en\/publications\/apropiacion-cultural-e-contradiscurso-historico-volume-i\/","name":"Apropiaci\u00f3n cultural e contradiscurso hist\u00f3rico. Volume I - CIAC","isPartOf":{"@id":"https:\/\/ciac.pt\/en\/#website"},"primaryImageOfPage":{"@id":"https:\/\/ciac.pt\/en\/publications\/apropiacion-cultural-e-contradiscurso-historico-volume-i\/#primaryimage"},"image":{"@id":"https:\/\/ciac.pt\/en\/publications\/apropiacion-cultural-e-contradiscurso-historico-volume-i\/#primaryimage"},"thumbnailUrl":"https:\/\/ciac.pt\/wp-content\/uploads\/2025\/03\/apropiacion-cultural-e-contradiscurso-historico-1.jpg","datePublished":"2025-03-25T12:10:44+00:00","breadcrumb":{"@id":"https:\/\/ciac.pt\/en\/publications\/apropiacion-cultural-e-contradiscurso-historico-volume-i\/#breadcrumb"},"inLanguage":"en-US","potentialAction":[{"@type":"ReadAction","target":["https:\/\/ciac.pt\/en\/publications\/apropiacion-cultural-e-contradiscurso-historico-volume-i\/"]}]},{"@type":"ImageObject","inLanguage":"en-US","@id":"https:\/\/ciac.pt\/en\/publications\/apropiacion-cultural-e-contradiscurso-historico-volume-i\/#primaryimage","url":"https:\/\/ciac.pt\/wp-content\/uploads\/2025\/03\/apropiacion-cultural-e-contradiscurso-historico-1.jpg","contentUrl":"https:\/\/ciac.pt\/wp-content\/uploads\/2025\/03\/apropiacion-cultural-e-contradiscurso-historico-1.jpg"},{"@type":"BreadcrumbList","@id":"https:\/\/ciac.pt\/en\/publications\/apropiacion-cultural-e-contradiscurso-historico-volume-i\/#breadcrumb","itemListElement":[{"@type":"ListItem","position":1,"name":"In\u00edcio","item":"https:\/\/ciac.pt\/en\/"},{"@type":"ListItem","position":2,"name":"Apropiaci\u00f3n cultural e contradiscurso hist\u00f3rico. Volume I"}]},{"@type":"WebSite","@id":"https:\/\/ciac.pt\/en\/#website","url":"https:\/\/ciac.pt\/en\/","name":"CIAC","description":"Centro de Investiga\u00e7\u00e3o em Artes e Comunica\u00e7\u00e3o","publisher":{"@id":"https:\/\/ciac.pt\/en\/#organization"},"potentialAction":[{"@type":"SearchAction","target":{"@type":"EntryPoint","urlTemplate":"https:\/\/ciac.pt\/en\/?s={search_term_string}"},"query-input":{"@type":"PropertyValueSpecification","valueRequired":true,"valueName":"search_term_string"}}],"inLanguage":"en-US"},{"@type":"Organization","@id":"https:\/\/ciac.pt\/en\/#organization","name":"CIAC","url":"https:\/\/ciac.pt\/en\/","logo":{"@type":"ImageObject","inLanguage":"en-US","@id":"https:\/\/ciac.pt\/en\/#\/schema\/logo\/image\/","url":"https:\/\/ciac.pt\/wp-content\/uploads\/2022\/06\/logo.svg","contentUrl":"https:\/\/ciac.pt\/wp-content\/uploads\/2022\/06\/logo.svg","width":184,"height":51,"caption":"CIAC"},"image":{"@id":"https:\/\/ciac.pt\/en\/#\/schema\/logo\/image\/"}},{"@type":"Person","@id":"https:\/\/ciac.pt\/en\/#\/schema\/person\/d6e2493431ce9cb2a44b9c1a48dcdf22","name":"webmaster","image":{"@type":"ImageObject","inLanguage":"en-US","@id":"https:\/\/secure.gravatar.com\/avatar\/4ef351d84fb3a91f19297e2b90dbe2c32d11868ce0fb67b2b84c961cffdfb009?s=96&d=mm&r=g","url":"https:\/\/secure.gravatar.com\/avatar\/4ef351d84fb3a91f19297e2b90dbe2c32d11868ce0fb67b2b84c961cffdfb009?s=96&d=mm&r=g","contentUrl":"https:\/\/secure.gravatar.com\/avatar\/4ef351d84fb3a91f19297e2b90dbe2c32d11868ce0fb67b2b84c961cffdfb009?s=96&d=mm&r=g","caption":"webmaster"},"url":"https:\/\/ciac.pt\/en\/author\/webmaster\/"}]}},"author_meta":{"display_name":"webmaster","author_link":"https:\/\/ciac.pt\/en\/author\/webmaster\/"},"featured_img":"https:\/\/ciac.pt\/wp-content\/uploads\/2025\/03\/apropiacion-cultural-e-contradiscurso-historico-1.jpg","coauthors":[],"tax_additional":{"categories":{"linked":["<a href=\"https:\/\/ciac.pt\/en\/.\/publications\/\" class=\"advgb-post-tax-term\">Publications<\/a>"],"unlinked":["<span class=\"advgb-post-tax-term\">Publications<\/span>"]},"tags":{"linked":["<a href=\"https:\/\/ciac.pt\/en\/.\/publications\/\" class=\"advgb-post-tax-term\">Centre for Galician Studies<\/a>"],"unlinked":["<span class=\"advgb-post-tax-term\">Centre for Galician Studies<\/span>"]}},"comment_count":0,"relative_dates":{"created":"Posted 1 year ago","modified":"Updated 1 year ago"},"absolute_dates":{"created":"Posted on 25\/03\/2025","modified":"Updated on 25\/03\/2025"},"absolute_dates_time":{"created":"Posted on 25\/03\/2025 12:10","modified":"Updated on 25\/03\/2025 12:10"},"featured_img_caption":"","series_order":"","_links":{"self":[{"href":"https:\/\/ciac.pt\/en\/wp-json\/wp\/v2\/posts\/10922","targetHints":{"allow":["GET"]}}],"collection":[{"href":"https:\/\/ciac.pt\/en\/wp-json\/wp\/v2\/posts"}],"about":[{"href":"https:\/\/ciac.pt\/en\/wp-json\/wp\/v2\/types\/post"}],"author":[{"embeddable":true,"href":"https:\/\/ciac.pt\/en\/wp-json\/wp\/v2\/users\/1"}],"replies":[{"embeddable":true,"href":"https:\/\/ciac.pt\/en\/wp-json\/wp\/v2\/comments?post=10922"}],"version-history":[{"count":2,"href":"https:\/\/ciac.pt\/en\/wp-json\/wp\/v2\/posts\/10922\/revisions"}],"predecessor-version":[{"id":10924,"href":"https:\/\/ciac.pt\/en\/wp-json\/wp\/v2\/posts\/10922\/revisions\/10924"}],"wp:featuredmedia":[{"embeddable":true,"href":"https:\/\/ciac.pt\/en\/wp-json\/wp\/v2\/media\/10915"}],"wp:attachment":[{"href":"https:\/\/ciac.pt\/en\/wp-json\/wp\/v2\/media?parent=10922"}],"wp:term":[{"taxonomy":"category","embeddable":true,"href":"https:\/\/ciac.pt\/en\/wp-json\/wp\/v2\/categories?post=10922"},{"taxonomy":"post_tag","embeddable":true,"href":"https:\/\/ciac.pt\/en\/wp-json\/wp\/v2\/tags?post=10922"}],"curies":[{"name":"wp","href":"https:\/\/api.w.org\/{rel}","templated":true}]}}