{"id":11129,"date":"2025-03-27T11:18:32","date_gmt":"2025-03-27T11:18:32","guid":{"rendered":"https:\/\/ciac.pt\/?p=11129"},"modified":"2025-04-24T11:26:06","modified_gmt":"2025-04-24T10:26:06","slug":"ana-carvalho-promotes-project-intertwined-intelligences","status":"publish","type":"post","link":"https:\/\/ciac.pt\/en\/news\/ana-carvalho-promotes-project-intertwined-intelligences\/","title":{"rendered":"Ana Carvalho promotes project: Intertwined Intelligences"},"content":{"rendered":"\n<div class=\"wp-block-group alignwide\"><div class=\"wp-block-group__inner-container is-layout-constrained wp-block-group-is-layout-constrained\">\n\n\n\n\n<figure class=\"wp-block-image size-full is-resized\"><a href=\"https:\/\/ciac.pt\/wp-content\/uploads\/2025\/03\/Inteligencias_Entretecidas_21.03.2025_Cartaz-A3_Digital2.jpg\"><img decoding=\"async\" data-src=\"https:\/\/ciac.pt\/wp-content\/uploads\/2025\/03\/Inteligencias_Entretecidas_21.03.2025_Cartaz-A3_Digital2.jpg\" alt=\"\" class=\"wp-image-10984 lazyload\" style=\"--smush-placeholder-width: 842px; --smush-placeholder-aspect-ratio: 842\/1191;width:auto;height:300px\" src=\"data:image\/svg+xml;base64,PHN2ZyB3aWR0aD0iMSIgaGVpZ2h0PSIxIiB4bWxucz0iaHR0cDovL3d3dy53My5vcmcvMjAwMC9zdmciPjwvc3ZnPg==\" \/><\/a><\/figure>\n\n\n<h1 class=\"wp-block-post-title\">Ana Carvalho promotes project: Intertwined Intelligences<\/h1>\n\n<div class=\"wp-block-post-date has-text-color has-cyan-bluish-gray-color\"><time datetime=\"2025-03-27T11:18:32+00:00\">27\/03\/2025<\/time><\/div>\n\n\n<hr class=\"wp-block-separator has-text-color has-white-color has-alpha-channel-opacity has-white-background-color has-background\"\/>\n\n\n\n<p>CIAC researcher Ana Carvalho promotes the project: \u2018INTELLIGENCES ENTRETECIDAS &#8211; ON ARTIFICIAL INTELLIGENCE AND THE CONCEPT OF NATURE\u2019, the graphic design was done by Irina Pereira.<\/p>\n\n\n\n<p>Intertwined Intelligences is a field of research centred on artistic practice in which it proposes to reflect on the ways in which artificial intelligence alters the dominant concept of \u2018nature\u2019. In a collective and collaborative environment, through artistic experimentation, it will be possible to construct an intertwined, critical and necessarily complex vision of the relationship between technology and ecology.<\/p>\n\n\n\n<p>The event aims to respond to the following objectives: to expand critical reflection on artificial intelligence, exploring the intersection between art, technology and ecology; to stimulate dialogue between artists and other interested audiences, through methodologies centred on the collective, seeking results that escape the arrival of immediate answers or conclusions; to contribute to a deeper understanding of the complex interactions between art, artificial intelligence and \u2018nature\u2019, encouraging research and ongoing reflection on the subject.<\/p>\n\n\n\n<p>The first three sessions, lasting three hours (a, b, c), will be run by the invited people, together with a group of 15 to 20 participants (<a href=\"https:\/\/docs.google.com\/forms\/d\/e\/1FAIpQLSczZfSQqYTcnQl4V_X4aQkRQ3nlJ2Ir_6dEeGDkmPLjH_BuIA\/viewform\" data-type=\"link\" data-id=\"https:\/\/docs.google.com\/forms\/d\/e\/1FAIpQLSczZfSQqYTcnQl4V_X4aQkRQ3nlJ2Ir_6dEeGDkmPLjH_BuIA\/viewform\">by registering<\/a> <a href=\"https:\/\/docs.google.com\/forms\/d\/e\/1FAIpQLSczZfSQqYTcnQl4V_X4aQkRQ3nlJ2Ir_6dEeGDkmPLjH_BuIA\/viewform\" data-type=\"link\" data-id=\"https:\/\/docs.google.com\/forms\/d\/e\/1FAIpQLSczZfSQqYTcnQl4V_X4aQkRQ3nlJ2Ir_6dEeGDkmPLjH_BuIA\/viewform\">here<\/a>), until 2 April. Each session has a sub-theme or question as its starting point. The fourth session (d) will be a public conversation lasting approximately 2 hours between all the people invited, to present and discuss the previous sessions. This will be open to the public. It will take place on 5 and 6 April at the <a href=\"https:\/\/www.cassandra.pt\/livraria\" data-type=\"link\" data-id=\"https:\/\/www.cassandra.pt\/livraria\">livraria Cassandra<\/a>.<\/p>\n\n\n\n<p>More information (<a href=\"https:\/\/associacaoearthsea.org\" data-type=\"link\" data-id=\"https:\/\/associacaoearthsea.org\">here)<\/a>.<\/p>\n\n\n\n<hr class=\"wp-block-separator alignwide has-alpha-channel-opacity is-style-wide separador-mais-info\"\/>\n\n\n<\/div><\/div>\n","protected":false},"excerpt":{"rendered":"<p>CIAC researcher Ana Carvalho promotes the project: \u2018INTELLIGENCES ENTRETECIDAS &#8211; ON ARTIFICIAL<\/p>\n","protected":false},"author":3,"featured_media":10987,"comment_status":"closed","ping_status":"closed","sticky":false,"template":"","format":"standard","meta":{"_eb_attr":"","inline_featured_image":false,"advgb_blocks_editor_width":"","advgb_blocks_columns_visual_guide":"","footnotes":"","_links_to":"","_links_to_target":""},"categories":[61],"tags":[139],"class_list":["post-11129","post","type-post","status-publish","format-standard","has-post-thumbnail","hentry","category-news","tag-dissemination"],"yoast_head":"<!-- This site is optimized with the Yoast SEO plugin v27.4 - https:\/\/yoast.com\/product\/yoast-seo-wordpress\/ -->\n<title>Ana Carvalho promotes project: Intertwined Intelligences - CIAC<\/title>\n<meta name=\"robots\" content=\"index, follow, max-snippet:-1, max-image-preview:large, max-video-preview:-1\" \/>\n<link rel=\"canonical\" href=\"https:\/\/ciac.pt\/en\/news\/ana-carvalho-promotes-project-intertwined-intelligences\/\" \/>\n<meta property=\"og:locale\" content=\"en_US\" \/>\n<meta property=\"og:type\" content=\"article\" \/>\n<meta property=\"og:title\" content=\"Ana Carvalho promotes project: Intertwined Intelligences - CIAC\" \/>\n<meta property=\"og:description\" content=\"CIAC researcher Ana Carvalho promotes the project: \u2018INTELLIGENCES ENTRETECIDAS &#8211; ON ARTIFICIAL\" \/>\n<meta property=\"og:url\" content=\"https:\/\/ciac.pt\/en\/news\/ana-carvalho-promotes-project-intertwined-intelligences\/\" \/>\n<meta property=\"og:site_name\" content=\"CIAC\" \/>\n<meta property=\"article:published_time\" content=\"2025-03-27T11:18:32+00:00\" \/>\n<meta property=\"article:modified_time\" content=\"2025-04-24T10:26:06+00:00\" \/>\n<meta property=\"og:image\" content=\"https:\/\/ciac.pt\/wp-content\/uploads\/2025\/03\/inteligencia-entretecidas.jpg\" \/>\n\t<meta property=\"og:image:width\" content=\"1\" \/>\n\t<meta property=\"og:image:height\" content=\"1\" \/>\n\t<meta property=\"og:image:type\" content=\"image\/jpeg\" \/>\n<meta name=\"author\" content=\"editor1\" \/>\n<meta name=\"twitter:card\" content=\"summary_large_image\" \/>\n<meta name=\"twitter:label1\" content=\"Written by\" \/>\n\t<meta name=\"twitter:data1\" content=\"editor1\" \/>\n\t<meta name=\"twitter:label2\" content=\"Est. reading time\" \/>\n\t<meta name=\"twitter:data2\" content=\"1 minute\" \/>\n<script type=\"application\/ld+json\" class=\"yoast-schema-graph\">{\"@context\":\"https:\\\/\\\/schema.org\",\"@graph\":[{\"@type\":\"Article\",\"@id\":\"https:\\\/\\\/ciac.pt\\\/en\\\/news\\\/ana-carvalho-promotes-project-intertwined-intelligences\\\/#article\",\"isPartOf\":{\"@id\":\"https:\\\/\\\/ciac.pt\\\/en\\\/news\\\/ana-carvalho-promotes-project-intertwined-intelligences\\\/\"},\"author\":{\"name\":\"editor1\",\"@id\":\"https:\\\/\\\/ciac.pt\\\/en\\\/#\\\/schema\\\/person\\\/3def46b976d3f4c0cdcf7c417cb570be\"},\"headline\":\"Ana Carvalho promotes project: Intertwined Intelligences\",\"datePublished\":\"2025-03-27T11:18:32+00:00\",\"dateModified\":\"2025-04-24T10:26:06+00:00\",\"mainEntityOfPage\":{\"@id\":\"https:\\\/\\\/ciac.pt\\\/en\\\/news\\\/ana-carvalho-promotes-project-intertwined-intelligences\\\/\"},\"wordCount\":253,\"publisher\":{\"@id\":\"https:\\\/\\\/ciac.pt\\\/en\\\/#organization\"},\"image\":{\"@id\":\"https:\\\/\\\/ciac.pt\\\/en\\\/news\\\/ana-carvalho-promotes-project-intertwined-intelligences\\\/#primaryimage\"},\"thumbnailUrl\":\"https:\\\/\\\/ciac.pt\\\/wp-content\\\/uploads\\\/2025\\\/03\\\/inteligencia-entretecidas.jpg\",\"keywords\":[\"Dissemination\"],\"articleSection\":[\"News\"],\"inLanguage\":\"en-US\"},{\"@type\":\"WebPage\",\"@id\":\"https:\\\/\\\/ciac.pt\\\/en\\\/news\\\/ana-carvalho-promotes-project-intertwined-intelligences\\\/\",\"url\":\"https:\\\/\\\/ciac.pt\\\/en\\\/news\\\/ana-carvalho-promotes-project-intertwined-intelligences\\\/\",\"name\":\"Ana Carvalho promotes project: Intertwined Intelligences - CIAC\",\"isPartOf\":{\"@id\":\"https:\\\/\\\/ciac.pt\\\/en\\\/#website\"},\"primaryImageOfPage\":{\"@id\":\"https:\\\/\\\/ciac.pt\\\/en\\\/news\\\/ana-carvalho-promotes-project-intertwined-intelligences\\\/#primaryimage\"},\"image\":{\"@id\":\"https:\\\/\\\/ciac.pt\\\/en\\\/news\\\/ana-carvalho-promotes-project-intertwined-intelligences\\\/#primaryimage\"},\"thumbnailUrl\":\"https:\\\/\\\/ciac.pt\\\/wp-content\\\/uploads\\\/2025\\\/03\\\/inteligencia-entretecidas.jpg\",\"datePublished\":\"2025-03-27T11:18:32+00:00\",\"dateModified\":\"2025-04-24T10:26:06+00:00\",\"breadcrumb\":{\"@id\":\"https:\\\/\\\/ciac.pt\\\/en\\\/news\\\/ana-carvalho-promotes-project-intertwined-intelligences\\\/#breadcrumb\"},\"inLanguage\":\"en-US\",\"potentialAction\":[{\"@type\":\"ReadAction\",\"target\":[\"https:\\\/\\\/ciac.pt\\\/en\\\/news\\\/ana-carvalho-promotes-project-intertwined-intelligences\\\/\"]}]},{\"@type\":\"ImageObject\",\"inLanguage\":\"en-US\",\"@id\":\"https:\\\/\\\/ciac.pt\\\/en\\\/news\\\/ana-carvalho-promotes-project-intertwined-intelligences\\\/#primaryimage\",\"url\":\"https:\\\/\\\/ciac.pt\\\/wp-content\\\/uploads\\\/2025\\\/03\\\/inteligencia-entretecidas.jpg\",\"contentUrl\":\"https:\\\/\\\/ciac.pt\\\/wp-content\\\/uploads\\\/2025\\\/03\\\/inteligencia-entretecidas.jpg\"},{\"@type\":\"BreadcrumbList\",\"@id\":\"https:\\\/\\\/ciac.pt\\\/en\\\/news\\\/ana-carvalho-promotes-project-intertwined-intelligences\\\/#breadcrumb\",\"itemListElement\":[{\"@type\":\"ListItem\",\"position\":1,\"name\":\"In\u00edcio\",\"item\":\"https:\\\/\\\/ciac.pt\\\/en\\\/\"},{\"@type\":\"ListItem\",\"position\":2,\"name\":\"Ana Carvalho promotes project: Intertwined Intelligences\"}]},{\"@type\":\"WebSite\",\"@id\":\"https:\\\/\\\/ciac.pt\\\/en\\\/#website\",\"url\":\"https:\\\/\\\/ciac.pt\\\/en\\\/\",\"name\":\"CIAC\",\"description\":\"Centro de Investiga\u00e7\u00e3o em Artes e Comunica\u00e7\u00e3o\",\"publisher\":{\"@id\":\"https:\\\/\\\/ciac.pt\\\/en\\\/#organization\"},\"potentialAction\":[{\"@type\":\"SearchAction\",\"target\":{\"@type\":\"EntryPoint\",\"urlTemplate\":\"https:\\\/\\\/ciac.pt\\\/en\\\/?s={search_term_string}\"},\"query-input\":{\"@type\":\"PropertyValueSpecification\",\"valueRequired\":true,\"valueName\":\"search_term_string\"}}],\"inLanguage\":\"en-US\"},{\"@type\":\"Organization\",\"@id\":\"https:\\\/\\\/ciac.pt\\\/en\\\/#organization\",\"name\":\"CIAC\",\"url\":\"https:\\\/\\\/ciac.pt\\\/en\\\/\",\"logo\":{\"@type\":\"ImageObject\",\"inLanguage\":\"en-US\",\"@id\":\"https:\\\/\\\/ciac.pt\\\/en\\\/#\\\/schema\\\/logo\\\/image\\\/\",\"url\":\"https:\\\/\\\/ciac.pt\\\/wp-content\\\/uploads\\\/2022\\\/06\\\/logo.svg\",\"contentUrl\":\"https:\\\/\\\/ciac.pt\\\/wp-content\\\/uploads\\\/2022\\\/06\\\/logo.svg\",\"width\":184,\"height\":51,\"caption\":\"CIAC\"},\"image\":{\"@id\":\"https:\\\/\\\/ciac.pt\\\/en\\\/#\\\/schema\\\/logo\\\/image\\\/\"}},{\"@type\":\"Person\",\"@id\":\"https:\\\/\\\/ciac.pt\\\/en\\\/#\\\/schema\\\/person\\\/3def46b976d3f4c0cdcf7c417cb570be\",\"name\":\"editor1\",\"image\":{\"@type\":\"ImageObject\",\"inLanguage\":\"en-US\",\"@id\":\"https:\\\/\\\/secure.gravatar.com\\\/avatar\\\/4d8eb3157f61df03731fd8bf031b56d1d9241759e8f8c07d4d7e51d2f858c821?s=96&d=mm&r=g\",\"url\":\"https:\\\/\\\/secure.gravatar.com\\\/avatar\\\/4d8eb3157f61df03731fd8bf031b56d1d9241759e8f8c07d4d7e51d2f858c821?s=96&d=mm&r=g\",\"contentUrl\":\"https:\\\/\\\/secure.gravatar.com\\\/avatar\\\/4d8eb3157f61df03731fd8bf031b56d1d9241759e8f8c07d4d7e51d2f858c821?s=96&d=mm&r=g\",\"caption\":\"editor1\"},\"url\":\"https:\\\/\\\/ciac.pt\\\/en\\\/author\\\/editor1\\\/\"}]}<\/script>\n<!-- \/ Yoast SEO plugin. -->","yoast_head_json":{"title":"Ana Carvalho promotes project: Intertwined Intelligences - CIAC","robots":{"index":"index","follow":"follow","max-snippet":"max-snippet:-1","max-image-preview":"max-image-preview:large","max-video-preview":"max-video-preview:-1"},"canonical":"https:\/\/ciac.pt\/en\/news\/ana-carvalho-promotes-project-intertwined-intelligences\/","og_locale":"en_US","og_type":"article","og_title":"Ana Carvalho promotes project: Intertwined Intelligences - CIAC","og_description":"CIAC researcher Ana Carvalho promotes the project: \u2018INTELLIGENCES ENTRETECIDAS &#8211; ON ARTIFICIAL","og_url":"https:\/\/ciac.pt\/en\/news\/ana-carvalho-promotes-project-intertwined-intelligences\/","og_site_name":"CIAC","article_published_time":"2025-03-27T11:18:32+00:00","article_modified_time":"2025-04-24T10:26:06+00:00","og_image":[{"url":"https:\/\/ciac.pt\/wp-content\/uploads\/2025\/03\/inteligencia-entretecidas.jpg","width":1,"height":1,"type":"image\/jpeg"}],"author":"editor1","twitter_card":"summary_large_image","twitter_misc":{"Written by":"editor1","Est. reading time":"1 minute"},"schema":{"@context":"https:\/\/schema.org","@graph":[{"@type":"Article","@id":"https:\/\/ciac.pt\/en\/news\/ana-carvalho-promotes-project-intertwined-intelligences\/#article","isPartOf":{"@id":"https:\/\/ciac.pt\/en\/news\/ana-carvalho-promotes-project-intertwined-intelligences\/"},"author":{"name":"editor1","@id":"https:\/\/ciac.pt\/en\/#\/schema\/person\/3def46b976d3f4c0cdcf7c417cb570be"},"headline":"Ana Carvalho promotes project: Intertwined Intelligences","datePublished":"2025-03-27T11:18:32+00:00","dateModified":"2025-04-24T10:26:06+00:00","mainEntityOfPage":{"@id":"https:\/\/ciac.pt\/en\/news\/ana-carvalho-promotes-project-intertwined-intelligences\/"},"wordCount":253,"publisher":{"@id":"https:\/\/ciac.pt\/en\/#organization"},"image":{"@id":"https:\/\/ciac.pt\/en\/news\/ana-carvalho-promotes-project-intertwined-intelligences\/#primaryimage"},"thumbnailUrl":"https:\/\/ciac.pt\/wp-content\/uploads\/2025\/03\/inteligencia-entretecidas.jpg","keywords":["Dissemination"],"articleSection":["News"],"inLanguage":"en-US"},{"@type":"WebPage","@id":"https:\/\/ciac.pt\/en\/news\/ana-carvalho-promotes-project-intertwined-intelligences\/","url":"https:\/\/ciac.pt\/en\/news\/ana-carvalho-promotes-project-intertwined-intelligences\/","name":"Ana Carvalho promotes project: Intertwined Intelligences - CIAC","isPartOf":{"@id":"https:\/\/ciac.pt\/en\/#website"},"primaryImageOfPage":{"@id":"https:\/\/ciac.pt\/en\/news\/ana-carvalho-promotes-project-intertwined-intelligences\/#primaryimage"},"image":{"@id":"https:\/\/ciac.pt\/en\/news\/ana-carvalho-promotes-project-intertwined-intelligences\/#primaryimage"},"thumbnailUrl":"https:\/\/ciac.pt\/wp-content\/uploads\/2025\/03\/inteligencia-entretecidas.jpg","datePublished":"2025-03-27T11:18:32+00:00","dateModified":"2025-04-24T10:26:06+00:00","breadcrumb":{"@id":"https:\/\/ciac.pt\/en\/news\/ana-carvalho-promotes-project-intertwined-intelligences\/#breadcrumb"},"inLanguage":"en-US","potentialAction":[{"@type":"ReadAction","target":["https:\/\/ciac.pt\/en\/news\/ana-carvalho-promotes-project-intertwined-intelligences\/"]}]},{"@type":"ImageObject","inLanguage":"en-US","@id":"https:\/\/ciac.pt\/en\/news\/ana-carvalho-promotes-project-intertwined-intelligences\/#primaryimage","url":"https:\/\/ciac.pt\/wp-content\/uploads\/2025\/03\/inteligencia-entretecidas.jpg","contentUrl":"https:\/\/ciac.pt\/wp-content\/uploads\/2025\/03\/inteligencia-entretecidas.jpg"},{"@type":"BreadcrumbList","@id":"https:\/\/ciac.pt\/en\/news\/ana-carvalho-promotes-project-intertwined-intelligences\/#breadcrumb","itemListElement":[{"@type":"ListItem","position":1,"name":"In\u00edcio","item":"https:\/\/ciac.pt\/en\/"},{"@type":"ListItem","position":2,"name":"Ana Carvalho promotes project: Intertwined Intelligences"}]},{"@type":"WebSite","@id":"https:\/\/ciac.pt\/en\/#website","url":"https:\/\/ciac.pt\/en\/","name":"CIAC","description":"Centro de Investiga\u00e7\u00e3o em Artes e Comunica\u00e7\u00e3o","publisher":{"@id":"https:\/\/ciac.pt\/en\/#organization"},"potentialAction":[{"@type":"SearchAction","target":{"@type":"EntryPoint","urlTemplate":"https:\/\/ciac.pt\/en\/?s={search_term_string}"},"query-input":{"@type":"PropertyValueSpecification","valueRequired":true,"valueName":"search_term_string"}}],"inLanguage":"en-US"},{"@type":"Organization","@id":"https:\/\/ciac.pt\/en\/#organization","name":"CIAC","url":"https:\/\/ciac.pt\/en\/","logo":{"@type":"ImageObject","inLanguage":"en-US","@id":"https:\/\/ciac.pt\/en\/#\/schema\/logo\/image\/","url":"https:\/\/ciac.pt\/wp-content\/uploads\/2022\/06\/logo.svg","contentUrl":"https:\/\/ciac.pt\/wp-content\/uploads\/2022\/06\/logo.svg","width":184,"height":51,"caption":"CIAC"},"image":{"@id":"https:\/\/ciac.pt\/en\/#\/schema\/logo\/image\/"}},{"@type":"Person","@id":"https:\/\/ciac.pt\/en\/#\/schema\/person\/3def46b976d3f4c0cdcf7c417cb570be","name":"editor1","image":{"@type":"ImageObject","inLanguage":"en-US","@id":"https:\/\/secure.gravatar.com\/avatar\/4d8eb3157f61df03731fd8bf031b56d1d9241759e8f8c07d4d7e51d2f858c821?s=96&d=mm&r=g","url":"https:\/\/secure.gravatar.com\/avatar\/4d8eb3157f61df03731fd8bf031b56d1d9241759e8f8c07d4d7e51d2f858c821?s=96&d=mm&r=g","contentUrl":"https:\/\/secure.gravatar.com\/avatar\/4d8eb3157f61df03731fd8bf031b56d1d9241759e8f8c07d4d7e51d2f858c821?s=96&d=mm&r=g","caption":"editor1"},"url":"https:\/\/ciac.pt\/en\/author\/editor1\/"}]}},"author_meta":{"display_name":"editor1","author_link":"https:\/\/ciac.pt\/en\/author\/editor1\/"},"featured_img":"https:\/\/ciac.pt\/wp-content\/uploads\/2025\/03\/inteligencia-entretecidas.jpg","coauthors":[],"tax_additional":{"categories":{"linked":["<a href=\"https:\/\/ciac.pt\/en\/.\/news\/\" class=\"advgb-post-tax-term\">News<\/a>"],"unlinked":["<span class=\"advgb-post-tax-term\">News<\/span>"]},"tags":{"linked":["<a href=\"https:\/\/ciac.pt\/en\/.\/news\/\" class=\"advgb-post-tax-term\">Dissemination<\/a>"],"unlinked":["<span class=\"advgb-post-tax-term\">Dissemination<\/span>"]}},"comment_count":0,"relative_dates":{"created":"Posted 1 year ago","modified":"Updated 1 year ago"},"absolute_dates":{"created":"Posted on 27\/03\/2025","modified":"Updated on 24\/04\/2025"},"absolute_dates_time":{"created":"Posted on 27\/03\/2025 11:18","modified":"Updated on 24\/04\/2025 11:26"},"featured_img_caption":"","series_order":"","_links":{"self":[{"href":"https:\/\/ciac.pt\/en\/wp-json\/wp\/v2\/posts\/11129","targetHints":{"allow":["GET"]}}],"collection":[{"href":"https:\/\/ciac.pt\/en\/wp-json\/wp\/v2\/posts"}],"about":[{"href":"https:\/\/ciac.pt\/en\/wp-json\/wp\/v2\/types\/post"}],"author":[{"embeddable":true,"href":"https:\/\/ciac.pt\/en\/wp-json\/wp\/v2\/users\/3"}],"replies":[{"embeddable":true,"href":"https:\/\/ciac.pt\/en\/wp-json\/wp\/v2\/comments?post=11129"}],"version-history":[{"count":1,"href":"https:\/\/ciac.pt\/en\/wp-json\/wp\/v2\/posts\/11129\/revisions"}],"predecessor-version":[{"id":11133,"href":"https:\/\/ciac.pt\/en\/wp-json\/wp\/v2\/posts\/11129\/revisions\/11133"}],"wp:featuredmedia":[{"embeddable":true,"href":"https:\/\/ciac.pt\/en\/wp-json\/wp\/v2\/media\/10987"}],"wp:attachment":[{"href":"https:\/\/ciac.pt\/en\/wp-json\/wp\/v2\/media?parent=11129"}],"wp:term":[{"taxonomy":"category","embeddable":true,"href":"https:\/\/ciac.pt\/en\/wp-json\/wp\/v2\/categories?post=11129"},{"taxonomy":"post_tag","embeddable":true,"href":"https:\/\/ciac.pt\/en\/wp-json\/wp\/v2\/tags?post=11129"}],"curies":[{"name":"wp","href":"https:\/\/api.w.org\/{rel}","templated":true}]}}