{"id":11137,"date":"2025-03-28T09:37:00","date_gmt":"2025-03-28T09:37:00","guid":{"rendered":"https:\/\/ciac.pt\/?p=11137"},"modified":"2025-04-24T11:59:09","modified_gmt":"2025-04-24T10:59:09","slug":"ana-isabel-soares-takes-part-in-the-colloquium-unfinished-conversations-literature-and-cinema-in-portugal","status":"publish","type":"post","link":"https:\/\/ciac.pt\/en\/news\/ana-isabel-soares-takes-part-in-the-colloquium-unfinished-conversations-literature-and-cinema-in-portugal\/","title":{"rendered":"Ana Isabel Soares takes part in the colloquium \u2018Unfinished Conversations: Literature and Cinema in Portugal\u2019"},"content":{"rendered":"\n<div class=\"wp-block-group alignwide\"><div class=\"wp-block-group__inner-container is-layout-constrained wp-block-group-is-layout-constrained\">\n\n\n\n\n<figure class=\"wp-block-image size-full is-resized\"><a href=\"https:\/\/ciac.pt\/wp-content\/uploads\/2025\/03\/conversa_inacabada.jpg\"><img decoding=\"async\" data-src=\"https:\/\/ciac.pt\/wp-content\/uploads\/2025\/03\/conversa_inacabada.jpg\" alt=\"\" class=\"wp-image-10990 lazyload\" style=\"--smush-placeholder-width: 1131px; --smush-placeholder-aspect-ratio: 1131\/1600;width:auto;height:300px\" src=\"data:image\/svg+xml;base64,PHN2ZyB3aWR0aD0iMSIgaGVpZ2h0PSIxIiB4bWxucz0iaHR0cDovL3d3dy53My5vcmcvMjAwMC9zdmciPjwvc3ZnPg==\" \/><\/a><\/figure>\n\n\n<h1 class=\"wp-block-post-title\">Ana Isabel Soares takes part in the colloquium \u2018Unfinished Conversations: Literature and Cinema in Portugal\u2019<\/h1>\n\n<div class=\"wp-block-post-date has-text-color has-cyan-bluish-gray-color\"><time datetime=\"2025-03-28T09:37:00+00:00\">28\/03\/2025<\/time><\/div>\n\n\n<hr class=\"wp-block-separator has-text-color has-white-color has-alpha-channel-opacity has-white-background-color has-background\"\/>\n\n\n\n<p>CIAC researcher Ana Isabel Soares is taking part in the colloquium \u2018Conversa Inacabada: Literatura e Cinema em Portugal\u2019. She will be taking part in Panel 1 &#8211; The writing of the image, the image of writing, with the theme The literariness of Portuguese cinema.<\/p>\n\n\n\n<p>The colloquium, which proposes a dialogue between literature and cinema, dates back to the emergence of the seventh art, when characters and episodes from the world of books were brought to the silent screen. In the early decades of the 20th century, filmmakers such as D.W. Griffith, Louis Feuillade and Victor Sj\u00f6str\u00f6m began to use literary texts as the basis for their films, consolidating the first processes of adaptation at the same time as establishing the narrative model in the cinematographic medium. At a time when cinema was not yet considered an art form, but more of an \u2018attraction\u2019, the link to literature became a means of legitimising cinema and elevating it to the status of an art form in the eyes of cultured and potentially sceptical viewers.<\/p>\n\n\n\n<p>At the same time, several literary writers began to take an interest in cinema. Some wrote about the new medium (M\u00e1ximo G\u00f3rki, Robert Desnos, Virginia Woolf\u2026), while others saw it as a theme or source of inspiration for their creations (Luigi Pirandello, Ram\u00f3n G\u00f3mez de la Serna\u2026).<\/p>\n\n\n\n<p>The fruitful relationship between literature and cinema is explored in academic circles from points of view that are increasingly aware of its complexity, especially in the field of adaptation studies, and more specifically in the Anglo-American, French and Italian cases. In the Portuguese context, several important steps have been taken to deepen this field of research in recent decades, although the vision and recognition we have of it today remains fragmented and scattered.<\/p>\n\n\n\n<p>Inspired by the title Conversa Acabada (1981), Jo\u00e3o Botelho&#8217;s film about the correspondence between Fernando Pessoa and M\u00e1rio de S\u00e1-Carneiro, this symposium aims to make a necessary contribution to consolidating reflection on the long, complex and multifaceted dialogue between literature and cinema in Portugal, from its beginnings to the present day.<\/p>\n\n\n\n<p>The symposium will take place at the Faculty of Letters of the University of Lisbon, in Amphitheatre III, on 10 and 11 April 2025. The panel in which Ana Isabel Soares will take part will start at 9.30am on 10 April.<\/p>\n\n\n\n<p>Organisers: Am\u00e2ndio Reis (CEComp | University of Lisbon), Jos\u00e9 B\u00e9rtolo (IELT | New University of Lisbon), Rita Novas Miranda (CRIMIC | Sorbonne Universit\u00e9)<\/p>\n\n\n\n<p>More informations (<a href=\"https:\/\/crimic-sorbonne.fr\/manifestations\/colloque-international-conversation-inachevee-litterature-et-cinema-au-portugal-conversa-inacabada-literatura-e-cinema-em-portugal\/\">here<\/a>).<\/p>\n\n\n\n<hr class=\"wp-block-separator alignwide has-alpha-channel-opacity is-style-wide separador-mais-info\"\/>\n\n\n\n<p>This work is financed by national funds through FCT &#8211; Funda\u00e7\u00e3o para a Ci\u00eancia e a Tecnologia, I.P., within the scope of projects UIDB\/00509\/2020 and UIDP\/00509\/2020. This work is funded by National Funds through FCT &#8211; Funda\u00e7\u00e3o para a Ci\u00eancia e a Tecnologia, I.P., under project UID\/00657, Instituto de Estudos de Literatura e Tradi\u00e7\u00e3o &#8211; Patrim\u00f3nios, Artes e Culturas.<\/p>\n<\/div><\/div>\n","protected":false},"excerpt":{"rendered":"<p>CIAC researcher Ana Isabel Soares is taking part in the colloquium \u2018Conversa<\/p>\n","protected":false},"author":3,"featured_media":10993,"comment_status":"closed","ping_status":"closed","sticky":false,"template":"","format":"standard","meta":{"_eb_attr":"","inline_featured_image":false,"advgb_blocks_editor_width":"","advgb_blocks_columns_visual_guide":"","footnotes":"","_links_to":"","_links_to_target":""},"categories":[61],"tags":[139],"class_list":["post-11137","post","type-post","status-publish","format-standard","has-post-thumbnail","hentry","category-news","tag-dissemination"],"yoast_head":"<!-- This site is optimized with the Yoast SEO plugin v27.4 - https:\/\/yoast.com\/product\/yoast-seo-wordpress\/ -->\n<title>Ana Isabel Soares takes part in the colloquium \u2018Unfinished Conversations: Literature and Cinema in Portugal\u2019 - CIAC<\/title>\n<meta name=\"robots\" content=\"index, follow, max-snippet:-1, max-image-preview:large, max-video-preview:-1\" \/>\n<link rel=\"canonical\" href=\"https:\/\/ciac.pt\/en\/news\/ana-isabel-soares-takes-part-in-the-colloquium-unfinished-conversations-literature-and-cinema-in-portugal\/\" \/>\n<meta property=\"og:locale\" content=\"en_US\" \/>\n<meta property=\"og:type\" content=\"article\" \/>\n<meta property=\"og:title\" content=\"Ana Isabel Soares takes part in the colloquium \u2018Unfinished Conversations: Literature and Cinema in Portugal\u2019 - CIAC\" \/>\n<meta property=\"og:description\" content=\"CIAC researcher Ana Isabel Soares is taking part in the colloquium \u2018Conversa\" \/>\n<meta property=\"og:url\" content=\"https:\/\/ciac.pt\/en\/news\/ana-isabel-soares-takes-part-in-the-colloquium-unfinished-conversations-literature-and-cinema-in-portugal\/\" \/>\n<meta property=\"og:site_name\" content=\"CIAC\" \/>\n<meta property=\"article:published_time\" content=\"2025-03-28T09:37:00+00:00\" \/>\n<meta property=\"article:modified_time\" content=\"2025-04-24T10:59:09+00:00\" \/>\n<meta property=\"og:image\" content=\"https:\/\/ciac.pt\/wp-content\/uploads\/2025\/03\/Conversa-Inacabada.jpg\" \/>\n\t<meta property=\"og:image:width\" content=\"1\" \/>\n\t<meta property=\"og:image:height\" content=\"1\" \/>\n\t<meta property=\"og:image:type\" content=\"image\/jpeg\" \/>\n<meta name=\"author\" content=\"editor1\" \/>\n<meta name=\"twitter:card\" content=\"summary_large_image\" \/>\n<meta name=\"twitter:label1\" content=\"Written by\" \/>\n\t<meta name=\"twitter:data1\" content=\"editor1\" \/>\n\t<meta name=\"twitter:label2\" content=\"Est. reading time\" \/>\n\t<meta name=\"twitter:data2\" content=\"2 minutes\" \/>\n<script type=\"application\/ld+json\" class=\"yoast-schema-graph\">{\"@context\":\"https:\\\/\\\/schema.org\",\"@graph\":[{\"@type\":\"Article\",\"@id\":\"https:\\\/\\\/ciac.pt\\\/en\\\/news\\\/ana-isabel-soares-takes-part-in-the-colloquium-unfinished-conversations-literature-and-cinema-in-portugal\\\/#article\",\"isPartOf\":{\"@id\":\"https:\\\/\\\/ciac.pt\\\/en\\\/news\\\/ana-isabel-soares-takes-part-in-the-colloquium-unfinished-conversations-literature-and-cinema-in-portugal\\\/\"},\"author\":{\"name\":\"editor1\",\"@id\":\"https:\\\/\\\/ciac.pt\\\/en\\\/#\\\/schema\\\/person\\\/3def46b976d3f4c0cdcf7c417cb570be\"},\"headline\":\"Ana Isabel Soares takes part in the colloquium \u2018Unfinished Conversations: Literature and Cinema in Portugal\u2019\",\"datePublished\":\"2025-03-28T09:37:00+00:00\",\"dateModified\":\"2025-04-24T10:59:09+00:00\",\"mainEntityOfPage\":{\"@id\":\"https:\\\/\\\/ciac.pt\\\/en\\\/news\\\/ana-isabel-soares-takes-part-in-the-colloquium-unfinished-conversations-literature-and-cinema-in-portugal\\\/\"},\"wordCount\":498,\"publisher\":{\"@id\":\"https:\\\/\\\/ciac.pt\\\/en\\\/#organization\"},\"image\":{\"@id\":\"https:\\\/\\\/ciac.pt\\\/en\\\/news\\\/ana-isabel-soares-takes-part-in-the-colloquium-unfinished-conversations-literature-and-cinema-in-portugal\\\/#primaryimage\"},\"thumbnailUrl\":\"https:\\\/\\\/ciac.pt\\\/wp-content\\\/uploads\\\/2025\\\/03\\\/Conversa-Inacabada.jpg\",\"keywords\":[\"Dissemination\"],\"articleSection\":[\"News\"],\"inLanguage\":\"en-US\"},{\"@type\":\"WebPage\",\"@id\":\"https:\\\/\\\/ciac.pt\\\/en\\\/news\\\/ana-isabel-soares-takes-part-in-the-colloquium-unfinished-conversations-literature-and-cinema-in-portugal\\\/\",\"url\":\"https:\\\/\\\/ciac.pt\\\/en\\\/news\\\/ana-isabel-soares-takes-part-in-the-colloquium-unfinished-conversations-literature-and-cinema-in-portugal\\\/\",\"name\":\"Ana Isabel Soares takes part in the colloquium \u2018Unfinished Conversations: Literature and Cinema in Portugal\u2019 - CIAC\",\"isPartOf\":{\"@id\":\"https:\\\/\\\/ciac.pt\\\/en\\\/#website\"},\"primaryImageOfPage\":{\"@id\":\"https:\\\/\\\/ciac.pt\\\/en\\\/news\\\/ana-isabel-soares-takes-part-in-the-colloquium-unfinished-conversations-literature-and-cinema-in-portugal\\\/#primaryimage\"},\"image\":{\"@id\":\"https:\\\/\\\/ciac.pt\\\/en\\\/news\\\/ana-isabel-soares-takes-part-in-the-colloquium-unfinished-conversations-literature-and-cinema-in-portugal\\\/#primaryimage\"},\"thumbnailUrl\":\"https:\\\/\\\/ciac.pt\\\/wp-content\\\/uploads\\\/2025\\\/03\\\/Conversa-Inacabada.jpg\",\"datePublished\":\"2025-03-28T09:37:00+00:00\",\"dateModified\":\"2025-04-24T10:59:09+00:00\",\"breadcrumb\":{\"@id\":\"https:\\\/\\\/ciac.pt\\\/en\\\/news\\\/ana-isabel-soares-takes-part-in-the-colloquium-unfinished-conversations-literature-and-cinema-in-portugal\\\/#breadcrumb\"},\"inLanguage\":\"en-US\",\"potentialAction\":[{\"@type\":\"ReadAction\",\"target\":[\"https:\\\/\\\/ciac.pt\\\/en\\\/news\\\/ana-isabel-soares-takes-part-in-the-colloquium-unfinished-conversations-literature-and-cinema-in-portugal\\\/\"]}]},{\"@type\":\"ImageObject\",\"inLanguage\":\"en-US\",\"@id\":\"https:\\\/\\\/ciac.pt\\\/en\\\/news\\\/ana-isabel-soares-takes-part-in-the-colloquium-unfinished-conversations-literature-and-cinema-in-portugal\\\/#primaryimage\",\"url\":\"https:\\\/\\\/ciac.pt\\\/wp-content\\\/uploads\\\/2025\\\/03\\\/Conversa-Inacabada.jpg\",\"contentUrl\":\"https:\\\/\\\/ciac.pt\\\/wp-content\\\/uploads\\\/2025\\\/03\\\/Conversa-Inacabada.jpg\"},{\"@type\":\"BreadcrumbList\",\"@id\":\"https:\\\/\\\/ciac.pt\\\/en\\\/news\\\/ana-isabel-soares-takes-part-in-the-colloquium-unfinished-conversations-literature-and-cinema-in-portugal\\\/#breadcrumb\",\"itemListElement\":[{\"@type\":\"ListItem\",\"position\":1,\"name\":\"In\u00edcio\",\"item\":\"https:\\\/\\\/ciac.pt\\\/en\\\/\"},{\"@type\":\"ListItem\",\"position\":2,\"name\":\"Ana Isabel Soares takes part in the colloquium \u2018Unfinished Conversations: Literature and Cinema in Portugal\u2019\"}]},{\"@type\":\"WebSite\",\"@id\":\"https:\\\/\\\/ciac.pt\\\/en\\\/#website\",\"url\":\"https:\\\/\\\/ciac.pt\\\/en\\\/\",\"name\":\"CIAC\",\"description\":\"Centro de Investiga\u00e7\u00e3o em Artes e Comunica\u00e7\u00e3o\",\"publisher\":{\"@id\":\"https:\\\/\\\/ciac.pt\\\/en\\\/#organization\"},\"potentialAction\":[{\"@type\":\"SearchAction\",\"target\":{\"@type\":\"EntryPoint\",\"urlTemplate\":\"https:\\\/\\\/ciac.pt\\\/en\\\/?s={search_term_string}\"},\"query-input\":{\"@type\":\"PropertyValueSpecification\",\"valueRequired\":true,\"valueName\":\"search_term_string\"}}],\"inLanguage\":\"en-US\"},{\"@type\":\"Organization\",\"@id\":\"https:\\\/\\\/ciac.pt\\\/en\\\/#organization\",\"name\":\"CIAC\",\"url\":\"https:\\\/\\\/ciac.pt\\\/en\\\/\",\"logo\":{\"@type\":\"ImageObject\",\"inLanguage\":\"en-US\",\"@id\":\"https:\\\/\\\/ciac.pt\\\/en\\\/#\\\/schema\\\/logo\\\/image\\\/\",\"url\":\"https:\\\/\\\/ciac.pt\\\/wp-content\\\/uploads\\\/2022\\\/06\\\/logo.svg\",\"contentUrl\":\"https:\\\/\\\/ciac.pt\\\/wp-content\\\/uploads\\\/2022\\\/06\\\/logo.svg\",\"width\":184,\"height\":51,\"caption\":\"CIAC\"},\"image\":{\"@id\":\"https:\\\/\\\/ciac.pt\\\/en\\\/#\\\/schema\\\/logo\\\/image\\\/\"}},{\"@type\":\"Person\",\"@id\":\"https:\\\/\\\/ciac.pt\\\/en\\\/#\\\/schema\\\/person\\\/3def46b976d3f4c0cdcf7c417cb570be\",\"name\":\"editor1\",\"image\":{\"@type\":\"ImageObject\",\"inLanguage\":\"en-US\",\"@id\":\"https:\\\/\\\/secure.gravatar.com\\\/avatar\\\/4d8eb3157f61df03731fd8bf031b56d1d9241759e8f8c07d4d7e51d2f858c821?s=96&d=mm&r=g\",\"url\":\"https:\\\/\\\/secure.gravatar.com\\\/avatar\\\/4d8eb3157f61df03731fd8bf031b56d1d9241759e8f8c07d4d7e51d2f858c821?s=96&d=mm&r=g\",\"contentUrl\":\"https:\\\/\\\/secure.gravatar.com\\\/avatar\\\/4d8eb3157f61df03731fd8bf031b56d1d9241759e8f8c07d4d7e51d2f858c821?s=96&d=mm&r=g\",\"caption\":\"editor1\"},\"url\":\"https:\\\/\\\/ciac.pt\\\/en\\\/author\\\/editor1\\\/\"}]}<\/script>\n<!-- \/ Yoast SEO plugin. -->","yoast_head_json":{"title":"Ana Isabel Soares takes part in the colloquium \u2018Unfinished Conversations: Literature and Cinema in Portugal\u2019 - CIAC","robots":{"index":"index","follow":"follow","max-snippet":"max-snippet:-1","max-image-preview":"max-image-preview:large","max-video-preview":"max-video-preview:-1"},"canonical":"https:\/\/ciac.pt\/en\/news\/ana-isabel-soares-takes-part-in-the-colloquium-unfinished-conversations-literature-and-cinema-in-portugal\/","og_locale":"en_US","og_type":"article","og_title":"Ana Isabel Soares takes part in the colloquium \u2018Unfinished Conversations: Literature and Cinema in Portugal\u2019 - CIAC","og_description":"CIAC researcher Ana Isabel Soares is taking part in the colloquium \u2018Conversa","og_url":"https:\/\/ciac.pt\/en\/news\/ana-isabel-soares-takes-part-in-the-colloquium-unfinished-conversations-literature-and-cinema-in-portugal\/","og_site_name":"CIAC","article_published_time":"2025-03-28T09:37:00+00:00","article_modified_time":"2025-04-24T10:59:09+00:00","og_image":[{"url":"https:\/\/ciac.pt\/wp-content\/uploads\/2025\/03\/Conversa-Inacabada.jpg","width":1,"height":1,"type":"image\/jpeg"}],"author":"editor1","twitter_card":"summary_large_image","twitter_misc":{"Written by":"editor1","Est. reading time":"2 minutes"},"schema":{"@context":"https:\/\/schema.org","@graph":[{"@type":"Article","@id":"https:\/\/ciac.pt\/en\/news\/ana-isabel-soares-takes-part-in-the-colloquium-unfinished-conversations-literature-and-cinema-in-portugal\/#article","isPartOf":{"@id":"https:\/\/ciac.pt\/en\/news\/ana-isabel-soares-takes-part-in-the-colloquium-unfinished-conversations-literature-and-cinema-in-portugal\/"},"author":{"name":"editor1","@id":"https:\/\/ciac.pt\/en\/#\/schema\/person\/3def46b976d3f4c0cdcf7c417cb570be"},"headline":"Ana Isabel Soares takes part in the colloquium \u2018Unfinished Conversations: Literature and Cinema in Portugal\u2019","datePublished":"2025-03-28T09:37:00+00:00","dateModified":"2025-04-24T10:59:09+00:00","mainEntityOfPage":{"@id":"https:\/\/ciac.pt\/en\/news\/ana-isabel-soares-takes-part-in-the-colloquium-unfinished-conversations-literature-and-cinema-in-portugal\/"},"wordCount":498,"publisher":{"@id":"https:\/\/ciac.pt\/en\/#organization"},"image":{"@id":"https:\/\/ciac.pt\/en\/news\/ana-isabel-soares-takes-part-in-the-colloquium-unfinished-conversations-literature-and-cinema-in-portugal\/#primaryimage"},"thumbnailUrl":"https:\/\/ciac.pt\/wp-content\/uploads\/2025\/03\/Conversa-Inacabada.jpg","keywords":["Dissemination"],"articleSection":["News"],"inLanguage":"en-US"},{"@type":"WebPage","@id":"https:\/\/ciac.pt\/en\/news\/ana-isabel-soares-takes-part-in-the-colloquium-unfinished-conversations-literature-and-cinema-in-portugal\/","url":"https:\/\/ciac.pt\/en\/news\/ana-isabel-soares-takes-part-in-the-colloquium-unfinished-conversations-literature-and-cinema-in-portugal\/","name":"Ana Isabel Soares takes part in the colloquium \u2018Unfinished Conversations: Literature and Cinema in Portugal\u2019 - CIAC","isPartOf":{"@id":"https:\/\/ciac.pt\/en\/#website"},"primaryImageOfPage":{"@id":"https:\/\/ciac.pt\/en\/news\/ana-isabel-soares-takes-part-in-the-colloquium-unfinished-conversations-literature-and-cinema-in-portugal\/#primaryimage"},"image":{"@id":"https:\/\/ciac.pt\/en\/news\/ana-isabel-soares-takes-part-in-the-colloquium-unfinished-conversations-literature-and-cinema-in-portugal\/#primaryimage"},"thumbnailUrl":"https:\/\/ciac.pt\/wp-content\/uploads\/2025\/03\/Conversa-Inacabada.jpg","datePublished":"2025-03-28T09:37:00+00:00","dateModified":"2025-04-24T10:59:09+00:00","breadcrumb":{"@id":"https:\/\/ciac.pt\/en\/news\/ana-isabel-soares-takes-part-in-the-colloquium-unfinished-conversations-literature-and-cinema-in-portugal\/#breadcrumb"},"inLanguage":"en-US","potentialAction":[{"@type":"ReadAction","target":["https:\/\/ciac.pt\/en\/news\/ana-isabel-soares-takes-part-in-the-colloquium-unfinished-conversations-literature-and-cinema-in-portugal\/"]}]},{"@type":"ImageObject","inLanguage":"en-US","@id":"https:\/\/ciac.pt\/en\/news\/ana-isabel-soares-takes-part-in-the-colloquium-unfinished-conversations-literature-and-cinema-in-portugal\/#primaryimage","url":"https:\/\/ciac.pt\/wp-content\/uploads\/2025\/03\/Conversa-Inacabada.jpg","contentUrl":"https:\/\/ciac.pt\/wp-content\/uploads\/2025\/03\/Conversa-Inacabada.jpg"},{"@type":"BreadcrumbList","@id":"https:\/\/ciac.pt\/en\/news\/ana-isabel-soares-takes-part-in-the-colloquium-unfinished-conversations-literature-and-cinema-in-portugal\/#breadcrumb","itemListElement":[{"@type":"ListItem","position":1,"name":"In\u00edcio","item":"https:\/\/ciac.pt\/en\/"},{"@type":"ListItem","position":2,"name":"Ana Isabel Soares takes part in the colloquium \u2018Unfinished Conversations: Literature and Cinema in Portugal\u2019"}]},{"@type":"WebSite","@id":"https:\/\/ciac.pt\/en\/#website","url":"https:\/\/ciac.pt\/en\/","name":"CIAC","description":"Centro de Investiga\u00e7\u00e3o em Artes e Comunica\u00e7\u00e3o","publisher":{"@id":"https:\/\/ciac.pt\/en\/#organization"},"potentialAction":[{"@type":"SearchAction","target":{"@type":"EntryPoint","urlTemplate":"https:\/\/ciac.pt\/en\/?s={search_term_string}"},"query-input":{"@type":"PropertyValueSpecification","valueRequired":true,"valueName":"search_term_string"}}],"inLanguage":"en-US"},{"@type":"Organization","@id":"https:\/\/ciac.pt\/en\/#organization","name":"CIAC","url":"https:\/\/ciac.pt\/en\/","logo":{"@type":"ImageObject","inLanguage":"en-US","@id":"https:\/\/ciac.pt\/en\/#\/schema\/logo\/image\/","url":"https:\/\/ciac.pt\/wp-content\/uploads\/2022\/06\/logo.svg","contentUrl":"https:\/\/ciac.pt\/wp-content\/uploads\/2022\/06\/logo.svg","width":184,"height":51,"caption":"CIAC"},"image":{"@id":"https:\/\/ciac.pt\/en\/#\/schema\/logo\/image\/"}},{"@type":"Person","@id":"https:\/\/ciac.pt\/en\/#\/schema\/person\/3def46b976d3f4c0cdcf7c417cb570be","name":"editor1","image":{"@type":"ImageObject","inLanguage":"en-US","@id":"https:\/\/secure.gravatar.com\/avatar\/4d8eb3157f61df03731fd8bf031b56d1d9241759e8f8c07d4d7e51d2f858c821?s=96&d=mm&r=g","url":"https:\/\/secure.gravatar.com\/avatar\/4d8eb3157f61df03731fd8bf031b56d1d9241759e8f8c07d4d7e51d2f858c821?s=96&d=mm&r=g","contentUrl":"https:\/\/secure.gravatar.com\/avatar\/4d8eb3157f61df03731fd8bf031b56d1d9241759e8f8c07d4d7e51d2f858c821?s=96&d=mm&r=g","caption":"editor1"},"url":"https:\/\/ciac.pt\/en\/author\/editor1\/"}]}},"author_meta":{"display_name":"editor1","author_link":"https:\/\/ciac.pt\/en\/author\/editor1\/"},"featured_img":"https:\/\/ciac.pt\/wp-content\/uploads\/2025\/03\/Conversa-Inacabada.jpg","coauthors":[],"tax_additional":{"categories":{"linked":["<a href=\"https:\/\/ciac.pt\/en\/.\/news\/\" class=\"advgb-post-tax-term\">News<\/a>"],"unlinked":["<span class=\"advgb-post-tax-term\">News<\/span>"]},"tags":{"linked":["<a href=\"https:\/\/ciac.pt\/en\/.\/news\/\" class=\"advgb-post-tax-term\">Dissemination<\/a>"],"unlinked":["<span class=\"advgb-post-tax-term\">Dissemination<\/span>"]}},"comment_count":0,"relative_dates":{"created":"Posted 1 year ago","modified":"Updated 1 year ago"},"absolute_dates":{"created":"Posted on 28\/03\/2025","modified":"Updated on 24\/04\/2025"},"absolute_dates_time":{"created":"Posted on 28\/03\/2025 9:37","modified":"Updated on 24\/04\/2025 11:59"},"featured_img_caption":"","series_order":"","_links":{"self":[{"href":"https:\/\/ciac.pt\/en\/wp-json\/wp\/v2\/posts\/11137","targetHints":{"allow":["GET"]}}],"collection":[{"href":"https:\/\/ciac.pt\/en\/wp-json\/wp\/v2\/posts"}],"about":[{"href":"https:\/\/ciac.pt\/en\/wp-json\/wp\/v2\/types\/post"}],"author":[{"embeddable":true,"href":"https:\/\/ciac.pt\/en\/wp-json\/wp\/v2\/users\/3"}],"replies":[{"embeddable":true,"href":"https:\/\/ciac.pt\/en\/wp-json\/wp\/v2\/comments?post=11137"}],"version-history":[{"count":1,"href":"https:\/\/ciac.pt\/en\/wp-json\/wp\/v2\/posts\/11137\/revisions"}],"predecessor-version":[{"id":11141,"href":"https:\/\/ciac.pt\/en\/wp-json\/wp\/v2\/posts\/11137\/revisions\/11141"}],"wp:featuredmedia":[{"embeddable":true,"href":"https:\/\/ciac.pt\/en\/wp-json\/wp\/v2\/media\/10993"}],"wp:attachment":[{"href":"https:\/\/ciac.pt\/en\/wp-json\/wp\/v2\/media?parent=11137"}],"wp:term":[{"taxonomy":"category","embeddable":true,"href":"https:\/\/ciac.pt\/en\/wp-json\/wp\/v2\/categories?post=11137"},{"taxonomy":"post_tag","embeddable":true,"href":"https:\/\/ciac.pt\/en\/wp-json\/wp\/v2\/tags?post=11137"}],"curies":[{"name":"wp","href":"https:\/\/api.w.org\/{rel}","templated":true}]}}