{"id":11304,"date":"2025-03-31T13:17:48","date_gmt":"2025-03-31T12:17:48","guid":{"rendered":"https:\/\/ciac.pt\/?p=11304"},"modified":"2025-05-08T13:31:10","modified_gmt":"2025-05-08T12:31:10","slug":"research-in-communication-and-digital-media-will-be-the-theme-of-the-next-communication-sciences-seminar","status":"publish","type":"post","link":"https:\/\/ciac.pt\/en\/news\/research-in-communication-and-digital-media-will-be-the-theme-of-the-next-communication-sciences-seminar\/","title":{"rendered":"\u2018Research in communication and digital media\u2019 will be the theme of the next Communication Sciences Seminar"},"content":{"rendered":"\n<div class=\"wp-block-group\"><div class=\"wp-block-group__inner-container is-layout-constrained wp-block-group-is-layout-constrained\">\n\n\n\n\n<figure class=\"wp-block-image size-full is-resized\"><img decoding=\"async\" data-src=\"https:\/\/ciac.pt\/wp-content\/uploads\/2025\/03\/CC24-25-9-Web.jpg\" alt=\"\" class=\"wp-image-11000 lazyload\" style=\"--smush-placeholder-width: 1754px; --smush-placeholder-aspect-ratio: 1754\/2480;width:auto;height:300px\" src=\"data:image\/svg+xml;base64,PHN2ZyB3aWR0aD0iMSIgaGVpZ2h0PSIxIiB4bWxucz0iaHR0cDovL3d3dy53My5vcmcvMjAwMC9zdmciPjwvc3ZnPg==\" \/><\/figure>\n\n\n\n<h2 class=\"wp-block-heading\">\u2018Research in communication and digital media\u2019 will be the theme of the next Communication Sciences Seminar<\/h2>\n\n\n<div class=\"has-link-color wp-elements-ac952bd73d84062937edc0a2318c3630 wp-block-post-date has-text-color has-cyan-bluish-gray-color\"><time datetime=\"2025-03-31T13:17:48+01:00\">31\/03\/2025<\/time><\/div>\n\n\n<hr class=\"wp-block-separator has-text-color has-white-color has-alpha-channel-opacity has-white-background-color has-background\"\/>\n\n\n\n<p>The next Communication Sciences Seminar, with the theme \u2018Research in communication and digital media\u2019, will be held on 9 April at 6.30pm in the Paulo Freire Amphitheatre, ESEC, on the Penha Campus of the University of the Algarve.<\/p>\n\n\n\n<p>The event will feature five presentations: Ana Perfeito, with the theme \u2018Composing a linear narrative in a live cinema performance through untouchable interactivity: Representing a lucid dream\u2019; Filipe Bernardo, with \u2018Quartel Virtual: Uma visita aos bombeiros de Portim\u00e3o\u2019; Jorge Carrega will present \u2018Esp\u00f3lios e cole\u00e7\u00f5es como objeto de investiga\u00e7\u00e3o: Projeto Curate\u2019, followed by \u2018A imagetiza\u00e7\u00e3o da tipografia em ambientes immersivos digitais como media\u00e7\u00e3o da experi\u00eancia de leitura\u2019, by Nuno Martins. Susana Costa will close with a presentation of \u2018IN[The Hate Booth]: Containing hate speech in games and digital communities through citizenship and digital literacy\u2019.<\/p>\n\n\n\n<p>The seminar is organised as part of the Project Design course of the Master&#8217;s Degree in Communication and Digital Media.<\/p>\n\n\n\n<p>The Communication Sciences Seminar Cycle is an initiative that has been developed in recent years in conjunction with professionals and the community. The sessions are organised by researchers from CIAC&#8217;s Communication Sciences working group, who teach on ESEC-UAlg&#8217;s undergraduate degree in Communication Sciences and master&#8217;s degree in Communication and Digital Media.<\/p>\n\n\n\n<hr class=\"wp-block-separator has-text-color has-white-color has-alpha-channel-opacity has-white-background-color has-background\"\/>\n\n\n\n<p>This conference is supported by national funds through FCT &#8211; Funda\u00e7\u00e3o para a Ci\u00eancia e a Tecnologia, I.P., under the project \u2018UID\/04019: Arts and Communication Research Centre\u2019.<\/p>\n<\/div><\/div>\n","protected":false},"excerpt":{"rendered":"<p>\u2018Research in communication and digital media\u2019 will be the theme of the<\/p>\n","protected":false},"author":3,"featured_media":11003,"comment_status":"closed","ping_status":"closed","sticky":false,"template":"","format":"standard","meta":{"_eb_attr":"","inline_featured_image":false,"advgb_blocks_editor_width":"","advgb_blocks_columns_visual_guide":"","footnotes":"","_links_to":"","_links_to_target":""},"categories":[61],"tags":[139],"class_list":["post-11304","post","type-post","status-publish","format-standard","has-post-thumbnail","hentry","category-news","tag-dissemination"],"yoast_head":"<!-- This site is optimized with the Yoast SEO plugin v27.4 - https:\/\/yoast.com\/product\/yoast-seo-wordpress\/ -->\n<title>\u2018Research in communication and digital media\u2019 will be the theme of the next Communication Sciences Seminar - CIAC<\/title>\n<meta name=\"robots\" content=\"index, follow, max-snippet:-1, max-image-preview:large, max-video-preview:-1\" \/>\n<link rel=\"canonical\" href=\"https:\/\/ciac.pt\/en\/news\/research-in-communication-and-digital-media-will-be-the-theme-of-the-next-communication-sciences-seminar\/\" \/>\n<meta property=\"og:locale\" content=\"en_US\" \/>\n<meta property=\"og:type\" content=\"article\" \/>\n<meta property=\"og:title\" content=\"\u2018Research in communication and digital media\u2019 will be the theme of the next Communication Sciences Seminar - CIAC\" \/>\n<meta property=\"og:description\" content=\"\u2018Research in communication and digital media\u2019 will be the theme of the\" \/>\n<meta property=\"og:url\" content=\"https:\/\/ciac.pt\/en\/news\/research-in-communication-and-digital-media-will-be-the-theme-of-the-next-communication-sciences-seminar\/\" \/>\n<meta property=\"og:site_name\" content=\"CIAC\" \/>\n<meta property=\"article:published_time\" content=\"2025-03-31T12:17:48+00:00\" \/>\n<meta property=\"article:modified_time\" content=\"2025-05-08T12:31:10+00:00\" \/>\n<meta property=\"og:image\" content=\"https:\/\/ciac.pt\/wp-content\/uploads\/2025\/03\/CC24-25-93-Website-CIAC-1620x1215-1.png\" \/>\n\t<meta property=\"og:image:width\" content=\"1\" \/>\n\t<meta property=\"og:image:height\" content=\"1\" \/>\n\t<meta property=\"og:image:type\" content=\"image\/png\" \/>\n<meta name=\"author\" content=\"editor1\" \/>\n<meta name=\"twitter:card\" content=\"summary_large_image\" \/>\n<meta name=\"twitter:label1\" content=\"Written by\" \/>\n\t<meta name=\"twitter:data1\" content=\"editor1\" \/>\n\t<meta name=\"twitter:label2\" content=\"Est. reading time\" \/>\n\t<meta name=\"twitter:data2\" content=\"1 minute\" \/>\n<script type=\"application\/ld+json\" class=\"yoast-schema-graph\">{\"@context\":\"https:\\\/\\\/schema.org\",\"@graph\":[{\"@type\":\"Article\",\"@id\":\"https:\\\/\\\/ciac.pt\\\/en\\\/news\\\/research-in-communication-and-digital-media-will-be-the-theme-of-the-next-communication-sciences-seminar\\\/#article\",\"isPartOf\":{\"@id\":\"https:\\\/\\\/ciac.pt\\\/en\\\/news\\\/research-in-communication-and-digital-media-will-be-the-theme-of-the-next-communication-sciences-seminar\\\/\"},\"author\":{\"name\":\"editor1\",\"@id\":\"https:\\\/\\\/ciac.pt\\\/en\\\/#\\\/schema\\\/person\\\/3def46b976d3f4c0cdcf7c417cb570be\"},\"headline\":\"\u2018Research in communication and digital media\u2019 will be the theme of the next Communication Sciences Seminar\",\"datePublished\":\"2025-03-31T12:17:48+00:00\",\"dateModified\":\"2025-05-08T12:31:10+00:00\",\"mainEntityOfPage\":{\"@id\":\"https:\\\/\\\/ciac.pt\\\/en\\\/news\\\/research-in-communication-and-digital-media-will-be-the-theme-of-the-next-communication-sciences-seminar\\\/\"},\"wordCount\":275,\"publisher\":{\"@id\":\"https:\\\/\\\/ciac.pt\\\/en\\\/#organization\"},\"image\":{\"@id\":\"https:\\\/\\\/ciac.pt\\\/en\\\/news\\\/research-in-communication-and-digital-media-will-be-the-theme-of-the-next-communication-sciences-seminar\\\/#primaryimage\"},\"thumbnailUrl\":\"https:\\\/\\\/ciac.pt\\\/wp-content\\\/uploads\\\/2025\\\/03\\\/CC24-25-93-Website-CIAC-1620x1215-1.png\",\"keywords\":[\"Dissemination\"],\"articleSection\":[\"News\"],\"inLanguage\":\"en-US\"},{\"@type\":\"WebPage\",\"@id\":\"https:\\\/\\\/ciac.pt\\\/en\\\/news\\\/research-in-communication-and-digital-media-will-be-the-theme-of-the-next-communication-sciences-seminar\\\/\",\"url\":\"https:\\\/\\\/ciac.pt\\\/en\\\/news\\\/research-in-communication-and-digital-media-will-be-the-theme-of-the-next-communication-sciences-seminar\\\/\",\"name\":\"\u2018Research in communication and digital media\u2019 will be the theme of the next Communication Sciences Seminar - CIAC\",\"isPartOf\":{\"@id\":\"https:\\\/\\\/ciac.pt\\\/en\\\/#website\"},\"primaryImageOfPage\":{\"@id\":\"https:\\\/\\\/ciac.pt\\\/en\\\/news\\\/research-in-communication-and-digital-media-will-be-the-theme-of-the-next-communication-sciences-seminar\\\/#primaryimage\"},\"image\":{\"@id\":\"https:\\\/\\\/ciac.pt\\\/en\\\/news\\\/research-in-communication-and-digital-media-will-be-the-theme-of-the-next-communication-sciences-seminar\\\/#primaryimage\"},\"thumbnailUrl\":\"https:\\\/\\\/ciac.pt\\\/wp-content\\\/uploads\\\/2025\\\/03\\\/CC24-25-93-Website-CIAC-1620x1215-1.png\",\"datePublished\":\"2025-03-31T12:17:48+00:00\",\"dateModified\":\"2025-05-08T12:31:10+00:00\",\"breadcrumb\":{\"@id\":\"https:\\\/\\\/ciac.pt\\\/en\\\/news\\\/research-in-communication-and-digital-media-will-be-the-theme-of-the-next-communication-sciences-seminar\\\/#breadcrumb\"},\"inLanguage\":\"en-US\",\"potentialAction\":[{\"@type\":\"ReadAction\",\"target\":[\"https:\\\/\\\/ciac.pt\\\/en\\\/news\\\/research-in-communication-and-digital-media-will-be-the-theme-of-the-next-communication-sciences-seminar\\\/\"]}]},{\"@type\":\"ImageObject\",\"inLanguage\":\"en-US\",\"@id\":\"https:\\\/\\\/ciac.pt\\\/en\\\/news\\\/research-in-communication-and-digital-media-will-be-the-theme-of-the-next-communication-sciences-seminar\\\/#primaryimage\",\"url\":\"https:\\\/\\\/ciac.pt\\\/wp-content\\\/uploads\\\/2025\\\/03\\\/CC24-25-93-Website-CIAC-1620x1215-1.png\",\"contentUrl\":\"https:\\\/\\\/ciac.pt\\\/wp-content\\\/uploads\\\/2025\\\/03\\\/CC24-25-93-Website-CIAC-1620x1215-1.png\"},{\"@type\":\"BreadcrumbList\",\"@id\":\"https:\\\/\\\/ciac.pt\\\/en\\\/news\\\/research-in-communication-and-digital-media-will-be-the-theme-of-the-next-communication-sciences-seminar\\\/#breadcrumb\",\"itemListElement\":[{\"@type\":\"ListItem\",\"position\":1,\"name\":\"In\u00edcio\",\"item\":\"https:\\\/\\\/ciac.pt\\\/en\\\/\"},{\"@type\":\"ListItem\",\"position\":2,\"name\":\"\u2018Research in communication and digital media\u2019 will be the theme of the next Communication Sciences Seminar\"}]},{\"@type\":\"WebSite\",\"@id\":\"https:\\\/\\\/ciac.pt\\\/en\\\/#website\",\"url\":\"https:\\\/\\\/ciac.pt\\\/en\\\/\",\"name\":\"CIAC\",\"description\":\"Centro de Investiga\u00e7\u00e3o em Artes e Comunica\u00e7\u00e3o\",\"publisher\":{\"@id\":\"https:\\\/\\\/ciac.pt\\\/en\\\/#organization\"},\"potentialAction\":[{\"@type\":\"SearchAction\",\"target\":{\"@type\":\"EntryPoint\",\"urlTemplate\":\"https:\\\/\\\/ciac.pt\\\/en\\\/?s={search_term_string}\"},\"query-input\":{\"@type\":\"PropertyValueSpecification\",\"valueRequired\":true,\"valueName\":\"search_term_string\"}}],\"inLanguage\":\"en-US\"},{\"@type\":\"Organization\",\"@id\":\"https:\\\/\\\/ciac.pt\\\/en\\\/#organization\",\"name\":\"CIAC\",\"url\":\"https:\\\/\\\/ciac.pt\\\/en\\\/\",\"logo\":{\"@type\":\"ImageObject\",\"inLanguage\":\"en-US\",\"@id\":\"https:\\\/\\\/ciac.pt\\\/en\\\/#\\\/schema\\\/logo\\\/image\\\/\",\"url\":\"https:\\\/\\\/ciac.pt\\\/wp-content\\\/uploads\\\/2022\\\/06\\\/logo.svg\",\"contentUrl\":\"https:\\\/\\\/ciac.pt\\\/wp-content\\\/uploads\\\/2022\\\/06\\\/logo.svg\",\"width\":184,\"height\":51,\"caption\":\"CIAC\"},\"image\":{\"@id\":\"https:\\\/\\\/ciac.pt\\\/en\\\/#\\\/schema\\\/logo\\\/image\\\/\"}},{\"@type\":\"Person\",\"@id\":\"https:\\\/\\\/ciac.pt\\\/en\\\/#\\\/schema\\\/person\\\/3def46b976d3f4c0cdcf7c417cb570be\",\"name\":\"editor1\",\"image\":{\"@type\":\"ImageObject\",\"inLanguage\":\"en-US\",\"@id\":\"https:\\\/\\\/secure.gravatar.com\\\/avatar\\\/4d8eb3157f61df03731fd8bf031b56d1d9241759e8f8c07d4d7e51d2f858c821?s=96&d=mm&r=g\",\"url\":\"https:\\\/\\\/secure.gravatar.com\\\/avatar\\\/4d8eb3157f61df03731fd8bf031b56d1d9241759e8f8c07d4d7e51d2f858c821?s=96&d=mm&r=g\",\"contentUrl\":\"https:\\\/\\\/secure.gravatar.com\\\/avatar\\\/4d8eb3157f61df03731fd8bf031b56d1d9241759e8f8c07d4d7e51d2f858c821?s=96&d=mm&r=g\",\"caption\":\"editor1\"},\"url\":\"https:\\\/\\\/ciac.pt\\\/en\\\/author\\\/editor1\\\/\"}]}<\/script>\n<!-- \/ Yoast SEO plugin. -->","yoast_head_json":{"title":"\u2018Research in communication and digital media\u2019 will be the theme of the next Communication Sciences Seminar - CIAC","robots":{"index":"index","follow":"follow","max-snippet":"max-snippet:-1","max-image-preview":"max-image-preview:large","max-video-preview":"max-video-preview:-1"},"canonical":"https:\/\/ciac.pt\/en\/news\/research-in-communication-and-digital-media-will-be-the-theme-of-the-next-communication-sciences-seminar\/","og_locale":"en_US","og_type":"article","og_title":"\u2018Research in communication and digital media\u2019 will be the theme of the next Communication Sciences Seminar - CIAC","og_description":"\u2018Research in communication and digital media\u2019 will be the theme of the","og_url":"https:\/\/ciac.pt\/en\/news\/research-in-communication-and-digital-media-will-be-the-theme-of-the-next-communication-sciences-seminar\/","og_site_name":"CIAC","article_published_time":"2025-03-31T12:17:48+00:00","article_modified_time":"2025-05-08T12:31:10+00:00","og_image":[{"url":"https:\/\/ciac.pt\/wp-content\/uploads\/2025\/03\/CC24-25-93-Website-CIAC-1620x1215-1.png","width":1,"height":1,"type":"image\/png"}],"author":"editor1","twitter_card":"summary_large_image","twitter_misc":{"Written by":"editor1","Est. reading time":"1 minute"},"schema":{"@context":"https:\/\/schema.org","@graph":[{"@type":"Article","@id":"https:\/\/ciac.pt\/en\/news\/research-in-communication-and-digital-media-will-be-the-theme-of-the-next-communication-sciences-seminar\/#article","isPartOf":{"@id":"https:\/\/ciac.pt\/en\/news\/research-in-communication-and-digital-media-will-be-the-theme-of-the-next-communication-sciences-seminar\/"},"author":{"name":"editor1","@id":"https:\/\/ciac.pt\/en\/#\/schema\/person\/3def46b976d3f4c0cdcf7c417cb570be"},"headline":"\u2018Research in communication and digital media\u2019 will be the theme of the next Communication Sciences Seminar","datePublished":"2025-03-31T12:17:48+00:00","dateModified":"2025-05-08T12:31:10+00:00","mainEntityOfPage":{"@id":"https:\/\/ciac.pt\/en\/news\/research-in-communication-and-digital-media-will-be-the-theme-of-the-next-communication-sciences-seminar\/"},"wordCount":275,"publisher":{"@id":"https:\/\/ciac.pt\/en\/#organization"},"image":{"@id":"https:\/\/ciac.pt\/en\/news\/research-in-communication-and-digital-media-will-be-the-theme-of-the-next-communication-sciences-seminar\/#primaryimage"},"thumbnailUrl":"https:\/\/ciac.pt\/wp-content\/uploads\/2025\/03\/CC24-25-93-Website-CIAC-1620x1215-1.png","keywords":["Dissemination"],"articleSection":["News"],"inLanguage":"en-US"},{"@type":"WebPage","@id":"https:\/\/ciac.pt\/en\/news\/research-in-communication-and-digital-media-will-be-the-theme-of-the-next-communication-sciences-seminar\/","url":"https:\/\/ciac.pt\/en\/news\/research-in-communication-and-digital-media-will-be-the-theme-of-the-next-communication-sciences-seminar\/","name":"\u2018Research in communication and digital media\u2019 will be the theme of the next Communication Sciences Seminar - CIAC","isPartOf":{"@id":"https:\/\/ciac.pt\/en\/#website"},"primaryImageOfPage":{"@id":"https:\/\/ciac.pt\/en\/news\/research-in-communication-and-digital-media-will-be-the-theme-of-the-next-communication-sciences-seminar\/#primaryimage"},"image":{"@id":"https:\/\/ciac.pt\/en\/news\/research-in-communication-and-digital-media-will-be-the-theme-of-the-next-communication-sciences-seminar\/#primaryimage"},"thumbnailUrl":"https:\/\/ciac.pt\/wp-content\/uploads\/2025\/03\/CC24-25-93-Website-CIAC-1620x1215-1.png","datePublished":"2025-03-31T12:17:48+00:00","dateModified":"2025-05-08T12:31:10+00:00","breadcrumb":{"@id":"https:\/\/ciac.pt\/en\/news\/research-in-communication-and-digital-media-will-be-the-theme-of-the-next-communication-sciences-seminar\/#breadcrumb"},"inLanguage":"en-US","potentialAction":[{"@type":"ReadAction","target":["https:\/\/ciac.pt\/en\/news\/research-in-communication-and-digital-media-will-be-the-theme-of-the-next-communication-sciences-seminar\/"]}]},{"@type":"ImageObject","inLanguage":"en-US","@id":"https:\/\/ciac.pt\/en\/news\/research-in-communication-and-digital-media-will-be-the-theme-of-the-next-communication-sciences-seminar\/#primaryimage","url":"https:\/\/ciac.pt\/wp-content\/uploads\/2025\/03\/CC24-25-93-Website-CIAC-1620x1215-1.png","contentUrl":"https:\/\/ciac.pt\/wp-content\/uploads\/2025\/03\/CC24-25-93-Website-CIAC-1620x1215-1.png"},{"@type":"BreadcrumbList","@id":"https:\/\/ciac.pt\/en\/news\/research-in-communication-and-digital-media-will-be-the-theme-of-the-next-communication-sciences-seminar\/#breadcrumb","itemListElement":[{"@type":"ListItem","position":1,"name":"In\u00edcio","item":"https:\/\/ciac.pt\/en\/"},{"@type":"ListItem","position":2,"name":"\u2018Research in communication and digital media\u2019 will be the theme of the next Communication Sciences Seminar"}]},{"@type":"WebSite","@id":"https:\/\/ciac.pt\/en\/#website","url":"https:\/\/ciac.pt\/en\/","name":"CIAC","description":"Centro de Investiga\u00e7\u00e3o em Artes e Comunica\u00e7\u00e3o","publisher":{"@id":"https:\/\/ciac.pt\/en\/#organization"},"potentialAction":[{"@type":"SearchAction","target":{"@type":"EntryPoint","urlTemplate":"https:\/\/ciac.pt\/en\/?s={search_term_string}"},"query-input":{"@type":"PropertyValueSpecification","valueRequired":true,"valueName":"search_term_string"}}],"inLanguage":"en-US"},{"@type":"Organization","@id":"https:\/\/ciac.pt\/en\/#organization","name":"CIAC","url":"https:\/\/ciac.pt\/en\/","logo":{"@type":"ImageObject","inLanguage":"en-US","@id":"https:\/\/ciac.pt\/en\/#\/schema\/logo\/image\/","url":"https:\/\/ciac.pt\/wp-content\/uploads\/2022\/06\/logo.svg","contentUrl":"https:\/\/ciac.pt\/wp-content\/uploads\/2022\/06\/logo.svg","width":184,"height":51,"caption":"CIAC"},"image":{"@id":"https:\/\/ciac.pt\/en\/#\/schema\/logo\/image\/"}},{"@type":"Person","@id":"https:\/\/ciac.pt\/en\/#\/schema\/person\/3def46b976d3f4c0cdcf7c417cb570be","name":"editor1","image":{"@type":"ImageObject","inLanguage":"en-US","@id":"https:\/\/secure.gravatar.com\/avatar\/4d8eb3157f61df03731fd8bf031b56d1d9241759e8f8c07d4d7e51d2f858c821?s=96&d=mm&r=g","url":"https:\/\/secure.gravatar.com\/avatar\/4d8eb3157f61df03731fd8bf031b56d1d9241759e8f8c07d4d7e51d2f858c821?s=96&d=mm&r=g","contentUrl":"https:\/\/secure.gravatar.com\/avatar\/4d8eb3157f61df03731fd8bf031b56d1d9241759e8f8c07d4d7e51d2f858c821?s=96&d=mm&r=g","caption":"editor1"},"url":"https:\/\/ciac.pt\/en\/author\/editor1\/"}]}},"author_meta":{"display_name":"editor1","author_link":"https:\/\/ciac.pt\/en\/author\/editor1\/"},"featured_img":"https:\/\/ciac.pt\/wp-content\/uploads\/2025\/03\/CC24-25-93-Website-CIAC-1620x1215-1.png","coauthors":[],"tax_additional":{"categories":{"linked":["<a href=\"https:\/\/ciac.pt\/en\/.\/news\/\" class=\"advgb-post-tax-term\">News<\/a>"],"unlinked":["<span class=\"advgb-post-tax-term\">News<\/span>"]},"tags":{"linked":["<a href=\"https:\/\/ciac.pt\/en\/.\/news\/\" class=\"advgb-post-tax-term\">Dissemination<\/a>"],"unlinked":["<span class=\"advgb-post-tax-term\">Dissemination<\/span>"]}},"comment_count":0,"relative_dates":{"created":"Posted 1 year ago","modified":"Updated 12 months ago"},"absolute_dates":{"created":"Posted on 31\/03\/2025","modified":"Updated on 08\/05\/2025"},"absolute_dates_time":{"created":"Posted on 31\/03\/2025 13:17","modified":"Updated on 08\/05\/2025 13:31"},"featured_img_caption":"","series_order":"","_links":{"self":[{"href":"https:\/\/ciac.pt\/en\/wp-json\/wp\/v2\/posts\/11304","targetHints":{"allow":["GET"]}}],"collection":[{"href":"https:\/\/ciac.pt\/en\/wp-json\/wp\/v2\/posts"}],"about":[{"href":"https:\/\/ciac.pt\/en\/wp-json\/wp\/v2\/types\/post"}],"author":[{"embeddable":true,"href":"https:\/\/ciac.pt\/en\/wp-json\/wp\/v2\/users\/3"}],"replies":[{"embeddable":true,"href":"https:\/\/ciac.pt\/en\/wp-json\/wp\/v2\/comments?post=11304"}],"version-history":[{"count":2,"href":"https:\/\/ciac.pt\/en\/wp-json\/wp\/v2\/posts\/11304\/revisions"}],"predecessor-version":[{"id":11306,"href":"https:\/\/ciac.pt\/en\/wp-json\/wp\/v2\/posts\/11304\/revisions\/11306"}],"wp:featuredmedia":[{"embeddable":true,"href":"https:\/\/ciac.pt\/en\/wp-json\/wp\/v2\/media\/11003"}],"wp:attachment":[{"href":"https:\/\/ciac.pt\/en\/wp-json\/wp\/v2\/media?parent=11304"}],"wp:term":[{"taxonomy":"category","embeddable":true,"href":"https:\/\/ciac.pt\/en\/wp-json\/wp\/v2\/categories?post=11304"},{"taxonomy":"post_tag","embeddable":true,"href":"https:\/\/ciac.pt\/en\/wp-json\/wp\/v2\/tags?post=11304"}],"curies":[{"name":"wp","href":"https:\/\/api.w.org\/{rel}","templated":true}]}}