{"id":11458,"date":"2025-04-02T08:19:00","date_gmt":"2025-04-02T07:19:00","guid":{"rendered":"https:\/\/ciac.pt\/?p=11458"},"modified":"2025-06-11T10:27:08","modified_gmt":"2025-06-11T09:27:08","slug":"in-sonora-festival-2005-celebrates-20-years","status":"publish","type":"post","link":"https:\/\/ciac.pt\/en\/news\/in-sonora-festival-2005-celebrates-20-years\/","title":{"rendered":"IN-SONORA Festival 2005 celebrates 20 years"},"content":{"rendered":"\n<div class=\"wp-block-group alignwide\"><div class=\"wp-block-group__inner-container is-layout-constrained wp-block-group-is-layout-constrained\">\n\n\n\n\n<figure class=\"wp-block-image size-full is-resized\"><a href=\"https:\/\/ciac.pt\/wp-content\/uploads\/2025\/04\/Hugo-Paquete-2024-Hugo-Paquete.jpg\"><img decoding=\"async\" data-src=\"https:\/\/ciac.pt\/wp-content\/uploads\/2025\/04\/Hugo-Paquete-2024-Hugo-Paquete.jpg\" alt=\"\" class=\"wp-image-11023 lazyload\" style=\"--smush-placeholder-width: 1280px; --smush-placeholder-aspect-ratio: 1280\/853;width:auto;height:300px\" src=\"data:image\/svg+xml;base64,PHN2ZyB3aWR0aD0iMSIgaGVpZ2h0PSIxIiB4bWxucz0iaHR0cDovL3d3dy53My5vcmcvMjAwMC9zdmciPjwvc3ZnPg==\" \/><\/a><\/figure>\n\n\n<h1 class=\"wp-block-post-title\">IN-SONORA Festival 2005 celebrates 20 years<\/h1>\n\n<div class=\"wp-block-post-date has-text-color has-cyan-bluish-gray-color\"><time datetime=\"2025-04-02T08:19:00+01:00\">02\/04\/2025<\/time><\/div>\n\n\n<hr class=\"wp-block-separator has-text-color has-white-color has-alpha-channel-opacity has-white-background-color has-background\"\/>\n\n\n\n<p>IN-SONORA Festival 2005, Celebrating IN-SONORA&#8217;s 20th Anniversary! Hugo Paquete, CIAC researcher, will share his composition \u2018Pulsar\u2019 which will be presented during this celebration, contributing to the vibrant tapestry of sound and creativity that IN-SONORA has nurtured over the last two decades.<\/p>\n\n\n\n<p>The Opening Night: Wednesday 2 April, from 19:30 to 22:00. The opening of the event will feature DJ Josephine&#8217;s Soundscapes, followed by a live performance by Orejas Borradoras (Eraser Ears).<\/p>\n\n\n\n<p>There will also be a Listening session: Thursday 3 April From 17:00 to 20:00. Escucha 01 \/ Listening 01, presents a selection of artists: Eduardo Palacio, Fernando Carvalho, Juan Sorrentino, Melanie King, Hugo Paquete, \u00cdcaro Zorbar, Wade Matthews, Jaime Mun\u00e1rriz, Pablo Sanz, La Claud, Mauricio Rivera Henao, Sergio Luque, Pablo Jord\u00e1n, Ronald van der Meijs, Ehrior Sanabria, Daniel Murillo, Unai Requejo, Adriana SA, John Klima, To Trips, Maria Andueza, Julio Cesar Palacio, Edith Alonso, Antony Maubert, Kumi Iwase and Claudio Merlet.<\/p>\n\n\n\n<p>A little about \u2018Pulsar\u2019, according to Hugo Paquete: \u2018Pulsar premiered at Immersive Sounds &#8211; External Worlds, part of the \u201cSonic Saturday\u201d symposium at Anton Bruckner Private University in Linz (AT) during the \u201cArs Electronica Festival 2022\u201d, and was also presented at the \u201c40.4 Festival\u201d at the B2 Centre for Media, Arts and Performance in the Black Box Experimental Studio, Roser ATLAS Institute, CU Boulder. This multi-channel composition immerses listeners in a vast sonic exploration of extraterrestrial sounds and rhythmic noise radiation. We extend our sincere gratitude to the organisation for its unwavering support and investment in the arts, which has had a significant impact on the landscape of sound art and contemporary music in Europe. Their dedication has inspired countless artists and audiences.\u2019<\/p>\n\n\n\n<p>The special event celebrating 20 years of IN-SONORA, a pioneering platform for sound art, contemporary music and interactive art in Europe, entitled: \u2018Cruce Contempor\u00e1neo\u2019 will take place from 2 to 13 April 2025 at C. Doctor Fourquet, 5, Madrid.<\/p>\n\n\n\n<p>More information (<a href=\"https:\/\/in-sonora.org\/ficha-proyecto\/in-sonora2005-2025\/\" data-type=\"link\" data-id=\"https:\/\/in-sonora.org\/ficha-proyecto\/in-sonora2005-2025\/\">here<\/a>).<\/p>\n\n\n\n<p>Event to be presented (<a href=\"https:\/\/ars.electronica.art\/planetb\/en\/medium-sonorum-concert\/\" data-type=\"link\" data-id=\"https:\/\/ars.electronica.art\/planetb\/en\/medium-sonorum-concert\/\">here<\/a>).<\/p>\n\n\n\n<hr class=\"wp-block-separator alignwide has-alpha-channel-opacity is-style-wide separador-mais-info\"\/>\n\n\n<\/div><\/div>\n","protected":false},"excerpt":{"rendered":"<p>IN-SONORA Festival 2005, Celebrating IN-SONORA&#8217;s 20th Anniversary! Hugo Paquete, CIAC researcher, will<\/p>\n","protected":false},"author":3,"featured_media":11026,"comment_status":"closed","ping_status":"closed","sticky":false,"template":"","format":"standard","meta":{"_eb_attr":"","inline_featured_image":false,"advgb_blocks_editor_width":"","advgb_blocks_columns_visual_guide":"","footnotes":"","_links_to":"","_links_to_target":""},"categories":[61],"tags":[139],"class_list":["post-11458","post","type-post","status-publish","format-standard","has-post-thumbnail","hentry","category-news","tag-dissemination"],"yoast_head":"<!-- This site is optimized with the Yoast SEO plugin v27.4 - https:\/\/yoast.com\/product\/yoast-seo-wordpress\/ -->\n<title>IN-SONORA Festival 2005 celebrates 20 years - CIAC<\/title>\n<meta name=\"robots\" content=\"index, follow, max-snippet:-1, max-image-preview:large, max-video-preview:-1\" \/>\n<link rel=\"canonical\" href=\"https:\/\/ciac.pt\/en\/news\/in-sonora-festival-2005-celebrates-20-years\/\" \/>\n<meta property=\"og:locale\" content=\"en_US\" \/>\n<meta property=\"og:type\" content=\"article\" \/>\n<meta property=\"og:title\" content=\"IN-SONORA Festival 2005 celebrates 20 years - CIAC\" \/>\n<meta property=\"og:description\" content=\"IN-SONORA Festival 2005, Celebrating IN-SONORA&#8217;s 20th Anniversary! Hugo Paquete, CIAC researcher, will\" \/>\n<meta property=\"og:url\" content=\"https:\/\/ciac.pt\/en\/news\/in-sonora-festival-2005-celebrates-20-years\/\" \/>\n<meta property=\"og:site_name\" content=\"CIAC\" \/>\n<meta property=\"article:published_time\" content=\"2025-04-02T07:19:00+00:00\" \/>\n<meta property=\"article:modified_time\" content=\"2025-06-11T09:27:08+00:00\" \/>\n<meta property=\"og:image\" content=\"https:\/\/ciac.pt\/wp-content\/uploads\/2025\/04\/Hugo-Paquete.jpg\" \/>\n\t<meta property=\"og:image:width\" content=\"1\" \/>\n\t<meta property=\"og:image:height\" content=\"1\" \/>\n\t<meta property=\"og:image:type\" content=\"image\/jpeg\" \/>\n<meta name=\"author\" content=\"editor1\" \/>\n<meta name=\"twitter:card\" content=\"summary_large_image\" \/>\n<meta name=\"twitter:label1\" content=\"Written by\" \/>\n\t<meta name=\"twitter:data1\" content=\"editor1\" \/>\n\t<meta name=\"twitter:label2\" content=\"Est. reading time\" \/>\n\t<meta name=\"twitter:data2\" content=\"2 minutes\" \/>\n<script type=\"application\/ld+json\" class=\"yoast-schema-graph\">{\"@context\":\"https:\\\/\\\/schema.org\",\"@graph\":[{\"@type\":\"Article\",\"@id\":\"https:\\\/\\\/ciac.pt\\\/en\\\/news\\\/in-sonora-festival-2005-celebrates-20-years\\\/#article\",\"isPartOf\":{\"@id\":\"https:\\\/\\\/ciac.pt\\\/en\\\/news\\\/in-sonora-festival-2005-celebrates-20-years\\\/\"},\"author\":{\"name\":\"editor1\",\"@id\":\"https:\\\/\\\/ciac.pt\\\/en\\\/#\\\/schema\\\/person\\\/3def46b976d3f4c0cdcf7c417cb570be\"},\"headline\":\"IN-SONORA Festival 2005 celebrates 20 years\",\"datePublished\":\"2025-04-02T07:19:00+00:00\",\"dateModified\":\"2025-06-11T09:27:08+00:00\",\"mainEntityOfPage\":{\"@id\":\"https:\\\/\\\/ciac.pt\\\/en\\\/news\\\/in-sonora-festival-2005-celebrates-20-years\\\/\"},\"wordCount\":315,\"publisher\":{\"@id\":\"https:\\\/\\\/ciac.pt\\\/en\\\/#organization\"},\"image\":{\"@id\":\"https:\\\/\\\/ciac.pt\\\/en\\\/news\\\/in-sonora-festival-2005-celebrates-20-years\\\/#primaryimage\"},\"thumbnailUrl\":\"https:\\\/\\\/ciac.pt\\\/wp-content\\\/uploads\\\/2025\\\/04\\\/Hugo-Paquete.jpg\",\"keywords\":[\"Dissemination\"],\"articleSection\":[\"News\"],\"inLanguage\":\"en-US\"},{\"@type\":\"WebPage\",\"@id\":\"https:\\\/\\\/ciac.pt\\\/en\\\/news\\\/in-sonora-festival-2005-celebrates-20-years\\\/\",\"url\":\"https:\\\/\\\/ciac.pt\\\/en\\\/news\\\/in-sonora-festival-2005-celebrates-20-years\\\/\",\"name\":\"IN-SONORA Festival 2005 celebrates 20 years - CIAC\",\"isPartOf\":{\"@id\":\"https:\\\/\\\/ciac.pt\\\/en\\\/#website\"},\"primaryImageOfPage\":{\"@id\":\"https:\\\/\\\/ciac.pt\\\/en\\\/news\\\/in-sonora-festival-2005-celebrates-20-years\\\/#primaryimage\"},\"image\":{\"@id\":\"https:\\\/\\\/ciac.pt\\\/en\\\/news\\\/in-sonora-festival-2005-celebrates-20-years\\\/#primaryimage\"},\"thumbnailUrl\":\"https:\\\/\\\/ciac.pt\\\/wp-content\\\/uploads\\\/2025\\\/04\\\/Hugo-Paquete.jpg\",\"datePublished\":\"2025-04-02T07:19:00+00:00\",\"dateModified\":\"2025-06-11T09:27:08+00:00\",\"breadcrumb\":{\"@id\":\"https:\\\/\\\/ciac.pt\\\/en\\\/news\\\/in-sonora-festival-2005-celebrates-20-years\\\/#breadcrumb\"},\"inLanguage\":\"en-US\",\"potentialAction\":[{\"@type\":\"ReadAction\",\"target\":[\"https:\\\/\\\/ciac.pt\\\/en\\\/news\\\/in-sonora-festival-2005-celebrates-20-years\\\/\"]}]},{\"@type\":\"ImageObject\",\"inLanguage\":\"en-US\",\"@id\":\"https:\\\/\\\/ciac.pt\\\/en\\\/news\\\/in-sonora-festival-2005-celebrates-20-years\\\/#primaryimage\",\"url\":\"https:\\\/\\\/ciac.pt\\\/wp-content\\\/uploads\\\/2025\\\/04\\\/Hugo-Paquete.jpg\",\"contentUrl\":\"https:\\\/\\\/ciac.pt\\\/wp-content\\\/uploads\\\/2025\\\/04\\\/Hugo-Paquete.jpg\"},{\"@type\":\"BreadcrumbList\",\"@id\":\"https:\\\/\\\/ciac.pt\\\/en\\\/news\\\/in-sonora-festival-2005-celebrates-20-years\\\/#breadcrumb\",\"itemListElement\":[{\"@type\":\"ListItem\",\"position\":1,\"name\":\"In\u00edcio\",\"item\":\"https:\\\/\\\/ciac.pt\\\/en\\\/\"},{\"@type\":\"ListItem\",\"position\":2,\"name\":\"IN-SONORA Festival 2005 celebrates 20 years\"}]},{\"@type\":\"WebSite\",\"@id\":\"https:\\\/\\\/ciac.pt\\\/en\\\/#website\",\"url\":\"https:\\\/\\\/ciac.pt\\\/en\\\/\",\"name\":\"CIAC\",\"description\":\"Centro de Investiga\u00e7\u00e3o em Artes e Comunica\u00e7\u00e3o\",\"publisher\":{\"@id\":\"https:\\\/\\\/ciac.pt\\\/en\\\/#organization\"},\"potentialAction\":[{\"@type\":\"SearchAction\",\"target\":{\"@type\":\"EntryPoint\",\"urlTemplate\":\"https:\\\/\\\/ciac.pt\\\/en\\\/?s={search_term_string}\"},\"query-input\":{\"@type\":\"PropertyValueSpecification\",\"valueRequired\":true,\"valueName\":\"search_term_string\"}}],\"inLanguage\":\"en-US\"},{\"@type\":\"Organization\",\"@id\":\"https:\\\/\\\/ciac.pt\\\/en\\\/#organization\",\"name\":\"CIAC\",\"url\":\"https:\\\/\\\/ciac.pt\\\/en\\\/\",\"logo\":{\"@type\":\"ImageObject\",\"inLanguage\":\"en-US\",\"@id\":\"https:\\\/\\\/ciac.pt\\\/en\\\/#\\\/schema\\\/logo\\\/image\\\/\",\"url\":\"https:\\\/\\\/ciac.pt\\\/wp-content\\\/uploads\\\/2022\\\/06\\\/logo.svg\",\"contentUrl\":\"https:\\\/\\\/ciac.pt\\\/wp-content\\\/uploads\\\/2022\\\/06\\\/logo.svg\",\"width\":184,\"height\":51,\"caption\":\"CIAC\"},\"image\":{\"@id\":\"https:\\\/\\\/ciac.pt\\\/en\\\/#\\\/schema\\\/logo\\\/image\\\/\"}},{\"@type\":\"Person\",\"@id\":\"https:\\\/\\\/ciac.pt\\\/en\\\/#\\\/schema\\\/person\\\/3def46b976d3f4c0cdcf7c417cb570be\",\"name\":\"editor1\",\"image\":{\"@type\":\"ImageObject\",\"inLanguage\":\"en-US\",\"@id\":\"https:\\\/\\\/secure.gravatar.com\\\/avatar\\\/4d8eb3157f61df03731fd8bf031b56d1d9241759e8f8c07d4d7e51d2f858c821?s=96&d=mm&r=g\",\"url\":\"https:\\\/\\\/secure.gravatar.com\\\/avatar\\\/4d8eb3157f61df03731fd8bf031b56d1d9241759e8f8c07d4d7e51d2f858c821?s=96&d=mm&r=g\",\"contentUrl\":\"https:\\\/\\\/secure.gravatar.com\\\/avatar\\\/4d8eb3157f61df03731fd8bf031b56d1d9241759e8f8c07d4d7e51d2f858c821?s=96&d=mm&r=g\",\"caption\":\"editor1\"},\"url\":\"https:\\\/\\\/ciac.pt\\\/en\\\/author\\\/editor1\\\/\"}]}<\/script>\n<!-- \/ Yoast SEO plugin. -->","yoast_head_json":{"title":"IN-SONORA Festival 2005 celebrates 20 years - CIAC","robots":{"index":"index","follow":"follow","max-snippet":"max-snippet:-1","max-image-preview":"max-image-preview:large","max-video-preview":"max-video-preview:-1"},"canonical":"https:\/\/ciac.pt\/en\/news\/in-sonora-festival-2005-celebrates-20-years\/","og_locale":"en_US","og_type":"article","og_title":"IN-SONORA Festival 2005 celebrates 20 years - CIAC","og_description":"IN-SONORA Festival 2005, Celebrating IN-SONORA&#8217;s 20th Anniversary! Hugo Paquete, CIAC researcher, will","og_url":"https:\/\/ciac.pt\/en\/news\/in-sonora-festival-2005-celebrates-20-years\/","og_site_name":"CIAC","article_published_time":"2025-04-02T07:19:00+00:00","article_modified_time":"2025-06-11T09:27:08+00:00","og_image":[{"url":"https:\/\/ciac.pt\/wp-content\/uploads\/2025\/04\/Hugo-Paquete.jpg","width":1,"height":1,"type":"image\/jpeg"}],"author":"editor1","twitter_card":"summary_large_image","twitter_misc":{"Written by":"editor1","Est. reading time":"2 minutes"},"schema":{"@context":"https:\/\/schema.org","@graph":[{"@type":"Article","@id":"https:\/\/ciac.pt\/en\/news\/in-sonora-festival-2005-celebrates-20-years\/#article","isPartOf":{"@id":"https:\/\/ciac.pt\/en\/news\/in-sonora-festival-2005-celebrates-20-years\/"},"author":{"name":"editor1","@id":"https:\/\/ciac.pt\/en\/#\/schema\/person\/3def46b976d3f4c0cdcf7c417cb570be"},"headline":"IN-SONORA Festival 2005 celebrates 20 years","datePublished":"2025-04-02T07:19:00+00:00","dateModified":"2025-06-11T09:27:08+00:00","mainEntityOfPage":{"@id":"https:\/\/ciac.pt\/en\/news\/in-sonora-festival-2005-celebrates-20-years\/"},"wordCount":315,"publisher":{"@id":"https:\/\/ciac.pt\/en\/#organization"},"image":{"@id":"https:\/\/ciac.pt\/en\/news\/in-sonora-festival-2005-celebrates-20-years\/#primaryimage"},"thumbnailUrl":"https:\/\/ciac.pt\/wp-content\/uploads\/2025\/04\/Hugo-Paquete.jpg","keywords":["Dissemination"],"articleSection":["News"],"inLanguage":"en-US"},{"@type":"WebPage","@id":"https:\/\/ciac.pt\/en\/news\/in-sonora-festival-2005-celebrates-20-years\/","url":"https:\/\/ciac.pt\/en\/news\/in-sonora-festival-2005-celebrates-20-years\/","name":"IN-SONORA Festival 2005 celebrates 20 years - CIAC","isPartOf":{"@id":"https:\/\/ciac.pt\/en\/#website"},"primaryImageOfPage":{"@id":"https:\/\/ciac.pt\/en\/news\/in-sonora-festival-2005-celebrates-20-years\/#primaryimage"},"image":{"@id":"https:\/\/ciac.pt\/en\/news\/in-sonora-festival-2005-celebrates-20-years\/#primaryimage"},"thumbnailUrl":"https:\/\/ciac.pt\/wp-content\/uploads\/2025\/04\/Hugo-Paquete.jpg","datePublished":"2025-04-02T07:19:00+00:00","dateModified":"2025-06-11T09:27:08+00:00","breadcrumb":{"@id":"https:\/\/ciac.pt\/en\/news\/in-sonora-festival-2005-celebrates-20-years\/#breadcrumb"},"inLanguage":"en-US","potentialAction":[{"@type":"ReadAction","target":["https:\/\/ciac.pt\/en\/news\/in-sonora-festival-2005-celebrates-20-years\/"]}]},{"@type":"ImageObject","inLanguage":"en-US","@id":"https:\/\/ciac.pt\/en\/news\/in-sonora-festival-2005-celebrates-20-years\/#primaryimage","url":"https:\/\/ciac.pt\/wp-content\/uploads\/2025\/04\/Hugo-Paquete.jpg","contentUrl":"https:\/\/ciac.pt\/wp-content\/uploads\/2025\/04\/Hugo-Paquete.jpg"},{"@type":"BreadcrumbList","@id":"https:\/\/ciac.pt\/en\/news\/in-sonora-festival-2005-celebrates-20-years\/#breadcrumb","itemListElement":[{"@type":"ListItem","position":1,"name":"In\u00edcio","item":"https:\/\/ciac.pt\/en\/"},{"@type":"ListItem","position":2,"name":"IN-SONORA Festival 2005 celebrates 20 years"}]},{"@type":"WebSite","@id":"https:\/\/ciac.pt\/en\/#website","url":"https:\/\/ciac.pt\/en\/","name":"CIAC","description":"Centro de Investiga\u00e7\u00e3o em Artes e Comunica\u00e7\u00e3o","publisher":{"@id":"https:\/\/ciac.pt\/en\/#organization"},"potentialAction":[{"@type":"SearchAction","target":{"@type":"EntryPoint","urlTemplate":"https:\/\/ciac.pt\/en\/?s={search_term_string}"},"query-input":{"@type":"PropertyValueSpecification","valueRequired":true,"valueName":"search_term_string"}}],"inLanguage":"en-US"},{"@type":"Organization","@id":"https:\/\/ciac.pt\/en\/#organization","name":"CIAC","url":"https:\/\/ciac.pt\/en\/","logo":{"@type":"ImageObject","inLanguage":"en-US","@id":"https:\/\/ciac.pt\/en\/#\/schema\/logo\/image\/","url":"https:\/\/ciac.pt\/wp-content\/uploads\/2022\/06\/logo.svg","contentUrl":"https:\/\/ciac.pt\/wp-content\/uploads\/2022\/06\/logo.svg","width":184,"height":51,"caption":"CIAC"},"image":{"@id":"https:\/\/ciac.pt\/en\/#\/schema\/logo\/image\/"}},{"@type":"Person","@id":"https:\/\/ciac.pt\/en\/#\/schema\/person\/3def46b976d3f4c0cdcf7c417cb570be","name":"editor1","image":{"@type":"ImageObject","inLanguage":"en-US","@id":"https:\/\/secure.gravatar.com\/avatar\/4d8eb3157f61df03731fd8bf031b56d1d9241759e8f8c07d4d7e51d2f858c821?s=96&d=mm&r=g","url":"https:\/\/secure.gravatar.com\/avatar\/4d8eb3157f61df03731fd8bf031b56d1d9241759e8f8c07d4d7e51d2f858c821?s=96&d=mm&r=g","contentUrl":"https:\/\/secure.gravatar.com\/avatar\/4d8eb3157f61df03731fd8bf031b56d1d9241759e8f8c07d4d7e51d2f858c821?s=96&d=mm&r=g","caption":"editor1"},"url":"https:\/\/ciac.pt\/en\/author\/editor1\/"}]}},"author_meta":{"display_name":"editor1","author_link":"https:\/\/ciac.pt\/en\/author\/editor1\/"},"featured_img":"https:\/\/ciac.pt\/wp-content\/uploads\/2025\/04\/Hugo-Paquete.jpg","coauthors":[],"tax_additional":{"categories":{"linked":["<a href=\"https:\/\/ciac.pt\/en\/.\/news\/\" class=\"advgb-post-tax-term\">News<\/a>"],"unlinked":["<span class=\"advgb-post-tax-term\">News<\/span>"]},"tags":{"linked":["<a href=\"https:\/\/ciac.pt\/en\/.\/news\/\" class=\"advgb-post-tax-term\">Dissemination<\/a>"],"unlinked":["<span class=\"advgb-post-tax-term\">Dissemination<\/span>"]}},"comment_count":0,"relative_dates":{"created":"Posted 1 year ago","modified":"Updated 11 months ago"},"absolute_dates":{"created":"Posted on 02\/04\/2025","modified":"Updated on 11\/06\/2025"},"absolute_dates_time":{"created":"Posted on 02\/04\/2025 8:19","modified":"Updated on 11\/06\/2025 10:27"},"featured_img_caption":"","series_order":"","_links":{"self":[{"href":"https:\/\/ciac.pt\/en\/wp-json\/wp\/v2\/posts\/11458","targetHints":{"allow":["GET"]}}],"collection":[{"href":"https:\/\/ciac.pt\/en\/wp-json\/wp\/v2\/posts"}],"about":[{"href":"https:\/\/ciac.pt\/en\/wp-json\/wp\/v2\/types\/post"}],"author":[{"embeddable":true,"href":"https:\/\/ciac.pt\/en\/wp-json\/wp\/v2\/users\/3"}],"replies":[{"embeddable":true,"href":"https:\/\/ciac.pt\/en\/wp-json\/wp\/v2\/comments?post=11458"}],"version-history":[{"count":1,"href":"https:\/\/ciac.pt\/en\/wp-json\/wp\/v2\/posts\/11458\/revisions"}],"predecessor-version":[{"id":11459,"href":"https:\/\/ciac.pt\/en\/wp-json\/wp\/v2\/posts\/11458\/revisions\/11459"}],"wp:featuredmedia":[{"embeddable":true,"href":"https:\/\/ciac.pt\/en\/wp-json\/wp\/v2\/media\/11026"}],"wp:attachment":[{"href":"https:\/\/ciac.pt\/en\/wp-json\/wp\/v2\/media?parent=11458"}],"wp:term":[{"taxonomy":"category","embeddable":true,"href":"https:\/\/ciac.pt\/en\/wp-json\/wp\/v2\/categories?post=11458"},{"taxonomy":"post_tag","embeddable":true,"href":"https:\/\/ciac.pt\/en\/wp-json\/wp\/v2\/tags?post=11458"}],"curies":[{"name":"wp","href":"https:\/\/api.w.org\/{rel}","templated":true}]}}