{"id":11727,"date":"2025-05-19T13:05:04","date_gmt":"2025-05-19T12:05:04","guid":{"rendered":"https:\/\/ciac.pt\/?p=11727"},"modified":"2025-08-04T13:06:11","modified_gmt":"2025-08-04T12:06:11","slug":"ciac-participates-in-the-international-conference-foreu4all-initiatives-and-accelerate-genai","status":"publish","type":"post","link":"https:\/\/ciac.pt\/en\/news\/ciac-participates-in-the-international-conference-foreu4all-initiatives-and-accelerate-genai\/","title":{"rendered":"CIAC participates in the International Conference \u201cFOREU4ALL Initiatives and Accelerate GenAI\u201d"},"content":{"rendered":"\n<div class=\"wp-block-group alignwide\"><div class=\"wp-block-group__inner-container is-layout-constrained wp-block-group-is-layout-constrained\">\n\n\n\n\n<figure class=\"wp-block-image size-large is-resized\"><a href=\"https:\/\/ciac.pt\/wp-content\/uploads\/2025\/05\/CONFERENCE-26-MAY-1_compressed_page-0001.jpg\"><img decoding=\"async\" width=\"725\" height=\"1024\" data-src=\"https:\/\/ciac.pt\/wp-content\/uploads\/2025\/05\/CONFERENCE-26-MAY-1_compressed_page-0001-725x1024.jpg\" alt=\"\" class=\"wp-image-11355 lazyload\" style=\"--smush-placeholder-width: 725px; --smush-placeholder-aspect-ratio: 725\/1024;width:auto;height:300px\" data-srcset=\"https:\/\/ciac.pt\/wp-content\/uploads\/2025\/05\/CONFERENCE-26-MAY-1_compressed_page-0001-725x1024.jpg 725w, https:\/\/ciac.pt\/wp-content\/uploads\/2025\/05\/CONFERENCE-26-MAY-1_compressed_page-0001-212x300.jpg 212w, https:\/\/ciac.pt\/wp-content\/uploads\/2025\/05\/CONFERENCE-26-MAY-1_compressed_page-0001-768x1085.jpg 768w, https:\/\/ciac.pt\/wp-content\/uploads\/2025\/05\/CONFERENCE-26-MAY-1_compressed_page-0001-1087x1536.jpg 1087w, https:\/\/ciac.pt\/wp-content\/uploads\/2025\/05\/CONFERENCE-26-MAY-1_compressed_page-0001.jpg 1241w\" data-sizes=\"(max-width: 725px) 100vw, 725px\" src=\"data:image\/svg+xml;base64,PHN2ZyB3aWR0aD0iMSIgaGVpZ2h0PSIxIiB4bWxucz0iaHR0cDovL3d3dy53My5vcmcvMjAwMC9zdmciPjwvc3ZnPg==\" \/><\/a><\/figure>\n\n\n<h1 class=\"wp-block-post-title\">CIAC participates in the International Conference \u201cFOREU4ALL Initiatives and Accelerate GenAI\u201d<\/h1>\n\n<div class=\"wp-block-post-date has-text-color has-cyan-bluish-gray-color\"><time datetime=\"2025-05-19T13:05:04+01:00\">19\/05\/2025<\/time><\/div>\n\n\n<hr class=\"wp-block-separator has-text-color has-white-color has-alpha-channel-opacity has-white-background-color has-background\"\/>\n\n\n\n<p>On 26 May 2025, CIAC-PLDIS of the Polytechnic Institute of Santar\u00e9m is organising the international conference \u2018FOREU4ALL INITIATIVES AND ACCELERATE GENAI\u2019, which will take place in Auditorium I of the IPSantar\u00e9m School of Education, in a hybrid format (in person and online, via Zoom \u2013 ID: 918 5395 3635).<\/p>\n\n\n\n<p>This event is part of the ACE2EU FOREU4ALL initiatives and has the collaboration of European alliances such as Colours and NEOLAiA, as well as the international network METARED (Peru). The programme brings together more than 20 speakers from across Europe \u2013 including institutional leaders, researchers and experts in digital transformation \u2013 in a multilingual and interdisciplinary environment, with simultaneous translation into English.<\/p>\n\n\n\n<p><strong>A conference with leadership and vision<\/strong><\/p>\n\n\n\n<p>Coordinated by Professor Maria Potes Barbas, lecturer and researcher at IPSantar\u00e9m and head of CIAC-PLDIS, this conference aims to promote digital education, inclusion and international cooperation. The professor was recently awarded the 2024 International Prize by the University of Targu Jiu, recognising her contribution to educational innovation and digital literacy.<\/p>\n\n\n\n<h3 class=\"wp-block-heading\">Featured programme<\/h3>\n\n\n\n<ul class=\"wp-block-list\">\n<li>Official signing of a cooperation protocol between CIAC-PLDIS, ISTEC and the Regional Association for the Development of Information Technologies in Madeira, to promote applied research in Artificial Intelligence in higher education.<\/li>\n\n\n\n<li>Practical workshops on AI tools (basic and intermediate level), focusing on applications such as:\n<ul class=\"wp-block-list\">\n<li>Prompt engineering<\/li>\n\n\n\n<li>Image, video and infographic creation<\/li>\n\n\n\n<li>Machine translation and content summarisation<\/li>\n\n\n\n<li>Co-writing and improving textual readability<\/li>\n\n\n\n<li>Ethics in AI and digital literacy<\/li>\n\n\n\n<li>The future of European university alliances<\/li>\n\n\n\n<li>Digital skills for teachers and students<\/li>\n<\/ul>\n<\/li>\n\n\n\n<li><strong>Thematic panels on<\/strong>:\n<ul class=\"wp-block-list\">\n<li>Ethics in AI and digital literacy<\/li>\n\n\n\n<li>The future of European university alliances<\/li>\n\n\n\n<li>Digital skills for teachers and students<\/li>\n<\/ul>\n<\/li>\n\n\n\n<li><strong>Active participation of student<\/strong>s from the Master&#8217;s Degree in Digital Resources for Education (MRDE), with presentations of innovative projects.<\/li>\n\n\n\n<li><strong>Holographic presentation by moderator \u2018Mar\u2019<\/strong>, a unique moment that reinforces the technological component of the event.<\/li>\n\n\n\n<li>Launch of the PLDIS App, which will allow users to follow CIAC-PLDIS events and conferences in real time.<\/li>\n<\/ul>\n\n\n\n<h3 class=\"wp-block-heading\">Confirmed speakers<\/h3>\n\n\n\n<ul class=\"wp-block-list\">\n<li><strong>Jo\u00e3o Mout\u00e3o<\/strong>, President of IPSantar\u00e9m<\/li>\n\n\n\n<li><strong>Ant\u00f3nio Fidalgo<\/strong>, Secretary-General of ISTEC Lisbon<\/li>\n\n\n\n<li><strong>Ant\u00f3nio Bob Santos<\/strong>, FCT<\/li>\n\n\n\n<li><strong>Rita Dias<\/strong>, President of Erasmus Student Network International<\/li>\n\n\n\n<li><strong>Laura Col\u00f2<\/strong>, coordinator of the ICORE (4EU+) project<\/li>\n\n\n\n<li><strong>Jos\u00e9 Ignacio Jimenez<\/strong>, Vice-Rector of the University of Ja\u00e9n<\/li>\n\n\n\n<li><strong>Sebastian Stride<\/strong>, Higher Education Specialist at SIRIS Academic<\/li>\n\n\n\n<li>MRDE teachers and students, including <strong>Filipe Madeira, Andreia Vieira, Ancor Guedes, Jorge Gonzalez and Maria Potes Barbas<\/strong><\/li>\n<\/ul>\n<\/div><\/div>\n\n\n\n<h2 class=\"wp-block-heading\">An opportunity to rethink the future of digital education<\/h2>\n\n\n\n<p>With the motto <strong>\u2018Innovation and FOREU4ALL\u2019<\/strong>, this conference aims to be a <strong>space for strategic sharing and collaborative reflection on the impact of AI on education<\/strong>, promoting values such as digital inclusion and technological ethics.<\/p>\n\n\n\n<p>\ud83d\udd17 Free registration: (<a href=\"https:\/\/forms.gle\/4p6DEQhfD1TYKrjRA\" data-type=\"link\" data-id=\"https:\/\/forms.gle\/4p6DEQhfD1TYKrjRA\">Here<\/a>)<\/p>\n\n\n\n<p>\ud83d\udcc4 Full programme: [Available soon]<\/p>\n\n\n\n<p>\ud83d\udcf2 PLDIS App<\/p>\n\n\n\n<ul class=\"wp-block-list\">\n<li>For Android: [<a href=\"https:\/\/web-page-rho-pink.vercel.app\/main.html\">Access the App<\/a>]<\/li>\n\n\n\n<li>For iOS\/Web: [<a href=\"https:\/\/polo-web.vercel.app\/\">Access the web version<\/a>]<\/li>\n<\/ul>\n\n\n\n<div class=\"wp-block-group alignwide\"><div class=\"wp-block-group__inner-container is-layout-constrained wp-block-group-is-layout-constrained\">\n<hr class=\"wp-block-separator alignwide has-alpha-channel-opacity is-style-wide separador-mais-info\"\/>\n\n\n<\/div><\/div>\n","protected":false},"excerpt":{"rendered":"<p>On 26 May 2025, CIAC-PLDIS of the Polytechnic Institute of Santar\u00e9m is<\/p>\n","protected":false},"author":3,"featured_media":11354,"comment_status":"closed","ping_status":"closed","sticky":false,"template":"","format":"standard","meta":{"_eb_attr":"","inline_featured_image":false,"advgb_blocks_editor_width":"","advgb_blocks_columns_visual_guide":"","footnotes":"","_links_to":"","_links_to_target":""},"categories":[61],"tags":[139],"class_list":["post-11727","post","type-post","status-publish","format-standard","has-post-thumbnail","hentry","category-news","tag-dissemination"],"yoast_head":"<!-- This site is optimized with the Yoast SEO plugin v27.4 - https:\/\/yoast.com\/product\/yoast-seo-wordpress\/ -->\n<title>CIAC participates in the International Conference \u201cFOREU4ALL Initiatives and Accelerate GenAI\u201d - CIAC<\/title>\n<meta name=\"robots\" content=\"index, follow, max-snippet:-1, max-image-preview:large, max-video-preview:-1\" \/>\n<link rel=\"canonical\" href=\"https:\/\/ciac.pt\/en\/news\/ciac-participates-in-the-international-conference-foreu4all-initiatives-and-accelerate-genai\/\" \/>\n<meta property=\"og:locale\" content=\"en_US\" \/>\n<meta property=\"og:type\" content=\"article\" \/>\n<meta property=\"og:title\" content=\"CIAC participates in the International Conference \u201cFOREU4ALL Initiatives and Accelerate GenAI\u201d - CIAC\" \/>\n<meta property=\"og:description\" content=\"On 26 May 2025, CIAC-PLDIS of the Polytechnic Institute of Santar\u00e9m is\" \/>\n<meta property=\"og:url\" content=\"https:\/\/ciac.pt\/en\/news\/ciac-participates-in-the-international-conference-foreu4all-initiatives-and-accelerate-genai\/\" \/>\n<meta property=\"og:site_name\" content=\"CIAC\" \/>\n<meta property=\"article:published_time\" content=\"2025-05-19T12:05:04+00:00\" \/>\n<meta property=\"article:modified_time\" content=\"2025-08-04T12:06:11+00:00\" \/>\n<meta property=\"og:image\" content=\"https:\/\/ciac.pt\/wp-content\/uploads\/2025\/05\/Foreu4all.jpg\" \/>\n\t<meta property=\"og:image:width\" content=\"1620\" \/>\n\t<meta property=\"og:image:height\" content=\"1215\" \/>\n\t<meta property=\"og:image:type\" content=\"image\/jpeg\" \/>\n<meta name=\"author\" content=\"editor1\" \/>\n<meta name=\"twitter:card\" content=\"summary_large_image\" \/>\n<meta name=\"twitter:label1\" content=\"Written by\" \/>\n\t<meta name=\"twitter:data1\" content=\"editor1\" \/>\n\t<meta name=\"twitter:label2\" content=\"Est. reading time\" \/>\n\t<meta name=\"twitter:data2\" content=\"2 minutes\" \/>\n<script type=\"application\/ld+json\" class=\"yoast-schema-graph\">{\"@context\":\"https:\\\/\\\/schema.org\",\"@graph\":[{\"@type\":\"Article\",\"@id\":\"https:\\\/\\\/ciac.pt\\\/en\\\/news\\\/ciac-participates-in-the-international-conference-foreu4all-initiatives-and-accelerate-genai\\\/#article\",\"isPartOf\":{\"@id\":\"https:\\\/\\\/ciac.pt\\\/en\\\/news\\\/ciac-participates-in-the-international-conference-foreu4all-initiatives-and-accelerate-genai\\\/\"},\"author\":{\"name\":\"editor1\",\"@id\":\"https:\\\/\\\/ciac.pt\\\/en\\\/#\\\/schema\\\/person\\\/3def46b976d3f4c0cdcf7c417cb570be\"},\"headline\":\"CIAC participates in the International Conference \u201cFOREU4ALL Initiatives and Accelerate GenAI\u201d\",\"datePublished\":\"2025-05-19T12:05:04+00:00\",\"dateModified\":\"2025-08-04T12:06:11+00:00\",\"mainEntityOfPage\":{\"@id\":\"https:\\\/\\\/ciac.pt\\\/en\\\/news\\\/ciac-participates-in-the-international-conference-foreu4all-initiatives-and-accelerate-genai\\\/\"},\"wordCount\":473,\"publisher\":{\"@id\":\"https:\\\/\\\/ciac.pt\\\/en\\\/#organization\"},\"image\":{\"@id\":\"https:\\\/\\\/ciac.pt\\\/en\\\/news\\\/ciac-participates-in-the-international-conference-foreu4all-initiatives-and-accelerate-genai\\\/#primaryimage\"},\"thumbnailUrl\":\"https:\\\/\\\/ciac.pt\\\/wp-content\\\/uploads\\\/2025\\\/05\\\/Foreu4all.jpg\",\"keywords\":[\"Dissemination\"],\"articleSection\":[\"News\"],\"inLanguage\":\"en-US\"},{\"@type\":\"WebPage\",\"@id\":\"https:\\\/\\\/ciac.pt\\\/en\\\/news\\\/ciac-participates-in-the-international-conference-foreu4all-initiatives-and-accelerate-genai\\\/\",\"url\":\"https:\\\/\\\/ciac.pt\\\/en\\\/news\\\/ciac-participates-in-the-international-conference-foreu4all-initiatives-and-accelerate-genai\\\/\",\"name\":\"CIAC participates in the International Conference \u201cFOREU4ALL Initiatives and Accelerate GenAI\u201d - CIAC\",\"isPartOf\":{\"@id\":\"https:\\\/\\\/ciac.pt\\\/en\\\/#website\"},\"primaryImageOfPage\":{\"@id\":\"https:\\\/\\\/ciac.pt\\\/en\\\/news\\\/ciac-participates-in-the-international-conference-foreu4all-initiatives-and-accelerate-genai\\\/#primaryimage\"},\"image\":{\"@id\":\"https:\\\/\\\/ciac.pt\\\/en\\\/news\\\/ciac-participates-in-the-international-conference-foreu4all-initiatives-and-accelerate-genai\\\/#primaryimage\"},\"thumbnailUrl\":\"https:\\\/\\\/ciac.pt\\\/wp-content\\\/uploads\\\/2025\\\/05\\\/Foreu4all.jpg\",\"datePublished\":\"2025-05-19T12:05:04+00:00\",\"dateModified\":\"2025-08-04T12:06:11+00:00\",\"breadcrumb\":{\"@id\":\"https:\\\/\\\/ciac.pt\\\/en\\\/news\\\/ciac-participates-in-the-international-conference-foreu4all-initiatives-and-accelerate-genai\\\/#breadcrumb\"},\"inLanguage\":\"en-US\",\"potentialAction\":[{\"@type\":\"ReadAction\",\"target\":[\"https:\\\/\\\/ciac.pt\\\/en\\\/news\\\/ciac-participates-in-the-international-conference-foreu4all-initiatives-and-accelerate-genai\\\/\"]}]},{\"@type\":\"ImageObject\",\"inLanguage\":\"en-US\",\"@id\":\"https:\\\/\\\/ciac.pt\\\/en\\\/news\\\/ciac-participates-in-the-international-conference-foreu4all-initiatives-and-accelerate-genai\\\/#primaryimage\",\"url\":\"https:\\\/\\\/ciac.pt\\\/wp-content\\\/uploads\\\/2025\\\/05\\\/Foreu4all.jpg\",\"contentUrl\":\"https:\\\/\\\/ciac.pt\\\/wp-content\\\/uploads\\\/2025\\\/05\\\/Foreu4all.jpg\",\"width\":1620,\"height\":1215},{\"@type\":\"BreadcrumbList\",\"@id\":\"https:\\\/\\\/ciac.pt\\\/en\\\/news\\\/ciac-participates-in-the-international-conference-foreu4all-initiatives-and-accelerate-genai\\\/#breadcrumb\",\"itemListElement\":[{\"@type\":\"ListItem\",\"position\":1,\"name\":\"In\u00edcio\",\"item\":\"https:\\\/\\\/ciac.pt\\\/en\\\/\"},{\"@type\":\"ListItem\",\"position\":2,\"name\":\"CIAC participates in the International Conference \u201cFOREU4ALL Initiatives and Accelerate GenAI\u201d\"}]},{\"@type\":\"WebSite\",\"@id\":\"https:\\\/\\\/ciac.pt\\\/en\\\/#website\",\"url\":\"https:\\\/\\\/ciac.pt\\\/en\\\/\",\"name\":\"CIAC\",\"description\":\"Centro de Investiga\u00e7\u00e3o em Artes e Comunica\u00e7\u00e3o\",\"publisher\":{\"@id\":\"https:\\\/\\\/ciac.pt\\\/en\\\/#organization\"},\"potentialAction\":[{\"@type\":\"SearchAction\",\"target\":{\"@type\":\"EntryPoint\",\"urlTemplate\":\"https:\\\/\\\/ciac.pt\\\/en\\\/?s={search_term_string}\"},\"query-input\":{\"@type\":\"PropertyValueSpecification\",\"valueRequired\":true,\"valueName\":\"search_term_string\"}}],\"inLanguage\":\"en-US\"},{\"@type\":\"Organization\",\"@id\":\"https:\\\/\\\/ciac.pt\\\/en\\\/#organization\",\"name\":\"CIAC\",\"url\":\"https:\\\/\\\/ciac.pt\\\/en\\\/\",\"logo\":{\"@type\":\"ImageObject\",\"inLanguage\":\"en-US\",\"@id\":\"https:\\\/\\\/ciac.pt\\\/en\\\/#\\\/schema\\\/logo\\\/image\\\/\",\"url\":\"https:\\\/\\\/ciac.pt\\\/wp-content\\\/uploads\\\/2022\\\/06\\\/logo.svg\",\"contentUrl\":\"https:\\\/\\\/ciac.pt\\\/wp-content\\\/uploads\\\/2022\\\/06\\\/logo.svg\",\"width\":184,\"height\":51,\"caption\":\"CIAC\"},\"image\":{\"@id\":\"https:\\\/\\\/ciac.pt\\\/en\\\/#\\\/schema\\\/logo\\\/image\\\/\"}},{\"@type\":\"Person\",\"@id\":\"https:\\\/\\\/ciac.pt\\\/en\\\/#\\\/schema\\\/person\\\/3def46b976d3f4c0cdcf7c417cb570be\",\"name\":\"editor1\",\"image\":{\"@type\":\"ImageObject\",\"inLanguage\":\"en-US\",\"@id\":\"https:\\\/\\\/secure.gravatar.com\\\/avatar\\\/4d8eb3157f61df03731fd8bf031b56d1d9241759e8f8c07d4d7e51d2f858c821?s=96&d=mm&r=g\",\"url\":\"https:\\\/\\\/secure.gravatar.com\\\/avatar\\\/4d8eb3157f61df03731fd8bf031b56d1d9241759e8f8c07d4d7e51d2f858c821?s=96&d=mm&r=g\",\"contentUrl\":\"https:\\\/\\\/secure.gravatar.com\\\/avatar\\\/4d8eb3157f61df03731fd8bf031b56d1d9241759e8f8c07d4d7e51d2f858c821?s=96&d=mm&r=g\",\"caption\":\"editor1\"},\"url\":\"https:\\\/\\\/ciac.pt\\\/en\\\/author\\\/editor1\\\/\"}]}<\/script>\n<!-- \/ Yoast SEO plugin. -->","yoast_head_json":{"title":"CIAC participates in the International Conference \u201cFOREU4ALL Initiatives and Accelerate GenAI\u201d - CIAC","robots":{"index":"index","follow":"follow","max-snippet":"max-snippet:-1","max-image-preview":"max-image-preview:large","max-video-preview":"max-video-preview:-1"},"canonical":"https:\/\/ciac.pt\/en\/news\/ciac-participates-in-the-international-conference-foreu4all-initiatives-and-accelerate-genai\/","og_locale":"en_US","og_type":"article","og_title":"CIAC participates in the International Conference \u201cFOREU4ALL Initiatives and Accelerate GenAI\u201d - CIAC","og_description":"On 26 May 2025, CIAC-PLDIS of the Polytechnic Institute of Santar\u00e9m is","og_url":"https:\/\/ciac.pt\/en\/news\/ciac-participates-in-the-international-conference-foreu4all-initiatives-and-accelerate-genai\/","og_site_name":"CIAC","article_published_time":"2025-05-19T12:05:04+00:00","article_modified_time":"2025-08-04T12:06:11+00:00","og_image":[{"width":1620,"height":1215,"url":"https:\/\/ciac.pt\/wp-content\/uploads\/2025\/05\/Foreu4all.jpg","type":"image\/jpeg"}],"author":"editor1","twitter_card":"summary_large_image","twitter_misc":{"Written by":"editor1","Est. reading time":"2 minutes"},"schema":{"@context":"https:\/\/schema.org","@graph":[{"@type":"Article","@id":"https:\/\/ciac.pt\/en\/news\/ciac-participates-in-the-international-conference-foreu4all-initiatives-and-accelerate-genai\/#article","isPartOf":{"@id":"https:\/\/ciac.pt\/en\/news\/ciac-participates-in-the-international-conference-foreu4all-initiatives-and-accelerate-genai\/"},"author":{"name":"editor1","@id":"https:\/\/ciac.pt\/en\/#\/schema\/person\/3def46b976d3f4c0cdcf7c417cb570be"},"headline":"CIAC participates in the International Conference \u201cFOREU4ALL Initiatives and Accelerate GenAI\u201d","datePublished":"2025-05-19T12:05:04+00:00","dateModified":"2025-08-04T12:06:11+00:00","mainEntityOfPage":{"@id":"https:\/\/ciac.pt\/en\/news\/ciac-participates-in-the-international-conference-foreu4all-initiatives-and-accelerate-genai\/"},"wordCount":473,"publisher":{"@id":"https:\/\/ciac.pt\/en\/#organization"},"image":{"@id":"https:\/\/ciac.pt\/en\/news\/ciac-participates-in-the-international-conference-foreu4all-initiatives-and-accelerate-genai\/#primaryimage"},"thumbnailUrl":"https:\/\/ciac.pt\/wp-content\/uploads\/2025\/05\/Foreu4all.jpg","keywords":["Dissemination"],"articleSection":["News"],"inLanguage":"en-US"},{"@type":"WebPage","@id":"https:\/\/ciac.pt\/en\/news\/ciac-participates-in-the-international-conference-foreu4all-initiatives-and-accelerate-genai\/","url":"https:\/\/ciac.pt\/en\/news\/ciac-participates-in-the-international-conference-foreu4all-initiatives-and-accelerate-genai\/","name":"CIAC participates in the International Conference \u201cFOREU4ALL Initiatives and Accelerate GenAI\u201d - CIAC","isPartOf":{"@id":"https:\/\/ciac.pt\/en\/#website"},"primaryImageOfPage":{"@id":"https:\/\/ciac.pt\/en\/news\/ciac-participates-in-the-international-conference-foreu4all-initiatives-and-accelerate-genai\/#primaryimage"},"image":{"@id":"https:\/\/ciac.pt\/en\/news\/ciac-participates-in-the-international-conference-foreu4all-initiatives-and-accelerate-genai\/#primaryimage"},"thumbnailUrl":"https:\/\/ciac.pt\/wp-content\/uploads\/2025\/05\/Foreu4all.jpg","datePublished":"2025-05-19T12:05:04+00:00","dateModified":"2025-08-04T12:06:11+00:00","breadcrumb":{"@id":"https:\/\/ciac.pt\/en\/news\/ciac-participates-in-the-international-conference-foreu4all-initiatives-and-accelerate-genai\/#breadcrumb"},"inLanguage":"en-US","potentialAction":[{"@type":"ReadAction","target":["https:\/\/ciac.pt\/en\/news\/ciac-participates-in-the-international-conference-foreu4all-initiatives-and-accelerate-genai\/"]}]},{"@type":"ImageObject","inLanguage":"en-US","@id":"https:\/\/ciac.pt\/en\/news\/ciac-participates-in-the-international-conference-foreu4all-initiatives-and-accelerate-genai\/#primaryimage","url":"https:\/\/ciac.pt\/wp-content\/uploads\/2025\/05\/Foreu4all.jpg","contentUrl":"https:\/\/ciac.pt\/wp-content\/uploads\/2025\/05\/Foreu4all.jpg","width":1620,"height":1215},{"@type":"BreadcrumbList","@id":"https:\/\/ciac.pt\/en\/news\/ciac-participates-in-the-international-conference-foreu4all-initiatives-and-accelerate-genai\/#breadcrumb","itemListElement":[{"@type":"ListItem","position":1,"name":"In\u00edcio","item":"https:\/\/ciac.pt\/en\/"},{"@type":"ListItem","position":2,"name":"CIAC participates in the International Conference \u201cFOREU4ALL Initiatives and Accelerate GenAI\u201d"}]},{"@type":"WebSite","@id":"https:\/\/ciac.pt\/en\/#website","url":"https:\/\/ciac.pt\/en\/","name":"CIAC","description":"Centro de Investiga\u00e7\u00e3o em Artes e Comunica\u00e7\u00e3o","publisher":{"@id":"https:\/\/ciac.pt\/en\/#organization"},"potentialAction":[{"@type":"SearchAction","target":{"@type":"EntryPoint","urlTemplate":"https:\/\/ciac.pt\/en\/?s={search_term_string}"},"query-input":{"@type":"PropertyValueSpecification","valueRequired":true,"valueName":"search_term_string"}}],"inLanguage":"en-US"},{"@type":"Organization","@id":"https:\/\/ciac.pt\/en\/#organization","name":"CIAC","url":"https:\/\/ciac.pt\/en\/","logo":{"@type":"ImageObject","inLanguage":"en-US","@id":"https:\/\/ciac.pt\/en\/#\/schema\/logo\/image\/","url":"https:\/\/ciac.pt\/wp-content\/uploads\/2022\/06\/logo.svg","contentUrl":"https:\/\/ciac.pt\/wp-content\/uploads\/2022\/06\/logo.svg","width":184,"height":51,"caption":"CIAC"},"image":{"@id":"https:\/\/ciac.pt\/en\/#\/schema\/logo\/image\/"}},{"@type":"Person","@id":"https:\/\/ciac.pt\/en\/#\/schema\/person\/3def46b976d3f4c0cdcf7c417cb570be","name":"editor1","image":{"@type":"ImageObject","inLanguage":"en-US","@id":"https:\/\/secure.gravatar.com\/avatar\/4d8eb3157f61df03731fd8bf031b56d1d9241759e8f8c07d4d7e51d2f858c821?s=96&d=mm&r=g","url":"https:\/\/secure.gravatar.com\/avatar\/4d8eb3157f61df03731fd8bf031b56d1d9241759e8f8c07d4d7e51d2f858c821?s=96&d=mm&r=g","contentUrl":"https:\/\/secure.gravatar.com\/avatar\/4d8eb3157f61df03731fd8bf031b56d1d9241759e8f8c07d4d7e51d2f858c821?s=96&d=mm&r=g","caption":"editor1"},"url":"https:\/\/ciac.pt\/en\/author\/editor1\/"}]}},"author_meta":{"display_name":"editor1","author_link":"https:\/\/ciac.pt\/en\/author\/editor1\/"},"featured_img":"https:\/\/ciac.pt\/wp-content\/uploads\/2025\/05\/Foreu4all-300x225.jpg","coauthors":[],"tax_additional":{"categories":{"linked":["<a href=\"https:\/\/ciac.pt\/en\/.\/news\/\" class=\"advgb-post-tax-term\">News<\/a>"],"unlinked":["<span class=\"advgb-post-tax-term\">News<\/span>"]},"tags":{"linked":["<a href=\"https:\/\/ciac.pt\/en\/.\/news\/\" class=\"advgb-post-tax-term\">Dissemination<\/a>"],"unlinked":["<span class=\"advgb-post-tax-term\">Dissemination<\/span>"]}},"comment_count":0,"relative_dates":{"created":"Posted 12 months ago","modified":"Updated 9 months ago"},"absolute_dates":{"created":"Posted on 19\/05\/2025","modified":"Updated on 04\/08\/2025"},"absolute_dates_time":{"created":"Posted on 19\/05\/2025 13:05","modified":"Updated on 04\/08\/2025 13:06"},"featured_img_caption":"","series_order":"","_links":{"self":[{"href":"https:\/\/ciac.pt\/en\/wp-json\/wp\/v2\/posts\/11727","targetHints":{"allow":["GET"]}}],"collection":[{"href":"https:\/\/ciac.pt\/en\/wp-json\/wp\/v2\/posts"}],"about":[{"href":"https:\/\/ciac.pt\/en\/wp-json\/wp\/v2\/types\/post"}],"author":[{"embeddable":true,"href":"https:\/\/ciac.pt\/en\/wp-json\/wp\/v2\/users\/3"}],"replies":[{"embeddable":true,"href":"https:\/\/ciac.pt\/en\/wp-json\/wp\/v2\/comments?post=11727"}],"version-history":[{"count":1,"href":"https:\/\/ciac.pt\/en\/wp-json\/wp\/v2\/posts\/11727\/revisions"}],"predecessor-version":[{"id":11728,"href":"https:\/\/ciac.pt\/en\/wp-json\/wp\/v2\/posts\/11727\/revisions\/11728"}],"wp:featuredmedia":[{"embeddable":true,"href":"https:\/\/ciac.pt\/en\/wp-json\/wp\/v2\/media\/11354"}],"wp:attachment":[{"href":"https:\/\/ciac.pt\/en\/wp-json\/wp\/v2\/media?parent=11727"}],"wp:term":[{"taxonomy":"category","embeddable":true,"href":"https:\/\/ciac.pt\/en\/wp-json\/wp\/v2\/categories?post=11727"},{"taxonomy":"post_tag","embeddable":true,"href":"https:\/\/ciac.pt\/en\/wp-json\/wp\/v2\/tags?post=11727"}],"curies":[{"name":"wp","href":"https:\/\/api.w.org\/{rel}","templated":true}]}}