{"id":11914,"date":"2025-09-17T07:41:09","date_gmt":"2025-09-17T06:41:09","guid":{"rendered":"https:\/\/ciac.pt\/?p=11914"},"modified":"2025-12-03T09:51:09","modified_gmt":"2025-12-03T09:51:09","slug":"creation-processes-conference-2025","status":"publish","type":"post","link":"https:\/\/ciac.pt\/en\/event\/creation-processes-conference-2025\/","title":{"rendered":"Creation Processes Conference 2025"},"content":{"rendered":"\n<div class=\"wp-block-columns is-layout-flex wp-container-core-columns-is-layout-9d6595d7 wp-block-columns-is-layout-flex\">\n<div class=\"wp-block-column is-layout-flow wp-block-column-is-layout-flow\" style=\"flex-basis:55%\">\n<div class=\"wp-block-slider-block-slider-block\"><div class=\"eb-parent-wrapper eb-parent-eb-slider-ndc1w \"><div class=\"eb-slider-wrapper eb-slider-ndc1w\" data-settings=\"{&quot;arrows&quot;:false,&quot;adaptiveHeight&quot;:false,&quot;autoplay&quot;:true,&quot;autoplaySpeed&quot;:3000,&quot;dots&quot;:false,&quot;fade&quot;:false,&quot;infinite&quot;:true,&quot;pauseOnHover&quot;:true,&quot;slidesToShow&quot;:1,&quot;speed&quot;:500,&quot;vertical&quot;:false,&quot;currentSlide&quot;:0,&quot;rtl&quot;:false,&quot;responsive&quot;:[{&quot;breakpoint&quot;:1025,&quot;settings&quot;:{&quot;slidesToShow&quot;:1}},{&quot;breakpoint&quot;:767,&quot;settings&quot;:{&quot;slidesToShow&quot;:1}}]}\" data-images=\"[{&quot;url&quot;:&quot;https:\/\/ciac.pt\/wp-content\/uploads\/2025\/09\/slide-2-3.jpg&quot;,&quot;alt&quot;:&quot;&quot;,&quot;id&quot;:0,&quot;imageId&quot;:11836,&quot;caption&quot;:&quot;&quot;,&quot;title&quot;:&quot;Slider 1&quot;,&quot;subtitle&quot;:&quot;Essential Blocks Slider Subtitle&quot;,&quot;showButton&quot;:true,&quot;buttonText&quot;:&quot;See More&quot;,&quot;buttonUrl&quot;:&quot;&quot;,&quot;openNewTab&quot;:false,&quot;isValidUrl&quot;:true,&quot;showSecondButton&quot;:false,&quot;secondButtonText&quot;:&quot;See More&quot;,&quot;secondButtonUrl&quot;:&quot;&quot;,&quot;secondButtonOpenNewTab&quot;:false},{&quot;url&quot;:&quot;https:\/\/ciac.pt\/wp-content\/uploads\/2025\/09\/slide-5-1.jpg&quot;,&quot;alt&quot;:&quot;&quot;,&quot;id&quot;:1,&quot;imageId&quot;:11842,&quot;caption&quot;:&quot;&quot;,&quot;title&quot;:&quot;Slider 2&quot;,&quot;subtitle&quot;:&quot;Essential Blocks Slider Subtitle&quot;,&quot;showButton&quot;:true,&quot;buttonText&quot;:&quot;See More&quot;,&quot;buttonUrl&quot;:&quot;&quot;,&quot;openNewTab&quot;:false,&quot;isValidUrl&quot;:true,&quot;showSecondButton&quot;:false,&quot;secondButtonText&quot;:&quot;See More&quot;,&quot;secondButtonUrl&quot;:&quot;&quot;,&quot;secondButtonOpenNewTab&quot;:false},{&quot;url&quot;:&quot;https:\/\/ciac.pt\/wp-content\/uploads\/2025\/09\/slide-1-3.jpg&quot;,&quot;alt&quot;:&quot;&quot;,&quot;id&quot;:2,&quot;imageId&quot;:11846,&quot;caption&quot;:&quot;&quot;,&quot;title&quot;:&quot;Slider 3&quot;,&quot;subtitle&quot;:&quot;Essential Blocks Slider Subtitle&quot;,&quot;showButton&quot;:true,&quot;buttonText&quot;:&quot;See More&quot;,&quot;buttonUrl&quot;:&quot;&quot;,&quot;openNewTab&quot;:false,&quot;isValidUrl&quot;:true,&quot;showSecondButton&quot;:false,&quot;secondButtonText&quot;:&quot;See More&quot;,&quot;secondButtonUrl&quot;:&quot;&quot;,&quot;secondButtonOpenNewTab&quot;:false},{&quot;url&quot;:&quot;https:\/\/ciac.pt\/wp-content\/uploads\/2025\/09\/slide-3-2.jpg&quot;,&quot;alt&quot;:&quot;&quot;,&quot;id&quot;:3,&quot;imageId&quot;:11848,&quot;caption&quot;:&quot;&quot;,&quot;title&quot;:&quot;Slider 4&quot;,&quot;subtitle&quot;:&quot;Essential Blocks Slider Subtitle&quot;,&quot;showButton&quot;:true,&quot;buttonText&quot;:&quot;See More&quot;,&quot;buttonUrl&quot;:&quot;&quot;,&quot;openNewTab&quot;:false,&quot;isValidUrl&quot;:true,&quot;showSecondButton&quot;:false,&quot;secondButtonText&quot;:&quot;See More&quot;,&quot;secondButtonUrl&quot;:&quot;&quot;,&quot;secondButtonOpenNewTab&quot;:false},{&quot;url&quot;:&quot;https:\/\/ciac.pt\/wp-content\/uploads\/2025\/09\/slide-6-2.jpg&quot;,&quot;alt&quot;:&quot;&quot;,&quot;id&quot;:4,&quot;imageId&quot;:11852,&quot;caption&quot;:&quot;&quot;,&quot;title&quot;:&quot;Slider 5&quot;,&quot;subtitle&quot;:&quot;Essential Blocks Slider Subtitle&quot;,&quot;showButton&quot;:true,&quot;buttonText&quot;:&quot;See More&quot;,&quot;buttonUrl&quot;:&quot;&quot;,&quot;openNewTab&quot;:false,&quot;isValidUrl&quot;:true,&quot;showSecondButton&quot;:false,&quot;secondButtonText&quot;:&quot;See More&quot;,&quot;secondButtonUrl&quot;:&quot;&quot;,&quot;secondButtonOpenNewTab&quot;:false},{&quot;url&quot;:&quot;https:\/\/ciac.pt\/wp-content\/uploads\/2025\/09\/slide-4-3.jpg&quot;,&quot;alt&quot;:&quot;&quot;,&quot;id&quot;:5,&quot;imageId&quot;:11854,&quot;caption&quot;:&quot;&quot;,&quot;title&quot;:&quot;Slider 6&quot;,&quot;subtitle&quot;:&quot;Essential Blocks Slider Subtitle&quot;,&quot;showButton&quot;:true,&quot;buttonText&quot;:&quot;See More&quot;,&quot;buttonUrl&quot;:&quot;&quot;,&quot;openNewTab&quot;:false,&quot;isValidUrl&quot;:true,&quot;showSecondButton&quot;:false,&quot;secondButtonText&quot;:&quot;See More&quot;,&quot;secondButtonUrl&quot;:&quot;&quot;,&quot;secondButtonOpenNewTab&quot;:false}]\" data-slidercontenttype=\"content-1\" data-slidertype=\"image\" data-textalign=\"left\" data-arrownexticon=\"fas fa-chevron-right\" data-arrowprevicon=\"fas fa-chevron-left\"><div class=\"image\"><div class=\"eb-slider-item content-1\"><img decoding=\"async\" class=\"eb-slider-image lazyload\" data-src=\"https:\/\/ciac.pt\/wp-content\/uploads\/2025\/09\/slide-2-3.jpg\" src=\"data:image\/svg+xml;base64,PHN2ZyB3aWR0aD0iMSIgaGVpZ2h0PSIxIiB4bWxucz0iaHR0cDovL3d3dy53My5vcmcvMjAwMC9zdmciPjwvc3ZnPg==\" style=\"--smush-placeholder-width: 1620px; --smush-placeholder-aspect-ratio: 1620\/1215;\" \/><\/div><div class=\"eb-slider-item content-1\"><img decoding=\"async\" class=\"eb-slider-image lazyload\" data-src=\"https:\/\/ciac.pt\/wp-content\/uploads\/2025\/09\/slide-5-1.jpg\" src=\"data:image\/svg+xml;base64,PHN2ZyB3aWR0aD0iMSIgaGVpZ2h0PSIxIiB4bWxucz0iaHR0cDovL3d3dy53My5vcmcvMjAwMC9zdmciPjwvc3ZnPg==\" style=\"--smush-placeholder-width: 1620px; --smush-placeholder-aspect-ratio: 1620\/1215;\" \/><\/div><div class=\"eb-slider-item content-1\"><img decoding=\"async\" class=\"eb-slider-image lazyload\" data-src=\"https:\/\/ciac.pt\/wp-content\/uploads\/2025\/09\/slide-1-3.jpg\" src=\"data:image\/svg+xml;base64,PHN2ZyB3aWR0aD0iMSIgaGVpZ2h0PSIxIiB4bWxucz0iaHR0cDovL3d3dy53My5vcmcvMjAwMC9zdmciPjwvc3ZnPg==\" style=\"--smush-placeholder-width: 1620px; --smush-placeholder-aspect-ratio: 1620\/1215;\" \/><\/div><div class=\"eb-slider-item content-1\"><img decoding=\"async\" class=\"eb-slider-image lazyload\" data-src=\"https:\/\/ciac.pt\/wp-content\/uploads\/2025\/09\/slide-3-2.jpg\" src=\"data:image\/svg+xml;base64,PHN2ZyB3aWR0aD0iMSIgaGVpZ2h0PSIxIiB4bWxucz0iaHR0cDovL3d3dy53My5vcmcvMjAwMC9zdmciPjwvc3ZnPg==\" style=\"--smush-placeholder-width: 1620px; --smush-placeholder-aspect-ratio: 1620\/1215;\" \/><\/div><div class=\"eb-slider-item content-1\"><img decoding=\"async\" class=\"eb-slider-image lazyload\" data-src=\"https:\/\/ciac.pt\/wp-content\/uploads\/2025\/09\/slide-6-2.jpg\" src=\"data:image\/svg+xml;base64,PHN2ZyB3aWR0aD0iMSIgaGVpZ2h0PSIxIiB4bWxucz0iaHR0cDovL3d3dy53My5vcmcvMjAwMC9zdmciPjwvc3ZnPg==\" style=\"--smush-placeholder-width: 1620px; --smush-placeholder-aspect-ratio: 1620\/1215;\" \/><\/div><div class=\"eb-slider-item content-1\"><img decoding=\"async\" class=\"eb-slider-image lazyload\" data-src=\"https:\/\/ciac.pt\/wp-content\/uploads\/2025\/09\/slide-4-3.jpg\" src=\"data:image\/svg+xml;base64,PHN2ZyB3aWR0aD0iMSIgaGVpZ2h0PSIxIiB4bWxucz0iaHR0cDovL3d3dy53My5vcmcvMjAwMC9zdmciPjwvc3ZnPg==\" style=\"--smush-placeholder-width: 1620px; --smush-placeholder-aspect-ratio: 1620\/1215;\" \/><\/div><\/div><\/div><\/div><\/div>\n<\/div>\n\n\n\n<div class=\"wp-block-column is-layout-flow wp-block-column-is-layout-flow\" style=\"flex-basis:45%\">\n<figure class=\"wp-block-image size-medium\"><img decoding=\"async\" data-src=\"https:\/\/ciac.pt\/wp-content\/uploads\/2025\/09\/cpdc2025en.svg\" alt=\"\" class=\"wp-image-11941 lazyload\" src=\"data:image\/svg+xml;base64,PHN2ZyB3aWR0aD0iMSIgaGVpZ2h0PSIxIiB4bWxucz0iaHR0cDovL3d3dy53My5vcmcvMjAwMC9zdmciPjwvc3ZnPg==\" \/><\/figure>\n<\/div>\n<\/div>\n\n\n\n<h2 class=\"wp-block-heading\">Presentation<\/h2>\n\n\n\n<p>The CIAC International Creation Processes Conference is organized by the <a href=\"https:\/\/ciac.pt\/grupos-de-trabalho-e-polos\/artes-visuais-e-processos-de-criacao\/\">Working Group on Visual Arts and Creation Processes<\/a> of the <a href=\"https:\/\/ciac.pt\/\">Research Centre in Arts and Communication (CIAC)<\/a> at the <a href=\"https:\/\/www.ualg.pt\/\">University of Algarve<\/a>.<\/p>\n\n\n\n<p>It results from the international collaboration between CIAC and the <a href=\"https:\/\/processosdecriacao.com.br\/\">Creation Processes Research Group<\/a> at <a href=\"https:\/\/www.pucsp.br\/home\">PUC-SP<\/a>, which in recent years have been developing several joint projects.The second edition of the Conference is dedicated to <strong><em>Interactions between Research and Creation<\/em><\/strong> and will take place on <strong>December 4 and 5<\/strong> at the University of Algarve, Penha Campus, in Faro.<\/p>\n\n\n\n<h3 class=\"wp-block-heading\"><a href=\"https:\/\/ciac.pt\/wp-content\/uploads\/2025\/11\/programa.pdf\">Program<\/a><\/h3>\n\n\n\n<h3 class=\"wp-block-heading\"><a href=\"https:\/\/ciac.pt\/wp-content\/uploads\/2025\/11\/livro-de-resumos.pdf\">Book of abstracts<\/a><\/h3>\n\n\n\n<hr class=\"wp-block-separator alignwide has-text-color has-alpha-channel-opacity has-background\" style=\"background-color:#DB0747;border-color:#DB0747;color:#DB0747\"\/>\n\n\n\n<h2 class=\"wp-block-heading\">Call for Submissions<\/h2>\n\n\n\n<p id=\"block-5e75b052-d3b5-49d3-b806-c0d1c98fdef6\">In December 2025, researchers, artists, and creators in general will gather at the University of Algarve, under the initiative of CIAC \u2013 Research Centre in Arts and Communication, to reflect on <em>Creation Processes<\/em> across practices, materialities, procedures, and methods, under the theme <em>Interactions between Research and Creation<\/em>.<\/p>\n\n\n\n<p>CIAC has intensified its studies and initiatives in the field of Creation Processes, especially since the beginning of its partnership with the Creation Processes Research Group at PUC-SP (2019), an institution with over 30 years of experience dedicated to research in this area. Outcomes of this Portugal-Brazil partnership include not only the conference but also: the <a href=\"https:\/\/processosdecriacao.ciac.pt\/\">CIAC Creation Processes Collection<\/a> (2022), the <a href=\"https:\/\/fchs.ualg.pt\/curso\/1956\">Master\u2019s in Creation Processes at the University of Algarve<\/a> (2023), and the <a href=\"https:\/\/www.pucsp.br\/pos-graduacao\/especializacao-mba\/processos-de-criacao\">Postgraduate Program in Creation Processes at PUC-SP<\/a> (2025).<\/p>\n\n\n\n<p>Reflecting on the <strong><em>Interactions between research and creation<\/em><\/strong> becomes increasingly necessary when theory is positioned at the meeting point between knowledge from practice and the desire to propose new understandings emerging from such knowledge.<\/p>\n\n\n\n<p>In recent years, several higher education programs have been established to support projects at the intersection of research and creation, including the PhD in Digital Media-Art (UAlg\/UAb), the Master\u2019s in Creation Processes (UAlg), the Postgraduate Program in Creation Processes (PUC-SP), among others associated with this conference.<\/p>\n\n\n\n<p>Creation, a concept that long ago transcended the artistic field and assumed a central role in all sectors of contemporary life, remains vital to artists, though not exclusively to them. It can contribute to sensitive and timely research that enables us to act more effectively in and upon the world. To create, and to offer others the possibility to create, is certainly one of the means of resisting the automatisms of gesture and thought that have marked our society.<\/p>\n\n\n\n<p id=\"block-6089c167-631e-427b-90d5-208be5b1f6d9\">Investigating ways to de-automatize our gestures and thoughts, by opening and discussing Creation Processes across different fields, is a path that brings ethics and aesthetics together within practices of creation and research. In this sense, universities play a fundamental role in fostering and promoting, also within the academic environment, such intersections and the projects born from this desire for confluence.The second edition of the Conference (2025) aims to broaden these and other discussions, and therefore invites researchers, artists, and creators in general to submit communication proposals addressing <em>Interactions between Research and Creation<\/em>, around (but not limited to) the following subtopics:<\/p>\n\n\n\n<ul id=\"block-8451d849-aafb-4357-a9f4-9649f31bddf0\" class=\"wp-block-list\">\n<li>Theories of artistic creation and their poetics<\/li>\n\n\n\n<li>Materialities and procedures of artistic creation<\/li>\n\n\n\n<li>Reception, co-creation, interactivity, and shared creations<\/li>\n\n\n\n<li>Culture, memory, and creation archives<\/li>\n\n\n\n<li>Research methodologies in creation processes<\/li>\n\n\n\n<li>Poetics of research<\/li>\n\n\n\n<li>Ethics and politics of creation<\/li>\n\n\n\n<li>Decolonial and anti-racist creation and research practices<\/li>\n\n\n\n<li>Creation, representativity, and repair<\/li>\n\n\n\n<li>Sustainability and creation ecologies<\/li>\n\n\n\n<li>Literacy, educational practices, and creation processes<\/li>\n\n\n\n<li>Creation processes and AI tools<\/li>\n\n\n\n<li>Digital poetics, generative practices, and hacking practices<\/li>\n\n\n\n<li>Artivism and digital artivism practices<\/li>\n\n\n\n<li>Contributions of creation processes to climate challenges<\/li>\n\n\n\n<li>Feminism, gender, and intersectionality in creation processes<\/li>\n<\/ul>\n\n\n\n<p id=\"block-781a66b4-4386-4f60-9061-8332b700f785\"><strong>Abstracts<\/strong> should be between 200 and 300 words and submitted via the Submission Form by <strong>October 12<\/strong>, through the Conference website.<\/p>\n\n\n\n<p>Upon acceptance, presenters must confirm their participation by filling out the Presenter Registration Form.<\/p>\n\n\n\n<ul class=\"wp-block-list\">\n<li>Presenter registration (per communication): \u20ac25<\/li>\n\n\n\n<li>Presenter registration with publication (per communication): \u20ac50<\/li>\n<\/ul>\n\n\n\n<p>Presenters are invited to submit a full paper, following the guidelines of <a href=\"https:\/\/publicacoes.ciac.pt\/index.php\/rotura\/index\">CIAC Editions<\/a>, for publication in a special volume of the <em><a href=\"https:\/\/processosdecriacao.ciac.pt\/\">Creation Processes Collection<\/a><\/em>.<\/p>\n\n\n\n<hr class=\"wp-block-separator alignwide has-text-color has-alpha-channel-opacity has-background\" style=\"background-color:#54AF43;border-color:#54AF43;color:#54AF43\"\/>\n\n\n\n<h2 class=\"wp-block-heading\">Timeline<\/h2>\n\n\n\n<ul class=\"wp-block-list\">\n<li>Proposal submission deadline: <strong>October 12, 2025<\/strong><\/li>\n\n\n\n<li>Notification of acceptance: <strong>October 20, 2025<\/strong><\/li>\n\n\n\n<li>Registration of accepted papers: <strong>until November 20, 2025<\/strong><\/li>\n\n\n\n<li>Conference dates: <strong>December 4\u20135, 2025<\/strong><\/li>\n\n\n\n<li>Full paper submission deadline: <strong>July 31, 2026<\/strong><\/li>\n\n\n\n<li>Book publication: <strong>December 31, 2026<\/strong><\/li>\n<\/ul>\n\n\n\n<hr class=\"wp-block-separator alignwide has-text-color has-alpha-channel-opacity has-background\" style=\"background-color:#DB0747;border-color:#DB0747;color:#DB0747\"\/>\n\n\n\n<h2 class=\"wp-block-heading\">Submission<\/h2>\n\n\n\n<p>Communication Proposal Form (abstract)<br><a style=\"color:#00f\" href=\"https:\/\/ciac.pt\/wp-content\/uploads\/2025\/10\/ACEITES-Comunicacoes-2025.pdf\">Accepted proposals<\/a><\/p>\n\n\n\n<p>Archive Exhibition Proposal Form (integrated with a communication or panel)<br><a style=\"color:#00f\" href=\"https:\/\/ciac.pt\/wp-content\/uploads\/2025\/10\/ACEITES-Exposicoes-de-Arquivos-2025.pdf\">Accepted proposals<\/a><\/p>\n\n\n\n<p>Workshop Proposal Form<br><a style=\"color:#00f\" href=\"https:\/\/ciac.pt\/wp-content\/uploads\/2025\/10\/ACEITES-Workshops-2025.pdf\">Accepted proposals<\/a><\/p>\n\n\n\n<h2 class=\"wp-block-heading\"><a href=\"https:\/\/forms.gle\/AAk2XXTr9ytN9jwWA\">Registration of accepted papers<\/a><\/h2>\n\n\n\n<ul class=\"wp-block-list\">\n<li>Communication (without publication) \u20ac25.00 EUR<\/li>\n\n\n\n<li>Communication (with publication*) \u20ac50.00 EUR<\/li>\n\n\n\n<li>UAlg students\/researchers and CIAC members: exempt<\/li>\n<\/ul>\n\n\n\n<p>* The full text for publication must be submitted <strong>by January 31, 2026<\/strong>, in accordance with the editorial standards of <a href=\"https:\/\/eur03.safelinks.protection.outlook.com\/?url=https%3A%2F%2Fpublicacoes.ciac.pt%2Findex.php%2Frotura%2Fnormas-editoriais&amp;data=05%7C02%7Cjmloza%40ualg.pt%7C7f1e0a0f4fec40c3cea308de21c61624%7C130f0931a0f644b9ae85b9f16c89ad82%7C0%7C0%7C638985331853229585%7CUnknown%7CTWFpbGZsb3d8eyJFbXB0eU1hcGkiOnRydWUsIlYiOiIwLjAuMDAwMCIsIlAiOiJXaW4zMiIsIkFOIjoiTWFpbCIsIldUIjoyfQ%3D%3D%7C0%7C%7C%7C&amp;sdata=n5FW5yowz4xcy%2BRKL0NwQjYqYCsVEbZxD5Q9ESsYBNc%3D&amp;reserved=0\">CIAC Editions<\/a>, <a href=\"https:\/\/eur03.safelinks.protection.outlook.com\/?url=https%3A%2F%2Fapastyle.apa.org%2Fstyle-grammar-guidelines&amp;data=05%7C02%7Cjmloza%40ualg.pt%7C7f1e0a0f4fec40c3cea308de21c61624%7C130f0931a0f644b9ae85b9f16c89ad82%7C0%7C0%7C638985331853253951%7CUnknown%7CTWFpbGZsb3d8eyJFbXB0eU1hcGkiOnRydWUsIlYiOiIwLjAuMDAwMCIsIlAiOiJXaW4zMiIsIkFOIjoiTWFpbCIsIldUIjoyfQ%3D%3D%7C0%7C%7C%7C&amp;sdata=odjcOQsE0C7hrADdt6zQKC1FEyO773WTefMGPO%2FpJwE%3D&amp;reserved=0\">APA 7<\/a> formatting style, and template and editorial guidelines to be provided by email to those registered in the \u201cCommunication (with publication)\u201d category. The text will be included in the book <em>Interactions between Research and Creation<\/em>, to be published by CIAC&#8217;s <em><a href=\"https:\/\/eur03.safelinks.protection.outlook.com\/?url=https%3A%2F%2Fprocessosdecriacao.ciac.pt%2F&amp;data=05%7C02%7Cjmloza%40ualg.pt%7C7c856099ecc540f5ef5708de21d2a4aa%7C130f0931a0f644b9ae85b9f16c89ad82%7C0%7C0%7C638985385742400407%7CUnknown%7CTWFpbGZsb3d8eyJFbXB0eU1hcGkiOnRydWUsIlYiOiIwLjAuMDAwMCIsIlAiOiJXaW4zMiIsIkFOIjoiTWFpbCIsIldUIjoyfQ%3D%3D%7C0%7C%7C%7C&amp;sdata=wPdntxm2%2F%2BRSHUO58VfcUV04U%2F32YxRUOquBmPFnBwk%3D&amp;reserved=0\">Creation Processes Collection<\/a><\/em> in 2026.<\/p>\n\n\n\n<h2 class=\"wp-block-heading\"><a href=\"https:\/\/forms.gle\/G3SDDnFvsaTeNawd6\">Registration of attendees<\/a><\/h2>\n\n\n\n<p>Free registration for attendees. A certificate of participation will be issued to registered attendees who are present.<\/p>\n\n\n\n<h2 class=\"wp-block-heading\"><a href=\"https:\/\/forms.gle\/C8onN42Rq8CM8AV4A\">Workshop registration<\/a><\/h2>\n\n\n\n<hr class=\"wp-block-separator alignwide has-text-color has-alpha-channel-opacity has-background\" style=\"background-color:#44b9c0;border-color:#44b9c0;color:#44b9c0\"\/>\n\n\n\n<h2 class=\"wp-block-heading\">Pre-conference Lecture<\/h2>\n\n\n\n<div class=\"wp-block-columns is-layout-flex wp-container-core-columns-is-layout-9d6595d7 wp-block-columns-is-layout-flex\">\n<div class=\"wp-block-column is-layout-flow wp-block-column-is-layout-flow\" style=\"flex-basis:33.33%\">\n<h4 class=\"wp-block-heading\">Cecilia Salles<\/h4>\n\n\n\n<figure class=\"wp-block-image size-full is-style-rounded\"><img decoding=\"async\" width=\"300\" height=\"300\" data-src=\"https:\/\/ciac.pt\/wp-content\/uploads\/2025\/09\/cecilia-salles.jpg\" alt=\"\" class=\"wp-image-12418 lazyload\" data-srcset=\"https:\/\/ciac.pt\/wp-content\/uploads\/2025\/09\/cecilia-salles.jpg 300w, https:\/\/ciac.pt\/wp-content\/uploads\/2025\/09\/cecilia-salles-150x150.jpg 150w\" data-sizes=\"(max-width: 300px) 100vw, 300px\" src=\"data:image\/svg+xml;base64,PHN2ZyB3aWR0aD0iMSIgaGVpZ2h0PSIxIiB4bWxucz0iaHR0cDovL3d3dy53My5vcmcvMjAwMC9zdmciPjwvc3ZnPg==\" style=\"--smush-placeholder-width: 300px; --smush-placeholder-aspect-ratio: 300\/300;\" \/><\/figure>\n<\/div>\n\n\n\n<div class=\"wp-block-column is-layout-flow wp-block-column-is-layout-flow\" style=\"flex-basis:66.66%\">\n<h4 class=\"wp-block-heading\">Interactions between Research and Creation<\/h4>\n\n\n\n<p><strong>December 2nd, 2025, 14h30<\/strong><br>Amphitheater 0.4<\/p>\n\n\n\n<p>This year the conference presents the creation theorist Cecilia Salles among the pre-conference activities, as part of CIAC\u2019s Visual Arts Cycle, on December 2, 2025, with a lecture that precedes this year\u2019s conference theme: the interactions between research and creation.<\/p>\n\n\n\n<p><strong>Cecilia Salles<\/strong> is an international reference in the field of Creation Processes, with more than 30 years dedicated to this area of study, which has grown significantly in recent years partly due to her contributions. She is the author of several books on the subject, including \u201cGesto Inacabado: Processo de Cria\u00e7\u00e3o Art\u00edstica\u201d (1998), \u201cCr\u00edtica Gen\u00e9tica: Uma (nova) Introdu\u00e7\u00e3o\u201d (2008), \u201cRedes da Cria\u00e7\u00e3o: Constru\u00e7\u00e3o da Obra de Arte\u201d (2006), \u201cArquivos de Cria\u00e7\u00e3o: Arte e Curadoria\u201d (2010), and \u201cProcessos de Cria\u00e7\u00e3o em Grupo: Di\u00e1logos\u201d (2017). She is Full Professor in the Graduate Program in Communication and Semiotics at PUC-SP, and Visiting Professor in the Master\u2019s program in Creation Processes at the University of Algarve, a program she helped establish. She also coordinates the Research Group on Creation Processes at PUC-SP, where she supervises innovative studies based on a transversal approach to Creation Processes. She participates in various national and international projects and, since 2019, has collaborated with CIAC, where she has made significant contributions to advancing contemporary discussions on the subject.<\/p>\n\n\n\n<figure class=\"wp-block-gallery has-nested-images columns-default is-cropped wp-block-gallery-2 is-layout-flex wp-block-gallery-is-layout-flex\">\n<figure class=\"wp-block-image size-large\"><img decoding=\"async\" width=\"1030\" height=\"1500\" data-id=\"12422\" data-src=\"https:\/\/ciac.pt\/wp-content\/uploads\/2025\/09\/slide-cs-3.jpg\" alt=\"\" class=\"wp-image-12422 lazyload\" data-srcset=\"https:\/\/ciac.pt\/wp-content\/uploads\/2025\/09\/slide-cs-3.jpg 1030w, https:\/\/ciac.pt\/wp-content\/uploads\/2025\/09\/slide-cs-3-206x300.jpg 206w\" data-sizes=\"(max-width: 1030px) 100vw, 1030px\" src=\"data:image\/svg+xml;base64,PHN2ZyB3aWR0aD0iMSIgaGVpZ2h0PSIxIiB4bWxucz0iaHR0cDovL3d3dy53My5vcmcvMjAwMC9zdmciPjwvc3ZnPg==\" style=\"--smush-placeholder-width: 1030px; --smush-placeholder-aspect-ratio: 1030\/1500;\" \/><\/figure>\n\n\n\n<figure class=\"wp-block-image size-large\"><img decoding=\"async\" width=\"703\" height=\"1024\" data-id=\"12517\" data-src=\"https:\/\/ciac.pt\/wp-content\/uploads\/2025\/09\/slide-cs-5-703x1024.jpg\" alt=\"\" class=\"wp-image-12517 lazyload\" data-srcset=\"https:\/\/ciac.pt\/wp-content\/uploads\/2025\/09\/slide-cs-5-703x1024.jpg 703w, https:\/\/ciac.pt\/wp-content\/uploads\/2025\/09\/slide-cs-5-206x300.jpg 206w, https:\/\/ciac.pt\/wp-content\/uploads\/2025\/09\/slide-cs-5-768x1118.jpg 768w, https:\/\/ciac.pt\/wp-content\/uploads\/2025\/09\/slide-cs-5.jpg 1030w\" data-sizes=\"(max-width: 703px) 100vw, 703px\" src=\"data:image\/svg+xml;base64,PHN2ZyB3aWR0aD0iMSIgaGVpZ2h0PSIxIiB4bWxucz0iaHR0cDovL3d3dy53My5vcmcvMjAwMC9zdmciPjwvc3ZnPg==\" style=\"--smush-placeholder-width: 703px; --smush-placeholder-aspect-ratio: 703\/1024;\" \/><\/figure>\n\n\n\n<figure class=\"wp-block-image size-large\"><img decoding=\"async\" width=\"703\" height=\"1024\" data-id=\"12423\" data-src=\"https:\/\/ciac.pt\/wp-content\/uploads\/2025\/09\/slide-cs-4-703x1024.jpg\" alt=\"\" class=\"wp-image-12423 lazyload\" data-srcset=\"https:\/\/ciac.pt\/wp-content\/uploads\/2025\/09\/slide-cs-4-703x1024.jpg 703w, https:\/\/ciac.pt\/wp-content\/uploads\/2025\/09\/slide-cs-4-206x300.jpg 206w, https:\/\/ciac.pt\/wp-content\/uploads\/2025\/09\/slide-cs-4-768x1118.jpg 768w, https:\/\/ciac.pt\/wp-content\/uploads\/2025\/09\/slide-cs-4.jpg 1030w\" data-sizes=\"(max-width: 703px) 100vw, 703px\" src=\"data:image\/svg+xml;base64,PHN2ZyB3aWR0aD0iMSIgaGVpZ2h0PSIxIiB4bWxucz0iaHR0cDovL3d3dy53My5vcmcvMjAwMC9zdmciPjwvc3ZnPg==\" style=\"--smush-placeholder-width: 703px; --smush-placeholder-aspect-ratio: 703\/1024;\" \/><\/figure>\n\n\n\n<figure class=\"wp-block-image size-large\"><img decoding=\"async\" width=\"703\" height=\"1024\" data-id=\"12428\" data-src=\"https:\/\/ciac.pt\/wp-content\/uploads\/2025\/09\/slide-cs-2-703x1024.jpg\" alt=\"\" class=\"wp-image-12428 lazyload\" data-srcset=\"https:\/\/ciac.pt\/wp-content\/uploads\/2025\/09\/slide-cs-2-703x1024.jpg 703w, https:\/\/ciac.pt\/wp-content\/uploads\/2025\/09\/slide-cs-2-206x300.jpg 206w, https:\/\/ciac.pt\/wp-content\/uploads\/2025\/09\/slide-cs-2-768x1118.jpg 768w, https:\/\/ciac.pt\/wp-content\/uploads\/2025\/09\/slide-cs-2.jpg 1030w\" data-sizes=\"(max-width: 703px) 100vw, 703px\" src=\"data:image\/svg+xml;base64,PHN2ZyB3aWR0aD0iMSIgaGVpZ2h0PSIxIiB4bWxucz0iaHR0cDovL3d3dy53My5vcmcvMjAwMC9zdmciPjwvc3ZnPg==\" style=\"--smush-placeholder-width: 703px; --smush-placeholder-aspect-ratio: 703\/1024;\" \/><\/figure>\n\n\n\n<figure class=\"wp-block-image size-large\"><img decoding=\"async\" width=\"703\" height=\"1024\" data-id=\"12425\" data-src=\"https:\/\/ciac.pt\/wp-content\/uploads\/2025\/09\/slide-cs-1-703x1024.jpg\" alt=\"\" class=\"wp-image-12425 lazyload\" data-srcset=\"https:\/\/ciac.pt\/wp-content\/uploads\/2025\/09\/slide-cs-1-703x1024.jpg 703w, https:\/\/ciac.pt\/wp-content\/uploads\/2025\/09\/slide-cs-1-206x300.jpg 206w, https:\/\/ciac.pt\/wp-content\/uploads\/2025\/09\/slide-cs-1-768x1118.jpg 768w, https:\/\/ciac.pt\/wp-content\/uploads\/2025\/09\/slide-cs-1.jpg 1030w\" data-sizes=\"(max-width: 703px) 100vw, 703px\" src=\"data:image\/svg+xml;base64,PHN2ZyB3aWR0aD0iMSIgaGVpZ2h0PSIxIiB4bWxucz0iaHR0cDovL3d3dy53My5vcmcvMjAwMC9zdmciPjwvc3ZnPg==\" style=\"--smush-placeholder-width: 703px; --smush-placeholder-aspect-ratio: 703\/1024;\" \/><\/figure>\n<\/figure>\n<\/div>\n<\/div>\n\n\n\n<h2 class=\"wp-block-heading\">Pre-Conference Workshop<\/h2>\n\n\n\n<div class=\"wp-block-columns is-layout-flex wp-container-core-columns-is-layout-9d6595d7 wp-block-columns-is-layout-flex\">\n<div class=\"wp-block-column is-layout-flow wp-block-column-is-layout-flow\" style=\"flex-basis:33.33%\">\n<h4 class=\"wp-block-heading\">Irena Rauda and Lara Kadocsa<\/h4>\n\n\n\n<figure class=\"wp-block-image size-full is-style-rounded\"><img decoding=\"async\" width=\"300\" height=\"300\" data-src=\"https:\/\/ciac.pt\/wp-content\/uploads\/2025\/09\/irena-rauda-2.jpg\" alt=\"\" class=\"wp-image-12695 lazyload\" data-srcset=\"https:\/\/ciac.pt\/wp-content\/uploads\/2025\/09\/irena-rauda-2.jpg 300w, https:\/\/ciac.pt\/wp-content\/uploads\/2025\/09\/irena-rauda-2-150x150.jpg 150w\" data-sizes=\"(max-width: 300px) 100vw, 300px\" src=\"data:image\/svg+xml;base64,PHN2ZyB3aWR0aD0iMSIgaGVpZ2h0PSIxIiB4bWxucz0iaHR0cDovL3d3dy53My5vcmcvMjAwMC9zdmciPjwvc3ZnPg==\" style=\"--smush-placeholder-width: 300px; --smush-placeholder-aspect-ratio: 300\/300;\" \/><\/figure>\n\n\n\n<figure class=\"wp-block-image size-full is-style-rounded\"><img decoding=\"async\" width=\"300\" height=\"300\" data-src=\"https:\/\/ciac.pt\/wp-content\/uploads\/2025\/09\/lara-kadocsa.jpg\" alt=\"\" class=\"wp-image-12689 lazyload\" data-srcset=\"https:\/\/ciac.pt\/wp-content\/uploads\/2025\/09\/lara-kadocsa.jpg 300w, https:\/\/ciac.pt\/wp-content\/uploads\/2025\/09\/lara-kadocsa-150x150.jpg 150w\" data-sizes=\"(max-width: 300px) 100vw, 300px\" src=\"data:image\/svg+xml;base64,PHN2ZyB3aWR0aD0iMSIgaGVpZ2h0PSIxIiB4bWxucz0iaHR0cDovL3d3dy53My5vcmcvMjAwMC9zdmciPjwvc3ZnPg==\" style=\"--smush-placeholder-width: 300px; --smush-placeholder-aspect-ratio: 300\/300;\" \/><\/figure>\n<\/div>\n\n\n\n<div class=\"wp-block-column is-layout-flow wp-block-column-is-layout-flow\" style=\"flex-basis:66.66%\">\n<h4 class=\"wp-block-heading\">Body-Notebook<\/h4>\n\n\n\n<p><strong>December 3rd, 2025, 14h00-17h00<\/strong><br>Room 1.04 Civil Engineering<\/p>\n\n\n\n<p>Inspired by the studies of Cecilia Salles on the unfinished and processual nature of creation, this workshop proposes a practice that brings together the body that writes and the body that reads, between movement and inscription. We begin with the idea that the notebook, like the body, can function as a living archive, where experience reinscribes itself and overflows in the form of creative writing. Participants are invited to explore what happens when writing ceases to be only language and becomes, as well, a body in action. The notebook, here, is an extension of the skin: a place where theory and experience, erasure and gesture, affect and word contaminate one another. More than teaching a technique, the workshop creates a field of presence, where writing is movement and the body is a page in constant rewriting.<\/p>\n\n\n\n<p><strong>Iren\u00e0 Rauda<\/strong> is a writer and researcher. She works at the intersection of theory, sensitive archives, and creative writing, developing the concept of the <em>Living Notebook<\/em> as a space of interaction between traces of research, intimate fragments, and literary fabulation. She conducts research in the Literature and Literary Criticism Program at PUC-SP, focusing on Adalgisa Nery\u2019s novel <em>Neblina<\/em> (1972), in a research-creation project in dialogue with process criticism, exploring how reading and academic inquiry contaminate the writing of her new novel in progress, <em>What I Tell You Sprouts from Wet Ink<\/em> (unpublished). In addition to her academic work, she participates in literary creation and cultural criticism projects, with a special interest in women\u2019s writing processes and in the creative power of remnants, erasures, and notes in transit.<\/p>\n\n\n\n<p><strong>Lara Kadocsa<\/strong> is a singer, actress, and poet. She holds a degree in Cultural Studies from Humboldt University of Berlin (Germany) and specializes in Popular Song. She is currently conducting research in the Literature and Literary Criticism Program at PUC-SP. She sings in the samba group <em>Os Compandeiros<\/em>, has poems published in more than ten anthologies, and her music video <em>Decis\u00e3o<\/em> has been awarded at five international festivals. She published the chapbook <em>Epistolary Everyday<\/em> (<em>Cotidiano epistolar<\/em>, Morma\u00e7o, 2024) and jointly released an original album and a poetry book, both titled <em>Air<\/em> (<em>Ar<\/em>, Origem). She has also been part of the scenic-musical collective <em>Kairospania<\/em>, the trio <em>Gr\u00e3os<\/em> in Berlin, and the Berlin University Philharmonic Choir.<\/p>\n<\/div>\n<\/div>\n\n\n\n<h2 class=\"wp-block-heading\">Exhibition<\/h2>\n\n\n\n<div class=\"wp-block-columns is-layout-flex wp-container-core-columns-is-layout-9d6595d7 wp-block-columns-is-layout-flex\">\n<div class=\"wp-block-column is-layout-flow wp-block-column-is-layout-flow\" style=\"flex-basis:33.33%\">\n<h4 class=\"wp-block-heading\">Milita Dor\u00e9, Joana Galr\u00e3o and Rosa Guedes<\/h4>\n\n\n\n<figure class=\"wp-block-image size-full is-style-rounded\"><img decoding=\"async\" width=\"300\" height=\"300\" data-src=\"https:\/\/ciac.pt\/wp-content\/uploads\/2025\/09\/milita-dore.jpg\" alt=\"\" class=\"wp-image-12736 lazyload\" data-srcset=\"https:\/\/ciac.pt\/wp-content\/uploads\/2025\/09\/milita-dore.jpg 300w, https:\/\/ciac.pt\/wp-content\/uploads\/2025\/09\/milita-dore-150x150.jpg 150w\" data-sizes=\"(max-width: 300px) 100vw, 300px\" src=\"data:image\/svg+xml;base64,PHN2ZyB3aWR0aD0iMSIgaGVpZ2h0PSIxIiB4bWxucz0iaHR0cDovL3d3dy53My5vcmcvMjAwMC9zdmciPjwvc3ZnPg==\" style=\"--smush-placeholder-width: 300px; --smush-placeholder-aspect-ratio: 300\/300;\" \/><\/figure>\n\n\n\n<figure class=\"wp-block-image size-full is-style-rounded\"><img decoding=\"async\" width=\"300\" height=\"300\" data-src=\"https:\/\/ciac.pt\/wp-content\/uploads\/2025\/09\/joana-galrao.jpg\" alt=\"\" class=\"wp-image-12738 lazyload\" data-srcset=\"https:\/\/ciac.pt\/wp-content\/uploads\/2025\/09\/joana-galrao.jpg 300w, https:\/\/ciac.pt\/wp-content\/uploads\/2025\/09\/joana-galrao-150x150.jpg 150w\" data-sizes=\"(max-width: 300px) 100vw, 300px\" src=\"data:image\/svg+xml;base64,PHN2ZyB3aWR0aD0iMSIgaGVpZ2h0PSIxIiB4bWxucz0iaHR0cDovL3d3dy53My5vcmcvMjAwMC9zdmciPjwvc3ZnPg==\" style=\"--smush-placeholder-width: 300px; --smush-placeholder-aspect-ratio: 300\/300;\" \/><\/figure>\n\n\n\n<figure class=\"wp-block-image size-full is-style-rounded\"><img decoding=\"async\" width=\"300\" height=\"300\" data-src=\"https:\/\/ciac.pt\/wp-content\/uploads\/2025\/09\/rosa-guedes.jpg\" alt=\"\" class=\"wp-image-12740 lazyload\" data-srcset=\"https:\/\/ciac.pt\/wp-content\/uploads\/2025\/09\/rosa-guedes.jpg 300w, https:\/\/ciac.pt\/wp-content\/uploads\/2025\/09\/rosa-guedes-150x150.jpg 150w\" data-sizes=\"(max-width: 300px) 100vw, 300px\" src=\"data:image\/svg+xml;base64,PHN2ZyB3aWR0aD0iMSIgaGVpZ2h0PSIxIiB4bWxucz0iaHR0cDovL3d3dy53My5vcmcvMjAwMC9zdmciPjwvc3ZnPg==\" style=\"--smush-placeholder-width: 300px; --smush-placeholder-aspect-ratio: 300\/300;\" \/><\/figure>\n<\/div>\n\n\n\n<div class=\"wp-block-column is-layout-flow wp-block-column-is-layout-flow\" style=\"flex-basis:66.66%\">\n<h4 class=\"wp-block-heading\">Dissecting the Intimate<\/h4>\n\n\n\n<p><strong>December, 4th-5th, 2025<br><\/strong>Penha Amphitheater Complex<\/p>\n\n\n\n<p>The exhibition explores the feminine universe through three perspectives that, together, form a narrative composed of dialogues and echoes, where the artworks trace a path shared by all of us. Diverging from the notion of the private, intimacy here lifts its veil, reveals ideas and stories, expresses itself freely, and coexists with the entire external world. Within this space, sensitivities and sensations are unveiled, and points of connection are sought, offering the public the opportunity to recognize and enter this inner cosmos to become part of it. Among images and scents, subjectivity emerges steeped in memory that drifts through fabric, declaring itself visible and invoking interpretations and dialogues. To know or recognize this sharing, <em>Dissecting the Intimate<\/em> proposes a vulnerable reflection intended to open space for a living expansion that seeks to express itself freely.<\/p>\n\n\n\n<p><strong>Milita Dor\u00e9<\/strong> (1958) is an artist whose work revolves around the body, intimacy, and the poetic materiality of the senses. Her research builds a sensory imaginary woven from touch and scent, evoking the bonds between the intimate and the collective, the visible and the invisible. She emphasizes sentimentality as an essential condition of human experience and delicately transforms themes and images from everyday life.<\/p>\n\n\n\n<p><strong>Joana Galr\u00e3o<\/strong> (1998) explores the relationships between the body and the external world, the threshold between the outer and inner, creating dialogues of sharing and recognition. Her work inhabits the interval where something once was but still echoes, where the fruits of her actions upon materials trace paths for personal readings, traces that take root in matter, holding time in suspension.<strong>Rosa Guedes<\/strong> (2001) investigates themes connected to collective memory, with a special focus on the female body. Her artistic practice explores the marks that memory leaves on the body, addressing issues such as symbolic violence. Through painting, illustration, photography, and video, she examines the multiple forms the body can assume, revealing personal and collective narratives inscribed within images.<\/p>\n\n\n\n<figure class=\"wp-block-gallery has-nested-images columns-default is-cropped wp-block-gallery-3 is-layout-flex wp-block-gallery-is-layout-flex\">\n<figure class=\"wp-block-image size-large\"><img decoding=\"async\" width=\"1215\" height=\"1620\" data-id=\"12744\" data-src=\"https:\/\/ciac.pt\/wp-content\/uploads\/2025\/09\/slide-expo-1.jpg\" alt=\"\" class=\"wp-image-12744 lazyload\" data-srcset=\"https:\/\/ciac.pt\/wp-content\/uploads\/2025\/09\/slide-expo-1.jpg 1215w, https:\/\/ciac.pt\/wp-content\/uploads\/2025\/09\/slide-expo-1-225x300.jpg 225w\" data-sizes=\"(max-width: 1215px) 100vw, 1215px\" src=\"data:image\/svg+xml;base64,PHN2ZyB3aWR0aD0iMSIgaGVpZ2h0PSIxIiB4bWxucz0iaHR0cDovL3d3dy53My5vcmcvMjAwMC9zdmciPjwvc3ZnPg==\" style=\"--smush-placeholder-width: 1215px; --smush-placeholder-aspect-ratio: 1215\/1620;\" \/><\/figure>\n\n\n\n<figure class=\"wp-block-image size-large\"><img decoding=\"async\" width=\"1215\" height=\"1620\" data-id=\"12751\" data-src=\"https:\/\/ciac.pt\/wp-content\/uploads\/2025\/09\/slide-expo-2.jpg\" alt=\"\" class=\"wp-image-12751 lazyload\" src=\"data:image\/svg+xml;base64,PHN2ZyB3aWR0aD0iMSIgaGVpZ2h0PSIxIiB4bWxucz0iaHR0cDovL3d3dy53My5vcmcvMjAwMC9zdmciPjwvc3ZnPg==\" style=\"--smush-placeholder-width: 1215px; --smush-placeholder-aspect-ratio: 1215\/1620;\" \/><\/figure>\n\n\n\n<figure class=\"wp-block-image size-large\"><img decoding=\"async\" width=\"768\" height=\"1024\" data-id=\"12743\" data-src=\"https:\/\/ciac.pt\/wp-content\/uploads\/2025\/09\/slide-expo-3-768x1024.jpg\" alt=\"\" class=\"wp-image-12743 lazyload\" data-srcset=\"https:\/\/ciac.pt\/wp-content\/uploads\/2025\/09\/slide-expo-3-768x1024.jpg 768w, https:\/\/ciac.pt\/wp-content\/uploads\/2025\/09\/slide-expo-3-225x300.jpg 225w, https:\/\/ciac.pt\/wp-content\/uploads\/2025\/09\/slide-expo-3-1152x1536.jpg 1152w, https:\/\/ciac.pt\/wp-content\/uploads\/2025\/09\/slide-expo-3.jpg 1215w\" data-sizes=\"(max-width: 768px) 100vw, 768px\" src=\"data:image\/svg+xml;base64,PHN2ZyB3aWR0aD0iMSIgaGVpZ2h0PSIxIiB4bWxucz0iaHR0cDovL3d3dy53My5vcmcvMjAwMC9zdmciPjwvc3ZnPg==\" style=\"--smush-placeholder-width: 768px; --smush-placeholder-aspect-ratio: 768\/1024;\" \/><\/figure>\n\n\n\n<figure class=\"wp-block-image size-large\"><img decoding=\"async\" width=\"768\" height=\"1024\" data-id=\"12750\" data-src=\"https:\/\/ciac.pt\/wp-content\/uploads\/2025\/09\/slide-expo-4-768x1024.jpg\" alt=\"\" class=\"wp-image-12750 lazyload\" data-srcset=\"https:\/\/ciac.pt\/wp-content\/uploads\/2025\/09\/slide-expo-4-768x1024.jpg 768w, https:\/\/ciac.pt\/wp-content\/uploads\/2025\/09\/slide-expo-4-225x300.jpg 225w, https:\/\/ciac.pt\/wp-content\/uploads\/2025\/09\/slide-expo-4-1152x1536.jpg 1152w, https:\/\/ciac.pt\/wp-content\/uploads\/2025\/09\/slide-expo-4.jpg 1215w\" data-sizes=\"(max-width: 768px) 100vw, 768px\" src=\"data:image\/svg+xml;base64,PHN2ZyB3aWR0aD0iMSIgaGVpZ2h0PSIxIiB4bWxucz0iaHR0cDovL3d3dy53My5vcmcvMjAwMC9zdmciPjwvc3ZnPg==\" style=\"--smush-placeholder-width: 768px; --smush-placeholder-aspect-ratio: 768\/1024;\" \/><\/figure>\n\n\n\n<figure class=\"wp-block-image size-full\"><img decoding=\"async\" width=\"1215\" height=\"1620\" data-id=\"12747\" data-src=\"https:\/\/ciac.pt\/wp-content\/uploads\/2025\/09\/slide-expo-5.jpg\" alt=\"\" class=\"wp-image-12747 lazyload\" src=\"data:image\/svg+xml;base64,PHN2ZyB3aWR0aD0iMSIgaGVpZ2h0PSIxIiB4bWxucz0iaHR0cDovL3d3dy53My5vcmcvMjAwMC9zdmciPjwvc3ZnPg==\" style=\"--smush-placeholder-width: 1215px; --smush-placeholder-aspect-ratio: 1215\/1620;\" \/><\/figure>\n\n\n\n<figure class=\"wp-block-image size-large\"><img decoding=\"async\" width=\"768\" height=\"1024\" data-id=\"12749\" data-src=\"https:\/\/ciac.pt\/wp-content\/uploads\/2025\/09\/slide-expo-6-768x1024.jpg\" alt=\"\" class=\"wp-image-12749 lazyload\" data-srcset=\"https:\/\/ciac.pt\/wp-content\/uploads\/2025\/09\/slide-expo-6-768x1024.jpg 768w, https:\/\/ciac.pt\/wp-content\/uploads\/2025\/09\/slide-expo-6-225x300.jpg 225w, https:\/\/ciac.pt\/wp-content\/uploads\/2025\/09\/slide-expo-6-1152x1536.jpg 1152w, https:\/\/ciac.pt\/wp-content\/uploads\/2025\/09\/slide-expo-6.jpg 1215w\" data-sizes=\"(max-width: 768px) 100vw, 768px\" src=\"data:image\/svg+xml;base64,PHN2ZyB3aWR0aD0iMSIgaGVpZ2h0PSIxIiB4bWxucz0iaHR0cDovL3d3dy53My5vcmcvMjAwMC9zdmciPjwvc3ZnPg==\" style=\"--smush-placeholder-width: 768px; --smush-placeholder-aspect-ratio: 768\/1024;\" \/><\/figure>\n<\/figure>\n<\/div>\n<\/div>\n\n\n\n<h2 class=\"wp-block-heading\">Guided Visit to Associa\u00e7\u00e3o 289<\/h2>\n\n\n\n<div class=\"wp-block-columns is-layout-flex wp-container-core-columns-is-layout-9d6595d7 wp-block-columns-is-layout-flex\">\n<div class=\"wp-block-column is-layout-flow wp-block-column-is-layout-flow\" style=\"flex-basis:33.33%\">\n<p><\/p>\n<\/div>\n\n\n\n<div class=\"wp-block-column is-layout-flow wp-block-column-is-layout-flow\" style=\"flex-basis:66.66%\">\n<h4 class=\"wp-block-heading\">Group Exhibition \u2018Casa Amarela com Quarto Cinzento\u2019 and Project Room \u2018wasitacaroracatisaw\u2019 by Gon\u00e7alo Ribeiro<\/h4>\n\n\n\n<p><strong>December 4, 2025 | 7:30 PM<br><\/strong>Associa\u00e7\u00e3o 289 \u2013 Cercado da Atalaia, Faro<\/p>\n\n\n\n<p><strong>Artists:<\/strong> Milita Dor\u00e9, Gat.Uno, Gustavo De Jesus, Basap, Jorge Mestre Sim\u00e3o, Jos\u00e9 Jesus, Bert\u00edlio Martins, Fernando Sampaio Amaro, Tiago Batista, Xana, Joana R. S\u00e1, Susana de Medeiros, Angelo Gon\u00e7alves, Pedro Cabral Santo, Jo\u00e3o R. Ferreira, Vincent Ribeiro, Bruno Grilo.<\/p>\n\n\n\n<p>Among the letters written to his younger brother Theo, Vincent van Gogh described the Yellow House in Arles: a studio, a bedroom, a refuge. He dreamed that this space would become not just a shelter, but a place of gathering, sharing, and artistic community. Since its inception, Associa\u00e7\u00e3o 289 has claimed that same idea of a home for itself\u2014a space that welcomes, hosts, builds neighborhood, and fosters collective thought and creation.<\/p>\n\n\n\n<p>This exhibition reveals multiple points of connection between the inhabitants of this house and the world: politics, society, nature, or even the absurd \u2013 interwoven with references to both collective and individual histories.<\/p>\n\n\n\n<p><em>Casa Amarela com Quarto Cinzento<\/em> is, above all, an open metaphor: a space of encounters and vulnerabilities, an invitation to contradiction.<\/p>\n\n\n\n<p><strong>Project Room \u2018wasitacaroracatisaw\u2019<\/strong><\/p>\n\n\n\n<p>Since 2019, Associa\u00e7\u00e3o 289 has been developing the Project Room \u2013 an initiative that supports emerging artists in developing their practice through close engagement with the space (\u201csite-specific\u201d works). The dialogue arises from the site of hospitality itself, and its unrepeatable outcome becomes deeply tied to the context that hosts it.<\/p>\n\n\n\n<p>The association resumes this project \u2013 its first Project Room in the new headquarters \u2013 with Gon\u00e7alo Pereira, curated by Joana R. S\u00e1.<\/p>\n\n\n\n<p>This is the fourth edition of the Project Room, which has so far featured a total of 15 artists. The invited artist for this edition presents the installation <em>wasitacaroracatisaw<\/em>.<\/p>\n\n\n\n<p><strong>Gon\u00e7alo Pereira<\/strong> (Oliveira de Azem\u00e9is, 2002) is currently pursuing a Bachelor\u2019s degree in Fine Arts, specializing in Painting, at the Faculty of Fine Arts of the University of Porto. He has been developing his artistic practice since 2021, participating in exhibitions and other cultural projects, including: <em>Salto <\/em>(Associa\u00e7\u00e3o 289, Faro, 2023), <em>3+1 <\/em>(curated by Silvia Sim\u00f5es, Al859, Porto, 2024), <em>No tanto que se cruzou<\/em> (Cooperativa \u00c1rvore, Porto, 2024), and <em>Moeda ao Ar<\/em> (Espa\u00e7o Fisga, Porto, 2025). In 2024, he also took part in the Corti\u00e7ada Art Fest artist residency in Proen\u00e7a-a-Nova.<\/p>\n\n\n\n<figure class=\"wp-block-gallery has-nested-images columns-default is-cropped wp-block-gallery-4 is-layout-flex wp-block-gallery-is-layout-flex\">\n<figure class=\"wp-block-image size-large\"><img decoding=\"async\" width=\"703\" height=\"1024\" data-id=\"12800\" data-src=\"https:\/\/ciac.pt\/wp-content\/uploads\/2025\/09\/slide-visita-1-703x1024.jpg\" alt=\"\" class=\"wp-image-12800 lazyload\" data-srcset=\"https:\/\/ciac.pt\/wp-content\/uploads\/2025\/09\/slide-visita-1-703x1024.jpg 703w, https:\/\/ciac.pt\/wp-content\/uploads\/2025\/09\/slide-visita-1-206x300.jpg 206w, https:\/\/ciac.pt\/wp-content\/uploads\/2025\/09\/slide-visita-1-768x1118.jpg 768w, https:\/\/ciac.pt\/wp-content\/uploads\/2025\/09\/slide-visita-1.jpg 1030w\" data-sizes=\"(max-width: 703px) 100vw, 703px\" src=\"data:image\/svg+xml;base64,PHN2ZyB3aWR0aD0iMSIgaGVpZ2h0PSIxIiB4bWxucz0iaHR0cDovL3d3dy53My5vcmcvMjAwMC9zdmciPjwvc3ZnPg==\" style=\"--smush-placeholder-width: 703px; --smush-placeholder-aspect-ratio: 703\/1024;\" \/><\/figure>\n\n\n\n<figure class=\"wp-block-image size-large\"><img decoding=\"async\" width=\"703\" height=\"1024\" data-id=\"12804\" data-src=\"https:\/\/ciac.pt\/wp-content\/uploads\/2025\/09\/slide-visita-2-703x1024.jpg\" alt=\"\" class=\"wp-image-12804 lazyload\" data-srcset=\"https:\/\/ciac.pt\/wp-content\/uploads\/2025\/09\/slide-visita-2-703x1024.jpg 703w, https:\/\/ciac.pt\/wp-content\/uploads\/2025\/09\/slide-visita-2-206x300.jpg 206w, https:\/\/ciac.pt\/wp-content\/uploads\/2025\/09\/slide-visita-2-768x1118.jpg 768w, https:\/\/ciac.pt\/wp-content\/uploads\/2025\/09\/slide-visita-2.jpg 1030w\" data-sizes=\"(max-width: 703px) 100vw, 703px\" src=\"data:image\/svg+xml;base64,PHN2ZyB3aWR0aD0iMSIgaGVpZ2h0PSIxIiB4bWxucz0iaHR0cDovL3d3dy53My5vcmcvMjAwMC9zdmciPjwvc3ZnPg==\" style=\"--smush-placeholder-width: 703px; --smush-placeholder-aspect-ratio: 703\/1024;\" \/><\/figure>\n\n\n\n<figure class=\"wp-block-image size-large\"><img decoding=\"async\" width=\"703\" height=\"1024\" data-id=\"12802\" data-src=\"https:\/\/ciac.pt\/wp-content\/uploads\/2025\/09\/slide-visita-3-703x1024.jpg\" alt=\"\" class=\"wp-image-12802 lazyload\" data-srcset=\"https:\/\/ciac.pt\/wp-content\/uploads\/2025\/09\/slide-visita-3-703x1024.jpg 703w, https:\/\/ciac.pt\/wp-content\/uploads\/2025\/09\/slide-visita-3-206x300.jpg 206w, https:\/\/ciac.pt\/wp-content\/uploads\/2025\/09\/slide-visita-3-768x1118.jpg 768w, https:\/\/ciac.pt\/wp-content\/uploads\/2025\/09\/slide-visita-3.jpg 1030w\" data-sizes=\"(max-width: 703px) 100vw, 703px\" src=\"data:image\/svg+xml;base64,PHN2ZyB3aWR0aD0iMSIgaGVpZ2h0PSIxIiB4bWxucz0iaHR0cDovL3d3dy53My5vcmcvMjAwMC9zdmciPjwvc3ZnPg==\" style=\"--smush-placeholder-width: 703px; --smush-placeholder-aspect-ratio: 703\/1024;\" \/><\/figure>\n\n\n\n<figure class=\"wp-block-image size-large\"><img decoding=\"async\" width=\"1024\" height=\"1024\" data-id=\"12806\" data-src=\"https:\/\/ciac.pt\/wp-content\/uploads\/2025\/09\/slide-visita-4-1024x1024.jpg\" alt=\"\" class=\"wp-image-12806 lazyload\" data-srcset=\"https:\/\/ciac.pt\/wp-content\/uploads\/2025\/09\/slide-visita-4-1024x1024.jpg 1024w, https:\/\/ciac.pt\/wp-content\/uploads\/2025\/09\/slide-visita-4-300x300.jpg 300w, https:\/\/ciac.pt\/wp-content\/uploads\/2025\/09\/slide-visita-4-150x150.jpg 150w, https:\/\/ciac.pt\/wp-content\/uploads\/2025\/09\/slide-visita-4-768x768.jpg 768w, https:\/\/ciac.pt\/wp-content\/uploads\/2025\/09\/slide-visita-4.jpg 1032w\" data-sizes=\"(max-width: 1024px) 100vw, 1024px\" src=\"data:image\/svg+xml;base64,PHN2ZyB3aWR0aD0iMSIgaGVpZ2h0PSIxIiB4bWxucz0iaHR0cDovL3d3dy53My5vcmcvMjAwMC9zdmciPjwvc3ZnPg==\" style=\"--smush-placeholder-width: 1024px; --smush-placeholder-aspect-ratio: 1024\/1024;\" \/><\/figure>\n<\/figure>\n<\/div>\n<\/div>\n\n\n\n<hr class=\"wp-block-separator alignwide has-text-color has-alpha-channel-opacity has-background\" style=\"background-color:#fbe91c;border-color:#fbe91c;color:#fbe91c\"\/>\n\n\n\n<h2 class=\"wp-block-heading\">Keynotes<\/h2>\n\n\n\n<p><strong>December 04 | 11h00<br><\/strong>Anfitheatre 1.5<\/p>\n\n\n\n<h4 class=\"wp-block-heading\">Isabel Baraona<\/h4>\n\n\n\n<div class=\"wp-block-columns is-layout-flex wp-container-core-columns-is-layout-9d6595d7 wp-block-columns-is-layout-flex\">\n<div class=\"wp-block-column is-layout-flow wp-block-column-is-layout-flow\" style=\"flex-basis:33.33%\">\n<figure class=\"wp-block-image size-full is-style-rounded\"><img decoding=\"async\" width=\"300\" height=\"300\" data-src=\"https:\/\/ciac.pt\/wp-content\/uploads\/2025\/09\/isabel-baraona-1.jpg\" alt=\"\" class=\"wp-image-12257 lazyload\" data-srcset=\"https:\/\/ciac.pt\/wp-content\/uploads\/2025\/09\/isabel-baraona-1.jpg 300w, https:\/\/ciac.pt\/wp-content\/uploads\/2025\/09\/isabel-baraona-1-150x150.jpg 150w\" data-sizes=\"(max-width: 300px) 100vw, 300px\" src=\"data:image\/svg+xml;base64,PHN2ZyB3aWR0aD0iMSIgaGVpZ2h0PSIxIiB4bWxucz0iaHR0cDovL3d3dy53My5vcmcvMjAwMC9zdmciPjwvc3ZnPg==\" style=\"--smush-placeholder-width: 300px; --smush-placeholder-aspect-ratio: 300\/300;\" \/><\/figure>\n<\/div>\n\n\n\n<div class=\"wp-block-column is-layout-flow wp-block-column-is-layout-flow\" style=\"flex-basis:66.66%\">\n<p id=\"m_-2563329216931496282docs-internal-guid-f23b3be0-7fff-cc96-fdac-00fa9f90e336\"><strong>Isabel Baraona<\/strong>&nbsp;(Cascais, 1974) is an artist, professor at&nbsp;<a href=\"http:\/\/esad.cr\/\" target=\"_blank\" rel=\"noreferrer noopener\">ESAD.CR<\/a>&nbsp;| IPLeiria, and researcher at LiDA \u2013 Laboratory for Research in Design and Art. She holds a degree in Painting from La Cambre (Belgium) and a PhD in Visual and Intermedia Arts from the Polytechnic University of Valencia (Spain). She completed a postdoctoral fellowship at the University of Rennes 2 (France).<\/p>\n\n\n\n<p>She has participated in numerous solo and group exhibitions in Portugal and abroad. Her work is included in several national collections, such as the EDP Foundation, D. Lu\u00eds I Foundation\/Cascais City Council, PLMJ Foundation, MGFR (Fernando Figueiredo Ribeiro), Catarina F. Cardoso, Eduardo Rosa, Pedro Janarra, and the Portuguese Screen Printing Centre, among others; and in international collections such as those of Yolande De Bontridder, Galila Barzila\u00ef-Hollander, Jean-Marie Stroobants, among others.<\/p>\n\n\n\n<p>In 2025, she was an artist-in-residence at OSSO, in S\u00e3o Greg\u00f3rio, and at Rama \u2013 Artistic Residencies, in Maceira, Torres Vedras.<\/p>\n\n\n\n<p><a href=\"http:\/\/www.isabelbaraona.com\/\" target=\"_blank\" rel=\"noreferrer noopener\">www.isabelbaraona.com<\/a>&nbsp;<\/p>\n\n\n\n<figure class=\"wp-block-gallery has-nested-images columns-default is-cropped wp-block-gallery-5 is-layout-flex wp-block-gallery-is-layout-flex\">\n<figure class=\"wp-block-image size-medium\"><img decoding=\"async\" width=\"225\" height=\"300\" data-id=\"12232\" data-src=\"https:\/\/ciac.pt\/wp-content\/uploads\/2025\/09\/slide-ib-1-225x300.jpg\" alt=\"\" class=\"wp-image-12232 lazyload\" data-srcset=\"https:\/\/ciac.pt\/wp-content\/uploads\/2025\/09\/slide-ib-1-225x300.jpg 225w, https:\/\/ciac.pt\/wp-content\/uploads\/2025\/09\/slide-ib-1-768x1024.jpg 768w, https:\/\/ciac.pt\/wp-content\/uploads\/2025\/09\/slide-ib-1-1152x1536.jpg 1152w, https:\/\/ciac.pt\/wp-content\/uploads\/2025\/09\/slide-ib-1.jpg 1215w\" data-sizes=\"(max-width: 225px) 100vw, 225px\" src=\"data:image\/svg+xml;base64,PHN2ZyB3aWR0aD0iMSIgaGVpZ2h0PSIxIiB4bWxucz0iaHR0cDovL3d3dy53My5vcmcvMjAwMC9zdmciPjwvc3ZnPg==\" style=\"--smush-placeholder-width: 225px; --smush-placeholder-aspect-ratio: 225\/300;\" \/><\/figure>\n\n\n\n<figure class=\"wp-block-image size-medium\"><img decoding=\"async\" width=\"225\" height=\"300\" data-id=\"12234\" data-src=\"https:\/\/ciac.pt\/wp-content\/uploads\/2025\/09\/slide-ib-2-225x300.jpg\" alt=\"\" class=\"wp-image-12234 lazyload\" data-srcset=\"https:\/\/ciac.pt\/wp-content\/uploads\/2025\/09\/slide-ib-2-225x300.jpg 225w, https:\/\/ciac.pt\/wp-content\/uploads\/2025\/09\/slide-ib-2-768x1024.jpg 768w, https:\/\/ciac.pt\/wp-content\/uploads\/2025\/09\/slide-ib-2-1152x1536.jpg 1152w, https:\/\/ciac.pt\/wp-content\/uploads\/2025\/09\/slide-ib-2.jpg 1215w\" data-sizes=\"(max-width: 225px) 100vw, 225px\" src=\"data:image\/svg+xml;base64,PHN2ZyB3aWR0aD0iMSIgaGVpZ2h0PSIxIiB4bWxucz0iaHR0cDovL3d3dy53My5vcmcvMjAwMC9zdmciPjwvc3ZnPg==\" style=\"--smush-placeholder-width: 225px; --smush-placeholder-aspect-ratio: 225\/300;\" \/><\/figure>\n\n\n\n<figure class=\"wp-block-image size-medium\"><img decoding=\"async\" width=\"225\" height=\"300\" data-id=\"12261\" data-src=\"https:\/\/ciac.pt\/wp-content\/uploads\/2025\/09\/slide-ib-3-225x300.jpg\" alt=\"\" class=\"wp-image-12261 lazyload\" data-srcset=\"https:\/\/ciac.pt\/wp-content\/uploads\/2025\/09\/slide-ib-3-225x300.jpg 225w, https:\/\/ciac.pt\/wp-content\/uploads\/2025\/09\/slide-ib-3-768x1024.jpg 768w, https:\/\/ciac.pt\/wp-content\/uploads\/2025\/09\/slide-ib-3-1152x1536.jpg 1152w, https:\/\/ciac.pt\/wp-content\/uploads\/2025\/09\/slide-ib-3.jpg 1215w\" data-sizes=\"(max-width: 225px) 100vw, 225px\" src=\"data:image\/svg+xml;base64,PHN2ZyB3aWR0aD0iMSIgaGVpZ2h0PSIxIiB4bWxucz0iaHR0cDovL3d3dy53My5vcmcvMjAwMC9zdmciPjwvc3ZnPg==\" style=\"--smush-placeholder-width: 225px; --smush-placeholder-aspect-ratio: 225\/300;\" \/><\/figure>\n<\/figure>\n<\/div>\n<\/div>\n\n\n\n<h4 class=\"wp-block-heading\">Rita Macedo<\/h4>\n\n\n\n<div class=\"wp-block-columns is-layout-flex wp-container-core-columns-is-layout-9d6595d7 wp-block-columns-is-layout-flex\">\n<div class=\"wp-block-column is-layout-flow wp-block-column-is-layout-flow\" style=\"flex-basis:33.33%\">\n<figure class=\"wp-block-image size-full is-style-rounded\"><img decoding=\"async\" width=\"300\" height=\"300\" data-src=\"https:\/\/ciac.pt\/wp-content\/uploads\/2025\/09\/rita-macedo.jpg\" alt=\"\" class=\"wp-image-12227 lazyload\" data-srcset=\"https:\/\/ciac.pt\/wp-content\/uploads\/2025\/09\/rita-macedo.jpg 300w, https:\/\/ciac.pt\/wp-content\/uploads\/2025\/09\/rita-macedo-150x150.jpg 150w\" data-sizes=\"(max-width: 300px) 100vw, 300px\" src=\"data:image\/svg+xml;base64,PHN2ZyB3aWR0aD0iMSIgaGVpZ2h0PSIxIiB4bWxucz0iaHR0cDovL3d3dy53My5vcmcvMjAwMC9zdmciPjwvc3ZnPg==\" style=\"--smush-placeholder-width: 300px; --smush-placeholder-aspect-ratio: 300\/300;\" \/><\/figure>\n<\/div>\n\n\n\n<div class=\"wp-block-column is-layout-flow wp-block-column-is-layout-flow\" style=\"flex-basis:66.66%\">\n<p><strong>Rita Macedo<\/strong>&nbsp;is a filmmaker, moving image curator and researcher based in Berlin. Her practice spans non-fiction and the speculative, using narrative ruptures to probe the unstable terrains of meaning and memory. Through this gesture, she proposes a reflection on how the moving image articulates perception, temporality, and thought.<\/p>\n\n\n\n<p>Her works have been presented at various international festivals and exhibitions, including the Berwick Film &amp; Media Arts Festival, Hamburg Short Film Festival, IndieLisboa \u2013 International Film Festival, Kasseler Dokfest, Curtas Vila do Conde \u2013 International Film Festival, and the S\u00e3o Paulo International Short Film Festival, among others.<\/p>\n\n\n\n<p id=\"m_1731868537520525647docs-internal-guid-125f7577-7fff-cf4d-e726-6912439ff6e1\">She has received several research and production grants and, since 2018, has been an artistic researcher at the Braunschweig University of Art (HBK Braunschweig). Since 2024, she has also been the curator of the International Selection at the European Media Art Festival (EMAF).<\/p>\n\n\n\n<p>Her ongoing artistic project,&nbsp;<em>Celestial Bridging \u2013 Collected Experiences<\/em>, adopts speculative fiction as a method of artistic research, questioning the mediatization of death, desire, and knowledge, as well as the reading protocols, formal conventions, and institutional frameworks that shape their reception.<\/p>\n\n\n\n<p><a href=\"https:\/\/ritamacedo.org\">https:\/\/ritamacedo.org<\/a><\/p>\n\n\n\n<figure class=\"wp-block-gallery has-nested-images columns-3 is-cropped wp-block-gallery-6 is-layout-flex wp-block-gallery-is-layout-flex\">\n<figure class=\"wp-block-image size-medium\"><img decoding=\"async\" width=\"300\" height=\"225\" data-id=\"12248\" data-src=\"https:\/\/ciac.pt\/wp-content\/uploads\/2025\/09\/slide-rm-1-1-300x225.jpg\" alt=\"\" class=\"wp-image-12248 lazyload\" data-srcset=\"https:\/\/ciac.pt\/wp-content\/uploads\/2025\/09\/slide-rm-1-1-300x225.jpg 300w, https:\/\/ciac.pt\/wp-content\/uploads\/2025\/09\/slide-rm-1-1-1024x768.jpg 1024w, https:\/\/ciac.pt\/wp-content\/uploads\/2025\/09\/slide-rm-1-1-768x576.jpg 768w, https:\/\/ciac.pt\/wp-content\/uploads\/2025\/09\/slide-rm-1-1-1536x1152.jpg 1536w, https:\/\/ciac.pt\/wp-content\/uploads\/2025\/09\/slide-rm-1-1.jpg 1620w\" data-sizes=\"(max-width: 300px) 100vw, 300px\" src=\"data:image\/svg+xml;base64,PHN2ZyB3aWR0aD0iMSIgaGVpZ2h0PSIxIiB4bWxucz0iaHR0cDovL3d3dy53My5vcmcvMjAwMC9zdmciPjwvc3ZnPg==\" style=\"--smush-placeholder-width: 300px; --smush-placeholder-aspect-ratio: 300\/225;\" \/><\/figure>\n\n\n\n<figure class=\"wp-block-image size-medium\"><img decoding=\"async\" width=\"300\" height=\"225\" data-id=\"12237\" data-src=\"https:\/\/ciac.pt\/wp-content\/uploads\/2025\/09\/slide-rm-2-300x225.jpg\" alt=\"\" class=\"wp-image-12237 lazyload\" data-srcset=\"https:\/\/ciac.pt\/wp-content\/uploads\/2025\/09\/slide-rm-2-300x225.jpg 300w, https:\/\/ciac.pt\/wp-content\/uploads\/2025\/09\/slide-rm-2.jpg 1620w\" data-sizes=\"(max-width: 300px) 100vw, 300px\" src=\"data:image\/svg+xml;base64,PHN2ZyB3aWR0aD0iMSIgaGVpZ2h0PSIxIiB4bWxucz0iaHR0cDovL3d3dy53My5vcmcvMjAwMC9zdmciPjwvc3ZnPg==\" style=\"--smush-placeholder-width: 300px; --smush-placeholder-aspect-ratio: 300\/225;\" \/><\/figure>\n\n\n\n<figure class=\"wp-block-image size-medium\"><img decoding=\"async\" width=\"300\" height=\"225\" data-id=\"12241\" data-src=\"https:\/\/ciac.pt\/wp-content\/uploads\/2025\/09\/slide-rm-3-300x225.jpg\" alt=\"\" class=\"wp-image-12241 lazyload\" data-srcset=\"https:\/\/ciac.pt\/wp-content\/uploads\/2025\/09\/slide-rm-3-300x225.jpg 300w, https:\/\/ciac.pt\/wp-content\/uploads\/2025\/09\/slide-rm-3.jpg 1620w\" data-sizes=\"(max-width: 300px) 100vw, 300px\" src=\"data:image\/svg+xml;base64,PHN2ZyB3aWR0aD0iMSIgaGVpZ2h0PSIxIiB4bWxucz0iaHR0cDovL3d3dy53My5vcmcvMjAwMC9zdmciPjwvc3ZnPg==\" style=\"--smush-placeholder-width: 300px; --smush-placeholder-aspect-ratio: 300\/225;\" \/><\/figure>\n\n\n\n<figure class=\"wp-block-image size-medium\"><img decoding=\"async\" width=\"300\" height=\"225\" data-id=\"12239\" data-src=\"https:\/\/ciac.pt\/wp-content\/uploads\/2025\/09\/slide-rm-4-300x225.jpg\" alt=\"\" class=\"wp-image-12239 lazyload\" data-srcset=\"https:\/\/ciac.pt\/wp-content\/uploads\/2025\/09\/slide-rm-4-300x225.jpg 300w, https:\/\/ciac.pt\/wp-content\/uploads\/2025\/09\/slide-rm-4-1024x768.jpg 1024w, https:\/\/ciac.pt\/wp-content\/uploads\/2025\/09\/slide-rm-4-768x576.jpg 768w, https:\/\/ciac.pt\/wp-content\/uploads\/2025\/09\/slide-rm-4-1536x1152.jpg 1536w, https:\/\/ciac.pt\/wp-content\/uploads\/2025\/09\/slide-rm-4.jpg 1620w\" data-sizes=\"(max-width: 300px) 100vw, 300px\" src=\"data:image\/svg+xml;base64,PHN2ZyB3aWR0aD0iMSIgaGVpZ2h0PSIxIiB4bWxucz0iaHR0cDovL3d3dy53My5vcmcvMjAwMC9zdmciPjwvc3ZnPg==\" style=\"--smush-placeholder-width: 300px; --smush-placeholder-aspect-ratio: 300\/225;\" \/><\/figure>\n\n\n\n<figure class=\"wp-block-image size-medium\"><img decoding=\"async\" width=\"300\" height=\"225\" data-id=\"12243\" data-src=\"https:\/\/ciac.pt\/wp-content\/uploads\/2025\/09\/slide-rm-5-300x225.jpg\" alt=\"\" class=\"wp-image-12243 lazyload\" data-srcset=\"https:\/\/ciac.pt\/wp-content\/uploads\/2025\/09\/slide-rm-5-300x225.jpg 300w, https:\/\/ciac.pt\/wp-content\/uploads\/2025\/09\/slide-rm-5-1024x768.jpg 1024w, https:\/\/ciac.pt\/wp-content\/uploads\/2025\/09\/slide-rm-5-768x576.jpg 768w, https:\/\/ciac.pt\/wp-content\/uploads\/2025\/09\/slide-rm-5-1536x1152.jpg 1536w, https:\/\/ciac.pt\/wp-content\/uploads\/2025\/09\/slide-rm-5.jpg 1620w\" data-sizes=\"(max-width: 300px) 100vw, 300px\" src=\"data:image\/svg+xml;base64,PHN2ZyB3aWR0aD0iMSIgaGVpZ2h0PSIxIiB4bWxucz0iaHR0cDovL3d3dy53My5vcmcvMjAwMC9zdmciPjwvc3ZnPg==\" style=\"--smush-placeholder-width: 300px; --smush-placeholder-aspect-ratio: 300\/225;\" \/><\/figure>\n<\/figure>\n<\/div>\n<\/div>\n\n\n\n<h2 class=\"wp-block-heading\">Panel 1: The Vitality of Artistic Thought at the University<\/h2>\n\n\n\n<p><strong>December 05 | 14h00<br><\/strong>Anfitheatre 1.5<\/p>\n\n\n\n\n\n\n\n<h4 class=\"wp-block-heading\">Pedro Alves da Veiga<\/h4>\n\n\n\n<div class=\"wp-block-columns is-layout-flex wp-container-core-columns-is-layout-9d6595d7 wp-block-columns-is-layout-flex\">\n<div class=\"wp-block-column is-layout-flow wp-block-column-is-layout-flow\" style=\"flex-basis:33.33%\">\n<figure class=\"wp-block-image size-full is-style-rounded\"><img decoding=\"async\" width=\"300\" height=\"300\" data-src=\"https:\/\/ciac.pt\/wp-content\/uploads\/2025\/09\/pedro-alves-da-veiga.jpg\" alt=\"\" class=\"wp-image-12529 lazyload\" data-srcset=\"https:\/\/ciac.pt\/wp-content\/uploads\/2025\/09\/pedro-alves-da-veiga.jpg 300w, https:\/\/ciac.pt\/wp-content\/uploads\/2025\/09\/pedro-alves-da-veiga-150x150.jpg 150w\" data-sizes=\"(max-width: 300px) 100vw, 300px\" src=\"data:image\/svg+xml;base64,PHN2ZyB3aWR0aD0iMSIgaGVpZ2h0PSIxIiB4bWxucz0iaHR0cDovL3d3dy53My5vcmcvMjAwMC9zdmciPjwvc3ZnPg==\" style=\"--smush-placeholder-width: 300px; --smush-placeholder-aspect-ratio: 300\/300;\" \/><\/figure>\n<\/div>\n\n\n\n<div class=\"wp-block-column is-layout-flow wp-block-column-is-layout-flow\" style=\"flex-basis:66.66%\">\n<p><strong>Pedro Alves da Veiga<\/strong> is an artist and researcher with a PhD in Digital Media Art from the University of Algarve and Universidade Aberta.<\/p>\n\n\n\n<p>He is a professor at Universidade Aberta, where he serves as deputy director of the PhD program in Digital Media Art. He was involved in the business sector for over two decades, developing award-winning work in web design and multimedia. He is a full member of the Research Centre for Arts and Communication and a collaborator at the ID+ Institute for Research in Design, Media, and Culture.<\/p>\n\n\n\n<p>He regularly participates in projects at the intersection of art, science, and technology, focusing his research on the influence of attention and experience economies in the digital media art ecosystem; art-based research methods; hacktivism and artivism; and curatorial practices in digital media art. His artistic practice includes assemblage, generative creative programming, and digital audiovisual work. His pieces have been exhibited individually and collectively in Portugal, Brazil, Spain, France, Italy, the Netherlands, Romania, Ukraine, Russia, China, South Korea, Thailand, and the United States.<\/p>\n\n\n\n<p><a href=\"http:\/\/www.pedroveiga.com\">www.pedroveiga.com<\/a><\/p>\n\n\n\n<figure class=\"wp-block-gallery has-nested-images columns-default is-cropped wp-block-gallery-8 is-layout-flex wp-block-gallery-is-layout-flex\">\n<figure class=\"wp-block-image size-large\"><img decoding=\"async\" width=\"1024\" height=\"768\" data-id=\"12555\" data-src=\"https:\/\/ciac.pt\/wp-content\/uploads\/2025\/09\/slide-padv-1-1024x768.jpg\" alt=\"\" class=\"wp-image-12555 lazyload\" data-srcset=\"https:\/\/ciac.pt\/wp-content\/uploads\/2025\/09\/slide-padv-1-1024x768.jpg 1024w, https:\/\/ciac.pt\/wp-content\/uploads\/2025\/09\/slide-padv-1-300x225.jpg 300w, https:\/\/ciac.pt\/wp-content\/uploads\/2025\/09\/slide-padv-1-768x576.jpg 768w, https:\/\/ciac.pt\/wp-content\/uploads\/2025\/09\/slide-padv-1-1536x1152.jpg 1536w, https:\/\/ciac.pt\/wp-content\/uploads\/2025\/09\/slide-padv-1.jpg 1620w\" data-sizes=\"(max-width: 1024px) 100vw, 1024px\" src=\"data:image\/svg+xml;base64,PHN2ZyB3aWR0aD0iMSIgaGVpZ2h0PSIxIiB4bWxucz0iaHR0cDovL3d3dy53My5vcmcvMjAwMC9zdmciPjwvc3ZnPg==\" style=\"--smush-placeholder-width: 1024px; --smush-placeholder-aspect-ratio: 1024\/768;\" \/><\/figure>\n\n\n\n<figure class=\"wp-block-image size-large\"><img decoding=\"async\" width=\"1024\" height=\"768\" data-id=\"12553\" data-src=\"https:\/\/ciac.pt\/wp-content\/uploads\/2025\/09\/slide-padv-2-1024x768.jpg\" alt=\"\" class=\"wp-image-12553 lazyload\" data-srcset=\"https:\/\/ciac.pt\/wp-content\/uploads\/2025\/09\/slide-padv-2-1024x768.jpg 1024w, https:\/\/ciac.pt\/wp-content\/uploads\/2025\/09\/slide-padv-2-300x225.jpg 300w, https:\/\/ciac.pt\/wp-content\/uploads\/2025\/09\/slide-padv-2.jpg 1620w\" data-sizes=\"(max-width: 1024px) 100vw, 1024px\" src=\"data:image\/svg+xml;base64,PHN2ZyB3aWR0aD0iMSIgaGVpZ2h0PSIxIiB4bWxucz0iaHR0cDovL3d3dy53My5vcmcvMjAwMC9zdmciPjwvc3ZnPg==\" style=\"--smush-placeholder-width: 1024px; --smush-placeholder-aspect-ratio: 1024\/768;\" \/><\/figure>\n\n\n\n<figure class=\"wp-block-image size-large\"><img decoding=\"async\" width=\"1620\" height=\"1215\" data-id=\"12557\" data-src=\"https:\/\/ciac.pt\/wp-content\/uploads\/2025\/09\/slide-padv-3.jpg\" alt=\"\" class=\"wp-image-12557 lazyload\" src=\"data:image\/svg+xml;base64,PHN2ZyB3aWR0aD0iMSIgaGVpZ2h0PSIxIiB4bWxucz0iaHR0cDovL3d3dy53My5vcmcvMjAwMC9zdmciPjwvc3ZnPg==\" style=\"--smush-placeholder-width: 1620px; --smush-placeholder-aspect-ratio: 1620\/1215;\" \/><\/figure>\n<\/figure>\n<\/div>\n<\/div>\n\n\n\n<h4 class=\"wp-block-heading\">Pedro Cabral Santo<\/h4>\n\n\n\n<div class=\"wp-block-columns is-layout-flex wp-container-core-columns-is-layout-9d6595d7 wp-block-columns-is-layout-flex\">\n<div class=\"wp-block-column is-layout-flow wp-block-column-is-layout-flow\" style=\"flex-basis:33.33%\">\n<figure class=\"wp-block-image size-full is-style-rounded\"><img decoding=\"async\" width=\"300\" height=\"300\" data-src=\"https:\/\/ciac.pt\/wp-content\/uploads\/2025\/12\/pedro-cabral-santo.jpg\" alt=\"\" class=\"wp-image-13189 lazyload\" data-srcset=\"https:\/\/ciac.pt\/wp-content\/uploads\/2025\/12\/pedro-cabral-santo.jpg 300w, https:\/\/ciac.pt\/wp-content\/uploads\/2025\/12\/pedro-cabral-santo-150x150.jpg 150w\" data-sizes=\"(max-width: 300px) 100vw, 300px\" src=\"data:image\/svg+xml;base64,PHN2ZyB3aWR0aD0iMSIgaGVpZ2h0PSIxIiB4bWxucz0iaHR0cDovL3d3dy53My5vcmcvMjAwMC9zdmciPjwvc3ZnPg==\" style=\"--smush-placeholder-width: 300px; --smush-placeholder-aspect-ratio: 300\/300;\" \/><\/figure>\n<\/div>\n\n\n\n<div class=\"wp-block-column is-layout-flow wp-block-column-is-layout-flow\" style=\"flex-basis:66.66%\">\n<p><strong>Pedro Cabral Santo<\/strong> is a visual artist, exhibition curator, professor, and researcher. He studied Painting and Sculpture at the Faculties of Fine Arts in Lisbon and Porto, and holds a degree in Fine Arts \u2013 Painting (1995) from the Faculty of Fine Arts of Lisbon. In 2006, he completed a Master\u2019s in Painting at the same institution, where he later earned a PhD in Fine Arts \u2013 Image specialization \u2013 in 2011.<\/p>\n\n\n\n<p>He has taught in the Scenic Props Program at Col\u00e9gio de Santa Clara\/IFP in Lisbon, where he also served as Program Director; at the School of Arts and Design of Caldas da Rainha, where he was deputy coordinator of the Fine Arts Program; and at the Faculty of Fine Arts of Lisbon, in the Art and Multimedia Program, under a protocol between ESAD\/CR and FBAUL. He joined the University of the Algarve, specifically the Faculty of Human and Social Sciences, in 2008 to teach in the Visual Arts undergraduate program. Since 2015, he has been an Assistant Professor at the institution. He is currently the director of the Visual Arts Program.<\/p>\n\n\n\n<p>Alongside his artistic work, he has carried out activities as a commissioner, curator, and organizer of exhibitions over the past 20 years. In addition to his artistic and curatorial practice, Cabral Santo has published various texts and essays on artistic imagery and contemporary culture. In 2021, he released the book *The Power of Love*, a collection of articles and essays on artistic imagery written over the years.<\/p>\n\n\n\n<figure class=\"wp-block-gallery has-nested-images columns-default is-cropped wp-block-gallery-9 is-layout-flex wp-block-gallery-is-layout-flex\">\n<figure class=\"wp-block-image\"><img decoding=\"async\" width=\"1620\" height=\"1215\" data-id=\"13205\" data-src=\"https:\/\/ciac.pt\/wp-content\/uploads\/2025\/12\/slide-pcs-7.jpg\" alt=\"\" class=\"wp-image-13205 lazyload\" data-srcset=\"https:\/\/ciac.pt\/wp-content\/uploads\/2025\/12\/slide-pcs-7.jpg 1620w, https:\/\/ciac.pt\/wp-content\/uploads\/2025\/12\/slide-pcs-7-300x225.jpg 300w, https:\/\/ciac.pt\/wp-content\/uploads\/2025\/12\/slide-pcs-7-1024x768.jpg 1024w, https:\/\/ciac.pt\/wp-content\/uploads\/2025\/12\/slide-pcs-7-768x576.jpg 768w, https:\/\/ciac.pt\/wp-content\/uploads\/2025\/12\/slide-pcs-7-1536x1152.jpg 1536w\" data-sizes=\"(max-width: 1620px) 100vw, 1620px\" src=\"data:image\/svg+xml;base64,PHN2ZyB3aWR0aD0iMSIgaGVpZ2h0PSIxIiB4bWxucz0iaHR0cDovL3d3dy53My5vcmcvMjAwMC9zdmciPjwvc3ZnPg==\" style=\"--smush-placeholder-width: 1620px; --smush-placeholder-aspect-ratio: 1620\/1215;\" \/><\/figure>\n\n\n\n<figure class=\"wp-block-image\"><img decoding=\"async\" width=\"1620\" height=\"1215\" data-id=\"13203\" data-src=\"https:\/\/ciac.pt\/wp-content\/uploads\/2025\/12\/slide-pcs-6.jpg\" alt=\"\" class=\"wp-image-13203 lazyload\" data-srcset=\"https:\/\/ciac.pt\/wp-content\/uploads\/2025\/12\/slide-pcs-6.jpg 1620w, https:\/\/ciac.pt\/wp-content\/uploads\/2025\/12\/slide-pcs-6-300x225.jpg 300w, https:\/\/ciac.pt\/wp-content\/uploads\/2025\/12\/slide-pcs-6-1024x768.jpg 1024w, https:\/\/ciac.pt\/wp-content\/uploads\/2025\/12\/slide-pcs-6-768x576.jpg 768w, https:\/\/ciac.pt\/wp-content\/uploads\/2025\/12\/slide-pcs-6-1536x1152.jpg 1536w\" data-sizes=\"(max-width: 1620px) 100vw, 1620px\" src=\"data:image\/svg+xml;base64,PHN2ZyB3aWR0aD0iMSIgaGVpZ2h0PSIxIiB4bWxucz0iaHR0cDovL3d3dy53My5vcmcvMjAwMC9zdmciPjwvc3ZnPg==\" style=\"--smush-placeholder-width: 1620px; --smush-placeholder-aspect-ratio: 1620\/1215;\" \/><\/figure>\n\n\n\n<figure class=\"wp-block-image\"><img decoding=\"async\" width=\"1620\" height=\"1215\" data-id=\"13201\" data-src=\"https:\/\/ciac.pt\/wp-content\/uploads\/2025\/12\/slide-pcs-5.jpg\" alt=\"\" class=\"wp-image-13201 lazyload\" data-srcset=\"https:\/\/ciac.pt\/wp-content\/uploads\/2025\/12\/slide-pcs-5.jpg 1620w, https:\/\/ciac.pt\/wp-content\/uploads\/2025\/12\/slide-pcs-5-300x225.jpg 300w, https:\/\/ciac.pt\/wp-content\/uploads\/2025\/12\/slide-pcs-5-1024x768.jpg 1024w, https:\/\/ciac.pt\/wp-content\/uploads\/2025\/12\/slide-pcs-5-768x576.jpg 768w, https:\/\/ciac.pt\/wp-content\/uploads\/2025\/12\/slide-pcs-5-1536x1152.jpg 1536w\" data-sizes=\"(max-width: 1620px) 100vw, 1620px\" src=\"data:image\/svg+xml;base64,PHN2ZyB3aWR0aD0iMSIgaGVpZ2h0PSIxIiB4bWxucz0iaHR0cDovL3d3dy53My5vcmcvMjAwMC9zdmciPjwvc3ZnPg==\" style=\"--smush-placeholder-width: 1620px; --smush-placeholder-aspect-ratio: 1620\/1215;\" \/><\/figure>\n\n\n\n<figure class=\"wp-block-image\"><img decoding=\"async\" width=\"1215\" height=\"1620\" data-id=\"13197\" data-src=\"https:\/\/ciac.pt\/wp-content\/uploads\/2025\/12\/slide-pcs-3.jpg\" alt=\"\" class=\"wp-image-13197 lazyload\" data-srcset=\"https:\/\/ciac.pt\/wp-content\/uploads\/2025\/12\/slide-pcs-3.jpg 1215w, https:\/\/ciac.pt\/wp-content\/uploads\/2025\/12\/slide-pcs-3-225x300.jpg 225w\" data-sizes=\"(max-width: 1215px) 100vw, 1215px\" src=\"data:image\/svg+xml;base64,PHN2ZyB3aWR0aD0iMSIgaGVpZ2h0PSIxIiB4bWxucz0iaHR0cDovL3d3dy53My5vcmcvMjAwMC9zdmciPjwvc3ZnPg==\" style=\"--smush-placeholder-width: 1215px; --smush-placeholder-aspect-ratio: 1215\/1620;\" \/><\/figure>\n\n\n\n<figure class=\"wp-block-image\"><img decoding=\"async\" width=\"1215\" height=\"1620\" data-id=\"13195\" data-src=\"https:\/\/ciac.pt\/wp-content\/uploads\/2025\/12\/slide-pcs-2.jpg\" alt=\"\" class=\"wp-image-13195 lazyload\" src=\"data:image\/svg+xml;base64,PHN2ZyB3aWR0aD0iMSIgaGVpZ2h0PSIxIiB4bWxucz0iaHR0cDovL3d3dy53My5vcmcvMjAwMC9zdmciPjwvc3ZnPg==\" style=\"--smush-placeholder-width: 1215px; --smush-placeholder-aspect-ratio: 1215\/1620;\" \/><\/figure>\n\n\n\n<figure class=\"wp-block-image\"><img decoding=\"async\" width=\"1215\" height=\"1620\" data-id=\"13193\" data-src=\"https:\/\/ciac.pt\/wp-content\/uploads\/2025\/12\/slide-pcs-1.jpg\" alt=\"\" class=\"wp-image-13193 lazyload\" src=\"data:image\/svg+xml;base64,PHN2ZyB3aWR0aD0iMSIgaGVpZ2h0PSIxIiB4bWxucz0iaHR0cDovL3d3dy53My5vcmcvMjAwMC9zdmciPjwvc3ZnPg==\" style=\"--smush-placeholder-width: 1215px; --smush-placeholder-aspect-ratio: 1215\/1620;\" \/><\/figure>\n\n\n\n<figure class=\"wp-block-image\"><img decoding=\"async\" width=\"1215\" height=\"1620\" data-id=\"13199\" data-src=\"https:\/\/ciac.pt\/wp-content\/uploads\/2025\/12\/slide-pcs-4.jpg\" alt=\"\" class=\"wp-image-13199 lazyload\" data-srcset=\"https:\/\/ciac.pt\/wp-content\/uploads\/2025\/12\/slide-pcs-4.jpg 1215w, https:\/\/ciac.pt\/wp-content\/uploads\/2025\/12\/slide-pcs-4-225x300.jpg 225w, https:\/\/ciac.pt\/wp-content\/uploads\/2025\/12\/slide-pcs-4-768x1024.jpg 768w, https:\/\/ciac.pt\/wp-content\/uploads\/2025\/12\/slide-pcs-4-1152x1536.jpg 1152w\" data-sizes=\"(max-width: 1215px) 100vw, 1215px\" src=\"data:image\/svg+xml;base64,PHN2ZyB3aWR0aD0iMSIgaGVpZ2h0PSIxIiB4bWxucz0iaHR0cDovL3d3dy53My5vcmcvMjAwMC9zdmciPjwvc3ZnPg==\" style=\"--smush-placeholder-width: 1215px; --smush-placeholder-aspect-ratio: 1215\/1620;\" \/><\/figure>\n<\/figure>\n<\/div>\n<\/div>\n\n\n\n<h2 class=\"wp-block-heading\">Panel 2: Poetics of Research<\/h2>\n\n\n\n<p><strong>December 05 | 15h00<br><\/strong>Anfitheatre 1.5<\/p>\n\n\n\n<h4 class=\"wp-block-heading\">Camila Mangueira<\/h4>\n\n\n\n<div class=\"wp-block-columns is-layout-flex wp-container-core-columns-is-layout-9d6595d7 wp-block-columns-is-layout-flex\">\n<div class=\"wp-block-column is-layout-flow wp-block-column-is-layout-flow\" style=\"flex-basis:33.33%\">\n<figure class=\"wp-block-image size-full is-style-rounded\"><img decoding=\"async\" width=\"300\" height=\"300\" data-src=\"https:\/\/ciac.pt\/wp-content\/uploads\/2025\/09\/camila-mangueira.jpg\" alt=\"\" class=\"wp-image-12532 lazyload\" data-srcset=\"https:\/\/ciac.pt\/wp-content\/uploads\/2025\/09\/camila-mangueira.jpg 300w, https:\/\/ciac.pt\/wp-content\/uploads\/2025\/09\/camila-mangueira-150x150.jpg 150w\" data-sizes=\"(max-width: 300px) 100vw, 300px\" src=\"data:image\/svg+xml;base64,PHN2ZyB3aWR0aD0iMSIgaGVpZ2h0PSIxIiB4bWxucz0iaHR0cDovL3d3dy53My5vcmcvMjAwMC9zdmciPjwvc3ZnPg==\" style=\"--smush-placeholder-width: 300px; --smush-placeholder-aspect-ratio: 300\/300;\" \/><\/figure>\n<\/div>\n\n\n\n<div class=\"wp-block-column is-layout-flow wp-block-column-is-layout-flow\" style=\"flex-basis:66.66%\">\n<p><strong>Camila Mangueira <\/strong>is a designer, professor and research artist at i2ADS \u2013 the Institute for Research in Art, Design, and Society at the Faculty of Fine Arts of the University of Porto. She coordinates the research project <em>Philosophical Media<\/em> (PhilMe), which critically explores the role of technical objects and mediations in shaping thought and the practice of the image as culture.<\/p>\n\n\n\n<p>Her work focuses on the interactions between logic, media, and image devices, examining the convergences between analog and digital from the perspectives of creative processes and media archaeology. She publishes regularly in books and presents artistic works in international exhibitions.<\/p>\n\n\n\n<p>She completed a postdoctoral fellowship in Design at FBAUP, developing the critical-creative proposal of <em>Metaimage<\/em>. She holds a PhD in Communication and Semiotics from PUC-SP, with the dissertation <em>Photographic Thought<\/em>, which proposes an integrated understanding of the representational complexity of the technical image. She also holds a Master\u2019s degree in Communication and Semiotics (PUC-SP) and a specialization in Theories of Communication and the Image (UFC). She has teaching and production experience in Image, Design, Media, and Communication, including the coordination of multimedia and research projects. In addition to her work at FBAUP, she collaborates as a visiting lecturer in the <em>Lato Sensu<\/em> Postgraduate Program in Creation Processes at PUC-SP and in the Master\u2019s Program in Creation Processes at the University of Algarve.<\/p>\n\n\n\n<p><a href=\"https:\/\/i2ads.up.pt\/projetos\/philme\/\">https:\/\/i2ads.up.pt\/projetos\/philme\/<\/a><\/p>\n\n\n\n<figure class=\"wp-block-gallery has-nested-images columns-default is-cropped wp-block-gallery-10 is-layout-flex wp-block-gallery-is-layout-flex\">\n<figure class=\"wp-block-image size-large\"><img decoding=\"async\" width=\"1024\" height=\"768\" data-id=\"12569\" data-src=\"https:\/\/ciac.pt\/wp-content\/uploads\/2025\/09\/slide-cm-1-1-1024x768.jpg\" alt=\"\" class=\"wp-image-12569 lazyload\" data-srcset=\"https:\/\/ciac.pt\/wp-content\/uploads\/2025\/09\/slide-cm-1-1-1024x768.jpg 1024w, https:\/\/ciac.pt\/wp-content\/uploads\/2025\/09\/slide-cm-1-1-300x225.jpg 300w, https:\/\/ciac.pt\/wp-content\/uploads\/2025\/09\/slide-cm-1-1-768x576.jpg 768w, https:\/\/ciac.pt\/wp-content\/uploads\/2025\/09\/slide-cm-1-1-1536x1152.jpg 1536w, https:\/\/ciac.pt\/wp-content\/uploads\/2025\/09\/slide-cm-1-1.jpg 1620w\" data-sizes=\"(max-width: 1024px) 100vw, 1024px\" src=\"data:image\/svg+xml;base64,PHN2ZyB3aWR0aD0iMSIgaGVpZ2h0PSIxIiB4bWxucz0iaHR0cDovL3d3dy53My5vcmcvMjAwMC9zdmciPjwvc3ZnPg==\" style=\"--smush-placeholder-width: 1024px; --smush-placeholder-aspect-ratio: 1024\/768;\" \/><\/figure>\n\n\n\n<figure class=\"wp-block-image size-large\"><img decoding=\"async\" width=\"1620\" height=\"1215\" data-id=\"12562\" data-src=\"https:\/\/ciac.pt\/wp-content\/uploads\/2025\/09\/slide-cm-2.jpg\" alt=\"\" class=\"wp-image-12562 lazyload\" src=\"data:image\/svg+xml;base64,PHN2ZyB3aWR0aD0iMSIgaGVpZ2h0PSIxIiB4bWxucz0iaHR0cDovL3d3dy53My5vcmcvMjAwMC9zdmciPjwvc3ZnPg==\" style=\"--smush-placeholder-width: 1620px; --smush-placeholder-aspect-ratio: 1620\/1215;\" \/><\/figure>\n\n\n\n<figure class=\"wp-block-image size-large\"><img decoding=\"async\" width=\"1024\" height=\"768\" data-id=\"12567\" data-src=\"https:\/\/ciac.pt\/wp-content\/uploads\/2025\/09\/slide-cm-3-1024x768.jpg\" alt=\"\" class=\"wp-image-12567 lazyload\" data-srcset=\"https:\/\/ciac.pt\/wp-content\/uploads\/2025\/09\/slide-cm-3-1024x768.jpg 1024w, https:\/\/ciac.pt\/wp-content\/uploads\/2025\/09\/slide-cm-3-300x225.jpg 300w, https:\/\/ciac.pt\/wp-content\/uploads\/2025\/09\/slide-cm-3-768x576.jpg 768w, https:\/\/ciac.pt\/wp-content\/uploads\/2025\/09\/slide-cm-3-1536x1152.jpg 1536w, https:\/\/ciac.pt\/wp-content\/uploads\/2025\/09\/slide-cm-3.jpg 1620w\" data-sizes=\"(max-width: 1024px) 100vw, 1024px\" src=\"data:image\/svg+xml;base64,PHN2ZyB3aWR0aD0iMSIgaGVpZ2h0PSIxIiB4bWxucz0iaHR0cDovL3d3dy53My5vcmcvMjAwMC9zdmciPjwvc3ZnPg==\" style=\"--smush-placeholder-width: 1024px; --smush-placeholder-aspect-ratio: 1024\/768;\" \/><\/figure>\n\n\n\n<figure class=\"wp-block-image size-large\"><img decoding=\"async\" width=\"768\" height=\"1024\" data-id=\"12564\" data-src=\"https:\/\/ciac.pt\/wp-content\/uploads\/2025\/09\/slide-cm-4-768x1024.jpg\" alt=\"\" class=\"wp-image-12564 lazyload\" data-srcset=\"https:\/\/ciac.pt\/wp-content\/uploads\/2025\/09\/slide-cm-4-768x1024.jpg 768w, https:\/\/ciac.pt\/wp-content\/uploads\/2025\/09\/slide-cm-4-225x300.jpg 225w, https:\/\/ciac.pt\/wp-content\/uploads\/2025\/09\/slide-cm-4-1152x1536.jpg 1152w, https:\/\/ciac.pt\/wp-content\/uploads\/2025\/09\/slide-cm-4.jpg 1215w\" data-sizes=\"(max-width: 768px) 100vw, 768px\" src=\"data:image\/svg+xml;base64,PHN2ZyB3aWR0aD0iMSIgaGVpZ2h0PSIxIiB4bWxucz0iaHR0cDovL3d3dy53My5vcmcvMjAwMC9zdmciPjwvc3ZnPg==\" style=\"--smush-placeholder-width: 768px; --smush-placeholder-aspect-ratio: 768\/1024;\" \/><\/figure>\n<\/figure>\n<\/div>\n<\/div>\n\n\n\n<h4 class=\"wp-block-heading\">Mar\u00eda Jes\u00fas Botana Vilar<\/h4>\n\n\n\n<div class=\"wp-block-columns is-layout-flex wp-container-core-columns-is-layout-9d6595d7 wp-block-columns-is-layout-flex\">\n<div class=\"wp-block-column is-layout-flow wp-block-column-is-layout-flow\" style=\"flex-basis:33.33%\">\n<figure class=\"wp-block-image size-full is-style-rounded\"><img decoding=\"async\" width=\"300\" height=\"300\" data-src=\"https:\/\/ciac.pt\/wp-content\/uploads\/2025\/09\/maria-jesus-botana-vilar.jpg\" alt=\"\" class=\"wp-image-12534 lazyload\" data-srcset=\"https:\/\/ciac.pt\/wp-content\/uploads\/2025\/09\/maria-jesus-botana-vilar.jpg 300w, https:\/\/ciac.pt\/wp-content\/uploads\/2025\/09\/maria-jesus-botana-vilar-150x150.jpg 150w\" data-sizes=\"(max-width: 300px) 100vw, 300px\" src=\"data:image\/svg+xml;base64,PHN2ZyB3aWR0aD0iMSIgaGVpZ2h0PSIxIiB4bWxucz0iaHR0cDovL3d3dy53My5vcmcvMjAwMC9zdmciPjwvc3ZnPg==\" style=\"--smush-placeholder-width: 300px; --smush-placeholder-aspect-ratio: 300\/300;\" \/><\/figure>\n<\/div>\n\n\n\n<div class=\"wp-block-column is-layout-flow wp-block-column-is-layout-flow\" style=\"flex-basis:66.66%\">\n<p><strong>Mar\u00eda Jes\u00fas Botana Vilar<\/strong> is a researcher and lecturer at the University of Algarve, where she coordinates the Galician Studies Center (CEG) and serves as director of the <em>Textos e Estudos<\/em> Collection, of which she is also the editor. She served as vice-president of the International Association of Galician Studies (AIEG, 2022\u20132024). She holds degrees in Galician-Portuguese Philology and Romance Philology from the University of Santiago de Compostela, and a PhD in Literature from the University of Algarve. She began her research career in the critical edition project of the <em>Cantigas de Louvor<\/em> by Alfonso X, developed at the Ram\u00f3n Pi\u00f1eiro Center for Research in Humanities (CIRP). Since then, she has focused part of her academic activity on the Middle Ages, with particular emphasis on medieval literature, language, and illumination. In recent years, she has organized and coordinated several internationally significant academic events, including the XIV International Congress of AIEG \u2013 <em>Horizons of Galician Studies in the Lusophone World<\/em>, in Braga, and the International Colloquium <em>Galicia-Portugal Crossings: Migratory and Cultural Networks.<\/em><\/p>\n\n\n\n<p><a href=\"https:\/\/ciac.pt\/membros\/maria-jesus-botana-vilar\/\">https:\/\/ciac.pt\/membros\/maria-jesus-botana-vilar\/<\/a><\/p>\n\n\n\n<figure class=\"wp-block-gallery has-nested-images columns-default is-cropped wp-block-gallery-11 is-layout-flex wp-block-gallery-is-layout-flex\">\n<figure class=\"wp-block-image size-large\"><img decoding=\"async\" width=\"1620\" height=\"1215\" data-id=\"12572\" data-src=\"https:\/\/ciac.pt\/wp-content\/uploads\/2025\/09\/slide-mjbv-1.jpg\" alt=\"\" class=\"wp-image-12572 lazyload\" data-srcset=\"https:\/\/ciac.pt\/wp-content\/uploads\/2025\/09\/slide-mjbv-1.jpg 1620w, https:\/\/ciac.pt\/wp-content\/uploads\/2025\/09\/slide-mjbv-1-300x225.jpg 300w\" data-sizes=\"(max-width: 1620px) 100vw, 1620px\" src=\"data:image\/svg+xml;base64,PHN2ZyB3aWR0aD0iMSIgaGVpZ2h0PSIxIiB4bWxucz0iaHR0cDovL3d3dy53My5vcmcvMjAwMC9zdmciPjwvc3ZnPg==\" style=\"--smush-placeholder-width: 1620px; --smush-placeholder-aspect-ratio: 1620\/1215;\" \/><\/figure>\n\n\n\n<figure class=\"wp-block-image size-large\"><img decoding=\"async\" width=\"1024\" height=\"768\" data-id=\"12573\" data-src=\"https:\/\/ciac.pt\/wp-content\/uploads\/2025\/09\/slide-mjbv-2-1024x768.jpg\" alt=\"\" class=\"wp-image-12573 lazyload\" data-srcset=\"https:\/\/ciac.pt\/wp-content\/uploads\/2025\/09\/slide-mjbv-2-1024x768.jpg 1024w, https:\/\/ciac.pt\/wp-content\/uploads\/2025\/09\/slide-mjbv-2-300x225.jpg 300w, https:\/\/ciac.pt\/wp-content\/uploads\/2025\/09\/slide-mjbv-2-768x576.jpg 768w, https:\/\/ciac.pt\/wp-content\/uploads\/2025\/09\/slide-mjbv-2.jpg 1620w\" data-sizes=\"(max-width: 1024px) 100vw, 1024px\" src=\"data:image\/svg+xml;base64,PHN2ZyB3aWR0aD0iMSIgaGVpZ2h0PSIxIiB4bWxucz0iaHR0cDovL3d3dy53My5vcmcvMjAwMC9zdmciPjwvc3ZnPg==\" style=\"--smush-placeholder-width: 1024px; --smush-placeholder-aspect-ratio: 1024\/768;\" \/><\/figure>\n\n\n\n<figure class=\"wp-block-image size-large\"><img decoding=\"async\" width=\"1024\" height=\"768\" data-id=\"12571\" data-src=\"https:\/\/ciac.pt\/wp-content\/uploads\/2025\/09\/slide-mjbv-3-1024x768.jpg\" alt=\"\" class=\"wp-image-12571 lazyload\" data-srcset=\"https:\/\/ciac.pt\/wp-content\/uploads\/2025\/09\/slide-mjbv-3-1024x768.jpg 1024w, https:\/\/ciac.pt\/wp-content\/uploads\/2025\/09\/slide-mjbv-3-300x225.jpg 300w, https:\/\/ciac.pt\/wp-content\/uploads\/2025\/09\/slide-mjbv-3-768x576.jpg 768w, https:\/\/ciac.pt\/wp-content\/uploads\/2025\/09\/slide-mjbv-3-1536x1152.jpg 1536w, https:\/\/ciac.pt\/wp-content\/uploads\/2025\/09\/slide-mjbv-3.jpg 1620w\" data-sizes=\"(max-width: 1024px) 100vw, 1024px\" src=\"data:image\/svg+xml;base64,PHN2ZyB3aWR0aD0iMSIgaGVpZ2h0PSIxIiB4bWxucz0iaHR0cDovL3d3dy53My5vcmcvMjAwMC9zdmciPjwvc3ZnPg==\" style=\"--smush-placeholder-width: 1024px; --smush-placeholder-aspect-ratio: 1024\/768;\" \/><\/figure>\n<\/figure>\n<\/div>\n<\/div>\n\n\n\n<h4 class=\"wp-block-heading\">Bruno Mendes da Silva<\/h4>\n\n\n\n<div class=\"wp-block-group\"><div class=\"wp-block-group__inner-container is-layout-constrained wp-block-group-is-layout-constrained\">\n<h2 class=\"wp-block-heading\">Closing performance LOCK-WORDS<\/h2>\n\n\n\n<div class=\"wp-block-columns is-layout-flex wp-container-core-columns-is-layout-9d6595d7 wp-block-columns-is-layout-flex\">\n<div class=\"wp-block-column is-layout-flow wp-block-column-is-layout-flow\" style=\"flex-basis:33.33%\">\n<p><strong>Leonardo Shamah<\/strong><\/p>\n<\/div>\n\n\n\n<div class=\"wp-block-column is-layout-flow wp-block-column-is-layout-flow\" style=\"flex-basis:66.66%\">\n<p><strong>December 05 | 17h30<br><\/strong>Anfitheatre 1.5<\/p>\n\n\n\n<p>The door, the acrobatics, the crossing, the samba, the eye, the camera obscura, the diaphragm, the hiatus, the mollusk, the exit. What is created in the movement of these images?<\/p>\n\n\n\n<p>In the new performance <em>Lock-Words<\/em>, the artist engages in perceiving the movements of creation by looking at the world. Like someone contemplating a landscape or inhabiting a house, he spirals through memories, everyday actions, and geographical displacements in order to be welcomed by the act of creating.<\/p>\n\n\n\n<p>Leonardo Shamah (<a href=\"https:\/\/www.instagram.com\/olhosenormes\">@olhosenormes<\/a>) (Recife, Brazil, 1981). Artist, professor, and theatre\/performance producer. His work involves writing, collage, and artistic walks. He is currently pursuing a PhD in Artistic Studies: Performing Arts at the University of Coimbra. He holds a Master\u2019s degree in Performing Arts from USP \u2013 University of S\u00e3o Paulo (with a CAPES ProEx scholarship). He completed a Postgraduate Program in Creative Processes at the University of the Algarve and participated in PACAP 5 (Advanced Program of Creation in Performing Arts) at F\u00f3rum Dan\u00e7a in Lisbon. He holds a Bachelor\u2019s degree in Performing Arts from UnB \u2013 University of Bras\u00edlia.<\/p>\n\n\n\n<p>Leonardo Shamah was a student in the first class of the Postgraduate Program in Creative Processes at the University of the Algarve.<\/p>\n\n\n\n<figure class=\"wp-block-gallery has-nested-images columns-default is-cropped wp-block-gallery-12 is-layout-flex wp-block-gallery-is-layout-flex\">\n<figure class=\"wp-block-image size-large\"><img decoding=\"async\" width=\"300\" height=\"300\" data-id=\"13187\" data-src=\"https:\/\/ciac.pt\/wp-content\/uploads\/2025\/12\/leonardo-shamah.jpg\" alt=\"\" class=\"wp-image-13187 lazyload\" data-srcset=\"https:\/\/ciac.pt\/wp-content\/uploads\/2025\/12\/leonardo-shamah.jpg 300w, https:\/\/ciac.pt\/wp-content\/uploads\/2025\/12\/leonardo-shamah-150x150.jpg 150w\" data-sizes=\"(max-width: 300px) 100vw, 300px\" src=\"data:image\/svg+xml;base64,PHN2ZyB3aWR0aD0iMSIgaGVpZ2h0PSIxIiB4bWxucz0iaHR0cDovL3d3dy53My5vcmcvMjAwMC9zdmciPjwvc3ZnPg==\" style=\"--smush-placeholder-width: 300px; --smush-placeholder-aspect-ratio: 300\/300;\" \/><\/figure>\n<\/figure>\n<\/div>\n<\/div>\n<\/div><\/div>\n\n\n\n<div class=\"wp-block-group\"><div class=\"wp-block-group__inner-container is-layout-constrained wp-block-group-is-layout-constrained\">\n<h2 class=\"wp-block-heading\">Exhibition \u2018Almost Work\u2019. <br>Ricardo Cruzes X Rui Vargas<\/h2>\n\n\n\n<div class=\"wp-block-columns is-layout-flex wp-container-core-columns-is-layout-9d6595d7 wp-block-columns-is-layout-flex\">\n<div class=\"wp-block-column is-layout-flow wp-block-column-is-layout-flow\" style=\"flex-basis:33.33%\"><\/div>\n\n\n\n<div class=\"wp-block-column is-layout-flow wp-block-column-is-layout-flow\"><\/div>\n\n\n\n<div class=\"wp-block-column is-layout-flow wp-block-column-is-layout-flow\" style=\"flex-basis:66.66%\">\n<p><strong>December 06  | 11h30<\/strong><br>Galeria Trem &#8211; Manuel Baptista. Rua do Trem, 5, 8000-149<\/p>\n\n\n\n<p><strong>Suggested visit:<\/strong> Historic Center of Faro<\/p>\n\n\n\n<p>In close alignment with the themes of the 2nd International Conference Creation Processes by CIAC, we suggest that those still in Faro on Saturday, December 6, at 11:30 AM, visit the exhibition \u2018Almost Work\u2019, by resident artists of LAC \u2013 Creative Activities Laboratory of Lagos, Ricardo Cruzes and Rui Vargas, at the Trem Gallery \u2013 Manuel Baptista, in Faro\u2019s historic center.<\/p>\n\n\n\n<p>In \u2018Almost Work\u2019, we inhabit the interval between being and becoming. The structures rehearse an appearance of stability, yet remain provisional. This suspended territory is proposed as a space of transition, where chance is placed at the center of the constructive process of these functionless forms. It is draft, rehearsal, attempt. Frames with museum glass contrast with what remains, what is left over. It stays unfinished. It stays almost. Work.<\/p>\n\n\n\n<p>Room sheet content: <a href=\"https:\/\/www.instagram.com\/miriannogueiratavares\">@miriannogueiratavares<\/a><\/p>\n\n\n\n<p><a href=\"https:\/\/www.instagram.com\/ricardo_cruzes\">@ricardo_cruzes<\/a> and <a href=\"https:\/\/www.instagram.com\/rui_vargas__\">@rui_vargas__<\/a> are resident artists at <a href=\"http:\/\/lac.org.pt\/\">http:\/\/lac.org.pt\/<\/a><\/p>\n\n\n\n<p>Promotion:<br>UALG FCHS \u2013 University of the Algarve<br>CIAC \u2013 Research Center in Arts and Communication<br>FCT \u2013 Foundation for Science and Technology<\/p>\n\n\n\n<p>Support:<br>Faro City Council<br>Faro Municipal Museum<br>Trem Municipal Gallery \u2013 Manuel Baptista<br>LAC \u2013 Creative Activities Laboratory<\/p>\n\n\n\n<p>This event is supported by national funds through the FCT \u2013 Foundation for Science and Technology, I.P., within the project UID\/04019\/2025 \u2013 CIAC.<\/p>\n\n\n\n<figure class=\"wp-block-gallery has-nested-images columns-default is-cropped wp-block-gallery-13 is-layout-flex wp-block-gallery-is-layout-flex\">\n<figure class=\"wp-block-image size-large\"><img decoding=\"async\" width=\"768\" height=\"1024\" data-id=\"13191\" data-src=\"https:\/\/ciac.pt\/wp-content\/uploads\/2025\/12\/quase-obra-768x1024.jpg\" alt=\"\" class=\"wp-image-13191 lazyload\" data-srcset=\"https:\/\/ciac.pt\/wp-content\/uploads\/2025\/12\/quase-obra-768x1024.jpg 768w, https:\/\/ciac.pt\/wp-content\/uploads\/2025\/12\/quase-obra-225x300.jpg 225w, https:\/\/ciac.pt\/wp-content\/uploads\/2025\/12\/quase-obra.jpg 1215w\" data-sizes=\"(max-width: 768px) 100vw, 768px\" src=\"data:image\/svg+xml;base64,PHN2ZyB3aWR0aD0iMSIgaGVpZ2h0PSIxIiB4bWxucz0iaHR0cDovL3d3dy53My5vcmcvMjAwMC9zdmciPjwvc3ZnPg==\" style=\"--smush-placeholder-width: 768px; --smush-placeholder-aspect-ratio: 768\/1024;\" \/><\/figure>\n<\/figure>\n<\/div>\n<\/div>\n<\/div><\/div>\n\n\n\n<div class=\"wp-block-columns is-layout-flex wp-container-core-columns-is-layout-9d6595d7 wp-block-columns-is-layout-flex\">\n<div class=\"wp-block-column is-layout-flow wp-block-column-is-layout-flow\" style=\"flex-basis:33.33%\">\n<figure class=\"wp-block-image size-full is-style-rounded\"><img decoding=\"async\" width=\"300\" height=\"300\" data-src=\"https:\/\/ciac.pt\/wp-content\/uploads\/2025\/09\/bruno-mendes-da-silva.jpg\" alt=\"\" class=\"wp-image-12536 lazyload\" data-srcset=\"https:\/\/ciac.pt\/wp-content\/uploads\/2025\/09\/bruno-mendes-da-silva.jpg 300w, https:\/\/ciac.pt\/wp-content\/uploads\/2025\/09\/bruno-mendes-da-silva-150x150.jpg 150w\" data-sizes=\"(max-width: 300px) 100vw, 300px\" src=\"data:image\/svg+xml;base64,PHN2ZyB3aWR0aD0iMSIgaGVpZ2h0PSIxIiB4bWxucz0iaHR0cDovL3d3dy53My5vcmcvMjAwMC9zdmciPjwvc3ZnPg==\" style=\"--smush-placeholder-width: 300px; --smush-placeholder-aspect-ratio: 300\/300;\" \/><\/figure>\n<\/div>\n\n\n\n<div class=\"wp-block-column is-layout-flow wp-block-column-is-layout-flow\" style=\"flex-basis:66.66%\">\n<p><strong>Bruno Mendes da Silva<\/strong> is a Full Professor and holds a postdoctoral degree in Communication, Culture, and Arts from the University of Algarve (UAlg). He earned his PhD in Literature and Cinema\/Comparative Literature\/Literature from UAlg, a postgraduate degree in Arts Management from the Institute of European Studies of Macau (IEEM), and a bachelor\u2019s degree in Film and Video from the Porto School of Art (ESAP).<\/p>\n\n\n\n<p>He is the Coordinator of the Research Centre for Arts and Communication (CIAC) and the President of the Scientific-Technical Council of the School of Education and Communication (ESEC) at UAlg. He is also a Visiting Professor at Saint Joseph University of Macau. He worked as a director and producer at Teledifus\u00e3o de Macau (TDM) and has participated by invitation in international video, digital media art, and film festivals, including FRESH (Thailand), Thinking Media (Korea), Dokanema (Mozambique), LOOP (Spain), Festival de La Imagen and Ecolog\u00edas Digitales (Colombia), The Script Road (China), and FILE (Brazil). He has participated in twenty-three (23) research projects (as lead researcher or research member) and is the author of numerous books, book chapters, and other scientific publications (approximately 130). He has been invited as a speaker in Portugal, Spain, France, Italy, Tunisia, Mozambique, Brazil, Colombia, Sri Lanka, Thailand, Vietnam, Korea, and China. He has supervised nine (9) doctoral theses. He is the Director of <em>Rotura \u2013 Journal of Communication, Culture and Arts<\/em> (Scopus) and previously coordinated the Working Group on Educational Technologies of Metared Portugal.&nbsp;<\/p>\n\n\n\n<p><a href=\"https:\/\/ciac.pt\/membros\/bruno-miguel-dos-santos-mendes-da-silva\/\">https:\/\/ciac.pt\/membros\/bruno-miguel-dos-santos-mendes-da-silva\/<\/a><\/p>\n\n\n\n<figure class=\"wp-block-gallery has-nested-images columns-default is-cropped wp-block-gallery-14 is-layout-flex wp-block-gallery-is-layout-flex\">\n<figure class=\"wp-block-image size-large\"><img decoding=\"async\" width=\"1024\" height=\"768\" data-id=\"12576\" data-src=\"https:\/\/ciac.pt\/wp-content\/uploads\/2025\/09\/slide-bmds-1-1024x768.jpg\" alt=\"\" class=\"wp-image-12576 lazyload\" data-srcset=\"https:\/\/ciac.pt\/wp-content\/uploads\/2025\/09\/slide-bmds-1-1024x768.jpg 1024w, https:\/\/ciac.pt\/wp-content\/uploads\/2025\/09\/slide-bmds-1-300x225.jpg 300w, https:\/\/ciac.pt\/wp-content\/uploads\/2025\/09\/slide-bmds-1-768x576.jpg 768w, https:\/\/ciac.pt\/wp-content\/uploads\/2025\/09\/slide-bmds-1-1536x1152.jpg 1536w, https:\/\/ciac.pt\/wp-content\/uploads\/2025\/09\/slide-bmds-1.jpg 1620w\" data-sizes=\"(max-width: 1024px) 100vw, 1024px\" src=\"data:image\/svg+xml;base64,PHN2ZyB3aWR0aD0iMSIgaGVpZ2h0PSIxIiB4bWxucz0iaHR0cDovL3d3dy53My5vcmcvMjAwMC9zdmciPjwvc3ZnPg==\" style=\"--smush-placeholder-width: 1024px; --smush-placeholder-aspect-ratio: 1024\/768;\" \/><\/figure>\n\n\n\n<figure class=\"wp-block-image size-large\"><img decoding=\"async\" width=\"1620\" height=\"1215\" data-id=\"12577\" data-src=\"https:\/\/ciac.pt\/wp-content\/uploads\/2025\/09\/slide-bmds-2.jpg\" alt=\"\" class=\"wp-image-12577 lazyload\" data-srcset=\"https:\/\/ciac.pt\/wp-content\/uploads\/2025\/09\/slide-bmds-2.jpg 1620w, https:\/\/ciac.pt\/wp-content\/uploads\/2025\/09\/slide-bmds-2-300x225.jpg 300w\" data-sizes=\"(max-width: 1620px) 100vw, 1620px\" src=\"data:image\/svg+xml;base64,PHN2ZyB3aWR0aD0iMSIgaGVpZ2h0PSIxIiB4bWxucz0iaHR0cDovL3d3dy53My5vcmcvMjAwMC9zdmciPjwvc3ZnPg==\" style=\"--smush-placeholder-width: 1620px; --smush-placeholder-aspect-ratio: 1620\/1215;\" \/><\/figure>\n\n\n\n<figure class=\"wp-block-image size-large\"><img decoding=\"async\" width=\"1024\" height=\"768\" data-id=\"12578\" data-src=\"https:\/\/ciac.pt\/wp-content\/uploads\/2025\/09\/slide-bmds-3-1024x768.jpg\" alt=\"\" class=\"wp-image-12578 lazyload\" data-srcset=\"https:\/\/ciac.pt\/wp-content\/uploads\/2025\/09\/slide-bmds-3-1024x768.jpg 1024w, https:\/\/ciac.pt\/wp-content\/uploads\/2025\/09\/slide-bmds-3-300x225.jpg 300w, https:\/\/ciac.pt\/wp-content\/uploads\/2025\/09\/slide-bmds-3-768x576.jpg 768w, https:\/\/ciac.pt\/wp-content\/uploads\/2025\/09\/slide-bmds-3-1536x1152.jpg 1536w, https:\/\/ciac.pt\/wp-content\/uploads\/2025\/09\/slide-bmds-3.jpg 1620w\" data-sizes=\"(max-width: 1024px) 100vw, 1024px\" src=\"data:image\/svg+xml;base64,PHN2ZyB3aWR0aD0iMSIgaGVpZ2h0PSIxIiB4bWxucz0iaHR0cDovL3d3dy53My5vcmcvMjAwMC9zdmciPjwvc3ZnPg==\" style=\"--smush-placeholder-width: 1024px; --smush-placeholder-aspect-ratio: 1024\/768;\" \/><\/figure>\n<\/figure>\n\n\n\n<figure class=\"wp-block-embed is-type-video is-provider-youtube wp-block-embed-youtube wp-embed-aspect-16-9 wp-has-aspect-ratio\"><div class=\"wp-block-embed__wrapper\">\n<iframe title=\"PROPS\" width=\"1400\" height=\"788\" data-src=\"https:\/\/www.youtube.com\/embed\/xU07kZP2cpw?feature=oembed\" frameborder=\"0\" allow=\"accelerometer; autoplay; clipboard-write; encrypted-media; gyroscope; picture-in-picture; web-share\" referrerpolicy=\"strict-origin-when-cross-origin\" allowfullscreen src=\"data:image\/svg+xml;base64,PHN2ZyB3aWR0aD0iMSIgaGVpZ2h0PSIxIiB4bWxucz0iaHR0cDovL3d3dy53My5vcmcvMjAwMC9zdmciPjwvc3ZnPg==\" class=\"lazyload\" data-load-mode=\"1\"><\/iframe>\n<\/div><\/figure>\n<\/div>\n<\/div>\n\n\n\n<hr class=\"wp-block-separator alignwide has-text-color has-alpha-channel-opacity has-background\" style=\"background-color:#54AF43;border-color:#54AF43;color:#54AF43\"\/>\n\n\n\n<h2 class=\"wp-block-heading\" id=\"organization\">Organization<\/h2>\n\n\n\n<div class=\"wp-block-columns is-layout-flex wp-container-core-columns-is-layout-9d6595d7 wp-block-columns-is-layout-flex\">\n<div class=\"wp-block-column is-layout-flow wp-block-column-is-layout-flow\">\n<p>CIAC \u2013 Research Center for Arts and Communication<\/p>\n\n\n\n<h4 class=\"wp-block-heading\">CIAC Coordination<\/h4>\n\n\n\n<ul class=\"wp-block-list\">\n<li>Bruno Mendes da Silva<\/li>\n\n\n\n<li>Mirian Tavares<\/li>\n<\/ul>\n\n\n\n<h4 class=\"wp-block-heading\">Co-organization<\/h4>\n\n\n\n<p>Creation Processes Research Group of Pontifical Catholic University of S\u00e3o Paulo (PUC-SP)<\/p>\n\n\n\n<h4 class=\"wp-block-heading\">Creation Processes Research Group of PUC-SP Coordination<\/h4>\n\n\n\n<ul class=\"wp-block-list\">\n<li>Cecilia Almeida Salles<\/li>\n<\/ul>\n\n\n\n<h4 class=\"wp-block-heading\">Conference President<\/h4>\n\n\n\n<p>Mirian Tavares<\/p>\n\n\n\n<h4 class=\"wp-block-heading\">Responsible Researcher<\/h4>\n\n\n\n<p>Patr\u00edcia Dourado<\/p>\n\n\n\n<h4 class=\"wp-block-heading\">Organizing Committee<\/h4>\n\n\n\n<ul class=\"wp-block-list\">\n<li>Patr\u00edcia Dourado (UAlg\/CIAC e PUC-SP, Portugal\/Brasil) (Coordination)<\/li>\n\n\n\n<li>Alexandre Alves Barata (UAlg\/CIAC, Portugal)<\/li>\n\n\n\n<li>Ana Clara Santos (UAlg\/CIAC, Portugal)<\/li>\n\n\n\n<li>Ana Isabel Soares (UAlg\/CIAC, Portugal)<\/li>\n\n\n\n<li>Camila Mangueira (UP\/FBAUP, Portugal)<\/li>\n\n\n\n<li>Cecilia Almeida Salles (PUC-SP, Brasil)<\/li>\n\n\n\n<li>Kenia Dias (UnB, Brasil)<\/li>\n\n\n\n<li>Mirian Tavares (UAlg\/CIAC, Portugal)<\/li>\n\n\n\n<li>Pedro Cabral Santo (UAlg\/CIAC, Portugal)<\/li>\n\n\n\n<li>Wagner de Miranda (PUC-SP, Brasil)<\/li>\n<\/ul>\n<\/div>\n\n\n\n<div class=\"wp-block-column is-layout-flow wp-block-column-is-layout-flow\">\n<h4 class=\"wp-block-heading\">Scientific Committee<\/h4>\n\n\n\n<ul class=\"wp-block-list\">\n<li>Alexandre Alves Barata (UAlg\/CIAC, Portugal)<\/li>\n\n\n\n<li>Ana Alexandra Carvalho (UAlg\/CIAC, Portugal)<\/li>\n\n\n\n<li>Ana Clara Santos (UAlg\/CIAC, Portugal)<\/li>\n\n\n\n<li>Ana Isabel Soares (UAlg\/CIAC, Portugal)<\/li>\n\n\n\n<li>Ana Filipa Cerol (UAlg\/CIAC, Portugal)<\/li>\n\n\n\n<li>Ant\u00f3nio Branco (UAlg\/CIAC, Portugal)<\/li>\n\n\n\n<li>Ant\u00f3nio Costa Valente (UAlg\/CIAC, Portugal)<\/li>\n\n\n\n<li>Bruno Mendes da Silva (UAlg\/CIAC, Portugal)<\/li>\n\n\n\n<li>Camila Mangueira (UP\/FBAUP, Portugal)<\/li>\n\n\n\n<li>Carina Infante (UAlg\/CIAC, Portugal)<\/li>\n\n\n\n<li>Cecilia Almeida Salles (PUC-SP, Brasil)<\/li>\n\n\n\n<li>Gabriela Borges (UAlg\/CIAC, Portugal)<\/li>\n\n\n\n<li>Jo\u00e3o Carlos Carvalho (UAlg\/CIAC, Portugal)<\/li>\n\n\n\n<li>Jo\u00e3o Paulo dos Reis e Cunha (UAlg\/CIAC, Portugal)<\/li>\n\n\n\n<li>Jorge Carrega (UAlg\/CIAC, Portugal)<\/li>\n\n\n\n<li>Kenia Dias (UNB, Brasil)&nbsp;<\/li>\n\n\n\n<li>Mirian Tavares (UAlg\/CIAC, Portugal)<\/li>\n\n\n\n<li>Patr\u00edcia Dourado (UAlg\/CIAC e PUC-SP, Portugal\/Brasil)<\/li>\n\n\n\n<li>Pedro Cabral Santo (UAlg\/CIAC, Portugal)<\/li>\n\n\n\n<li>Regina Gorzillo (PUC-SP, Brasil)<\/li>\n\n\n\n<li>Samir Cheida (PUC-SP | Belas Artes de S\u00e3o Paulo, Brasil)<\/li>\n\n\n\n<li>Susana Costa (UAlg\/CIAC, Portugal)<\/li>\n\n\n\n<li>Wagner de Miranda (PUC-SP, Brasil)<\/li>\n<\/ul>\n\n\n\n<h4 class=\"wp-block-heading\">Communication and Logistics Committee<\/h4>\n\n\n\n<ul class=\"wp-block-list\">\n<li>Jo\u00e3o Paulo dos Reis e Cunha (Coordination)<\/li>\n\n\n\n<li>Alexandre Martins<\/li>\n\n\n\n<li>Josu\u00e9 Soares Guedes<\/li>\n\n\n\n<li>Juan Manuel Escribano Loza<\/li>\n\n\n\n<li>L\u00edvia Santos Furtado<\/li>\n\n\n\n<li>Nicole Mestre Abreu<\/li>\n\n\n\n<li>Rita Cavaco Oliveira<\/li>\n<\/ul>\n\n\n\n<h4 class=\"wp-block-heading\">Visual Identity and Webmaster<\/h4>\n\n\n\n<ul class=\"wp-block-list\">\n<li>Juan Manuel Escribano Loza<\/li>\n<\/ul>\n\n\n\n<h4 class=\"wp-block-heading\">Photo and Video Coverage<\/h4>\n\n\n\n<ul class=\"wp-block-list\">\n<li>Jo\u00e3o Paulo dos Reis e Cunha<\/li>\n<\/ul>\n<\/div>\n<\/div>\n\n\n\n<hr class=\"wp-block-separator alignwide has-text-color has-alpha-channel-opacity has-background\" style=\"background-color:#44B9C0;border-color:#44B9C0;color:#44B9C0\"\/>\n\n\n\n<div class=\"wp-block-columns wp-embed-aspect-16-9 wp-has-aspect-ratio is-layout-flex wp-container-core-columns-is-layout-9d6595d7 wp-block-columns-is-layout-flex\">\n<div class=\"wp-block-column is-layout-flow wp-block-column-is-layout-flow\">\n<iframe data-src=\"https:\/\/www.google.com\/maps\/embed?pb=!1m17!1m12!1m3!1d3185.2826679035766!2d-7.924335724639342!3d37.02690605488817!2m3!1f0!2f0!3f0!3m2!1i1024!2i768!4f13.1!3m2!1m1!2zMzfCsDAxJzM2LjkiTiA3wrA1NScxOC4zIlc!5e0!3m2!1ses!2spt!4v1709811909920!5m2!1ses!2spt\" width=\"600\" height=\"450\" style=\"border:0;\" allowfullscreen=\"\" referrerpolicy=\"no-referrer-when-downgrade\" src=\"data:image\/svg+xml;base64,PHN2ZyB3aWR0aD0iMSIgaGVpZ2h0PSIxIiB4bWxucz0iaHR0cDovL3d3dy53My5vcmcvMjAwMC9zdmciPjwvc3ZnPg==\" class=\"lazyload\" data-load-mode=\"1\"><\/iframe>\n<\/div>\n\n\n\n<div class=\"wp-block-column is-layout-flow wp-block-column-is-layout-flow\">\n<p>Anfiteatros 1.5 (principal e pain\u00e9is), 1.3 e 0.4 (pain\u00e9is)<br\/>\r\nComplexo de Anfiteatros, Campus da Penha<\/p>\r\n<p>Sala 1.04 das Artes Visuais (workshop)<br \/>\r\nEdif\u00edcio da Engenharia Civil, Campus da Penha<\/p>\r\n<p>\r\nUniversidade do Algarve. Faro, Portugal<\/p>\n<\/div>\n<\/div>\n\n\n\n<div class=\"wp-block-columns wp-embed-aspect-16-9 wp-has-aspect-ratio is-layout-flex wp-container-core-columns-is-layout-9d6595d7 wp-block-columns-is-layout-flex\">\n<div class=\"wp-block-column is-layout-flow wp-block-column-is-layout-flow\">\n<figure class=\"wp-block-embed is-type-video is-provider-youtube wp-block-embed-youtube wp-embed-aspect-16-9 wp-has-aspect-ratio\"><div class=\"wp-block-embed__wrapper\">\n<iframe title=\"Faro City of Stars\" width=\"1400\" height=\"788\" data-src=\"https:\/\/www.youtube.com\/embed\/4xvaAHrLPGk?feature=oembed\" frameborder=\"0\" allow=\"accelerometer; autoplay; clipboard-write; encrypted-media; gyroscope; picture-in-picture; web-share\" referrerpolicy=\"strict-origin-when-cross-origin\" allowfullscreen src=\"data:image\/svg+xml;base64,PHN2ZyB3aWR0aD0iMSIgaGVpZ2h0PSIxIiB4bWxucz0iaHR0cDovL3d3dy53My5vcmcvMjAwMC9zdmciPjwvc3ZnPg==\" class=\"lazyload\" data-load-mode=\"1\"><\/iframe> \n<\/div><\/figure>\n<\/div>\n\n\n\n<div class=\"wp-block-column is-layout-flow wp-block-column-is-layout-flow\">\n<figure class=\"wp-block-embed is-type-video is-provider-youtube wp-block-embed-youtube wp-embed-aspect-16-9 wp-has-aspect-ratio\"><div class=\"wp-block-embed__wrapper\">\n<iframe title=\"CIAC - Centro de Investiga\u00e7\u00e3o em Artes e Comunica\u00e7\u00e3o - teaser\" width=\"1400\" height=\"788\" data-src=\"https:\/\/www.youtube.com\/embed\/7CVSaFUjoSo?feature=oembed\" frameborder=\"0\" allow=\"accelerometer; autoplay; clipboard-write; encrypted-media; gyroscope; picture-in-picture; web-share\" referrerpolicy=\"strict-origin-when-cross-origin\" allowfullscreen src=\"data:image\/svg+xml;base64,PHN2ZyB3aWR0aD0iMSIgaGVpZ2h0PSIxIiB4bWxucz0iaHR0cDovL3d3dy53My5vcmcvMjAwMC9zdmciPjwvc3ZnPg==\" class=\"lazyload\" data-load-mode=\"1\"><\/iframe>\n<\/div><\/figure>\n<\/div>\n<\/div>\n\n\n\n<div class=\"wp-block-columns is-layout-flex wp-container-core-columns-is-layout-9d6595d7 wp-block-columns-is-layout-flex\">\n<div class=\"wp-block-column is-layout-flow wp-block-column-is-layout-flow\">\n<figure class=\"wp-block-embed is-type-video is-provider-youtube wp-block-embed-youtube wp-embed-aspect-16-9 wp-has-aspect-ratio\"><div class=\"wp-block-embed__wrapper\">\n<iframe title=\"Grupo de Trabalho em Artes Visuais e Processos de Cria\u00e7\u00e3o do CIAC\" width=\"1400\" height=\"788\" data-src=\"https:\/\/www.youtube.com\/embed\/QEXhYnjD9GE?feature=oembed\" frameborder=\"0\" allow=\"accelerometer; autoplay; clipboard-write; encrypted-media; gyroscope; picture-in-picture; web-share\" referrerpolicy=\"strict-origin-when-cross-origin\" allowfullscreen src=\"data:image\/svg+xml;base64,PHN2ZyB3aWR0aD0iMSIgaGVpZ2h0PSIxIiB4bWxucz0iaHR0cDovL3d3dy53My5vcmcvMjAwMC9zdmciPjwvc3ZnPg==\" class=\"lazyload\" data-load-mode=\"1\"><\/iframe>\n<\/div><\/figure>\n<\/div>\n\n\n\n<div class=\"wp-block-column is-layout-flow wp-block-column-is-layout-flow\">\n<div class=\"wp-block-inblocks-image\"><div class=\"inblocks-instagram-media\"><div class=\"inblocks-instagram-inner alignnone\" style=\"width:320px;height:540px;border-style:none;border-width:0px;border-radius:0px;border-color:#FFFFFF\" title=\"Image\"><blockquote class=\"instagram-media\" data-instgrm-permalink=\"https:\/\/www.instagram.com\/conferencia.pdec?utm_source=ig_embed&amp;utm_campaign=loading\" data-instgrm-version=\"14\"><\/blockquote><script async src=\"\/\/www.instagram.com\/embed.js\"><\/script><\/div><\/div><\/div>\n<\/div>\n<\/div>\n\n\n\n<p>Useful information for your stay in Faro (<a href=\"https:\/\/ciac.pt\/wp-content\/uploads\/2025\/11\/Welcome-to-Faro.pdf\">link<\/a>).<\/p>\n\n\n\n<p>Where to eat (<a href=\"https:\/\/ciac.pt\/wp-content\/uploads\/2025\/11\/Onde-almocar-Campus-da-Penha.pdf\">link<\/a>).<\/p>\n\n\n\n<p><a href=\"https:\/\/ciac.pt\/wp-content\/uploads\/2025\/11\/Presentation-Template_ConferenciaPdeC2025.pptx\">Presentation template<\/a><\/p>\n\n\n\n<hr class=\"wp-block-separator alignwide has-text-color has-alpha-channel-opacity has-background\" style=\"background-color:#54AF43;border-color:#54AF43;color:#54AF43\"\/>\n\n\n\n<h3 class=\"wp-block-heading\">Organization<\/h3>\n\n\n\n<figure class=\"wp-block-image size-medium\"><img decoding=\"async\" data-src=\"https:\/\/ciac.pt\/wp-content\/uploads\/2024\/04\/organizam.svg\" alt=\"\" class=\"wp-image-6171 lazyload\" src=\"data:image\/svg+xml;base64,PHN2ZyB3aWR0aD0iMSIgaGVpZ2h0PSIxIiB4bWxucz0iaHR0cDovL3d3dy53My5vcmcvMjAwMC9zdmciPjwvc3ZnPg==\" \/><\/figure>\n\n\n\n<hr class=\"wp-block-separator has-text-color has-white-color has-alpha-channel-opacity has-white-background-color has-background is-style-wide\"\/>\n\n\n\n<figure class=\"wp-block-image size-full\"><img decoding=\"async\" data-src=\"https:\/\/ciac.pt\/wp-content\/uploads\/2025\/09\/organizam-2.svg\" alt=\"\" class=\"wp-image-11952 lazyload\" style=\"object-fit:cover\" src=\"data:image\/svg+xml;base64,PHN2ZyB3aWR0aD0iMSIgaGVpZ2h0PSIxIiB4bWxucz0iaHR0cDovL3d3dy53My5vcmcvMjAwMC9zdmciPjwvc3ZnPg==\" \/><\/figure>\n\n\n\n<h3 class=\"wp-block-heading\">Support<\/h3>\n\n\n\n<figure class=\"wp-block-image size-full\"><img decoding=\"async\" data-src=\"https:\/\/ciac.pt\/wp-content\/uploads\/2024\/07\/apoios-1.svg\" alt=\"\" class=\"wp-image-8193 lazyload\" style=\"object-fit:cover\" src=\"data:image\/svg+xml;base64,PHN2ZyB3aWR0aD0iMSIgaGVpZ2h0PSIxIiB4bWxucz0iaHR0cDovL3d3dy53My5vcmcvMjAwMC9zdmciPjwvc3ZnPg==\" \/><\/figure>\n\n\n\n<hr class=\"wp-block-separator has-text-color has-white-color has-alpha-channel-opacity has-white-background-color has-background is-style-wide\"\/>\n\n\n\n<figure class=\"wp-block-image size-full\"><img decoding=\"async\" data-src=\"https:\/\/ciac.pt\/wp-content\/uploads\/2025\/09\/apoios-2-1.svg\" alt=\"\" class=\"wp-image-11951 lazyload\" style=\"object-fit:cover\" src=\"data:image\/svg+xml;base64,PHN2ZyB3aWR0aD0iMSIgaGVpZ2h0PSIxIiB4bWxucz0iaHR0cDovL3d3dy53My5vcmcvMjAwMC9zdmciPjwvc3ZnPg==\" \/><\/figure>\n\n\n\n<hr class=\"wp-block-separator alignwide has-text-color has-alpha-channel-opacity has-background\" style=\"background-color:#ffffff;border-color:#ffffff;color:#ffffff\"\/>\n\n\n\n<p>This conference is financed by national funds through FCT \u2013 Funda\u00e7\u00e3o para a Ci\u00eancia e a Tecnologia, I.P., in the framework of projects \u00abUID\/04019\/2025 &#8211; CIAC\u00bb DOI: <a href=\"https:\/\/doi.org\/10.54499\/UID\/04019\/2025\">10.54499\/UID\/04019\/2025<\/a> and \u00abUID\/PRR\/04019\/2025\u00bb DOI: <a href=\"https:\/\/doi.org\/10.54499\/UID\/PRR\/04019\/2025\" target=\"_blank\" rel=\"noreferrer noopener\">10.54499\/UID\/PRR\/04019\/2025<\/a><\/p>\n\n\n\n\n\n\n\n<p><\/p>\n<style class=\"advgb-styles-renderer\">\n@media only screen and (max-width: 1024px) {\n   header.site-header { margin-bottom: 0 !important }\n}\ndiv.header-bottom.transition-down { padding-top: 0 }\n@media only screen and (max-width: 800px) {\nh1,h2,h3 {\nfont-size:1.5em;\n}\nh4,h5,h6 {\nfont-size:1.2em;\n}\n#organization { display:none !important }\n}\n<\/style>","protected":false},"excerpt":{"rendered":"<p>December 4-5th, 2025<\/p>\n","protected":false},"author":1,"featured_media":11788,"comment_status":"closed","ping_status":"closed","sticky":false,"template":"","format":"standard","meta":{"_eb_attr":"","inline_featured_image":false,"advgb_blocks_editor_width":"","advgb_blocks_columns_visual_guide":"","footnotes":"","_links_to":"","_links_to_target":""},"categories":[141],"tags":[],"class_list":["post-11914","post","type-post","status-publish","format-standard","has-post-thumbnail","hentry","category-event"],"yoast_head":"<!-- This site is optimized with the Yoast SEO plugin v27.4 - https:\/\/yoast.com\/product\/yoast-seo-wordpress\/ -->\n<title>Creation Processes Conference 2025 - CIAC<\/title>\n<meta name=\"description\" content=\"The CIAC International Creation Processes Conference is organized by the Working Group on Visual Arts and Creation Processes of the Research Centre in Arts and Communication (CIAC) at the University of Algarve.It results from the international collaboration between CIAC and the Creation Processes Research Group at PUC-SP, which in recent years have been developing several joint projects.The second edition of the Conference is dedicated to Interactions between Research and Creation and will take place on December 4 and 5 at the University of Algarve, Penha Campus, in Faro.\" \/>\n<meta name=\"robots\" content=\"index, follow, max-snippet:-1, max-image-preview:large, max-video-preview:-1\" \/>\n<link rel=\"canonical\" href=\"https:\/\/ciac.pt\/en\/event\/creation-processes-conference-2025\/\" \/>\n<meta property=\"og:locale\" content=\"en_US\" \/>\n<meta property=\"og:type\" content=\"article\" \/>\n<meta property=\"og:title\" content=\"Creation Processes Conference 2025 - CIAC\" \/>\n<meta property=\"og:description\" content=\"The CIAC International Creation Processes Conference is organized by the Working Group on Visual Arts and Creation Processes of the Research Centre in Arts and Communication (CIAC) at the University of Algarve.It results from the international collaboration between CIAC and the Creation Processes Research Group at PUC-SP, which in recent years have been developing several joint projects.The second edition of the Conference is dedicated to Interactions between Research and Creation and will take place on December 4 and 5 at the University of Algarve, Penha Campus, in Faro.\" \/>\n<meta property=\"og:url\" content=\"https:\/\/ciac.pt\/en\/event\/creation-processes-conference-2025\/\" \/>\n<meta property=\"og:site_name\" content=\"CIAC\" \/>\n<meta property=\"article:published_time\" content=\"2025-09-17T06:41:09+00:00\" \/>\n<meta property=\"article:modified_time\" content=\"2025-12-03T09:51:09+00:00\" \/>\n<meta property=\"og:image\" content=\"https:\/\/ciac.pt\/wp-content\/uploads\/2025\/09\/cpdc2025pt.jpg\" \/>\n\t<meta property=\"og:image:width\" content=\"1620\" \/>\n\t<meta property=\"og:image:height\" content=\"1215\" \/>\n\t<meta property=\"og:image:type\" content=\"image\/jpeg\" \/>\n<meta name=\"author\" content=\"webmaster\" \/>\n<meta name=\"twitter:card\" content=\"summary_large_image\" \/>\n<meta name=\"twitter:label1\" content=\"Written by\" \/>\n\t<meta name=\"twitter:data1\" content=\"webmaster\" \/>\n\t<meta name=\"twitter:label2\" content=\"Est. reading time\" \/>\n\t<meta name=\"twitter:data2\" content=\"41 minutes\" \/>\n<script type=\"application\/ld+json\" class=\"yoast-schema-graph\">{\"@context\":\"https:\\\/\\\/schema.org\",\"@graph\":[{\"@type\":\"Article\",\"@id\":\"https:\\\/\\\/ciac.pt\\\/en\\\/event\\\/creation-processes-conference-2025\\\/#article\",\"isPartOf\":{\"@id\":\"https:\\\/\\\/ciac.pt\\\/en\\\/event\\\/creation-processes-conference-2025\\\/\"},\"author\":{\"name\":\"webmaster\",\"@id\":\"https:\\\/\\\/ciac.pt\\\/en\\\/#\\\/schema\\\/person\\\/d6e2493431ce9cb2a44b9c1a48dcdf22\"},\"headline\":\"Creation Processes Conference 2025\",\"datePublished\":\"2025-09-17T06:41:09+00:00\",\"dateModified\":\"2025-12-03T09:51:09+00:00\",\"mainEntityOfPage\":{\"@id\":\"https:\\\/\\\/ciac.pt\\\/en\\\/event\\\/creation-processes-conference-2025\\\/\"},\"wordCount\":4582,\"publisher\":{\"@id\":\"https:\\\/\\\/ciac.pt\\\/en\\\/#organization\"},\"image\":{\"@id\":\"https:\\\/\\\/ciac.pt\\\/en\\\/event\\\/creation-processes-conference-2025\\\/#primaryimage\"},\"thumbnailUrl\":\"https:\\\/\\\/ciac.pt\\\/wp-content\\\/uploads\\\/2025\\\/09\\\/cpdc2025pt.jpg\",\"articleSection\":[\"Event\"],\"inLanguage\":\"en-US\"},{\"@type\":\"WebPage\",\"@id\":\"https:\\\/\\\/ciac.pt\\\/en\\\/event\\\/creation-processes-conference-2025\\\/\",\"url\":\"https:\\\/\\\/ciac.pt\\\/en\\\/event\\\/creation-processes-conference-2025\\\/\",\"name\":\"Creation Processes Conference 2025 - CIAC\",\"isPartOf\":{\"@id\":\"https:\\\/\\\/ciac.pt\\\/en\\\/#website\"},\"primaryImageOfPage\":{\"@id\":\"https:\\\/\\\/ciac.pt\\\/en\\\/event\\\/creation-processes-conference-2025\\\/#primaryimage\"},\"image\":{\"@id\":\"https:\\\/\\\/ciac.pt\\\/en\\\/event\\\/creation-processes-conference-2025\\\/#primaryimage\"},\"thumbnailUrl\":\"https:\\\/\\\/ciac.pt\\\/wp-content\\\/uploads\\\/2025\\\/09\\\/cpdc2025pt.jpg\",\"datePublished\":\"2025-09-17T06:41:09+00:00\",\"dateModified\":\"2025-12-03T09:51:09+00:00\",\"description\":\"The CIAC International Creation Processes Conference is organized by the Working Group on Visual Arts and Creation Processes of the Research Centre in Arts and Communication (CIAC) at the University of Algarve.It results from the international collaboration between CIAC and the Creation Processes Research Group at PUC-SP, which in recent years have been developing several joint projects.The second edition of the Conference is dedicated to Interactions between Research and Creation and will take place on December 4 and 5 at the University of Algarve, Penha Campus, in Faro.\",\"breadcrumb\":{\"@id\":\"https:\\\/\\\/ciac.pt\\\/en\\\/event\\\/creation-processes-conference-2025\\\/#breadcrumb\"},\"inLanguage\":\"en-US\",\"potentialAction\":[{\"@type\":\"ReadAction\",\"target\":[\"https:\\\/\\\/ciac.pt\\\/en\\\/event\\\/creation-processes-conference-2025\\\/\"]}]},{\"@type\":\"ImageObject\",\"inLanguage\":\"en-US\",\"@id\":\"https:\\\/\\\/ciac.pt\\\/en\\\/event\\\/creation-processes-conference-2025\\\/#primaryimage\",\"url\":\"https:\\\/\\\/ciac.pt\\\/wp-content\\\/uploads\\\/2025\\\/09\\\/cpdc2025pt.jpg\",\"contentUrl\":\"https:\\\/\\\/ciac.pt\\\/wp-content\\\/uploads\\\/2025\\\/09\\\/cpdc2025pt.jpg\",\"width\":1620,\"height\":1215},{\"@type\":\"BreadcrumbList\",\"@id\":\"https:\\\/\\\/ciac.pt\\\/en\\\/event\\\/creation-processes-conference-2025\\\/#breadcrumb\",\"itemListElement\":[{\"@type\":\"ListItem\",\"position\":1,\"name\":\"In\u00edcio\",\"item\":\"https:\\\/\\\/ciac.pt\\\/en\\\/\"},{\"@type\":\"ListItem\",\"position\":2,\"name\":\"Creation Processes Conference 2025\"}]},{\"@type\":\"WebSite\",\"@id\":\"https:\\\/\\\/ciac.pt\\\/en\\\/#website\",\"url\":\"https:\\\/\\\/ciac.pt\\\/en\\\/\",\"name\":\"CIAC\",\"description\":\"Centro de Investiga\u00e7\u00e3o em Artes e Comunica\u00e7\u00e3o\",\"publisher\":{\"@id\":\"https:\\\/\\\/ciac.pt\\\/en\\\/#organization\"},\"potentialAction\":[{\"@type\":\"SearchAction\",\"target\":{\"@type\":\"EntryPoint\",\"urlTemplate\":\"https:\\\/\\\/ciac.pt\\\/en\\\/?s={search_term_string}\"},\"query-input\":{\"@type\":\"PropertyValueSpecification\",\"valueRequired\":true,\"valueName\":\"search_term_string\"}}],\"inLanguage\":\"en-US\"},{\"@type\":\"Organization\",\"@id\":\"https:\\\/\\\/ciac.pt\\\/en\\\/#organization\",\"name\":\"CIAC\",\"url\":\"https:\\\/\\\/ciac.pt\\\/en\\\/\",\"logo\":{\"@type\":\"ImageObject\",\"inLanguage\":\"en-US\",\"@id\":\"https:\\\/\\\/ciac.pt\\\/en\\\/#\\\/schema\\\/logo\\\/image\\\/\",\"url\":\"https:\\\/\\\/ciac.pt\\\/wp-content\\\/uploads\\\/2022\\\/06\\\/logo.svg\",\"contentUrl\":\"https:\\\/\\\/ciac.pt\\\/wp-content\\\/uploads\\\/2022\\\/06\\\/logo.svg\",\"width\":184,\"height\":51,\"caption\":\"CIAC\"},\"image\":{\"@id\":\"https:\\\/\\\/ciac.pt\\\/en\\\/#\\\/schema\\\/logo\\\/image\\\/\"}},{\"@type\":\"Person\",\"@id\":\"https:\\\/\\\/ciac.pt\\\/en\\\/#\\\/schema\\\/person\\\/d6e2493431ce9cb2a44b9c1a48dcdf22\",\"name\":\"webmaster\",\"image\":{\"@type\":\"ImageObject\",\"inLanguage\":\"en-US\",\"@id\":\"https:\\\/\\\/secure.gravatar.com\\\/avatar\\\/4ef351d84fb3a91f19297e2b90dbe2c32d11868ce0fb67b2b84c961cffdfb009?s=96&d=mm&r=g\",\"url\":\"https:\\\/\\\/secure.gravatar.com\\\/avatar\\\/4ef351d84fb3a91f19297e2b90dbe2c32d11868ce0fb67b2b84c961cffdfb009?s=96&d=mm&r=g\",\"contentUrl\":\"https:\\\/\\\/secure.gravatar.com\\\/avatar\\\/4ef351d84fb3a91f19297e2b90dbe2c32d11868ce0fb67b2b84c961cffdfb009?s=96&d=mm&r=g\",\"caption\":\"webmaster\"},\"url\":\"https:\\\/\\\/ciac.pt\\\/en\\\/author\\\/webmaster\\\/\"}]}<\/script>\n<!-- \/ Yoast SEO plugin. -->","yoast_head_json":{"title":"Creation Processes Conference 2025 - CIAC","description":"The CIAC International Creation Processes Conference is organized by the Working Group on Visual Arts and Creation Processes of the Research Centre in Arts and Communication (CIAC) at the University of Algarve.It results from the international collaboration between CIAC and the Creation Processes Research Group at PUC-SP, which in recent years have been developing several joint projects.The second edition of the Conference is dedicated to Interactions between Research and Creation and will take place on December 4 and 5 at the University of Algarve, Penha Campus, in Faro.","robots":{"index":"index","follow":"follow","max-snippet":"max-snippet:-1","max-image-preview":"max-image-preview:large","max-video-preview":"max-video-preview:-1"},"canonical":"https:\/\/ciac.pt\/en\/event\/creation-processes-conference-2025\/","og_locale":"en_US","og_type":"article","og_title":"Creation Processes Conference 2025 - CIAC","og_description":"The CIAC International Creation Processes Conference is organized by the Working Group on Visual Arts and Creation Processes of the Research Centre in Arts and Communication (CIAC) at the University of Algarve.It results from the international collaboration between CIAC and the Creation Processes Research Group at PUC-SP, which in recent years have been developing several joint projects.The second edition of the Conference is dedicated to Interactions between Research and Creation and will take place on December 4 and 5 at the University of Algarve, Penha Campus, in Faro.","og_url":"https:\/\/ciac.pt\/en\/event\/creation-processes-conference-2025\/","og_site_name":"CIAC","article_published_time":"2025-09-17T06:41:09+00:00","article_modified_time":"2025-12-03T09:51:09+00:00","og_image":[{"width":1620,"height":1215,"url":"https:\/\/ciac.pt\/wp-content\/uploads\/2025\/09\/cpdc2025pt.jpg","type":"image\/jpeg"}],"author":"webmaster","twitter_card":"summary_large_image","twitter_misc":{"Written by":"webmaster","Est. reading time":"41 minutes"},"schema":{"@context":"https:\/\/schema.org","@graph":[{"@type":"Article","@id":"https:\/\/ciac.pt\/en\/event\/creation-processes-conference-2025\/#article","isPartOf":{"@id":"https:\/\/ciac.pt\/en\/event\/creation-processes-conference-2025\/"},"author":{"name":"webmaster","@id":"https:\/\/ciac.pt\/en\/#\/schema\/person\/d6e2493431ce9cb2a44b9c1a48dcdf22"},"headline":"Creation Processes Conference 2025","datePublished":"2025-09-17T06:41:09+00:00","dateModified":"2025-12-03T09:51:09+00:00","mainEntityOfPage":{"@id":"https:\/\/ciac.pt\/en\/event\/creation-processes-conference-2025\/"},"wordCount":4582,"publisher":{"@id":"https:\/\/ciac.pt\/en\/#organization"},"image":{"@id":"https:\/\/ciac.pt\/en\/event\/creation-processes-conference-2025\/#primaryimage"},"thumbnailUrl":"https:\/\/ciac.pt\/wp-content\/uploads\/2025\/09\/cpdc2025pt.jpg","articleSection":["Event"],"inLanguage":"en-US"},{"@type":"WebPage","@id":"https:\/\/ciac.pt\/en\/event\/creation-processes-conference-2025\/","url":"https:\/\/ciac.pt\/en\/event\/creation-processes-conference-2025\/","name":"Creation Processes Conference 2025 - CIAC","isPartOf":{"@id":"https:\/\/ciac.pt\/en\/#website"},"primaryImageOfPage":{"@id":"https:\/\/ciac.pt\/en\/event\/creation-processes-conference-2025\/#primaryimage"},"image":{"@id":"https:\/\/ciac.pt\/en\/event\/creation-processes-conference-2025\/#primaryimage"},"thumbnailUrl":"https:\/\/ciac.pt\/wp-content\/uploads\/2025\/09\/cpdc2025pt.jpg","datePublished":"2025-09-17T06:41:09+00:00","dateModified":"2025-12-03T09:51:09+00:00","description":"The CIAC International Creation Processes Conference is organized by the Working Group on Visual Arts and Creation Processes of the Research Centre in Arts and Communication (CIAC) at the University of Algarve.It results from the international collaboration between CIAC and the Creation Processes Research Group at PUC-SP, which in recent years have been developing several joint projects.The second edition of the Conference is dedicated to Interactions between Research and Creation and will take place on December 4 and 5 at the University of Algarve, Penha Campus, in Faro.","breadcrumb":{"@id":"https:\/\/ciac.pt\/en\/event\/creation-processes-conference-2025\/#breadcrumb"},"inLanguage":"en-US","potentialAction":[{"@type":"ReadAction","target":["https:\/\/ciac.pt\/en\/event\/creation-processes-conference-2025\/"]}]},{"@type":"ImageObject","inLanguage":"en-US","@id":"https:\/\/ciac.pt\/en\/event\/creation-processes-conference-2025\/#primaryimage","url":"https:\/\/ciac.pt\/wp-content\/uploads\/2025\/09\/cpdc2025pt.jpg","contentUrl":"https:\/\/ciac.pt\/wp-content\/uploads\/2025\/09\/cpdc2025pt.jpg","width":1620,"height":1215},{"@type":"BreadcrumbList","@id":"https:\/\/ciac.pt\/en\/event\/creation-processes-conference-2025\/#breadcrumb","itemListElement":[{"@type":"ListItem","position":1,"name":"In\u00edcio","item":"https:\/\/ciac.pt\/en\/"},{"@type":"ListItem","position":2,"name":"Creation Processes Conference 2025"}]},{"@type":"WebSite","@id":"https:\/\/ciac.pt\/en\/#website","url":"https:\/\/ciac.pt\/en\/","name":"CIAC","description":"Centro de Investiga\u00e7\u00e3o em Artes e Comunica\u00e7\u00e3o","publisher":{"@id":"https:\/\/ciac.pt\/en\/#organization"},"potentialAction":[{"@type":"SearchAction","target":{"@type":"EntryPoint","urlTemplate":"https:\/\/ciac.pt\/en\/?s={search_term_string}"},"query-input":{"@type":"PropertyValueSpecification","valueRequired":true,"valueName":"search_term_string"}}],"inLanguage":"en-US"},{"@type":"Organization","@id":"https:\/\/ciac.pt\/en\/#organization","name":"CIAC","url":"https:\/\/ciac.pt\/en\/","logo":{"@type":"ImageObject","inLanguage":"en-US","@id":"https:\/\/ciac.pt\/en\/#\/schema\/logo\/image\/","url":"https:\/\/ciac.pt\/wp-content\/uploads\/2022\/06\/logo.svg","contentUrl":"https:\/\/ciac.pt\/wp-content\/uploads\/2022\/06\/logo.svg","width":184,"height":51,"caption":"CIAC"},"image":{"@id":"https:\/\/ciac.pt\/en\/#\/schema\/logo\/image\/"}},{"@type":"Person","@id":"https:\/\/ciac.pt\/en\/#\/schema\/person\/d6e2493431ce9cb2a44b9c1a48dcdf22","name":"webmaster","image":{"@type":"ImageObject","inLanguage":"en-US","@id":"https:\/\/secure.gravatar.com\/avatar\/4ef351d84fb3a91f19297e2b90dbe2c32d11868ce0fb67b2b84c961cffdfb009?s=96&d=mm&r=g","url":"https:\/\/secure.gravatar.com\/avatar\/4ef351d84fb3a91f19297e2b90dbe2c32d11868ce0fb67b2b84c961cffdfb009?s=96&d=mm&r=g","contentUrl":"https:\/\/secure.gravatar.com\/avatar\/4ef351d84fb3a91f19297e2b90dbe2c32d11868ce0fb67b2b84c961cffdfb009?s=96&d=mm&r=g","caption":"webmaster"},"url":"https:\/\/ciac.pt\/en\/author\/webmaster\/"}]}},"author_meta":{"display_name":"webmaster","author_link":"https:\/\/ciac.pt\/en\/author\/webmaster\/"},"featured_img":"https:\/\/ciac.pt\/wp-content\/uploads\/2025\/09\/cpdc2025pt-300x225.jpg","coauthors":[],"tax_additional":{"categories":{"linked":["<a href=\"https:\/\/ciac.pt\/en\/.\/event\/\" class=\"advgb-post-tax-term\">Event<\/a>"],"unlinked":["<span class=\"advgb-post-tax-term\">Event<\/span>"]}},"comment_count":0,"relative_dates":{"created":"Posted 7 months ago","modified":"Updated 5 months ago"},"absolute_dates":{"created":"Posted on 17\/09\/2025","modified":"Updated on 03\/12\/2025"},"absolute_dates_time":{"created":"Posted on 17\/09\/2025 7:41","modified":"Updated on 03\/12\/2025 9:51"},"featured_img_caption":"","series_order":"","_links":{"self":[{"href":"https:\/\/ciac.pt\/en\/wp-json\/wp\/v2\/posts\/11914","targetHints":{"allow":["GET"]}}],"collection":[{"href":"https:\/\/ciac.pt\/en\/wp-json\/wp\/v2\/posts"}],"about":[{"href":"https:\/\/ciac.pt\/en\/wp-json\/wp\/v2\/types\/post"}],"author":[{"embeddable":true,"href":"https:\/\/ciac.pt\/en\/wp-json\/wp\/v2\/users\/1"}],"replies":[{"embeddable":true,"href":"https:\/\/ciac.pt\/en\/wp-json\/wp\/v2\/comments?post=11914"}],"version-history":[{"count":2,"href":"https:\/\/ciac.pt\/en\/wp-json\/wp\/v2\/posts\/11914\/revisions"}],"predecessor-version":[{"id":13235,"href":"https:\/\/ciac.pt\/en\/wp-json\/wp\/v2\/posts\/11914\/revisions\/13235"}],"wp:featuredmedia":[{"embeddable":true,"href":"https:\/\/ciac.pt\/en\/wp-json\/wp\/v2\/media\/11788"}],"wp:attachment":[{"href":"https:\/\/ciac.pt\/en\/wp-json\/wp\/v2\/media?parent=11914"}],"wp:term":[{"taxonomy":"category","embeddable":true,"href":"https:\/\/ciac.pt\/en\/wp-json\/wp\/v2\/categories?post=11914"},{"taxonomy":"post_tag","embeddable":true,"href":"https:\/\/ciac.pt\/en\/wp-json\/wp\/v2\/tags?post=11914"}],"curies":[{"name":"wp","href":"https:\/\/api.w.org\/{rel}","templated":true}]}}