{"id":12000,"date":"2025-09-11T17:19:58","date_gmt":"2025-09-11T16:19:58","guid":{"rendered":"https:\/\/ciac.pt\/?p=12000"},"modified":"2025-09-19T17:29:14","modified_gmt":"2025-09-19T16:29:14","slug":"pedro-alves-da-veiga-apresentara-seminario-sobre-temporalidade-performativa","status":"publish","type":"post","link":"https:\/\/ciac.pt\/en\/news\/pedro-alves-da-veiga-apresentara-seminario-sobre-temporalidade-performativa\/","title":{"rendered":"Pedro Alves da Veiga apresentar\u00e1 semin\u00e1rio sobre temporalidade performativa"},"content":{"rendered":"\n\n\n\n<figure class=\"wp-block-image size-large is-resized\"><img decoding=\"async\" width=\"1024\" height=\"1024\" data-src=\"https:\/\/ciac.pt\/wp-content\/uploads\/2025\/09\/image-1024x1024.jpg\" alt=\"\" class=\"wp-image-11870 lazyload\" style=\"--smush-placeholder-width: 1024px; --smush-placeholder-aspect-ratio: 1024\/1024;width:600px\" data-srcset=\"https:\/\/ciac.pt\/wp-content\/uploads\/2025\/09\/image-1024x1024.jpg 1024w, https:\/\/ciac.pt\/wp-content\/uploads\/2025\/09\/image-300x300.jpg 300w, https:\/\/ciac.pt\/wp-content\/uploads\/2025\/09\/image-150x150.jpg 150w, https:\/\/ciac.pt\/wp-content\/uploads\/2025\/09\/image-768x768.jpg 768w, https:\/\/ciac.pt\/wp-content\/uploads\/2025\/09\/image.jpg 1080w\" data-sizes=\"(max-width: 1024px) 100vw, 1024px\" src=\"data:image\/svg+xml;base64,PHN2ZyB3aWR0aD0iMSIgaGVpZ2h0PSIxIiB4bWxucz0iaHR0cDovL3d3dy53My5vcmcvMjAwMC9zdmciPjwvc3ZnPg==\" \/><\/figure>\n\n\n\n<h2 class=\"wp-block-heading\">Pedro Alves da Veiga to present seminar on performative temporality<\/h2>\n\n\n<div class=\"wp-block-post-date\"><time datetime=\"2025-09-11T17:19:58+01:00\">11\/09\/2025<\/time><\/div>\n\n\n<hr class=\"wp-block-separator has-alpha-channel-opacity\"\/>\n\n\n\n<p>Next Saturday, September 13, 2025, at 10:00 (BR)\/14:00 (PT), Pedro Alves da Veiga, researcher at CIAC, will deliver the seminar <em>\u201cPerformative Temporality: Generative Art as Poetics and Investigative Practice of Multimodal Memory\u201d<\/em>.<\/p>\n\n\n\n<p>Holding a PhD in Digital Media Art from the University of Algarve and Open University, Pedro Alves da Veiga is an artist, researcher, and assistant professor at Open University in Lisbon, where he also serves as Deputy Director of the PhD Program in Digital Media Art. In addition to being a member of CIAC (in partnership with the CIC \u2013 Communication, Image and Contemporaneity research group), he collaborates with ID+ (Research Institute in Design, Media and Culture) and takes part in projects at the intersection of art, science, and technology, as well as digital media art curatorship. His artistic practice includes assemblage, generative creative coding, and digital audiovisuals. He has exhibited his work in solo and group exhibitions in Portugal, Brazil, Spain, France, Italy, the Netherlands, Romania, Russia, China, South Korea, Thailand, and the USA.<\/p>\n\n\n\n<p>The event will take place online as part of the Advanced Seminars promoted by the Graduate Program in Communication and Languages (PPGCom) at Universidade Tuiuti do Paran\u00e1, in partnership with CIAC and the CIC research group, coordinated by Prof. Denize Ara\u00fajo.<\/p>\n\n\n\n<p>Access to the virtual room can be found (<a href=\"https:\/\/us02web.zoom.us\/j\/86830509974?pwd=q20lfvS2r8MDXePBdPAGqntRWYINKw.1\">here<\/a>).<\/p>\n\n\n\n<hr class=\"wp-block-separator has-alpha-channel-opacity\"\/>\n\n\n\n<p><\/p>\n","protected":false},"excerpt":{"rendered":"<p>Pedro Alves da Veiga to present seminar on performative temporality Next Saturday,<\/p>\n","protected":false},"author":3,"featured_media":11874,"comment_status":"closed","ping_status":"closed","sticky":false,"template":"","format":"standard","meta":{"_eb_attr":"","inline_featured_image":false,"advgb_blocks_editor_width":"","advgb_blocks_columns_visual_guide":"","footnotes":"","_links_to":"","_links_to_target":""},"categories":[61],"tags":[139],"class_list":["post-12000","post","type-post","status-publish","format-standard","has-post-thumbnail","hentry","category-news","tag-dissemination"],"yoast_head":"<!-- This site is optimized with the Yoast SEO plugin v27.4 - https:\/\/yoast.com\/product\/yoast-seo-wordpress\/ -->\n<title>Pedro Alves da Veiga apresentar\u00e1 semin\u00e1rio sobre temporalidade performativa - CIAC<\/title>\n<meta name=\"robots\" content=\"index, follow, max-snippet:-1, max-image-preview:large, max-video-preview:-1\" \/>\n<link rel=\"canonical\" href=\"https:\/\/ciac.pt\/en\/news\/pedro-alves-da-veiga-apresentara-seminario-sobre-temporalidade-performativa\/\" \/>\n<meta property=\"og:locale\" content=\"en_US\" \/>\n<meta property=\"og:type\" content=\"article\" \/>\n<meta property=\"og:title\" content=\"Pedro Alves da Veiga apresentar\u00e1 semin\u00e1rio sobre temporalidade performativa - CIAC\" \/>\n<meta property=\"og:description\" content=\"Pedro Alves da Veiga to present seminar on performative temporality Next Saturday,\" \/>\n<meta property=\"og:url\" content=\"https:\/\/ciac.pt\/en\/news\/pedro-alves-da-veiga-apresentara-seminario-sobre-temporalidade-performativa\/\" \/>\n<meta property=\"og:site_name\" content=\"CIAC\" \/>\n<meta property=\"article:published_time\" content=\"2025-09-11T16:19:58+00:00\" \/>\n<meta property=\"article:modified_time\" content=\"2025-09-19T16:29:14+00:00\" \/>\n<meta property=\"og:image\" content=\"https:\/\/ciac.pt\/wp-content\/uploads\/2025\/09\/Untitled-1.jpg\" \/>\n\t<meta property=\"og:image:width\" content=\"1620\" \/>\n\t<meta property=\"og:image:height\" content=\"1215\" \/>\n\t<meta property=\"og:image:type\" content=\"image\/jpeg\" \/>\n<meta name=\"author\" content=\"editor1\" \/>\n<meta name=\"twitter:card\" content=\"summary_large_image\" \/>\n<meta name=\"twitter:label1\" content=\"Written by\" \/>\n\t<meta name=\"twitter:data1\" content=\"editor1\" \/>\n\t<meta name=\"twitter:label2\" content=\"Est. reading time\" \/>\n\t<meta name=\"twitter:data2\" content=\"1 minute\" \/>\n<script type=\"application\/ld+json\" class=\"yoast-schema-graph\">{\"@context\":\"https:\\\/\\\/schema.org\",\"@graph\":[{\"@type\":\"Article\",\"@id\":\"https:\\\/\\\/ciac.pt\\\/en\\\/news\\\/pedro-alves-da-veiga-apresentara-seminario-sobre-temporalidade-performativa\\\/#article\",\"isPartOf\":{\"@id\":\"https:\\\/\\\/ciac.pt\\\/en\\\/news\\\/pedro-alves-da-veiga-apresentara-seminario-sobre-temporalidade-performativa\\\/\"},\"author\":{\"name\":\"editor1\",\"@id\":\"https:\\\/\\\/ciac.pt\\\/en\\\/#\\\/schema\\\/person\\\/3def46b976d3f4c0cdcf7c417cb570be\"},\"headline\":\"Pedro Alves da Veiga apresentar\u00e1 semin\u00e1rio sobre temporalidade performativa\",\"datePublished\":\"2025-09-11T16:19:58+00:00\",\"dateModified\":\"2025-09-19T16:29:14+00:00\",\"mainEntityOfPage\":{\"@id\":\"https:\\\/\\\/ciac.pt\\\/en\\\/news\\\/pedro-alves-da-veiga-apresentara-seminario-sobre-temporalidade-performativa\\\/\"},\"wordCount\":237,\"publisher\":{\"@id\":\"https:\\\/\\\/ciac.pt\\\/en\\\/#organization\"},\"image\":{\"@id\":\"https:\\\/\\\/ciac.pt\\\/en\\\/news\\\/pedro-alves-da-veiga-apresentara-seminario-sobre-temporalidade-performativa\\\/#primaryimage\"},\"thumbnailUrl\":\"https:\\\/\\\/ciac.pt\\\/wp-content\\\/uploads\\\/2025\\\/09\\\/Untitled-1.jpg\",\"keywords\":[\"Dissemination\"],\"articleSection\":[\"News\"],\"inLanguage\":\"en-US\"},{\"@type\":\"WebPage\",\"@id\":\"https:\\\/\\\/ciac.pt\\\/en\\\/news\\\/pedro-alves-da-veiga-apresentara-seminario-sobre-temporalidade-performativa\\\/\",\"url\":\"https:\\\/\\\/ciac.pt\\\/en\\\/news\\\/pedro-alves-da-veiga-apresentara-seminario-sobre-temporalidade-performativa\\\/\",\"name\":\"Pedro Alves da Veiga apresentar\u00e1 semin\u00e1rio sobre temporalidade performativa - CIAC\",\"isPartOf\":{\"@id\":\"https:\\\/\\\/ciac.pt\\\/en\\\/#website\"},\"primaryImageOfPage\":{\"@id\":\"https:\\\/\\\/ciac.pt\\\/en\\\/news\\\/pedro-alves-da-veiga-apresentara-seminario-sobre-temporalidade-performativa\\\/#primaryimage\"},\"image\":{\"@id\":\"https:\\\/\\\/ciac.pt\\\/en\\\/news\\\/pedro-alves-da-veiga-apresentara-seminario-sobre-temporalidade-performativa\\\/#primaryimage\"},\"thumbnailUrl\":\"https:\\\/\\\/ciac.pt\\\/wp-content\\\/uploads\\\/2025\\\/09\\\/Untitled-1.jpg\",\"datePublished\":\"2025-09-11T16:19:58+00:00\",\"dateModified\":\"2025-09-19T16:29:14+00:00\",\"breadcrumb\":{\"@id\":\"https:\\\/\\\/ciac.pt\\\/en\\\/news\\\/pedro-alves-da-veiga-apresentara-seminario-sobre-temporalidade-performativa\\\/#breadcrumb\"},\"inLanguage\":\"en-US\",\"potentialAction\":[{\"@type\":\"ReadAction\",\"target\":[\"https:\\\/\\\/ciac.pt\\\/en\\\/news\\\/pedro-alves-da-veiga-apresentara-seminario-sobre-temporalidade-performativa\\\/\"]}]},{\"@type\":\"ImageObject\",\"inLanguage\":\"en-US\",\"@id\":\"https:\\\/\\\/ciac.pt\\\/en\\\/news\\\/pedro-alves-da-veiga-apresentara-seminario-sobre-temporalidade-performativa\\\/#primaryimage\",\"url\":\"https:\\\/\\\/ciac.pt\\\/wp-content\\\/uploads\\\/2025\\\/09\\\/Untitled-1.jpg\",\"contentUrl\":\"https:\\\/\\\/ciac.pt\\\/wp-content\\\/uploads\\\/2025\\\/09\\\/Untitled-1.jpg\",\"width\":1620,\"height\":1215},{\"@type\":\"BreadcrumbList\",\"@id\":\"https:\\\/\\\/ciac.pt\\\/en\\\/news\\\/pedro-alves-da-veiga-apresentara-seminario-sobre-temporalidade-performativa\\\/#breadcrumb\",\"itemListElement\":[{\"@type\":\"ListItem\",\"position\":1,\"name\":\"In\u00edcio\",\"item\":\"https:\\\/\\\/ciac.pt\\\/en\\\/\"},{\"@type\":\"ListItem\",\"position\":2,\"name\":\"Pedro Alves da Veiga apresentar\u00e1 semin\u00e1rio sobre temporalidade performativa\"}]},{\"@type\":\"WebSite\",\"@id\":\"https:\\\/\\\/ciac.pt\\\/en\\\/#website\",\"url\":\"https:\\\/\\\/ciac.pt\\\/en\\\/\",\"name\":\"CIAC\",\"description\":\"Centro de Investiga\u00e7\u00e3o em Artes e Comunica\u00e7\u00e3o\",\"publisher\":{\"@id\":\"https:\\\/\\\/ciac.pt\\\/en\\\/#organization\"},\"potentialAction\":[{\"@type\":\"SearchAction\",\"target\":{\"@type\":\"EntryPoint\",\"urlTemplate\":\"https:\\\/\\\/ciac.pt\\\/en\\\/?s={search_term_string}\"},\"query-input\":{\"@type\":\"PropertyValueSpecification\",\"valueRequired\":true,\"valueName\":\"search_term_string\"}}],\"inLanguage\":\"en-US\"},{\"@type\":\"Organization\",\"@id\":\"https:\\\/\\\/ciac.pt\\\/en\\\/#organization\",\"name\":\"CIAC\",\"url\":\"https:\\\/\\\/ciac.pt\\\/en\\\/\",\"logo\":{\"@type\":\"ImageObject\",\"inLanguage\":\"en-US\",\"@id\":\"https:\\\/\\\/ciac.pt\\\/en\\\/#\\\/schema\\\/logo\\\/image\\\/\",\"url\":\"https:\\\/\\\/ciac.pt\\\/wp-content\\\/uploads\\\/2022\\\/06\\\/logo.svg\",\"contentUrl\":\"https:\\\/\\\/ciac.pt\\\/wp-content\\\/uploads\\\/2022\\\/06\\\/logo.svg\",\"width\":184,\"height\":51,\"caption\":\"CIAC\"},\"image\":{\"@id\":\"https:\\\/\\\/ciac.pt\\\/en\\\/#\\\/schema\\\/logo\\\/image\\\/\"}},{\"@type\":\"Person\",\"@id\":\"https:\\\/\\\/ciac.pt\\\/en\\\/#\\\/schema\\\/person\\\/3def46b976d3f4c0cdcf7c417cb570be\",\"name\":\"editor1\",\"image\":{\"@type\":\"ImageObject\",\"inLanguage\":\"en-US\",\"@id\":\"https:\\\/\\\/secure.gravatar.com\\\/avatar\\\/4d8eb3157f61df03731fd8bf031b56d1d9241759e8f8c07d4d7e51d2f858c821?s=96&d=mm&r=g\",\"url\":\"https:\\\/\\\/secure.gravatar.com\\\/avatar\\\/4d8eb3157f61df03731fd8bf031b56d1d9241759e8f8c07d4d7e51d2f858c821?s=96&d=mm&r=g\",\"contentUrl\":\"https:\\\/\\\/secure.gravatar.com\\\/avatar\\\/4d8eb3157f61df03731fd8bf031b56d1d9241759e8f8c07d4d7e51d2f858c821?s=96&d=mm&r=g\",\"caption\":\"editor1\"},\"url\":\"https:\\\/\\\/ciac.pt\\\/en\\\/author\\\/editor1\\\/\"}]}<\/script>\n<!-- \/ Yoast SEO plugin. -->","yoast_head_json":{"title":"Pedro Alves da Veiga apresentar\u00e1 semin\u00e1rio sobre temporalidade performativa - CIAC","robots":{"index":"index","follow":"follow","max-snippet":"max-snippet:-1","max-image-preview":"max-image-preview:large","max-video-preview":"max-video-preview:-1"},"canonical":"https:\/\/ciac.pt\/en\/news\/pedro-alves-da-veiga-apresentara-seminario-sobre-temporalidade-performativa\/","og_locale":"en_US","og_type":"article","og_title":"Pedro Alves da Veiga apresentar\u00e1 semin\u00e1rio sobre temporalidade performativa - CIAC","og_description":"Pedro Alves da Veiga to present seminar on performative temporality Next Saturday,","og_url":"https:\/\/ciac.pt\/en\/news\/pedro-alves-da-veiga-apresentara-seminario-sobre-temporalidade-performativa\/","og_site_name":"CIAC","article_published_time":"2025-09-11T16:19:58+00:00","article_modified_time":"2025-09-19T16:29:14+00:00","og_image":[{"width":1620,"height":1215,"url":"https:\/\/ciac.pt\/wp-content\/uploads\/2025\/09\/Untitled-1.jpg","type":"image\/jpeg"}],"author":"editor1","twitter_card":"summary_large_image","twitter_misc":{"Written by":"editor1","Est. reading time":"1 minute"},"schema":{"@context":"https:\/\/schema.org","@graph":[{"@type":"Article","@id":"https:\/\/ciac.pt\/en\/news\/pedro-alves-da-veiga-apresentara-seminario-sobre-temporalidade-performativa\/#article","isPartOf":{"@id":"https:\/\/ciac.pt\/en\/news\/pedro-alves-da-veiga-apresentara-seminario-sobre-temporalidade-performativa\/"},"author":{"name":"editor1","@id":"https:\/\/ciac.pt\/en\/#\/schema\/person\/3def46b976d3f4c0cdcf7c417cb570be"},"headline":"Pedro Alves da Veiga apresentar\u00e1 semin\u00e1rio sobre temporalidade performativa","datePublished":"2025-09-11T16:19:58+00:00","dateModified":"2025-09-19T16:29:14+00:00","mainEntityOfPage":{"@id":"https:\/\/ciac.pt\/en\/news\/pedro-alves-da-veiga-apresentara-seminario-sobre-temporalidade-performativa\/"},"wordCount":237,"publisher":{"@id":"https:\/\/ciac.pt\/en\/#organization"},"image":{"@id":"https:\/\/ciac.pt\/en\/news\/pedro-alves-da-veiga-apresentara-seminario-sobre-temporalidade-performativa\/#primaryimage"},"thumbnailUrl":"https:\/\/ciac.pt\/wp-content\/uploads\/2025\/09\/Untitled-1.jpg","keywords":["Dissemination"],"articleSection":["News"],"inLanguage":"en-US"},{"@type":"WebPage","@id":"https:\/\/ciac.pt\/en\/news\/pedro-alves-da-veiga-apresentara-seminario-sobre-temporalidade-performativa\/","url":"https:\/\/ciac.pt\/en\/news\/pedro-alves-da-veiga-apresentara-seminario-sobre-temporalidade-performativa\/","name":"Pedro Alves da Veiga apresentar\u00e1 semin\u00e1rio sobre temporalidade performativa - CIAC","isPartOf":{"@id":"https:\/\/ciac.pt\/en\/#website"},"primaryImageOfPage":{"@id":"https:\/\/ciac.pt\/en\/news\/pedro-alves-da-veiga-apresentara-seminario-sobre-temporalidade-performativa\/#primaryimage"},"image":{"@id":"https:\/\/ciac.pt\/en\/news\/pedro-alves-da-veiga-apresentara-seminario-sobre-temporalidade-performativa\/#primaryimage"},"thumbnailUrl":"https:\/\/ciac.pt\/wp-content\/uploads\/2025\/09\/Untitled-1.jpg","datePublished":"2025-09-11T16:19:58+00:00","dateModified":"2025-09-19T16:29:14+00:00","breadcrumb":{"@id":"https:\/\/ciac.pt\/en\/news\/pedro-alves-da-veiga-apresentara-seminario-sobre-temporalidade-performativa\/#breadcrumb"},"inLanguage":"en-US","potentialAction":[{"@type":"ReadAction","target":["https:\/\/ciac.pt\/en\/news\/pedro-alves-da-veiga-apresentara-seminario-sobre-temporalidade-performativa\/"]}]},{"@type":"ImageObject","inLanguage":"en-US","@id":"https:\/\/ciac.pt\/en\/news\/pedro-alves-da-veiga-apresentara-seminario-sobre-temporalidade-performativa\/#primaryimage","url":"https:\/\/ciac.pt\/wp-content\/uploads\/2025\/09\/Untitled-1.jpg","contentUrl":"https:\/\/ciac.pt\/wp-content\/uploads\/2025\/09\/Untitled-1.jpg","width":1620,"height":1215},{"@type":"BreadcrumbList","@id":"https:\/\/ciac.pt\/en\/news\/pedro-alves-da-veiga-apresentara-seminario-sobre-temporalidade-performativa\/#breadcrumb","itemListElement":[{"@type":"ListItem","position":1,"name":"In\u00edcio","item":"https:\/\/ciac.pt\/en\/"},{"@type":"ListItem","position":2,"name":"Pedro Alves da Veiga apresentar\u00e1 semin\u00e1rio sobre temporalidade performativa"}]},{"@type":"WebSite","@id":"https:\/\/ciac.pt\/en\/#website","url":"https:\/\/ciac.pt\/en\/","name":"CIAC","description":"Centro de Investiga\u00e7\u00e3o em Artes e Comunica\u00e7\u00e3o","publisher":{"@id":"https:\/\/ciac.pt\/en\/#organization"},"potentialAction":[{"@type":"SearchAction","target":{"@type":"EntryPoint","urlTemplate":"https:\/\/ciac.pt\/en\/?s={search_term_string}"},"query-input":{"@type":"PropertyValueSpecification","valueRequired":true,"valueName":"search_term_string"}}],"inLanguage":"en-US"},{"@type":"Organization","@id":"https:\/\/ciac.pt\/en\/#organization","name":"CIAC","url":"https:\/\/ciac.pt\/en\/","logo":{"@type":"ImageObject","inLanguage":"en-US","@id":"https:\/\/ciac.pt\/en\/#\/schema\/logo\/image\/","url":"https:\/\/ciac.pt\/wp-content\/uploads\/2022\/06\/logo.svg","contentUrl":"https:\/\/ciac.pt\/wp-content\/uploads\/2022\/06\/logo.svg","width":184,"height":51,"caption":"CIAC"},"image":{"@id":"https:\/\/ciac.pt\/en\/#\/schema\/logo\/image\/"}},{"@type":"Person","@id":"https:\/\/ciac.pt\/en\/#\/schema\/person\/3def46b976d3f4c0cdcf7c417cb570be","name":"editor1","image":{"@type":"ImageObject","inLanguage":"en-US","@id":"https:\/\/secure.gravatar.com\/avatar\/4d8eb3157f61df03731fd8bf031b56d1d9241759e8f8c07d4d7e51d2f858c821?s=96&d=mm&r=g","url":"https:\/\/secure.gravatar.com\/avatar\/4d8eb3157f61df03731fd8bf031b56d1d9241759e8f8c07d4d7e51d2f858c821?s=96&d=mm&r=g","contentUrl":"https:\/\/secure.gravatar.com\/avatar\/4d8eb3157f61df03731fd8bf031b56d1d9241759e8f8c07d4d7e51d2f858c821?s=96&d=mm&r=g","caption":"editor1"},"url":"https:\/\/ciac.pt\/en\/author\/editor1\/"}]}},"author_meta":{"display_name":"editor1","author_link":"https:\/\/ciac.pt\/en\/author\/editor1\/"},"featured_img":"https:\/\/ciac.pt\/wp-content\/uploads\/2025\/09\/Untitled-1-300x225.jpg","coauthors":[],"tax_additional":{"categories":{"linked":["<a href=\"https:\/\/ciac.pt\/en\/.\/news\/\" class=\"advgb-post-tax-term\">News<\/a>"],"unlinked":["<span class=\"advgb-post-tax-term\">News<\/span>"]},"tags":{"linked":["<a href=\"https:\/\/ciac.pt\/en\/.\/news\/\" class=\"advgb-post-tax-term\">Dissemination<\/a>"],"unlinked":["<span class=\"advgb-post-tax-term\">Dissemination<\/span>"]}},"comment_count":0,"relative_dates":{"created":"Posted 8 months ago","modified":"Updated 7 months ago"},"absolute_dates":{"created":"Posted on 11\/09\/2025","modified":"Updated on 19\/09\/2025"},"absolute_dates_time":{"created":"Posted on 11\/09\/2025 17:19","modified":"Updated on 19\/09\/2025 17:29"},"featured_img_caption":"","series_order":"","_links":{"self":[{"href":"https:\/\/ciac.pt\/en\/wp-json\/wp\/v2\/posts\/12000","targetHints":{"allow":["GET"]}}],"collection":[{"href":"https:\/\/ciac.pt\/en\/wp-json\/wp\/v2\/posts"}],"about":[{"href":"https:\/\/ciac.pt\/en\/wp-json\/wp\/v2\/types\/post"}],"author":[{"embeddable":true,"href":"https:\/\/ciac.pt\/en\/wp-json\/wp\/v2\/users\/3"}],"replies":[{"embeddable":true,"href":"https:\/\/ciac.pt\/en\/wp-json\/wp\/v2\/comments?post=12000"}],"version-history":[{"count":1,"href":"https:\/\/ciac.pt\/en\/wp-json\/wp\/v2\/posts\/12000\/revisions"}],"predecessor-version":[{"id":12001,"href":"https:\/\/ciac.pt\/en\/wp-json\/wp\/v2\/posts\/12000\/revisions\/12001"}],"wp:featuredmedia":[{"embeddable":true,"href":"https:\/\/ciac.pt\/en\/wp-json\/wp\/v2\/media\/11874"}],"wp:attachment":[{"href":"https:\/\/ciac.pt\/en\/wp-json\/wp\/v2\/media?parent=12000"}],"wp:term":[{"taxonomy":"category","embeddable":true,"href":"https:\/\/ciac.pt\/en\/wp-json\/wp\/v2\/categories?post=12000"},{"taxonomy":"post_tag","embeddable":true,"href":"https:\/\/ciac.pt\/en\/wp-json\/wp\/v2\/tags?post=12000"}],"curies":[{"name":"wp","href":"https:\/\/api.w.org\/{rel}","templated":true}]}}