{"id":12004,"date":"2025-05-21T17:37:00","date_gmt":"2025-05-21T16:37:00","guid":{"rendered":"https:\/\/ciac.pt\/?p=12004"},"modified":"2025-09-29T16:02:21","modified_gmt":"2025-09-29T15:02:21","slug":"ciac-co-organizes-the-14th-annual-meeting-and-international-conference-of-aim","status":"publish","type":"post","link":"https:\/\/ciac.pt\/en\/news\/ciac-co-organizes-the-14th-annual-meeting-and-international-conference-of-aim\/","title":{"rendered":"CIAC co-organizes the 14th Annual Meeting and International Conference of AIM"},"content":{"rendered":"\n<div class=\"wp-block-group alignwide\"><div class=\"wp-block-group__inner-container is-layout-constrained wp-block-group-is-layout-constrained\">\n\n\n\n\n<figure class=\"wp-block-image size-large is-resized\"><a href=\"https:\/\/ciac.pt\/wp-content\/uploads\/2025\/05\/2025-05-15_banner_ENCONTRO8-1-scaled.jpg\"><img decoding=\"async\" width=\"1024\" height=\"372\" data-src=\"https:\/\/ciac.pt\/wp-content\/uploads\/2025\/05\/2025-05-15_banner_ENCONTRO8-1-1024x372.jpg\" alt=\"\" class=\"wp-image-11367 lazyload\" style=\"--smush-placeholder-width: 1024px; --smush-placeholder-aspect-ratio: 1024\/372;width:auto;height:300px\" data-srcset=\"https:\/\/ciac.pt\/wp-content\/uploads\/2025\/05\/2025-05-15_banner_ENCONTRO8-1-1024x372.jpg 1024w, https:\/\/ciac.pt\/wp-content\/uploads\/2025\/05\/2025-05-15_banner_ENCONTRO8-1-300x109.jpg 300w, https:\/\/ciac.pt\/wp-content\/uploads\/2025\/05\/2025-05-15_banner_ENCONTRO8-1-768x279.jpg 768w\" data-sizes=\"(max-width: 1024px) 100vw, 1024px\" src=\"data:image\/svg+xml;base64,PHN2ZyB3aWR0aD0iMSIgaGVpZ2h0PSIxIiB4bWxucz0iaHR0cDovL3d3dy53My5vcmcvMjAwMC9zdmciPjwvc3ZnPg==\" \/><\/a><\/figure>\n\n\n<h1 class=\"wp-block-post-title\">CIAC co-organizes the 14th Annual Meeting and International Conference of AIM<\/h1>\n\n<div class=\"wp-block-post-date has-text-color has-cyan-bluish-gray-color\"><time datetime=\"2025-05-21T17:37:00+01:00\">21\/05\/2025<\/time><\/div>\n\n\n<hr class=\"wp-block-separator has-text-color has-white-color has-alpha-channel-opacity has-white-background-color has-background\"\/>\n\n\n\n<p>On <strong>May 28, 29, and 30<\/strong>, the city of Faro and the University of Algarve will host the <strong>14th Annual Meeting and International Conference of AIM \u2013 Association of Moving Image Researchers<\/strong>, an event held exclusively <strong>in person<\/strong>. The conference is the result of a partnership between AIM, <strong>CIAC \u2013 Research Centre in Arts and Communication<\/strong>, the <strong>School of Education and Communication (ESEC)<\/strong> of the University of Algarve, and <strong>NECS \u2013 European Network for Cinema and Media Studies<\/strong>.<\/p>\n\n\n\n<p>The meeting will bring together more than one hundred researchers from <strong>75 international institutions<\/strong>, featuring presentations and debates that cover a wide range of fields and methodologies related to the moving image. Over the course of three days, participants will deliver 91 presentations distributed across 26 panels, with representatives from countries such as <strong>Portugal, Brazil, Spain, France, the United Kingdom, Belgium, the Netherlands, Italy, Germany, Mexico, and Finland.<\/strong><\/p>\n\n\n\n<p>The <strong>CIAC Film Studies research group<\/strong> is part of both the <strong>Local Organization<\/strong> and the <strong>Scientific Committee<\/strong> of the conference, which will feature contributions from several CIAC researchers. Among them, <strong>Jorge Carrega, Ant\u00f3nio Costa Valente, <\/strong>and<strong> Sara Vitorino Fernandez<\/strong> will present the panel <em>\u201cThe Algarve and Portuguese Cinema.\u201d<\/em> The program also includes presentations by <strong>Mirian Tavares, Patr\u00edcia Dourado, Ana Soares, Gabriela Borges, <\/strong>and<strong> Olivia Novoa Fernandez<\/strong>.<\/p>\n\n\n\n<p>From a scientific perspective, the highlight will be the <strong>three invited keynote speakers<\/strong>:<\/p>\n\n\n\n<ul class=\"wp-block-list\">\n<li><strong>Dani\u00ebl Biltereyst<\/strong>, Professor at Ghent University (Belgium);<\/li>\n\n\n\n<li><strong>Patricia Pisters<\/strong>, Professor at the University of Amsterdam (Netherlands);<\/li>\n\n\n\n<li><strong>David Wood<\/strong>, UKRI Researcher at University College London (United Kingdom).<\/li>\n<\/ul>\n\n\n\n<p>The program further includes plenary sessions, a <strong>roundtable on scientific-professional associations<\/strong> \u2013 with the special participation of <strong>Patricia Pisters <\/strong>\u2013 and several <strong>cultural and social activities<\/strong>, such as <strong>book releases<\/strong>, a <strong>film screening organized by the Faro Film Club<\/strong>, and a <strong>networking dinner<\/strong> (registration required). The <strong>virtual exhibition <em>\u201cThe Rise of Italian Cinema in the Poster Collection of the Faro Museum,\u201d<\/em><\/strong> developed within the scope of CIAC\u2019s <strong>CURATE project<\/strong>, will also be presented.<\/p>\n\n\n\n<p>This will be a <strong>particularly symbolic edition<\/strong>, marking the <strong>return to the University of Algarve<\/strong>, where the first AIM meeting and general assembly took place in May 2011. The 2025 edition thus represents a moment of reflection on the association\u2019s journey and future challenges, with special focus on <strong>fostering the scientific community and valuing early-career researchers<\/strong>.<\/p>\n\n\n\n<p>For the first time, a <strong>prize will be awarded for the best research work presented by a doctoral candidate or early-career researcher<\/strong>, supported by the <strong>Uni\u00e3o das Freguesias de Faro<\/strong>.<\/p>\n\n\n\n<p>For more information and updates, please visit the <a href=\"https:\/\/aim.org.pt\/?p=meeting\">official AIM website<\/a> and CIAC\u2019s institutional channels.<\/p>\n\n\n\n<hr class=\"wp-block-separator alignwide has-alpha-channel-opacity is-style-wide separador-mais-info\"\/>\n\n\n\n<p>The conference is <strong>supported by FCT \u2013 Foundation for Science and Technology<\/strong>, under the project \u201cUID\/04019 &#8211; Research Centre in Arts and Communication.\u201d<\/p>\n<\/div><\/div>\n","protected":false},"excerpt":{"rendered":"<p>May 28-30th, 2025<\/p>\n","protected":false},"author":3,"featured_media":11374,"comment_status":"closed","ping_status":"closed","sticky":false,"template":"","format":"standard","meta":{"_eb_attr":"","inline_featured_image":false,"advgb_blocks_editor_width":"","advgb_blocks_columns_visual_guide":"","footnotes":"","_links_to":"","_links_to_target":""},"categories":[141,61],"tags":[139],"class_list":["post-12004","post","type-post","status-publish","format-standard","has-post-thumbnail","hentry","category-event","category-news","tag-dissemination"],"yoast_head":"<!-- This site is optimized with the Yoast SEO plugin v27.4 - https:\/\/yoast.com\/product\/yoast-seo-wordpress\/ -->\n<title>CIAC co-organizes the 14th Annual Meeting and International Conference of AIM - CIAC<\/title>\n<meta name=\"robots\" content=\"index, follow, max-snippet:-1, max-image-preview:large, max-video-preview:-1\" \/>\n<link rel=\"canonical\" href=\"https:\/\/ciac.pt\/en\/news\/ciac-co-organizes-the-14th-annual-meeting-and-international-conference-of-aim\/\" \/>\n<meta property=\"og:locale\" content=\"en_US\" \/>\n<meta property=\"og:type\" content=\"article\" \/>\n<meta property=\"og:title\" content=\"CIAC co-organizes the 14th Annual Meeting and International Conference of AIM - CIAC\" \/>\n<meta property=\"og:description\" content=\"May 28-30th, 2025\" \/>\n<meta property=\"og:url\" content=\"https:\/\/ciac.pt\/en\/news\/ciac-co-organizes-the-14th-annual-meeting-and-international-conference-of-aim\/\" \/>\n<meta property=\"og:site_name\" content=\"CIAC\" \/>\n<meta property=\"article:published_time\" content=\"2025-05-21T16:37:00+00:00\" \/>\n<meta property=\"article:modified_time\" content=\"2025-09-29T15:02:21+00:00\" \/>\n<meta property=\"og:image\" content=\"https:\/\/ciac.pt\/wp-content\/uploads\/2025\/05\/AIM-Destaque-Noticia-1.jpg\" \/>\n\t<meta property=\"og:image:width\" content=\"1620\" \/>\n\t<meta property=\"og:image:height\" content=\"1215\" \/>\n\t<meta property=\"og:image:type\" content=\"image\/jpeg\" \/>\n<meta name=\"author\" content=\"editor1\" \/>\n<meta name=\"twitter:card\" content=\"summary_large_image\" \/>\n<meta name=\"twitter:label1\" content=\"Written by\" \/>\n\t<meta name=\"twitter:data1\" content=\"editor1\" \/>\n\t<meta name=\"twitter:label2\" content=\"Est. reading time\" \/>\n\t<meta name=\"twitter:data2\" content=\"2 minutes\" \/>\n<script type=\"application\/ld+json\" class=\"yoast-schema-graph\">{\"@context\":\"https:\\\/\\\/schema.org\",\"@graph\":[{\"@type\":\"Article\",\"@id\":\"https:\\\/\\\/ciac.pt\\\/en\\\/news\\\/ciac-co-organizes-the-14th-annual-meeting-and-international-conference-of-aim\\\/#article\",\"isPartOf\":{\"@id\":\"https:\\\/\\\/ciac.pt\\\/en\\\/news\\\/ciac-co-organizes-the-14th-annual-meeting-and-international-conference-of-aim\\\/\"},\"author\":{\"name\":\"editor1\",\"@id\":\"https:\\\/\\\/ciac.pt\\\/en\\\/#\\\/schema\\\/person\\\/3def46b976d3f4c0cdcf7c417cb570be\"},\"headline\":\"CIAC co-organizes the 14th Annual Meeting and International Conference of AIM\",\"datePublished\":\"2025-05-21T16:37:00+00:00\",\"dateModified\":\"2025-09-29T15:02:21+00:00\",\"mainEntityOfPage\":{\"@id\":\"https:\\\/\\\/ciac.pt\\\/en\\\/news\\\/ciac-co-organizes-the-14th-annual-meeting-and-international-conference-of-aim\\\/\"},\"wordCount\":455,\"publisher\":{\"@id\":\"https:\\\/\\\/ciac.pt\\\/en\\\/#organization\"},\"image\":{\"@id\":\"https:\\\/\\\/ciac.pt\\\/en\\\/news\\\/ciac-co-organizes-the-14th-annual-meeting-and-international-conference-of-aim\\\/#primaryimage\"},\"thumbnailUrl\":\"https:\\\/\\\/ciac.pt\\\/wp-content\\\/uploads\\\/2025\\\/05\\\/AIM-Destaque-Noticia-1.jpg\",\"keywords\":[\"Dissemination\"],\"articleSection\":[\"Event\",\"News\"],\"inLanguage\":\"en-US\"},{\"@type\":\"WebPage\",\"@id\":\"https:\\\/\\\/ciac.pt\\\/en\\\/news\\\/ciac-co-organizes-the-14th-annual-meeting-and-international-conference-of-aim\\\/\",\"url\":\"https:\\\/\\\/ciac.pt\\\/en\\\/news\\\/ciac-co-organizes-the-14th-annual-meeting-and-international-conference-of-aim\\\/\",\"name\":\"CIAC co-organizes the 14th Annual Meeting and International Conference of AIM - CIAC\",\"isPartOf\":{\"@id\":\"https:\\\/\\\/ciac.pt\\\/en\\\/#website\"},\"primaryImageOfPage\":{\"@id\":\"https:\\\/\\\/ciac.pt\\\/en\\\/news\\\/ciac-co-organizes-the-14th-annual-meeting-and-international-conference-of-aim\\\/#primaryimage\"},\"image\":{\"@id\":\"https:\\\/\\\/ciac.pt\\\/en\\\/news\\\/ciac-co-organizes-the-14th-annual-meeting-and-international-conference-of-aim\\\/#primaryimage\"},\"thumbnailUrl\":\"https:\\\/\\\/ciac.pt\\\/wp-content\\\/uploads\\\/2025\\\/05\\\/AIM-Destaque-Noticia-1.jpg\",\"datePublished\":\"2025-05-21T16:37:00+00:00\",\"dateModified\":\"2025-09-29T15:02:21+00:00\",\"breadcrumb\":{\"@id\":\"https:\\\/\\\/ciac.pt\\\/en\\\/news\\\/ciac-co-organizes-the-14th-annual-meeting-and-international-conference-of-aim\\\/#breadcrumb\"},\"inLanguage\":\"en-US\",\"potentialAction\":[{\"@type\":\"ReadAction\",\"target\":[\"https:\\\/\\\/ciac.pt\\\/en\\\/news\\\/ciac-co-organizes-the-14th-annual-meeting-and-international-conference-of-aim\\\/\"]}]},{\"@type\":\"ImageObject\",\"inLanguage\":\"en-US\",\"@id\":\"https:\\\/\\\/ciac.pt\\\/en\\\/news\\\/ciac-co-organizes-the-14th-annual-meeting-and-international-conference-of-aim\\\/#primaryimage\",\"url\":\"https:\\\/\\\/ciac.pt\\\/wp-content\\\/uploads\\\/2025\\\/05\\\/AIM-Destaque-Noticia-1.jpg\",\"contentUrl\":\"https:\\\/\\\/ciac.pt\\\/wp-content\\\/uploads\\\/2025\\\/05\\\/AIM-Destaque-Noticia-1.jpg\",\"width\":1620,\"height\":1215},{\"@type\":\"BreadcrumbList\",\"@id\":\"https:\\\/\\\/ciac.pt\\\/en\\\/news\\\/ciac-co-organizes-the-14th-annual-meeting-and-international-conference-of-aim\\\/#breadcrumb\",\"itemListElement\":[{\"@type\":\"ListItem\",\"position\":1,\"name\":\"In\u00edcio\",\"item\":\"https:\\\/\\\/ciac.pt\\\/en\\\/\"},{\"@type\":\"ListItem\",\"position\":2,\"name\":\"CIAC co-organizes the 14th Annual Meeting and International Conference of AIM\"}]},{\"@type\":\"WebSite\",\"@id\":\"https:\\\/\\\/ciac.pt\\\/en\\\/#website\",\"url\":\"https:\\\/\\\/ciac.pt\\\/en\\\/\",\"name\":\"CIAC\",\"description\":\"Centro de Investiga\u00e7\u00e3o em Artes e Comunica\u00e7\u00e3o\",\"publisher\":{\"@id\":\"https:\\\/\\\/ciac.pt\\\/en\\\/#organization\"},\"potentialAction\":[{\"@type\":\"SearchAction\",\"target\":{\"@type\":\"EntryPoint\",\"urlTemplate\":\"https:\\\/\\\/ciac.pt\\\/en\\\/?s={search_term_string}\"},\"query-input\":{\"@type\":\"PropertyValueSpecification\",\"valueRequired\":true,\"valueName\":\"search_term_string\"}}],\"inLanguage\":\"en-US\"},{\"@type\":\"Organization\",\"@id\":\"https:\\\/\\\/ciac.pt\\\/en\\\/#organization\",\"name\":\"CIAC\",\"url\":\"https:\\\/\\\/ciac.pt\\\/en\\\/\",\"logo\":{\"@type\":\"ImageObject\",\"inLanguage\":\"en-US\",\"@id\":\"https:\\\/\\\/ciac.pt\\\/en\\\/#\\\/schema\\\/logo\\\/image\\\/\",\"url\":\"https:\\\/\\\/ciac.pt\\\/wp-content\\\/uploads\\\/2022\\\/06\\\/logo.svg\",\"contentUrl\":\"https:\\\/\\\/ciac.pt\\\/wp-content\\\/uploads\\\/2022\\\/06\\\/logo.svg\",\"width\":184,\"height\":51,\"caption\":\"CIAC\"},\"image\":{\"@id\":\"https:\\\/\\\/ciac.pt\\\/en\\\/#\\\/schema\\\/logo\\\/image\\\/\"}},{\"@type\":\"Person\",\"@id\":\"https:\\\/\\\/ciac.pt\\\/en\\\/#\\\/schema\\\/person\\\/3def46b976d3f4c0cdcf7c417cb570be\",\"name\":\"editor1\",\"image\":{\"@type\":\"ImageObject\",\"inLanguage\":\"en-US\",\"@id\":\"https:\\\/\\\/secure.gravatar.com\\\/avatar\\\/4d8eb3157f61df03731fd8bf031b56d1d9241759e8f8c07d4d7e51d2f858c821?s=96&d=mm&r=g\",\"url\":\"https:\\\/\\\/secure.gravatar.com\\\/avatar\\\/4d8eb3157f61df03731fd8bf031b56d1d9241759e8f8c07d4d7e51d2f858c821?s=96&d=mm&r=g\",\"contentUrl\":\"https:\\\/\\\/secure.gravatar.com\\\/avatar\\\/4d8eb3157f61df03731fd8bf031b56d1d9241759e8f8c07d4d7e51d2f858c821?s=96&d=mm&r=g\",\"caption\":\"editor1\"},\"url\":\"https:\\\/\\\/ciac.pt\\\/en\\\/author\\\/editor1\\\/\"}]}<\/script>\n<!-- \/ Yoast SEO plugin. -->","yoast_head_json":{"title":"CIAC co-organizes the 14th Annual Meeting and International Conference of AIM - CIAC","robots":{"index":"index","follow":"follow","max-snippet":"max-snippet:-1","max-image-preview":"max-image-preview:large","max-video-preview":"max-video-preview:-1"},"canonical":"https:\/\/ciac.pt\/en\/news\/ciac-co-organizes-the-14th-annual-meeting-and-international-conference-of-aim\/","og_locale":"en_US","og_type":"article","og_title":"CIAC co-organizes the 14th Annual Meeting and International Conference of AIM - CIAC","og_description":"May 28-30th, 2025","og_url":"https:\/\/ciac.pt\/en\/news\/ciac-co-organizes-the-14th-annual-meeting-and-international-conference-of-aim\/","og_site_name":"CIAC","article_published_time":"2025-05-21T16:37:00+00:00","article_modified_time":"2025-09-29T15:02:21+00:00","og_image":[{"width":1620,"height":1215,"url":"https:\/\/ciac.pt\/wp-content\/uploads\/2025\/05\/AIM-Destaque-Noticia-1.jpg","type":"image\/jpeg"}],"author":"editor1","twitter_card":"summary_large_image","twitter_misc":{"Written by":"editor1","Est. reading time":"2 minutes"},"schema":{"@context":"https:\/\/schema.org","@graph":[{"@type":"Article","@id":"https:\/\/ciac.pt\/en\/news\/ciac-co-organizes-the-14th-annual-meeting-and-international-conference-of-aim\/#article","isPartOf":{"@id":"https:\/\/ciac.pt\/en\/news\/ciac-co-organizes-the-14th-annual-meeting-and-international-conference-of-aim\/"},"author":{"name":"editor1","@id":"https:\/\/ciac.pt\/en\/#\/schema\/person\/3def46b976d3f4c0cdcf7c417cb570be"},"headline":"CIAC co-organizes the 14th Annual Meeting and International Conference of AIM","datePublished":"2025-05-21T16:37:00+00:00","dateModified":"2025-09-29T15:02:21+00:00","mainEntityOfPage":{"@id":"https:\/\/ciac.pt\/en\/news\/ciac-co-organizes-the-14th-annual-meeting-and-international-conference-of-aim\/"},"wordCount":455,"publisher":{"@id":"https:\/\/ciac.pt\/en\/#organization"},"image":{"@id":"https:\/\/ciac.pt\/en\/news\/ciac-co-organizes-the-14th-annual-meeting-and-international-conference-of-aim\/#primaryimage"},"thumbnailUrl":"https:\/\/ciac.pt\/wp-content\/uploads\/2025\/05\/AIM-Destaque-Noticia-1.jpg","keywords":["Dissemination"],"articleSection":["Event","News"],"inLanguage":"en-US"},{"@type":"WebPage","@id":"https:\/\/ciac.pt\/en\/news\/ciac-co-organizes-the-14th-annual-meeting-and-international-conference-of-aim\/","url":"https:\/\/ciac.pt\/en\/news\/ciac-co-organizes-the-14th-annual-meeting-and-international-conference-of-aim\/","name":"CIAC co-organizes the 14th Annual Meeting and International Conference of AIM - CIAC","isPartOf":{"@id":"https:\/\/ciac.pt\/en\/#website"},"primaryImageOfPage":{"@id":"https:\/\/ciac.pt\/en\/news\/ciac-co-organizes-the-14th-annual-meeting-and-international-conference-of-aim\/#primaryimage"},"image":{"@id":"https:\/\/ciac.pt\/en\/news\/ciac-co-organizes-the-14th-annual-meeting-and-international-conference-of-aim\/#primaryimage"},"thumbnailUrl":"https:\/\/ciac.pt\/wp-content\/uploads\/2025\/05\/AIM-Destaque-Noticia-1.jpg","datePublished":"2025-05-21T16:37:00+00:00","dateModified":"2025-09-29T15:02:21+00:00","breadcrumb":{"@id":"https:\/\/ciac.pt\/en\/news\/ciac-co-organizes-the-14th-annual-meeting-and-international-conference-of-aim\/#breadcrumb"},"inLanguage":"en-US","potentialAction":[{"@type":"ReadAction","target":["https:\/\/ciac.pt\/en\/news\/ciac-co-organizes-the-14th-annual-meeting-and-international-conference-of-aim\/"]}]},{"@type":"ImageObject","inLanguage":"en-US","@id":"https:\/\/ciac.pt\/en\/news\/ciac-co-organizes-the-14th-annual-meeting-and-international-conference-of-aim\/#primaryimage","url":"https:\/\/ciac.pt\/wp-content\/uploads\/2025\/05\/AIM-Destaque-Noticia-1.jpg","contentUrl":"https:\/\/ciac.pt\/wp-content\/uploads\/2025\/05\/AIM-Destaque-Noticia-1.jpg","width":1620,"height":1215},{"@type":"BreadcrumbList","@id":"https:\/\/ciac.pt\/en\/news\/ciac-co-organizes-the-14th-annual-meeting-and-international-conference-of-aim\/#breadcrumb","itemListElement":[{"@type":"ListItem","position":1,"name":"In\u00edcio","item":"https:\/\/ciac.pt\/en\/"},{"@type":"ListItem","position":2,"name":"CIAC co-organizes the 14th Annual Meeting and International Conference of AIM"}]},{"@type":"WebSite","@id":"https:\/\/ciac.pt\/en\/#website","url":"https:\/\/ciac.pt\/en\/","name":"CIAC","description":"Centro de Investiga\u00e7\u00e3o em Artes e Comunica\u00e7\u00e3o","publisher":{"@id":"https:\/\/ciac.pt\/en\/#organization"},"potentialAction":[{"@type":"SearchAction","target":{"@type":"EntryPoint","urlTemplate":"https:\/\/ciac.pt\/en\/?s={search_term_string}"},"query-input":{"@type":"PropertyValueSpecification","valueRequired":true,"valueName":"search_term_string"}}],"inLanguage":"en-US"},{"@type":"Organization","@id":"https:\/\/ciac.pt\/en\/#organization","name":"CIAC","url":"https:\/\/ciac.pt\/en\/","logo":{"@type":"ImageObject","inLanguage":"en-US","@id":"https:\/\/ciac.pt\/en\/#\/schema\/logo\/image\/","url":"https:\/\/ciac.pt\/wp-content\/uploads\/2022\/06\/logo.svg","contentUrl":"https:\/\/ciac.pt\/wp-content\/uploads\/2022\/06\/logo.svg","width":184,"height":51,"caption":"CIAC"},"image":{"@id":"https:\/\/ciac.pt\/en\/#\/schema\/logo\/image\/"}},{"@type":"Person","@id":"https:\/\/ciac.pt\/en\/#\/schema\/person\/3def46b976d3f4c0cdcf7c417cb570be","name":"editor1","image":{"@type":"ImageObject","inLanguage":"en-US","@id":"https:\/\/secure.gravatar.com\/avatar\/4d8eb3157f61df03731fd8bf031b56d1d9241759e8f8c07d4d7e51d2f858c821?s=96&d=mm&r=g","url":"https:\/\/secure.gravatar.com\/avatar\/4d8eb3157f61df03731fd8bf031b56d1d9241759e8f8c07d4d7e51d2f858c821?s=96&d=mm&r=g","contentUrl":"https:\/\/secure.gravatar.com\/avatar\/4d8eb3157f61df03731fd8bf031b56d1d9241759e8f8c07d4d7e51d2f858c821?s=96&d=mm&r=g","caption":"editor1"},"url":"https:\/\/ciac.pt\/en\/author\/editor1\/"}]}},"author_meta":{"display_name":"editor1","author_link":"https:\/\/ciac.pt\/en\/author\/editor1\/"},"featured_img":"https:\/\/ciac.pt\/wp-content\/uploads\/2025\/05\/AIM-Destaque-Noticia-1-300x225.jpg","coauthors":[],"tax_additional":{"categories":{"linked":["<a href=\"https:\/\/ciac.pt\/en\/.\/event\/\" class=\"advgb-post-tax-term\">Event<\/a>","<a href=\"https:\/\/ciac.pt\/en\/.\/news\/\" class=\"advgb-post-tax-term\">News<\/a>"],"unlinked":["<span class=\"advgb-post-tax-term\">Event<\/span>","<span class=\"advgb-post-tax-term\">News<\/span>"]},"tags":{"linked":["<a href=\"https:\/\/ciac.pt\/en\/.\/news\/\" class=\"advgb-post-tax-term\">Dissemination<\/a>"],"unlinked":["<span class=\"advgb-post-tax-term\">Dissemination<\/span>"]}},"comment_count":0,"relative_dates":{"created":"Posted 11 months ago","modified":"Updated 7 months ago"},"absolute_dates":{"created":"Posted on 21\/05\/2025","modified":"Updated on 29\/09\/2025"},"absolute_dates_time":{"created":"Posted on 21\/05\/2025 17:37","modified":"Updated on 29\/09\/2025 16:02"},"featured_img_caption":"","series_order":"","_links":{"self":[{"href":"https:\/\/ciac.pt\/en\/wp-json\/wp\/v2\/posts\/12004","targetHints":{"allow":["GET"]}}],"collection":[{"href":"https:\/\/ciac.pt\/en\/wp-json\/wp\/v2\/posts"}],"about":[{"href":"https:\/\/ciac.pt\/en\/wp-json\/wp\/v2\/types\/post"}],"author":[{"embeddable":true,"href":"https:\/\/ciac.pt\/en\/wp-json\/wp\/v2\/users\/3"}],"replies":[{"embeddable":true,"href":"https:\/\/ciac.pt\/en\/wp-json\/wp\/v2\/comments?post=12004"}],"version-history":[{"count":2,"href":"https:\/\/ciac.pt\/en\/wp-json\/wp\/v2\/posts\/12004\/revisions"}],"predecessor-version":[{"id":12030,"href":"https:\/\/ciac.pt\/en\/wp-json\/wp\/v2\/posts\/12004\/revisions\/12030"}],"wp:featuredmedia":[{"embeddable":true,"href":"https:\/\/ciac.pt\/en\/wp-json\/wp\/v2\/media\/11374"}],"wp:attachment":[{"href":"https:\/\/ciac.pt\/en\/wp-json\/wp\/v2\/media?parent=12004"}],"wp:term":[{"taxonomy":"category","embeddable":true,"href":"https:\/\/ciac.pt\/en\/wp-json\/wp\/v2\/categories?post=12004"},{"taxonomy":"post_tag","embeddable":true,"href":"https:\/\/ciac.pt\/en\/wp-json\/wp\/v2\/tags?post=12004"}],"curies":[{"name":"wp","href":"https:\/\/api.w.org\/{rel}","templated":true}]}}