{"id":12039,"date":"2025-09-18T17:33:41","date_gmt":"2025-09-18T16:33:41","guid":{"rendered":"https:\/\/ciac.pt\/?p=12039"},"modified":"2025-09-29T18:08:58","modified_gmt":"2025-09-29T17:08:58","slug":"call-for-papers-for-the-2nd-creative-processes-conference-open-until-october-5","status":"publish","type":"post","link":"https:\/\/ciac.pt\/en\/news\/call-for-papers-for-the-2nd-creative-processes-conference-open-until-october-5\/","title":{"rendered":"Call for Papers for the 2nd Creative Processes Conference open until October 5"},"content":{"rendered":"\n\n\n\n<figure class=\"wp-block-image size-full\"><img decoding=\"async\" data-src=\"https:\/\/ciac.pt\/wp-content\/uploads\/2025\/09\/Social-Media-Promo10-2.jpg\" alt=\"\" class=\"wp-image-12054 lazyload\" src=\"data:image\/svg+xml;base64,PHN2ZyB3aWR0aD0iMSIgaGVpZ2h0PSIxIiB4bWxucz0iaHR0cDovL3d3dy53My5vcmcvMjAwMC9zdmciPjwvc3ZnPg==\" style=\"--smush-placeholder-width: 4000px; --smush-placeholder-aspect-ratio: 4000\/2250;\" \/><\/figure>\n\n\n\n<h2 class=\"wp-block-heading\">Call for Papers for the 2nd Creative Processes Conference open until October 5<\/h2>\n\n\n<div class=\"wp-block-post-date\"><time datetime=\"2025-09-18T17:33:41+01:00\">18\/09\/2025<\/time><\/div>\n\n\n<hr class=\"wp-block-separator has-alpha-channel-opacity is-style-default\"\/>\n\n\n\n<p>The call for submissions is now open for the <strong>2nd International Creative Processes<\/strong> Conference, to be held on December 4 and 5 in Faro, at the University of Algarve, Penha Campus, under the theme <strong>\u201cInteractions between Research and Creation.\u201d<\/strong><\/p>\n\n\n\n<p>Until October 5, CIAC will be accepting submission proposals via the event website from artists, researchers, and creators in general, based on this year\u2019s theme and the following suggested, but not exclusive, cross-cutting topics:<\/p>\n\n\n\n<ul class=\"wp-block-list\">\n<li>Theories of artistic creation and their poetics<\/li>\n<\/ul>\n\n\n\n<ul class=\"wp-block-list\">\n<li>Materialities and procedures of artistic creation<\/li>\n<\/ul>\n\n\n\n<ul class=\"wp-block-list\">\n<li>Reception, co-creation, interactivity, and shared creations<\/li>\n<\/ul>\n\n\n\n<ul class=\"wp-block-list\">\n<li>Culture, memory, and archives of creation<\/li>\n<\/ul>\n\n\n\n<ul class=\"wp-block-list\">\n<li>Research methodologies in creative processes<\/li>\n<\/ul>\n\n\n\n<ul class=\"wp-block-list\">\n<li>Poetics of research<\/li>\n<\/ul>\n\n\n\n<ul class=\"wp-block-list\">\n<li>Ethics and politics of creation<\/li>\n<\/ul>\n\n\n\n<ul class=\"wp-block-list\">\n<li>Decolonial and anti-racist practices of creation and research<\/li>\n<\/ul>\n\n\n\n<ul class=\"wp-block-list\">\n<li>Creation, representation, and reparations<\/li>\n<\/ul>\n\n\n\n<ul class=\"wp-block-list\">\n<li>Sustainability and ecologies of creation<\/li>\n<\/ul>\n\n\n\n<ul class=\"wp-block-list\">\n<li>Literacy, educational practices, and creative processes<\/li>\n<\/ul>\n\n\n\n<ul class=\"wp-block-list\">\n<li>Creative processes and AI tools<\/li>\n<\/ul>\n\n\n\n<ul class=\"wp-block-list\">\n<li>Digital poetics, generative practices, and hacking practices<\/li>\n<\/ul>\n\n\n\n<ul class=\"wp-block-list\">\n<li>Artivism and digital artivism practices<\/li>\n<\/ul>\n\n\n\n<ul class=\"wp-block-list\">\n<li>Contributions of creative processes to climate challenges<\/li>\n<\/ul>\n\n\n\n<ul class=\"wp-block-list\">\n<li>Feminism, gender, and intersectionality in creative processes<\/li>\n<\/ul>\n\n\n\n<p>This year, the event welcomes new submission formats. In addition to the traditional <strong>Paper Proposal<\/strong> (abstract between 200 and 300 words), submissions may also include <strong>Thematic Panels<\/strong> (up to 5 papers), <strong>Exhibition of Creative Archives<\/strong> (as part of a paper or panel), and <strong>Workshops<\/strong>.<\/p>\n\n\n\n<p>Submission forms are available on the conference website.<\/p>\n\n\n\n<p>The event is organized by CIAC, through the Working Group on Visual Arts and Creative Processes, in partnership with the Research Group on Creative Processes at PUC-SP.<\/p>\n\n\n\n<p>MMore information (<a href=\"https:\/\/ciac.pt\/en\/event\/creation-processes-conference-2025\/\">here<\/a>).&nbsp;<\/p>\n\n\n\n<figure class=\"wp-block-embed is-type-wp-embed is-provider-ciac wp-block-embed-ciac\"><div class=\"wp-block-embed__wrapper\">\n<blockquote class=\"wp-embedded-content\" data-secret=\"95uMPJnUJ9\"><a href=\"https:\/\/ciac.pt\/evento\/conferencia-processos-de-criacao-2025\/\">Confer\u00eancia Processos de Cria\u00e7\u00e3o 2025<\/a><\/blockquote><iframe class=\"wp-embedded-content lazyload\" sandbox=\"allow-scripts\" security=\"restricted\" style=\"position: absolute; visibility: hidden;\" title=\"&#8220;Confer\u00eancia Processos de Cria\u00e7\u00e3o 2025&#8221; &#8212; CIAC\" data-src=\"https:\/\/ciac.pt\/evento\/conferencia-processos-de-criacao-2025\/embed\/#?secret=HLsyvDhzGi#?secret=95uMPJnUJ9\" data-secret=\"95uMPJnUJ9\" width=\"600\" height=\"338\" frameborder=\"0\" marginwidth=\"0\" marginheight=\"0\" scrolling=\"no\" src=\"data:image\/svg+xml;base64,PHN2ZyB3aWR0aD0iMSIgaGVpZ2h0PSIxIiB4bWxucz0iaHR0cDovL3d3dy53My5vcmcvMjAwMC9zdmciPjwvc3ZnPg==\" data-load-mode=\"1\"><\/iframe>\n<\/div><\/figure>\n\n\n\n<hr class=\"wp-block-separator has-alpha-channel-opacity is-style-default\"\/>\n\n\n\n<p><\/p>\n","protected":false},"excerpt":{"rendered":"<p>Call for Papers for the 2nd Creative Processes Conference open until October<\/p>\n","protected":false},"author":3,"featured_media":12066,"comment_status":"closed","ping_status":"closed","sticky":false,"template":"","format":"standard","meta":{"_eb_attr":"","inline_featured_image":false,"advgb_blocks_editor_width":"","advgb_blocks_columns_visual_guide":"","footnotes":"","_links_to":"","_links_to_target":""},"categories":[61],"tags":[139],"class_list":["post-12039","post","type-post","status-publish","format-standard","has-post-thumbnail","hentry","category-news","tag-dissemination"],"yoast_head":"<!-- This site is optimized with the Yoast SEO plugin v27.4 - https:\/\/yoast.com\/product\/yoast-seo-wordpress\/ -->\n<title>Call for Papers for the 2nd Creative Processes Conference open until October 5 - CIAC<\/title>\n<meta name=\"robots\" content=\"index, follow, max-snippet:-1, max-image-preview:large, max-video-preview:-1\" \/>\n<link rel=\"canonical\" href=\"https:\/\/ciac.pt\/en\/news\/call-for-papers-for-the-2nd-creative-processes-conference-open-until-october-5\/\" \/>\n<meta property=\"og:locale\" content=\"en_US\" \/>\n<meta property=\"og:type\" content=\"article\" \/>\n<meta property=\"og:title\" content=\"Call for Papers for the 2nd Creative Processes Conference open until October 5 - CIAC\" \/>\n<meta property=\"og:description\" content=\"Call for Papers for the 2nd Creative Processes Conference open until October\" \/>\n<meta property=\"og:url\" content=\"https:\/\/ciac.pt\/en\/news\/call-for-papers-for-the-2nd-creative-processes-conference-open-until-october-5\/\" \/>\n<meta property=\"og:site_name\" content=\"CIAC\" \/>\n<meta property=\"article:published_time\" content=\"2025-09-18T16:33:41+00:00\" \/>\n<meta property=\"article:modified_time\" content=\"2025-09-29T17:08:58+00:00\" \/>\n<meta property=\"og:image\" content=\"https:\/\/ciac.pt\/wp-content\/uploads\/2025\/09\/Social-Media-Promo14.jpg\" \/>\n\t<meta property=\"og:image:width\" content=\"1620\" \/>\n\t<meta property=\"og:image:height\" content=\"1215\" \/>\n\t<meta property=\"og:image:type\" content=\"image\/jpeg\" \/>\n<meta name=\"author\" content=\"editor1\" \/>\n<meta name=\"twitter:card\" content=\"summary_large_image\" \/>\n<meta name=\"twitter:label1\" content=\"Written by\" \/>\n\t<meta name=\"twitter:data1\" content=\"editor1\" \/>\n\t<meta name=\"twitter:label2\" content=\"Est. reading time\" \/>\n\t<meta name=\"twitter:data2\" content=\"1 minute\" \/>\n<script type=\"application\/ld+json\" class=\"yoast-schema-graph\">{\"@context\":\"https:\\\/\\\/schema.org\",\"@graph\":[{\"@type\":\"Article\",\"@id\":\"https:\\\/\\\/ciac.pt\\\/en\\\/news\\\/call-for-papers-for-the-2nd-creative-processes-conference-open-until-october-5\\\/#article\",\"isPartOf\":{\"@id\":\"https:\\\/\\\/ciac.pt\\\/en\\\/news\\\/call-for-papers-for-the-2nd-creative-processes-conference-open-until-october-5\\\/\"},\"author\":{\"name\":\"editor1\",\"@id\":\"https:\\\/\\\/ciac.pt\\\/en\\\/#\\\/schema\\\/person\\\/3def46b976d3f4c0cdcf7c417cb570be\"},\"headline\":\"Call for Papers for the 2nd Creative Processes Conference open until October 5\",\"datePublished\":\"2025-09-18T16:33:41+00:00\",\"dateModified\":\"2025-09-29T17:08:58+00:00\",\"mainEntityOfPage\":{\"@id\":\"https:\\\/\\\/ciac.pt\\\/en\\\/news\\\/call-for-papers-for-the-2nd-creative-processes-conference-open-until-october-5\\\/\"},\"wordCount\":275,\"publisher\":{\"@id\":\"https:\\\/\\\/ciac.pt\\\/en\\\/#organization\"},\"image\":{\"@id\":\"https:\\\/\\\/ciac.pt\\\/en\\\/news\\\/call-for-papers-for-the-2nd-creative-processes-conference-open-until-october-5\\\/#primaryimage\"},\"thumbnailUrl\":\"https:\\\/\\\/ciac.pt\\\/wp-content\\\/uploads\\\/2025\\\/09\\\/Social-Media-Promo14.jpg\",\"keywords\":[\"Dissemination\"],\"articleSection\":[\"News\"],\"inLanguage\":\"en-US\"},{\"@type\":\"WebPage\",\"@id\":\"https:\\\/\\\/ciac.pt\\\/en\\\/news\\\/call-for-papers-for-the-2nd-creative-processes-conference-open-until-october-5\\\/\",\"url\":\"https:\\\/\\\/ciac.pt\\\/en\\\/news\\\/call-for-papers-for-the-2nd-creative-processes-conference-open-until-october-5\\\/\",\"name\":\"Call for Papers for the 2nd Creative Processes Conference open until October 5 - CIAC\",\"isPartOf\":{\"@id\":\"https:\\\/\\\/ciac.pt\\\/en\\\/#website\"},\"primaryImageOfPage\":{\"@id\":\"https:\\\/\\\/ciac.pt\\\/en\\\/news\\\/call-for-papers-for-the-2nd-creative-processes-conference-open-until-october-5\\\/#primaryimage\"},\"image\":{\"@id\":\"https:\\\/\\\/ciac.pt\\\/en\\\/news\\\/call-for-papers-for-the-2nd-creative-processes-conference-open-until-october-5\\\/#primaryimage\"},\"thumbnailUrl\":\"https:\\\/\\\/ciac.pt\\\/wp-content\\\/uploads\\\/2025\\\/09\\\/Social-Media-Promo14.jpg\",\"datePublished\":\"2025-09-18T16:33:41+00:00\",\"dateModified\":\"2025-09-29T17:08:58+00:00\",\"breadcrumb\":{\"@id\":\"https:\\\/\\\/ciac.pt\\\/en\\\/news\\\/call-for-papers-for-the-2nd-creative-processes-conference-open-until-october-5\\\/#breadcrumb\"},\"inLanguage\":\"en-US\",\"potentialAction\":[{\"@type\":\"ReadAction\",\"target\":[\"https:\\\/\\\/ciac.pt\\\/en\\\/news\\\/call-for-papers-for-the-2nd-creative-processes-conference-open-until-october-5\\\/\"]}]},{\"@type\":\"ImageObject\",\"inLanguage\":\"en-US\",\"@id\":\"https:\\\/\\\/ciac.pt\\\/en\\\/news\\\/call-for-papers-for-the-2nd-creative-processes-conference-open-until-october-5\\\/#primaryimage\",\"url\":\"https:\\\/\\\/ciac.pt\\\/wp-content\\\/uploads\\\/2025\\\/09\\\/Social-Media-Promo14.jpg\",\"contentUrl\":\"https:\\\/\\\/ciac.pt\\\/wp-content\\\/uploads\\\/2025\\\/09\\\/Social-Media-Promo14.jpg\",\"width\":1620,\"height\":1215},{\"@type\":\"BreadcrumbList\",\"@id\":\"https:\\\/\\\/ciac.pt\\\/en\\\/news\\\/call-for-papers-for-the-2nd-creative-processes-conference-open-until-october-5\\\/#breadcrumb\",\"itemListElement\":[{\"@type\":\"ListItem\",\"position\":1,\"name\":\"In\u00edcio\",\"item\":\"https:\\\/\\\/ciac.pt\\\/en\\\/\"},{\"@type\":\"ListItem\",\"position\":2,\"name\":\"Call for Papers for the 2nd Creative Processes Conference open until October 5\"}]},{\"@type\":\"WebSite\",\"@id\":\"https:\\\/\\\/ciac.pt\\\/en\\\/#website\",\"url\":\"https:\\\/\\\/ciac.pt\\\/en\\\/\",\"name\":\"CIAC\",\"description\":\"Centro de Investiga\u00e7\u00e3o em Artes e Comunica\u00e7\u00e3o\",\"publisher\":{\"@id\":\"https:\\\/\\\/ciac.pt\\\/en\\\/#organization\"},\"potentialAction\":[{\"@type\":\"SearchAction\",\"target\":{\"@type\":\"EntryPoint\",\"urlTemplate\":\"https:\\\/\\\/ciac.pt\\\/en\\\/?s={search_term_string}\"},\"query-input\":{\"@type\":\"PropertyValueSpecification\",\"valueRequired\":true,\"valueName\":\"search_term_string\"}}],\"inLanguage\":\"en-US\"},{\"@type\":\"Organization\",\"@id\":\"https:\\\/\\\/ciac.pt\\\/en\\\/#organization\",\"name\":\"CIAC\",\"url\":\"https:\\\/\\\/ciac.pt\\\/en\\\/\",\"logo\":{\"@type\":\"ImageObject\",\"inLanguage\":\"en-US\",\"@id\":\"https:\\\/\\\/ciac.pt\\\/en\\\/#\\\/schema\\\/logo\\\/image\\\/\",\"url\":\"https:\\\/\\\/ciac.pt\\\/wp-content\\\/uploads\\\/2022\\\/06\\\/logo.svg\",\"contentUrl\":\"https:\\\/\\\/ciac.pt\\\/wp-content\\\/uploads\\\/2022\\\/06\\\/logo.svg\",\"width\":184,\"height\":51,\"caption\":\"CIAC\"},\"image\":{\"@id\":\"https:\\\/\\\/ciac.pt\\\/en\\\/#\\\/schema\\\/logo\\\/image\\\/\"}},{\"@type\":\"Person\",\"@id\":\"https:\\\/\\\/ciac.pt\\\/en\\\/#\\\/schema\\\/person\\\/3def46b976d3f4c0cdcf7c417cb570be\",\"name\":\"editor1\",\"image\":{\"@type\":\"ImageObject\",\"inLanguage\":\"en-US\",\"@id\":\"https:\\\/\\\/secure.gravatar.com\\\/avatar\\\/4d8eb3157f61df03731fd8bf031b56d1d9241759e8f8c07d4d7e51d2f858c821?s=96&d=mm&r=g\",\"url\":\"https:\\\/\\\/secure.gravatar.com\\\/avatar\\\/4d8eb3157f61df03731fd8bf031b56d1d9241759e8f8c07d4d7e51d2f858c821?s=96&d=mm&r=g\",\"contentUrl\":\"https:\\\/\\\/secure.gravatar.com\\\/avatar\\\/4d8eb3157f61df03731fd8bf031b56d1d9241759e8f8c07d4d7e51d2f858c821?s=96&d=mm&r=g\",\"caption\":\"editor1\"},\"url\":\"https:\\\/\\\/ciac.pt\\\/en\\\/author\\\/editor1\\\/\"}]}<\/script>\n<!-- \/ Yoast SEO plugin. -->","yoast_head_json":{"title":"Call for Papers for the 2nd Creative Processes Conference open until October 5 - CIAC","robots":{"index":"index","follow":"follow","max-snippet":"max-snippet:-1","max-image-preview":"max-image-preview:large","max-video-preview":"max-video-preview:-1"},"canonical":"https:\/\/ciac.pt\/en\/news\/call-for-papers-for-the-2nd-creative-processes-conference-open-until-october-5\/","og_locale":"en_US","og_type":"article","og_title":"Call for Papers for the 2nd Creative Processes Conference open until October 5 - CIAC","og_description":"Call for Papers for the 2nd Creative Processes Conference open until October","og_url":"https:\/\/ciac.pt\/en\/news\/call-for-papers-for-the-2nd-creative-processes-conference-open-until-october-5\/","og_site_name":"CIAC","article_published_time":"2025-09-18T16:33:41+00:00","article_modified_time":"2025-09-29T17:08:58+00:00","og_image":[{"width":1620,"height":1215,"url":"https:\/\/ciac.pt\/wp-content\/uploads\/2025\/09\/Social-Media-Promo14.jpg","type":"image\/jpeg"}],"author":"editor1","twitter_card":"summary_large_image","twitter_misc":{"Written by":"editor1","Est. reading time":"1 minute"},"schema":{"@context":"https:\/\/schema.org","@graph":[{"@type":"Article","@id":"https:\/\/ciac.pt\/en\/news\/call-for-papers-for-the-2nd-creative-processes-conference-open-until-october-5\/#article","isPartOf":{"@id":"https:\/\/ciac.pt\/en\/news\/call-for-papers-for-the-2nd-creative-processes-conference-open-until-october-5\/"},"author":{"name":"editor1","@id":"https:\/\/ciac.pt\/en\/#\/schema\/person\/3def46b976d3f4c0cdcf7c417cb570be"},"headline":"Call for Papers for the 2nd Creative Processes Conference open until October 5","datePublished":"2025-09-18T16:33:41+00:00","dateModified":"2025-09-29T17:08:58+00:00","mainEntityOfPage":{"@id":"https:\/\/ciac.pt\/en\/news\/call-for-papers-for-the-2nd-creative-processes-conference-open-until-october-5\/"},"wordCount":275,"publisher":{"@id":"https:\/\/ciac.pt\/en\/#organization"},"image":{"@id":"https:\/\/ciac.pt\/en\/news\/call-for-papers-for-the-2nd-creative-processes-conference-open-until-october-5\/#primaryimage"},"thumbnailUrl":"https:\/\/ciac.pt\/wp-content\/uploads\/2025\/09\/Social-Media-Promo14.jpg","keywords":["Dissemination"],"articleSection":["News"],"inLanguage":"en-US"},{"@type":"WebPage","@id":"https:\/\/ciac.pt\/en\/news\/call-for-papers-for-the-2nd-creative-processes-conference-open-until-october-5\/","url":"https:\/\/ciac.pt\/en\/news\/call-for-papers-for-the-2nd-creative-processes-conference-open-until-october-5\/","name":"Call for Papers for the 2nd Creative Processes Conference open until October 5 - CIAC","isPartOf":{"@id":"https:\/\/ciac.pt\/en\/#website"},"primaryImageOfPage":{"@id":"https:\/\/ciac.pt\/en\/news\/call-for-papers-for-the-2nd-creative-processes-conference-open-until-october-5\/#primaryimage"},"image":{"@id":"https:\/\/ciac.pt\/en\/news\/call-for-papers-for-the-2nd-creative-processes-conference-open-until-october-5\/#primaryimage"},"thumbnailUrl":"https:\/\/ciac.pt\/wp-content\/uploads\/2025\/09\/Social-Media-Promo14.jpg","datePublished":"2025-09-18T16:33:41+00:00","dateModified":"2025-09-29T17:08:58+00:00","breadcrumb":{"@id":"https:\/\/ciac.pt\/en\/news\/call-for-papers-for-the-2nd-creative-processes-conference-open-until-october-5\/#breadcrumb"},"inLanguage":"en-US","potentialAction":[{"@type":"ReadAction","target":["https:\/\/ciac.pt\/en\/news\/call-for-papers-for-the-2nd-creative-processes-conference-open-until-october-5\/"]}]},{"@type":"ImageObject","inLanguage":"en-US","@id":"https:\/\/ciac.pt\/en\/news\/call-for-papers-for-the-2nd-creative-processes-conference-open-until-october-5\/#primaryimage","url":"https:\/\/ciac.pt\/wp-content\/uploads\/2025\/09\/Social-Media-Promo14.jpg","contentUrl":"https:\/\/ciac.pt\/wp-content\/uploads\/2025\/09\/Social-Media-Promo14.jpg","width":1620,"height":1215},{"@type":"BreadcrumbList","@id":"https:\/\/ciac.pt\/en\/news\/call-for-papers-for-the-2nd-creative-processes-conference-open-until-october-5\/#breadcrumb","itemListElement":[{"@type":"ListItem","position":1,"name":"In\u00edcio","item":"https:\/\/ciac.pt\/en\/"},{"@type":"ListItem","position":2,"name":"Call for Papers for the 2nd Creative Processes Conference open until October 5"}]},{"@type":"WebSite","@id":"https:\/\/ciac.pt\/en\/#website","url":"https:\/\/ciac.pt\/en\/","name":"CIAC","description":"Centro de Investiga\u00e7\u00e3o em Artes e Comunica\u00e7\u00e3o","publisher":{"@id":"https:\/\/ciac.pt\/en\/#organization"},"potentialAction":[{"@type":"SearchAction","target":{"@type":"EntryPoint","urlTemplate":"https:\/\/ciac.pt\/en\/?s={search_term_string}"},"query-input":{"@type":"PropertyValueSpecification","valueRequired":true,"valueName":"search_term_string"}}],"inLanguage":"en-US"},{"@type":"Organization","@id":"https:\/\/ciac.pt\/en\/#organization","name":"CIAC","url":"https:\/\/ciac.pt\/en\/","logo":{"@type":"ImageObject","inLanguage":"en-US","@id":"https:\/\/ciac.pt\/en\/#\/schema\/logo\/image\/","url":"https:\/\/ciac.pt\/wp-content\/uploads\/2022\/06\/logo.svg","contentUrl":"https:\/\/ciac.pt\/wp-content\/uploads\/2022\/06\/logo.svg","width":184,"height":51,"caption":"CIAC"},"image":{"@id":"https:\/\/ciac.pt\/en\/#\/schema\/logo\/image\/"}},{"@type":"Person","@id":"https:\/\/ciac.pt\/en\/#\/schema\/person\/3def46b976d3f4c0cdcf7c417cb570be","name":"editor1","image":{"@type":"ImageObject","inLanguage":"en-US","@id":"https:\/\/secure.gravatar.com\/avatar\/4d8eb3157f61df03731fd8bf031b56d1d9241759e8f8c07d4d7e51d2f858c821?s=96&d=mm&r=g","url":"https:\/\/secure.gravatar.com\/avatar\/4d8eb3157f61df03731fd8bf031b56d1d9241759e8f8c07d4d7e51d2f858c821?s=96&d=mm&r=g","contentUrl":"https:\/\/secure.gravatar.com\/avatar\/4d8eb3157f61df03731fd8bf031b56d1d9241759e8f8c07d4d7e51d2f858c821?s=96&d=mm&r=g","caption":"editor1"},"url":"https:\/\/ciac.pt\/en\/author\/editor1\/"}]}},"author_meta":{"display_name":"editor1","author_link":"https:\/\/ciac.pt\/en\/author\/editor1\/"},"featured_img":"https:\/\/ciac.pt\/wp-content\/uploads\/2025\/09\/Social-Media-Promo14-300x225.jpg","coauthors":[],"tax_additional":{"categories":{"linked":["<a href=\"https:\/\/ciac.pt\/en\/.\/news\/\" class=\"advgb-post-tax-term\">News<\/a>"],"unlinked":["<span class=\"advgb-post-tax-term\">News<\/span>"]},"tags":{"linked":["<a href=\"https:\/\/ciac.pt\/en\/.\/news\/\" class=\"advgb-post-tax-term\">Dissemination<\/a>"],"unlinked":["<span class=\"advgb-post-tax-term\">Dissemination<\/span>"]}},"comment_count":0,"relative_dates":{"created":"Posted 7 months ago","modified":"Updated 7 months ago"},"absolute_dates":{"created":"Posted on 18\/09\/2025","modified":"Updated on 29\/09\/2025"},"absolute_dates_time":{"created":"Posted on 18\/09\/2025 17:33","modified":"Updated on 29\/09\/2025 18:08"},"featured_img_caption":"","series_order":"","_links":{"self":[{"href":"https:\/\/ciac.pt\/en\/wp-json\/wp\/v2\/posts\/12039","targetHints":{"allow":["GET"]}}],"collection":[{"href":"https:\/\/ciac.pt\/en\/wp-json\/wp\/v2\/posts"}],"about":[{"href":"https:\/\/ciac.pt\/en\/wp-json\/wp\/v2\/types\/post"}],"author":[{"embeddable":true,"href":"https:\/\/ciac.pt\/en\/wp-json\/wp\/v2\/users\/3"}],"replies":[{"embeddable":true,"href":"https:\/\/ciac.pt\/en\/wp-json\/wp\/v2\/comments?post=12039"}],"version-history":[{"count":2,"href":"https:\/\/ciac.pt\/en\/wp-json\/wp\/v2\/posts\/12039\/revisions"}],"predecessor-version":[{"id":12068,"href":"https:\/\/ciac.pt\/en\/wp-json\/wp\/v2\/posts\/12039\/revisions\/12068"}],"wp:featuredmedia":[{"embeddable":true,"href":"https:\/\/ciac.pt\/en\/wp-json\/wp\/v2\/media\/12066"}],"wp:attachment":[{"href":"https:\/\/ciac.pt\/en\/wp-json\/wp\/v2\/media?parent=12039"}],"wp:term":[{"taxonomy":"category","embeddable":true,"href":"https:\/\/ciac.pt\/en\/wp-json\/wp\/v2\/categories?post=12039"},{"taxonomy":"post_tag","embeddable":true,"href":"https:\/\/ciac.pt\/en\/wp-json\/wp\/v2\/tags?post=12039"}],"curies":[{"name":"wp","href":"https:\/\/api.w.org\/{rel}","templated":true}]}}