{"id":12062,"date":"2025-09-19T02:05:40","date_gmt":"2025-09-19T01:05:40","guid":{"rendered":"https:\/\/ciac.pt\/uncategorized\/jesus-rame-lopez-apresentara-palestra-sobre-o-cineasta-jose-leitao-de-barros\/"},"modified":"2025-09-29T18:00:36","modified_gmt":"2025-09-29T17:00:36","slug":"jesus-rame-lopez-apresentara-palestra-sobre-o-cineasta-jose-leitao-de-barros","status":"publish","type":"post","link":"https:\/\/ciac.pt\/en\/news\/jesus-rame-lopez-apresentara-palestra-sobre-o-cineasta-jose-leitao-de-barros\/","title":{"rendered":"Jes\u00fas Ram\u00e9 Lop\u00e9z to deliver a lecture on filmmaker Jos\u00e9 Leit\u00e3o de Barros"},"content":{"rendered":"\n\n\n\n<figure class=\"wp-block-image size-full is-resized\"><img decoding=\"async\" width=\"1754\" height=\"2480\" data-src=\"https:\/\/ciac.pt\/wp-content\/uploads\/2025\/09\/Cartaz-Eventos-CIAC-25-26-01.jpg\" alt=\"\" class=\"wp-image-11991 lazyload\" style=\"--smush-placeholder-width: 1754px; --smush-placeholder-aspect-ratio: 1754\/2480;width:300px\" data-srcset=\"https:\/\/ciac.pt\/wp-content\/uploads\/2025\/09\/Cartaz-Eventos-CIAC-25-26-01.jpg 1754w, https:\/\/ciac.pt\/wp-content\/uploads\/2025\/09\/Cartaz-Eventos-CIAC-25-26-01-212x300.jpg 212w, https:\/\/ciac.pt\/wp-content\/uploads\/2025\/09\/Cartaz-Eventos-CIAC-25-26-01-724x1024.jpg 724w, https:\/\/ciac.pt\/wp-content\/uploads\/2025\/09\/Cartaz-Eventos-CIAC-25-26-01-768x1086.jpg 768w, https:\/\/ciac.pt\/wp-content\/uploads\/2025\/09\/Cartaz-Eventos-CIAC-25-26-01-1086x1536.jpg 1086w, https:\/\/ciac.pt\/wp-content\/uploads\/2025\/09\/Cartaz-Eventos-CIAC-25-26-01-1448x2048.jpg 1448w\" data-sizes=\"(max-width: 1754px) 100vw, 1754px\" src=\"data:image\/svg+xml;base64,PHN2ZyB3aWR0aD0iMSIgaGVpZ2h0PSIxIiB4bWxucz0iaHR0cDovL3d3dy53My5vcmcvMjAwMC9zdmciPjwvc3ZnPg==\" \/><\/figure>\n\n\n\n<h2 class=\"wp-block-heading\">Jes\u00fas Ram\u00e9 Lop\u00e9z to deliver a lecture on filmmaker Jos\u00e9 Leit\u00e3o de Barros<\/h2>\n\n\n<div class=\"wp-block-post-date\"><time datetime=\"2025-09-19T02:05:40+01:00\">19\/09\/2025<\/time><\/div>\n\n\n<hr class=\"wp-block-separator has-alpha-channel-opacity\"\/>\n\n\n\n<p>On October 8, CIAC will host Jes\u00fas Ram\u00e9 Lop\u00e9z, from Rey Juan Carlos University, who will give a lecture entitled <em>\u201cJos\u00e9 Leit\u00e3o de Barros and Spain: A Singular Cinematic Relationship.\u201d<\/em><\/p>\n\n\n\n<p>Jos\u00e9 Leit\u00e3o de Barros was one of the most prominent Portuguese filmmakers of the 1930s and 1940s, having directed two Iberian co-productions: <em>Bocage\/Las tres Gracias<\/em> (1936) and <em>In\u00e9s de Castro<\/em> (1944).<\/p>\n\n\n\n<p>Jes\u00fas Ram\u00e9 Lop\u00e9z is a professor at Rey Juan Carlos University in the Department of Communication Sciences and Sociology. He holds a PhD in Philosophy (UNED, 2019) and in Communication (URJC, 2025). He has published articles in several indexed journals. His latest book is <em>O erro de Narciso. Literacia Audiovisual para a Educa\u00e7\u00e3o<\/em> (Dykinson, 2023). He is a member of the INECO Research Group (URJC) and the NODOS Teaching Innovation Group (URJC). His research focuses on film creative processes, film analysis, and audiovisual literacy. His article <em>\u201cA New Beauty: Luk\u00e1cs and Cinema\u201d<\/em> received the Fernando Gon\u00e7alves Labrador Award at the IX Avanca International Conference on Cinema in 2018. Beyond academia, since 2000, he has worked as a professional film and television editor.<\/p>\n\n\n\n<p>The event is organized by CIAC and the UAlg Library and will take place in the Library\u2019s conference room on the Gambelas campus, on Wednesday, October 8, from 2 p.m. to 4 p.m.<\/p>\n\n\n\n<hr class=\"wp-block-separator has-alpha-channel-opacity\"\/>\n","protected":false},"excerpt":{"rendered":"<p>Jes\u00fas Ram\u00e9 Lop\u00e9z to deliver a lecture on filmmaker Jos\u00e9 Leit\u00e3o de<\/p>\n","protected":false},"author":3,"featured_media":11986,"comment_status":"closed","ping_status":"closed","sticky":false,"template":"","format":"standard","meta":{"_eb_attr":"","inline_featured_image":false,"advgb_blocks_editor_width":"","advgb_blocks_columns_visual_guide":"","footnotes":"","_links_to":"","_links_to_target":""},"categories":[61],"tags":[139],"class_list":["post-12062","post","type-post","status-publish","format-standard","has-post-thumbnail","hentry","category-news","tag-dissemination"],"yoast_head":"<!-- This site is optimized with the Yoast SEO plugin v27.4 - https:\/\/yoast.com\/product\/yoast-seo-wordpress\/ -->\n<title>Jes\u00fas Ram\u00e9 Lop\u00e9z to deliver a lecture on filmmaker Jos\u00e9 Leit\u00e3o de Barros - CIAC<\/title>\n<meta name=\"robots\" content=\"index, follow, max-snippet:-1, max-image-preview:large, max-video-preview:-1\" \/>\n<link rel=\"canonical\" href=\"https:\/\/ciac.pt\/en\/news\/jesus-rame-lopez-apresentara-palestra-sobre-o-cineasta-jose-leitao-de-barros\/\" \/>\n<meta property=\"og:locale\" content=\"en_US\" \/>\n<meta property=\"og:type\" content=\"article\" \/>\n<meta property=\"og:title\" content=\"Jes\u00fas Ram\u00e9 Lop\u00e9z to deliver a lecture on filmmaker Jos\u00e9 Leit\u00e3o de Barros - CIAC\" \/>\n<meta property=\"og:description\" content=\"Jes\u00fas Ram\u00e9 Lop\u00e9z to deliver a lecture on filmmaker Jos\u00e9 Leit\u00e3o de\" \/>\n<meta property=\"og:url\" content=\"https:\/\/ciac.pt\/en\/news\/jesus-rame-lopez-apresentara-palestra-sobre-o-cineasta-jose-leitao-de-barros\/\" \/>\n<meta property=\"og:site_name\" content=\"CIAC\" \/>\n<meta property=\"article:published_time\" content=\"2025-09-19T01:05:40+00:00\" \/>\n<meta property=\"article:modified_time\" content=\"2025-09-29T17:00:36+00:00\" \/>\n<meta property=\"og:image\" content=\"https:\/\/ciac.pt\/wp-content\/uploads\/2025\/09\/Foto-Jesus-Rame-Lopez.jpg\" \/>\n\t<meta property=\"og:image:width\" content=\"1620\" \/>\n\t<meta property=\"og:image:height\" content=\"1215\" \/>\n\t<meta property=\"og:image:type\" content=\"image\/jpeg\" \/>\n<meta name=\"author\" content=\"editor1\" \/>\n<meta name=\"twitter:card\" content=\"summary_large_image\" \/>\n<meta name=\"twitter:label1\" content=\"Written by\" \/>\n\t<meta name=\"twitter:data1\" content=\"editor1\" \/>\n\t<meta name=\"twitter:label2\" content=\"Est. reading time\" \/>\n\t<meta name=\"twitter:data2\" content=\"1 minute\" \/>\n<script type=\"application\/ld+json\" class=\"yoast-schema-graph\">{\"@context\":\"https:\\\/\\\/schema.org\",\"@graph\":[{\"@type\":\"Article\",\"@id\":\"https:\\\/\\\/ciac.pt\\\/en\\\/news\\\/jesus-rame-lopez-apresentara-palestra-sobre-o-cineasta-jose-leitao-de-barros\\\/#article\",\"isPartOf\":{\"@id\":\"https:\\\/\\\/ciac.pt\\\/en\\\/news\\\/jesus-rame-lopez-apresentara-palestra-sobre-o-cineasta-jose-leitao-de-barros\\\/\"},\"author\":{\"name\":\"editor1\",\"@id\":\"https:\\\/\\\/ciac.pt\\\/en\\\/#\\\/schema\\\/person\\\/3def46b976d3f4c0cdcf7c417cb570be\"},\"headline\":\"Jes\u00fas Ram\u00e9 Lop\u00e9z to deliver a lecture on filmmaker Jos\u00e9 Leit\u00e3o de Barros\",\"datePublished\":\"2025-09-19T01:05:40+00:00\",\"dateModified\":\"2025-09-29T17:00:36+00:00\",\"mainEntityOfPage\":{\"@id\":\"https:\\\/\\\/ciac.pt\\\/en\\\/news\\\/jesus-rame-lopez-apresentara-palestra-sobre-o-cineasta-jose-leitao-de-barros\\\/\"},\"wordCount\":254,\"publisher\":{\"@id\":\"https:\\\/\\\/ciac.pt\\\/en\\\/#organization\"},\"image\":{\"@id\":\"https:\\\/\\\/ciac.pt\\\/en\\\/news\\\/jesus-rame-lopez-apresentara-palestra-sobre-o-cineasta-jose-leitao-de-barros\\\/#primaryimage\"},\"thumbnailUrl\":\"https:\\\/\\\/ciac.pt\\\/wp-content\\\/uploads\\\/2025\\\/09\\\/Foto-Jesus-Rame-Lopez.jpg\",\"keywords\":[\"Dissemination\"],\"articleSection\":[\"News\"],\"inLanguage\":\"en-US\"},{\"@type\":\"WebPage\",\"@id\":\"https:\\\/\\\/ciac.pt\\\/en\\\/news\\\/jesus-rame-lopez-apresentara-palestra-sobre-o-cineasta-jose-leitao-de-barros\\\/\",\"url\":\"https:\\\/\\\/ciac.pt\\\/en\\\/news\\\/jesus-rame-lopez-apresentara-palestra-sobre-o-cineasta-jose-leitao-de-barros\\\/\",\"name\":\"Jes\u00fas Ram\u00e9 Lop\u00e9z to deliver a lecture on filmmaker Jos\u00e9 Leit\u00e3o de Barros - CIAC\",\"isPartOf\":{\"@id\":\"https:\\\/\\\/ciac.pt\\\/en\\\/#website\"},\"primaryImageOfPage\":{\"@id\":\"https:\\\/\\\/ciac.pt\\\/en\\\/news\\\/jesus-rame-lopez-apresentara-palestra-sobre-o-cineasta-jose-leitao-de-barros\\\/#primaryimage\"},\"image\":{\"@id\":\"https:\\\/\\\/ciac.pt\\\/en\\\/news\\\/jesus-rame-lopez-apresentara-palestra-sobre-o-cineasta-jose-leitao-de-barros\\\/#primaryimage\"},\"thumbnailUrl\":\"https:\\\/\\\/ciac.pt\\\/wp-content\\\/uploads\\\/2025\\\/09\\\/Foto-Jesus-Rame-Lopez.jpg\",\"datePublished\":\"2025-09-19T01:05:40+00:00\",\"dateModified\":\"2025-09-29T17:00:36+00:00\",\"breadcrumb\":{\"@id\":\"https:\\\/\\\/ciac.pt\\\/en\\\/news\\\/jesus-rame-lopez-apresentara-palestra-sobre-o-cineasta-jose-leitao-de-barros\\\/#breadcrumb\"},\"inLanguage\":\"en-US\",\"potentialAction\":[{\"@type\":\"ReadAction\",\"target\":[\"https:\\\/\\\/ciac.pt\\\/en\\\/news\\\/jesus-rame-lopez-apresentara-palestra-sobre-o-cineasta-jose-leitao-de-barros\\\/\"]}]},{\"@type\":\"ImageObject\",\"inLanguage\":\"en-US\",\"@id\":\"https:\\\/\\\/ciac.pt\\\/en\\\/news\\\/jesus-rame-lopez-apresentara-palestra-sobre-o-cineasta-jose-leitao-de-barros\\\/#primaryimage\",\"url\":\"https:\\\/\\\/ciac.pt\\\/wp-content\\\/uploads\\\/2025\\\/09\\\/Foto-Jesus-Rame-Lopez.jpg\",\"contentUrl\":\"https:\\\/\\\/ciac.pt\\\/wp-content\\\/uploads\\\/2025\\\/09\\\/Foto-Jesus-Rame-Lopez.jpg\",\"width\":1620,\"height\":1215},{\"@type\":\"BreadcrumbList\",\"@id\":\"https:\\\/\\\/ciac.pt\\\/en\\\/news\\\/jesus-rame-lopez-apresentara-palestra-sobre-o-cineasta-jose-leitao-de-barros\\\/#breadcrumb\",\"itemListElement\":[{\"@type\":\"ListItem\",\"position\":1,\"name\":\"In\u00edcio\",\"item\":\"https:\\\/\\\/ciac.pt\\\/en\\\/\"},{\"@type\":\"ListItem\",\"position\":2,\"name\":\"Jes\u00fas Ram\u00e9 Lop\u00e9z to deliver a lecture on filmmaker Jos\u00e9 Leit\u00e3o de Barros\"}]},{\"@type\":\"WebSite\",\"@id\":\"https:\\\/\\\/ciac.pt\\\/en\\\/#website\",\"url\":\"https:\\\/\\\/ciac.pt\\\/en\\\/\",\"name\":\"CIAC\",\"description\":\"Centro de Investiga\u00e7\u00e3o em Artes e Comunica\u00e7\u00e3o\",\"publisher\":{\"@id\":\"https:\\\/\\\/ciac.pt\\\/en\\\/#organization\"},\"potentialAction\":[{\"@type\":\"SearchAction\",\"target\":{\"@type\":\"EntryPoint\",\"urlTemplate\":\"https:\\\/\\\/ciac.pt\\\/en\\\/?s={search_term_string}\"},\"query-input\":{\"@type\":\"PropertyValueSpecification\",\"valueRequired\":true,\"valueName\":\"search_term_string\"}}],\"inLanguage\":\"en-US\"},{\"@type\":\"Organization\",\"@id\":\"https:\\\/\\\/ciac.pt\\\/en\\\/#organization\",\"name\":\"CIAC\",\"url\":\"https:\\\/\\\/ciac.pt\\\/en\\\/\",\"logo\":{\"@type\":\"ImageObject\",\"inLanguage\":\"en-US\",\"@id\":\"https:\\\/\\\/ciac.pt\\\/en\\\/#\\\/schema\\\/logo\\\/image\\\/\",\"url\":\"https:\\\/\\\/ciac.pt\\\/wp-content\\\/uploads\\\/2022\\\/06\\\/logo.svg\",\"contentUrl\":\"https:\\\/\\\/ciac.pt\\\/wp-content\\\/uploads\\\/2022\\\/06\\\/logo.svg\",\"width\":184,\"height\":51,\"caption\":\"CIAC\"},\"image\":{\"@id\":\"https:\\\/\\\/ciac.pt\\\/en\\\/#\\\/schema\\\/logo\\\/image\\\/\"}},{\"@type\":\"Person\",\"@id\":\"https:\\\/\\\/ciac.pt\\\/en\\\/#\\\/schema\\\/person\\\/3def46b976d3f4c0cdcf7c417cb570be\",\"name\":\"editor1\",\"image\":{\"@type\":\"ImageObject\",\"inLanguage\":\"en-US\",\"@id\":\"https:\\\/\\\/secure.gravatar.com\\\/avatar\\\/4d8eb3157f61df03731fd8bf031b56d1d9241759e8f8c07d4d7e51d2f858c821?s=96&d=mm&r=g\",\"url\":\"https:\\\/\\\/secure.gravatar.com\\\/avatar\\\/4d8eb3157f61df03731fd8bf031b56d1d9241759e8f8c07d4d7e51d2f858c821?s=96&d=mm&r=g\",\"contentUrl\":\"https:\\\/\\\/secure.gravatar.com\\\/avatar\\\/4d8eb3157f61df03731fd8bf031b56d1d9241759e8f8c07d4d7e51d2f858c821?s=96&d=mm&r=g\",\"caption\":\"editor1\"},\"url\":\"https:\\\/\\\/ciac.pt\\\/en\\\/author\\\/editor1\\\/\"}]}<\/script>\n<!-- \/ Yoast SEO plugin. -->","yoast_head_json":{"title":"Jes\u00fas Ram\u00e9 Lop\u00e9z to deliver a lecture on filmmaker Jos\u00e9 Leit\u00e3o de Barros - CIAC","robots":{"index":"index","follow":"follow","max-snippet":"max-snippet:-1","max-image-preview":"max-image-preview:large","max-video-preview":"max-video-preview:-1"},"canonical":"https:\/\/ciac.pt\/en\/news\/jesus-rame-lopez-apresentara-palestra-sobre-o-cineasta-jose-leitao-de-barros\/","og_locale":"en_US","og_type":"article","og_title":"Jes\u00fas Ram\u00e9 Lop\u00e9z to deliver a lecture on filmmaker Jos\u00e9 Leit\u00e3o de Barros - CIAC","og_description":"Jes\u00fas Ram\u00e9 Lop\u00e9z to deliver a lecture on filmmaker Jos\u00e9 Leit\u00e3o de","og_url":"https:\/\/ciac.pt\/en\/news\/jesus-rame-lopez-apresentara-palestra-sobre-o-cineasta-jose-leitao-de-barros\/","og_site_name":"CIAC","article_published_time":"2025-09-19T01:05:40+00:00","article_modified_time":"2025-09-29T17:00:36+00:00","og_image":[{"width":1620,"height":1215,"url":"https:\/\/ciac.pt\/wp-content\/uploads\/2025\/09\/Foto-Jesus-Rame-Lopez.jpg","type":"image\/jpeg"}],"author":"editor1","twitter_card":"summary_large_image","twitter_misc":{"Written by":"editor1","Est. reading time":"1 minute"},"schema":{"@context":"https:\/\/schema.org","@graph":[{"@type":"Article","@id":"https:\/\/ciac.pt\/en\/news\/jesus-rame-lopez-apresentara-palestra-sobre-o-cineasta-jose-leitao-de-barros\/#article","isPartOf":{"@id":"https:\/\/ciac.pt\/en\/news\/jesus-rame-lopez-apresentara-palestra-sobre-o-cineasta-jose-leitao-de-barros\/"},"author":{"name":"editor1","@id":"https:\/\/ciac.pt\/en\/#\/schema\/person\/3def46b976d3f4c0cdcf7c417cb570be"},"headline":"Jes\u00fas Ram\u00e9 Lop\u00e9z to deliver a lecture on filmmaker Jos\u00e9 Leit\u00e3o de Barros","datePublished":"2025-09-19T01:05:40+00:00","dateModified":"2025-09-29T17:00:36+00:00","mainEntityOfPage":{"@id":"https:\/\/ciac.pt\/en\/news\/jesus-rame-lopez-apresentara-palestra-sobre-o-cineasta-jose-leitao-de-barros\/"},"wordCount":254,"publisher":{"@id":"https:\/\/ciac.pt\/en\/#organization"},"image":{"@id":"https:\/\/ciac.pt\/en\/news\/jesus-rame-lopez-apresentara-palestra-sobre-o-cineasta-jose-leitao-de-barros\/#primaryimage"},"thumbnailUrl":"https:\/\/ciac.pt\/wp-content\/uploads\/2025\/09\/Foto-Jesus-Rame-Lopez.jpg","keywords":["Dissemination"],"articleSection":["News"],"inLanguage":"en-US"},{"@type":"WebPage","@id":"https:\/\/ciac.pt\/en\/news\/jesus-rame-lopez-apresentara-palestra-sobre-o-cineasta-jose-leitao-de-barros\/","url":"https:\/\/ciac.pt\/en\/news\/jesus-rame-lopez-apresentara-palestra-sobre-o-cineasta-jose-leitao-de-barros\/","name":"Jes\u00fas Ram\u00e9 Lop\u00e9z to deliver a lecture on filmmaker Jos\u00e9 Leit\u00e3o de Barros - CIAC","isPartOf":{"@id":"https:\/\/ciac.pt\/en\/#website"},"primaryImageOfPage":{"@id":"https:\/\/ciac.pt\/en\/news\/jesus-rame-lopez-apresentara-palestra-sobre-o-cineasta-jose-leitao-de-barros\/#primaryimage"},"image":{"@id":"https:\/\/ciac.pt\/en\/news\/jesus-rame-lopez-apresentara-palestra-sobre-o-cineasta-jose-leitao-de-barros\/#primaryimage"},"thumbnailUrl":"https:\/\/ciac.pt\/wp-content\/uploads\/2025\/09\/Foto-Jesus-Rame-Lopez.jpg","datePublished":"2025-09-19T01:05:40+00:00","dateModified":"2025-09-29T17:00:36+00:00","breadcrumb":{"@id":"https:\/\/ciac.pt\/en\/news\/jesus-rame-lopez-apresentara-palestra-sobre-o-cineasta-jose-leitao-de-barros\/#breadcrumb"},"inLanguage":"en-US","potentialAction":[{"@type":"ReadAction","target":["https:\/\/ciac.pt\/en\/news\/jesus-rame-lopez-apresentara-palestra-sobre-o-cineasta-jose-leitao-de-barros\/"]}]},{"@type":"ImageObject","inLanguage":"en-US","@id":"https:\/\/ciac.pt\/en\/news\/jesus-rame-lopez-apresentara-palestra-sobre-o-cineasta-jose-leitao-de-barros\/#primaryimage","url":"https:\/\/ciac.pt\/wp-content\/uploads\/2025\/09\/Foto-Jesus-Rame-Lopez.jpg","contentUrl":"https:\/\/ciac.pt\/wp-content\/uploads\/2025\/09\/Foto-Jesus-Rame-Lopez.jpg","width":1620,"height":1215},{"@type":"BreadcrumbList","@id":"https:\/\/ciac.pt\/en\/news\/jesus-rame-lopez-apresentara-palestra-sobre-o-cineasta-jose-leitao-de-barros\/#breadcrumb","itemListElement":[{"@type":"ListItem","position":1,"name":"In\u00edcio","item":"https:\/\/ciac.pt\/en\/"},{"@type":"ListItem","position":2,"name":"Jes\u00fas Ram\u00e9 Lop\u00e9z to deliver a lecture on filmmaker Jos\u00e9 Leit\u00e3o de Barros"}]},{"@type":"WebSite","@id":"https:\/\/ciac.pt\/en\/#website","url":"https:\/\/ciac.pt\/en\/","name":"CIAC","description":"Centro de Investiga\u00e7\u00e3o em Artes e Comunica\u00e7\u00e3o","publisher":{"@id":"https:\/\/ciac.pt\/en\/#organization"},"potentialAction":[{"@type":"SearchAction","target":{"@type":"EntryPoint","urlTemplate":"https:\/\/ciac.pt\/en\/?s={search_term_string}"},"query-input":{"@type":"PropertyValueSpecification","valueRequired":true,"valueName":"search_term_string"}}],"inLanguage":"en-US"},{"@type":"Organization","@id":"https:\/\/ciac.pt\/en\/#organization","name":"CIAC","url":"https:\/\/ciac.pt\/en\/","logo":{"@type":"ImageObject","inLanguage":"en-US","@id":"https:\/\/ciac.pt\/en\/#\/schema\/logo\/image\/","url":"https:\/\/ciac.pt\/wp-content\/uploads\/2022\/06\/logo.svg","contentUrl":"https:\/\/ciac.pt\/wp-content\/uploads\/2022\/06\/logo.svg","width":184,"height":51,"caption":"CIAC"},"image":{"@id":"https:\/\/ciac.pt\/en\/#\/schema\/logo\/image\/"}},{"@type":"Person","@id":"https:\/\/ciac.pt\/en\/#\/schema\/person\/3def46b976d3f4c0cdcf7c417cb570be","name":"editor1","image":{"@type":"ImageObject","inLanguage":"en-US","@id":"https:\/\/secure.gravatar.com\/avatar\/4d8eb3157f61df03731fd8bf031b56d1d9241759e8f8c07d4d7e51d2f858c821?s=96&d=mm&r=g","url":"https:\/\/secure.gravatar.com\/avatar\/4d8eb3157f61df03731fd8bf031b56d1d9241759e8f8c07d4d7e51d2f858c821?s=96&d=mm&r=g","contentUrl":"https:\/\/secure.gravatar.com\/avatar\/4d8eb3157f61df03731fd8bf031b56d1d9241759e8f8c07d4d7e51d2f858c821?s=96&d=mm&r=g","caption":"editor1"},"url":"https:\/\/ciac.pt\/en\/author\/editor1\/"}]}},"author_meta":{"display_name":"editor1","author_link":"https:\/\/ciac.pt\/en\/author\/editor1\/"},"featured_img":"https:\/\/ciac.pt\/wp-content\/uploads\/2025\/09\/Foto-Jesus-Rame-Lopez-300x225.jpg","coauthors":[],"tax_additional":{"categories":{"linked":["<a href=\"https:\/\/ciac.pt\/en\/.\/news\/\" class=\"advgb-post-tax-term\">News<\/a>"],"unlinked":["<span class=\"advgb-post-tax-term\">News<\/span>"]},"tags":{"linked":["<a href=\"https:\/\/ciac.pt\/en\/.\/news\/\" class=\"advgb-post-tax-term\">Dissemination<\/a>"],"unlinked":["<span class=\"advgb-post-tax-term\">Dissemination<\/span>"]}},"comment_count":0,"relative_dates":{"created":"Posted 8 months ago","modified":"Updated 7 months ago"},"absolute_dates":{"created":"Posted on 19\/09\/2025","modified":"Updated on 29\/09\/2025"},"absolute_dates_time":{"created":"Posted on 19\/09\/2025 2:05","modified":"Updated on 29\/09\/2025 18:00"},"featured_img_caption":"","series_order":"","_links":{"self":[{"href":"https:\/\/ciac.pt\/en\/wp-json\/wp\/v2\/posts\/12062","targetHints":{"allow":["GET"]}}],"collection":[{"href":"https:\/\/ciac.pt\/en\/wp-json\/wp\/v2\/posts"}],"about":[{"href":"https:\/\/ciac.pt\/en\/wp-json\/wp\/v2\/types\/post"}],"author":[{"embeddable":true,"href":"https:\/\/ciac.pt\/en\/wp-json\/wp\/v2\/users\/3"}],"replies":[{"embeddable":true,"href":"https:\/\/ciac.pt\/en\/wp-json\/wp\/v2\/comments?post=12062"}],"version-history":[{"count":1,"href":"https:\/\/ciac.pt\/en\/wp-json\/wp\/v2\/posts\/12062\/revisions"}],"predecessor-version":[{"id":12064,"href":"https:\/\/ciac.pt\/en\/wp-json\/wp\/v2\/posts\/12062\/revisions\/12064"}],"wp:featuredmedia":[{"embeddable":true,"href":"https:\/\/ciac.pt\/en\/wp-json\/wp\/v2\/media\/11986"}],"wp:attachment":[{"href":"https:\/\/ciac.pt\/en\/wp-json\/wp\/v2\/media?parent=12062"}],"wp:term":[{"taxonomy":"category","embeddable":true,"href":"https:\/\/ciac.pt\/en\/wp-json\/wp\/v2\/categories?post=12062"},{"taxonomy":"post_tag","embeddable":true,"href":"https:\/\/ciac.pt\/en\/wp-json\/wp\/v2\/tags?post=12062"}],"curies":[{"name":"wp","href":"https:\/\/api.w.org\/{rel}","templated":true}]}}