{"id":12104,"date":"2025-09-01T14:04:00","date_gmt":"2025-09-01T13:04:00","guid":{"rendered":"https:\/\/ciac.pt\/?p=12104"},"modified":"2025-11-19T08:35:24","modified_gmt":"2025-11-19T08:35:24","slug":"19th-ciac-conference-days","status":"publish","type":"post","link":"https:\/\/ciac.pt\/en\/event\/19th-ciac-conference-days\/","title":{"rendered":"19th CIAC Conference Days"},"content":{"rendered":"\n<div class=\"wp-block-columns com-espaco is-layout-flex wp-container-core-columns-is-layout-9d6595d7 wp-block-columns-is-layout-flex\">\n<div class=\"wp-block-column is-layout-flow wp-block-column-is-layout-flow\" style=\"flex-basis:25%\"><\/div>\n\n\n\n<div class=\"wp-block-column is-layout-flow wp-block-column-is-layout-flow\" style=\"flex-basis:50%\">\n<figure class=\"wp-block-image size-large\"><img decoding=\"async\" data-src=\"https:\/\/ciac.pt\/wp-content\/uploads\/2025\/10\/xix-jornadas-do-ciac.svg\" alt=\"\" class=\"wp-image-12105 lazyload\" src=\"data:image\/svg+xml;base64,PHN2ZyB3aWR0aD0iMSIgaGVpZ2h0PSIxIiB4bWxucz0iaHR0cDovL3d3dy53My5vcmcvMjAwMC9zdmciPjwvc3ZnPg==\" \/><\/figure>\n<\/div>\n\n\n\n<div class=\"wp-block-column is-layout-flow wp-block-column-is-layout-flow\" style=\"flex-basis:25%\"><\/div>\n<\/div>\n\n\n\n<div class=\"wp-block-columns com-espaco-x2 is-layout-flex wp-container-core-columns-is-layout-9d6595d7 wp-block-columns-is-layout-flex\">\n<div class=\"wp-block-column is-layout-flow wp-block-column-is-layout-flow\" style=\"flex-basis:25%\"><\/div>\n\n\n\n<div class=\"wp-block-column is-layout-flow wp-block-column-is-layout-flow\" style=\"flex-basis:50%\">\n<p><p style=\"color:#fff48f; text-align: center; font-weight:700; font-size:1.4em\">Penha Campus. Faro, Portugal<\/p><\/p>\n<\/div>\n\n\n\n<div class=\"wp-block-column is-layout-flow wp-block-column-is-layout-flow\" style=\"flex-basis:25%\"><\/div>\n<\/div>\n\n\n\n<p>The Research Center in Arts and Communication organizes, on <strong>November 6 and 7, 2025<\/strong>, the <strong>19th edition of the CIAC Conference Days<\/strong>, dedicated to the theme <strong>Interdisciplinary Research<\/strong>. This meeting retains its central purpose of bringing together CIAC researchers and collaborators, both junior and senior, in a space for <strong>sharing, reflection, and discussion of projects, publications, methodologies, concepts, and research paths<\/strong>.<\/p>\n\n\n\n<p>The 2025 edition stands out for its focus on interdisciplinarity, encouraging dialogue between different fields of knowledge and promoting new perspectives in academic research in the contemporary context. Over the course of two days, participants will have the opportunity to <strong>present projects, debate methodological issues, explore concepts, and foster collaborations among centers and working groups<\/strong>.<\/p>\n\n\n\n<p>The event brings together all the CIAC poles and working groups: <strong>Visual Arts and Creative Processes<\/strong>, <strong>Film Studies<\/strong>, <strong>Digital Media Art<\/strong>, <strong>Communication Sciences<\/strong>, <strong>Digital Literacy and Social Inclusion<\/strong>, <strong>Literature and Tourism<\/strong>, and <strong>Communication of\/in Science and Cultures<\/strong>.<\/p>\n\n\n\n<p>The 19th CIAC Conference Days represent a moment of <strong>meeting and academic exchange<\/strong>, reinforcing the importance of interdisciplinary research \u2014a profile it has maintained since its inception\u2014 and the collaboration among researchers of different generations and areas of expertise.<\/p>\n\n\n\n<p>The 19th CIAC Conference Days also mark the 30th anniversary of the Bachelor&#8217;s degree in Communication Sciences at the University of Algarve, a program that has been intrinsically connected to the center since its inception through its faculty, researchers, and students.<\/p>\n\n\n\n<h2 class=\"wp-block-heading\"><a href=\"https:\/\/ciac.pt\/wp-content\/uploads\/2025\/10\/Programa-Web.pdf\">Programme<\/a><\/h2>\n\n\n\n<h2 class=\"wp-block-heading\"><a href=\"https:\/\/ciac.pt\/wp-content\/uploads\/2025\/10\/livro-de-resumos.pdf\">Book of Abstracts<\/a><\/h2>\n\n\n\n<p class=\"wp-embed-aspect-16-9 wp-has-aspect-ratio\">Isabel Carvalho (CIAC-UAb), S\u00edlvia Viegas (CIAC-UAlg) | \u201cHumanidades Digitais e Estudos \u201d [\u2018Digital Humanities and<br>Urban Studies\u2019]<\/p>\n\n\n\n<div class=\"wp-block-columns wp-embed-aspect-16-9 wp-has-aspect-ratio is-layout-flex wp-container-core-columns-is-layout-9d6595d7 wp-block-columns-is-layout-flex\">\n<div class=\"wp-block-column is-layout-flow wp-block-column-is-layout-flow\" style=\"flex-basis:66.66%\">\n<figure class=\"wp-block-embed is-type-video is-provider-youtube wp-block-embed-youtube wp-embed-aspect-16-9 wp-has-aspect-ratio\"><div class=\"wp-block-embed__wrapper\">\n<iframe title=\"XIX Jornadas do CIAC - Apresenta\u00e7\u00e3o &quot;Digital Humanities &amp; Urban Studies&quot;\" width=\"1400\" height=\"788\" data-src=\"https:\/\/www.youtube.com\/embed\/2frtQ9xAWYI?feature=oembed\" frameborder=\"0\" allow=\"accelerometer; autoplay; clipboard-write; encrypted-media; gyroscope; picture-in-picture; web-share\" referrerpolicy=\"strict-origin-when-cross-origin\" allowfullscreen src=\"data:image\/svg+xml;base64,PHN2ZyB3aWR0aD0iMSIgaGVpZ2h0PSIxIiB4bWxucz0iaHR0cDovL3d3dy53My5vcmcvMjAwMC9zdmciPjwvc3ZnPg==\" class=\"lazyload\" data-load-mode=\"1\"><\/iframe>\n<\/div><\/figure>\n<\/div>\n\n\n\n<div class=\"wp-block-column is-layout-flow wp-block-column-is-layout-flow\" style=\"flex-basis:33.33%\"><\/div>\n<\/div>\n\n\n\n<h2 class=\"wp-block-heading\">Keynote: Piet Kommers<\/h2>\n\n\n\n<div class=\"wp-block-columns com-espaco-x2 is-layout-flex wp-container-core-columns-is-layout-9d6595d7 wp-block-columns-is-layout-flex\">\n<div class=\"wp-block-column is-layout-flow wp-block-column-is-layout-flow\" style=\"flex-basis:33.33%\">\n<figure class=\"wp-block-image size-full is-style-rounded\"><img decoding=\"async\" width=\"916\" height=\"916\" data-src=\"https:\/\/ciac.pt\/wp-content\/uploads\/2025\/10\/piet-kommers.jpg\" alt=\"\" class=\"wp-image-12110 lazyload\" data-srcset=\"https:\/\/ciac.pt\/wp-content\/uploads\/2025\/10\/piet-kommers.jpg 916w, https:\/\/ciac.pt\/wp-content\/uploads\/2025\/10\/piet-kommers-300x300.jpg 300w, https:\/\/ciac.pt\/wp-content\/uploads\/2025\/10\/piet-kommers-150x150.jpg 150w, https:\/\/ciac.pt\/wp-content\/uploads\/2025\/10\/piet-kommers-768x768.jpg 768w\" data-sizes=\"(max-width: 916px) 100vw, 916px\" src=\"data:image\/svg+xml;base64,PHN2ZyB3aWR0aD0iMSIgaGVpZ2h0PSIxIiB4bWxucz0iaHR0cDovL3d3dy53My5vcmcvMjAwMC9zdmciPjwvc3ZnPg==\" style=\"--smush-placeholder-width: 916px; --smush-placeholder-aspect-ratio: 916\/916;\" \/><\/figure>\n<\/div>\n\n\n\n<div class=\"wp-block-column is-layout-flow wp-block-column-is-layout-flow\" style=\"flex-basis:66.66%\">\n<p>Piet Kommers is an emeritus professor at UNESCO, a title awarded in recognition of his research work on New Media as a cognitive and social support. Piet Kommers is currently a professor in the area of Learning Technologies, in the Faculty of Behavioral Sciences, University of Twente, as well as a member of advisory councils in ministries of education and science academy in Japan, Australia, Singapore, Finland, Thailand and Russia. The researcher promoted and coordinated the NATO Advanced Research Workshop on Cognitive Technologies and a series of Joint European Research Projects. His research work is a pioneer in the cognitive and social support for communication and education through the media, approaching in his books and articles the social and intellectual transformations caused by the transition from traditional media to new media. Since the late nineties, he has given more than 40 invited and leading lectures at major conferences in the fields of education, media and communication.<\/p>\n<\/div>\n<\/div>\n\n\n\n<p>Free entry. <a href=\"https:\/\/forms.office.com\/e\/Dtjm36HAtj\">Participation certificate provided<\/a>.<\/p>\n\n\n\n<div class=\"wp-block-columns com-espaco-x2 is-layout-flex wp-container-core-columns-is-layout-9d6595d7 wp-block-columns-is-layout-flex\">\n<div class=\"wp-block-column is-layout-flow wp-block-column-is-layout-flow\">\n<h2 class=\"wp-block-heading\">Organization<\/h2>\n\n\n\n<ul class=\"wp-block-list\">\n<li>CIAC \u2013 Centro de Investiga\u00e7\u00e3o em Artes e Comunica\u00e7\u00e3o<\/li>\n<\/ul>\n\n\n\n<h3 class=\"wp-block-heading\">CIAC Coordination<\/h3>\n\n\n\n<ul class=\"wp-block-list\">\n<li>Bruno Mendes da Silva<\/li>\n\n\n\n<li>Mirian Tavares<\/li>\n<\/ul>\n\n\n\n<h3 class=\"wp-block-heading\">Co-organization<\/h3>\n\n\n\n<ul class=\"wp-block-list\">\n<li>Polytechnic of Santar\u00e9m<\/li>\n\n\n\n<li>Open University<\/li>\n\n\n\n<li>University of Maia<\/li>\n<\/ul>\n\n\n\n<ul class=\"wp-block-list\">\n<li>Lisbon Theatre and Film School<\/li>\n<\/ul>\n\n\n\n<h3 class=\"wp-block-heading\">Responsible Researcher<\/h3>\n\n\n\n<ul class=\"wp-block-list\">\n<li>Susana Costa<\/li>\n<\/ul>\n\n\n\n<h3 class=\"wp-block-heading\">Organization Committee<\/h3>\n\n\n\n<ul class=\"wp-block-list\">\n<li>Susana Costa (UAlg\/CIAC, Portugal) (Coordination)<\/li>\n\n\n\n<li>Alexandre Martins (UAlg\/CIAC, Portugal)<\/li>\n\n\n\n<li>Ana Filipa Martins (UAlg\/CIAC, Portugal)<\/li>\n\n\n\n<li>Jo\u00e3o Paulo dos Reis e Cunha (UAlg\/CIAC, Portugal)<\/li>\n\n\n\n<li>Jorge Carrega (UAlg\/CIAC, Portugal)<\/li>\n\n\n\n<li>Fernando Paulino (UMaia\/CIAC, Portugal)<\/li>\n\n\n\n<li>Maria Potes Barbas (IPSantar\u00e9m\/CIAC, Portugal)<\/li>\n\n\n\n<li>Mirian Tavares (UAlg\/CIAC, Portugal)<\/li>\n\n\n\n<li>Pedro Alves da Veiga (UAb\/CIAC, Portugal)<\/li>\n<\/ul>\n<\/div>\n\n\n\n<div class=\"wp-block-column is-layout-flow wp-block-column-is-layout-flow\">\n<h3 class=\"wp-block-heading\">Scientific Committee<\/h3>\n\n\n\n<ul class=\"wp-block-list\">\n<li>Alexandre Martins (UAlg\/CIAC, Portugal)<\/li>\n\n\n\n<li>Ana Isabel Soares (UAlg\/CIAC, Portugal)<\/li>\n\n\n\n<li>Ana Filipa Martins (UAlg\/CIAC, Portugal)<\/li>\n\n\n\n<li>Ant\u00f3nio Costa Valente (UAlg\/CIAC, Portugal)<\/li>\n\n\n\n<li>Armando Nascimento Rosa (IPL\/CIAC, Portugal)<\/li>\n\n\n\n<li>Bruno Mendes da Silva (UAlg\/CIAC, Portugal)<\/li>\n\n\n\n<li>Fernando Paulino (UMaia\/CIAC, Portugal)<\/li>\n\n\n\n<li>Filipe Madeira (IPSantar\u00e9m\/CIAC, Portugal)<\/li>\n\n\n\n<li>Gabriela Borges (UAlg\/CIAC, Portugal)<\/li>\n\n\n\n<li>Isabel Carvalho (UAB\/CIAC, Portugal)<\/li>\n\n\n\n<li>Jo\u00e3o Paulo dos Reis e Cunha (UAlg\/CIAC, Portugal)<\/li>\n\n\n\n<li>Jorge Carrega (UAlg\/CIAC, Portugal)<\/li>\n\n\n\n<li>Maria Potes Barbas (IPSantar\u00e9m\/CIAC, Portugal)<\/li>\n\n\n\n<li>Mirian Tavares (UAlg\/CIAC, Portugal)<\/li>\n\n\n\n<li>Patr\u00edcia Dourado (UAlg\/CIAC e PUC-SP, Portugal\/Brasil)<\/li>\n\n\n\n<li>Pedro Alves da Veiga (UAB\/CIAC, Portugal)<\/li>\n\n\n\n<li>Pedro Cabral Santo (UAlg\/CIAC, Portugal)<\/li>\n\n\n\n<li>S\u00edlvia Viegas (UAlg\/CIAC, Portugal)<\/li>\n\n\n\n<li>Susana Costa (UAlg\/CIAC, Portugal)<\/li>\n<\/ul>\n\n\n\n<h3 class=\"wp-block-heading\">Communication and Logistics Committee<\/h3>\n\n\n\n<ul class=\"wp-block-list\">\n<li>Jo\u00e3o Paulo dos Reis e Cunha (Coordination)<\/li>\n\n\n\n<li>Josu\u00e9 Guedes<\/li>\n\n\n\n<li>Juan Manuel Escribano Loza<\/li>\n\n\n\n<li>L\u00edvia Furtado<\/li>\n<\/ul>\n\n\n\n<h3 class=\"wp-block-heading\">Visual Identity and Webmaster<\/h3>\n\n\n\n<ul class=\"wp-block-list\">\n<li>Juan Manuel Escribano Loza<\/li>\n<\/ul>\n\n\n\n<h3 class=\"wp-block-heading\">Photo and Video Coverage<\/h3>\n\n\n\n<ul class=\"wp-block-list\">\n<li>Jo\u00e3o Paulo dos Reis e Cunha<\/li>\n<\/ul>\n<\/div>\n<\/div>\n\n\n\n<div class=\"wp-block-columns is-layout-flex wp-container-core-columns-is-layout-9d6595d7 wp-block-columns-is-layout-flex\">\n<div class=\"wp-block-column is-layout-flow wp-block-column-is-layout-flow\">\n<iframe data-src=\"https:\/\/www.google.com\/maps\/embed?pb=!1m17!1m12!1m3!1d3185.2826679035766!2d-7.924335724639342!3d37.02690605488817!2m3!1f0!2f0!3f0!3m2!1i1024!2i768!4f13.1!3m2!1m1!2zMzfCsDAxJzM2LjkiTiA3wrA1NScxOC4zIlc!5e0!3m2!1ses!2spt!4v1709811909920!5m2!1ses!2spt\" width=\"600\" height=\"450\" style=\"border:0;\" allowfullscreen=\"\" referrerpolicy=\"no-referrer-when-downgrade\" src=\"data:image\/svg+xml;base64,PHN2ZyB3aWR0aD0iMSIgaGVpZ2h0PSIxIiB4bWxucz0iaHR0cDovL3d3dy53My5vcmcvMjAwMC9zdmciPjwvc3ZnPg==\" class=\"lazyload\" data-load-mode=\"1\"><\/iframe>\n<\/div>\n\n\n\n<div class=\"wp-block-column is-layout-flow wp-block-column-is-layout-flow\"><\/div>\n<\/div>\n\n\n\n\n\n\n\n<figure class=\"wp-block-image size-large com-espaco-x2\"><img decoding=\"async\" data-src=\"https:\/\/ciac.pt\/wp-content\/uploads\/2025\/10\/partners.svg\" alt=\"\" class=\"wp-image-12138 lazyload\" src=\"data:image\/svg+xml;base64,PHN2ZyB3aWR0aD0iMSIgaGVpZ2h0PSIxIiB4bWxucz0iaHR0cDovL3d3dy53My5vcmcvMjAwMC9zdmciPjwvc3ZnPg==\" \/><\/figure>\n\n\n\n<p>This conference is financed by national funds through FCT \u2013 Funda\u00e7\u00e3o para a Ci\u00eancia e a Tecnologia, I.P., in the framework of projects \u00abUID\/04019\/2025 &#8211; CIAC\u00bb DOI: <a href=\"https:\/\/doi.org\/10.54499\/UID\/04019\/2025\">10.54499\/UID\/04019\/2025<\/a> and \u00abUID\/PRR\/04019\/2025\u00bb DOI: <a href=\"https:\/\/doi.org\/10.54499\/UID\/PRR\/04019\/2025\" target=\"_blank\" rel=\"noreferrer noopener\">10.54499\/UID\/PRR\/04019\/2025<\/a><\/p>\n<style class=\"advgb-styles-renderer\">\n.site-header { height:30vh }\n.com-espaco { margin-bottom:2em }\n.com-espaco-x2 { margin-bottom:5em }\n<\/style>","protected":false},"excerpt":{"rendered":"<p>November 6-7th, 2025<\/p>\n","protected":false},"author":1,"featured_media":12114,"comment_status":"closed","ping_status":"closed","sticky":false,"template":"","format":"standard","meta":{"_eb_attr":"","inline_featured_image":false,"advgb_blocks_editor_width":"","advgb_blocks_columns_visual_guide":"","footnotes":"","_links_to":"","_links_to_target":""},"categories":[141],"tags":[],"class_list":["post-12104","post","type-post","status-publish","format-standard","has-post-thumbnail","hentry","category-event"],"yoast_head":"<!-- This site is optimized with the Yoast SEO plugin v27.4 - https:\/\/yoast.com\/product\/yoast-seo-wordpress\/ -->\n<title>19th CIAC Conference Days - CIAC<\/title>\n<meta name=\"robots\" content=\"index, follow, max-snippet:-1, max-image-preview:large, max-video-preview:-1\" \/>\n<link rel=\"canonical\" href=\"https:\/\/ciac.pt\/en\/event\/19th-ciac-conference-days\/\" \/>\n<meta property=\"og:locale\" content=\"en_US\" \/>\n<meta property=\"og:type\" content=\"article\" \/>\n<meta property=\"og:title\" content=\"19th CIAC Conference Days - CIAC\" \/>\n<meta property=\"og:description\" content=\"November 6-7th, 2025\" \/>\n<meta property=\"og:url\" content=\"https:\/\/ciac.pt\/en\/event\/19th-ciac-conference-days\/\" \/>\n<meta property=\"og:site_name\" content=\"CIAC\" \/>\n<meta property=\"article:published_time\" content=\"2025-09-01T13:04:00+00:00\" \/>\n<meta property=\"article:modified_time\" content=\"2025-11-19T08:35:24+00:00\" \/>\n<meta property=\"og:image\" content=\"https:\/\/ciac.pt\/wp-content\/uploads\/2025\/10\/featured.jpg\" \/>\n\t<meta property=\"og:image:width\" content=\"1620\" \/>\n\t<meta property=\"og:image:height\" content=\"1215\" \/>\n\t<meta property=\"og:image:type\" content=\"image\/jpeg\" \/>\n<meta name=\"author\" content=\"webmaster\" \/>\n<meta name=\"twitter:card\" content=\"summary_large_image\" \/>\n<meta name=\"twitter:label1\" content=\"Written by\" \/>\n\t<meta name=\"twitter:data1\" content=\"webmaster\" \/>\n\t<meta name=\"twitter:label2\" content=\"Est. reading time\" \/>\n\t<meta name=\"twitter:data2\" content=\"5 minutes\" \/>\n<script type=\"application\/ld+json\" class=\"yoast-schema-graph\">{\"@context\":\"https:\\\/\\\/schema.org\",\"@graph\":[{\"@type\":\"Article\",\"@id\":\"https:\\\/\\\/ciac.pt\\\/en\\\/event\\\/19th-ciac-conference-days\\\/#article\",\"isPartOf\":{\"@id\":\"https:\\\/\\\/ciac.pt\\\/en\\\/event\\\/19th-ciac-conference-days\\\/\"},\"author\":{\"name\":\"webmaster\",\"@id\":\"https:\\\/\\\/ciac.pt\\\/en\\\/#\\\/schema\\\/person\\\/d6e2493431ce9cb2a44b9c1a48dcdf22\"},\"headline\":\"19th CIAC Conference Days\",\"datePublished\":\"2025-09-01T13:04:00+00:00\",\"dateModified\":\"2025-11-19T08:35:24+00:00\",\"mainEntityOfPage\":{\"@id\":\"https:\\\/\\\/ciac.pt\\\/en\\\/event\\\/19th-ciac-conference-days\\\/\"},\"wordCount\":717,\"publisher\":{\"@id\":\"https:\\\/\\\/ciac.pt\\\/en\\\/#organization\"},\"image\":{\"@id\":\"https:\\\/\\\/ciac.pt\\\/en\\\/event\\\/19th-ciac-conference-days\\\/#primaryimage\"},\"thumbnailUrl\":\"https:\\\/\\\/ciac.pt\\\/wp-content\\\/uploads\\\/2025\\\/10\\\/featured.jpg\",\"articleSection\":[\"Event\"],\"inLanguage\":\"en-US\"},{\"@type\":\"WebPage\",\"@id\":\"https:\\\/\\\/ciac.pt\\\/en\\\/event\\\/19th-ciac-conference-days\\\/\",\"url\":\"https:\\\/\\\/ciac.pt\\\/en\\\/event\\\/19th-ciac-conference-days\\\/\",\"name\":\"19th CIAC Conference Days - CIAC\",\"isPartOf\":{\"@id\":\"https:\\\/\\\/ciac.pt\\\/en\\\/#website\"},\"primaryImageOfPage\":{\"@id\":\"https:\\\/\\\/ciac.pt\\\/en\\\/event\\\/19th-ciac-conference-days\\\/#primaryimage\"},\"image\":{\"@id\":\"https:\\\/\\\/ciac.pt\\\/en\\\/event\\\/19th-ciac-conference-days\\\/#primaryimage\"},\"thumbnailUrl\":\"https:\\\/\\\/ciac.pt\\\/wp-content\\\/uploads\\\/2025\\\/10\\\/featured.jpg\",\"datePublished\":\"2025-09-01T13:04:00+00:00\",\"dateModified\":\"2025-11-19T08:35:24+00:00\",\"breadcrumb\":{\"@id\":\"https:\\\/\\\/ciac.pt\\\/en\\\/event\\\/19th-ciac-conference-days\\\/#breadcrumb\"},\"inLanguage\":\"en-US\",\"potentialAction\":[{\"@type\":\"ReadAction\",\"target\":[\"https:\\\/\\\/ciac.pt\\\/en\\\/event\\\/19th-ciac-conference-days\\\/\"]}]},{\"@type\":\"ImageObject\",\"inLanguage\":\"en-US\",\"@id\":\"https:\\\/\\\/ciac.pt\\\/en\\\/event\\\/19th-ciac-conference-days\\\/#primaryimage\",\"url\":\"https:\\\/\\\/ciac.pt\\\/wp-content\\\/uploads\\\/2025\\\/10\\\/featured.jpg\",\"contentUrl\":\"https:\\\/\\\/ciac.pt\\\/wp-content\\\/uploads\\\/2025\\\/10\\\/featured.jpg\",\"width\":1620,\"height\":1215},{\"@type\":\"BreadcrumbList\",\"@id\":\"https:\\\/\\\/ciac.pt\\\/en\\\/event\\\/19th-ciac-conference-days\\\/#breadcrumb\",\"itemListElement\":[{\"@type\":\"ListItem\",\"position\":1,\"name\":\"In\u00edcio\",\"item\":\"https:\\\/\\\/ciac.pt\\\/en\\\/\"},{\"@type\":\"ListItem\",\"position\":2,\"name\":\"19th CIAC Conference Days\"}]},{\"@type\":\"WebSite\",\"@id\":\"https:\\\/\\\/ciac.pt\\\/en\\\/#website\",\"url\":\"https:\\\/\\\/ciac.pt\\\/en\\\/\",\"name\":\"CIAC\",\"description\":\"Centro de Investiga\u00e7\u00e3o em Artes e Comunica\u00e7\u00e3o\",\"publisher\":{\"@id\":\"https:\\\/\\\/ciac.pt\\\/en\\\/#organization\"},\"potentialAction\":[{\"@type\":\"SearchAction\",\"target\":{\"@type\":\"EntryPoint\",\"urlTemplate\":\"https:\\\/\\\/ciac.pt\\\/en\\\/?s={search_term_string}\"},\"query-input\":{\"@type\":\"PropertyValueSpecification\",\"valueRequired\":true,\"valueName\":\"search_term_string\"}}],\"inLanguage\":\"en-US\"},{\"@type\":\"Organization\",\"@id\":\"https:\\\/\\\/ciac.pt\\\/en\\\/#organization\",\"name\":\"CIAC\",\"url\":\"https:\\\/\\\/ciac.pt\\\/en\\\/\",\"logo\":{\"@type\":\"ImageObject\",\"inLanguage\":\"en-US\",\"@id\":\"https:\\\/\\\/ciac.pt\\\/en\\\/#\\\/schema\\\/logo\\\/image\\\/\",\"url\":\"https:\\\/\\\/ciac.pt\\\/wp-content\\\/uploads\\\/2022\\\/06\\\/logo.svg\",\"contentUrl\":\"https:\\\/\\\/ciac.pt\\\/wp-content\\\/uploads\\\/2022\\\/06\\\/logo.svg\",\"width\":184,\"height\":51,\"caption\":\"CIAC\"},\"image\":{\"@id\":\"https:\\\/\\\/ciac.pt\\\/en\\\/#\\\/schema\\\/logo\\\/image\\\/\"}},{\"@type\":\"Person\",\"@id\":\"https:\\\/\\\/ciac.pt\\\/en\\\/#\\\/schema\\\/person\\\/d6e2493431ce9cb2a44b9c1a48dcdf22\",\"name\":\"webmaster\",\"image\":{\"@type\":\"ImageObject\",\"inLanguage\":\"en-US\",\"@id\":\"https:\\\/\\\/secure.gravatar.com\\\/avatar\\\/4ef351d84fb3a91f19297e2b90dbe2c32d11868ce0fb67b2b84c961cffdfb009?s=96&d=mm&r=g\",\"url\":\"https:\\\/\\\/secure.gravatar.com\\\/avatar\\\/4ef351d84fb3a91f19297e2b90dbe2c32d11868ce0fb67b2b84c961cffdfb009?s=96&d=mm&r=g\",\"contentUrl\":\"https:\\\/\\\/secure.gravatar.com\\\/avatar\\\/4ef351d84fb3a91f19297e2b90dbe2c32d11868ce0fb67b2b84c961cffdfb009?s=96&d=mm&r=g\",\"caption\":\"webmaster\"},\"url\":\"https:\\\/\\\/ciac.pt\\\/en\\\/author\\\/webmaster\\\/\"}]}<\/script>\n<!-- \/ Yoast SEO plugin. -->","yoast_head_json":{"title":"19th CIAC Conference Days - CIAC","robots":{"index":"index","follow":"follow","max-snippet":"max-snippet:-1","max-image-preview":"max-image-preview:large","max-video-preview":"max-video-preview:-1"},"canonical":"https:\/\/ciac.pt\/en\/event\/19th-ciac-conference-days\/","og_locale":"en_US","og_type":"article","og_title":"19th CIAC Conference Days - CIAC","og_description":"November 6-7th, 2025","og_url":"https:\/\/ciac.pt\/en\/event\/19th-ciac-conference-days\/","og_site_name":"CIAC","article_published_time":"2025-09-01T13:04:00+00:00","article_modified_time":"2025-11-19T08:35:24+00:00","og_image":[{"width":1620,"height":1215,"url":"https:\/\/ciac.pt\/wp-content\/uploads\/2025\/10\/featured.jpg","type":"image\/jpeg"}],"author":"webmaster","twitter_card":"summary_large_image","twitter_misc":{"Written by":"webmaster","Est. reading time":"5 minutes"},"schema":{"@context":"https:\/\/schema.org","@graph":[{"@type":"Article","@id":"https:\/\/ciac.pt\/en\/event\/19th-ciac-conference-days\/#article","isPartOf":{"@id":"https:\/\/ciac.pt\/en\/event\/19th-ciac-conference-days\/"},"author":{"name":"webmaster","@id":"https:\/\/ciac.pt\/en\/#\/schema\/person\/d6e2493431ce9cb2a44b9c1a48dcdf22"},"headline":"19th CIAC Conference Days","datePublished":"2025-09-01T13:04:00+00:00","dateModified":"2025-11-19T08:35:24+00:00","mainEntityOfPage":{"@id":"https:\/\/ciac.pt\/en\/event\/19th-ciac-conference-days\/"},"wordCount":717,"publisher":{"@id":"https:\/\/ciac.pt\/en\/#organization"},"image":{"@id":"https:\/\/ciac.pt\/en\/event\/19th-ciac-conference-days\/#primaryimage"},"thumbnailUrl":"https:\/\/ciac.pt\/wp-content\/uploads\/2025\/10\/featured.jpg","articleSection":["Event"],"inLanguage":"en-US"},{"@type":"WebPage","@id":"https:\/\/ciac.pt\/en\/event\/19th-ciac-conference-days\/","url":"https:\/\/ciac.pt\/en\/event\/19th-ciac-conference-days\/","name":"19th CIAC Conference Days - CIAC","isPartOf":{"@id":"https:\/\/ciac.pt\/en\/#website"},"primaryImageOfPage":{"@id":"https:\/\/ciac.pt\/en\/event\/19th-ciac-conference-days\/#primaryimage"},"image":{"@id":"https:\/\/ciac.pt\/en\/event\/19th-ciac-conference-days\/#primaryimage"},"thumbnailUrl":"https:\/\/ciac.pt\/wp-content\/uploads\/2025\/10\/featured.jpg","datePublished":"2025-09-01T13:04:00+00:00","dateModified":"2025-11-19T08:35:24+00:00","breadcrumb":{"@id":"https:\/\/ciac.pt\/en\/event\/19th-ciac-conference-days\/#breadcrumb"},"inLanguage":"en-US","potentialAction":[{"@type":"ReadAction","target":["https:\/\/ciac.pt\/en\/event\/19th-ciac-conference-days\/"]}]},{"@type":"ImageObject","inLanguage":"en-US","@id":"https:\/\/ciac.pt\/en\/event\/19th-ciac-conference-days\/#primaryimage","url":"https:\/\/ciac.pt\/wp-content\/uploads\/2025\/10\/featured.jpg","contentUrl":"https:\/\/ciac.pt\/wp-content\/uploads\/2025\/10\/featured.jpg","width":1620,"height":1215},{"@type":"BreadcrumbList","@id":"https:\/\/ciac.pt\/en\/event\/19th-ciac-conference-days\/#breadcrumb","itemListElement":[{"@type":"ListItem","position":1,"name":"In\u00edcio","item":"https:\/\/ciac.pt\/en\/"},{"@type":"ListItem","position":2,"name":"19th CIAC Conference Days"}]},{"@type":"WebSite","@id":"https:\/\/ciac.pt\/en\/#website","url":"https:\/\/ciac.pt\/en\/","name":"CIAC","description":"Centro de Investiga\u00e7\u00e3o em Artes e Comunica\u00e7\u00e3o","publisher":{"@id":"https:\/\/ciac.pt\/en\/#organization"},"potentialAction":[{"@type":"SearchAction","target":{"@type":"EntryPoint","urlTemplate":"https:\/\/ciac.pt\/en\/?s={search_term_string}"},"query-input":{"@type":"PropertyValueSpecification","valueRequired":true,"valueName":"search_term_string"}}],"inLanguage":"en-US"},{"@type":"Organization","@id":"https:\/\/ciac.pt\/en\/#organization","name":"CIAC","url":"https:\/\/ciac.pt\/en\/","logo":{"@type":"ImageObject","inLanguage":"en-US","@id":"https:\/\/ciac.pt\/en\/#\/schema\/logo\/image\/","url":"https:\/\/ciac.pt\/wp-content\/uploads\/2022\/06\/logo.svg","contentUrl":"https:\/\/ciac.pt\/wp-content\/uploads\/2022\/06\/logo.svg","width":184,"height":51,"caption":"CIAC"},"image":{"@id":"https:\/\/ciac.pt\/en\/#\/schema\/logo\/image\/"}},{"@type":"Person","@id":"https:\/\/ciac.pt\/en\/#\/schema\/person\/d6e2493431ce9cb2a44b9c1a48dcdf22","name":"webmaster","image":{"@type":"ImageObject","inLanguage":"en-US","@id":"https:\/\/secure.gravatar.com\/avatar\/4ef351d84fb3a91f19297e2b90dbe2c32d11868ce0fb67b2b84c961cffdfb009?s=96&d=mm&r=g","url":"https:\/\/secure.gravatar.com\/avatar\/4ef351d84fb3a91f19297e2b90dbe2c32d11868ce0fb67b2b84c961cffdfb009?s=96&d=mm&r=g","contentUrl":"https:\/\/secure.gravatar.com\/avatar\/4ef351d84fb3a91f19297e2b90dbe2c32d11868ce0fb67b2b84c961cffdfb009?s=96&d=mm&r=g","caption":"webmaster"},"url":"https:\/\/ciac.pt\/en\/author\/webmaster\/"}]}},"author_meta":{"display_name":"webmaster","author_link":"https:\/\/ciac.pt\/en\/author\/webmaster\/"},"featured_img":"https:\/\/ciac.pt\/wp-content\/uploads\/2025\/10\/featured-300x225.jpg","coauthors":[],"tax_additional":{"categories":{"linked":["<a href=\"https:\/\/ciac.pt\/en\/.\/event\/\" class=\"advgb-post-tax-term\">Event<\/a>"],"unlinked":["<span class=\"advgb-post-tax-term\">Event<\/span>"]}},"comment_count":0,"relative_dates":{"created":"Posted 8 months ago","modified":"Updated 5 months ago"},"absolute_dates":{"created":"Posted on 01\/09\/2025","modified":"Updated on 19\/11\/2025"},"absolute_dates_time":{"created":"Posted on 01\/09\/2025 14:04","modified":"Updated on 19\/11\/2025 8:35"},"featured_img_caption":"","series_order":"","_links":{"self":[{"href":"https:\/\/ciac.pt\/en\/wp-json\/wp\/v2\/posts\/12104","targetHints":{"allow":["GET"]}}],"collection":[{"href":"https:\/\/ciac.pt\/en\/wp-json\/wp\/v2\/posts"}],"about":[{"href":"https:\/\/ciac.pt\/en\/wp-json\/wp\/v2\/types\/post"}],"author":[{"embeddable":true,"href":"https:\/\/ciac.pt\/en\/wp-json\/wp\/v2\/users\/1"}],"replies":[{"embeddable":true,"href":"https:\/\/ciac.pt\/en\/wp-json\/wp\/v2\/comments?post=12104"}],"version-history":[{"count":3,"href":"https:\/\/ciac.pt\/en\/wp-json\/wp\/v2\/posts\/12104\/revisions"}],"predecessor-version":[{"id":13046,"href":"https:\/\/ciac.pt\/en\/wp-json\/wp\/v2\/posts\/12104\/revisions\/13046"}],"wp:featuredmedia":[{"embeddable":true,"href":"https:\/\/ciac.pt\/en\/wp-json\/wp\/v2\/media\/12114"}],"wp:attachment":[{"href":"https:\/\/ciac.pt\/en\/wp-json\/wp\/v2\/media?parent=12104"}],"wp:term":[{"taxonomy":"category","embeddable":true,"href":"https:\/\/ciac.pt\/en\/wp-json\/wp\/v2\/categories?post=12104"},{"taxonomy":"post_tag","embeddable":true,"href":"https:\/\/ciac.pt\/en\/wp-json\/wp\/v2\/tags?post=12104"}],"curies":[{"name":"wp","href":"https:\/\/api.w.org\/{rel}","templated":true}]}}