{"id":13126,"date":"2025-11-25T03:55:30","date_gmt":"2025-11-25T03:55:30","guid":{"rendered":"https:\/\/ciac.pt\/?p=13126"},"modified":"2025-11-25T03:55:37","modified_gmt":"2025-11-25T03:55:37","slug":"cecilia-salles-to-participate-in-ciacs-visual-arts-cycle","status":"publish","type":"post","link":"https:\/\/ciac.pt\/en\/news\/cecilia-salles-to-participate-in-ciacs-visual-arts-cycle\/","title":{"rendered":"Cecilia Salles to participate in CIAC\u2019s Visual Arts Cycle"},"content":{"rendered":"\n\n\n\n<figure class=\"wp-block-image size-full is-resized\"><img decoding=\"async\" data-src=\"https:\/\/ciac.pt\/wp-content\/uploads\/2025\/11\/Cartaz-Eventos-CIAC_Cecilia-Salles_Ciclo-Artes-Visuais_02-Dez-2025.jpg\" alt=\"\" class=\"wp-image-13123 lazyload\" style=\"--smush-placeholder-width: 3505px; --smush-placeholder-aspect-ratio: 3505\/4958;width:600px\" src=\"data:image\/svg+xml;base64,PHN2ZyB3aWR0aD0iMSIgaGVpZ2h0PSIxIiB4bWxucz0iaHR0cDovL3d3dy53My5vcmcvMjAwMC9zdmciPjwvc3ZnPg==\" \/><\/figure>\n\n\n\n<h2 class=\"wp-block-heading\">Cecilia Salles to participate in CIAC\u2019s Visual Arts Cycle<\/h2>\n\n\n<div class=\"wp-block-post-date\"><time datetime=\"2025-11-25T03:55:30+00:00\">25\/11\/2025<\/time><\/div>\n\n\n<hr class=\"wp-block-separator has-alpha-channel-opacity\"\/>\n\n\n\n<p>On 2 December 2025, CIAC\u2019s Visual Arts Cycle will welcome creation theorist Cecilia Salles as part of the pre-event programme of the 2nd International Conference on Creation Processes, for a lecture that anticipates this year\u2019s conference theme: the interactions between research and creation.<\/p>\n\n\n\n<p>Cecilia Salles is an international reference in the field of Creation Processes, with more than 30 years dedicated to this area of study, which has grown significantly in recent years in part due to her contributions. She is the author of several books on the subject, including <em>Gesto Inacabado: Processo de Cria\u00e7\u00e3o Art\u00edstica<\/em> (1998), <em>Cr\u00edtica Gen\u00e9tica: Uma (nova) Introdu\u00e7\u00e3o<\/em> (2008), <em>Redes da Cria\u00e7\u00e3o: Constru\u00e7\u00e3o da Obra de Arte<\/em> (2006), <em>Arquivos de Cria\u00e7\u00e3o: Arte e Curadoria<\/em> (2010), and <em>Processos de Cria\u00e7\u00e3o em Grupo: Di\u00e1logos<\/em> (2017). She is a Full Professor in the Postgraduate Programme in Communication and Semiotics at PUC-SP, as well as a Visiting Professor in the Master\u2019s in Creation Processes at the University of Algarve, a programme in whose development she was involved. She is also the Coordinator of the Research Group on Creation Processes at PUC-SP, where she supervises innovative studies based on the transversal approach to Creation Processes. She takes part in several national and international projects and, since 2019, has been collaborating with CIAC, where she has significantly contributed to advancing contemporary discussions on the topic.<\/p>\n\n\n\n<p>The event will take place in Anphitheatre 0.4 of the Pedagogical Complex on the Penha campus, at 2:30 p.m.<\/p>\n\n\n\n<p><\/p>\n","protected":false},"excerpt":{"rendered":"<p>Cecilia Salles to participate in CIAC\u2019s Visual Arts Cycle On 2 December<\/p>\n","protected":false},"author":3,"featured_media":13122,"comment_status":"closed","ping_status":"closed","sticky":false,"template":"","format":"standard","meta":{"_eb_attr":"","inline_featured_image":false,"advgb_blocks_editor_width":"","advgb_blocks_columns_visual_guide":"","footnotes":"","_links_to":"","_links_to_target":""},"categories":[61],"tags":[139],"class_list":["post-13126","post","type-post","status-publish","format-standard","has-post-thumbnail","hentry","category-news","tag-dissemination"],"yoast_head":"<!-- This site is optimized with the Yoast SEO plugin v27.4 - https:\/\/yoast.com\/product\/yoast-seo-wordpress\/ -->\n<title>Cecilia Salles to participate in CIAC\u2019s Visual Arts Cycle - CIAC<\/title>\n<meta name=\"robots\" content=\"index, follow, max-snippet:-1, max-image-preview:large, max-video-preview:-1\" \/>\n<link rel=\"canonical\" href=\"https:\/\/ciac.pt\/en\/news\/cecilia-salles-to-participate-in-ciacs-visual-arts-cycle\/\" \/>\n<meta property=\"og:locale\" content=\"en_US\" \/>\n<meta property=\"og:type\" content=\"article\" \/>\n<meta property=\"og:title\" content=\"Cecilia Salles to participate in CIAC\u2019s Visual Arts Cycle - CIAC\" \/>\n<meta property=\"og:description\" content=\"Cecilia Salles to participate in CIAC\u2019s Visual Arts Cycle On 2 December\" \/>\n<meta property=\"og:url\" content=\"https:\/\/ciac.pt\/en\/news\/cecilia-salles-to-participate-in-ciacs-visual-arts-cycle\/\" \/>\n<meta property=\"og:site_name\" content=\"CIAC\" \/>\n<meta property=\"article:published_time\" content=\"2025-11-25T03:55:30+00:00\" \/>\n<meta property=\"article:modified_time\" content=\"2025-11-25T03:55:37+00:00\" \/>\n<meta property=\"og:image\" content=\"https:\/\/ciac.pt\/wp-content\/uploads\/2025\/11\/Untitled-2-6.jpg\" \/>\n\t<meta property=\"og:image:width\" content=\"1620\" \/>\n\t<meta property=\"og:image:height\" content=\"1215\" \/>\n\t<meta property=\"og:image:type\" content=\"image\/jpeg\" \/>\n<meta name=\"author\" content=\"editor1\" \/>\n<meta name=\"twitter:card\" content=\"summary_large_image\" \/>\n<meta name=\"twitter:label1\" content=\"Written by\" \/>\n\t<meta name=\"twitter:data1\" content=\"editor1\" \/>\n\t<meta name=\"twitter:label2\" content=\"Est. reading time\" \/>\n\t<meta name=\"twitter:data2\" content=\"2 minutes\" \/>\n<script type=\"application\/ld+json\" class=\"yoast-schema-graph\">{\"@context\":\"https:\\\/\\\/schema.org\",\"@graph\":[{\"@type\":\"Article\",\"@id\":\"https:\\\/\\\/ciac.pt\\\/en\\\/news\\\/cecilia-salles-to-participate-in-ciacs-visual-arts-cycle\\\/#article\",\"isPartOf\":{\"@id\":\"https:\\\/\\\/ciac.pt\\\/en\\\/news\\\/cecilia-salles-to-participate-in-ciacs-visual-arts-cycle\\\/\"},\"author\":{\"name\":\"editor1\",\"@id\":\"https:\\\/\\\/ciac.pt\\\/en\\\/#\\\/schema\\\/person\\\/3def46b976d3f4c0cdcf7c417cb570be\"},\"headline\":\"Cecilia Salles to participate in CIAC\u2019s Visual Arts Cycle\",\"datePublished\":\"2025-11-25T03:55:30+00:00\",\"dateModified\":\"2025-11-25T03:55:37+00:00\",\"mainEntityOfPage\":{\"@id\":\"https:\\\/\\\/ciac.pt\\\/en\\\/news\\\/cecilia-salles-to-participate-in-ciacs-visual-arts-cycle\\\/\"},\"wordCount\":268,\"publisher\":{\"@id\":\"https:\\\/\\\/ciac.pt\\\/en\\\/#organization\"},\"image\":{\"@id\":\"https:\\\/\\\/ciac.pt\\\/en\\\/news\\\/cecilia-salles-to-participate-in-ciacs-visual-arts-cycle\\\/#primaryimage\"},\"thumbnailUrl\":\"https:\\\/\\\/ciac.pt\\\/wp-content\\\/uploads\\\/2025\\\/11\\\/Untitled-2-6.jpg\",\"keywords\":[\"Dissemination\"],\"articleSection\":[\"News\"],\"inLanguage\":\"en-US\"},{\"@type\":\"WebPage\",\"@id\":\"https:\\\/\\\/ciac.pt\\\/en\\\/news\\\/cecilia-salles-to-participate-in-ciacs-visual-arts-cycle\\\/\",\"url\":\"https:\\\/\\\/ciac.pt\\\/en\\\/news\\\/cecilia-salles-to-participate-in-ciacs-visual-arts-cycle\\\/\",\"name\":\"Cecilia Salles to participate in CIAC\u2019s Visual Arts Cycle - CIAC\",\"isPartOf\":{\"@id\":\"https:\\\/\\\/ciac.pt\\\/en\\\/#website\"},\"primaryImageOfPage\":{\"@id\":\"https:\\\/\\\/ciac.pt\\\/en\\\/news\\\/cecilia-salles-to-participate-in-ciacs-visual-arts-cycle\\\/#primaryimage\"},\"image\":{\"@id\":\"https:\\\/\\\/ciac.pt\\\/en\\\/news\\\/cecilia-salles-to-participate-in-ciacs-visual-arts-cycle\\\/#primaryimage\"},\"thumbnailUrl\":\"https:\\\/\\\/ciac.pt\\\/wp-content\\\/uploads\\\/2025\\\/11\\\/Untitled-2-6.jpg\",\"datePublished\":\"2025-11-25T03:55:30+00:00\",\"dateModified\":\"2025-11-25T03:55:37+00:00\",\"breadcrumb\":{\"@id\":\"https:\\\/\\\/ciac.pt\\\/en\\\/news\\\/cecilia-salles-to-participate-in-ciacs-visual-arts-cycle\\\/#breadcrumb\"},\"inLanguage\":\"en-US\",\"potentialAction\":[{\"@type\":\"ReadAction\",\"target\":[\"https:\\\/\\\/ciac.pt\\\/en\\\/news\\\/cecilia-salles-to-participate-in-ciacs-visual-arts-cycle\\\/\"]}]},{\"@type\":\"ImageObject\",\"inLanguage\":\"en-US\",\"@id\":\"https:\\\/\\\/ciac.pt\\\/en\\\/news\\\/cecilia-salles-to-participate-in-ciacs-visual-arts-cycle\\\/#primaryimage\",\"url\":\"https:\\\/\\\/ciac.pt\\\/wp-content\\\/uploads\\\/2025\\\/11\\\/Untitled-2-6.jpg\",\"contentUrl\":\"https:\\\/\\\/ciac.pt\\\/wp-content\\\/uploads\\\/2025\\\/11\\\/Untitled-2-6.jpg\",\"width\":1620,\"height\":1215},{\"@type\":\"BreadcrumbList\",\"@id\":\"https:\\\/\\\/ciac.pt\\\/en\\\/news\\\/cecilia-salles-to-participate-in-ciacs-visual-arts-cycle\\\/#breadcrumb\",\"itemListElement\":[{\"@type\":\"ListItem\",\"position\":1,\"name\":\"In\u00edcio\",\"item\":\"https:\\\/\\\/ciac.pt\\\/en\\\/\"},{\"@type\":\"ListItem\",\"position\":2,\"name\":\"Cecilia Salles to participate in CIAC\u2019s Visual Arts Cycle\"}]},{\"@type\":\"WebSite\",\"@id\":\"https:\\\/\\\/ciac.pt\\\/en\\\/#website\",\"url\":\"https:\\\/\\\/ciac.pt\\\/en\\\/\",\"name\":\"CIAC\",\"description\":\"Centro de Investiga\u00e7\u00e3o em Artes e Comunica\u00e7\u00e3o\",\"publisher\":{\"@id\":\"https:\\\/\\\/ciac.pt\\\/en\\\/#organization\"},\"potentialAction\":[{\"@type\":\"SearchAction\",\"target\":{\"@type\":\"EntryPoint\",\"urlTemplate\":\"https:\\\/\\\/ciac.pt\\\/en\\\/?s={search_term_string}\"},\"query-input\":{\"@type\":\"PropertyValueSpecification\",\"valueRequired\":true,\"valueName\":\"search_term_string\"}}],\"inLanguage\":\"en-US\"},{\"@type\":\"Organization\",\"@id\":\"https:\\\/\\\/ciac.pt\\\/en\\\/#organization\",\"name\":\"CIAC\",\"url\":\"https:\\\/\\\/ciac.pt\\\/en\\\/\",\"logo\":{\"@type\":\"ImageObject\",\"inLanguage\":\"en-US\",\"@id\":\"https:\\\/\\\/ciac.pt\\\/en\\\/#\\\/schema\\\/logo\\\/image\\\/\",\"url\":\"https:\\\/\\\/ciac.pt\\\/wp-content\\\/uploads\\\/2022\\\/06\\\/logo.svg\",\"contentUrl\":\"https:\\\/\\\/ciac.pt\\\/wp-content\\\/uploads\\\/2022\\\/06\\\/logo.svg\",\"width\":184,\"height\":51,\"caption\":\"CIAC\"},\"image\":{\"@id\":\"https:\\\/\\\/ciac.pt\\\/en\\\/#\\\/schema\\\/logo\\\/image\\\/\"}},{\"@type\":\"Person\",\"@id\":\"https:\\\/\\\/ciac.pt\\\/en\\\/#\\\/schema\\\/person\\\/3def46b976d3f4c0cdcf7c417cb570be\",\"name\":\"editor1\",\"image\":{\"@type\":\"ImageObject\",\"inLanguage\":\"en-US\",\"@id\":\"https:\\\/\\\/secure.gravatar.com\\\/avatar\\\/4d8eb3157f61df03731fd8bf031b56d1d9241759e8f8c07d4d7e51d2f858c821?s=96&d=mm&r=g\",\"url\":\"https:\\\/\\\/secure.gravatar.com\\\/avatar\\\/4d8eb3157f61df03731fd8bf031b56d1d9241759e8f8c07d4d7e51d2f858c821?s=96&d=mm&r=g\",\"contentUrl\":\"https:\\\/\\\/secure.gravatar.com\\\/avatar\\\/4d8eb3157f61df03731fd8bf031b56d1d9241759e8f8c07d4d7e51d2f858c821?s=96&d=mm&r=g\",\"caption\":\"editor1\"},\"url\":\"https:\\\/\\\/ciac.pt\\\/en\\\/author\\\/editor1\\\/\"}]}<\/script>\n<!-- \/ Yoast SEO plugin. -->","yoast_head_json":{"title":"Cecilia Salles to participate in CIAC\u2019s Visual Arts Cycle - CIAC","robots":{"index":"index","follow":"follow","max-snippet":"max-snippet:-1","max-image-preview":"max-image-preview:large","max-video-preview":"max-video-preview:-1"},"canonical":"https:\/\/ciac.pt\/en\/news\/cecilia-salles-to-participate-in-ciacs-visual-arts-cycle\/","og_locale":"en_US","og_type":"article","og_title":"Cecilia Salles to participate in CIAC\u2019s Visual Arts Cycle - CIAC","og_description":"Cecilia Salles to participate in CIAC\u2019s Visual Arts Cycle On 2 December","og_url":"https:\/\/ciac.pt\/en\/news\/cecilia-salles-to-participate-in-ciacs-visual-arts-cycle\/","og_site_name":"CIAC","article_published_time":"2025-11-25T03:55:30+00:00","article_modified_time":"2025-11-25T03:55:37+00:00","og_image":[{"width":1620,"height":1215,"url":"https:\/\/ciac.pt\/wp-content\/uploads\/2025\/11\/Untitled-2-6.jpg","type":"image\/jpeg"}],"author":"editor1","twitter_card":"summary_large_image","twitter_misc":{"Written by":"editor1","Est. reading time":"2 minutes"},"schema":{"@context":"https:\/\/schema.org","@graph":[{"@type":"Article","@id":"https:\/\/ciac.pt\/en\/news\/cecilia-salles-to-participate-in-ciacs-visual-arts-cycle\/#article","isPartOf":{"@id":"https:\/\/ciac.pt\/en\/news\/cecilia-salles-to-participate-in-ciacs-visual-arts-cycle\/"},"author":{"name":"editor1","@id":"https:\/\/ciac.pt\/en\/#\/schema\/person\/3def46b976d3f4c0cdcf7c417cb570be"},"headline":"Cecilia Salles to participate in CIAC\u2019s Visual Arts Cycle","datePublished":"2025-11-25T03:55:30+00:00","dateModified":"2025-11-25T03:55:37+00:00","mainEntityOfPage":{"@id":"https:\/\/ciac.pt\/en\/news\/cecilia-salles-to-participate-in-ciacs-visual-arts-cycle\/"},"wordCount":268,"publisher":{"@id":"https:\/\/ciac.pt\/en\/#organization"},"image":{"@id":"https:\/\/ciac.pt\/en\/news\/cecilia-salles-to-participate-in-ciacs-visual-arts-cycle\/#primaryimage"},"thumbnailUrl":"https:\/\/ciac.pt\/wp-content\/uploads\/2025\/11\/Untitled-2-6.jpg","keywords":["Dissemination"],"articleSection":["News"],"inLanguage":"en-US"},{"@type":"WebPage","@id":"https:\/\/ciac.pt\/en\/news\/cecilia-salles-to-participate-in-ciacs-visual-arts-cycle\/","url":"https:\/\/ciac.pt\/en\/news\/cecilia-salles-to-participate-in-ciacs-visual-arts-cycle\/","name":"Cecilia Salles to participate in CIAC\u2019s Visual Arts Cycle - CIAC","isPartOf":{"@id":"https:\/\/ciac.pt\/en\/#website"},"primaryImageOfPage":{"@id":"https:\/\/ciac.pt\/en\/news\/cecilia-salles-to-participate-in-ciacs-visual-arts-cycle\/#primaryimage"},"image":{"@id":"https:\/\/ciac.pt\/en\/news\/cecilia-salles-to-participate-in-ciacs-visual-arts-cycle\/#primaryimage"},"thumbnailUrl":"https:\/\/ciac.pt\/wp-content\/uploads\/2025\/11\/Untitled-2-6.jpg","datePublished":"2025-11-25T03:55:30+00:00","dateModified":"2025-11-25T03:55:37+00:00","breadcrumb":{"@id":"https:\/\/ciac.pt\/en\/news\/cecilia-salles-to-participate-in-ciacs-visual-arts-cycle\/#breadcrumb"},"inLanguage":"en-US","potentialAction":[{"@type":"ReadAction","target":["https:\/\/ciac.pt\/en\/news\/cecilia-salles-to-participate-in-ciacs-visual-arts-cycle\/"]}]},{"@type":"ImageObject","inLanguage":"en-US","@id":"https:\/\/ciac.pt\/en\/news\/cecilia-salles-to-participate-in-ciacs-visual-arts-cycle\/#primaryimage","url":"https:\/\/ciac.pt\/wp-content\/uploads\/2025\/11\/Untitled-2-6.jpg","contentUrl":"https:\/\/ciac.pt\/wp-content\/uploads\/2025\/11\/Untitled-2-6.jpg","width":1620,"height":1215},{"@type":"BreadcrumbList","@id":"https:\/\/ciac.pt\/en\/news\/cecilia-salles-to-participate-in-ciacs-visual-arts-cycle\/#breadcrumb","itemListElement":[{"@type":"ListItem","position":1,"name":"In\u00edcio","item":"https:\/\/ciac.pt\/en\/"},{"@type":"ListItem","position":2,"name":"Cecilia Salles to participate in CIAC\u2019s Visual Arts Cycle"}]},{"@type":"WebSite","@id":"https:\/\/ciac.pt\/en\/#website","url":"https:\/\/ciac.pt\/en\/","name":"CIAC","description":"Centro de Investiga\u00e7\u00e3o em Artes e Comunica\u00e7\u00e3o","publisher":{"@id":"https:\/\/ciac.pt\/en\/#organization"},"potentialAction":[{"@type":"SearchAction","target":{"@type":"EntryPoint","urlTemplate":"https:\/\/ciac.pt\/en\/?s={search_term_string}"},"query-input":{"@type":"PropertyValueSpecification","valueRequired":true,"valueName":"search_term_string"}}],"inLanguage":"en-US"},{"@type":"Organization","@id":"https:\/\/ciac.pt\/en\/#organization","name":"CIAC","url":"https:\/\/ciac.pt\/en\/","logo":{"@type":"ImageObject","inLanguage":"en-US","@id":"https:\/\/ciac.pt\/en\/#\/schema\/logo\/image\/","url":"https:\/\/ciac.pt\/wp-content\/uploads\/2022\/06\/logo.svg","contentUrl":"https:\/\/ciac.pt\/wp-content\/uploads\/2022\/06\/logo.svg","width":184,"height":51,"caption":"CIAC"},"image":{"@id":"https:\/\/ciac.pt\/en\/#\/schema\/logo\/image\/"}},{"@type":"Person","@id":"https:\/\/ciac.pt\/en\/#\/schema\/person\/3def46b976d3f4c0cdcf7c417cb570be","name":"editor1","image":{"@type":"ImageObject","inLanguage":"en-US","@id":"https:\/\/secure.gravatar.com\/avatar\/4d8eb3157f61df03731fd8bf031b56d1d9241759e8f8c07d4d7e51d2f858c821?s=96&d=mm&r=g","url":"https:\/\/secure.gravatar.com\/avatar\/4d8eb3157f61df03731fd8bf031b56d1d9241759e8f8c07d4d7e51d2f858c821?s=96&d=mm&r=g","contentUrl":"https:\/\/secure.gravatar.com\/avatar\/4d8eb3157f61df03731fd8bf031b56d1d9241759e8f8c07d4d7e51d2f858c821?s=96&d=mm&r=g","caption":"editor1"},"url":"https:\/\/ciac.pt\/en\/author\/editor1\/"}]}},"author_meta":{"display_name":"editor1","author_link":"https:\/\/ciac.pt\/en\/author\/editor1\/"},"featured_img":"https:\/\/ciac.pt\/wp-content\/uploads\/2025\/11\/Untitled-2-6-300x225.jpg","coauthors":[],"tax_additional":{"categories":{"linked":["<a href=\"https:\/\/ciac.pt\/en\/.\/news\/\" class=\"advgb-post-tax-term\">News<\/a>"],"unlinked":["<span class=\"advgb-post-tax-term\">News<\/span>"]},"tags":{"linked":["<a href=\"https:\/\/ciac.pt\/en\/.\/news\/\" class=\"advgb-post-tax-term\">Dissemination<\/a>"],"unlinked":["<span class=\"advgb-post-tax-term\">Dissemination<\/span>"]}},"comment_count":0,"relative_dates":{"created":"Posted 5 months ago","modified":"Updated 5 months ago"},"absolute_dates":{"created":"Posted on 25\/11\/2025","modified":"Updated on 25\/11\/2025"},"absolute_dates_time":{"created":"Posted on 25\/11\/2025 3:55","modified":"Updated on 25\/11\/2025 3:55"},"featured_img_caption":"","series_order":"","_links":{"self":[{"href":"https:\/\/ciac.pt\/en\/wp-json\/wp\/v2\/posts\/13126","targetHints":{"allow":["GET"]}}],"collection":[{"href":"https:\/\/ciac.pt\/en\/wp-json\/wp\/v2\/posts"}],"about":[{"href":"https:\/\/ciac.pt\/en\/wp-json\/wp\/v2\/types\/post"}],"author":[{"embeddable":true,"href":"https:\/\/ciac.pt\/en\/wp-json\/wp\/v2\/users\/3"}],"replies":[{"embeddable":true,"href":"https:\/\/ciac.pt\/en\/wp-json\/wp\/v2\/comments?post=13126"}],"version-history":[{"count":2,"href":"https:\/\/ciac.pt\/en\/wp-json\/wp\/v2\/posts\/13126\/revisions"}],"predecessor-version":[{"id":13128,"href":"https:\/\/ciac.pt\/en\/wp-json\/wp\/v2\/posts\/13126\/revisions\/13128"}],"wp:featuredmedia":[{"embeddable":true,"href":"https:\/\/ciac.pt\/en\/wp-json\/wp\/v2\/media\/13122"}],"wp:attachment":[{"href":"https:\/\/ciac.pt\/en\/wp-json\/wp\/v2\/media?parent=13126"}],"wp:term":[{"taxonomy":"category","embeddable":true,"href":"https:\/\/ciac.pt\/en\/wp-json\/wp\/v2\/categories?post=13126"},{"taxonomy":"post_tag","embeddable":true,"href":"https:\/\/ciac.pt\/en\/wp-json\/wp\/v2\/tags?post=13126"}],"curies":[{"name":"wp","href":"https:\/\/api.w.org\/{rel}","templated":true}]}}