{"id":13148,"date":"2025-11-25T18:26:04","date_gmt":"2025-11-25T18:26:04","guid":{"rendered":"https:\/\/ciac.pt\/uncategorized\/conversa-com-o-artista-visual-tiago-baptista-a-decorrer-no-dia-27-de-novembro\/"},"modified":"2025-11-26T18:06:06","modified_gmt":"2025-11-26T18:06:06","slug":"conversa-com-o-artista-visual-tiago-baptista-a-decorrer-no-dia-27-de-novembro","status":"publish","type":"post","link":"https:\/\/ciac.pt\/en\/news\/conversa-com-o-artista-visual-tiago-baptista-a-decorrer-no-dia-27-de-novembro\/","title":{"rendered":"Conversation with visual artist Tiago Baptista on 27 November"},"content":{"rendered":"\n\n\n\n<figure class=\"wp-block-image size-full is-resized\"><img decoding=\"async\" data-src=\"https:\/\/ciac.pt\/wp-content\/uploads\/2025\/11\/IMAGEM-TB-AV.jpg\" alt=\"\" class=\"wp-image-13141 lazyload\" style=\"--smush-placeholder-width: 4500px; --smush-placeholder-aspect-ratio: 4500\/5625;width:400px\" src=\"data:image\/svg+xml;base64,PHN2ZyB3aWR0aD0iMSIgaGVpZ2h0PSIxIiB4bWxucz0iaHR0cDovL3d3dy53My5vcmcvMjAwMC9zdmciPjwvc3ZnPg==\" \/><\/figure>\n\n\n\n<h2 class=\"wp-block-heading\">Conversation with visual artist Tiago Baptista on 27 November<\/h2>\n\n\n<div class=\"wp-block-post-date\"><time datetime=\"2025-11-25T18:26:04+00:00\">25\/11\/2025<\/time><\/div>\n\n\n<hr class=\"wp-block-separator has-alpha-channel-opacity\"\/>\n\n\n\n<p>Following his solo exhibition <em>B\u00edlis Negra<\/em>, currently on view at Alfaia, visual artist Tiago Baptista will present his work and career to the students of the Visual Arts Bachelor\u2019s Degree at the University of Algarve.<\/p>\n\n\n\n<p>Tiago Baptista (Leiria, 1986) is a visual artist who works mainly in painting, frequently expanding into other fields such as sculpture, comics, self-publishing and installation. He has been exhibiting his work regularly since 2008 in both solo and group exhibitions in Portugal and abroad. Highlights among his solo shows include: <em>Pedra e vento<\/em> (with Mariana Gomes), at Buraco, Lisbon, in 2025; <em>Marea enmudecida<\/em>, at Nogueras Blanchard gallery in Barcelona in 2023; <em>Caminho pela linha da sombra<\/em>, at CAV in Coimbra, curated by Ana Anacleto; <em>The Tale<\/em>, at Rialto 6 in Lisbon, curated by Susana Ventura; and <em>O \u00fanico espect\u00e1culo \u00e9 o da espera<\/em>, at 3+1 Arte Contempor\u00e2nea in Lisbon in 2022; as well as <em>Febre<\/em>, curated by Natxo Checa at Galeria Z\u00e9 dos Bois, Lisbon, in 2021. Among his group exhibitions, highlights include: <em>Metanoia II, what remains?<\/em>, curated by David Rev\u00e9s, at Frappant Gallery, Hamburg, in 2025; and <em>Can\u00e7\u00e3o Contempor\u00e2nea \u2013 Obras da Cole\u00e7\u00e3o M\u00e1rio Teixeira da Silva na Cole\u00e7\u00e3o de Serralves<\/em>, curated by Marta Moreira de Almeida, at Funda\u00e7\u00e3o Serralves, Porto, in 2024. He has taken part in several artist residency programmes, most recently at the Cit\u00e9 Internationale des Arts in Paris in 2023. He also publishes his writings on music on the blog <em>Desenhando Constela\u00e7\u00f5es<\/em>.<\/p>\n\n\n\n<p>This is an opportunity to get an up-close look at the artist\u2019s practice and to discuss processes, materiality and pictorial inquiry. Admission is free for all those interested.<\/p>\n\n\n\n<p>27 November 2025<br>14:30<br>Room 1.04, School of Engineering Building, Penha Campus<\/p>\n","protected":false},"excerpt":{"rendered":"<p>Conversation with visual artist Tiago Baptista on 27 November Following his solo<\/p>\n","protected":false},"author":3,"featured_media":13145,"comment_status":"closed","ping_status":"closed","sticky":false,"template":"","format":"standard","meta":{"_eb_attr":"","inline_featured_image":false,"advgb_blocks_editor_width":"","advgb_blocks_columns_visual_guide":"","footnotes":"","_links_to":"","_links_to_target":""},"categories":[61],"tags":[139],"class_list":["post-13148","post","type-post","status-publish","format-standard","has-post-thumbnail","hentry","category-news","tag-dissemination"],"yoast_head":"<!-- This site is optimized with the Yoast SEO plugin v27.4 - https:\/\/yoast.com\/product\/yoast-seo-wordpress\/ -->\n<title>Conversation with visual artist Tiago Baptista on 27 November - CIAC<\/title>\n<meta name=\"robots\" content=\"index, follow, max-snippet:-1, max-image-preview:large, max-video-preview:-1\" \/>\n<link rel=\"canonical\" href=\"https:\/\/ciac.pt\/en\/news\/conversa-com-o-artista-visual-tiago-baptista-a-decorrer-no-dia-27-de-novembro\/\" \/>\n<meta property=\"og:locale\" content=\"en_US\" \/>\n<meta property=\"og:type\" content=\"article\" \/>\n<meta property=\"og:title\" content=\"Conversation with visual artist Tiago Baptista on 27 November - CIAC\" \/>\n<meta property=\"og:description\" content=\"Conversation with visual artist Tiago Baptista on 27 November Following his solo\" \/>\n<meta property=\"og:url\" content=\"https:\/\/ciac.pt\/en\/news\/conversa-com-o-artista-visual-tiago-baptista-a-decorrer-no-dia-27-de-novembro\/\" \/>\n<meta property=\"og:site_name\" content=\"CIAC\" \/>\n<meta property=\"article:published_time\" content=\"2025-11-25T18:26:04+00:00\" \/>\n<meta property=\"article:modified_time\" content=\"2025-11-26T18:06:06+00:00\" \/>\n<meta property=\"og:image\" content=\"https:\/\/ciac.pt\/wp-content\/uploads\/2025\/11\/TB-portrait.jpg\" \/>\n\t<meta property=\"og:image:width\" content=\"1620\" \/>\n\t<meta property=\"og:image:height\" content=\"1215\" \/>\n\t<meta property=\"og:image:type\" content=\"image\/jpeg\" \/>\n<meta name=\"author\" content=\"editor1\" \/>\n<meta name=\"twitter:card\" content=\"summary_large_image\" \/>\n<meta name=\"twitter:label1\" content=\"Written by\" \/>\n\t<meta name=\"twitter:data1\" content=\"editor1\" \/>\n\t<meta name=\"twitter:label2\" content=\"Est. reading time\" \/>\n\t<meta name=\"twitter:data2\" content=\"3 minutes\" \/>\n<script type=\"application\/ld+json\" class=\"yoast-schema-graph\">{\"@context\":\"https:\\\/\\\/schema.org\",\"@graph\":[{\"@type\":\"Article\",\"@id\":\"https:\\\/\\\/ciac.pt\\\/en\\\/news\\\/conversa-com-o-artista-visual-tiago-baptista-a-decorrer-no-dia-27-de-novembro\\\/#article\",\"isPartOf\":{\"@id\":\"https:\\\/\\\/ciac.pt\\\/en\\\/news\\\/conversa-com-o-artista-visual-tiago-baptista-a-decorrer-no-dia-27-de-novembro\\\/\"},\"author\":{\"name\":\"editor1\",\"@id\":\"https:\\\/\\\/ciac.pt\\\/en\\\/#\\\/schema\\\/person\\\/3def46b976d3f4c0cdcf7c417cb570be\"},\"headline\":\"Conversation with visual artist Tiago Baptista on 27 November\",\"datePublished\":\"2025-11-25T18:26:04+00:00\",\"dateModified\":\"2025-11-26T18:06:06+00:00\",\"mainEntityOfPage\":{\"@id\":\"https:\\\/\\\/ciac.pt\\\/en\\\/news\\\/conversa-com-o-artista-visual-tiago-baptista-a-decorrer-no-dia-27-de-novembro\\\/\"},\"wordCount\":297,\"publisher\":{\"@id\":\"https:\\\/\\\/ciac.pt\\\/en\\\/#organization\"},\"image\":{\"@id\":\"https:\\\/\\\/ciac.pt\\\/en\\\/news\\\/conversa-com-o-artista-visual-tiago-baptista-a-decorrer-no-dia-27-de-novembro\\\/#primaryimage\"},\"thumbnailUrl\":\"https:\\\/\\\/ciac.pt\\\/wp-content\\\/uploads\\\/2025\\\/11\\\/TB-portrait.jpg\",\"keywords\":[\"Dissemination\"],\"articleSection\":[\"News\"],\"inLanguage\":\"en-US\"},{\"@type\":\"WebPage\",\"@id\":\"https:\\\/\\\/ciac.pt\\\/en\\\/news\\\/conversa-com-o-artista-visual-tiago-baptista-a-decorrer-no-dia-27-de-novembro\\\/\",\"url\":\"https:\\\/\\\/ciac.pt\\\/en\\\/news\\\/conversa-com-o-artista-visual-tiago-baptista-a-decorrer-no-dia-27-de-novembro\\\/\",\"name\":\"Conversation with visual artist Tiago Baptista on 27 November - CIAC\",\"isPartOf\":{\"@id\":\"https:\\\/\\\/ciac.pt\\\/en\\\/#website\"},\"primaryImageOfPage\":{\"@id\":\"https:\\\/\\\/ciac.pt\\\/en\\\/news\\\/conversa-com-o-artista-visual-tiago-baptista-a-decorrer-no-dia-27-de-novembro\\\/#primaryimage\"},\"image\":{\"@id\":\"https:\\\/\\\/ciac.pt\\\/en\\\/news\\\/conversa-com-o-artista-visual-tiago-baptista-a-decorrer-no-dia-27-de-novembro\\\/#primaryimage\"},\"thumbnailUrl\":\"https:\\\/\\\/ciac.pt\\\/wp-content\\\/uploads\\\/2025\\\/11\\\/TB-portrait.jpg\",\"datePublished\":\"2025-11-25T18:26:04+00:00\",\"dateModified\":\"2025-11-26T18:06:06+00:00\",\"breadcrumb\":{\"@id\":\"https:\\\/\\\/ciac.pt\\\/en\\\/news\\\/conversa-com-o-artista-visual-tiago-baptista-a-decorrer-no-dia-27-de-novembro\\\/#breadcrumb\"},\"inLanguage\":\"en-US\",\"potentialAction\":[{\"@type\":\"ReadAction\",\"target\":[\"https:\\\/\\\/ciac.pt\\\/en\\\/news\\\/conversa-com-o-artista-visual-tiago-baptista-a-decorrer-no-dia-27-de-novembro\\\/\"]}]},{\"@type\":\"ImageObject\",\"inLanguage\":\"en-US\",\"@id\":\"https:\\\/\\\/ciac.pt\\\/en\\\/news\\\/conversa-com-o-artista-visual-tiago-baptista-a-decorrer-no-dia-27-de-novembro\\\/#primaryimage\",\"url\":\"https:\\\/\\\/ciac.pt\\\/wp-content\\\/uploads\\\/2025\\\/11\\\/TB-portrait.jpg\",\"contentUrl\":\"https:\\\/\\\/ciac.pt\\\/wp-content\\\/uploads\\\/2025\\\/11\\\/TB-portrait.jpg\",\"width\":1620,\"height\":1215},{\"@type\":\"BreadcrumbList\",\"@id\":\"https:\\\/\\\/ciac.pt\\\/en\\\/news\\\/conversa-com-o-artista-visual-tiago-baptista-a-decorrer-no-dia-27-de-novembro\\\/#breadcrumb\",\"itemListElement\":[{\"@type\":\"ListItem\",\"position\":1,\"name\":\"In\u00edcio\",\"item\":\"https:\\\/\\\/ciac.pt\\\/en\\\/\"},{\"@type\":\"ListItem\",\"position\":2,\"name\":\"Conversation with visual artist Tiago Baptista on 27 November\"}]},{\"@type\":\"WebSite\",\"@id\":\"https:\\\/\\\/ciac.pt\\\/en\\\/#website\",\"url\":\"https:\\\/\\\/ciac.pt\\\/en\\\/\",\"name\":\"CIAC\",\"description\":\"Centro de Investiga\u00e7\u00e3o em Artes e Comunica\u00e7\u00e3o\",\"publisher\":{\"@id\":\"https:\\\/\\\/ciac.pt\\\/en\\\/#organization\"},\"potentialAction\":[{\"@type\":\"SearchAction\",\"target\":{\"@type\":\"EntryPoint\",\"urlTemplate\":\"https:\\\/\\\/ciac.pt\\\/en\\\/?s={search_term_string}\"},\"query-input\":{\"@type\":\"PropertyValueSpecification\",\"valueRequired\":true,\"valueName\":\"search_term_string\"}}],\"inLanguage\":\"en-US\"},{\"@type\":\"Organization\",\"@id\":\"https:\\\/\\\/ciac.pt\\\/en\\\/#organization\",\"name\":\"CIAC\",\"url\":\"https:\\\/\\\/ciac.pt\\\/en\\\/\",\"logo\":{\"@type\":\"ImageObject\",\"inLanguage\":\"en-US\",\"@id\":\"https:\\\/\\\/ciac.pt\\\/en\\\/#\\\/schema\\\/logo\\\/image\\\/\",\"url\":\"https:\\\/\\\/ciac.pt\\\/wp-content\\\/uploads\\\/2022\\\/06\\\/logo.svg\",\"contentUrl\":\"https:\\\/\\\/ciac.pt\\\/wp-content\\\/uploads\\\/2022\\\/06\\\/logo.svg\",\"width\":184,\"height\":51,\"caption\":\"CIAC\"},\"image\":{\"@id\":\"https:\\\/\\\/ciac.pt\\\/en\\\/#\\\/schema\\\/logo\\\/image\\\/\"}},{\"@type\":\"Person\",\"@id\":\"https:\\\/\\\/ciac.pt\\\/en\\\/#\\\/schema\\\/person\\\/3def46b976d3f4c0cdcf7c417cb570be\",\"name\":\"editor1\",\"image\":{\"@type\":\"ImageObject\",\"inLanguage\":\"en-US\",\"@id\":\"https:\\\/\\\/secure.gravatar.com\\\/avatar\\\/4d8eb3157f61df03731fd8bf031b56d1d9241759e8f8c07d4d7e51d2f858c821?s=96&d=mm&r=g\",\"url\":\"https:\\\/\\\/secure.gravatar.com\\\/avatar\\\/4d8eb3157f61df03731fd8bf031b56d1d9241759e8f8c07d4d7e51d2f858c821?s=96&d=mm&r=g\",\"contentUrl\":\"https:\\\/\\\/secure.gravatar.com\\\/avatar\\\/4d8eb3157f61df03731fd8bf031b56d1d9241759e8f8c07d4d7e51d2f858c821?s=96&d=mm&r=g\",\"caption\":\"editor1\"},\"url\":\"https:\\\/\\\/ciac.pt\\\/en\\\/author\\\/editor1\\\/\"}]}<\/script>\n<!-- \/ Yoast SEO plugin. -->","yoast_head_json":{"title":"Conversation with visual artist Tiago Baptista on 27 November - CIAC","robots":{"index":"index","follow":"follow","max-snippet":"max-snippet:-1","max-image-preview":"max-image-preview:large","max-video-preview":"max-video-preview:-1"},"canonical":"https:\/\/ciac.pt\/en\/news\/conversa-com-o-artista-visual-tiago-baptista-a-decorrer-no-dia-27-de-novembro\/","og_locale":"en_US","og_type":"article","og_title":"Conversation with visual artist Tiago Baptista on 27 November - CIAC","og_description":"Conversation with visual artist Tiago Baptista on 27 November Following his solo","og_url":"https:\/\/ciac.pt\/en\/news\/conversa-com-o-artista-visual-tiago-baptista-a-decorrer-no-dia-27-de-novembro\/","og_site_name":"CIAC","article_published_time":"2025-11-25T18:26:04+00:00","article_modified_time":"2025-11-26T18:06:06+00:00","og_image":[{"width":1620,"height":1215,"url":"https:\/\/ciac.pt\/wp-content\/uploads\/2025\/11\/TB-portrait.jpg","type":"image\/jpeg"}],"author":"editor1","twitter_card":"summary_large_image","twitter_misc":{"Written by":"editor1","Est. reading time":"3 minutes"},"schema":{"@context":"https:\/\/schema.org","@graph":[{"@type":"Article","@id":"https:\/\/ciac.pt\/en\/news\/conversa-com-o-artista-visual-tiago-baptista-a-decorrer-no-dia-27-de-novembro\/#article","isPartOf":{"@id":"https:\/\/ciac.pt\/en\/news\/conversa-com-o-artista-visual-tiago-baptista-a-decorrer-no-dia-27-de-novembro\/"},"author":{"name":"editor1","@id":"https:\/\/ciac.pt\/en\/#\/schema\/person\/3def46b976d3f4c0cdcf7c417cb570be"},"headline":"Conversation with visual artist Tiago Baptista on 27 November","datePublished":"2025-11-25T18:26:04+00:00","dateModified":"2025-11-26T18:06:06+00:00","mainEntityOfPage":{"@id":"https:\/\/ciac.pt\/en\/news\/conversa-com-o-artista-visual-tiago-baptista-a-decorrer-no-dia-27-de-novembro\/"},"wordCount":297,"publisher":{"@id":"https:\/\/ciac.pt\/en\/#organization"},"image":{"@id":"https:\/\/ciac.pt\/en\/news\/conversa-com-o-artista-visual-tiago-baptista-a-decorrer-no-dia-27-de-novembro\/#primaryimage"},"thumbnailUrl":"https:\/\/ciac.pt\/wp-content\/uploads\/2025\/11\/TB-portrait.jpg","keywords":["Dissemination"],"articleSection":["News"],"inLanguage":"en-US"},{"@type":"WebPage","@id":"https:\/\/ciac.pt\/en\/news\/conversa-com-o-artista-visual-tiago-baptista-a-decorrer-no-dia-27-de-novembro\/","url":"https:\/\/ciac.pt\/en\/news\/conversa-com-o-artista-visual-tiago-baptista-a-decorrer-no-dia-27-de-novembro\/","name":"Conversation with visual artist Tiago Baptista on 27 November - CIAC","isPartOf":{"@id":"https:\/\/ciac.pt\/en\/#website"},"primaryImageOfPage":{"@id":"https:\/\/ciac.pt\/en\/news\/conversa-com-o-artista-visual-tiago-baptista-a-decorrer-no-dia-27-de-novembro\/#primaryimage"},"image":{"@id":"https:\/\/ciac.pt\/en\/news\/conversa-com-o-artista-visual-tiago-baptista-a-decorrer-no-dia-27-de-novembro\/#primaryimage"},"thumbnailUrl":"https:\/\/ciac.pt\/wp-content\/uploads\/2025\/11\/TB-portrait.jpg","datePublished":"2025-11-25T18:26:04+00:00","dateModified":"2025-11-26T18:06:06+00:00","breadcrumb":{"@id":"https:\/\/ciac.pt\/en\/news\/conversa-com-o-artista-visual-tiago-baptista-a-decorrer-no-dia-27-de-novembro\/#breadcrumb"},"inLanguage":"en-US","potentialAction":[{"@type":"ReadAction","target":["https:\/\/ciac.pt\/en\/news\/conversa-com-o-artista-visual-tiago-baptista-a-decorrer-no-dia-27-de-novembro\/"]}]},{"@type":"ImageObject","inLanguage":"en-US","@id":"https:\/\/ciac.pt\/en\/news\/conversa-com-o-artista-visual-tiago-baptista-a-decorrer-no-dia-27-de-novembro\/#primaryimage","url":"https:\/\/ciac.pt\/wp-content\/uploads\/2025\/11\/TB-portrait.jpg","contentUrl":"https:\/\/ciac.pt\/wp-content\/uploads\/2025\/11\/TB-portrait.jpg","width":1620,"height":1215},{"@type":"BreadcrumbList","@id":"https:\/\/ciac.pt\/en\/news\/conversa-com-o-artista-visual-tiago-baptista-a-decorrer-no-dia-27-de-novembro\/#breadcrumb","itemListElement":[{"@type":"ListItem","position":1,"name":"In\u00edcio","item":"https:\/\/ciac.pt\/en\/"},{"@type":"ListItem","position":2,"name":"Conversation with visual artist Tiago Baptista on 27 November"}]},{"@type":"WebSite","@id":"https:\/\/ciac.pt\/en\/#website","url":"https:\/\/ciac.pt\/en\/","name":"CIAC","description":"Centro de Investiga\u00e7\u00e3o em Artes e Comunica\u00e7\u00e3o","publisher":{"@id":"https:\/\/ciac.pt\/en\/#organization"},"potentialAction":[{"@type":"SearchAction","target":{"@type":"EntryPoint","urlTemplate":"https:\/\/ciac.pt\/en\/?s={search_term_string}"},"query-input":{"@type":"PropertyValueSpecification","valueRequired":true,"valueName":"search_term_string"}}],"inLanguage":"en-US"},{"@type":"Organization","@id":"https:\/\/ciac.pt\/en\/#organization","name":"CIAC","url":"https:\/\/ciac.pt\/en\/","logo":{"@type":"ImageObject","inLanguage":"en-US","@id":"https:\/\/ciac.pt\/en\/#\/schema\/logo\/image\/","url":"https:\/\/ciac.pt\/wp-content\/uploads\/2022\/06\/logo.svg","contentUrl":"https:\/\/ciac.pt\/wp-content\/uploads\/2022\/06\/logo.svg","width":184,"height":51,"caption":"CIAC"},"image":{"@id":"https:\/\/ciac.pt\/en\/#\/schema\/logo\/image\/"}},{"@type":"Person","@id":"https:\/\/ciac.pt\/en\/#\/schema\/person\/3def46b976d3f4c0cdcf7c417cb570be","name":"editor1","image":{"@type":"ImageObject","inLanguage":"en-US","@id":"https:\/\/secure.gravatar.com\/avatar\/4d8eb3157f61df03731fd8bf031b56d1d9241759e8f8c07d4d7e51d2f858c821?s=96&d=mm&r=g","url":"https:\/\/secure.gravatar.com\/avatar\/4d8eb3157f61df03731fd8bf031b56d1d9241759e8f8c07d4d7e51d2f858c821?s=96&d=mm&r=g","contentUrl":"https:\/\/secure.gravatar.com\/avatar\/4d8eb3157f61df03731fd8bf031b56d1d9241759e8f8c07d4d7e51d2f858c821?s=96&d=mm&r=g","caption":"editor1"},"url":"https:\/\/ciac.pt\/en\/author\/editor1\/"}]}},"author_meta":{"display_name":"editor1","author_link":"https:\/\/ciac.pt\/en\/author\/editor1\/"},"featured_img":"https:\/\/ciac.pt\/wp-content\/uploads\/2025\/11\/TB-portrait-300x225.jpg","coauthors":[],"tax_additional":{"categories":{"linked":["<a href=\"https:\/\/ciac.pt\/en\/.\/news\/\" class=\"advgb-post-tax-term\">News<\/a>"],"unlinked":["<span class=\"advgb-post-tax-term\">News<\/span>"]},"tags":{"linked":["<a href=\"https:\/\/ciac.pt\/en\/.\/news\/\" class=\"advgb-post-tax-term\">Dissemination<\/a>"],"unlinked":["<span class=\"advgb-post-tax-term\">Dissemination<\/span>"]}},"comment_count":0,"relative_dates":{"created":"Posted 5 months ago","modified":"Updated 5 months ago"},"absolute_dates":{"created":"Posted on 25\/11\/2025","modified":"Updated on 26\/11\/2025"},"absolute_dates_time":{"created":"Posted on 25\/11\/2025 18:26","modified":"Updated on 26\/11\/2025 18:06"},"featured_img_caption":"","series_order":"","_links":{"self":[{"href":"https:\/\/ciac.pt\/en\/wp-json\/wp\/v2\/posts\/13148","targetHints":{"allow":["GET"]}}],"collection":[{"href":"https:\/\/ciac.pt\/en\/wp-json\/wp\/v2\/posts"}],"about":[{"href":"https:\/\/ciac.pt\/en\/wp-json\/wp\/v2\/types\/post"}],"author":[{"embeddable":true,"href":"https:\/\/ciac.pt\/en\/wp-json\/wp\/v2\/users\/3"}],"replies":[{"embeddable":true,"href":"https:\/\/ciac.pt\/en\/wp-json\/wp\/v2\/comments?post=13148"}],"version-history":[{"count":1,"href":"https:\/\/ciac.pt\/en\/wp-json\/wp\/v2\/posts\/13148\/revisions"}],"predecessor-version":[{"id":13150,"href":"https:\/\/ciac.pt\/en\/wp-json\/wp\/v2\/posts\/13148\/revisions\/13150"}],"wp:featuredmedia":[{"embeddable":true,"href":"https:\/\/ciac.pt\/en\/wp-json\/wp\/v2\/media\/13145"}],"wp:attachment":[{"href":"https:\/\/ciac.pt\/en\/wp-json\/wp\/v2\/media?parent=13148"}],"wp:term":[{"taxonomy":"category","embeddable":true,"href":"https:\/\/ciac.pt\/en\/wp-json\/wp\/v2\/categories?post=13148"},{"taxonomy":"post_tag","embeddable":true,"href":"https:\/\/ciac.pt\/en\/wp-json\/wp\/v2\/tags?post=13148"}],"curies":[{"name":"wp","href":"https:\/\/api.w.org\/{rel}","templated":true}]}}