{"id":13353,"date":"2026-01-06T19:00:26","date_gmt":"2026-01-06T19:00:26","guid":{"rendered":"https:\/\/ciac.pt\/?p=13353"},"modified":"2026-01-06T19:00:36","modified_gmt":"2026-01-06T19:00:36","slug":"silvia-viegas-contributes-to-national-publication-on-housing-and-architecture","status":"publish","type":"post","link":"https:\/\/ciac.pt\/en\/news\/silvia-viegas-contributes-to-national-publication-on-housing-and-architecture\/","title":{"rendered":"S\u00edlvia Viegas contributes to national publication on housing and architecture"},"content":{"rendered":"\n\n\n\n<figure class=\"wp-block-image size-full\"><img decoding=\"async\" width=\"1600\" height=\"1200\" data-src=\"https:\/\/ciac.pt\/wp-content\/uploads\/2026\/01\/SViegas_Mais-do-que-casas-1-rotated.jpeg\" alt=\"\" class=\"wp-image-13346 lazyload\" data-srcset=\"https:\/\/ciac.pt\/wp-content\/uploads\/2026\/01\/SViegas_Mais-do-que-casas-1-rotated.jpeg 1600w, https:\/\/ciac.pt\/wp-content\/uploads\/2026\/01\/SViegas_Mais-do-que-casas-1-300x225.jpeg 300w, https:\/\/ciac.pt\/wp-content\/uploads\/2026\/01\/SViegas_Mais-do-que-casas-1-1024x768.jpeg 1024w, https:\/\/ciac.pt\/wp-content\/uploads\/2026\/01\/SViegas_Mais-do-que-casas-1-768x576.jpeg 768w, https:\/\/ciac.pt\/wp-content\/uploads\/2026\/01\/SViegas_Mais-do-que-casas-1-1536x1152.jpeg 1536w\" data-sizes=\"(max-width: 1600px) 100vw, 1600px\" src=\"data:image\/svg+xml;base64,PHN2ZyB3aWR0aD0iMSIgaGVpZ2h0PSIxIiB4bWxucz0iaHR0cDovL3d3dy53My5vcmcvMjAwMC9zdmciPjwvc3ZnPg==\" style=\"--smush-placeholder-width: 1600px; --smush-placeholder-aspect-ratio: 1600\/1200;\" \/><\/figure>\n\n\n\n<h2 class=\"wp-block-heading\">S\u00edlvia Viegas contributes to national publication on housing and architecture<\/h2>\n\n\n<div class=\"wp-block-post-date\"><time datetime=\"2026-01-06T19:00:26+00:00\">06\/01\/2026<\/time><\/div>\n\n\n<hr class=\"wp-block-separator has-alpha-channel-opacity\"\/>\n\n\n\n<p>CIAC researcher S\u00edlvia Viegas took part in the recent publication <em>Mais do que Casas<\/em> (<em>More than Houses<\/em>), an editorial project that brings together contributions from several higher education institutions about architecture and the current housing crisis.<\/p>\n\n\n\n<p>The book results from the programme \u201cMais do que Casas\u201d, promoted by the Faculty of Architecture of the University of Porto (FAUP) within the framework of the Commemorations of the 50th anniversary of 25 April, and is co-published with MUDE \u2013 the Design Museum, which also hosted the exhibition associated with the initiative. Over two years, the project involved 25 higher education institutions, mobilising a broad academic community of 1,750 students and 280 lecturers.<\/p>\n\n\n\n<p>S\u00edlvia Viegas highlights the importance of the publication for placing the discipline of architecture within the context of housing and the housing crisis, bringing together several universities around this theme. The researcher is the author of one of the texts that make up the seven guiding perspectives that open the publication, representing CIAC in this collective project, which also includes the University of the Algarve through its Landscape Architecture programme.<\/p>\n\n\n\n<p>The launch of <em>Mais do que Casas<\/em> took place as a cycle of events across three cities. The first presentation was held in Lisbon, at the auditorium of MUDE \u2013 the Design Museum, on 7 November 2025. This was followed by Porto, with a session at the Fernando T\u00e1vora auditorium at FAUP on 12 November, and the closing event took place in Coimbra, at the former Chapel of the College of Arts, on 20 November.<\/p>\n\n\n\n<p>S\u00edlvia Viegas\u2019s participation in this publication reinforces CIAC\u2019s contribution to critical reflection on the contemporary challenges of housing, underlining the role of academic research in building interdisciplinary and socially engaged responses for the future of cities.<\/p>\n\n\n\n<p>More information is available on the <a href=\"https:\/\/50anos25abril.pt\/agenda\/lancamento-do-livro-mais-do-que-casas\/\">official website of the Commemorations of the 50th anniversary of 25 April<\/a>.<\/p>\n\n\n\n<p><\/p>\n","protected":false},"excerpt":{"rendered":"<p>S\u00edlvia Viegas contributes to national publication on housing and architecture CIAC researcher<\/p>\n","protected":false},"author":3,"featured_media":13350,"comment_status":"closed","ping_status":"closed","sticky":false,"template":"","format":"standard","meta":{"_eb_attr":"","inline_featured_image":false,"advgb_blocks_editor_width":"","advgb_blocks_columns_visual_guide":"","footnotes":"","_links_to":"","_links_to_target":""},"categories":[61],"tags":[139],"class_list":["post-13353","post","type-post","status-publish","format-standard","has-post-thumbnail","hentry","category-news","tag-dissemination"],"yoast_head":"<!-- This site is optimized with the Yoast SEO plugin v27.4 - https:\/\/yoast.com\/product\/yoast-seo-wordpress\/ -->\n<title>S\u00edlvia Viegas contributes to national publication on housing and architecture - CIAC<\/title>\n<meta name=\"robots\" content=\"index, follow, max-snippet:-1, max-image-preview:large, max-video-preview:-1\" \/>\n<link rel=\"canonical\" href=\"https:\/\/ciac.pt\/en\/news\/silvia-viegas-contributes-to-national-publication-on-housing-and-architecture\/\" \/>\n<meta property=\"og:locale\" content=\"en_US\" \/>\n<meta property=\"og:type\" content=\"article\" \/>\n<meta property=\"og:title\" content=\"S\u00edlvia Viegas contributes to national publication on housing and architecture - CIAC\" \/>\n<meta property=\"og:description\" content=\"S\u00edlvia Viegas contributes to national publication on housing and architecture CIAC researcher\" \/>\n<meta property=\"og:url\" content=\"https:\/\/ciac.pt\/en\/news\/silvia-viegas-contributes-to-national-publication-on-housing-and-architecture\/\" \/>\n<meta property=\"og:site_name\" content=\"CIAC\" \/>\n<meta property=\"article:published_time\" content=\"2026-01-06T19:00:26+00:00\" \/>\n<meta property=\"article:modified_time\" content=\"2026-01-06T19:00:36+00:00\" \/>\n<meta property=\"og:image\" content=\"https:\/\/ciac.pt\/wp-content\/uploads\/2026\/01\/SViegas_Mais-do-que-casas-3.jpeg\" \/>\n\t<meta property=\"og:image:width\" content=\"1620\" \/>\n\t<meta property=\"og:image:height\" content=\"1215\" \/>\n\t<meta property=\"og:image:type\" content=\"image\/jpeg\" \/>\n<meta name=\"author\" content=\"editor1\" \/>\n<meta name=\"twitter:card\" content=\"summary_large_image\" \/>\n<meta name=\"twitter:label1\" content=\"Written by\" \/>\n\t<meta name=\"twitter:data1\" content=\"editor1\" \/>\n\t<meta name=\"twitter:label2\" content=\"Est. reading time\" \/>\n\t<meta name=\"twitter:data2\" content=\"3 minutes\" \/>\n<script type=\"application\/ld+json\" class=\"yoast-schema-graph\">{\"@context\":\"https:\\\/\\\/schema.org\",\"@graph\":[{\"@type\":\"Article\",\"@id\":\"https:\\\/\\\/ciac.pt\\\/en\\\/news\\\/silvia-viegas-contributes-to-national-publication-on-housing-and-architecture\\\/#article\",\"isPartOf\":{\"@id\":\"https:\\\/\\\/ciac.pt\\\/en\\\/news\\\/silvia-viegas-contributes-to-national-publication-on-housing-and-architecture\\\/\"},\"author\":{\"name\":\"editor1\",\"@id\":\"https:\\\/\\\/ciac.pt\\\/en\\\/#\\\/schema\\\/person\\\/3def46b976d3f4c0cdcf7c417cb570be\"},\"headline\":\"S\u00edlvia Viegas contributes to national publication on housing and architecture\",\"datePublished\":\"2026-01-06T19:00:26+00:00\",\"dateModified\":\"2026-01-06T19:00:36+00:00\",\"mainEntityOfPage\":{\"@id\":\"https:\\\/\\\/ciac.pt\\\/en\\\/news\\\/silvia-viegas-contributes-to-national-publication-on-housing-and-architecture\\\/\"},\"wordCount\":329,\"publisher\":{\"@id\":\"https:\\\/\\\/ciac.pt\\\/en\\\/#organization\"},\"image\":{\"@id\":\"https:\\\/\\\/ciac.pt\\\/en\\\/news\\\/silvia-viegas-contributes-to-national-publication-on-housing-and-architecture\\\/#primaryimage\"},\"thumbnailUrl\":\"https:\\\/\\\/ciac.pt\\\/wp-content\\\/uploads\\\/2026\\\/01\\\/SViegas_Mais-do-que-casas-3.jpeg\",\"keywords\":[\"Dissemination\"],\"articleSection\":[\"News\"],\"inLanguage\":\"en-US\"},{\"@type\":\"WebPage\",\"@id\":\"https:\\\/\\\/ciac.pt\\\/en\\\/news\\\/silvia-viegas-contributes-to-national-publication-on-housing-and-architecture\\\/\",\"url\":\"https:\\\/\\\/ciac.pt\\\/en\\\/news\\\/silvia-viegas-contributes-to-national-publication-on-housing-and-architecture\\\/\",\"name\":\"S\u00edlvia Viegas contributes to national publication on housing and architecture - CIAC\",\"isPartOf\":{\"@id\":\"https:\\\/\\\/ciac.pt\\\/en\\\/#website\"},\"primaryImageOfPage\":{\"@id\":\"https:\\\/\\\/ciac.pt\\\/en\\\/news\\\/silvia-viegas-contributes-to-national-publication-on-housing-and-architecture\\\/#primaryimage\"},\"image\":{\"@id\":\"https:\\\/\\\/ciac.pt\\\/en\\\/news\\\/silvia-viegas-contributes-to-national-publication-on-housing-and-architecture\\\/#primaryimage\"},\"thumbnailUrl\":\"https:\\\/\\\/ciac.pt\\\/wp-content\\\/uploads\\\/2026\\\/01\\\/SViegas_Mais-do-que-casas-3.jpeg\",\"datePublished\":\"2026-01-06T19:00:26+00:00\",\"dateModified\":\"2026-01-06T19:00:36+00:00\",\"breadcrumb\":{\"@id\":\"https:\\\/\\\/ciac.pt\\\/en\\\/news\\\/silvia-viegas-contributes-to-national-publication-on-housing-and-architecture\\\/#breadcrumb\"},\"inLanguage\":\"en-US\",\"potentialAction\":[{\"@type\":\"ReadAction\",\"target\":[\"https:\\\/\\\/ciac.pt\\\/en\\\/news\\\/silvia-viegas-contributes-to-national-publication-on-housing-and-architecture\\\/\"]}]},{\"@type\":\"ImageObject\",\"inLanguage\":\"en-US\",\"@id\":\"https:\\\/\\\/ciac.pt\\\/en\\\/news\\\/silvia-viegas-contributes-to-national-publication-on-housing-and-architecture\\\/#primaryimage\",\"url\":\"https:\\\/\\\/ciac.pt\\\/wp-content\\\/uploads\\\/2026\\\/01\\\/SViegas_Mais-do-que-casas-3.jpeg\",\"contentUrl\":\"https:\\\/\\\/ciac.pt\\\/wp-content\\\/uploads\\\/2026\\\/01\\\/SViegas_Mais-do-que-casas-3.jpeg\",\"width\":1620,\"height\":1215},{\"@type\":\"BreadcrumbList\",\"@id\":\"https:\\\/\\\/ciac.pt\\\/en\\\/news\\\/silvia-viegas-contributes-to-national-publication-on-housing-and-architecture\\\/#breadcrumb\",\"itemListElement\":[{\"@type\":\"ListItem\",\"position\":1,\"name\":\"In\u00edcio\",\"item\":\"https:\\\/\\\/ciac.pt\\\/en\\\/\"},{\"@type\":\"ListItem\",\"position\":2,\"name\":\"S\u00edlvia Viegas contributes to national publication on housing and architecture\"}]},{\"@type\":\"WebSite\",\"@id\":\"https:\\\/\\\/ciac.pt\\\/en\\\/#website\",\"url\":\"https:\\\/\\\/ciac.pt\\\/en\\\/\",\"name\":\"CIAC\",\"description\":\"Centro de Investiga\u00e7\u00e3o em Artes e Comunica\u00e7\u00e3o\",\"publisher\":{\"@id\":\"https:\\\/\\\/ciac.pt\\\/en\\\/#organization\"},\"potentialAction\":[{\"@type\":\"SearchAction\",\"target\":{\"@type\":\"EntryPoint\",\"urlTemplate\":\"https:\\\/\\\/ciac.pt\\\/en\\\/?s={search_term_string}\"},\"query-input\":{\"@type\":\"PropertyValueSpecification\",\"valueRequired\":true,\"valueName\":\"search_term_string\"}}],\"inLanguage\":\"en-US\"},{\"@type\":\"Organization\",\"@id\":\"https:\\\/\\\/ciac.pt\\\/en\\\/#organization\",\"name\":\"CIAC\",\"url\":\"https:\\\/\\\/ciac.pt\\\/en\\\/\",\"logo\":{\"@type\":\"ImageObject\",\"inLanguage\":\"en-US\",\"@id\":\"https:\\\/\\\/ciac.pt\\\/en\\\/#\\\/schema\\\/logo\\\/image\\\/\",\"url\":\"https:\\\/\\\/ciac.pt\\\/wp-content\\\/uploads\\\/2022\\\/06\\\/logo.svg\",\"contentUrl\":\"https:\\\/\\\/ciac.pt\\\/wp-content\\\/uploads\\\/2022\\\/06\\\/logo.svg\",\"width\":184,\"height\":51,\"caption\":\"CIAC\"},\"image\":{\"@id\":\"https:\\\/\\\/ciac.pt\\\/en\\\/#\\\/schema\\\/logo\\\/image\\\/\"}},{\"@type\":\"Person\",\"@id\":\"https:\\\/\\\/ciac.pt\\\/en\\\/#\\\/schema\\\/person\\\/3def46b976d3f4c0cdcf7c417cb570be\",\"name\":\"editor1\",\"image\":{\"@type\":\"ImageObject\",\"inLanguage\":\"en-US\",\"@id\":\"https:\\\/\\\/secure.gravatar.com\\\/avatar\\\/4d8eb3157f61df03731fd8bf031b56d1d9241759e8f8c07d4d7e51d2f858c821?s=96&d=mm&r=g\",\"url\":\"https:\\\/\\\/secure.gravatar.com\\\/avatar\\\/4d8eb3157f61df03731fd8bf031b56d1d9241759e8f8c07d4d7e51d2f858c821?s=96&d=mm&r=g\",\"contentUrl\":\"https:\\\/\\\/secure.gravatar.com\\\/avatar\\\/4d8eb3157f61df03731fd8bf031b56d1d9241759e8f8c07d4d7e51d2f858c821?s=96&d=mm&r=g\",\"caption\":\"editor1\"},\"url\":\"https:\\\/\\\/ciac.pt\\\/en\\\/author\\\/editor1\\\/\"}]}<\/script>\n<!-- \/ Yoast SEO plugin. -->","yoast_head_json":{"title":"S\u00edlvia Viegas contributes to national publication on housing and architecture - CIAC","robots":{"index":"index","follow":"follow","max-snippet":"max-snippet:-1","max-image-preview":"max-image-preview:large","max-video-preview":"max-video-preview:-1"},"canonical":"https:\/\/ciac.pt\/en\/news\/silvia-viegas-contributes-to-national-publication-on-housing-and-architecture\/","og_locale":"en_US","og_type":"article","og_title":"S\u00edlvia Viegas contributes to national publication on housing and architecture - CIAC","og_description":"S\u00edlvia Viegas contributes to national publication on housing and architecture CIAC researcher","og_url":"https:\/\/ciac.pt\/en\/news\/silvia-viegas-contributes-to-national-publication-on-housing-and-architecture\/","og_site_name":"CIAC","article_published_time":"2026-01-06T19:00:26+00:00","article_modified_time":"2026-01-06T19:00:36+00:00","og_image":[{"width":1620,"height":1215,"url":"https:\/\/ciac.pt\/wp-content\/uploads\/2026\/01\/SViegas_Mais-do-que-casas-3.jpeg","type":"image\/jpeg"}],"author":"editor1","twitter_card":"summary_large_image","twitter_misc":{"Written by":"editor1","Est. reading time":"3 minutes"},"schema":{"@context":"https:\/\/schema.org","@graph":[{"@type":"Article","@id":"https:\/\/ciac.pt\/en\/news\/silvia-viegas-contributes-to-national-publication-on-housing-and-architecture\/#article","isPartOf":{"@id":"https:\/\/ciac.pt\/en\/news\/silvia-viegas-contributes-to-national-publication-on-housing-and-architecture\/"},"author":{"name":"editor1","@id":"https:\/\/ciac.pt\/en\/#\/schema\/person\/3def46b976d3f4c0cdcf7c417cb570be"},"headline":"S\u00edlvia Viegas contributes to national publication on housing and architecture","datePublished":"2026-01-06T19:00:26+00:00","dateModified":"2026-01-06T19:00:36+00:00","mainEntityOfPage":{"@id":"https:\/\/ciac.pt\/en\/news\/silvia-viegas-contributes-to-national-publication-on-housing-and-architecture\/"},"wordCount":329,"publisher":{"@id":"https:\/\/ciac.pt\/en\/#organization"},"image":{"@id":"https:\/\/ciac.pt\/en\/news\/silvia-viegas-contributes-to-national-publication-on-housing-and-architecture\/#primaryimage"},"thumbnailUrl":"https:\/\/ciac.pt\/wp-content\/uploads\/2026\/01\/SViegas_Mais-do-que-casas-3.jpeg","keywords":["Dissemination"],"articleSection":["News"],"inLanguage":"en-US"},{"@type":"WebPage","@id":"https:\/\/ciac.pt\/en\/news\/silvia-viegas-contributes-to-national-publication-on-housing-and-architecture\/","url":"https:\/\/ciac.pt\/en\/news\/silvia-viegas-contributes-to-national-publication-on-housing-and-architecture\/","name":"S\u00edlvia Viegas contributes to national publication on housing and architecture - CIAC","isPartOf":{"@id":"https:\/\/ciac.pt\/en\/#website"},"primaryImageOfPage":{"@id":"https:\/\/ciac.pt\/en\/news\/silvia-viegas-contributes-to-national-publication-on-housing-and-architecture\/#primaryimage"},"image":{"@id":"https:\/\/ciac.pt\/en\/news\/silvia-viegas-contributes-to-national-publication-on-housing-and-architecture\/#primaryimage"},"thumbnailUrl":"https:\/\/ciac.pt\/wp-content\/uploads\/2026\/01\/SViegas_Mais-do-que-casas-3.jpeg","datePublished":"2026-01-06T19:00:26+00:00","dateModified":"2026-01-06T19:00:36+00:00","breadcrumb":{"@id":"https:\/\/ciac.pt\/en\/news\/silvia-viegas-contributes-to-national-publication-on-housing-and-architecture\/#breadcrumb"},"inLanguage":"en-US","potentialAction":[{"@type":"ReadAction","target":["https:\/\/ciac.pt\/en\/news\/silvia-viegas-contributes-to-national-publication-on-housing-and-architecture\/"]}]},{"@type":"ImageObject","inLanguage":"en-US","@id":"https:\/\/ciac.pt\/en\/news\/silvia-viegas-contributes-to-national-publication-on-housing-and-architecture\/#primaryimage","url":"https:\/\/ciac.pt\/wp-content\/uploads\/2026\/01\/SViegas_Mais-do-que-casas-3.jpeg","contentUrl":"https:\/\/ciac.pt\/wp-content\/uploads\/2026\/01\/SViegas_Mais-do-que-casas-3.jpeg","width":1620,"height":1215},{"@type":"BreadcrumbList","@id":"https:\/\/ciac.pt\/en\/news\/silvia-viegas-contributes-to-national-publication-on-housing-and-architecture\/#breadcrumb","itemListElement":[{"@type":"ListItem","position":1,"name":"In\u00edcio","item":"https:\/\/ciac.pt\/en\/"},{"@type":"ListItem","position":2,"name":"S\u00edlvia Viegas contributes to national publication on housing and architecture"}]},{"@type":"WebSite","@id":"https:\/\/ciac.pt\/en\/#website","url":"https:\/\/ciac.pt\/en\/","name":"CIAC","description":"Centro de Investiga\u00e7\u00e3o em Artes e Comunica\u00e7\u00e3o","publisher":{"@id":"https:\/\/ciac.pt\/en\/#organization"},"potentialAction":[{"@type":"SearchAction","target":{"@type":"EntryPoint","urlTemplate":"https:\/\/ciac.pt\/en\/?s={search_term_string}"},"query-input":{"@type":"PropertyValueSpecification","valueRequired":true,"valueName":"search_term_string"}}],"inLanguage":"en-US"},{"@type":"Organization","@id":"https:\/\/ciac.pt\/en\/#organization","name":"CIAC","url":"https:\/\/ciac.pt\/en\/","logo":{"@type":"ImageObject","inLanguage":"en-US","@id":"https:\/\/ciac.pt\/en\/#\/schema\/logo\/image\/","url":"https:\/\/ciac.pt\/wp-content\/uploads\/2022\/06\/logo.svg","contentUrl":"https:\/\/ciac.pt\/wp-content\/uploads\/2022\/06\/logo.svg","width":184,"height":51,"caption":"CIAC"},"image":{"@id":"https:\/\/ciac.pt\/en\/#\/schema\/logo\/image\/"}},{"@type":"Person","@id":"https:\/\/ciac.pt\/en\/#\/schema\/person\/3def46b976d3f4c0cdcf7c417cb570be","name":"editor1","image":{"@type":"ImageObject","inLanguage":"en-US","@id":"https:\/\/secure.gravatar.com\/avatar\/4d8eb3157f61df03731fd8bf031b56d1d9241759e8f8c07d4d7e51d2f858c821?s=96&d=mm&r=g","url":"https:\/\/secure.gravatar.com\/avatar\/4d8eb3157f61df03731fd8bf031b56d1d9241759e8f8c07d4d7e51d2f858c821?s=96&d=mm&r=g","contentUrl":"https:\/\/secure.gravatar.com\/avatar\/4d8eb3157f61df03731fd8bf031b56d1d9241759e8f8c07d4d7e51d2f858c821?s=96&d=mm&r=g","caption":"editor1"},"url":"https:\/\/ciac.pt\/en\/author\/editor1\/"}]}},"author_meta":{"display_name":"editor1","author_link":"https:\/\/ciac.pt\/en\/author\/editor1\/"},"featured_img":"https:\/\/ciac.pt\/wp-content\/uploads\/2026\/01\/SViegas_Mais-do-que-casas-3-300x225.jpeg","coauthors":[],"tax_additional":{"categories":{"linked":["<a href=\"https:\/\/ciac.pt\/en\/.\/news\/\" class=\"advgb-post-tax-term\">News<\/a>"],"unlinked":["<span class=\"advgb-post-tax-term\">News<\/span>"]},"tags":{"linked":["<a href=\"https:\/\/ciac.pt\/en\/.\/news\/\" class=\"advgb-post-tax-term\">Dissemination<\/a>"],"unlinked":["<span class=\"advgb-post-tax-term\">Dissemination<\/span>"]}},"comment_count":0,"relative_dates":{"created":"Posted 4 months ago","modified":"Updated 4 months ago"},"absolute_dates":{"created":"Posted on 06\/01\/2026","modified":"Updated on 06\/01\/2026"},"absolute_dates_time":{"created":"Posted on 06\/01\/2026 19:00","modified":"Updated on 06\/01\/2026 19:00"},"featured_img_caption":"","series_order":"","_links":{"self":[{"href":"https:\/\/ciac.pt\/en\/wp-json\/wp\/v2\/posts\/13353","targetHints":{"allow":["GET"]}}],"collection":[{"href":"https:\/\/ciac.pt\/en\/wp-json\/wp\/v2\/posts"}],"about":[{"href":"https:\/\/ciac.pt\/en\/wp-json\/wp\/v2\/types\/post"}],"author":[{"embeddable":true,"href":"https:\/\/ciac.pt\/en\/wp-json\/wp\/v2\/users\/3"}],"replies":[{"embeddable":true,"href":"https:\/\/ciac.pt\/en\/wp-json\/wp\/v2\/comments?post=13353"}],"version-history":[{"count":1,"href":"https:\/\/ciac.pt\/en\/wp-json\/wp\/v2\/posts\/13353\/revisions"}],"predecessor-version":[{"id":13354,"href":"https:\/\/ciac.pt\/en\/wp-json\/wp\/v2\/posts\/13353\/revisions\/13354"}],"wp:featuredmedia":[{"embeddable":true,"href":"https:\/\/ciac.pt\/en\/wp-json\/wp\/v2\/media\/13350"}],"wp:attachment":[{"href":"https:\/\/ciac.pt\/en\/wp-json\/wp\/v2\/media?parent=13353"}],"wp:term":[{"taxonomy":"category","embeddable":true,"href":"https:\/\/ciac.pt\/en\/wp-json\/wp\/v2\/categories?post=13353"},{"taxonomy":"post_tag","embeddable":true,"href":"https:\/\/ciac.pt\/en\/wp-json\/wp\/v2\/tags?post=13353"}],"curies":[{"name":"wp","href":"https:\/\/api.w.org\/{rel}","templated":true}]}}