{"id":13420,"date":"2026-01-13T17:41:48","date_gmt":"2026-01-13T17:41:48","guid":{"rendered":"https:\/\/ciac.pt\/?p=13420"},"modified":"2026-01-13T17:42:10","modified_gmt":"2026-01-13T17:42:10","slug":"ciac-researchers-take-part-in-the-3rd-sepex-at-the-university-of-tres-coracoes-brazil","status":"publish","type":"post","link":"https:\/\/ciac.pt\/en\/news\/ciac-researchers-take-part-in-the-3rd-sepex-at-the-university-of-tres-coracoes-brazil\/","title":{"rendered":"CIAC researchers take part in the 3rd SePEx at the University of Tr\u00eas Cora\u00e7\u00f5es, Brazil"},"content":{"rendered":"\n\n\n\n<figure class=\"wp-block-image size-full is-resized\"><img decoding=\"async\" width=\"1100\" height=\"440\" data-src=\"https:\/\/ciac.pt\/wp-content\/uploads\/2026\/01\/Even3.829001d23e084d9ebfb0.png\" alt=\"\" class=\"wp-image-13414 lazyload\" style=\"--smush-placeholder-width: 1100px; --smush-placeholder-aspect-ratio: 1100\/440;width:600px\" data-srcset=\"https:\/\/ciac.pt\/wp-content\/uploads\/2026\/01\/Even3.829001d23e084d9ebfb0.png 1100w, https:\/\/ciac.pt\/wp-content\/uploads\/2026\/01\/Even3.829001d23e084d9ebfb0-300x120.png 300w, https:\/\/ciac.pt\/wp-content\/uploads\/2026\/01\/Even3.829001d23e084d9ebfb0-1024x410.png 1024w, https:\/\/ciac.pt\/wp-content\/uploads\/2026\/01\/Even3.829001d23e084d9ebfb0-768x307.png 768w\" data-sizes=\"(max-width: 1100px) 100vw, 1100px\" src=\"data:image\/svg+xml;base64,PHN2ZyB3aWR0aD0iMSIgaGVpZ2h0PSIxIiB4bWxucz0iaHR0cDovL3d3dy53My5vcmcvMjAwMC9zdmciPjwvc3ZnPg==\" \/><\/figure>\n\n\n\n<h2 class=\"wp-block-heading\">CIAC researchers take part in the 3rd SePEx at the University of Tr\u00eas Cora\u00e7\u00f5es, Brazil<\/h2>\n\n\n<div class=\"wp-block-post-date\"><time datetime=\"2026-01-13T17:41:48+00:00\">13\/01\/2026<\/time><\/div>\n\n\n<hr class=\"wp-block-separator has-alpha-channel-opacity\"\/>\n\n\n\n<p>CIAC researchers Patr\u00edcia Dourado (CAIC-UAlg) and Isabel Cristina Carvalho (CIAC-UAb) took part as invited speakers in the opening session of the <strong>3rd SePEx \u2013 Research and Extension Seminar<\/strong>, organised by the University of Tr\u00eas Cora\u00e7\u00f5es (UninCor), in Minas Gerais, Brazil.<\/p>\n\n\n\n<p>The opening panel, entitled <em>\u201cRethinking Teaching, Research and Outreach at National and International Levels\u201d<\/em>, also featured Ana Paula Varela Afonso, from Universidade Aberta, and brought together specialists from different institutions to reflect on the challenges and opportunities of articulating higher education, scientific research and university outreach in both national and international contexts.<\/p>\n\n\n\n<p>The participation of CIAC researchers in this international event highlights the recognition of the work developed in the fields of arts and communication research, as well as the importance of academic cooperation between Portuguese and Brazilian institutions.<\/p>\n\n\n\n<p><strong>SePEx \u2013 Research and Extension Week<\/strong> is an academic event that brings together students, lecturers and researchers, promoting the exchange of knowledge through lectures, workshops and the presentation of scientific papers. Its main goal is to strengthen the integration between research and outreach activities, underlining their role in professional training and community development.<\/p>\n\n\n\n<p>The 2025 edition took place from <strong>1 to 3 December<\/strong>, establishing itself as a privileged forum for interdisciplinary dialogue and for the promotion of good practices in higher education.<\/p>\n\n\n\n<p>More information (<a href=\"https:\/\/www.even3.com.br\/unincor-620736\/\">here<\/a>).<\/p>\n\n\n\n<p><\/p>\n","protected":false},"excerpt":{"rendered":"<p>CIAC researchers take part in the 3rd SePEx at the University of<\/p>\n","protected":false},"author":3,"featured_media":13417,"comment_status":"closed","ping_status":"closed","sticky":false,"template":"","format":"standard","meta":{"_eb_attr":"","inline_featured_image":false,"advgb_blocks_editor_width":"","advgb_blocks_columns_visual_guide":"","footnotes":"","_links_to":"","_links_to_target":""},"categories":[61],"tags":[139],"class_list":["post-13420","post","type-post","status-publish","format-standard","has-post-thumbnail","hentry","category-news","tag-dissemination"],"yoast_head":"<!-- This site is optimized with the Yoast SEO plugin v27.4 - https:\/\/yoast.com\/product\/yoast-seo-wordpress\/ -->\n<title>CIAC researchers take part in the 3rd SePEx at the University of Tr\u00eas Cora\u00e7\u00f5es, Brazil - CIAC<\/title>\n<meta name=\"robots\" content=\"index, follow, max-snippet:-1, max-image-preview:large, max-video-preview:-1\" \/>\n<link rel=\"canonical\" href=\"https:\/\/ciac.pt\/en\/news\/ciac-researchers-take-part-in-the-3rd-sepex-at-the-university-of-tres-coracoes-brazil\/\" \/>\n<meta property=\"og:locale\" content=\"en_US\" \/>\n<meta property=\"og:type\" content=\"article\" \/>\n<meta property=\"og:title\" content=\"CIAC researchers take part in the 3rd SePEx at the University of Tr\u00eas Cora\u00e7\u00f5es, Brazil - CIAC\" \/>\n<meta property=\"og:description\" content=\"CIAC researchers take part in the 3rd SePEx at the University of\" \/>\n<meta property=\"og:url\" content=\"https:\/\/ciac.pt\/en\/news\/ciac-researchers-take-part-in-the-3rd-sepex-at-the-university-of-tres-coracoes-brazil\/\" \/>\n<meta property=\"og:site_name\" content=\"CIAC\" \/>\n<meta property=\"article:published_time\" content=\"2026-01-13T17:41:48+00:00\" \/>\n<meta property=\"article:modified_time\" content=\"2026-01-13T17:42:10+00:00\" \/>\n<meta property=\"og:image\" content=\"https:\/\/ciac.pt\/wp-content\/uploads\/2026\/01\/Untitled-1-1.png\" \/>\n\t<meta property=\"og:image:width\" content=\"1620\" \/>\n\t<meta property=\"og:image:height\" content=\"1215\" \/>\n\t<meta property=\"og:image:type\" content=\"image\/png\" \/>\n<meta name=\"author\" content=\"editor1\" \/>\n<meta name=\"twitter:card\" content=\"summary_large_image\" \/>\n<meta name=\"twitter:label1\" content=\"Written by\" \/>\n\t<meta name=\"twitter:data1\" content=\"editor1\" \/>\n\t<meta name=\"twitter:label2\" content=\"Est. reading time\" \/>\n\t<meta name=\"twitter:data2\" content=\"2 minutes\" \/>\n<script type=\"application\/ld+json\" class=\"yoast-schema-graph\">{\"@context\":\"https:\\\/\\\/schema.org\",\"@graph\":[{\"@type\":\"Article\",\"@id\":\"https:\\\/\\\/ciac.pt\\\/en\\\/news\\\/ciac-researchers-take-part-in-the-3rd-sepex-at-the-university-of-tres-coracoes-brazil\\\/#article\",\"isPartOf\":{\"@id\":\"https:\\\/\\\/ciac.pt\\\/en\\\/news\\\/ciac-researchers-take-part-in-the-3rd-sepex-at-the-university-of-tres-coracoes-brazil\\\/\"},\"author\":{\"name\":\"editor1\",\"@id\":\"https:\\\/\\\/ciac.pt\\\/en\\\/#\\\/schema\\\/person\\\/3def46b976d3f4c0cdcf7c417cb570be\"},\"headline\":\"CIAC researchers take part in the 3rd SePEx at the University of Tr\u00eas Cora\u00e7\u00f5es, Brazil\",\"datePublished\":\"2026-01-13T17:41:48+00:00\",\"dateModified\":\"2026-01-13T17:42:10+00:00\",\"mainEntityOfPage\":{\"@id\":\"https:\\\/\\\/ciac.pt\\\/en\\\/news\\\/ciac-researchers-take-part-in-the-3rd-sepex-at-the-university-of-tres-coracoes-brazil\\\/\"},\"wordCount\":249,\"publisher\":{\"@id\":\"https:\\\/\\\/ciac.pt\\\/en\\\/#organization\"},\"image\":{\"@id\":\"https:\\\/\\\/ciac.pt\\\/en\\\/news\\\/ciac-researchers-take-part-in-the-3rd-sepex-at-the-university-of-tres-coracoes-brazil\\\/#primaryimage\"},\"thumbnailUrl\":\"https:\\\/\\\/ciac.pt\\\/wp-content\\\/uploads\\\/2026\\\/01\\\/Untitled-1-1.png\",\"keywords\":[\"Dissemination\"],\"articleSection\":[\"News\"],\"inLanguage\":\"en-US\"},{\"@type\":\"WebPage\",\"@id\":\"https:\\\/\\\/ciac.pt\\\/en\\\/news\\\/ciac-researchers-take-part-in-the-3rd-sepex-at-the-university-of-tres-coracoes-brazil\\\/\",\"url\":\"https:\\\/\\\/ciac.pt\\\/en\\\/news\\\/ciac-researchers-take-part-in-the-3rd-sepex-at-the-university-of-tres-coracoes-brazil\\\/\",\"name\":\"CIAC researchers take part in the 3rd SePEx at the University of Tr\u00eas Cora\u00e7\u00f5es, Brazil - CIAC\",\"isPartOf\":{\"@id\":\"https:\\\/\\\/ciac.pt\\\/en\\\/#website\"},\"primaryImageOfPage\":{\"@id\":\"https:\\\/\\\/ciac.pt\\\/en\\\/news\\\/ciac-researchers-take-part-in-the-3rd-sepex-at-the-university-of-tres-coracoes-brazil\\\/#primaryimage\"},\"image\":{\"@id\":\"https:\\\/\\\/ciac.pt\\\/en\\\/news\\\/ciac-researchers-take-part-in-the-3rd-sepex-at-the-university-of-tres-coracoes-brazil\\\/#primaryimage\"},\"thumbnailUrl\":\"https:\\\/\\\/ciac.pt\\\/wp-content\\\/uploads\\\/2026\\\/01\\\/Untitled-1-1.png\",\"datePublished\":\"2026-01-13T17:41:48+00:00\",\"dateModified\":\"2026-01-13T17:42:10+00:00\",\"breadcrumb\":{\"@id\":\"https:\\\/\\\/ciac.pt\\\/en\\\/news\\\/ciac-researchers-take-part-in-the-3rd-sepex-at-the-university-of-tres-coracoes-brazil\\\/#breadcrumb\"},\"inLanguage\":\"en-US\",\"potentialAction\":[{\"@type\":\"ReadAction\",\"target\":[\"https:\\\/\\\/ciac.pt\\\/en\\\/news\\\/ciac-researchers-take-part-in-the-3rd-sepex-at-the-university-of-tres-coracoes-brazil\\\/\"]}]},{\"@type\":\"ImageObject\",\"inLanguage\":\"en-US\",\"@id\":\"https:\\\/\\\/ciac.pt\\\/en\\\/news\\\/ciac-researchers-take-part-in-the-3rd-sepex-at-the-university-of-tres-coracoes-brazil\\\/#primaryimage\",\"url\":\"https:\\\/\\\/ciac.pt\\\/wp-content\\\/uploads\\\/2026\\\/01\\\/Untitled-1-1.png\",\"contentUrl\":\"https:\\\/\\\/ciac.pt\\\/wp-content\\\/uploads\\\/2026\\\/01\\\/Untitled-1-1.png\",\"width\":1620,\"height\":1215},{\"@type\":\"BreadcrumbList\",\"@id\":\"https:\\\/\\\/ciac.pt\\\/en\\\/news\\\/ciac-researchers-take-part-in-the-3rd-sepex-at-the-university-of-tres-coracoes-brazil\\\/#breadcrumb\",\"itemListElement\":[{\"@type\":\"ListItem\",\"position\":1,\"name\":\"In\u00edcio\",\"item\":\"https:\\\/\\\/ciac.pt\\\/en\\\/\"},{\"@type\":\"ListItem\",\"position\":2,\"name\":\"CIAC researchers take part in the 3rd SePEx at the University of Tr\u00eas Cora\u00e7\u00f5es, Brazil\"}]},{\"@type\":\"WebSite\",\"@id\":\"https:\\\/\\\/ciac.pt\\\/en\\\/#website\",\"url\":\"https:\\\/\\\/ciac.pt\\\/en\\\/\",\"name\":\"CIAC\",\"description\":\"Centro de Investiga\u00e7\u00e3o em Artes e Comunica\u00e7\u00e3o\",\"publisher\":{\"@id\":\"https:\\\/\\\/ciac.pt\\\/en\\\/#organization\"},\"potentialAction\":[{\"@type\":\"SearchAction\",\"target\":{\"@type\":\"EntryPoint\",\"urlTemplate\":\"https:\\\/\\\/ciac.pt\\\/en\\\/?s={search_term_string}\"},\"query-input\":{\"@type\":\"PropertyValueSpecification\",\"valueRequired\":true,\"valueName\":\"search_term_string\"}}],\"inLanguage\":\"en-US\"},{\"@type\":\"Organization\",\"@id\":\"https:\\\/\\\/ciac.pt\\\/en\\\/#organization\",\"name\":\"CIAC\",\"url\":\"https:\\\/\\\/ciac.pt\\\/en\\\/\",\"logo\":{\"@type\":\"ImageObject\",\"inLanguage\":\"en-US\",\"@id\":\"https:\\\/\\\/ciac.pt\\\/en\\\/#\\\/schema\\\/logo\\\/image\\\/\",\"url\":\"https:\\\/\\\/ciac.pt\\\/wp-content\\\/uploads\\\/2022\\\/06\\\/logo.svg\",\"contentUrl\":\"https:\\\/\\\/ciac.pt\\\/wp-content\\\/uploads\\\/2022\\\/06\\\/logo.svg\",\"width\":184,\"height\":51,\"caption\":\"CIAC\"},\"image\":{\"@id\":\"https:\\\/\\\/ciac.pt\\\/en\\\/#\\\/schema\\\/logo\\\/image\\\/\"}},{\"@type\":\"Person\",\"@id\":\"https:\\\/\\\/ciac.pt\\\/en\\\/#\\\/schema\\\/person\\\/3def46b976d3f4c0cdcf7c417cb570be\",\"name\":\"editor1\",\"image\":{\"@type\":\"ImageObject\",\"inLanguage\":\"en-US\",\"@id\":\"https:\\\/\\\/secure.gravatar.com\\\/avatar\\\/4d8eb3157f61df03731fd8bf031b56d1d9241759e8f8c07d4d7e51d2f858c821?s=96&d=mm&r=g\",\"url\":\"https:\\\/\\\/secure.gravatar.com\\\/avatar\\\/4d8eb3157f61df03731fd8bf031b56d1d9241759e8f8c07d4d7e51d2f858c821?s=96&d=mm&r=g\",\"contentUrl\":\"https:\\\/\\\/secure.gravatar.com\\\/avatar\\\/4d8eb3157f61df03731fd8bf031b56d1d9241759e8f8c07d4d7e51d2f858c821?s=96&d=mm&r=g\",\"caption\":\"editor1\"},\"url\":\"https:\\\/\\\/ciac.pt\\\/en\\\/author\\\/editor1\\\/\"}]}<\/script>\n<!-- \/ Yoast SEO plugin. -->","yoast_head_json":{"title":"CIAC researchers take part in the 3rd SePEx at the University of Tr\u00eas Cora\u00e7\u00f5es, Brazil - CIAC","robots":{"index":"index","follow":"follow","max-snippet":"max-snippet:-1","max-image-preview":"max-image-preview:large","max-video-preview":"max-video-preview:-1"},"canonical":"https:\/\/ciac.pt\/en\/news\/ciac-researchers-take-part-in-the-3rd-sepex-at-the-university-of-tres-coracoes-brazil\/","og_locale":"en_US","og_type":"article","og_title":"CIAC researchers take part in the 3rd SePEx at the University of Tr\u00eas Cora\u00e7\u00f5es, Brazil - CIAC","og_description":"CIAC researchers take part in the 3rd SePEx at the University of","og_url":"https:\/\/ciac.pt\/en\/news\/ciac-researchers-take-part-in-the-3rd-sepex-at-the-university-of-tres-coracoes-brazil\/","og_site_name":"CIAC","article_published_time":"2026-01-13T17:41:48+00:00","article_modified_time":"2026-01-13T17:42:10+00:00","og_image":[{"width":1620,"height":1215,"url":"https:\/\/ciac.pt\/wp-content\/uploads\/2026\/01\/Untitled-1-1.png","type":"image\/png"}],"author":"editor1","twitter_card":"summary_large_image","twitter_misc":{"Written by":"editor1","Est. reading time":"2 minutes"},"schema":{"@context":"https:\/\/schema.org","@graph":[{"@type":"Article","@id":"https:\/\/ciac.pt\/en\/news\/ciac-researchers-take-part-in-the-3rd-sepex-at-the-university-of-tres-coracoes-brazil\/#article","isPartOf":{"@id":"https:\/\/ciac.pt\/en\/news\/ciac-researchers-take-part-in-the-3rd-sepex-at-the-university-of-tres-coracoes-brazil\/"},"author":{"name":"editor1","@id":"https:\/\/ciac.pt\/en\/#\/schema\/person\/3def46b976d3f4c0cdcf7c417cb570be"},"headline":"CIAC researchers take part in the 3rd SePEx at the University of Tr\u00eas Cora\u00e7\u00f5es, Brazil","datePublished":"2026-01-13T17:41:48+00:00","dateModified":"2026-01-13T17:42:10+00:00","mainEntityOfPage":{"@id":"https:\/\/ciac.pt\/en\/news\/ciac-researchers-take-part-in-the-3rd-sepex-at-the-university-of-tres-coracoes-brazil\/"},"wordCount":249,"publisher":{"@id":"https:\/\/ciac.pt\/en\/#organization"},"image":{"@id":"https:\/\/ciac.pt\/en\/news\/ciac-researchers-take-part-in-the-3rd-sepex-at-the-university-of-tres-coracoes-brazil\/#primaryimage"},"thumbnailUrl":"https:\/\/ciac.pt\/wp-content\/uploads\/2026\/01\/Untitled-1-1.png","keywords":["Dissemination"],"articleSection":["News"],"inLanguage":"en-US"},{"@type":"WebPage","@id":"https:\/\/ciac.pt\/en\/news\/ciac-researchers-take-part-in-the-3rd-sepex-at-the-university-of-tres-coracoes-brazil\/","url":"https:\/\/ciac.pt\/en\/news\/ciac-researchers-take-part-in-the-3rd-sepex-at-the-university-of-tres-coracoes-brazil\/","name":"CIAC researchers take part in the 3rd SePEx at the University of Tr\u00eas Cora\u00e7\u00f5es, Brazil - CIAC","isPartOf":{"@id":"https:\/\/ciac.pt\/en\/#website"},"primaryImageOfPage":{"@id":"https:\/\/ciac.pt\/en\/news\/ciac-researchers-take-part-in-the-3rd-sepex-at-the-university-of-tres-coracoes-brazil\/#primaryimage"},"image":{"@id":"https:\/\/ciac.pt\/en\/news\/ciac-researchers-take-part-in-the-3rd-sepex-at-the-university-of-tres-coracoes-brazil\/#primaryimage"},"thumbnailUrl":"https:\/\/ciac.pt\/wp-content\/uploads\/2026\/01\/Untitled-1-1.png","datePublished":"2026-01-13T17:41:48+00:00","dateModified":"2026-01-13T17:42:10+00:00","breadcrumb":{"@id":"https:\/\/ciac.pt\/en\/news\/ciac-researchers-take-part-in-the-3rd-sepex-at-the-university-of-tres-coracoes-brazil\/#breadcrumb"},"inLanguage":"en-US","potentialAction":[{"@type":"ReadAction","target":["https:\/\/ciac.pt\/en\/news\/ciac-researchers-take-part-in-the-3rd-sepex-at-the-university-of-tres-coracoes-brazil\/"]}]},{"@type":"ImageObject","inLanguage":"en-US","@id":"https:\/\/ciac.pt\/en\/news\/ciac-researchers-take-part-in-the-3rd-sepex-at-the-university-of-tres-coracoes-brazil\/#primaryimage","url":"https:\/\/ciac.pt\/wp-content\/uploads\/2026\/01\/Untitled-1-1.png","contentUrl":"https:\/\/ciac.pt\/wp-content\/uploads\/2026\/01\/Untitled-1-1.png","width":1620,"height":1215},{"@type":"BreadcrumbList","@id":"https:\/\/ciac.pt\/en\/news\/ciac-researchers-take-part-in-the-3rd-sepex-at-the-university-of-tres-coracoes-brazil\/#breadcrumb","itemListElement":[{"@type":"ListItem","position":1,"name":"In\u00edcio","item":"https:\/\/ciac.pt\/en\/"},{"@type":"ListItem","position":2,"name":"CIAC researchers take part in the 3rd SePEx at the University of Tr\u00eas Cora\u00e7\u00f5es, Brazil"}]},{"@type":"WebSite","@id":"https:\/\/ciac.pt\/en\/#website","url":"https:\/\/ciac.pt\/en\/","name":"CIAC","description":"Centro de Investiga\u00e7\u00e3o em Artes e Comunica\u00e7\u00e3o","publisher":{"@id":"https:\/\/ciac.pt\/en\/#organization"},"potentialAction":[{"@type":"SearchAction","target":{"@type":"EntryPoint","urlTemplate":"https:\/\/ciac.pt\/en\/?s={search_term_string}"},"query-input":{"@type":"PropertyValueSpecification","valueRequired":true,"valueName":"search_term_string"}}],"inLanguage":"en-US"},{"@type":"Organization","@id":"https:\/\/ciac.pt\/en\/#organization","name":"CIAC","url":"https:\/\/ciac.pt\/en\/","logo":{"@type":"ImageObject","inLanguage":"en-US","@id":"https:\/\/ciac.pt\/en\/#\/schema\/logo\/image\/","url":"https:\/\/ciac.pt\/wp-content\/uploads\/2022\/06\/logo.svg","contentUrl":"https:\/\/ciac.pt\/wp-content\/uploads\/2022\/06\/logo.svg","width":184,"height":51,"caption":"CIAC"},"image":{"@id":"https:\/\/ciac.pt\/en\/#\/schema\/logo\/image\/"}},{"@type":"Person","@id":"https:\/\/ciac.pt\/en\/#\/schema\/person\/3def46b976d3f4c0cdcf7c417cb570be","name":"editor1","image":{"@type":"ImageObject","inLanguage":"en-US","@id":"https:\/\/secure.gravatar.com\/avatar\/4d8eb3157f61df03731fd8bf031b56d1d9241759e8f8c07d4d7e51d2f858c821?s=96&d=mm&r=g","url":"https:\/\/secure.gravatar.com\/avatar\/4d8eb3157f61df03731fd8bf031b56d1d9241759e8f8c07d4d7e51d2f858c821?s=96&d=mm&r=g","contentUrl":"https:\/\/secure.gravatar.com\/avatar\/4d8eb3157f61df03731fd8bf031b56d1d9241759e8f8c07d4d7e51d2f858c821?s=96&d=mm&r=g","caption":"editor1"},"url":"https:\/\/ciac.pt\/en\/author\/editor1\/"}]}},"author_meta":{"display_name":"editor1","author_link":"https:\/\/ciac.pt\/en\/author\/editor1\/"},"featured_img":"https:\/\/ciac.pt\/wp-content\/uploads\/2026\/01\/Untitled-1-1-300x225.png","coauthors":[],"tax_additional":{"categories":{"linked":["<a href=\"https:\/\/ciac.pt\/en\/.\/news\/\" class=\"advgb-post-tax-term\">News<\/a>"],"unlinked":["<span class=\"advgb-post-tax-term\">News<\/span>"]},"tags":{"linked":["<a href=\"https:\/\/ciac.pt\/en\/.\/news\/\" class=\"advgb-post-tax-term\">Dissemination<\/a>"],"unlinked":["<span class=\"advgb-post-tax-term\">Dissemination<\/span>"]}},"comment_count":0,"relative_dates":{"created":"Posted 4 months ago","modified":"Updated 4 months ago"},"absolute_dates":{"created":"Posted on 13\/01\/2026","modified":"Updated on 13\/01\/2026"},"absolute_dates_time":{"created":"Posted on 13\/01\/2026 17:41","modified":"Updated on 13\/01\/2026 17:42"},"featured_img_caption":"","series_order":"","_links":{"self":[{"href":"https:\/\/ciac.pt\/en\/wp-json\/wp\/v2\/posts\/13420","targetHints":{"allow":["GET"]}}],"collection":[{"href":"https:\/\/ciac.pt\/en\/wp-json\/wp\/v2\/posts"}],"about":[{"href":"https:\/\/ciac.pt\/en\/wp-json\/wp\/v2\/types\/post"}],"author":[{"embeddable":true,"href":"https:\/\/ciac.pt\/en\/wp-json\/wp\/v2\/users\/3"}],"replies":[{"embeddable":true,"href":"https:\/\/ciac.pt\/en\/wp-json\/wp\/v2\/comments?post=13420"}],"version-history":[{"count":1,"href":"https:\/\/ciac.pt\/en\/wp-json\/wp\/v2\/posts\/13420\/revisions"}],"predecessor-version":[{"id":13422,"href":"https:\/\/ciac.pt\/en\/wp-json\/wp\/v2\/posts\/13420\/revisions\/13422"}],"wp:featuredmedia":[{"embeddable":true,"href":"https:\/\/ciac.pt\/en\/wp-json\/wp\/v2\/media\/13417"}],"wp:attachment":[{"href":"https:\/\/ciac.pt\/en\/wp-json\/wp\/v2\/media?parent=13420"}],"wp:term":[{"taxonomy":"category","embeddable":true,"href":"https:\/\/ciac.pt\/en\/wp-json\/wp\/v2\/categories?post=13420"},{"taxonomy":"post_tag","embeddable":true,"href":"https:\/\/ciac.pt\/en\/wp-json\/wp\/v2\/tags?post=13420"}],"curies":[{"name":"wp","href":"https:\/\/api.w.org\/{rel}","templated":true}]}}