{"id":13510,"date":"2026-01-21T17:20:57","date_gmt":"2026-01-21T17:20:57","guid":{"rendered":"https:\/\/ciac.pt\/uncategorized\/jose-manuel-simoes-publica-livro-sobre-media-arte-e-tecnologia-nas-culturas-lusofonas\/"},"modified":"2026-01-21T20:17:59","modified_gmt":"2026-01-21T20:17:59","slug":"jose-manuel-simoes-publica-livro-sobre-media-arte-e-tecnologia-nas-culturas-lusofonas","status":"publish","type":"post","link":"https:\/\/ciac.pt\/en\/news\/jose-manuel-simoes-publica-livro-sobre-media-arte-e-tecnologia-nas-culturas-lusofonas\/","title":{"rendered":"Jos\u00e9 Manuel Sim\u00f5es publishes book on media, art and technology in lusophone cultures"},"content":{"rendered":"\n\n\n\n<figure class=\"wp-block-image size-full\"><img decoding=\"async\" width=\"1754\" height=\"2480\" data-src=\"https:\/\/ciac.pt\/wp-content\/uploads\/2026\/01\/Cartaz-Eventos-CIAC-25-26-06-Web.jpg\" alt=\"\" class=\"wp-image-13492 lazyload\" data-srcset=\"https:\/\/ciac.pt\/wp-content\/uploads\/2026\/01\/Cartaz-Eventos-CIAC-25-26-06-Web.jpg 1754w, https:\/\/ciac.pt\/wp-content\/uploads\/2026\/01\/Cartaz-Eventos-CIAC-25-26-06-Web-212x300.jpg 212w, https:\/\/ciac.pt\/wp-content\/uploads\/2026\/01\/Cartaz-Eventos-CIAC-25-26-06-Web-724x1024.jpg 724w, https:\/\/ciac.pt\/wp-content\/uploads\/2026\/01\/Cartaz-Eventos-CIAC-25-26-06-Web-768x1086.jpg 768w, https:\/\/ciac.pt\/wp-content\/uploads\/2026\/01\/Cartaz-Eventos-CIAC-25-26-06-Web-1086x1536.jpg 1086w, https:\/\/ciac.pt\/wp-content\/uploads\/2026\/01\/Cartaz-Eventos-CIAC-25-26-06-Web-1448x2048.jpg 1448w\" data-sizes=\"(max-width: 1754px) 100vw, 1754px\" src=\"data:image\/svg+xml;base64,PHN2ZyB3aWR0aD0iMSIgaGVpZ2h0PSIxIiB4bWxucz0iaHR0cDovL3d3dy53My5vcmcvMjAwMC9zdmciPjwvc3ZnPg==\" style=\"--smush-placeholder-width: 1754px; --smush-placeholder-aspect-ratio: 1754\/2480;\" \/><\/figure>\n\n\n\n<h2 class=\"wp-block-heading\">Jos\u00e9 Manuel Sim\u00f5es publishes book on media, art and technology in lusophone cultures<\/h2>\n\n\n<div class=\"wp-block-post-date\"><time datetime=\"2026-01-21T17:20:57+00:00\">21\/01\/2026<\/time><\/div>\n\n\n<hr class=\"wp-block-separator has-alpha-channel-opacity\"\/>\n\n\n\n<p>Jos\u00e9 Manuel Sim\u00f5es, from the University of Saint Joseph (Macau), will launch the book <em>\u201cMedia, Art and Technology in the 9 Portuguese-Speaking Cultures.\u201d<\/em> The event will take place on 24 February 2026 at 6:30 p.m. in the Paulo Freire Amphitheater (ESEC), on the Penha campus of the University of Algarve.<\/p>\n\n\n\n<p><em>\u201cMedia, Art and Technology in the 9 Portuguese-Speaking Cultures\u201d<\/em> is a bilingual publication (Portuguese and English), edited by Jos\u00e9 Manuel Sim\u00f5es. The research underlying the book adopts a multidisciplinary approach, prioritising scientifically proven and validated research techniques. It uses both qualitative and quantitative data to analyse the media, arts and technology landscape within the so-called Lusophone space, combining these with scientific foundations and methods of classification and knowledge construction. Bringing together contributions from authors from several Portuguese-speaking countries, some of whom are internationally renowned, the book is grounded in scientific objectives such as conducting comprehensive data collection related to media, arts and technologies across the nine territories under study, establishing interdisciplinary research in these fields, and promoting the global dissemination of the research findings.<\/p>\n\n\n\n<p>This event is supported by national funds through FCT \u2013 <em>Funda\u00e7\u00e3o para a Ci\u00eancia e a Tecnologia, I.P.<\/em>, within the framework of the project \u201cUID\/04019\/2025 \u2013 CIAC\u201d DOI: 10.54499\/UID\/04019\/2025.<\/p>\n\n\n\n<p><\/p>\n","protected":false},"excerpt":{"rendered":"<p>Jos\u00e9 Manuel Sim\u00f5es publishes book on media, art and technology in lusophone<\/p>\n","protected":false},"author":3,"featured_media":13496,"comment_status":"closed","ping_status":"closed","sticky":false,"template":"","format":"standard","meta":{"_eb_attr":"","inline_featured_image":false,"advgb_blocks_editor_width":"","advgb_blocks_columns_visual_guide":"","footnotes":"","_links_to":"","_links_to_target":""},"categories":[61],"tags":[139],"class_list":["post-13510","post","type-post","status-publish","format-standard","has-post-thumbnail","hentry","category-news","tag-dissemination"],"yoast_head":"<!-- This site is optimized with the Yoast SEO plugin v27.4 - https:\/\/yoast.com\/product\/yoast-seo-wordpress\/ -->\n<title>Jos\u00e9 Manuel Sim\u00f5es publishes book on media, art and technology in lusophone cultures - CIAC<\/title>\n<meta name=\"robots\" content=\"index, follow, max-snippet:-1, max-image-preview:large, max-video-preview:-1\" \/>\n<link rel=\"canonical\" href=\"https:\/\/ciac.pt\/en\/news\/jose-manuel-simoes-publica-livro-sobre-media-arte-e-tecnologia-nas-culturas-lusofonas\/\" \/>\n<meta property=\"og:locale\" content=\"en_US\" \/>\n<meta property=\"og:type\" content=\"article\" \/>\n<meta property=\"og:title\" content=\"Jos\u00e9 Manuel Sim\u00f5es publishes book on media, art and technology in lusophone cultures - CIAC\" \/>\n<meta property=\"og:description\" content=\"Jos\u00e9 Manuel Sim\u00f5es publishes book on media, art and technology in lusophone\" \/>\n<meta property=\"og:url\" content=\"https:\/\/ciac.pt\/en\/news\/jose-manuel-simoes-publica-livro-sobre-media-arte-e-tecnologia-nas-culturas-lusofonas\/\" \/>\n<meta property=\"og:site_name\" content=\"CIAC\" \/>\n<meta property=\"article:published_time\" content=\"2026-01-21T17:20:57+00:00\" \/>\n<meta property=\"article:modified_time\" content=\"2026-01-21T20:17:59+00:00\" \/>\n<meta property=\"og:image\" content=\"https:\/\/ciac.pt\/wp-content\/uploads\/2026\/01\/Site-CIAC.jpg\" \/>\n\t<meta property=\"og:image:width\" content=\"1620\" \/>\n\t<meta property=\"og:image:height\" content=\"1215\" \/>\n\t<meta property=\"og:image:type\" content=\"image\/jpeg\" \/>\n<meta name=\"author\" content=\"editor1\" \/>\n<meta name=\"twitter:card\" content=\"summary_large_image\" \/>\n<meta name=\"twitter:label1\" content=\"Written by\" \/>\n\t<meta name=\"twitter:data1\" content=\"editor1\" \/>\n\t<meta name=\"twitter:label2\" content=\"Est. reading time\" \/>\n\t<meta name=\"twitter:data2\" content=\"2 minutes\" \/>\n<script type=\"application\/ld+json\" class=\"yoast-schema-graph\">{\"@context\":\"https:\\\/\\\/schema.org\",\"@graph\":[{\"@type\":\"Article\",\"@id\":\"https:\\\/\\\/ciac.pt\\\/en\\\/news\\\/jose-manuel-simoes-publica-livro-sobre-media-arte-e-tecnologia-nas-culturas-lusofonas\\\/#article\",\"isPartOf\":{\"@id\":\"https:\\\/\\\/ciac.pt\\\/en\\\/news\\\/jose-manuel-simoes-publica-livro-sobre-media-arte-e-tecnologia-nas-culturas-lusofonas\\\/\"},\"author\":{\"name\":\"editor1\",\"@id\":\"https:\\\/\\\/ciac.pt\\\/en\\\/#\\\/schema\\\/person\\\/3def46b976d3f4c0cdcf7c417cb570be\"},\"headline\":\"Jos\u00e9 Manuel Sim\u00f5es publishes book on media, art and technology in lusophone cultures\",\"datePublished\":\"2026-01-21T17:20:57+00:00\",\"dateModified\":\"2026-01-21T20:17:59+00:00\",\"mainEntityOfPage\":{\"@id\":\"https:\\\/\\\/ciac.pt\\\/en\\\/news\\\/jose-manuel-simoes-publica-livro-sobre-media-arte-e-tecnologia-nas-culturas-lusofonas\\\/\"},\"wordCount\":233,\"publisher\":{\"@id\":\"https:\\\/\\\/ciac.pt\\\/en\\\/#organization\"},\"image\":{\"@id\":\"https:\\\/\\\/ciac.pt\\\/en\\\/news\\\/jose-manuel-simoes-publica-livro-sobre-media-arte-e-tecnologia-nas-culturas-lusofonas\\\/#primaryimage\"},\"thumbnailUrl\":\"https:\\\/\\\/ciac.pt\\\/wp-content\\\/uploads\\\/2026\\\/01\\\/Site-CIAC.jpg\",\"keywords\":[\"Dissemination\"],\"articleSection\":[\"News\"],\"inLanguage\":\"en-US\"},{\"@type\":\"WebPage\",\"@id\":\"https:\\\/\\\/ciac.pt\\\/en\\\/news\\\/jose-manuel-simoes-publica-livro-sobre-media-arte-e-tecnologia-nas-culturas-lusofonas\\\/\",\"url\":\"https:\\\/\\\/ciac.pt\\\/en\\\/news\\\/jose-manuel-simoes-publica-livro-sobre-media-arte-e-tecnologia-nas-culturas-lusofonas\\\/\",\"name\":\"Jos\u00e9 Manuel Sim\u00f5es publishes book on media, art and technology in lusophone cultures - CIAC\",\"isPartOf\":{\"@id\":\"https:\\\/\\\/ciac.pt\\\/en\\\/#website\"},\"primaryImageOfPage\":{\"@id\":\"https:\\\/\\\/ciac.pt\\\/en\\\/news\\\/jose-manuel-simoes-publica-livro-sobre-media-arte-e-tecnologia-nas-culturas-lusofonas\\\/#primaryimage\"},\"image\":{\"@id\":\"https:\\\/\\\/ciac.pt\\\/en\\\/news\\\/jose-manuel-simoes-publica-livro-sobre-media-arte-e-tecnologia-nas-culturas-lusofonas\\\/#primaryimage\"},\"thumbnailUrl\":\"https:\\\/\\\/ciac.pt\\\/wp-content\\\/uploads\\\/2026\\\/01\\\/Site-CIAC.jpg\",\"datePublished\":\"2026-01-21T17:20:57+00:00\",\"dateModified\":\"2026-01-21T20:17:59+00:00\",\"breadcrumb\":{\"@id\":\"https:\\\/\\\/ciac.pt\\\/en\\\/news\\\/jose-manuel-simoes-publica-livro-sobre-media-arte-e-tecnologia-nas-culturas-lusofonas\\\/#breadcrumb\"},\"inLanguage\":\"en-US\",\"potentialAction\":[{\"@type\":\"ReadAction\",\"target\":[\"https:\\\/\\\/ciac.pt\\\/en\\\/news\\\/jose-manuel-simoes-publica-livro-sobre-media-arte-e-tecnologia-nas-culturas-lusofonas\\\/\"]}]},{\"@type\":\"ImageObject\",\"inLanguage\":\"en-US\",\"@id\":\"https:\\\/\\\/ciac.pt\\\/en\\\/news\\\/jose-manuel-simoes-publica-livro-sobre-media-arte-e-tecnologia-nas-culturas-lusofonas\\\/#primaryimage\",\"url\":\"https:\\\/\\\/ciac.pt\\\/wp-content\\\/uploads\\\/2026\\\/01\\\/Site-CIAC.jpg\",\"contentUrl\":\"https:\\\/\\\/ciac.pt\\\/wp-content\\\/uploads\\\/2026\\\/01\\\/Site-CIAC.jpg\",\"width\":1620,\"height\":1215},{\"@type\":\"BreadcrumbList\",\"@id\":\"https:\\\/\\\/ciac.pt\\\/en\\\/news\\\/jose-manuel-simoes-publica-livro-sobre-media-arte-e-tecnologia-nas-culturas-lusofonas\\\/#breadcrumb\",\"itemListElement\":[{\"@type\":\"ListItem\",\"position\":1,\"name\":\"In\u00edcio\",\"item\":\"https:\\\/\\\/ciac.pt\\\/en\\\/\"},{\"@type\":\"ListItem\",\"position\":2,\"name\":\"Jos\u00e9 Manuel Sim\u00f5es publishes book on media, art and technology in lusophone cultures\"}]},{\"@type\":\"WebSite\",\"@id\":\"https:\\\/\\\/ciac.pt\\\/en\\\/#website\",\"url\":\"https:\\\/\\\/ciac.pt\\\/en\\\/\",\"name\":\"CIAC\",\"description\":\"Centro de Investiga\u00e7\u00e3o em Artes e Comunica\u00e7\u00e3o\",\"publisher\":{\"@id\":\"https:\\\/\\\/ciac.pt\\\/en\\\/#organization\"},\"potentialAction\":[{\"@type\":\"SearchAction\",\"target\":{\"@type\":\"EntryPoint\",\"urlTemplate\":\"https:\\\/\\\/ciac.pt\\\/en\\\/?s={search_term_string}\"},\"query-input\":{\"@type\":\"PropertyValueSpecification\",\"valueRequired\":true,\"valueName\":\"search_term_string\"}}],\"inLanguage\":\"en-US\"},{\"@type\":\"Organization\",\"@id\":\"https:\\\/\\\/ciac.pt\\\/en\\\/#organization\",\"name\":\"CIAC\",\"url\":\"https:\\\/\\\/ciac.pt\\\/en\\\/\",\"logo\":{\"@type\":\"ImageObject\",\"inLanguage\":\"en-US\",\"@id\":\"https:\\\/\\\/ciac.pt\\\/en\\\/#\\\/schema\\\/logo\\\/image\\\/\",\"url\":\"https:\\\/\\\/ciac.pt\\\/wp-content\\\/uploads\\\/2022\\\/06\\\/logo.svg\",\"contentUrl\":\"https:\\\/\\\/ciac.pt\\\/wp-content\\\/uploads\\\/2022\\\/06\\\/logo.svg\",\"width\":184,\"height\":51,\"caption\":\"CIAC\"},\"image\":{\"@id\":\"https:\\\/\\\/ciac.pt\\\/en\\\/#\\\/schema\\\/logo\\\/image\\\/\"}},{\"@type\":\"Person\",\"@id\":\"https:\\\/\\\/ciac.pt\\\/en\\\/#\\\/schema\\\/person\\\/3def46b976d3f4c0cdcf7c417cb570be\",\"name\":\"editor1\",\"image\":{\"@type\":\"ImageObject\",\"inLanguage\":\"en-US\",\"@id\":\"https:\\\/\\\/secure.gravatar.com\\\/avatar\\\/4d8eb3157f61df03731fd8bf031b56d1d9241759e8f8c07d4d7e51d2f858c821?s=96&d=mm&r=g\",\"url\":\"https:\\\/\\\/secure.gravatar.com\\\/avatar\\\/4d8eb3157f61df03731fd8bf031b56d1d9241759e8f8c07d4d7e51d2f858c821?s=96&d=mm&r=g\",\"contentUrl\":\"https:\\\/\\\/secure.gravatar.com\\\/avatar\\\/4d8eb3157f61df03731fd8bf031b56d1d9241759e8f8c07d4d7e51d2f858c821?s=96&d=mm&r=g\",\"caption\":\"editor1\"},\"url\":\"https:\\\/\\\/ciac.pt\\\/en\\\/author\\\/editor1\\\/\"}]}<\/script>\n<!-- \/ Yoast SEO plugin. -->","yoast_head_json":{"title":"Jos\u00e9 Manuel Sim\u00f5es publishes book on media, art and technology in lusophone cultures - CIAC","robots":{"index":"index","follow":"follow","max-snippet":"max-snippet:-1","max-image-preview":"max-image-preview:large","max-video-preview":"max-video-preview:-1"},"canonical":"https:\/\/ciac.pt\/en\/news\/jose-manuel-simoes-publica-livro-sobre-media-arte-e-tecnologia-nas-culturas-lusofonas\/","og_locale":"en_US","og_type":"article","og_title":"Jos\u00e9 Manuel Sim\u00f5es publishes book on media, art and technology in lusophone cultures - CIAC","og_description":"Jos\u00e9 Manuel Sim\u00f5es publishes book on media, art and technology in lusophone","og_url":"https:\/\/ciac.pt\/en\/news\/jose-manuel-simoes-publica-livro-sobre-media-arte-e-tecnologia-nas-culturas-lusofonas\/","og_site_name":"CIAC","article_published_time":"2026-01-21T17:20:57+00:00","article_modified_time":"2026-01-21T20:17:59+00:00","og_image":[{"width":1620,"height":1215,"url":"https:\/\/ciac.pt\/wp-content\/uploads\/2026\/01\/Site-CIAC.jpg","type":"image\/jpeg"}],"author":"editor1","twitter_card":"summary_large_image","twitter_misc":{"Written by":"editor1","Est. reading time":"2 minutes"},"schema":{"@context":"https:\/\/schema.org","@graph":[{"@type":"Article","@id":"https:\/\/ciac.pt\/en\/news\/jose-manuel-simoes-publica-livro-sobre-media-arte-e-tecnologia-nas-culturas-lusofonas\/#article","isPartOf":{"@id":"https:\/\/ciac.pt\/en\/news\/jose-manuel-simoes-publica-livro-sobre-media-arte-e-tecnologia-nas-culturas-lusofonas\/"},"author":{"name":"editor1","@id":"https:\/\/ciac.pt\/en\/#\/schema\/person\/3def46b976d3f4c0cdcf7c417cb570be"},"headline":"Jos\u00e9 Manuel Sim\u00f5es publishes book on media, art and technology in lusophone cultures","datePublished":"2026-01-21T17:20:57+00:00","dateModified":"2026-01-21T20:17:59+00:00","mainEntityOfPage":{"@id":"https:\/\/ciac.pt\/en\/news\/jose-manuel-simoes-publica-livro-sobre-media-arte-e-tecnologia-nas-culturas-lusofonas\/"},"wordCount":233,"publisher":{"@id":"https:\/\/ciac.pt\/en\/#organization"},"image":{"@id":"https:\/\/ciac.pt\/en\/news\/jose-manuel-simoes-publica-livro-sobre-media-arte-e-tecnologia-nas-culturas-lusofonas\/#primaryimage"},"thumbnailUrl":"https:\/\/ciac.pt\/wp-content\/uploads\/2026\/01\/Site-CIAC.jpg","keywords":["Dissemination"],"articleSection":["News"],"inLanguage":"en-US"},{"@type":"WebPage","@id":"https:\/\/ciac.pt\/en\/news\/jose-manuel-simoes-publica-livro-sobre-media-arte-e-tecnologia-nas-culturas-lusofonas\/","url":"https:\/\/ciac.pt\/en\/news\/jose-manuel-simoes-publica-livro-sobre-media-arte-e-tecnologia-nas-culturas-lusofonas\/","name":"Jos\u00e9 Manuel Sim\u00f5es publishes book on media, art and technology in lusophone cultures - CIAC","isPartOf":{"@id":"https:\/\/ciac.pt\/en\/#website"},"primaryImageOfPage":{"@id":"https:\/\/ciac.pt\/en\/news\/jose-manuel-simoes-publica-livro-sobre-media-arte-e-tecnologia-nas-culturas-lusofonas\/#primaryimage"},"image":{"@id":"https:\/\/ciac.pt\/en\/news\/jose-manuel-simoes-publica-livro-sobre-media-arte-e-tecnologia-nas-culturas-lusofonas\/#primaryimage"},"thumbnailUrl":"https:\/\/ciac.pt\/wp-content\/uploads\/2026\/01\/Site-CIAC.jpg","datePublished":"2026-01-21T17:20:57+00:00","dateModified":"2026-01-21T20:17:59+00:00","breadcrumb":{"@id":"https:\/\/ciac.pt\/en\/news\/jose-manuel-simoes-publica-livro-sobre-media-arte-e-tecnologia-nas-culturas-lusofonas\/#breadcrumb"},"inLanguage":"en-US","potentialAction":[{"@type":"ReadAction","target":["https:\/\/ciac.pt\/en\/news\/jose-manuel-simoes-publica-livro-sobre-media-arte-e-tecnologia-nas-culturas-lusofonas\/"]}]},{"@type":"ImageObject","inLanguage":"en-US","@id":"https:\/\/ciac.pt\/en\/news\/jose-manuel-simoes-publica-livro-sobre-media-arte-e-tecnologia-nas-culturas-lusofonas\/#primaryimage","url":"https:\/\/ciac.pt\/wp-content\/uploads\/2026\/01\/Site-CIAC.jpg","contentUrl":"https:\/\/ciac.pt\/wp-content\/uploads\/2026\/01\/Site-CIAC.jpg","width":1620,"height":1215},{"@type":"BreadcrumbList","@id":"https:\/\/ciac.pt\/en\/news\/jose-manuel-simoes-publica-livro-sobre-media-arte-e-tecnologia-nas-culturas-lusofonas\/#breadcrumb","itemListElement":[{"@type":"ListItem","position":1,"name":"In\u00edcio","item":"https:\/\/ciac.pt\/en\/"},{"@type":"ListItem","position":2,"name":"Jos\u00e9 Manuel Sim\u00f5es publishes book on media, art and technology in lusophone cultures"}]},{"@type":"WebSite","@id":"https:\/\/ciac.pt\/en\/#website","url":"https:\/\/ciac.pt\/en\/","name":"CIAC","description":"Centro de Investiga\u00e7\u00e3o em Artes e Comunica\u00e7\u00e3o","publisher":{"@id":"https:\/\/ciac.pt\/en\/#organization"},"potentialAction":[{"@type":"SearchAction","target":{"@type":"EntryPoint","urlTemplate":"https:\/\/ciac.pt\/en\/?s={search_term_string}"},"query-input":{"@type":"PropertyValueSpecification","valueRequired":true,"valueName":"search_term_string"}}],"inLanguage":"en-US"},{"@type":"Organization","@id":"https:\/\/ciac.pt\/en\/#organization","name":"CIAC","url":"https:\/\/ciac.pt\/en\/","logo":{"@type":"ImageObject","inLanguage":"en-US","@id":"https:\/\/ciac.pt\/en\/#\/schema\/logo\/image\/","url":"https:\/\/ciac.pt\/wp-content\/uploads\/2022\/06\/logo.svg","contentUrl":"https:\/\/ciac.pt\/wp-content\/uploads\/2022\/06\/logo.svg","width":184,"height":51,"caption":"CIAC"},"image":{"@id":"https:\/\/ciac.pt\/en\/#\/schema\/logo\/image\/"}},{"@type":"Person","@id":"https:\/\/ciac.pt\/en\/#\/schema\/person\/3def46b976d3f4c0cdcf7c417cb570be","name":"editor1","image":{"@type":"ImageObject","inLanguage":"en-US","@id":"https:\/\/secure.gravatar.com\/avatar\/4d8eb3157f61df03731fd8bf031b56d1d9241759e8f8c07d4d7e51d2f858c821?s=96&d=mm&r=g","url":"https:\/\/secure.gravatar.com\/avatar\/4d8eb3157f61df03731fd8bf031b56d1d9241759e8f8c07d4d7e51d2f858c821?s=96&d=mm&r=g","contentUrl":"https:\/\/secure.gravatar.com\/avatar\/4d8eb3157f61df03731fd8bf031b56d1d9241759e8f8c07d4d7e51d2f858c821?s=96&d=mm&r=g","caption":"editor1"},"url":"https:\/\/ciac.pt\/en\/author\/editor1\/"}]}},"author_meta":{"display_name":"editor1","author_link":"https:\/\/ciac.pt\/en\/author\/editor1\/"},"featured_img":"https:\/\/ciac.pt\/wp-content\/uploads\/2026\/01\/Site-CIAC-300x225.jpg","coauthors":[],"tax_additional":{"categories":{"linked":["<a href=\"https:\/\/ciac.pt\/en\/.\/news\/\" class=\"advgb-post-tax-term\">News<\/a>"],"unlinked":["<span class=\"advgb-post-tax-term\">News<\/span>"]},"tags":{"linked":["<a href=\"https:\/\/ciac.pt\/en\/.\/news\/\" class=\"advgb-post-tax-term\">Dissemination<\/a>"],"unlinked":["<span class=\"advgb-post-tax-term\">Dissemination<\/span>"]}},"comment_count":0,"relative_dates":{"created":"Posted 3 months ago","modified":"Updated 3 months ago"},"absolute_dates":{"created":"Posted on 21\/01\/2026","modified":"Updated on 21\/01\/2026"},"absolute_dates_time":{"created":"Posted on 21\/01\/2026 17:20","modified":"Updated on 21\/01\/2026 20:17"},"featured_img_caption":"","series_order":"","_links":{"self":[{"href":"https:\/\/ciac.pt\/en\/wp-json\/wp\/v2\/posts\/13510","targetHints":{"allow":["GET"]}}],"collection":[{"href":"https:\/\/ciac.pt\/en\/wp-json\/wp\/v2\/posts"}],"about":[{"href":"https:\/\/ciac.pt\/en\/wp-json\/wp\/v2\/types\/post"}],"author":[{"embeddable":true,"href":"https:\/\/ciac.pt\/en\/wp-json\/wp\/v2\/users\/3"}],"replies":[{"embeddable":true,"href":"https:\/\/ciac.pt\/en\/wp-json\/wp\/v2\/comments?post=13510"}],"version-history":[{"count":1,"href":"https:\/\/ciac.pt\/en\/wp-json\/wp\/v2\/posts\/13510\/revisions"}],"predecessor-version":[{"id":13512,"href":"https:\/\/ciac.pt\/en\/wp-json\/wp\/v2\/posts\/13510\/revisions\/13512"}],"wp:featuredmedia":[{"embeddable":true,"href":"https:\/\/ciac.pt\/en\/wp-json\/wp\/v2\/media\/13496"}],"wp:attachment":[{"href":"https:\/\/ciac.pt\/en\/wp-json\/wp\/v2\/media?parent=13510"}],"wp:term":[{"taxonomy":"category","embeddable":true,"href":"https:\/\/ciac.pt\/en\/wp-json\/wp\/v2\/categories?post=13510"},{"taxonomy":"post_tag","embeddable":true,"href":"https:\/\/ciac.pt\/en\/wp-json\/wp\/v2\/tags?post=13510"}],"curies":[{"name":"wp","href":"https:\/\/api.w.org\/{rel}","templated":true}]}}