{"id":13517,"date":"2026-01-21T21:05:38","date_gmt":"2026-01-21T21:05:38","guid":{"rendered":"https:\/\/ciac.pt\/?p=13517"},"modified":"2026-01-21T21:08:35","modified_gmt":"2026-01-21T21:08:35","slug":"exhibition-geographies-of-water-on-view-from-23-january-2026-in-loule","status":"publish","type":"post","link":"https:\/\/ciac.pt\/en\/news\/exhibition-geographies-of-water-on-view-from-23-january-2026-in-loule\/","title":{"rendered":"Exhibition \u201cGeographies of Water\u201d on view from 23 January 2026 in Loul\u00e9"},"content":{"rendered":"\n\n\n\n<figure class=\"wp-block-image size-large\"><img decoding=\"async\" width=\"1024\" height=\"536\" data-src=\"https:\/\/ciac.pt\/wp-content\/uploads\/2026\/01\/Imagem-Evento-Facebook-1200\u00d7628-1024x536.jpg\" alt=\"\" class=\"wp-image-13504 lazyload\" data-srcset=\"https:\/\/ciac.pt\/wp-content\/uploads\/2026\/01\/Imagem-Evento-Facebook-1200\u00d7628-1024x536.jpg 1024w, https:\/\/ciac.pt\/wp-content\/uploads\/2026\/01\/Imagem-Evento-Facebook-1200\u00d7628-300x157.jpg 300w, https:\/\/ciac.pt\/wp-content\/uploads\/2026\/01\/Imagem-Evento-Facebook-1200\u00d7628-768x402.jpg 768w, https:\/\/ciac.pt\/wp-content\/uploads\/2026\/01\/Imagem-Evento-Facebook-1200\u00d7628.jpg 1200w\" data-sizes=\"(max-width: 1024px) 100vw, 1024px\" src=\"data:image\/svg+xml;base64,PHN2ZyB3aWR0aD0iMSIgaGVpZ2h0PSIxIiB4bWxucz0iaHR0cDovL3d3dy53My5vcmcvMjAwMC9zdmciPjwvc3ZnPg==\" style=\"--smush-placeholder-width: 1024px; --smush-placeholder-aspect-ratio: 1024\/536;\" \/><\/figure>\n\n\n\n<h2 class=\"wp-block-heading\">Exhibition \u201cGeographies of Water\u201d on view from 23 January 2026 in Loul\u00e9<\/h2>\n\n\n<div class=\"wp-block-post-date\"><time datetime=\"2026-01-21T21:05:38+00:00\">21\/01\/2026<\/time><\/div>\n\n\n<hr class=\"wp-block-separator has-alpha-channel-opacity\"\/>\n\n\n\n<p>The exhibition <em>\u201cGeographies of Water\u201d<\/em>, curated by Mirian Tavares, vice-coordinator of CIAC, and Jo\u00e3o Serr\u00e3o, a researcher at the Centre and a PhD student in Digital Media-Art, opens on 23 January 2026 at 6:00 p.m. at the Art Gallery of the Convento do Esp\u00edrito Santo, in Loul\u00e9.<\/p>\n\n\n\n<p>Part of the DESAGUAR project, the exhibition will be on view from 23 January to 14 March 2026 and features works by Ana Maria Pintora, Bert\u00edlio Martins, Jo\u00e3o Amado, Margarida Andrade, Milita Dor\u00e9, and Patr\u00edcia Oliveira.<\/p>\n\n\n\n<p>DESAGUAR is a project of artistic creation, mediation, and circulation that crosses margins and challenges centres, bringing together three territories whose identities are intertwined with water \u2014 Vila Nova de Cerveira, Loul\u00e9, and S\u00e3o Miguel \u2014 through a network of relationships and bridges between artistic practices and peripheral contexts.<\/p>\n\n\n\n<p>It proposes a plural approach to water: as a symbolic presence, an ecological resource, and a channel of displacement \u2014 physical, affective, or identitarian. Present in rituals, cosmologies, and in the geography of bodies and landscapes, water carries a symbolic power that cuts across cultures. In DESAGUAR, this dimension is interwoven with the urgencies of the present through practices that think with places and the flows \u2014 visible and invisible \u2014 that shape them.<\/p>\n\n\n\n<p>Through residencies, workshops, and exhibitions, six artists immerse themselves in unfamiliar territories in order to inhabit their rhythms and temporalities, creating from sources \u2014 material and immaterial \u2014 that define each place. The resulting works are sensitive deposits of stories and concerns, where the project\u2019s geopoetics invokes both gestures of subsistence and the solemnity of ritual. Here, DESAGUAR subverts the centre\u2013periphery dichotomy, proposing fluid thinking and a circuit of listening in which water ceases to be mere scenery and becomes an agent and a shared language.<\/p>\n\n\n\n<p>DESAGUAR is coordinated by the Cerveira Art Biennial Foundation (FBAC), in partnership with Arquip\u00e9lago \u2013 Contemporary Arts Centre (A-CAC) and the Municipal Art Galleries of Loul\u00e9, with the support of RPAC \u2013 Project Support Programme 2023.<\/p>\n","protected":false},"excerpt":{"rendered":"<p>Exhibition \u201cGeographies of Water\u201d on view from 23 January 2026 in Loul\u00e9<\/p>\n","protected":false},"author":3,"featured_media":13507,"comment_status":"closed","ping_status":"closed","sticky":false,"template":"","format":"standard","meta":{"_eb_attr":"","inline_featured_image":false,"advgb_blocks_editor_width":"","advgb_blocks_columns_visual_guide":"","footnotes":"","_links_to":"","_links_to_target":""},"categories":[61],"tags":[139],"class_list":["post-13517","post","type-post","status-publish","format-standard","has-post-thumbnail","hentry","category-news","tag-dissemination"],"yoast_head":"<!-- This site is optimized with the Yoast SEO plugin v27.4 - https:\/\/yoast.com\/product\/yoast-seo-wordpress\/ -->\n<title>Exhibition \u201cGeographies of Water\u201d on view from 23 January 2026 in Loul\u00e9 - CIAC<\/title>\n<meta name=\"robots\" content=\"index, follow, max-snippet:-1, max-image-preview:large, max-video-preview:-1\" \/>\n<link rel=\"canonical\" href=\"https:\/\/ciac.pt\/en\/news\/exhibition-geographies-of-water-on-view-from-23-january-2026-in-loule\/\" \/>\n<meta property=\"og:locale\" content=\"en_US\" \/>\n<meta property=\"og:type\" content=\"article\" \/>\n<meta property=\"og:title\" content=\"Exhibition \u201cGeographies of Water\u201d on view from 23 January 2026 in Loul\u00e9 - CIAC\" \/>\n<meta property=\"og:description\" content=\"Exhibition \u201cGeographies of Water\u201d on view from 23 January 2026 in Loul\u00e9\" \/>\n<meta property=\"og:url\" content=\"https:\/\/ciac.pt\/en\/news\/exhibition-geographies-of-water-on-view-from-23-january-2026-in-loule\/\" \/>\n<meta property=\"og:site_name\" content=\"CIAC\" \/>\n<meta property=\"article:published_time\" content=\"2026-01-21T21:05:38+00:00\" \/>\n<meta property=\"article:modified_time\" content=\"2026-01-21T21:08:35+00:00\" \/>\n<meta property=\"og:image\" content=\"https:\/\/ciac.pt\/wp-content\/uploads\/2026\/01\/Untitled-1-2.jpg\" \/>\n\t<meta property=\"og:image:width\" content=\"1620\" \/>\n\t<meta property=\"og:image:height\" content=\"1215\" \/>\n\t<meta property=\"og:image:type\" content=\"image\/jpeg\" \/>\n<meta name=\"author\" content=\"editor1\" \/>\n<meta name=\"twitter:card\" content=\"summary_large_image\" \/>\n<meta name=\"twitter:label1\" content=\"Written by\" \/>\n\t<meta name=\"twitter:data1\" content=\"editor1\" \/>\n\t<meta name=\"twitter:label2\" content=\"Est. reading time\" \/>\n\t<meta name=\"twitter:data2\" content=\"3 minutes\" \/>\n<script type=\"application\/ld+json\" class=\"yoast-schema-graph\">{\"@context\":\"https:\\\/\\\/schema.org\",\"@graph\":[{\"@type\":\"Article\",\"@id\":\"https:\\\/\\\/ciac.pt\\\/en\\\/news\\\/exhibition-geographies-of-water-on-view-from-23-january-2026-in-loule\\\/#article\",\"isPartOf\":{\"@id\":\"https:\\\/\\\/ciac.pt\\\/en\\\/news\\\/exhibition-geographies-of-water-on-view-from-23-january-2026-in-loule\\\/\"},\"author\":{\"name\":\"editor1\",\"@id\":\"https:\\\/\\\/ciac.pt\\\/en\\\/#\\\/schema\\\/person\\\/3def46b976d3f4c0cdcf7c417cb570be\"},\"headline\":\"Exhibition \u201cGeographies of Water\u201d on view from 23 January 2026 in Loul\u00e9\",\"datePublished\":\"2026-01-21T21:05:38+00:00\",\"dateModified\":\"2026-01-21T21:08:35+00:00\",\"mainEntityOfPage\":{\"@id\":\"https:\\\/\\\/ciac.pt\\\/en\\\/news\\\/exhibition-geographies-of-water-on-view-from-23-january-2026-in-loule\\\/\"},\"wordCount\":346,\"publisher\":{\"@id\":\"https:\\\/\\\/ciac.pt\\\/en\\\/#organization\"},\"image\":{\"@id\":\"https:\\\/\\\/ciac.pt\\\/en\\\/news\\\/exhibition-geographies-of-water-on-view-from-23-january-2026-in-loule\\\/#primaryimage\"},\"thumbnailUrl\":\"https:\\\/\\\/ciac.pt\\\/wp-content\\\/uploads\\\/2026\\\/01\\\/Untitled-1-2.jpg\",\"keywords\":[\"Dissemination\"],\"articleSection\":[\"News\"],\"inLanguage\":\"en-US\"},{\"@type\":\"WebPage\",\"@id\":\"https:\\\/\\\/ciac.pt\\\/en\\\/news\\\/exhibition-geographies-of-water-on-view-from-23-january-2026-in-loule\\\/\",\"url\":\"https:\\\/\\\/ciac.pt\\\/en\\\/news\\\/exhibition-geographies-of-water-on-view-from-23-january-2026-in-loule\\\/\",\"name\":\"Exhibition \u201cGeographies of Water\u201d on view from 23 January 2026 in Loul\u00e9 - CIAC\",\"isPartOf\":{\"@id\":\"https:\\\/\\\/ciac.pt\\\/en\\\/#website\"},\"primaryImageOfPage\":{\"@id\":\"https:\\\/\\\/ciac.pt\\\/en\\\/news\\\/exhibition-geographies-of-water-on-view-from-23-january-2026-in-loule\\\/#primaryimage\"},\"image\":{\"@id\":\"https:\\\/\\\/ciac.pt\\\/en\\\/news\\\/exhibition-geographies-of-water-on-view-from-23-january-2026-in-loule\\\/#primaryimage\"},\"thumbnailUrl\":\"https:\\\/\\\/ciac.pt\\\/wp-content\\\/uploads\\\/2026\\\/01\\\/Untitled-1-2.jpg\",\"datePublished\":\"2026-01-21T21:05:38+00:00\",\"dateModified\":\"2026-01-21T21:08:35+00:00\",\"breadcrumb\":{\"@id\":\"https:\\\/\\\/ciac.pt\\\/en\\\/news\\\/exhibition-geographies-of-water-on-view-from-23-january-2026-in-loule\\\/#breadcrumb\"},\"inLanguage\":\"en-US\",\"potentialAction\":[{\"@type\":\"ReadAction\",\"target\":[\"https:\\\/\\\/ciac.pt\\\/en\\\/news\\\/exhibition-geographies-of-water-on-view-from-23-january-2026-in-loule\\\/\"]}]},{\"@type\":\"ImageObject\",\"inLanguage\":\"en-US\",\"@id\":\"https:\\\/\\\/ciac.pt\\\/en\\\/news\\\/exhibition-geographies-of-water-on-view-from-23-january-2026-in-loule\\\/#primaryimage\",\"url\":\"https:\\\/\\\/ciac.pt\\\/wp-content\\\/uploads\\\/2026\\\/01\\\/Untitled-1-2.jpg\",\"contentUrl\":\"https:\\\/\\\/ciac.pt\\\/wp-content\\\/uploads\\\/2026\\\/01\\\/Untitled-1-2.jpg\",\"width\":1620,\"height\":1215},{\"@type\":\"BreadcrumbList\",\"@id\":\"https:\\\/\\\/ciac.pt\\\/en\\\/news\\\/exhibition-geographies-of-water-on-view-from-23-january-2026-in-loule\\\/#breadcrumb\",\"itemListElement\":[{\"@type\":\"ListItem\",\"position\":1,\"name\":\"In\u00edcio\",\"item\":\"https:\\\/\\\/ciac.pt\\\/en\\\/\"},{\"@type\":\"ListItem\",\"position\":2,\"name\":\"Exhibition \u201cGeographies of Water\u201d on view from 23 January 2026 in Loul\u00e9\"}]},{\"@type\":\"WebSite\",\"@id\":\"https:\\\/\\\/ciac.pt\\\/en\\\/#website\",\"url\":\"https:\\\/\\\/ciac.pt\\\/en\\\/\",\"name\":\"CIAC\",\"description\":\"Centro de Investiga\u00e7\u00e3o em Artes e Comunica\u00e7\u00e3o\",\"publisher\":{\"@id\":\"https:\\\/\\\/ciac.pt\\\/en\\\/#organization\"},\"potentialAction\":[{\"@type\":\"SearchAction\",\"target\":{\"@type\":\"EntryPoint\",\"urlTemplate\":\"https:\\\/\\\/ciac.pt\\\/en\\\/?s={search_term_string}\"},\"query-input\":{\"@type\":\"PropertyValueSpecification\",\"valueRequired\":true,\"valueName\":\"search_term_string\"}}],\"inLanguage\":\"en-US\"},{\"@type\":\"Organization\",\"@id\":\"https:\\\/\\\/ciac.pt\\\/en\\\/#organization\",\"name\":\"CIAC\",\"url\":\"https:\\\/\\\/ciac.pt\\\/en\\\/\",\"logo\":{\"@type\":\"ImageObject\",\"inLanguage\":\"en-US\",\"@id\":\"https:\\\/\\\/ciac.pt\\\/en\\\/#\\\/schema\\\/logo\\\/image\\\/\",\"url\":\"https:\\\/\\\/ciac.pt\\\/wp-content\\\/uploads\\\/2022\\\/06\\\/logo.svg\",\"contentUrl\":\"https:\\\/\\\/ciac.pt\\\/wp-content\\\/uploads\\\/2022\\\/06\\\/logo.svg\",\"width\":184,\"height\":51,\"caption\":\"CIAC\"},\"image\":{\"@id\":\"https:\\\/\\\/ciac.pt\\\/en\\\/#\\\/schema\\\/logo\\\/image\\\/\"}},{\"@type\":\"Person\",\"@id\":\"https:\\\/\\\/ciac.pt\\\/en\\\/#\\\/schema\\\/person\\\/3def46b976d3f4c0cdcf7c417cb570be\",\"name\":\"editor1\",\"image\":{\"@type\":\"ImageObject\",\"inLanguage\":\"en-US\",\"@id\":\"https:\\\/\\\/secure.gravatar.com\\\/avatar\\\/4d8eb3157f61df03731fd8bf031b56d1d9241759e8f8c07d4d7e51d2f858c821?s=96&d=mm&r=g\",\"url\":\"https:\\\/\\\/secure.gravatar.com\\\/avatar\\\/4d8eb3157f61df03731fd8bf031b56d1d9241759e8f8c07d4d7e51d2f858c821?s=96&d=mm&r=g\",\"contentUrl\":\"https:\\\/\\\/secure.gravatar.com\\\/avatar\\\/4d8eb3157f61df03731fd8bf031b56d1d9241759e8f8c07d4d7e51d2f858c821?s=96&d=mm&r=g\",\"caption\":\"editor1\"},\"url\":\"https:\\\/\\\/ciac.pt\\\/en\\\/author\\\/editor1\\\/\"}]}<\/script>\n<!-- \/ Yoast SEO plugin. -->","yoast_head_json":{"title":"Exhibition \u201cGeographies of Water\u201d on view from 23 January 2026 in Loul\u00e9 - CIAC","robots":{"index":"index","follow":"follow","max-snippet":"max-snippet:-1","max-image-preview":"max-image-preview:large","max-video-preview":"max-video-preview:-1"},"canonical":"https:\/\/ciac.pt\/en\/news\/exhibition-geographies-of-water-on-view-from-23-january-2026-in-loule\/","og_locale":"en_US","og_type":"article","og_title":"Exhibition \u201cGeographies of Water\u201d on view from 23 January 2026 in Loul\u00e9 - CIAC","og_description":"Exhibition \u201cGeographies of Water\u201d on view from 23 January 2026 in Loul\u00e9","og_url":"https:\/\/ciac.pt\/en\/news\/exhibition-geographies-of-water-on-view-from-23-january-2026-in-loule\/","og_site_name":"CIAC","article_published_time":"2026-01-21T21:05:38+00:00","article_modified_time":"2026-01-21T21:08:35+00:00","og_image":[{"width":1620,"height":1215,"url":"https:\/\/ciac.pt\/wp-content\/uploads\/2026\/01\/Untitled-1-2.jpg","type":"image\/jpeg"}],"author":"editor1","twitter_card":"summary_large_image","twitter_misc":{"Written by":"editor1","Est. reading time":"3 minutes"},"schema":{"@context":"https:\/\/schema.org","@graph":[{"@type":"Article","@id":"https:\/\/ciac.pt\/en\/news\/exhibition-geographies-of-water-on-view-from-23-january-2026-in-loule\/#article","isPartOf":{"@id":"https:\/\/ciac.pt\/en\/news\/exhibition-geographies-of-water-on-view-from-23-january-2026-in-loule\/"},"author":{"name":"editor1","@id":"https:\/\/ciac.pt\/en\/#\/schema\/person\/3def46b976d3f4c0cdcf7c417cb570be"},"headline":"Exhibition \u201cGeographies of Water\u201d on view from 23 January 2026 in Loul\u00e9","datePublished":"2026-01-21T21:05:38+00:00","dateModified":"2026-01-21T21:08:35+00:00","mainEntityOfPage":{"@id":"https:\/\/ciac.pt\/en\/news\/exhibition-geographies-of-water-on-view-from-23-january-2026-in-loule\/"},"wordCount":346,"publisher":{"@id":"https:\/\/ciac.pt\/en\/#organization"},"image":{"@id":"https:\/\/ciac.pt\/en\/news\/exhibition-geographies-of-water-on-view-from-23-january-2026-in-loule\/#primaryimage"},"thumbnailUrl":"https:\/\/ciac.pt\/wp-content\/uploads\/2026\/01\/Untitled-1-2.jpg","keywords":["Dissemination"],"articleSection":["News"],"inLanguage":"en-US"},{"@type":"WebPage","@id":"https:\/\/ciac.pt\/en\/news\/exhibition-geographies-of-water-on-view-from-23-january-2026-in-loule\/","url":"https:\/\/ciac.pt\/en\/news\/exhibition-geographies-of-water-on-view-from-23-january-2026-in-loule\/","name":"Exhibition \u201cGeographies of Water\u201d on view from 23 January 2026 in Loul\u00e9 - CIAC","isPartOf":{"@id":"https:\/\/ciac.pt\/en\/#website"},"primaryImageOfPage":{"@id":"https:\/\/ciac.pt\/en\/news\/exhibition-geographies-of-water-on-view-from-23-january-2026-in-loule\/#primaryimage"},"image":{"@id":"https:\/\/ciac.pt\/en\/news\/exhibition-geographies-of-water-on-view-from-23-january-2026-in-loule\/#primaryimage"},"thumbnailUrl":"https:\/\/ciac.pt\/wp-content\/uploads\/2026\/01\/Untitled-1-2.jpg","datePublished":"2026-01-21T21:05:38+00:00","dateModified":"2026-01-21T21:08:35+00:00","breadcrumb":{"@id":"https:\/\/ciac.pt\/en\/news\/exhibition-geographies-of-water-on-view-from-23-january-2026-in-loule\/#breadcrumb"},"inLanguage":"en-US","potentialAction":[{"@type":"ReadAction","target":["https:\/\/ciac.pt\/en\/news\/exhibition-geographies-of-water-on-view-from-23-january-2026-in-loule\/"]}]},{"@type":"ImageObject","inLanguage":"en-US","@id":"https:\/\/ciac.pt\/en\/news\/exhibition-geographies-of-water-on-view-from-23-january-2026-in-loule\/#primaryimage","url":"https:\/\/ciac.pt\/wp-content\/uploads\/2026\/01\/Untitled-1-2.jpg","contentUrl":"https:\/\/ciac.pt\/wp-content\/uploads\/2026\/01\/Untitled-1-2.jpg","width":1620,"height":1215},{"@type":"BreadcrumbList","@id":"https:\/\/ciac.pt\/en\/news\/exhibition-geographies-of-water-on-view-from-23-january-2026-in-loule\/#breadcrumb","itemListElement":[{"@type":"ListItem","position":1,"name":"In\u00edcio","item":"https:\/\/ciac.pt\/en\/"},{"@type":"ListItem","position":2,"name":"Exhibition \u201cGeographies of Water\u201d on view from 23 January 2026 in Loul\u00e9"}]},{"@type":"WebSite","@id":"https:\/\/ciac.pt\/en\/#website","url":"https:\/\/ciac.pt\/en\/","name":"CIAC","description":"Centro de Investiga\u00e7\u00e3o em Artes e Comunica\u00e7\u00e3o","publisher":{"@id":"https:\/\/ciac.pt\/en\/#organization"},"potentialAction":[{"@type":"SearchAction","target":{"@type":"EntryPoint","urlTemplate":"https:\/\/ciac.pt\/en\/?s={search_term_string}"},"query-input":{"@type":"PropertyValueSpecification","valueRequired":true,"valueName":"search_term_string"}}],"inLanguage":"en-US"},{"@type":"Organization","@id":"https:\/\/ciac.pt\/en\/#organization","name":"CIAC","url":"https:\/\/ciac.pt\/en\/","logo":{"@type":"ImageObject","inLanguage":"en-US","@id":"https:\/\/ciac.pt\/en\/#\/schema\/logo\/image\/","url":"https:\/\/ciac.pt\/wp-content\/uploads\/2022\/06\/logo.svg","contentUrl":"https:\/\/ciac.pt\/wp-content\/uploads\/2022\/06\/logo.svg","width":184,"height":51,"caption":"CIAC"},"image":{"@id":"https:\/\/ciac.pt\/en\/#\/schema\/logo\/image\/"}},{"@type":"Person","@id":"https:\/\/ciac.pt\/en\/#\/schema\/person\/3def46b976d3f4c0cdcf7c417cb570be","name":"editor1","image":{"@type":"ImageObject","inLanguage":"en-US","@id":"https:\/\/secure.gravatar.com\/avatar\/4d8eb3157f61df03731fd8bf031b56d1d9241759e8f8c07d4d7e51d2f858c821?s=96&d=mm&r=g","url":"https:\/\/secure.gravatar.com\/avatar\/4d8eb3157f61df03731fd8bf031b56d1d9241759e8f8c07d4d7e51d2f858c821?s=96&d=mm&r=g","contentUrl":"https:\/\/secure.gravatar.com\/avatar\/4d8eb3157f61df03731fd8bf031b56d1d9241759e8f8c07d4d7e51d2f858c821?s=96&d=mm&r=g","caption":"editor1"},"url":"https:\/\/ciac.pt\/en\/author\/editor1\/"}]}},"author_meta":{"display_name":"editor1","author_link":"https:\/\/ciac.pt\/en\/author\/editor1\/"},"featured_img":"https:\/\/ciac.pt\/wp-content\/uploads\/2026\/01\/Untitled-1-2-300x225.jpg","coauthors":[],"tax_additional":{"categories":{"linked":["<a href=\"https:\/\/ciac.pt\/en\/.\/news\/\" class=\"advgb-post-tax-term\">News<\/a>"],"unlinked":["<span class=\"advgb-post-tax-term\">News<\/span>"]},"tags":{"linked":["<a href=\"https:\/\/ciac.pt\/en\/.\/news\/\" class=\"advgb-post-tax-term\">Dissemination<\/a>"],"unlinked":["<span class=\"advgb-post-tax-term\">Dissemination<\/span>"]}},"comment_count":0,"relative_dates":{"created":"Posted 3 months ago","modified":"Updated 3 months ago"},"absolute_dates":{"created":"Posted on 21\/01\/2026","modified":"Updated on 21\/01\/2026"},"absolute_dates_time":{"created":"Posted on 21\/01\/2026 21:05","modified":"Updated on 21\/01\/2026 21:08"},"featured_img_caption":"","series_order":"","_links":{"self":[{"href":"https:\/\/ciac.pt\/en\/wp-json\/wp\/v2\/posts\/13517","targetHints":{"allow":["GET"]}}],"collection":[{"href":"https:\/\/ciac.pt\/en\/wp-json\/wp\/v2\/posts"}],"about":[{"href":"https:\/\/ciac.pt\/en\/wp-json\/wp\/v2\/types\/post"}],"author":[{"embeddable":true,"href":"https:\/\/ciac.pt\/en\/wp-json\/wp\/v2\/users\/3"}],"replies":[{"embeddable":true,"href":"https:\/\/ciac.pt\/en\/wp-json\/wp\/v2\/comments?post=13517"}],"version-history":[{"count":1,"href":"https:\/\/ciac.pt\/en\/wp-json\/wp\/v2\/posts\/13517\/revisions"}],"predecessor-version":[{"id":13519,"href":"https:\/\/ciac.pt\/en\/wp-json\/wp\/v2\/posts\/13517\/revisions\/13519"}],"wp:featuredmedia":[{"embeddable":true,"href":"https:\/\/ciac.pt\/en\/wp-json\/wp\/v2\/media\/13507"}],"wp:attachment":[{"href":"https:\/\/ciac.pt\/en\/wp-json\/wp\/v2\/media?parent=13517"}],"wp:term":[{"taxonomy":"category","embeddable":true,"href":"https:\/\/ciac.pt\/en\/wp-json\/wp\/v2\/categories?post=13517"},{"taxonomy":"post_tag","embeddable":true,"href":"https:\/\/ciac.pt\/en\/wp-json\/wp\/v2\/tags?post=13517"}],"curies":[{"name":"wp","href":"https:\/\/api.w.org\/{rel}","templated":true}]}}