{"id":13527,"date":"2026-01-22T18:03:18","date_gmt":"2026-01-22T18:03:18","guid":{"rendered":"https:\/\/ciac.pt\/?p=13527"},"modified":"2026-01-22T18:11:00","modified_gmt":"2026-01-22T18:11:00","slug":"silvia-viegas-authors-a-chapter-in-a-new-international-book-on-refugee-housing-in-europe","status":"publish","type":"post","link":"https:\/\/ciac.pt\/en\/news\/silvia-viegas-authors-a-chapter-in-a-new-international-book-on-refugee-housing-in-europe\/","title":{"rendered":"S\u00edlvia Viegas authors a chapter in a new international book on refugee housing in Europe"},"content":{"rendered":"\n\n\n\n<figure class=\"wp-block-image size-full\"><img decoding=\"async\" width=\"200\" height=\"300\" data-src=\"https:\/\/ciac.pt\/wp-content\/uploads\/2026\/01\/9781035350032.webp\" alt=\"\" class=\"wp-image-13522 lazyload\" src=\"data:image\/svg+xml;base64,PHN2ZyB3aWR0aD0iMSIgaGVpZ2h0PSIxIiB4bWxucz0iaHR0cDovL3d3dy53My5vcmcvMjAwMC9zdmciPjwvc3ZnPg==\" style=\"--smush-placeholder-width: 200px; --smush-placeholder-aspect-ratio: 200\/300;\" \/><\/figure>\n\n\n\n<h2 class=\"wp-block-heading\">S\u00edlvia Viegas authors a chapter in a new international book on refugee housing in Europe<\/h2>\n\n\n<div class=\"wp-block-post-date\"><time datetime=\"2026-01-22T18:03:18+00:00\">22\/01\/2026<\/time><\/div>\n\n\n<hr class=\"wp-block-separator has-alpha-channel-opacity\"\/>\n\n\n\n<p>The international publisher <strong>Edward Elgar Publishing<\/strong> has just released <em><a href=\"https:\/\/www.e-elgar.com\/shop\/gbp\/refugee-housing-in-europe-9781035350032.html\">Refugee Housing in Europe. Challenges and Opportunities in Multi-Dimensional Governance<\/a><\/em>, a landmark volume offering an interdisciplinary analysis of the challenges and opportunities associated with refugee housing across different European countries.<\/p>\n\n\n\n<p>The publication includes a contribution by <strong>S\u00edlvia Leiria Viegas<\/strong>, a researcher at <strong>CIAC<\/strong>, who co-authors <strong>Chapter 9<\/strong>, entitled <em>\u201cForced migrants, refugees and housing in Portugal: public policies and everyday practices\u201d<\/em>, together with <strong>Cristina Santinho<\/strong>. The chapter focuses on the Portuguese context, examining public housing policies aimed at forced migrants and refugees, as well as the everyday practices that shape their integration pathways.<\/p>\n\n\n\n<p>Edited by <strong>Daniel Rauhut<\/strong> (Centre for Geographical Studies, University of Lisbon) and <strong>Marika Gruber<\/strong> (Carinthia University of Applied Sciences, Austria), the book brings together contributions from researchers based in several European countries, seeking to bridge the existing gap between studies on immigrant integration and the specific issue of refugee housing. The volume explores different models of organisation, funding, policy and administration within multi-level governance systems.<\/p>\n\n\n\n<p>The book also addresses the impact of the significant increase in housing demand following critical moments such as the 2015 refugee crisis and the Russian invasion of Ukraine in 2022. Contributors assess the effectiveness of New Public Management and multidimensional governance models, highlighting housing as a fundamental human need, but also as an economic asset and a key indicator of successful integration processes.<\/p>\n\n\n\n<p><em>Refugee Housing in Europe<\/em> is an essential resource for researchers and students in the social sciences, as well as for policymakers, practitioners and professionals involved in European public administration at different levels of governance.<\/p>\n\n\n\n<hr class=\"wp-block-separator has-alpha-channel-opacity\"\/>\n\n\n\n<p>Viegas, S., &amp; Santinho, C. (2026). Forced migrants, refugees and housing in Portugal: public policies and everyday practices. In D. Rauhut &amp; M. Gruber (Eds.), <em>Refugee Housing in Europe. Challenges and Opportunities in Multi-Dimensional Governance<\/em>. Edward Elgar Publishing. <a href=\"https:\/\/doi.org\/10.4337\/9781035350049\">https:\/\/doi.org\/10.4337\/9781035350049<\/a><\/p>\n\n\n\n<p><\/p>\n","protected":false},"excerpt":{"rendered":"<p>S\u00edlvia Viegas authors a chapter in a new international book on refugee<\/p>\n","protected":false},"author":3,"featured_media":13525,"comment_status":"closed","ping_status":"closed","sticky":false,"template":"","format":"standard","meta":{"_eb_attr":"","inline_featured_image":false,"advgb_blocks_editor_width":"","advgb_blocks_columns_visual_guide":"","footnotes":"","_links_to":"","_links_to_target":""},"categories":[61],"tags":[139],"class_list":["post-13527","post","type-post","status-publish","format-standard","has-post-thumbnail","hentry","category-news","tag-dissemination"],"yoast_head":"<!-- This site is optimized with the Yoast SEO plugin v27.4 - https:\/\/yoast.com\/product\/yoast-seo-wordpress\/ -->\n<title>S\u00edlvia Viegas authors a chapter in a new international book on refugee housing in Europe - CIAC<\/title>\n<meta name=\"robots\" content=\"index, follow, max-snippet:-1, max-image-preview:large, max-video-preview:-1\" \/>\n<link rel=\"canonical\" href=\"https:\/\/ciac.pt\/en\/news\/silvia-viegas-authors-a-chapter-in-a-new-international-book-on-refugee-housing-in-europe\/\" \/>\n<meta property=\"og:locale\" content=\"en_US\" \/>\n<meta property=\"og:type\" content=\"article\" \/>\n<meta property=\"og:title\" content=\"S\u00edlvia Viegas authors a chapter in a new international book on refugee housing in Europe - CIAC\" \/>\n<meta property=\"og:description\" content=\"S\u00edlvia Viegas authors a chapter in a new international book on refugee\" \/>\n<meta property=\"og:url\" content=\"https:\/\/ciac.pt\/en\/news\/silvia-viegas-authors-a-chapter-in-a-new-international-book-on-refugee-housing-in-europe\/\" \/>\n<meta property=\"og:site_name\" content=\"CIAC\" \/>\n<meta property=\"article:published_time\" content=\"2026-01-22T18:03:18+00:00\" \/>\n<meta property=\"article:modified_time\" content=\"2026-01-22T18:11:00+00:00\" \/>\n<meta property=\"og:image\" content=\"https:\/\/ciac.pt\/wp-content\/uploads\/2026\/01\/Untitled-1-3.jpg\" \/>\n\t<meta property=\"og:image:width\" content=\"1620\" \/>\n\t<meta property=\"og:image:height\" content=\"1215\" \/>\n\t<meta property=\"og:image:type\" content=\"image\/jpeg\" \/>\n<meta name=\"author\" content=\"editor1\" \/>\n<meta name=\"twitter:card\" content=\"summary_large_image\" \/>\n<meta name=\"twitter:label1\" content=\"Written by\" \/>\n\t<meta name=\"twitter:data1\" content=\"editor1\" \/>\n\t<meta name=\"twitter:label2\" content=\"Est. reading time\" \/>\n\t<meta name=\"twitter:data2\" content=\"3 minutes\" \/>\n<script type=\"application\/ld+json\" class=\"yoast-schema-graph\">{\"@context\":\"https:\\\/\\\/schema.org\",\"@graph\":[{\"@type\":\"Article\",\"@id\":\"https:\\\/\\\/ciac.pt\\\/en\\\/news\\\/silvia-viegas-authors-a-chapter-in-a-new-international-book-on-refugee-housing-in-europe\\\/#article\",\"isPartOf\":{\"@id\":\"https:\\\/\\\/ciac.pt\\\/en\\\/news\\\/silvia-viegas-authors-a-chapter-in-a-new-international-book-on-refugee-housing-in-europe\\\/\"},\"author\":{\"name\":\"editor1\",\"@id\":\"https:\\\/\\\/ciac.pt\\\/en\\\/#\\\/schema\\\/person\\\/3def46b976d3f4c0cdcf7c417cb570be\"},\"headline\":\"S\u00edlvia Viegas authors a chapter in a new international book on refugee housing in Europe\",\"datePublished\":\"2026-01-22T18:03:18+00:00\",\"dateModified\":\"2026-01-22T18:11:00+00:00\",\"mainEntityOfPage\":{\"@id\":\"https:\\\/\\\/ciac.pt\\\/en\\\/news\\\/silvia-viegas-authors-a-chapter-in-a-new-international-book-on-refugee-housing-in-europe\\\/\"},\"wordCount\":336,\"publisher\":{\"@id\":\"https:\\\/\\\/ciac.pt\\\/en\\\/#organization\"},\"image\":{\"@id\":\"https:\\\/\\\/ciac.pt\\\/en\\\/news\\\/silvia-viegas-authors-a-chapter-in-a-new-international-book-on-refugee-housing-in-europe\\\/#primaryimage\"},\"thumbnailUrl\":\"https:\\\/\\\/ciac.pt\\\/wp-content\\\/uploads\\\/2026\\\/01\\\/Untitled-1-3.jpg\",\"keywords\":[\"Dissemination\"],\"articleSection\":[\"News\"],\"inLanguage\":\"en-US\"},{\"@type\":\"WebPage\",\"@id\":\"https:\\\/\\\/ciac.pt\\\/en\\\/news\\\/silvia-viegas-authors-a-chapter-in-a-new-international-book-on-refugee-housing-in-europe\\\/\",\"url\":\"https:\\\/\\\/ciac.pt\\\/en\\\/news\\\/silvia-viegas-authors-a-chapter-in-a-new-international-book-on-refugee-housing-in-europe\\\/\",\"name\":\"S\u00edlvia Viegas authors a chapter in a new international book on refugee housing in Europe - CIAC\",\"isPartOf\":{\"@id\":\"https:\\\/\\\/ciac.pt\\\/en\\\/#website\"},\"primaryImageOfPage\":{\"@id\":\"https:\\\/\\\/ciac.pt\\\/en\\\/news\\\/silvia-viegas-authors-a-chapter-in-a-new-international-book-on-refugee-housing-in-europe\\\/#primaryimage\"},\"image\":{\"@id\":\"https:\\\/\\\/ciac.pt\\\/en\\\/news\\\/silvia-viegas-authors-a-chapter-in-a-new-international-book-on-refugee-housing-in-europe\\\/#primaryimage\"},\"thumbnailUrl\":\"https:\\\/\\\/ciac.pt\\\/wp-content\\\/uploads\\\/2026\\\/01\\\/Untitled-1-3.jpg\",\"datePublished\":\"2026-01-22T18:03:18+00:00\",\"dateModified\":\"2026-01-22T18:11:00+00:00\",\"breadcrumb\":{\"@id\":\"https:\\\/\\\/ciac.pt\\\/en\\\/news\\\/silvia-viegas-authors-a-chapter-in-a-new-international-book-on-refugee-housing-in-europe\\\/#breadcrumb\"},\"inLanguage\":\"en-US\",\"potentialAction\":[{\"@type\":\"ReadAction\",\"target\":[\"https:\\\/\\\/ciac.pt\\\/en\\\/news\\\/silvia-viegas-authors-a-chapter-in-a-new-international-book-on-refugee-housing-in-europe\\\/\"]}]},{\"@type\":\"ImageObject\",\"inLanguage\":\"en-US\",\"@id\":\"https:\\\/\\\/ciac.pt\\\/en\\\/news\\\/silvia-viegas-authors-a-chapter-in-a-new-international-book-on-refugee-housing-in-europe\\\/#primaryimage\",\"url\":\"https:\\\/\\\/ciac.pt\\\/wp-content\\\/uploads\\\/2026\\\/01\\\/Untitled-1-3.jpg\",\"contentUrl\":\"https:\\\/\\\/ciac.pt\\\/wp-content\\\/uploads\\\/2026\\\/01\\\/Untitled-1-3.jpg\",\"width\":1620,\"height\":1215},{\"@type\":\"BreadcrumbList\",\"@id\":\"https:\\\/\\\/ciac.pt\\\/en\\\/news\\\/silvia-viegas-authors-a-chapter-in-a-new-international-book-on-refugee-housing-in-europe\\\/#breadcrumb\",\"itemListElement\":[{\"@type\":\"ListItem\",\"position\":1,\"name\":\"In\u00edcio\",\"item\":\"https:\\\/\\\/ciac.pt\\\/en\\\/\"},{\"@type\":\"ListItem\",\"position\":2,\"name\":\"S\u00edlvia Viegas authors a chapter in a new international book on refugee housing in Europe\"}]},{\"@type\":\"WebSite\",\"@id\":\"https:\\\/\\\/ciac.pt\\\/en\\\/#website\",\"url\":\"https:\\\/\\\/ciac.pt\\\/en\\\/\",\"name\":\"CIAC\",\"description\":\"Centro de Investiga\u00e7\u00e3o em Artes e Comunica\u00e7\u00e3o\",\"publisher\":{\"@id\":\"https:\\\/\\\/ciac.pt\\\/en\\\/#organization\"},\"potentialAction\":[{\"@type\":\"SearchAction\",\"target\":{\"@type\":\"EntryPoint\",\"urlTemplate\":\"https:\\\/\\\/ciac.pt\\\/en\\\/?s={search_term_string}\"},\"query-input\":{\"@type\":\"PropertyValueSpecification\",\"valueRequired\":true,\"valueName\":\"search_term_string\"}}],\"inLanguage\":\"en-US\"},{\"@type\":\"Organization\",\"@id\":\"https:\\\/\\\/ciac.pt\\\/en\\\/#organization\",\"name\":\"CIAC\",\"url\":\"https:\\\/\\\/ciac.pt\\\/en\\\/\",\"logo\":{\"@type\":\"ImageObject\",\"inLanguage\":\"en-US\",\"@id\":\"https:\\\/\\\/ciac.pt\\\/en\\\/#\\\/schema\\\/logo\\\/image\\\/\",\"url\":\"https:\\\/\\\/ciac.pt\\\/wp-content\\\/uploads\\\/2022\\\/06\\\/logo.svg\",\"contentUrl\":\"https:\\\/\\\/ciac.pt\\\/wp-content\\\/uploads\\\/2022\\\/06\\\/logo.svg\",\"width\":184,\"height\":51,\"caption\":\"CIAC\"},\"image\":{\"@id\":\"https:\\\/\\\/ciac.pt\\\/en\\\/#\\\/schema\\\/logo\\\/image\\\/\"}},{\"@type\":\"Person\",\"@id\":\"https:\\\/\\\/ciac.pt\\\/en\\\/#\\\/schema\\\/person\\\/3def46b976d3f4c0cdcf7c417cb570be\",\"name\":\"editor1\",\"image\":{\"@type\":\"ImageObject\",\"inLanguage\":\"en-US\",\"@id\":\"https:\\\/\\\/secure.gravatar.com\\\/avatar\\\/4d8eb3157f61df03731fd8bf031b56d1d9241759e8f8c07d4d7e51d2f858c821?s=96&d=mm&r=g\",\"url\":\"https:\\\/\\\/secure.gravatar.com\\\/avatar\\\/4d8eb3157f61df03731fd8bf031b56d1d9241759e8f8c07d4d7e51d2f858c821?s=96&d=mm&r=g\",\"contentUrl\":\"https:\\\/\\\/secure.gravatar.com\\\/avatar\\\/4d8eb3157f61df03731fd8bf031b56d1d9241759e8f8c07d4d7e51d2f858c821?s=96&d=mm&r=g\",\"caption\":\"editor1\"},\"url\":\"https:\\\/\\\/ciac.pt\\\/en\\\/author\\\/editor1\\\/\"}]}<\/script>\n<!-- \/ Yoast SEO plugin. -->","yoast_head_json":{"title":"S\u00edlvia Viegas authors a chapter in a new international book on refugee housing in Europe - CIAC","robots":{"index":"index","follow":"follow","max-snippet":"max-snippet:-1","max-image-preview":"max-image-preview:large","max-video-preview":"max-video-preview:-1"},"canonical":"https:\/\/ciac.pt\/en\/news\/silvia-viegas-authors-a-chapter-in-a-new-international-book-on-refugee-housing-in-europe\/","og_locale":"en_US","og_type":"article","og_title":"S\u00edlvia Viegas authors a chapter in a new international book on refugee housing in Europe - CIAC","og_description":"S\u00edlvia Viegas authors a chapter in a new international book on refugee","og_url":"https:\/\/ciac.pt\/en\/news\/silvia-viegas-authors-a-chapter-in-a-new-international-book-on-refugee-housing-in-europe\/","og_site_name":"CIAC","article_published_time":"2026-01-22T18:03:18+00:00","article_modified_time":"2026-01-22T18:11:00+00:00","og_image":[{"width":1620,"height":1215,"url":"https:\/\/ciac.pt\/wp-content\/uploads\/2026\/01\/Untitled-1-3.jpg","type":"image\/jpeg"}],"author":"editor1","twitter_card":"summary_large_image","twitter_misc":{"Written by":"editor1","Est. reading time":"3 minutes"},"schema":{"@context":"https:\/\/schema.org","@graph":[{"@type":"Article","@id":"https:\/\/ciac.pt\/en\/news\/silvia-viegas-authors-a-chapter-in-a-new-international-book-on-refugee-housing-in-europe\/#article","isPartOf":{"@id":"https:\/\/ciac.pt\/en\/news\/silvia-viegas-authors-a-chapter-in-a-new-international-book-on-refugee-housing-in-europe\/"},"author":{"name":"editor1","@id":"https:\/\/ciac.pt\/en\/#\/schema\/person\/3def46b976d3f4c0cdcf7c417cb570be"},"headline":"S\u00edlvia Viegas authors a chapter in a new international book on refugee housing in Europe","datePublished":"2026-01-22T18:03:18+00:00","dateModified":"2026-01-22T18:11:00+00:00","mainEntityOfPage":{"@id":"https:\/\/ciac.pt\/en\/news\/silvia-viegas-authors-a-chapter-in-a-new-international-book-on-refugee-housing-in-europe\/"},"wordCount":336,"publisher":{"@id":"https:\/\/ciac.pt\/en\/#organization"},"image":{"@id":"https:\/\/ciac.pt\/en\/news\/silvia-viegas-authors-a-chapter-in-a-new-international-book-on-refugee-housing-in-europe\/#primaryimage"},"thumbnailUrl":"https:\/\/ciac.pt\/wp-content\/uploads\/2026\/01\/Untitled-1-3.jpg","keywords":["Dissemination"],"articleSection":["News"],"inLanguage":"en-US"},{"@type":"WebPage","@id":"https:\/\/ciac.pt\/en\/news\/silvia-viegas-authors-a-chapter-in-a-new-international-book-on-refugee-housing-in-europe\/","url":"https:\/\/ciac.pt\/en\/news\/silvia-viegas-authors-a-chapter-in-a-new-international-book-on-refugee-housing-in-europe\/","name":"S\u00edlvia Viegas authors a chapter in a new international book on refugee housing in Europe - CIAC","isPartOf":{"@id":"https:\/\/ciac.pt\/en\/#website"},"primaryImageOfPage":{"@id":"https:\/\/ciac.pt\/en\/news\/silvia-viegas-authors-a-chapter-in-a-new-international-book-on-refugee-housing-in-europe\/#primaryimage"},"image":{"@id":"https:\/\/ciac.pt\/en\/news\/silvia-viegas-authors-a-chapter-in-a-new-international-book-on-refugee-housing-in-europe\/#primaryimage"},"thumbnailUrl":"https:\/\/ciac.pt\/wp-content\/uploads\/2026\/01\/Untitled-1-3.jpg","datePublished":"2026-01-22T18:03:18+00:00","dateModified":"2026-01-22T18:11:00+00:00","breadcrumb":{"@id":"https:\/\/ciac.pt\/en\/news\/silvia-viegas-authors-a-chapter-in-a-new-international-book-on-refugee-housing-in-europe\/#breadcrumb"},"inLanguage":"en-US","potentialAction":[{"@type":"ReadAction","target":["https:\/\/ciac.pt\/en\/news\/silvia-viegas-authors-a-chapter-in-a-new-international-book-on-refugee-housing-in-europe\/"]}]},{"@type":"ImageObject","inLanguage":"en-US","@id":"https:\/\/ciac.pt\/en\/news\/silvia-viegas-authors-a-chapter-in-a-new-international-book-on-refugee-housing-in-europe\/#primaryimage","url":"https:\/\/ciac.pt\/wp-content\/uploads\/2026\/01\/Untitled-1-3.jpg","contentUrl":"https:\/\/ciac.pt\/wp-content\/uploads\/2026\/01\/Untitled-1-3.jpg","width":1620,"height":1215},{"@type":"BreadcrumbList","@id":"https:\/\/ciac.pt\/en\/news\/silvia-viegas-authors-a-chapter-in-a-new-international-book-on-refugee-housing-in-europe\/#breadcrumb","itemListElement":[{"@type":"ListItem","position":1,"name":"In\u00edcio","item":"https:\/\/ciac.pt\/en\/"},{"@type":"ListItem","position":2,"name":"S\u00edlvia Viegas authors a chapter in a new international book on refugee housing in Europe"}]},{"@type":"WebSite","@id":"https:\/\/ciac.pt\/en\/#website","url":"https:\/\/ciac.pt\/en\/","name":"CIAC","description":"Centro de Investiga\u00e7\u00e3o em Artes e Comunica\u00e7\u00e3o","publisher":{"@id":"https:\/\/ciac.pt\/en\/#organization"},"potentialAction":[{"@type":"SearchAction","target":{"@type":"EntryPoint","urlTemplate":"https:\/\/ciac.pt\/en\/?s={search_term_string}"},"query-input":{"@type":"PropertyValueSpecification","valueRequired":true,"valueName":"search_term_string"}}],"inLanguage":"en-US"},{"@type":"Organization","@id":"https:\/\/ciac.pt\/en\/#organization","name":"CIAC","url":"https:\/\/ciac.pt\/en\/","logo":{"@type":"ImageObject","inLanguage":"en-US","@id":"https:\/\/ciac.pt\/en\/#\/schema\/logo\/image\/","url":"https:\/\/ciac.pt\/wp-content\/uploads\/2022\/06\/logo.svg","contentUrl":"https:\/\/ciac.pt\/wp-content\/uploads\/2022\/06\/logo.svg","width":184,"height":51,"caption":"CIAC"},"image":{"@id":"https:\/\/ciac.pt\/en\/#\/schema\/logo\/image\/"}},{"@type":"Person","@id":"https:\/\/ciac.pt\/en\/#\/schema\/person\/3def46b976d3f4c0cdcf7c417cb570be","name":"editor1","image":{"@type":"ImageObject","inLanguage":"en-US","@id":"https:\/\/secure.gravatar.com\/avatar\/4d8eb3157f61df03731fd8bf031b56d1d9241759e8f8c07d4d7e51d2f858c821?s=96&d=mm&r=g","url":"https:\/\/secure.gravatar.com\/avatar\/4d8eb3157f61df03731fd8bf031b56d1d9241759e8f8c07d4d7e51d2f858c821?s=96&d=mm&r=g","contentUrl":"https:\/\/secure.gravatar.com\/avatar\/4d8eb3157f61df03731fd8bf031b56d1d9241759e8f8c07d4d7e51d2f858c821?s=96&d=mm&r=g","caption":"editor1"},"url":"https:\/\/ciac.pt\/en\/author\/editor1\/"}]}},"author_meta":{"display_name":"editor1","author_link":"https:\/\/ciac.pt\/en\/author\/editor1\/"},"featured_img":"https:\/\/ciac.pt\/wp-content\/uploads\/2026\/01\/Untitled-1-3-300x225.jpg","coauthors":[],"tax_additional":{"categories":{"linked":["<a href=\"https:\/\/ciac.pt\/en\/.\/news\/\" class=\"advgb-post-tax-term\">News<\/a>"],"unlinked":["<span class=\"advgb-post-tax-term\">News<\/span>"]},"tags":{"linked":["<a href=\"https:\/\/ciac.pt\/en\/.\/news\/\" class=\"advgb-post-tax-term\">Dissemination<\/a>"],"unlinked":["<span class=\"advgb-post-tax-term\">Dissemination<\/span>"]}},"comment_count":0,"relative_dates":{"created":"Posted 3 months ago","modified":"Updated 3 months ago"},"absolute_dates":{"created":"Posted on 22\/01\/2026","modified":"Updated on 22\/01\/2026"},"absolute_dates_time":{"created":"Posted on 22\/01\/2026 18:03","modified":"Updated on 22\/01\/2026 18:11"},"featured_img_caption":"","series_order":"","_links":{"self":[{"href":"https:\/\/ciac.pt\/en\/wp-json\/wp\/v2\/posts\/13527","targetHints":{"allow":["GET"]}}],"collection":[{"href":"https:\/\/ciac.pt\/en\/wp-json\/wp\/v2\/posts"}],"about":[{"href":"https:\/\/ciac.pt\/en\/wp-json\/wp\/v2\/types\/post"}],"author":[{"embeddable":true,"href":"https:\/\/ciac.pt\/en\/wp-json\/wp\/v2\/users\/3"}],"replies":[{"embeddable":true,"href":"https:\/\/ciac.pt\/en\/wp-json\/wp\/v2\/comments?post=13527"}],"version-history":[{"count":2,"href":"https:\/\/ciac.pt\/en\/wp-json\/wp\/v2\/posts\/13527\/revisions"}],"predecessor-version":[{"id":13529,"href":"https:\/\/ciac.pt\/en\/wp-json\/wp\/v2\/posts\/13527\/revisions\/13529"}],"wp:featuredmedia":[{"embeddable":true,"href":"https:\/\/ciac.pt\/en\/wp-json\/wp\/v2\/media\/13525"}],"wp:attachment":[{"href":"https:\/\/ciac.pt\/en\/wp-json\/wp\/v2\/media?parent=13527"}],"wp:term":[{"taxonomy":"category","embeddable":true,"href":"https:\/\/ciac.pt\/en\/wp-json\/wp\/v2\/categories?post=13527"},{"taxonomy":"post_tag","embeddable":true,"href":"https:\/\/ciac.pt\/en\/wp-json\/wp\/v2\/tags?post=13527"}],"curies":[{"name":"wp","href":"https:\/\/api.w.org\/{rel}","templated":true}]}}