{"id":13540,"date":"2026-01-23T17:39:36","date_gmt":"2026-01-23T17:39:36","guid":{"rendered":"https:\/\/ciac.pt\/?p=13540"},"modified":"2026-01-23T17:39:51","modified_gmt":"2026-01-23T17:39:51","slug":"ciac-joins-the-international-metared-tic-2025-programme-with-exchange-in-peru","status":"publish","type":"post","link":"https:\/\/ciac.pt\/en\/news\/ciac-joins-the-international-metared-tic-2025-programme-with-exchange-in-peru\/","title":{"rendered":"CIAC joins the international MetaRed TIC 2025 programme with exchange in Peru"},"content":{"rendered":"\n\n\n\n<figure class=\"wp-block-image size-large\"><img decoding=\"async\" width=\"1024\" height=\"512\" data-src=\"https:\/\/ciac.pt\/wp-content\/uploads\/2026\/01\/202145-1024x512.png\" alt=\"\" class=\"wp-image-13532 lazyload\" data-srcset=\"https:\/\/ciac.pt\/wp-content\/uploads\/2026\/01\/202145-1024x512.png 1024w, https:\/\/ciac.pt\/wp-content\/uploads\/2026\/01\/202145-300x150.png 300w, https:\/\/ciac.pt\/wp-content\/uploads\/2026\/01\/202145-768x384.png 768w, https:\/\/ciac.pt\/wp-content\/uploads\/2026\/01\/202145.png 1200w\" data-sizes=\"(max-width: 1024px) 100vw, 1024px\" src=\"data:image\/svg+xml;base64,PHN2ZyB3aWR0aD0iMSIgaGVpZ2h0PSIxIiB4bWxucz0iaHR0cDovL3d3dy53My5vcmcvMjAwMC9zdmciPjwvc3ZnPg==\" style=\"--smush-placeholder-width: 1024px; --smush-placeholder-aspect-ratio: 1024\/512;\" \/><\/figure>\n\n\n\n<h2 class=\"wp-block-heading\"><strong>CIAC joins the international MetaRed TIC 2025 programme with exchange in Peru<\/strong><\/h2>\n\n\n<div class=\"wp-block-post-date\"><time datetime=\"2026-01-23T17:39:36+00:00\">23\/01\/2026<\/time><\/div>\n\n\n<hr class=\"wp-block-separator has-alpha-channel-opacity\"\/>\n\n\n\n<p>The Research Centre in Arts and Communication (CIAC), through an application submitted by the Digital Literacy and Social Inclusion Hub (PLDIS), based at the Polytechnic Institute of Santar\u00e9m, has been selected to take part in the MetaRed TIC 2025 International Exchange Programme, which will take place at the Peruvian University of Applied Sciences (UPC), in Peru. The application submitted by the Polytechnic Institute of Santar\u00e9m was one of 10 approved out of a total of 41 applications accepted at international level.<\/p>\n\n\n\n<p>The selection process was conducted by the Executive Secretariats of MetaRed TIC and was based on a rigorous set of criteria, including the strategic choice of the host institution, the interest and motivation expressed in the application, the institution\u2019s active participation in the MetaRed TIC network, the relevance of the applicant\u2019s professional role within the network (in this case, the PLDIS coordinator, Maria Potes Barbas), and the contribution to the promotion of internationalisation and institutional diversity.<\/p>\n\n\n\n<p>According to the organisation, participation in this international exchange will help strengthen cooperation between higher education institutions, as well as contribute to the development of the field of Information and Communication Technologies (ICT) and to the Digital Transformation strategy of the institutions involved, both sending and host.<\/p>\n\n\n\n<p>MetaRed TIC will initiate the administrative procedures for the transfer of financial support to the sending institution, which is expected to take place in the first months of 2026, in line with the programme\u2019s schedule. The exchange will take place throughout 2026, on dates yet to be defined.<\/p>\n\n\n\n<p>This selection represents recognition of the work carried out in the field of ICT and international cooperation, reinforcing the positioning of CIAC and PLDIS\u2013IPSantar\u00e9m within international networks of innovation and digital transformation.<\/p>\n\n\n\n<p>Further information on the final results of the programme is available on the <a href=\"https:\/\/www.metared.org\/global\/novedades\/ayudas-intercambio-metared-2025.html\">official MetaRed TIC website<\/a>.<\/p>\n","protected":false},"excerpt":{"rendered":"<p>CIAC joins the international MetaRed TIC 2025 programme with exchange in Peru<\/p>\n","protected":false},"author":3,"featured_media":13535,"comment_status":"closed","ping_status":"closed","sticky":false,"template":"","format":"standard","meta":{"_eb_attr":"","inline_featured_image":false,"advgb_blocks_editor_width":"","advgb_blocks_columns_visual_guide":"","footnotes":"","_links_to":"","_links_to_target":""},"categories":[61],"tags":[139],"class_list":["post-13540","post","type-post","status-publish","format-standard","has-post-thumbnail","hentry","category-news","tag-dissemination"],"yoast_head":"<!-- This site is optimized with the Yoast SEO plugin v27.4 - https:\/\/yoast.com\/product\/yoast-seo-wordpress\/ -->\n<title>CIAC joins the international MetaRed TIC 2025 programme with exchange in Peru - CIAC<\/title>\n<meta name=\"robots\" content=\"index, follow, max-snippet:-1, max-image-preview:large, max-video-preview:-1\" \/>\n<link rel=\"canonical\" href=\"https:\/\/ciac.pt\/en\/news\/ciac-joins-the-international-metared-tic-2025-programme-with-exchange-in-peru\/\" \/>\n<meta property=\"og:locale\" content=\"en_US\" \/>\n<meta property=\"og:type\" content=\"article\" \/>\n<meta property=\"og:title\" content=\"CIAC joins the international MetaRed TIC 2025 programme with exchange in Peru - CIAC\" \/>\n<meta property=\"og:description\" content=\"CIAC joins the international MetaRed TIC 2025 programme with exchange in Peru\" \/>\n<meta property=\"og:url\" content=\"https:\/\/ciac.pt\/en\/news\/ciac-joins-the-international-metared-tic-2025-programme-with-exchange-in-peru\/\" \/>\n<meta property=\"og:site_name\" content=\"CIAC\" \/>\n<meta property=\"article:published_time\" content=\"2026-01-23T17:39:36+00:00\" \/>\n<meta property=\"article:modified_time\" content=\"2026-01-23T17:39:51+00:00\" \/>\n<meta property=\"og:image\" content=\"https:\/\/ciac.pt\/wp-content\/uploads\/2026\/01\/Untitled-1-4.jpg\" \/>\n\t<meta property=\"og:image:width\" content=\"1620\" \/>\n\t<meta property=\"og:image:height\" content=\"1215\" \/>\n\t<meta property=\"og:image:type\" content=\"image\/jpeg\" \/>\n<meta name=\"author\" content=\"editor1\" \/>\n<meta name=\"twitter:card\" content=\"summary_large_image\" \/>\n<meta name=\"twitter:label1\" content=\"Written by\" \/>\n\t<meta name=\"twitter:data1\" content=\"editor1\" \/>\n\t<meta name=\"twitter:label2\" content=\"Est. reading time\" \/>\n\t<meta name=\"twitter:data2\" content=\"2 minutes\" \/>\n<script type=\"application\/ld+json\" class=\"yoast-schema-graph\">{\"@context\":\"https:\\\/\\\/schema.org\",\"@graph\":[{\"@type\":\"Article\",\"@id\":\"https:\\\/\\\/ciac.pt\\\/en\\\/news\\\/ciac-joins-the-international-metared-tic-2025-programme-with-exchange-in-peru\\\/#article\",\"isPartOf\":{\"@id\":\"https:\\\/\\\/ciac.pt\\\/en\\\/news\\\/ciac-joins-the-international-metared-tic-2025-programme-with-exchange-in-peru\\\/\"},\"author\":{\"name\":\"editor1\",\"@id\":\"https:\\\/\\\/ciac.pt\\\/en\\\/#\\\/schema\\\/person\\\/3def46b976d3f4c0cdcf7c417cb570be\"},\"headline\":\"CIAC joins the international MetaRed TIC 2025 programme with exchange in Peru\",\"datePublished\":\"2026-01-23T17:39:36+00:00\",\"dateModified\":\"2026-01-23T17:39:51+00:00\",\"mainEntityOfPage\":{\"@id\":\"https:\\\/\\\/ciac.pt\\\/en\\\/news\\\/ciac-joins-the-international-metared-tic-2025-programme-with-exchange-in-peru\\\/\"},\"wordCount\":328,\"publisher\":{\"@id\":\"https:\\\/\\\/ciac.pt\\\/en\\\/#organization\"},\"image\":{\"@id\":\"https:\\\/\\\/ciac.pt\\\/en\\\/news\\\/ciac-joins-the-international-metared-tic-2025-programme-with-exchange-in-peru\\\/#primaryimage\"},\"thumbnailUrl\":\"https:\\\/\\\/ciac.pt\\\/wp-content\\\/uploads\\\/2026\\\/01\\\/Untitled-1-4.jpg\",\"keywords\":[\"Dissemination\"],\"articleSection\":[\"News\"],\"inLanguage\":\"en-US\"},{\"@type\":\"WebPage\",\"@id\":\"https:\\\/\\\/ciac.pt\\\/en\\\/news\\\/ciac-joins-the-international-metared-tic-2025-programme-with-exchange-in-peru\\\/\",\"url\":\"https:\\\/\\\/ciac.pt\\\/en\\\/news\\\/ciac-joins-the-international-metared-tic-2025-programme-with-exchange-in-peru\\\/\",\"name\":\"CIAC joins the international MetaRed TIC 2025 programme with exchange in Peru - CIAC\",\"isPartOf\":{\"@id\":\"https:\\\/\\\/ciac.pt\\\/en\\\/#website\"},\"primaryImageOfPage\":{\"@id\":\"https:\\\/\\\/ciac.pt\\\/en\\\/news\\\/ciac-joins-the-international-metared-tic-2025-programme-with-exchange-in-peru\\\/#primaryimage\"},\"image\":{\"@id\":\"https:\\\/\\\/ciac.pt\\\/en\\\/news\\\/ciac-joins-the-international-metared-tic-2025-programme-with-exchange-in-peru\\\/#primaryimage\"},\"thumbnailUrl\":\"https:\\\/\\\/ciac.pt\\\/wp-content\\\/uploads\\\/2026\\\/01\\\/Untitled-1-4.jpg\",\"datePublished\":\"2026-01-23T17:39:36+00:00\",\"dateModified\":\"2026-01-23T17:39:51+00:00\",\"breadcrumb\":{\"@id\":\"https:\\\/\\\/ciac.pt\\\/en\\\/news\\\/ciac-joins-the-international-metared-tic-2025-programme-with-exchange-in-peru\\\/#breadcrumb\"},\"inLanguage\":\"en-US\",\"potentialAction\":[{\"@type\":\"ReadAction\",\"target\":[\"https:\\\/\\\/ciac.pt\\\/en\\\/news\\\/ciac-joins-the-international-metared-tic-2025-programme-with-exchange-in-peru\\\/\"]}]},{\"@type\":\"ImageObject\",\"inLanguage\":\"en-US\",\"@id\":\"https:\\\/\\\/ciac.pt\\\/en\\\/news\\\/ciac-joins-the-international-metared-tic-2025-programme-with-exchange-in-peru\\\/#primaryimage\",\"url\":\"https:\\\/\\\/ciac.pt\\\/wp-content\\\/uploads\\\/2026\\\/01\\\/Untitled-1-4.jpg\",\"contentUrl\":\"https:\\\/\\\/ciac.pt\\\/wp-content\\\/uploads\\\/2026\\\/01\\\/Untitled-1-4.jpg\",\"width\":1620,\"height\":1215},{\"@type\":\"BreadcrumbList\",\"@id\":\"https:\\\/\\\/ciac.pt\\\/en\\\/news\\\/ciac-joins-the-international-metared-tic-2025-programme-with-exchange-in-peru\\\/#breadcrumb\",\"itemListElement\":[{\"@type\":\"ListItem\",\"position\":1,\"name\":\"In\u00edcio\",\"item\":\"https:\\\/\\\/ciac.pt\\\/en\\\/\"},{\"@type\":\"ListItem\",\"position\":2,\"name\":\"CIAC joins the international MetaRed TIC 2025 programme with exchange in Peru\"}]},{\"@type\":\"WebSite\",\"@id\":\"https:\\\/\\\/ciac.pt\\\/en\\\/#website\",\"url\":\"https:\\\/\\\/ciac.pt\\\/en\\\/\",\"name\":\"CIAC\",\"description\":\"Centro de Investiga\u00e7\u00e3o em Artes e Comunica\u00e7\u00e3o\",\"publisher\":{\"@id\":\"https:\\\/\\\/ciac.pt\\\/en\\\/#organization\"},\"potentialAction\":[{\"@type\":\"SearchAction\",\"target\":{\"@type\":\"EntryPoint\",\"urlTemplate\":\"https:\\\/\\\/ciac.pt\\\/en\\\/?s={search_term_string}\"},\"query-input\":{\"@type\":\"PropertyValueSpecification\",\"valueRequired\":true,\"valueName\":\"search_term_string\"}}],\"inLanguage\":\"en-US\"},{\"@type\":\"Organization\",\"@id\":\"https:\\\/\\\/ciac.pt\\\/en\\\/#organization\",\"name\":\"CIAC\",\"url\":\"https:\\\/\\\/ciac.pt\\\/en\\\/\",\"logo\":{\"@type\":\"ImageObject\",\"inLanguage\":\"en-US\",\"@id\":\"https:\\\/\\\/ciac.pt\\\/en\\\/#\\\/schema\\\/logo\\\/image\\\/\",\"url\":\"https:\\\/\\\/ciac.pt\\\/wp-content\\\/uploads\\\/2022\\\/06\\\/logo.svg\",\"contentUrl\":\"https:\\\/\\\/ciac.pt\\\/wp-content\\\/uploads\\\/2022\\\/06\\\/logo.svg\",\"width\":184,\"height\":51,\"caption\":\"CIAC\"},\"image\":{\"@id\":\"https:\\\/\\\/ciac.pt\\\/en\\\/#\\\/schema\\\/logo\\\/image\\\/\"}},{\"@type\":\"Person\",\"@id\":\"https:\\\/\\\/ciac.pt\\\/en\\\/#\\\/schema\\\/person\\\/3def46b976d3f4c0cdcf7c417cb570be\",\"name\":\"editor1\",\"image\":{\"@type\":\"ImageObject\",\"inLanguage\":\"en-US\",\"@id\":\"https:\\\/\\\/secure.gravatar.com\\\/avatar\\\/4d8eb3157f61df03731fd8bf031b56d1d9241759e8f8c07d4d7e51d2f858c821?s=96&d=mm&r=g\",\"url\":\"https:\\\/\\\/secure.gravatar.com\\\/avatar\\\/4d8eb3157f61df03731fd8bf031b56d1d9241759e8f8c07d4d7e51d2f858c821?s=96&d=mm&r=g\",\"contentUrl\":\"https:\\\/\\\/secure.gravatar.com\\\/avatar\\\/4d8eb3157f61df03731fd8bf031b56d1d9241759e8f8c07d4d7e51d2f858c821?s=96&d=mm&r=g\",\"caption\":\"editor1\"},\"url\":\"https:\\\/\\\/ciac.pt\\\/en\\\/author\\\/editor1\\\/\"}]}<\/script>\n<!-- \/ Yoast SEO plugin. -->","yoast_head_json":{"title":"CIAC joins the international MetaRed TIC 2025 programme with exchange in Peru - CIAC","robots":{"index":"index","follow":"follow","max-snippet":"max-snippet:-1","max-image-preview":"max-image-preview:large","max-video-preview":"max-video-preview:-1"},"canonical":"https:\/\/ciac.pt\/en\/news\/ciac-joins-the-international-metared-tic-2025-programme-with-exchange-in-peru\/","og_locale":"en_US","og_type":"article","og_title":"CIAC joins the international MetaRed TIC 2025 programme with exchange in Peru - CIAC","og_description":"CIAC joins the international MetaRed TIC 2025 programme with exchange in Peru","og_url":"https:\/\/ciac.pt\/en\/news\/ciac-joins-the-international-metared-tic-2025-programme-with-exchange-in-peru\/","og_site_name":"CIAC","article_published_time":"2026-01-23T17:39:36+00:00","article_modified_time":"2026-01-23T17:39:51+00:00","og_image":[{"width":1620,"height":1215,"url":"https:\/\/ciac.pt\/wp-content\/uploads\/2026\/01\/Untitled-1-4.jpg","type":"image\/jpeg"}],"author":"editor1","twitter_card":"summary_large_image","twitter_misc":{"Written by":"editor1","Est. reading time":"2 minutes"},"schema":{"@context":"https:\/\/schema.org","@graph":[{"@type":"Article","@id":"https:\/\/ciac.pt\/en\/news\/ciac-joins-the-international-metared-tic-2025-programme-with-exchange-in-peru\/#article","isPartOf":{"@id":"https:\/\/ciac.pt\/en\/news\/ciac-joins-the-international-metared-tic-2025-programme-with-exchange-in-peru\/"},"author":{"name":"editor1","@id":"https:\/\/ciac.pt\/en\/#\/schema\/person\/3def46b976d3f4c0cdcf7c417cb570be"},"headline":"CIAC joins the international MetaRed TIC 2025 programme with exchange in Peru","datePublished":"2026-01-23T17:39:36+00:00","dateModified":"2026-01-23T17:39:51+00:00","mainEntityOfPage":{"@id":"https:\/\/ciac.pt\/en\/news\/ciac-joins-the-international-metared-tic-2025-programme-with-exchange-in-peru\/"},"wordCount":328,"publisher":{"@id":"https:\/\/ciac.pt\/en\/#organization"},"image":{"@id":"https:\/\/ciac.pt\/en\/news\/ciac-joins-the-international-metared-tic-2025-programme-with-exchange-in-peru\/#primaryimage"},"thumbnailUrl":"https:\/\/ciac.pt\/wp-content\/uploads\/2026\/01\/Untitled-1-4.jpg","keywords":["Dissemination"],"articleSection":["News"],"inLanguage":"en-US"},{"@type":"WebPage","@id":"https:\/\/ciac.pt\/en\/news\/ciac-joins-the-international-metared-tic-2025-programme-with-exchange-in-peru\/","url":"https:\/\/ciac.pt\/en\/news\/ciac-joins-the-international-metared-tic-2025-programme-with-exchange-in-peru\/","name":"CIAC joins the international MetaRed TIC 2025 programme with exchange in Peru - CIAC","isPartOf":{"@id":"https:\/\/ciac.pt\/en\/#website"},"primaryImageOfPage":{"@id":"https:\/\/ciac.pt\/en\/news\/ciac-joins-the-international-metared-tic-2025-programme-with-exchange-in-peru\/#primaryimage"},"image":{"@id":"https:\/\/ciac.pt\/en\/news\/ciac-joins-the-international-metared-tic-2025-programme-with-exchange-in-peru\/#primaryimage"},"thumbnailUrl":"https:\/\/ciac.pt\/wp-content\/uploads\/2026\/01\/Untitled-1-4.jpg","datePublished":"2026-01-23T17:39:36+00:00","dateModified":"2026-01-23T17:39:51+00:00","breadcrumb":{"@id":"https:\/\/ciac.pt\/en\/news\/ciac-joins-the-international-metared-tic-2025-programme-with-exchange-in-peru\/#breadcrumb"},"inLanguage":"en-US","potentialAction":[{"@type":"ReadAction","target":["https:\/\/ciac.pt\/en\/news\/ciac-joins-the-international-metared-tic-2025-programme-with-exchange-in-peru\/"]}]},{"@type":"ImageObject","inLanguage":"en-US","@id":"https:\/\/ciac.pt\/en\/news\/ciac-joins-the-international-metared-tic-2025-programme-with-exchange-in-peru\/#primaryimage","url":"https:\/\/ciac.pt\/wp-content\/uploads\/2026\/01\/Untitled-1-4.jpg","contentUrl":"https:\/\/ciac.pt\/wp-content\/uploads\/2026\/01\/Untitled-1-4.jpg","width":1620,"height":1215},{"@type":"BreadcrumbList","@id":"https:\/\/ciac.pt\/en\/news\/ciac-joins-the-international-metared-tic-2025-programme-with-exchange-in-peru\/#breadcrumb","itemListElement":[{"@type":"ListItem","position":1,"name":"In\u00edcio","item":"https:\/\/ciac.pt\/en\/"},{"@type":"ListItem","position":2,"name":"CIAC joins the international MetaRed TIC 2025 programme with exchange in Peru"}]},{"@type":"WebSite","@id":"https:\/\/ciac.pt\/en\/#website","url":"https:\/\/ciac.pt\/en\/","name":"CIAC","description":"Centro de Investiga\u00e7\u00e3o em Artes e Comunica\u00e7\u00e3o","publisher":{"@id":"https:\/\/ciac.pt\/en\/#organization"},"potentialAction":[{"@type":"SearchAction","target":{"@type":"EntryPoint","urlTemplate":"https:\/\/ciac.pt\/en\/?s={search_term_string}"},"query-input":{"@type":"PropertyValueSpecification","valueRequired":true,"valueName":"search_term_string"}}],"inLanguage":"en-US"},{"@type":"Organization","@id":"https:\/\/ciac.pt\/en\/#organization","name":"CIAC","url":"https:\/\/ciac.pt\/en\/","logo":{"@type":"ImageObject","inLanguage":"en-US","@id":"https:\/\/ciac.pt\/en\/#\/schema\/logo\/image\/","url":"https:\/\/ciac.pt\/wp-content\/uploads\/2022\/06\/logo.svg","contentUrl":"https:\/\/ciac.pt\/wp-content\/uploads\/2022\/06\/logo.svg","width":184,"height":51,"caption":"CIAC"},"image":{"@id":"https:\/\/ciac.pt\/en\/#\/schema\/logo\/image\/"}},{"@type":"Person","@id":"https:\/\/ciac.pt\/en\/#\/schema\/person\/3def46b976d3f4c0cdcf7c417cb570be","name":"editor1","image":{"@type":"ImageObject","inLanguage":"en-US","@id":"https:\/\/secure.gravatar.com\/avatar\/4d8eb3157f61df03731fd8bf031b56d1d9241759e8f8c07d4d7e51d2f858c821?s=96&d=mm&r=g","url":"https:\/\/secure.gravatar.com\/avatar\/4d8eb3157f61df03731fd8bf031b56d1d9241759e8f8c07d4d7e51d2f858c821?s=96&d=mm&r=g","contentUrl":"https:\/\/secure.gravatar.com\/avatar\/4d8eb3157f61df03731fd8bf031b56d1d9241759e8f8c07d4d7e51d2f858c821?s=96&d=mm&r=g","caption":"editor1"},"url":"https:\/\/ciac.pt\/en\/author\/editor1\/"}]}},"author_meta":{"display_name":"editor1","author_link":"https:\/\/ciac.pt\/en\/author\/editor1\/"},"featured_img":"https:\/\/ciac.pt\/wp-content\/uploads\/2026\/01\/Untitled-1-4-300x225.jpg","coauthors":[],"tax_additional":{"categories":{"linked":["<a href=\"https:\/\/ciac.pt\/en\/.\/news\/\" class=\"advgb-post-tax-term\">News<\/a>"],"unlinked":["<span class=\"advgb-post-tax-term\">News<\/span>"]},"tags":{"linked":["<a href=\"https:\/\/ciac.pt\/en\/.\/news\/\" class=\"advgb-post-tax-term\">Dissemination<\/a>"],"unlinked":["<span class=\"advgb-post-tax-term\">Dissemination<\/span>"]}},"comment_count":0,"relative_dates":{"created":"Posted 3 months ago","modified":"Updated 3 months ago"},"absolute_dates":{"created":"Posted on 23\/01\/2026","modified":"Updated on 23\/01\/2026"},"absolute_dates_time":{"created":"Posted on 23\/01\/2026 17:39","modified":"Updated on 23\/01\/2026 17:39"},"featured_img_caption":"","series_order":"","_links":{"self":[{"href":"https:\/\/ciac.pt\/en\/wp-json\/wp\/v2\/posts\/13540","targetHints":{"allow":["GET"]}}],"collection":[{"href":"https:\/\/ciac.pt\/en\/wp-json\/wp\/v2\/posts"}],"about":[{"href":"https:\/\/ciac.pt\/en\/wp-json\/wp\/v2\/types\/post"}],"author":[{"embeddable":true,"href":"https:\/\/ciac.pt\/en\/wp-json\/wp\/v2\/users\/3"}],"replies":[{"embeddable":true,"href":"https:\/\/ciac.pt\/en\/wp-json\/wp\/v2\/comments?post=13540"}],"version-history":[{"count":1,"href":"https:\/\/ciac.pt\/en\/wp-json\/wp\/v2\/posts\/13540\/revisions"}],"predecessor-version":[{"id":13542,"href":"https:\/\/ciac.pt\/en\/wp-json\/wp\/v2\/posts\/13540\/revisions\/13542"}],"wp:featuredmedia":[{"embeddable":true,"href":"https:\/\/ciac.pt\/en\/wp-json\/wp\/v2\/media\/13535"}],"wp:attachment":[{"href":"https:\/\/ciac.pt\/en\/wp-json\/wp\/v2\/media?parent=13540"}],"wp:term":[{"taxonomy":"category","embeddable":true,"href":"https:\/\/ciac.pt\/en\/wp-json\/wp\/v2\/categories?post=13540"},{"taxonomy":"post_tag","embeddable":true,"href":"https:\/\/ciac.pt\/en\/wp-json\/wp\/v2\/tags?post=13540"}],"curies":[{"name":"wp","href":"https:\/\/api.w.org\/{rel}","templated":true}]}}