{"id":13604,"date":"2026-01-29T17:35:24","date_gmt":"2026-01-29T17:35:24","guid":{"rendered":"https:\/\/ciac.pt\/?p=13604"},"modified":"2026-01-30T17:33:51","modified_gmt":"2026-01-30T17:33:51","slug":"literary-tourism-seminar-series-littour-begins-on-3-february","status":"publish","type":"post","link":"https:\/\/ciac.pt\/en\/news\/literary-tourism-seminar-series-littour-begins-on-3-february\/","title":{"rendered":"Literary Tourism Seminar Series: Lit&amp;Tour begins on 3 February"},"content":{"rendered":"\n\n\n\n<figure class=\"wp-block-image size-full is-resized\"><img decoding=\"async\" data-src=\"https:\/\/ciac.pt\/wp-content\/uploads\/2026\/01\/Seminarios-de-turismo-literario-2025-26-1-Web-1.jpg\" alt=\"\" class=\"wp-image-13613 lazyload\" style=\"--smush-placeholder-width: 1754px; --smush-placeholder-aspect-ratio: 1754\/2480;width:500px\" src=\"data:image\/svg+xml;base64,PHN2ZyB3aWR0aD0iMSIgaGVpZ2h0PSIxIiB4bWxucz0iaHR0cDovL3d3dy53My5vcmcvMjAwMC9zdmciPjwvc3ZnPg==\" \/><\/figure>\n\n\n\n<h2 class=\"wp-block-heading\">Literary Tourism Seminar Series: Lit&amp;Tour begins on 3 February<\/h2>\n\n\n<div class=\"wp-block-post-date\"><time datetime=\"2026-01-29T17:35:24+00:00\">29\/01\/2026<\/time><\/div>\n\n\n<hr class=\"wp-block-separator has-alpha-channel-opacity\"\/>\n\n\n\n<p>The <strong>Literary Tourism Seminar Series: Lit&amp;Tour<\/strong> will begin on <strong>3 February 2026<\/strong> with the participation of two invited speakers: <strong>Daniel Brito<\/strong>, with the presentation <em>\u201cLiterary Route in Mindelo: an Urban and Affective Territory\u201d<\/em>, and <strong>Ot\u00edlia Miranda<\/strong>, with the presentation <em>\u201cAspects of the Process of Constructing a Literary Itinerary Based on the Novel<\/em> Morro da Pena Ventosa\u201d.<\/p>\n\n\n\n<p>The <strong>Literary Tourism Seminars: Lit&amp;Tour<\/strong> constitute a series of meetings dedicated to critical and interdisciplinary reflection on the relationships between literature, places, and tourism practices. Bringing together researchers, academics, and professionals, these seminars foster debate around methodologies, creative processes, and case studies in the field of literary tourism, valuing comparative perspectives and innovative approaches.<\/p>\n\n\n\n<p>The event will take place <strong>online at 6:00 p.m.<\/strong>, via <strong>Microsoft Teams<\/strong>, through this <a href=\"https:\/\/bit.ly\/3NNfNUq\">link<\/a>.<\/p>\n\n\n\n<p>This webinar is supported by national funds through FCT \u2013\u00a0<em>Funda\u00e7\u00e3o para a Ci\u00eancia e a Tecnologia, I.P.<\/em>, within the framework of the project \u201cUID\/04019\/2025 \u2013 CIAC\u201d DOI: 10.54499\/UID\/04019\/2025.<\/p>\n\n\n\n<p><\/p>\n","protected":false},"excerpt":{"rendered":"<p>Literary Tourism Seminar Series: Lit&amp;Tour begins on 3 February The Literary Tourism<\/p>\n","protected":false},"author":3,"featured_media":13590,"comment_status":"closed","ping_status":"closed","sticky":false,"template":"","format":"standard","meta":{"_eb_attr":"","inline_featured_image":false,"advgb_blocks_editor_width":"","advgb_blocks_columns_visual_guide":"","footnotes":"","_links_to":"","_links_to_target":""},"categories":[61],"tags":[139],"class_list":["post-13604","post","type-post","status-publish","format-standard","has-post-thumbnail","hentry","category-news","tag-dissemination"],"yoast_head":"<!-- This site is optimized with the Yoast SEO plugin v27.4 - https:\/\/yoast.com\/product\/yoast-seo-wordpress\/ -->\n<title>Literary Tourism Seminar Series: Lit&amp;Tour begins on 3 February - CIAC<\/title>\n<meta name=\"robots\" content=\"index, follow, max-snippet:-1, max-image-preview:large, max-video-preview:-1\" \/>\n<link rel=\"canonical\" href=\"https:\/\/ciac.pt\/en\/news\/literary-tourism-seminar-series-littour-begins-on-3-february\/\" \/>\n<meta property=\"og:locale\" content=\"en_US\" \/>\n<meta property=\"og:type\" content=\"article\" \/>\n<meta property=\"og:title\" content=\"Literary Tourism Seminar Series: Lit&amp;Tour begins on 3 February - CIAC\" \/>\n<meta property=\"og:description\" content=\"Literary Tourism Seminar Series: Lit&amp;Tour begins on 3 February The Literary Tourism\" \/>\n<meta property=\"og:url\" content=\"https:\/\/ciac.pt\/en\/news\/literary-tourism-seminar-series-littour-begins-on-3-february\/\" \/>\n<meta property=\"og:site_name\" content=\"CIAC\" \/>\n<meta property=\"article:published_time\" content=\"2026-01-29T17:35:24+00:00\" \/>\n<meta property=\"article:modified_time\" content=\"2026-01-30T17:33:51+00:00\" \/>\n<meta property=\"og:image\" content=\"https:\/\/ciac.pt\/wp-content\/uploads\/2026\/01\/Noticias-CIAC.jpg\" \/>\n\t<meta property=\"og:image:width\" content=\"1620\" \/>\n\t<meta property=\"og:image:height\" content=\"1215\" \/>\n\t<meta property=\"og:image:type\" content=\"image\/jpeg\" \/>\n<meta name=\"author\" content=\"editor1\" \/>\n<meta name=\"twitter:card\" content=\"summary_large_image\" \/>\n<meta name=\"twitter:label1\" content=\"Written by\" \/>\n\t<meta name=\"twitter:data1\" content=\"editor1\" \/>\n\t<meta name=\"twitter:label2\" content=\"Est. reading time\" \/>\n\t<meta name=\"twitter:data2\" content=\"2 minutes\" \/>\n<script type=\"application\/ld+json\" class=\"yoast-schema-graph\">{\"@context\":\"https:\\\/\\\/schema.org\",\"@graph\":[{\"@type\":\"Article\",\"@id\":\"https:\\\/\\\/ciac.pt\\\/en\\\/news\\\/literary-tourism-seminar-series-littour-begins-on-3-february\\\/#article\",\"isPartOf\":{\"@id\":\"https:\\\/\\\/ciac.pt\\\/en\\\/news\\\/literary-tourism-seminar-series-littour-begins-on-3-february\\\/\"},\"author\":{\"name\":\"editor1\",\"@id\":\"https:\\\/\\\/ciac.pt\\\/en\\\/#\\\/schema\\\/person\\\/3def46b976d3f4c0cdcf7c417cb570be\"},\"headline\":\"Literary Tourism Seminar Series: Lit&amp;Tour begins on 3 February\",\"datePublished\":\"2026-01-29T17:35:24+00:00\",\"dateModified\":\"2026-01-30T17:33:51+00:00\",\"mainEntityOfPage\":{\"@id\":\"https:\\\/\\\/ciac.pt\\\/en\\\/news\\\/literary-tourism-seminar-series-littour-begins-on-3-february\\\/\"},\"wordCount\":181,\"publisher\":{\"@id\":\"https:\\\/\\\/ciac.pt\\\/en\\\/#organization\"},\"image\":{\"@id\":\"https:\\\/\\\/ciac.pt\\\/en\\\/news\\\/literary-tourism-seminar-series-littour-begins-on-3-february\\\/#primaryimage\"},\"thumbnailUrl\":\"https:\\\/\\\/ciac.pt\\\/wp-content\\\/uploads\\\/2026\\\/01\\\/Noticias-CIAC.jpg\",\"keywords\":[\"Dissemination\"],\"articleSection\":[\"News\"],\"inLanguage\":\"en-US\"},{\"@type\":\"WebPage\",\"@id\":\"https:\\\/\\\/ciac.pt\\\/en\\\/news\\\/literary-tourism-seminar-series-littour-begins-on-3-february\\\/\",\"url\":\"https:\\\/\\\/ciac.pt\\\/en\\\/news\\\/literary-tourism-seminar-series-littour-begins-on-3-february\\\/\",\"name\":\"Literary Tourism Seminar Series: Lit&amp;Tour begins on 3 February - CIAC\",\"isPartOf\":{\"@id\":\"https:\\\/\\\/ciac.pt\\\/en\\\/#website\"},\"primaryImageOfPage\":{\"@id\":\"https:\\\/\\\/ciac.pt\\\/en\\\/news\\\/literary-tourism-seminar-series-littour-begins-on-3-february\\\/#primaryimage\"},\"image\":{\"@id\":\"https:\\\/\\\/ciac.pt\\\/en\\\/news\\\/literary-tourism-seminar-series-littour-begins-on-3-february\\\/#primaryimage\"},\"thumbnailUrl\":\"https:\\\/\\\/ciac.pt\\\/wp-content\\\/uploads\\\/2026\\\/01\\\/Noticias-CIAC.jpg\",\"datePublished\":\"2026-01-29T17:35:24+00:00\",\"dateModified\":\"2026-01-30T17:33:51+00:00\",\"breadcrumb\":{\"@id\":\"https:\\\/\\\/ciac.pt\\\/en\\\/news\\\/literary-tourism-seminar-series-littour-begins-on-3-february\\\/#breadcrumb\"},\"inLanguage\":\"en-US\",\"potentialAction\":[{\"@type\":\"ReadAction\",\"target\":[\"https:\\\/\\\/ciac.pt\\\/en\\\/news\\\/literary-tourism-seminar-series-littour-begins-on-3-february\\\/\"]}]},{\"@type\":\"ImageObject\",\"inLanguage\":\"en-US\",\"@id\":\"https:\\\/\\\/ciac.pt\\\/en\\\/news\\\/literary-tourism-seminar-series-littour-begins-on-3-february\\\/#primaryimage\",\"url\":\"https:\\\/\\\/ciac.pt\\\/wp-content\\\/uploads\\\/2026\\\/01\\\/Noticias-CIAC.jpg\",\"contentUrl\":\"https:\\\/\\\/ciac.pt\\\/wp-content\\\/uploads\\\/2026\\\/01\\\/Noticias-CIAC.jpg\",\"width\":1620,\"height\":1215},{\"@type\":\"BreadcrumbList\",\"@id\":\"https:\\\/\\\/ciac.pt\\\/en\\\/news\\\/literary-tourism-seminar-series-littour-begins-on-3-february\\\/#breadcrumb\",\"itemListElement\":[{\"@type\":\"ListItem\",\"position\":1,\"name\":\"In\u00edcio\",\"item\":\"https:\\\/\\\/ciac.pt\\\/en\\\/\"},{\"@type\":\"ListItem\",\"position\":2,\"name\":\"Literary Tourism Seminar Series: Lit&amp;Tour begins on 3 February\"}]},{\"@type\":\"WebSite\",\"@id\":\"https:\\\/\\\/ciac.pt\\\/en\\\/#website\",\"url\":\"https:\\\/\\\/ciac.pt\\\/en\\\/\",\"name\":\"CIAC\",\"description\":\"Centro de Investiga\u00e7\u00e3o em Artes e Comunica\u00e7\u00e3o\",\"publisher\":{\"@id\":\"https:\\\/\\\/ciac.pt\\\/en\\\/#organization\"},\"potentialAction\":[{\"@type\":\"SearchAction\",\"target\":{\"@type\":\"EntryPoint\",\"urlTemplate\":\"https:\\\/\\\/ciac.pt\\\/en\\\/?s={search_term_string}\"},\"query-input\":{\"@type\":\"PropertyValueSpecification\",\"valueRequired\":true,\"valueName\":\"search_term_string\"}}],\"inLanguage\":\"en-US\"},{\"@type\":\"Organization\",\"@id\":\"https:\\\/\\\/ciac.pt\\\/en\\\/#organization\",\"name\":\"CIAC\",\"url\":\"https:\\\/\\\/ciac.pt\\\/en\\\/\",\"logo\":{\"@type\":\"ImageObject\",\"inLanguage\":\"en-US\",\"@id\":\"https:\\\/\\\/ciac.pt\\\/en\\\/#\\\/schema\\\/logo\\\/image\\\/\",\"url\":\"https:\\\/\\\/ciac.pt\\\/wp-content\\\/uploads\\\/2022\\\/06\\\/logo.svg\",\"contentUrl\":\"https:\\\/\\\/ciac.pt\\\/wp-content\\\/uploads\\\/2022\\\/06\\\/logo.svg\",\"width\":184,\"height\":51,\"caption\":\"CIAC\"},\"image\":{\"@id\":\"https:\\\/\\\/ciac.pt\\\/en\\\/#\\\/schema\\\/logo\\\/image\\\/\"}},{\"@type\":\"Person\",\"@id\":\"https:\\\/\\\/ciac.pt\\\/en\\\/#\\\/schema\\\/person\\\/3def46b976d3f4c0cdcf7c417cb570be\",\"name\":\"editor1\",\"image\":{\"@type\":\"ImageObject\",\"inLanguage\":\"en-US\",\"@id\":\"https:\\\/\\\/secure.gravatar.com\\\/avatar\\\/4d8eb3157f61df03731fd8bf031b56d1d9241759e8f8c07d4d7e51d2f858c821?s=96&d=mm&r=g\",\"url\":\"https:\\\/\\\/secure.gravatar.com\\\/avatar\\\/4d8eb3157f61df03731fd8bf031b56d1d9241759e8f8c07d4d7e51d2f858c821?s=96&d=mm&r=g\",\"contentUrl\":\"https:\\\/\\\/secure.gravatar.com\\\/avatar\\\/4d8eb3157f61df03731fd8bf031b56d1d9241759e8f8c07d4d7e51d2f858c821?s=96&d=mm&r=g\",\"caption\":\"editor1\"},\"url\":\"https:\\\/\\\/ciac.pt\\\/en\\\/author\\\/editor1\\\/\"}]}<\/script>\n<!-- \/ Yoast SEO plugin. -->","yoast_head_json":{"title":"Literary Tourism Seminar Series: Lit&amp;Tour begins on 3 February - CIAC","robots":{"index":"index","follow":"follow","max-snippet":"max-snippet:-1","max-image-preview":"max-image-preview:large","max-video-preview":"max-video-preview:-1"},"canonical":"https:\/\/ciac.pt\/en\/news\/literary-tourism-seminar-series-littour-begins-on-3-february\/","og_locale":"en_US","og_type":"article","og_title":"Literary Tourism Seminar Series: Lit&amp;Tour begins on 3 February - CIAC","og_description":"Literary Tourism Seminar Series: Lit&amp;Tour begins on 3 February The Literary Tourism","og_url":"https:\/\/ciac.pt\/en\/news\/literary-tourism-seminar-series-littour-begins-on-3-february\/","og_site_name":"CIAC","article_published_time":"2026-01-29T17:35:24+00:00","article_modified_time":"2026-01-30T17:33:51+00:00","og_image":[{"width":1620,"height":1215,"url":"https:\/\/ciac.pt\/wp-content\/uploads\/2026\/01\/Noticias-CIAC.jpg","type":"image\/jpeg"}],"author":"editor1","twitter_card":"summary_large_image","twitter_misc":{"Written by":"editor1","Est. reading time":"2 minutes"},"schema":{"@context":"https:\/\/schema.org","@graph":[{"@type":"Article","@id":"https:\/\/ciac.pt\/en\/news\/literary-tourism-seminar-series-littour-begins-on-3-february\/#article","isPartOf":{"@id":"https:\/\/ciac.pt\/en\/news\/literary-tourism-seminar-series-littour-begins-on-3-february\/"},"author":{"name":"editor1","@id":"https:\/\/ciac.pt\/en\/#\/schema\/person\/3def46b976d3f4c0cdcf7c417cb570be"},"headline":"Literary Tourism Seminar Series: Lit&amp;Tour begins on 3 February","datePublished":"2026-01-29T17:35:24+00:00","dateModified":"2026-01-30T17:33:51+00:00","mainEntityOfPage":{"@id":"https:\/\/ciac.pt\/en\/news\/literary-tourism-seminar-series-littour-begins-on-3-february\/"},"wordCount":181,"publisher":{"@id":"https:\/\/ciac.pt\/en\/#organization"},"image":{"@id":"https:\/\/ciac.pt\/en\/news\/literary-tourism-seminar-series-littour-begins-on-3-february\/#primaryimage"},"thumbnailUrl":"https:\/\/ciac.pt\/wp-content\/uploads\/2026\/01\/Noticias-CIAC.jpg","keywords":["Dissemination"],"articleSection":["News"],"inLanguage":"en-US"},{"@type":"WebPage","@id":"https:\/\/ciac.pt\/en\/news\/literary-tourism-seminar-series-littour-begins-on-3-february\/","url":"https:\/\/ciac.pt\/en\/news\/literary-tourism-seminar-series-littour-begins-on-3-february\/","name":"Literary Tourism Seminar Series: Lit&amp;Tour begins on 3 February - CIAC","isPartOf":{"@id":"https:\/\/ciac.pt\/en\/#website"},"primaryImageOfPage":{"@id":"https:\/\/ciac.pt\/en\/news\/literary-tourism-seminar-series-littour-begins-on-3-february\/#primaryimage"},"image":{"@id":"https:\/\/ciac.pt\/en\/news\/literary-tourism-seminar-series-littour-begins-on-3-february\/#primaryimage"},"thumbnailUrl":"https:\/\/ciac.pt\/wp-content\/uploads\/2026\/01\/Noticias-CIAC.jpg","datePublished":"2026-01-29T17:35:24+00:00","dateModified":"2026-01-30T17:33:51+00:00","breadcrumb":{"@id":"https:\/\/ciac.pt\/en\/news\/literary-tourism-seminar-series-littour-begins-on-3-february\/#breadcrumb"},"inLanguage":"en-US","potentialAction":[{"@type":"ReadAction","target":["https:\/\/ciac.pt\/en\/news\/literary-tourism-seminar-series-littour-begins-on-3-february\/"]}]},{"@type":"ImageObject","inLanguage":"en-US","@id":"https:\/\/ciac.pt\/en\/news\/literary-tourism-seminar-series-littour-begins-on-3-february\/#primaryimage","url":"https:\/\/ciac.pt\/wp-content\/uploads\/2026\/01\/Noticias-CIAC.jpg","contentUrl":"https:\/\/ciac.pt\/wp-content\/uploads\/2026\/01\/Noticias-CIAC.jpg","width":1620,"height":1215},{"@type":"BreadcrumbList","@id":"https:\/\/ciac.pt\/en\/news\/literary-tourism-seminar-series-littour-begins-on-3-february\/#breadcrumb","itemListElement":[{"@type":"ListItem","position":1,"name":"In\u00edcio","item":"https:\/\/ciac.pt\/en\/"},{"@type":"ListItem","position":2,"name":"Literary Tourism Seminar Series: Lit&amp;Tour begins on 3 February"}]},{"@type":"WebSite","@id":"https:\/\/ciac.pt\/en\/#website","url":"https:\/\/ciac.pt\/en\/","name":"CIAC","description":"Centro de Investiga\u00e7\u00e3o em Artes e Comunica\u00e7\u00e3o","publisher":{"@id":"https:\/\/ciac.pt\/en\/#organization"},"potentialAction":[{"@type":"SearchAction","target":{"@type":"EntryPoint","urlTemplate":"https:\/\/ciac.pt\/en\/?s={search_term_string}"},"query-input":{"@type":"PropertyValueSpecification","valueRequired":true,"valueName":"search_term_string"}}],"inLanguage":"en-US"},{"@type":"Organization","@id":"https:\/\/ciac.pt\/en\/#organization","name":"CIAC","url":"https:\/\/ciac.pt\/en\/","logo":{"@type":"ImageObject","inLanguage":"en-US","@id":"https:\/\/ciac.pt\/en\/#\/schema\/logo\/image\/","url":"https:\/\/ciac.pt\/wp-content\/uploads\/2022\/06\/logo.svg","contentUrl":"https:\/\/ciac.pt\/wp-content\/uploads\/2022\/06\/logo.svg","width":184,"height":51,"caption":"CIAC"},"image":{"@id":"https:\/\/ciac.pt\/en\/#\/schema\/logo\/image\/"}},{"@type":"Person","@id":"https:\/\/ciac.pt\/en\/#\/schema\/person\/3def46b976d3f4c0cdcf7c417cb570be","name":"editor1","image":{"@type":"ImageObject","inLanguage":"en-US","@id":"https:\/\/secure.gravatar.com\/avatar\/4d8eb3157f61df03731fd8bf031b56d1d9241759e8f8c07d4d7e51d2f858c821?s=96&d=mm&r=g","url":"https:\/\/secure.gravatar.com\/avatar\/4d8eb3157f61df03731fd8bf031b56d1d9241759e8f8c07d4d7e51d2f858c821?s=96&d=mm&r=g","contentUrl":"https:\/\/secure.gravatar.com\/avatar\/4d8eb3157f61df03731fd8bf031b56d1d9241759e8f8c07d4d7e51d2f858c821?s=96&d=mm&r=g","caption":"editor1"},"url":"https:\/\/ciac.pt\/en\/author\/editor1\/"}]}},"author_meta":{"display_name":"editor1","author_link":"https:\/\/ciac.pt\/en\/author\/editor1\/"},"featured_img":"https:\/\/ciac.pt\/wp-content\/uploads\/2026\/01\/Noticias-CIAC-300x225.jpg","coauthors":[],"tax_additional":{"categories":{"linked":["<a href=\"https:\/\/ciac.pt\/en\/.\/news\/\" class=\"advgb-post-tax-term\">News<\/a>"],"unlinked":["<span class=\"advgb-post-tax-term\">News<\/span>"]},"tags":{"linked":["<a href=\"https:\/\/ciac.pt\/en\/.\/news\/\" class=\"advgb-post-tax-term\">Dissemination<\/a>"],"unlinked":["<span class=\"advgb-post-tax-term\">Dissemination<\/span>"]}},"comment_count":0,"relative_dates":{"created":"Posted 3 months ago","modified":"Updated 3 months ago"},"absolute_dates":{"created":"Posted on 29\/01\/2026","modified":"Updated on 30\/01\/2026"},"absolute_dates_time":{"created":"Posted on 29\/01\/2026 17:35","modified":"Updated on 30\/01\/2026 17:33"},"featured_img_caption":"","series_order":"","_links":{"self":[{"href":"https:\/\/ciac.pt\/en\/wp-json\/wp\/v2\/posts\/13604","targetHints":{"allow":["GET"]}}],"collection":[{"href":"https:\/\/ciac.pt\/en\/wp-json\/wp\/v2\/posts"}],"about":[{"href":"https:\/\/ciac.pt\/en\/wp-json\/wp\/v2\/types\/post"}],"author":[{"embeddable":true,"href":"https:\/\/ciac.pt\/en\/wp-json\/wp\/v2\/users\/3"}],"replies":[{"embeddable":true,"href":"https:\/\/ciac.pt\/en\/wp-json\/wp\/v2\/comments?post=13604"}],"version-history":[{"count":2,"href":"https:\/\/ciac.pt\/en\/wp-json\/wp\/v2\/posts\/13604\/revisions"}],"predecessor-version":[{"id":13621,"href":"https:\/\/ciac.pt\/en\/wp-json\/wp\/v2\/posts\/13604\/revisions\/13621"}],"wp:featuredmedia":[{"embeddable":true,"href":"https:\/\/ciac.pt\/en\/wp-json\/wp\/v2\/media\/13590"}],"wp:attachment":[{"href":"https:\/\/ciac.pt\/en\/wp-json\/wp\/v2\/media?parent=13604"}],"wp:term":[{"taxonomy":"category","embeddable":true,"href":"https:\/\/ciac.pt\/en\/wp-json\/wp\/v2\/categories?post=13604"},{"taxonomy":"post_tag","embeddable":true,"href":"https:\/\/ciac.pt\/en\/wp-json\/wp\/v2\/tags?post=13604"}],"curies":[{"name":"wp","href":"https:\/\/api.w.org\/{rel}","templated":true}]}}