{"id":13640,"date":"2026-02-02T20:57:02","date_gmt":"2026-02-02T20:57:02","guid":{"rendered":"https:\/\/ciac.pt\/?p=13640"},"modified":"2026-02-02T20:57:14","modified_gmt":"2026-02-02T20:57:14","slug":"susana-de-medeiros-opens-the-exhibition-chao-comum-terraphilia-on-5-february","status":"publish","type":"post","link":"https:\/\/ciac.pt\/en\/news\/susana-de-medeiros-opens-the-exhibition-chao-comum-terraphilia-on-5-february\/","title":{"rendered":"Susana de Medeiros opens the exhibition \u201cCh\u00e3o Comum: Terraphilia\u201d on 5 February"},"content":{"rendered":"\n\n\n\n<figure class=\"wp-block-image size-full is-resized\"><img decoding=\"async\" data-src=\"https:\/\/ciac.pt\/wp-content\/uploads\/2026\/02\/Cartaz_FINAL_ExpoTREM_CIAC_SusanaMedeiros.jpg\" alt=\"\" class=\"wp-image-13632 lazyload\" style=\"--smush-placeholder-width: 3150px; --smush-placeholder-aspect-ratio: 3150\/4455;width:500px\" src=\"data:image\/svg+xml;base64,PHN2ZyB3aWR0aD0iMSIgaGVpZ2h0PSIxIiB4bWxucz0iaHR0cDovL3d3dy53My5vcmcvMjAwMC9zdmciPjwvc3ZnPg==\" \/><\/figure>\n\n\n\n<h2 class=\"wp-block-heading\"><strong>Susana de Medeiros opens the exhibition <em>\u201cCh\u00e3o Comum: Terraphilia\u201d<\/em> on 5 February<\/strong><\/h2>\n\n\n<div class=\"wp-block-post-date\"><time datetime=\"2026-02-02T20:57:02+00:00\">02\/02\/2026<\/time><\/div>\n\n\n<hr class=\"wp-block-separator has-alpha-channel-opacity\"\/>\n\n\n\n<p>The exhibition <strong><em>Ch\u00e3o Comum: Terraphilia<\/em><\/strong>, by visual artist <strong>Susana de Medeiros<\/strong>, opens on <strong>5 February 2026<\/strong>, at <strong>6:00 pm<\/strong>, at <strong>Galeria Trem \/ Manuel Baptista<\/strong>, in Faro, where it will remain on view until <strong>26 April 2026<\/strong>.<\/p>\n\n\n\n<p><em>Ch\u00e3o Comum: Terraphilia<\/em> presents a body of work resulting from an artistic research project centred on the relationship between humans, territory and other living beings, proposing a critical reflection on the \u201ccommon ground\u201d we share and on possible forms of coexistence in the context of an ecological crisis understood as a civilisational crisis, in an approach that intersects art, philosophy and contemporary ecological thought.<\/p>\n\n\n\n<p>The project unfolds through a diverse set of works \u2014 sculptures, installations, drawings, artist\u2019s books and organic elements \u2014 created from materials collected in different territories and combined with industrially transformed matter. Through houses, boats, seeds, words and fragments of soil, the exhibition proposes an \u201clanding\u201d on territory, valuing the body, sensory experience and the relational dimension of art.<\/p>\n\n\n\n<p>The central work of the exhibition, a boat carrying seeds, functions as a metaphor for displacement, care and the possibility of germinating new ways of inhabiting the world. As highlighted in the accompanying text by Mirian Tavares, the exhibition invites viewers to look at what lies beneath our feet \u2014 the soil that sustains us \u2014 and to rethink, from this perspective, the tentacular connections that bind humans and non-humans.<\/p>\n\n\n\n<p>With <em>Ch\u00e3o Comum: Terraphilia<\/em>, Susana de Medeiros proposes art as a space for reflection, micro-utopias and openness to transformative processes, inviting the public to an aesthetic experience that challenges habitual modes of thinking and encourages new forms of attention, listening and belonging to the world.<\/p>\n\n\n\n<p>Promoted by the <strong>FCHS \u2013 Faculty of Human and Social Sciences of the University of Algarve<\/strong>, <strong>CIAC \u2013 Research Centre for Arts and Communication<\/strong>, and <strong>FCT \u2013 Foundation for Science and Technology<\/strong>, the exhibition also benefits from the support of the <strong>Municipality of Faro<\/strong> and the <strong>Municipal Museum of Faro<\/strong>.<\/p>\n","protected":false},"excerpt":{"rendered":"<p>Susana de Medeiros opens the exhibition \u201cCh\u00e3o Comum: Terraphilia\u201d on 5 February<\/p>\n","protected":false},"author":3,"featured_media":13630,"comment_status":"closed","ping_status":"closed","sticky":false,"template":"","format":"standard","meta":{"_eb_attr":"","inline_featured_image":false,"advgb_blocks_editor_width":"","advgb_blocks_columns_visual_guide":"","footnotes":"","_links_to":"","_links_to_target":""},"categories":[61],"tags":[139],"class_list":["post-13640","post","type-post","status-publish","format-standard","has-post-thumbnail","hentry","category-news","tag-dissemination"],"yoast_head":"<!-- This site is optimized with the Yoast SEO plugin v27.4 - https:\/\/yoast.com\/product\/yoast-seo-wordpress\/ -->\n<title>Susana de Medeiros opens the exhibition \u201cCh\u00e3o Comum: Terraphilia\u201d on 5 February - CIAC<\/title>\n<meta name=\"robots\" content=\"index, follow, max-snippet:-1, max-image-preview:large, max-video-preview:-1\" \/>\n<link rel=\"canonical\" href=\"https:\/\/ciac.pt\/en\/news\/susana-de-medeiros-opens-the-exhibition-chao-comum-terraphilia-on-5-february\/\" \/>\n<meta property=\"og:locale\" content=\"en_US\" \/>\n<meta property=\"og:type\" content=\"article\" \/>\n<meta property=\"og:title\" content=\"Susana de Medeiros opens the exhibition \u201cCh\u00e3o Comum: Terraphilia\u201d on 5 February - CIAC\" \/>\n<meta property=\"og:description\" content=\"Susana de Medeiros opens the exhibition \u201cCh\u00e3o Comum: Terraphilia\u201d on 5 February\" \/>\n<meta property=\"og:url\" content=\"https:\/\/ciac.pt\/en\/news\/susana-de-medeiros-opens-the-exhibition-chao-comum-terraphilia-on-5-february\/\" \/>\n<meta property=\"og:site_name\" content=\"CIAC\" \/>\n<meta property=\"article:published_time\" content=\"2026-02-02T20:57:02+00:00\" \/>\n<meta property=\"article:modified_time\" content=\"2026-02-02T20:57:14+00:00\" \/>\n<meta property=\"og:image\" content=\"https:\/\/ciac.pt\/wp-content\/uploads\/2026\/02\/Banner_A_EXPO_TREM_SusanaMedeiros.jpg\" \/>\n\t<meta property=\"og:image:width\" content=\"1621\" \/>\n\t<meta property=\"og:image:height\" content=\"1215\" \/>\n\t<meta property=\"og:image:type\" content=\"image\/jpeg\" \/>\n<meta name=\"author\" content=\"editor1\" \/>\n<meta name=\"twitter:card\" content=\"summary_large_image\" \/>\n<meta name=\"twitter:label1\" content=\"Written by\" \/>\n\t<meta name=\"twitter:data1\" content=\"editor1\" \/>\n\t<meta name=\"twitter:label2\" content=\"Est. reading time\" \/>\n\t<meta name=\"twitter:data2\" content=\"3 minutes\" \/>\n<script type=\"application\/ld+json\" class=\"yoast-schema-graph\">{\"@context\":\"https:\\\/\\\/schema.org\",\"@graph\":[{\"@type\":\"Article\",\"@id\":\"https:\\\/\\\/ciac.pt\\\/en\\\/news\\\/susana-de-medeiros-opens-the-exhibition-chao-comum-terraphilia-on-5-february\\\/#article\",\"isPartOf\":{\"@id\":\"https:\\\/\\\/ciac.pt\\\/en\\\/news\\\/susana-de-medeiros-opens-the-exhibition-chao-comum-terraphilia-on-5-february\\\/\"},\"author\":{\"name\":\"editor1\",\"@id\":\"https:\\\/\\\/ciac.pt\\\/en\\\/#\\\/schema\\\/person\\\/3def46b976d3f4c0cdcf7c417cb570be\"},\"headline\":\"Susana de Medeiros opens the exhibition \u201cCh\u00e3o Comum: Terraphilia\u201d on 5 February\",\"datePublished\":\"2026-02-02T20:57:02+00:00\",\"dateModified\":\"2026-02-02T20:57:14+00:00\",\"mainEntityOfPage\":{\"@id\":\"https:\\\/\\\/ciac.pt\\\/en\\\/news\\\/susana-de-medeiros-opens-the-exhibition-chao-comum-terraphilia-on-5-february\\\/\"},\"wordCount\":343,\"publisher\":{\"@id\":\"https:\\\/\\\/ciac.pt\\\/en\\\/#organization\"},\"image\":{\"@id\":\"https:\\\/\\\/ciac.pt\\\/en\\\/news\\\/susana-de-medeiros-opens-the-exhibition-chao-comum-terraphilia-on-5-february\\\/#primaryimage\"},\"thumbnailUrl\":\"https:\\\/\\\/ciac.pt\\\/wp-content\\\/uploads\\\/2026\\\/02\\\/Banner_A_EXPO_TREM_SusanaMedeiros.jpg\",\"keywords\":[\"Dissemination\"],\"articleSection\":[\"News\"],\"inLanguage\":\"en-US\"},{\"@type\":\"WebPage\",\"@id\":\"https:\\\/\\\/ciac.pt\\\/en\\\/news\\\/susana-de-medeiros-opens-the-exhibition-chao-comum-terraphilia-on-5-february\\\/\",\"url\":\"https:\\\/\\\/ciac.pt\\\/en\\\/news\\\/susana-de-medeiros-opens-the-exhibition-chao-comum-terraphilia-on-5-february\\\/\",\"name\":\"Susana de Medeiros opens the exhibition \u201cCh\u00e3o Comum: Terraphilia\u201d on 5 February - CIAC\",\"isPartOf\":{\"@id\":\"https:\\\/\\\/ciac.pt\\\/en\\\/#website\"},\"primaryImageOfPage\":{\"@id\":\"https:\\\/\\\/ciac.pt\\\/en\\\/news\\\/susana-de-medeiros-opens-the-exhibition-chao-comum-terraphilia-on-5-february\\\/#primaryimage\"},\"image\":{\"@id\":\"https:\\\/\\\/ciac.pt\\\/en\\\/news\\\/susana-de-medeiros-opens-the-exhibition-chao-comum-terraphilia-on-5-february\\\/#primaryimage\"},\"thumbnailUrl\":\"https:\\\/\\\/ciac.pt\\\/wp-content\\\/uploads\\\/2026\\\/02\\\/Banner_A_EXPO_TREM_SusanaMedeiros.jpg\",\"datePublished\":\"2026-02-02T20:57:02+00:00\",\"dateModified\":\"2026-02-02T20:57:14+00:00\",\"breadcrumb\":{\"@id\":\"https:\\\/\\\/ciac.pt\\\/en\\\/news\\\/susana-de-medeiros-opens-the-exhibition-chao-comum-terraphilia-on-5-february\\\/#breadcrumb\"},\"inLanguage\":\"en-US\",\"potentialAction\":[{\"@type\":\"ReadAction\",\"target\":[\"https:\\\/\\\/ciac.pt\\\/en\\\/news\\\/susana-de-medeiros-opens-the-exhibition-chao-comum-terraphilia-on-5-february\\\/\"]}]},{\"@type\":\"ImageObject\",\"inLanguage\":\"en-US\",\"@id\":\"https:\\\/\\\/ciac.pt\\\/en\\\/news\\\/susana-de-medeiros-opens-the-exhibition-chao-comum-terraphilia-on-5-february\\\/#primaryimage\",\"url\":\"https:\\\/\\\/ciac.pt\\\/wp-content\\\/uploads\\\/2026\\\/02\\\/Banner_A_EXPO_TREM_SusanaMedeiros.jpg\",\"contentUrl\":\"https:\\\/\\\/ciac.pt\\\/wp-content\\\/uploads\\\/2026\\\/02\\\/Banner_A_EXPO_TREM_SusanaMedeiros.jpg\",\"width\":1621,\"height\":1215},{\"@type\":\"BreadcrumbList\",\"@id\":\"https:\\\/\\\/ciac.pt\\\/en\\\/news\\\/susana-de-medeiros-opens-the-exhibition-chao-comum-terraphilia-on-5-february\\\/#breadcrumb\",\"itemListElement\":[{\"@type\":\"ListItem\",\"position\":1,\"name\":\"In\u00edcio\",\"item\":\"https:\\\/\\\/ciac.pt\\\/en\\\/\"},{\"@type\":\"ListItem\",\"position\":2,\"name\":\"Susana de Medeiros opens the exhibition \u201cCh\u00e3o Comum: Terraphilia\u201d on 5 February\"}]},{\"@type\":\"WebSite\",\"@id\":\"https:\\\/\\\/ciac.pt\\\/en\\\/#website\",\"url\":\"https:\\\/\\\/ciac.pt\\\/en\\\/\",\"name\":\"CIAC\",\"description\":\"Centro de Investiga\u00e7\u00e3o em Artes e Comunica\u00e7\u00e3o\",\"publisher\":{\"@id\":\"https:\\\/\\\/ciac.pt\\\/en\\\/#organization\"},\"potentialAction\":[{\"@type\":\"SearchAction\",\"target\":{\"@type\":\"EntryPoint\",\"urlTemplate\":\"https:\\\/\\\/ciac.pt\\\/en\\\/?s={search_term_string}\"},\"query-input\":{\"@type\":\"PropertyValueSpecification\",\"valueRequired\":true,\"valueName\":\"search_term_string\"}}],\"inLanguage\":\"en-US\"},{\"@type\":\"Organization\",\"@id\":\"https:\\\/\\\/ciac.pt\\\/en\\\/#organization\",\"name\":\"CIAC\",\"url\":\"https:\\\/\\\/ciac.pt\\\/en\\\/\",\"logo\":{\"@type\":\"ImageObject\",\"inLanguage\":\"en-US\",\"@id\":\"https:\\\/\\\/ciac.pt\\\/en\\\/#\\\/schema\\\/logo\\\/image\\\/\",\"url\":\"https:\\\/\\\/ciac.pt\\\/wp-content\\\/uploads\\\/2022\\\/06\\\/logo.svg\",\"contentUrl\":\"https:\\\/\\\/ciac.pt\\\/wp-content\\\/uploads\\\/2022\\\/06\\\/logo.svg\",\"width\":184,\"height\":51,\"caption\":\"CIAC\"},\"image\":{\"@id\":\"https:\\\/\\\/ciac.pt\\\/en\\\/#\\\/schema\\\/logo\\\/image\\\/\"}},{\"@type\":\"Person\",\"@id\":\"https:\\\/\\\/ciac.pt\\\/en\\\/#\\\/schema\\\/person\\\/3def46b976d3f4c0cdcf7c417cb570be\",\"name\":\"editor1\",\"image\":{\"@type\":\"ImageObject\",\"inLanguage\":\"en-US\",\"@id\":\"https:\\\/\\\/secure.gravatar.com\\\/avatar\\\/4d8eb3157f61df03731fd8bf031b56d1d9241759e8f8c07d4d7e51d2f858c821?s=96&d=mm&r=g\",\"url\":\"https:\\\/\\\/secure.gravatar.com\\\/avatar\\\/4d8eb3157f61df03731fd8bf031b56d1d9241759e8f8c07d4d7e51d2f858c821?s=96&d=mm&r=g\",\"contentUrl\":\"https:\\\/\\\/secure.gravatar.com\\\/avatar\\\/4d8eb3157f61df03731fd8bf031b56d1d9241759e8f8c07d4d7e51d2f858c821?s=96&d=mm&r=g\",\"caption\":\"editor1\"},\"url\":\"https:\\\/\\\/ciac.pt\\\/en\\\/author\\\/editor1\\\/\"}]}<\/script>\n<!-- \/ Yoast SEO plugin. -->","yoast_head_json":{"title":"Susana de Medeiros opens the exhibition \u201cCh\u00e3o Comum: Terraphilia\u201d on 5 February - CIAC","robots":{"index":"index","follow":"follow","max-snippet":"max-snippet:-1","max-image-preview":"max-image-preview:large","max-video-preview":"max-video-preview:-1"},"canonical":"https:\/\/ciac.pt\/en\/news\/susana-de-medeiros-opens-the-exhibition-chao-comum-terraphilia-on-5-february\/","og_locale":"en_US","og_type":"article","og_title":"Susana de Medeiros opens the exhibition \u201cCh\u00e3o Comum: Terraphilia\u201d on 5 February - CIAC","og_description":"Susana de Medeiros opens the exhibition \u201cCh\u00e3o Comum: Terraphilia\u201d on 5 February","og_url":"https:\/\/ciac.pt\/en\/news\/susana-de-medeiros-opens-the-exhibition-chao-comum-terraphilia-on-5-february\/","og_site_name":"CIAC","article_published_time":"2026-02-02T20:57:02+00:00","article_modified_time":"2026-02-02T20:57:14+00:00","og_image":[{"width":1621,"height":1215,"url":"https:\/\/ciac.pt\/wp-content\/uploads\/2026\/02\/Banner_A_EXPO_TREM_SusanaMedeiros.jpg","type":"image\/jpeg"}],"author":"editor1","twitter_card":"summary_large_image","twitter_misc":{"Written by":"editor1","Est. reading time":"3 minutes"},"schema":{"@context":"https:\/\/schema.org","@graph":[{"@type":"Article","@id":"https:\/\/ciac.pt\/en\/news\/susana-de-medeiros-opens-the-exhibition-chao-comum-terraphilia-on-5-february\/#article","isPartOf":{"@id":"https:\/\/ciac.pt\/en\/news\/susana-de-medeiros-opens-the-exhibition-chao-comum-terraphilia-on-5-february\/"},"author":{"name":"editor1","@id":"https:\/\/ciac.pt\/en\/#\/schema\/person\/3def46b976d3f4c0cdcf7c417cb570be"},"headline":"Susana de Medeiros opens the exhibition \u201cCh\u00e3o Comum: Terraphilia\u201d on 5 February","datePublished":"2026-02-02T20:57:02+00:00","dateModified":"2026-02-02T20:57:14+00:00","mainEntityOfPage":{"@id":"https:\/\/ciac.pt\/en\/news\/susana-de-medeiros-opens-the-exhibition-chao-comum-terraphilia-on-5-february\/"},"wordCount":343,"publisher":{"@id":"https:\/\/ciac.pt\/en\/#organization"},"image":{"@id":"https:\/\/ciac.pt\/en\/news\/susana-de-medeiros-opens-the-exhibition-chao-comum-terraphilia-on-5-february\/#primaryimage"},"thumbnailUrl":"https:\/\/ciac.pt\/wp-content\/uploads\/2026\/02\/Banner_A_EXPO_TREM_SusanaMedeiros.jpg","keywords":["Dissemination"],"articleSection":["News"],"inLanguage":"en-US"},{"@type":"WebPage","@id":"https:\/\/ciac.pt\/en\/news\/susana-de-medeiros-opens-the-exhibition-chao-comum-terraphilia-on-5-february\/","url":"https:\/\/ciac.pt\/en\/news\/susana-de-medeiros-opens-the-exhibition-chao-comum-terraphilia-on-5-february\/","name":"Susana de Medeiros opens the exhibition \u201cCh\u00e3o Comum: Terraphilia\u201d on 5 February - CIAC","isPartOf":{"@id":"https:\/\/ciac.pt\/en\/#website"},"primaryImageOfPage":{"@id":"https:\/\/ciac.pt\/en\/news\/susana-de-medeiros-opens-the-exhibition-chao-comum-terraphilia-on-5-february\/#primaryimage"},"image":{"@id":"https:\/\/ciac.pt\/en\/news\/susana-de-medeiros-opens-the-exhibition-chao-comum-terraphilia-on-5-february\/#primaryimage"},"thumbnailUrl":"https:\/\/ciac.pt\/wp-content\/uploads\/2026\/02\/Banner_A_EXPO_TREM_SusanaMedeiros.jpg","datePublished":"2026-02-02T20:57:02+00:00","dateModified":"2026-02-02T20:57:14+00:00","breadcrumb":{"@id":"https:\/\/ciac.pt\/en\/news\/susana-de-medeiros-opens-the-exhibition-chao-comum-terraphilia-on-5-february\/#breadcrumb"},"inLanguage":"en-US","potentialAction":[{"@type":"ReadAction","target":["https:\/\/ciac.pt\/en\/news\/susana-de-medeiros-opens-the-exhibition-chao-comum-terraphilia-on-5-february\/"]}]},{"@type":"ImageObject","inLanguage":"en-US","@id":"https:\/\/ciac.pt\/en\/news\/susana-de-medeiros-opens-the-exhibition-chao-comum-terraphilia-on-5-february\/#primaryimage","url":"https:\/\/ciac.pt\/wp-content\/uploads\/2026\/02\/Banner_A_EXPO_TREM_SusanaMedeiros.jpg","contentUrl":"https:\/\/ciac.pt\/wp-content\/uploads\/2026\/02\/Banner_A_EXPO_TREM_SusanaMedeiros.jpg","width":1621,"height":1215},{"@type":"BreadcrumbList","@id":"https:\/\/ciac.pt\/en\/news\/susana-de-medeiros-opens-the-exhibition-chao-comum-terraphilia-on-5-february\/#breadcrumb","itemListElement":[{"@type":"ListItem","position":1,"name":"In\u00edcio","item":"https:\/\/ciac.pt\/en\/"},{"@type":"ListItem","position":2,"name":"Susana de Medeiros opens the exhibition \u201cCh\u00e3o Comum: Terraphilia\u201d on 5 February"}]},{"@type":"WebSite","@id":"https:\/\/ciac.pt\/en\/#website","url":"https:\/\/ciac.pt\/en\/","name":"CIAC","description":"Centro de Investiga\u00e7\u00e3o em Artes e Comunica\u00e7\u00e3o","publisher":{"@id":"https:\/\/ciac.pt\/en\/#organization"},"potentialAction":[{"@type":"SearchAction","target":{"@type":"EntryPoint","urlTemplate":"https:\/\/ciac.pt\/en\/?s={search_term_string}"},"query-input":{"@type":"PropertyValueSpecification","valueRequired":true,"valueName":"search_term_string"}}],"inLanguage":"en-US"},{"@type":"Organization","@id":"https:\/\/ciac.pt\/en\/#organization","name":"CIAC","url":"https:\/\/ciac.pt\/en\/","logo":{"@type":"ImageObject","inLanguage":"en-US","@id":"https:\/\/ciac.pt\/en\/#\/schema\/logo\/image\/","url":"https:\/\/ciac.pt\/wp-content\/uploads\/2022\/06\/logo.svg","contentUrl":"https:\/\/ciac.pt\/wp-content\/uploads\/2022\/06\/logo.svg","width":184,"height":51,"caption":"CIAC"},"image":{"@id":"https:\/\/ciac.pt\/en\/#\/schema\/logo\/image\/"}},{"@type":"Person","@id":"https:\/\/ciac.pt\/en\/#\/schema\/person\/3def46b976d3f4c0cdcf7c417cb570be","name":"editor1","image":{"@type":"ImageObject","inLanguage":"en-US","@id":"https:\/\/secure.gravatar.com\/avatar\/4d8eb3157f61df03731fd8bf031b56d1d9241759e8f8c07d4d7e51d2f858c821?s=96&d=mm&r=g","url":"https:\/\/secure.gravatar.com\/avatar\/4d8eb3157f61df03731fd8bf031b56d1d9241759e8f8c07d4d7e51d2f858c821?s=96&d=mm&r=g","contentUrl":"https:\/\/secure.gravatar.com\/avatar\/4d8eb3157f61df03731fd8bf031b56d1d9241759e8f8c07d4d7e51d2f858c821?s=96&d=mm&r=g","caption":"editor1"},"url":"https:\/\/ciac.pt\/en\/author\/editor1\/"}]}},"author_meta":{"display_name":"editor1","author_link":"https:\/\/ciac.pt\/en\/author\/editor1\/"},"featured_img":"https:\/\/ciac.pt\/wp-content\/uploads\/2026\/02\/Banner_A_EXPO_TREM_SusanaMedeiros-300x225.jpg","coauthors":[],"tax_additional":{"categories":{"linked":["<a href=\"https:\/\/ciac.pt\/en\/.\/news\/\" class=\"advgb-post-tax-term\">News<\/a>"],"unlinked":["<span class=\"advgb-post-tax-term\">News<\/span>"]},"tags":{"linked":["<a href=\"https:\/\/ciac.pt\/en\/.\/news\/\" class=\"advgb-post-tax-term\">Dissemination<\/a>"],"unlinked":["<span class=\"advgb-post-tax-term\">Dissemination<\/span>"]}},"comment_count":0,"relative_dates":{"created":"Posted 3 months ago","modified":"Updated 3 months ago"},"absolute_dates":{"created":"Posted on 02\/02\/2026","modified":"Updated on 02\/02\/2026"},"absolute_dates_time":{"created":"Posted on 02\/02\/2026 20:57","modified":"Updated on 02\/02\/2026 20:57"},"featured_img_caption":"","series_order":"","_links":{"self":[{"href":"https:\/\/ciac.pt\/en\/wp-json\/wp\/v2\/posts\/13640","targetHints":{"allow":["GET"]}}],"collection":[{"href":"https:\/\/ciac.pt\/en\/wp-json\/wp\/v2\/posts"}],"about":[{"href":"https:\/\/ciac.pt\/en\/wp-json\/wp\/v2\/types\/post"}],"author":[{"embeddable":true,"href":"https:\/\/ciac.pt\/en\/wp-json\/wp\/v2\/users\/3"}],"replies":[{"embeddable":true,"href":"https:\/\/ciac.pt\/en\/wp-json\/wp\/v2\/comments?post=13640"}],"version-history":[{"count":1,"href":"https:\/\/ciac.pt\/en\/wp-json\/wp\/v2\/posts\/13640\/revisions"}],"predecessor-version":[{"id":13642,"href":"https:\/\/ciac.pt\/en\/wp-json\/wp\/v2\/posts\/13640\/revisions\/13642"}],"wp:featuredmedia":[{"embeddable":true,"href":"https:\/\/ciac.pt\/en\/wp-json\/wp\/v2\/media\/13630"}],"wp:attachment":[{"href":"https:\/\/ciac.pt\/en\/wp-json\/wp\/v2\/media?parent=13640"}],"wp:term":[{"taxonomy":"category","embeddable":true,"href":"https:\/\/ciac.pt\/en\/wp-json\/wp\/v2\/categories?post=13640"},{"taxonomy":"post_tag","embeddable":true,"href":"https:\/\/ciac.pt\/en\/wp-json\/wp\/v2\/tags?post=13640"}],"curies":[{"name":"wp","href":"https:\/\/api.w.org\/{rel}","templated":true}]}}