{"id":13888,"date":"2026-03-03T17:34:37","date_gmt":"2026-03-03T17:34:37","guid":{"rendered":"https:\/\/ciac.pt\/uncategorized\/webinar-de-turismo-literario-abordara-lugares-literarios-de-jose-regio-e-afonso-lopes-vieira\/"},"modified":"2026-03-05T13:58:23","modified_gmt":"2026-03-05T13:58:23","slug":"webinar-de-turismo-literario-abordara-lugares-literarios-de-jose-regio-e-afonso-lopes-vieira","status":"publish","type":"post","link":"https:\/\/ciac.pt\/en\/news\/webinar-de-turismo-literario-abordara-lugares-literarios-de-jose-regio-e-afonso-lopes-vieira\/","title":{"rendered":"Literary Tourism Webinar will explore the literary places associated with Jos\u00e9 R\u00e9gio and Afonso Lopes Vieira"},"content":{"rendered":"\n\n\n\n<figure class=\"wp-block-image size-full is-resized\"><img decoding=\"async\" width=\"1754\" height=\"2480\" data-src=\"https:\/\/ciac.pt\/wp-content\/uploads\/2026\/03\/Seminarios-de-turismo-literario-2025-26-2-Web.jpg\" alt=\"\" class=\"wp-image-13881 lazyload\" style=\"--smush-placeholder-width: 1754px; --smush-placeholder-aspect-ratio: 1754\/2480;width:401px\" data-srcset=\"https:\/\/ciac.pt\/wp-content\/uploads\/2026\/03\/Seminarios-de-turismo-literario-2025-26-2-Web.jpg 1754w, https:\/\/ciac.pt\/wp-content\/uploads\/2026\/03\/Seminarios-de-turismo-literario-2025-26-2-Web-212x300.jpg 212w, https:\/\/ciac.pt\/wp-content\/uploads\/2026\/03\/Seminarios-de-turismo-literario-2025-26-2-Web-724x1024.jpg 724w, https:\/\/ciac.pt\/wp-content\/uploads\/2026\/03\/Seminarios-de-turismo-literario-2025-26-2-Web-768x1086.jpg 768w, https:\/\/ciac.pt\/wp-content\/uploads\/2026\/03\/Seminarios-de-turismo-literario-2025-26-2-Web-1086x1536.jpg 1086w, https:\/\/ciac.pt\/wp-content\/uploads\/2026\/03\/Seminarios-de-turismo-literario-2025-26-2-Web-1448x2048.jpg 1448w\" data-sizes=\"(max-width: 1754px) 100vw, 1754px\" src=\"data:image\/svg+xml;base64,PHN2ZyB3aWR0aD0iMSIgaGVpZ2h0PSIxIiB4bWxucz0iaHR0cDovL3d3dy53My5vcmcvMjAwMC9zdmciPjwvc3ZnPg==\" \/><\/figure>\n\n\n\n<h2 class=\"wp-block-heading\">Literary Tourism Webinar will explore the literary places associated with Jos\u00e9 R\u00e9gio and Afonso Lopes Vieira<\/h2>\n\n\n<div class=\"wp-block-post-date\"><time datetime=\"2026-03-03T17:34:37+00:00\">03\/03\/2026<\/time><\/div>\n\n\n<hr class=\"wp-block-separator has-alpha-channel-opacity\"\/>\n\n\n\n<p>The Literary Tourism Webinar, taking place on March 5, 2026, will explore the literary places associated with Jos\u00e9 R\u00e9gio and Afonso Lopes Vieira.<\/p>\n\n\n\n<p>Guest speaker Elisa Castro Neves will present <em>\u201cThe House of Jos\u00e9 R\u00e9gio in Vila do Conde: Memory, Territory and Community.\u201d<\/em> Jos\u00e9 R\u00e9gio (1901\u20131969), born in Vila do Conde, was a Portuguese writer, poet, playwright, novelist, short story writer, essayist, chronicler, literary critic, and literary historian, as well as a painter and a renowned connoisseur and collector of sacred and folk art.<\/p>\n\n\n\n<p>After his death, the poet\u2019s house was acquired by the Vila do Conde City Council, converted into a museum space, and opened to the public on September 17, 1975. The museum includes a collection of furniture, sacred art, ceramics, and paintings gathered by the writer throughout his life, as well as his manuscripts. As guardian of the memory of the man, the artist, and his work, the House reveals how a domestic space can be transformed into a place of literary interpretation and contemporary dialogue between territory and community.<\/p>\n\n\n\n<p>Next, Pedro Monteiro and Marta Lu\u00eds, with the presentation <em>\u201cAfonso? Where Is Afonso?\u201d<\/em>, propose an analytical challenge focused on a literary place that led to the discovery of multiple spaces and facets of Afonso Lopes Vieira (1878\u20131946), a Portuguese poet, essayist, novelist, and author of children\u2019s books, born in Leiria and creator of an extensive body of literary work.<\/p>\n\n\n\n<p>CIAC invites the academic community and all those interested in the relationship between literature, territory, and memory to reflect on two exemplary cases of Portuguese heritage. The event will take place online at 6:00 pm via the Teams platform, in a session available through the provided <a href=\"https:\/\/teams.microsoft.com\/l\/meetup-join\/19%3ameeting_Y2QzNjliODMtMWYyNC00ZDMzLWI5NmYtNDkwMzA3MjIzNDBl%40thread.v2\/0?context=%7b%22Tid%22%3a%22130f0931-a0f6-44b9-ae85-b9f16c89ad82%22%2c%22Oid%22%3a%22181960c1-bc77-4e43-a447-ab7410dcce76%22%7d\">link<\/a>.<\/p>\n\n\n\n<p>The Literary Tourism Webinar is supported by national funds through the FCT \u2013 Funda\u00e7\u00e3o para a Ci\u00eancia e a Tecnologia, under the project \u00abUID\/04019\/2025 \u2013 CIAC\u00bb DOI: 10.54499\/UID\/04019\/2025.<\/p>\n","protected":false},"excerpt":{"rendered":"<p>Literary Tourism Webinar will explore the literary places associated with Jos\u00e9 R\u00e9gio<\/p>\n","protected":false},"author":3,"featured_media":13885,"comment_status":"closed","ping_status":"closed","sticky":false,"template":"","format":"standard","meta":{"_eb_attr":"","inline_featured_image":false,"advgb_blocks_editor_width":"","advgb_blocks_columns_visual_guide":"","footnotes":"","_links_to":"","_links_to_target":""},"categories":[61],"tags":[139],"class_list":["post-13888","post","type-post","status-publish","format-standard","has-post-thumbnail","hentry","category-news","tag-dissemination"],"yoast_head":"<!-- This site is optimized with the Yoast SEO plugin v27.4 - https:\/\/yoast.com\/product\/yoast-seo-wordpress\/ -->\n<title>Literary Tourism Webinar will explore the literary places associated with Jos\u00e9 R\u00e9gio and Afonso Lopes Vieira - CIAC<\/title>\n<meta name=\"robots\" content=\"index, follow, max-snippet:-1, max-image-preview:large, max-video-preview:-1\" \/>\n<link rel=\"canonical\" href=\"https:\/\/ciac.pt\/en\/news\/webinar-de-turismo-literario-abordara-lugares-literarios-de-jose-regio-e-afonso-lopes-vieira\/\" \/>\n<meta property=\"og:locale\" content=\"en_US\" \/>\n<meta property=\"og:type\" content=\"article\" \/>\n<meta property=\"og:title\" content=\"Literary Tourism Webinar will explore the literary places associated with Jos\u00e9 R\u00e9gio and Afonso Lopes Vieira - CIAC\" \/>\n<meta property=\"og:description\" content=\"Literary Tourism Webinar will explore the literary places associated with Jos\u00e9 R\u00e9gio\" \/>\n<meta property=\"og:url\" content=\"https:\/\/ciac.pt\/en\/news\/webinar-de-turismo-literario-abordara-lugares-literarios-de-jose-regio-e-afonso-lopes-vieira\/\" \/>\n<meta property=\"og:site_name\" content=\"CIAC\" \/>\n<meta property=\"article:published_time\" content=\"2026-03-03T17:34:37+00:00\" \/>\n<meta property=\"article:modified_time\" content=\"2026-03-05T13:58:23+00:00\" \/>\n<meta property=\"og:image\" content=\"https:\/\/ciac.pt\/wp-content\/uploads\/2026\/03\/Untitled-1.jpg\" \/>\n\t<meta property=\"og:image:width\" content=\"1620\" \/>\n\t<meta property=\"og:image:height\" content=\"1215\" \/>\n\t<meta property=\"og:image:type\" content=\"image\/jpeg\" \/>\n<meta name=\"author\" content=\"editor1\" \/>\n<meta name=\"twitter:card\" content=\"summary_large_image\" \/>\n<meta name=\"twitter:label1\" content=\"Written by\" \/>\n\t<meta name=\"twitter:data1\" content=\"editor1\" \/>\n\t<meta name=\"twitter:label2\" content=\"Est. reading time\" \/>\n\t<meta name=\"twitter:data2\" content=\"2 minutes\" \/>\n<script type=\"application\/ld+json\" class=\"yoast-schema-graph\">{\"@context\":\"https:\\\/\\\/schema.org\",\"@graph\":[{\"@type\":\"Article\",\"@id\":\"https:\\\/\\\/ciac.pt\\\/en\\\/news\\\/webinar-de-turismo-literario-abordara-lugares-literarios-de-jose-regio-e-afonso-lopes-vieira\\\/#article\",\"isPartOf\":{\"@id\":\"https:\\\/\\\/ciac.pt\\\/en\\\/news\\\/webinar-de-turismo-literario-abordara-lugares-literarios-de-jose-regio-e-afonso-lopes-vieira\\\/\"},\"author\":{\"name\":\"editor1\",\"@id\":\"https:\\\/\\\/ciac.pt\\\/en\\\/#\\\/schema\\\/person\\\/3def46b976d3f4c0cdcf7c417cb570be\"},\"headline\":\"Literary Tourism Webinar will explore the literary places associated with Jos\u00e9 R\u00e9gio and Afonso Lopes Vieira\",\"datePublished\":\"2026-03-03T17:34:37+00:00\",\"dateModified\":\"2026-03-05T13:58:23+00:00\",\"mainEntityOfPage\":{\"@id\":\"https:\\\/\\\/ciac.pt\\\/en\\\/news\\\/webinar-de-turismo-literario-abordara-lugares-literarios-de-jose-regio-e-afonso-lopes-vieira\\\/\"},\"wordCount\":343,\"publisher\":{\"@id\":\"https:\\\/\\\/ciac.pt\\\/en\\\/#organization\"},\"image\":{\"@id\":\"https:\\\/\\\/ciac.pt\\\/en\\\/news\\\/webinar-de-turismo-literario-abordara-lugares-literarios-de-jose-regio-e-afonso-lopes-vieira\\\/#primaryimage\"},\"thumbnailUrl\":\"https:\\\/\\\/ciac.pt\\\/wp-content\\\/uploads\\\/2026\\\/03\\\/Untitled-1.jpg\",\"keywords\":[\"Dissemination\"],\"articleSection\":[\"News\"],\"inLanguage\":\"en-US\"},{\"@type\":\"WebPage\",\"@id\":\"https:\\\/\\\/ciac.pt\\\/en\\\/news\\\/webinar-de-turismo-literario-abordara-lugares-literarios-de-jose-regio-e-afonso-lopes-vieira\\\/\",\"url\":\"https:\\\/\\\/ciac.pt\\\/en\\\/news\\\/webinar-de-turismo-literario-abordara-lugares-literarios-de-jose-regio-e-afonso-lopes-vieira\\\/\",\"name\":\"Literary Tourism Webinar will explore the literary places associated with Jos\u00e9 R\u00e9gio and Afonso Lopes Vieira - CIAC\",\"isPartOf\":{\"@id\":\"https:\\\/\\\/ciac.pt\\\/en\\\/#website\"},\"primaryImageOfPage\":{\"@id\":\"https:\\\/\\\/ciac.pt\\\/en\\\/news\\\/webinar-de-turismo-literario-abordara-lugares-literarios-de-jose-regio-e-afonso-lopes-vieira\\\/#primaryimage\"},\"image\":{\"@id\":\"https:\\\/\\\/ciac.pt\\\/en\\\/news\\\/webinar-de-turismo-literario-abordara-lugares-literarios-de-jose-regio-e-afonso-lopes-vieira\\\/#primaryimage\"},\"thumbnailUrl\":\"https:\\\/\\\/ciac.pt\\\/wp-content\\\/uploads\\\/2026\\\/03\\\/Untitled-1.jpg\",\"datePublished\":\"2026-03-03T17:34:37+00:00\",\"dateModified\":\"2026-03-05T13:58:23+00:00\",\"breadcrumb\":{\"@id\":\"https:\\\/\\\/ciac.pt\\\/en\\\/news\\\/webinar-de-turismo-literario-abordara-lugares-literarios-de-jose-regio-e-afonso-lopes-vieira\\\/#breadcrumb\"},\"inLanguage\":\"en-US\",\"potentialAction\":[{\"@type\":\"ReadAction\",\"target\":[\"https:\\\/\\\/ciac.pt\\\/en\\\/news\\\/webinar-de-turismo-literario-abordara-lugares-literarios-de-jose-regio-e-afonso-lopes-vieira\\\/\"]}]},{\"@type\":\"ImageObject\",\"inLanguage\":\"en-US\",\"@id\":\"https:\\\/\\\/ciac.pt\\\/en\\\/news\\\/webinar-de-turismo-literario-abordara-lugares-literarios-de-jose-regio-e-afonso-lopes-vieira\\\/#primaryimage\",\"url\":\"https:\\\/\\\/ciac.pt\\\/wp-content\\\/uploads\\\/2026\\\/03\\\/Untitled-1.jpg\",\"contentUrl\":\"https:\\\/\\\/ciac.pt\\\/wp-content\\\/uploads\\\/2026\\\/03\\\/Untitled-1.jpg\",\"width\":1620,\"height\":1215},{\"@type\":\"BreadcrumbList\",\"@id\":\"https:\\\/\\\/ciac.pt\\\/en\\\/news\\\/webinar-de-turismo-literario-abordara-lugares-literarios-de-jose-regio-e-afonso-lopes-vieira\\\/#breadcrumb\",\"itemListElement\":[{\"@type\":\"ListItem\",\"position\":1,\"name\":\"In\u00edcio\",\"item\":\"https:\\\/\\\/ciac.pt\\\/en\\\/\"},{\"@type\":\"ListItem\",\"position\":2,\"name\":\"Literary Tourism Webinar will explore the literary places associated with Jos\u00e9 R\u00e9gio and Afonso Lopes Vieira\"}]},{\"@type\":\"WebSite\",\"@id\":\"https:\\\/\\\/ciac.pt\\\/en\\\/#website\",\"url\":\"https:\\\/\\\/ciac.pt\\\/en\\\/\",\"name\":\"CIAC\",\"description\":\"Centro de Investiga\u00e7\u00e3o em Artes e Comunica\u00e7\u00e3o\",\"publisher\":{\"@id\":\"https:\\\/\\\/ciac.pt\\\/en\\\/#organization\"},\"potentialAction\":[{\"@type\":\"SearchAction\",\"target\":{\"@type\":\"EntryPoint\",\"urlTemplate\":\"https:\\\/\\\/ciac.pt\\\/en\\\/?s={search_term_string}\"},\"query-input\":{\"@type\":\"PropertyValueSpecification\",\"valueRequired\":true,\"valueName\":\"search_term_string\"}}],\"inLanguage\":\"en-US\"},{\"@type\":\"Organization\",\"@id\":\"https:\\\/\\\/ciac.pt\\\/en\\\/#organization\",\"name\":\"CIAC\",\"url\":\"https:\\\/\\\/ciac.pt\\\/en\\\/\",\"logo\":{\"@type\":\"ImageObject\",\"inLanguage\":\"en-US\",\"@id\":\"https:\\\/\\\/ciac.pt\\\/en\\\/#\\\/schema\\\/logo\\\/image\\\/\",\"url\":\"https:\\\/\\\/ciac.pt\\\/wp-content\\\/uploads\\\/2022\\\/06\\\/logo.svg\",\"contentUrl\":\"https:\\\/\\\/ciac.pt\\\/wp-content\\\/uploads\\\/2022\\\/06\\\/logo.svg\",\"width\":184,\"height\":51,\"caption\":\"CIAC\"},\"image\":{\"@id\":\"https:\\\/\\\/ciac.pt\\\/en\\\/#\\\/schema\\\/logo\\\/image\\\/\"}},{\"@type\":\"Person\",\"@id\":\"https:\\\/\\\/ciac.pt\\\/en\\\/#\\\/schema\\\/person\\\/3def46b976d3f4c0cdcf7c417cb570be\",\"name\":\"editor1\",\"image\":{\"@type\":\"ImageObject\",\"inLanguage\":\"en-US\",\"@id\":\"https:\\\/\\\/secure.gravatar.com\\\/avatar\\\/4d8eb3157f61df03731fd8bf031b56d1d9241759e8f8c07d4d7e51d2f858c821?s=96&d=mm&r=g\",\"url\":\"https:\\\/\\\/secure.gravatar.com\\\/avatar\\\/4d8eb3157f61df03731fd8bf031b56d1d9241759e8f8c07d4d7e51d2f858c821?s=96&d=mm&r=g\",\"contentUrl\":\"https:\\\/\\\/secure.gravatar.com\\\/avatar\\\/4d8eb3157f61df03731fd8bf031b56d1d9241759e8f8c07d4d7e51d2f858c821?s=96&d=mm&r=g\",\"caption\":\"editor1\"},\"url\":\"https:\\\/\\\/ciac.pt\\\/en\\\/author\\\/editor1\\\/\"}]}<\/script>\n<!-- \/ Yoast SEO plugin. -->","yoast_head_json":{"title":"Literary Tourism Webinar will explore the literary places associated with Jos\u00e9 R\u00e9gio and Afonso Lopes Vieira - CIAC","robots":{"index":"index","follow":"follow","max-snippet":"max-snippet:-1","max-image-preview":"max-image-preview:large","max-video-preview":"max-video-preview:-1"},"canonical":"https:\/\/ciac.pt\/en\/news\/webinar-de-turismo-literario-abordara-lugares-literarios-de-jose-regio-e-afonso-lopes-vieira\/","og_locale":"en_US","og_type":"article","og_title":"Literary Tourism Webinar will explore the literary places associated with Jos\u00e9 R\u00e9gio and Afonso Lopes Vieira - CIAC","og_description":"Literary Tourism Webinar will explore the literary places associated with Jos\u00e9 R\u00e9gio","og_url":"https:\/\/ciac.pt\/en\/news\/webinar-de-turismo-literario-abordara-lugares-literarios-de-jose-regio-e-afonso-lopes-vieira\/","og_site_name":"CIAC","article_published_time":"2026-03-03T17:34:37+00:00","article_modified_time":"2026-03-05T13:58:23+00:00","og_image":[{"width":1620,"height":1215,"url":"https:\/\/ciac.pt\/wp-content\/uploads\/2026\/03\/Untitled-1.jpg","type":"image\/jpeg"}],"author":"editor1","twitter_card":"summary_large_image","twitter_misc":{"Written by":"editor1","Est. reading time":"2 minutes"},"schema":{"@context":"https:\/\/schema.org","@graph":[{"@type":"Article","@id":"https:\/\/ciac.pt\/en\/news\/webinar-de-turismo-literario-abordara-lugares-literarios-de-jose-regio-e-afonso-lopes-vieira\/#article","isPartOf":{"@id":"https:\/\/ciac.pt\/en\/news\/webinar-de-turismo-literario-abordara-lugares-literarios-de-jose-regio-e-afonso-lopes-vieira\/"},"author":{"name":"editor1","@id":"https:\/\/ciac.pt\/en\/#\/schema\/person\/3def46b976d3f4c0cdcf7c417cb570be"},"headline":"Literary Tourism Webinar will explore the literary places associated with Jos\u00e9 R\u00e9gio and Afonso Lopes Vieira","datePublished":"2026-03-03T17:34:37+00:00","dateModified":"2026-03-05T13:58:23+00:00","mainEntityOfPage":{"@id":"https:\/\/ciac.pt\/en\/news\/webinar-de-turismo-literario-abordara-lugares-literarios-de-jose-regio-e-afonso-lopes-vieira\/"},"wordCount":343,"publisher":{"@id":"https:\/\/ciac.pt\/en\/#organization"},"image":{"@id":"https:\/\/ciac.pt\/en\/news\/webinar-de-turismo-literario-abordara-lugares-literarios-de-jose-regio-e-afonso-lopes-vieira\/#primaryimage"},"thumbnailUrl":"https:\/\/ciac.pt\/wp-content\/uploads\/2026\/03\/Untitled-1.jpg","keywords":["Dissemination"],"articleSection":["News"],"inLanguage":"en-US"},{"@type":"WebPage","@id":"https:\/\/ciac.pt\/en\/news\/webinar-de-turismo-literario-abordara-lugares-literarios-de-jose-regio-e-afonso-lopes-vieira\/","url":"https:\/\/ciac.pt\/en\/news\/webinar-de-turismo-literario-abordara-lugares-literarios-de-jose-regio-e-afonso-lopes-vieira\/","name":"Literary Tourism Webinar will explore the literary places associated with Jos\u00e9 R\u00e9gio and Afonso Lopes Vieira - CIAC","isPartOf":{"@id":"https:\/\/ciac.pt\/en\/#website"},"primaryImageOfPage":{"@id":"https:\/\/ciac.pt\/en\/news\/webinar-de-turismo-literario-abordara-lugares-literarios-de-jose-regio-e-afonso-lopes-vieira\/#primaryimage"},"image":{"@id":"https:\/\/ciac.pt\/en\/news\/webinar-de-turismo-literario-abordara-lugares-literarios-de-jose-regio-e-afonso-lopes-vieira\/#primaryimage"},"thumbnailUrl":"https:\/\/ciac.pt\/wp-content\/uploads\/2026\/03\/Untitled-1.jpg","datePublished":"2026-03-03T17:34:37+00:00","dateModified":"2026-03-05T13:58:23+00:00","breadcrumb":{"@id":"https:\/\/ciac.pt\/en\/news\/webinar-de-turismo-literario-abordara-lugares-literarios-de-jose-regio-e-afonso-lopes-vieira\/#breadcrumb"},"inLanguage":"en-US","potentialAction":[{"@type":"ReadAction","target":["https:\/\/ciac.pt\/en\/news\/webinar-de-turismo-literario-abordara-lugares-literarios-de-jose-regio-e-afonso-lopes-vieira\/"]}]},{"@type":"ImageObject","inLanguage":"en-US","@id":"https:\/\/ciac.pt\/en\/news\/webinar-de-turismo-literario-abordara-lugares-literarios-de-jose-regio-e-afonso-lopes-vieira\/#primaryimage","url":"https:\/\/ciac.pt\/wp-content\/uploads\/2026\/03\/Untitled-1.jpg","contentUrl":"https:\/\/ciac.pt\/wp-content\/uploads\/2026\/03\/Untitled-1.jpg","width":1620,"height":1215},{"@type":"BreadcrumbList","@id":"https:\/\/ciac.pt\/en\/news\/webinar-de-turismo-literario-abordara-lugares-literarios-de-jose-regio-e-afonso-lopes-vieira\/#breadcrumb","itemListElement":[{"@type":"ListItem","position":1,"name":"In\u00edcio","item":"https:\/\/ciac.pt\/en\/"},{"@type":"ListItem","position":2,"name":"Literary Tourism Webinar will explore the literary places associated with Jos\u00e9 R\u00e9gio and Afonso Lopes Vieira"}]},{"@type":"WebSite","@id":"https:\/\/ciac.pt\/en\/#website","url":"https:\/\/ciac.pt\/en\/","name":"CIAC","description":"Centro de Investiga\u00e7\u00e3o em Artes e Comunica\u00e7\u00e3o","publisher":{"@id":"https:\/\/ciac.pt\/en\/#organization"},"potentialAction":[{"@type":"SearchAction","target":{"@type":"EntryPoint","urlTemplate":"https:\/\/ciac.pt\/en\/?s={search_term_string}"},"query-input":{"@type":"PropertyValueSpecification","valueRequired":true,"valueName":"search_term_string"}}],"inLanguage":"en-US"},{"@type":"Organization","@id":"https:\/\/ciac.pt\/en\/#organization","name":"CIAC","url":"https:\/\/ciac.pt\/en\/","logo":{"@type":"ImageObject","inLanguage":"en-US","@id":"https:\/\/ciac.pt\/en\/#\/schema\/logo\/image\/","url":"https:\/\/ciac.pt\/wp-content\/uploads\/2022\/06\/logo.svg","contentUrl":"https:\/\/ciac.pt\/wp-content\/uploads\/2022\/06\/logo.svg","width":184,"height":51,"caption":"CIAC"},"image":{"@id":"https:\/\/ciac.pt\/en\/#\/schema\/logo\/image\/"}},{"@type":"Person","@id":"https:\/\/ciac.pt\/en\/#\/schema\/person\/3def46b976d3f4c0cdcf7c417cb570be","name":"editor1","image":{"@type":"ImageObject","inLanguage":"en-US","@id":"https:\/\/secure.gravatar.com\/avatar\/4d8eb3157f61df03731fd8bf031b56d1d9241759e8f8c07d4d7e51d2f858c821?s=96&d=mm&r=g","url":"https:\/\/secure.gravatar.com\/avatar\/4d8eb3157f61df03731fd8bf031b56d1d9241759e8f8c07d4d7e51d2f858c821?s=96&d=mm&r=g","contentUrl":"https:\/\/secure.gravatar.com\/avatar\/4d8eb3157f61df03731fd8bf031b56d1d9241759e8f8c07d4d7e51d2f858c821?s=96&d=mm&r=g","caption":"editor1"},"url":"https:\/\/ciac.pt\/en\/author\/editor1\/"}]}},"author_meta":{"display_name":"editor1","author_link":"https:\/\/ciac.pt\/en\/author\/editor1\/"},"featured_img":"https:\/\/ciac.pt\/wp-content\/uploads\/2026\/03\/Untitled-1-300x225.jpg","coauthors":[],"tax_additional":{"categories":{"linked":["<a href=\"https:\/\/ciac.pt\/en\/.\/news\/\" class=\"advgb-post-tax-term\">News<\/a>"],"unlinked":["<span class=\"advgb-post-tax-term\">News<\/span>"]},"tags":{"linked":["<a href=\"https:\/\/ciac.pt\/en\/.\/news\/\" class=\"advgb-post-tax-term\">Dissemination<\/a>"],"unlinked":["<span class=\"advgb-post-tax-term\">Dissemination<\/span>"]}},"comment_count":0,"relative_dates":{"created":"Posted 2 months ago","modified":"Updated 2 months ago"},"absolute_dates":{"created":"Posted on 03\/03\/2026","modified":"Updated on 05\/03\/2026"},"absolute_dates_time":{"created":"Posted on 03\/03\/2026 17:34","modified":"Updated on 05\/03\/2026 13:58"},"featured_img_caption":"","series_order":"","_links":{"self":[{"href":"https:\/\/ciac.pt\/en\/wp-json\/wp\/v2\/posts\/13888","targetHints":{"allow":["GET"]}}],"collection":[{"href":"https:\/\/ciac.pt\/en\/wp-json\/wp\/v2\/posts"}],"about":[{"href":"https:\/\/ciac.pt\/en\/wp-json\/wp\/v2\/types\/post"}],"author":[{"embeddable":true,"href":"https:\/\/ciac.pt\/en\/wp-json\/wp\/v2\/users\/3"}],"replies":[{"embeddable":true,"href":"https:\/\/ciac.pt\/en\/wp-json\/wp\/v2\/comments?post=13888"}],"version-history":[{"count":3,"href":"https:\/\/ciac.pt\/en\/wp-json\/wp\/v2\/posts\/13888\/revisions"}],"predecessor-version":[{"id":13964,"href":"https:\/\/ciac.pt\/en\/wp-json\/wp\/v2\/posts\/13888\/revisions\/13964"}],"wp:featuredmedia":[{"embeddable":true,"href":"https:\/\/ciac.pt\/en\/wp-json\/wp\/v2\/media\/13885"}],"wp:attachment":[{"href":"https:\/\/ciac.pt\/en\/wp-json\/wp\/v2\/media?parent=13888"}],"wp:term":[{"taxonomy":"category","embeddable":true,"href":"https:\/\/ciac.pt\/en\/wp-json\/wp\/v2\/categories?post=13888"},{"taxonomy":"post_tag","embeddable":true,"href":"https:\/\/ciac.pt\/en\/wp-json\/wp\/v2\/tags?post=13888"}],"curies":[{"name":"wp","href":"https:\/\/api.w.org\/{rel}","templated":true}]}}