{"id":14006,"date":"2025-06-24T16:59:00","date_gmt":"2025-06-24T15:59:00","guid":{"rendered":"https:\/\/ciac.pt\/?p=14006"},"modified":"2026-03-05T17:00:44","modified_gmt":"2026-03-05T17:00:44","slug":"susana-costa-approved-with-distinction-in-public-doctoral-defense","status":"publish","type":"post","link":"https:\/\/ciac.pt\/en\/news\/susana-costa-approved-with-distinction-in-public-doctoral-defense\/","title":{"rendered":"Susana Costa Approved with Distinction in Public Doctoral Defense"},"content":{"rendered":"\n<div class=\"wp-block-group alignwide\"><div class=\"wp-block-group__inner-container is-layout-constrained wp-block-group-is-layout-constrained\">\n\n\n\n\n<figure class=\"wp-block-image size-large is-resized\"><a href=\"https:\/\/ciac.pt\/wp-content\/uploads\/2025\/06\/SUSANA-Costa-23-de-junho-.jpg\"><img decoding=\"async\" width=\"1024\" height=\"768\" data-src=\"https:\/\/ciac.pt\/wp-content\/uploads\/2025\/06\/SUSANA-Costa-23-de-junho--1024x768.jpg\" alt=\"\" class=\"wp-image-11549 lazyload\" style=\"--smush-placeholder-width: 1024px; --smush-placeholder-aspect-ratio: 1024\/768;width:auto;height:300px\" data-srcset=\"https:\/\/ciac.pt\/wp-content\/uploads\/2025\/06\/SUSANA-Costa-23-de-junho--1024x768.jpg 1024w, https:\/\/ciac.pt\/wp-content\/uploads\/2025\/06\/SUSANA-Costa-23-de-junho--300x225.jpg 300w, https:\/\/ciac.pt\/wp-content\/uploads\/2025\/06\/SUSANA-Costa-23-de-junho--768x576.jpg 768w, https:\/\/ciac.pt\/wp-content\/uploads\/2025\/06\/SUSANA-Costa-23-de-junho--1536x1152.jpg 1536w, https:\/\/ciac.pt\/wp-content\/uploads\/2025\/06\/SUSANA-Costa-23-de-junho-.jpg 1620w\" data-sizes=\"(max-width: 1024px) 100vw, 1024px\" src=\"data:image\/svg+xml;base64,PHN2ZyB3aWR0aD0iMSIgaGVpZ2h0PSIxIiB4bWxucz0iaHR0cDovL3d3dy53My5vcmcvMjAwMC9zdmciPjwvc3ZnPg==\" \/><\/a><\/figure>\n\n\n<h1 class=\"wp-block-post-title\">Susana Costa Approved with Distinction in Public Doctoral Defense<\/h1>\n\n<div class=\"wp-block-post-date has-text-color has-cyan-bluish-gray-color\"><time datetime=\"2025-06-24T16:59:00+01:00\">24\/06\/2025<\/time><\/div>\n\n\n<hr class=\"wp-block-separator has-text-color has-white-color has-alpha-channel-opacity has-white-background-color has-background\"\/>\n\n\n\n<p>On June 23, 2025, Susana Raquel Gon\u00e7alves da Costa Mendes da Silva, a researcher at Center for Research in Arts and Communication (CIAC), successfully defended her doctoral thesis entitled <em>IN[THE HATE BOOTH]: Containing Hate Speech in Games and Digital Communities through Citizenship and Digital Literacy<\/em>, within the PhD Programme in Digital Media-Art, specialization in Communication, Culture and Art, at the University of Algarve.<\/p>\n\n\n\n<p>The public defense took place in the Videoconference Room (0.10), in Building 1 of the Gambelas Campus of the University of Algarve, before a jury chaired by Professor Ana Isabel Candeias Dias Soares (FCHS \u2013 UAlg) and composed of the following members:<\/p>\n\n\n\n<ul class=\"wp-block-list\">\n<li>Professor Rui Filipe Fernandes Prada (Instituto Superior T\u00e9cnico, University of Lisbon)<\/li>\n\n\n\n<li>Professor Nelson Troca Zagalo (University of Aveiro)<\/li>\n\n\n\n<li>Professor Mirian Estela Nogueira Tavares (FCHS \u2013 University of Algarve)<\/li>\n\n\n\n<li>Professor Manuel C\u00e9lio de Jesus da Concei\u00e7\u00e3o (FCHS \u2013 University of Algarve)<\/li>\n\n\n\n<li>Professor Francisco Alexandre Lopes Figueiredo Merino (University of Beira Interior)<\/li>\n\n\n\n<li>Professor Pedro Jorge Agostinho Alves da Veiga (Universidade Aberta) <\/li>\n<\/ul>\n\n\n\n<p>Professors Rui Prada and Nelson Zagalo served as the main examiners.<\/p>\n\n\n\n<p>The thesis, approved unanimously with the grade of <em>Very Good<\/em>, with distinction (<em>cum laude<\/em>), focuses on the issue of hate speech in digital societies, proposing a creative and intervention-based approach through the game-installation <em>IN[THE HATE BOOTH]<\/em>.<\/p>\n\n\n\n<p>Developed within a practice-based research methodology, the project combines narrative and participatory strategies with the aim of promoting digital literacy and combating the spread of hate speech in online environments.<\/p>\n\n\n\n<p>The game-installation, also integrated into the PROPS project \u2013 <em>Interactive Narratives Propose Pluralist Discourse<\/em> \u2013 has been presented in various educational and community contexts. One of the most significant examples was its presentation at the Francisco Fernandes Lopes School Cluster in Olh\u00e3o, where it was experienced by several classes from both lower and upper secondary education. Through a pedagogical itinerary and with the support of the school library, students were invited to interact with an immersive environment that simulates the mysterious closure of a web page. In this space, participants explore an interactive fiction challenge that encourages critical reflection on phenomena such as cyberbullying, online harassment, and hate speech.<\/p>\n\n\n\n<p>The work proposes a three-dimensional experience that goes beyond the digital, promoting active public engagement and bringing academic research closer to concrete social issues. The distinction awarded highlights the merit, originality, and impact of this research, which stands out as a relevant contribution to studies in digital media art and to the development of innovative practices of artistic, educational, and social intervention.<\/p>\n\n\n\n<hr class=\"wp-block-separator alignwide has-alpha-channel-opacity is-style-wide separador-mais-info\"\/>\n\n\n<\/div><\/div>\n\n\n\n<p><\/p>\n","protected":false},"excerpt":{"rendered":"<p>On June 23, 2025, Susana Raquel Gon\u00e7alves da Costa Mendes da Silva,<\/p>\n","protected":false},"author":3,"featured_media":11550,"comment_status":"closed","ping_status":"closed","sticky":false,"template":"","format":"standard","meta":{"_eb_attr":"","inline_featured_image":false,"advgb_blocks_editor_width":"","advgb_blocks_columns_visual_guide":"","footnotes":"","_links_to":"","_links_to_target":""},"categories":[61],"tags":[139],"class_list":["post-14006","post","type-post","status-publish","format-standard","has-post-thumbnail","hentry","category-news","tag-dissemination"],"yoast_head":"<!-- This site is optimized with the Yoast SEO plugin v27.4 - https:\/\/yoast.com\/product\/yoast-seo-wordpress\/ -->\n<title>Susana Costa Approved with Distinction in Public Doctoral Defense - CIAC<\/title>\n<meta name=\"robots\" content=\"index, follow, max-snippet:-1, max-image-preview:large, max-video-preview:-1\" \/>\n<link rel=\"canonical\" href=\"https:\/\/ciac.pt\/en\/news\/susana-costa-approved-with-distinction-in-public-doctoral-defense\/\" \/>\n<meta property=\"og:locale\" content=\"en_US\" \/>\n<meta property=\"og:type\" content=\"article\" \/>\n<meta property=\"og:title\" content=\"Susana Costa Approved with Distinction in Public Doctoral Defense - CIAC\" \/>\n<meta property=\"og:description\" content=\"On June 23, 2025, Susana Raquel Gon\u00e7alves da Costa Mendes da Silva,\" \/>\n<meta property=\"og:url\" content=\"https:\/\/ciac.pt\/en\/news\/susana-costa-approved-with-distinction-in-public-doctoral-defense\/\" \/>\n<meta property=\"og:site_name\" content=\"CIAC\" \/>\n<meta property=\"article:published_time\" content=\"2025-06-24T15:59:00+00:00\" \/>\n<meta property=\"article:modified_time\" content=\"2026-03-05T17:00:44+00:00\" \/>\n<meta property=\"og:image\" content=\"https:\/\/ciac.pt\/wp-content\/uploads\/2025\/06\/SUSANA-Costa-23-de-junho-.jpg\" \/>\n\t<meta property=\"og:image:width\" content=\"1620\" \/>\n\t<meta property=\"og:image:height\" content=\"1215\" \/>\n\t<meta property=\"og:image:type\" content=\"image\/jpeg\" \/>\n<meta name=\"author\" content=\"editor1\" \/>\n<meta name=\"twitter:card\" content=\"summary_large_image\" \/>\n<meta name=\"twitter:label1\" content=\"Written by\" \/>\n\t<meta name=\"twitter:data1\" content=\"editor1\" \/>\n\t<meta name=\"twitter:label2\" content=\"Est. reading time\" \/>\n\t<meta name=\"twitter:data2\" content=\"3 minutes\" \/>\n<script type=\"application\/ld+json\" class=\"yoast-schema-graph\">{\"@context\":\"https:\\\/\\\/schema.org\",\"@graph\":[{\"@type\":\"Article\",\"@id\":\"https:\\\/\\\/ciac.pt\\\/en\\\/news\\\/susana-costa-approved-with-distinction-in-public-doctoral-defense\\\/#article\",\"isPartOf\":{\"@id\":\"https:\\\/\\\/ciac.pt\\\/en\\\/news\\\/susana-costa-approved-with-distinction-in-public-doctoral-defense\\\/\"},\"author\":{\"name\":\"editor1\",\"@id\":\"https:\\\/\\\/ciac.pt\\\/en\\\/#\\\/schema\\\/person\\\/3def46b976d3f4c0cdcf7c417cb570be\"},\"headline\":\"Susana Costa Approved with Distinction in Public Doctoral Defense\",\"datePublished\":\"2025-06-24T15:59:00+00:00\",\"dateModified\":\"2026-03-05T17:00:44+00:00\",\"mainEntityOfPage\":{\"@id\":\"https:\\\/\\\/ciac.pt\\\/en\\\/news\\\/susana-costa-approved-with-distinction-in-public-doctoral-defense\\\/\"},\"wordCount\":422,\"publisher\":{\"@id\":\"https:\\\/\\\/ciac.pt\\\/en\\\/#organization\"},\"image\":{\"@id\":\"https:\\\/\\\/ciac.pt\\\/en\\\/news\\\/susana-costa-approved-with-distinction-in-public-doctoral-defense\\\/#primaryimage\"},\"thumbnailUrl\":\"https:\\\/\\\/ciac.pt\\\/wp-content\\\/uploads\\\/2025\\\/06\\\/SUSANA-Costa-23-de-junho-.jpg\",\"keywords\":[\"Dissemination\"],\"articleSection\":[\"News\"],\"inLanguage\":\"en-US\"},{\"@type\":\"WebPage\",\"@id\":\"https:\\\/\\\/ciac.pt\\\/en\\\/news\\\/susana-costa-approved-with-distinction-in-public-doctoral-defense\\\/\",\"url\":\"https:\\\/\\\/ciac.pt\\\/en\\\/news\\\/susana-costa-approved-with-distinction-in-public-doctoral-defense\\\/\",\"name\":\"Susana Costa Approved with Distinction in Public Doctoral Defense - CIAC\",\"isPartOf\":{\"@id\":\"https:\\\/\\\/ciac.pt\\\/en\\\/#website\"},\"primaryImageOfPage\":{\"@id\":\"https:\\\/\\\/ciac.pt\\\/en\\\/news\\\/susana-costa-approved-with-distinction-in-public-doctoral-defense\\\/#primaryimage\"},\"image\":{\"@id\":\"https:\\\/\\\/ciac.pt\\\/en\\\/news\\\/susana-costa-approved-with-distinction-in-public-doctoral-defense\\\/#primaryimage\"},\"thumbnailUrl\":\"https:\\\/\\\/ciac.pt\\\/wp-content\\\/uploads\\\/2025\\\/06\\\/SUSANA-Costa-23-de-junho-.jpg\",\"datePublished\":\"2025-06-24T15:59:00+00:00\",\"dateModified\":\"2026-03-05T17:00:44+00:00\",\"breadcrumb\":{\"@id\":\"https:\\\/\\\/ciac.pt\\\/en\\\/news\\\/susana-costa-approved-with-distinction-in-public-doctoral-defense\\\/#breadcrumb\"},\"inLanguage\":\"en-US\",\"potentialAction\":[{\"@type\":\"ReadAction\",\"target\":[\"https:\\\/\\\/ciac.pt\\\/en\\\/news\\\/susana-costa-approved-with-distinction-in-public-doctoral-defense\\\/\"]}]},{\"@type\":\"ImageObject\",\"inLanguage\":\"en-US\",\"@id\":\"https:\\\/\\\/ciac.pt\\\/en\\\/news\\\/susana-costa-approved-with-distinction-in-public-doctoral-defense\\\/#primaryimage\",\"url\":\"https:\\\/\\\/ciac.pt\\\/wp-content\\\/uploads\\\/2025\\\/06\\\/SUSANA-Costa-23-de-junho-.jpg\",\"contentUrl\":\"https:\\\/\\\/ciac.pt\\\/wp-content\\\/uploads\\\/2025\\\/06\\\/SUSANA-Costa-23-de-junho-.jpg\",\"width\":1620,\"height\":1215},{\"@type\":\"BreadcrumbList\",\"@id\":\"https:\\\/\\\/ciac.pt\\\/en\\\/news\\\/susana-costa-approved-with-distinction-in-public-doctoral-defense\\\/#breadcrumb\",\"itemListElement\":[{\"@type\":\"ListItem\",\"position\":1,\"name\":\"In\u00edcio\",\"item\":\"https:\\\/\\\/ciac.pt\\\/en\\\/\"},{\"@type\":\"ListItem\",\"position\":2,\"name\":\"Susana Costa Approved with Distinction in Public Doctoral Defense\"}]},{\"@type\":\"WebSite\",\"@id\":\"https:\\\/\\\/ciac.pt\\\/en\\\/#website\",\"url\":\"https:\\\/\\\/ciac.pt\\\/en\\\/\",\"name\":\"CIAC\",\"description\":\"Centro de Investiga\u00e7\u00e3o em Artes e Comunica\u00e7\u00e3o\",\"publisher\":{\"@id\":\"https:\\\/\\\/ciac.pt\\\/en\\\/#organization\"},\"potentialAction\":[{\"@type\":\"SearchAction\",\"target\":{\"@type\":\"EntryPoint\",\"urlTemplate\":\"https:\\\/\\\/ciac.pt\\\/en\\\/?s={search_term_string}\"},\"query-input\":{\"@type\":\"PropertyValueSpecification\",\"valueRequired\":true,\"valueName\":\"search_term_string\"}}],\"inLanguage\":\"en-US\"},{\"@type\":\"Organization\",\"@id\":\"https:\\\/\\\/ciac.pt\\\/en\\\/#organization\",\"name\":\"CIAC\",\"url\":\"https:\\\/\\\/ciac.pt\\\/en\\\/\",\"logo\":{\"@type\":\"ImageObject\",\"inLanguage\":\"en-US\",\"@id\":\"https:\\\/\\\/ciac.pt\\\/en\\\/#\\\/schema\\\/logo\\\/image\\\/\",\"url\":\"https:\\\/\\\/ciac.pt\\\/wp-content\\\/uploads\\\/2022\\\/06\\\/logo.svg\",\"contentUrl\":\"https:\\\/\\\/ciac.pt\\\/wp-content\\\/uploads\\\/2022\\\/06\\\/logo.svg\",\"width\":184,\"height\":51,\"caption\":\"CIAC\"},\"image\":{\"@id\":\"https:\\\/\\\/ciac.pt\\\/en\\\/#\\\/schema\\\/logo\\\/image\\\/\"}},{\"@type\":\"Person\",\"@id\":\"https:\\\/\\\/ciac.pt\\\/en\\\/#\\\/schema\\\/person\\\/3def46b976d3f4c0cdcf7c417cb570be\",\"name\":\"editor1\",\"image\":{\"@type\":\"ImageObject\",\"inLanguage\":\"en-US\",\"@id\":\"https:\\\/\\\/secure.gravatar.com\\\/avatar\\\/4d8eb3157f61df03731fd8bf031b56d1d9241759e8f8c07d4d7e51d2f858c821?s=96&d=mm&r=g\",\"url\":\"https:\\\/\\\/secure.gravatar.com\\\/avatar\\\/4d8eb3157f61df03731fd8bf031b56d1d9241759e8f8c07d4d7e51d2f858c821?s=96&d=mm&r=g\",\"contentUrl\":\"https:\\\/\\\/secure.gravatar.com\\\/avatar\\\/4d8eb3157f61df03731fd8bf031b56d1d9241759e8f8c07d4d7e51d2f858c821?s=96&d=mm&r=g\",\"caption\":\"editor1\"},\"url\":\"https:\\\/\\\/ciac.pt\\\/en\\\/author\\\/editor1\\\/\"}]}<\/script>\n<!-- \/ Yoast SEO plugin. -->","yoast_head_json":{"title":"Susana Costa Approved with Distinction in Public Doctoral Defense - CIAC","robots":{"index":"index","follow":"follow","max-snippet":"max-snippet:-1","max-image-preview":"max-image-preview:large","max-video-preview":"max-video-preview:-1"},"canonical":"https:\/\/ciac.pt\/en\/news\/susana-costa-approved-with-distinction-in-public-doctoral-defense\/","og_locale":"en_US","og_type":"article","og_title":"Susana Costa Approved with Distinction in Public Doctoral Defense - CIAC","og_description":"On June 23, 2025, Susana Raquel Gon\u00e7alves da Costa Mendes da Silva,","og_url":"https:\/\/ciac.pt\/en\/news\/susana-costa-approved-with-distinction-in-public-doctoral-defense\/","og_site_name":"CIAC","article_published_time":"2025-06-24T15:59:00+00:00","article_modified_time":"2026-03-05T17:00:44+00:00","og_image":[{"width":1620,"height":1215,"url":"https:\/\/ciac.pt\/wp-content\/uploads\/2025\/06\/SUSANA-Costa-23-de-junho-.jpg","type":"image\/jpeg"}],"author":"editor1","twitter_card":"summary_large_image","twitter_misc":{"Written by":"editor1","Est. reading time":"3 minutes"},"schema":{"@context":"https:\/\/schema.org","@graph":[{"@type":"Article","@id":"https:\/\/ciac.pt\/en\/news\/susana-costa-approved-with-distinction-in-public-doctoral-defense\/#article","isPartOf":{"@id":"https:\/\/ciac.pt\/en\/news\/susana-costa-approved-with-distinction-in-public-doctoral-defense\/"},"author":{"name":"editor1","@id":"https:\/\/ciac.pt\/en\/#\/schema\/person\/3def46b976d3f4c0cdcf7c417cb570be"},"headline":"Susana Costa Approved with Distinction in Public Doctoral Defense","datePublished":"2025-06-24T15:59:00+00:00","dateModified":"2026-03-05T17:00:44+00:00","mainEntityOfPage":{"@id":"https:\/\/ciac.pt\/en\/news\/susana-costa-approved-with-distinction-in-public-doctoral-defense\/"},"wordCount":422,"publisher":{"@id":"https:\/\/ciac.pt\/en\/#organization"},"image":{"@id":"https:\/\/ciac.pt\/en\/news\/susana-costa-approved-with-distinction-in-public-doctoral-defense\/#primaryimage"},"thumbnailUrl":"https:\/\/ciac.pt\/wp-content\/uploads\/2025\/06\/SUSANA-Costa-23-de-junho-.jpg","keywords":["Dissemination"],"articleSection":["News"],"inLanguage":"en-US"},{"@type":"WebPage","@id":"https:\/\/ciac.pt\/en\/news\/susana-costa-approved-with-distinction-in-public-doctoral-defense\/","url":"https:\/\/ciac.pt\/en\/news\/susana-costa-approved-with-distinction-in-public-doctoral-defense\/","name":"Susana Costa Approved with Distinction in Public Doctoral Defense - CIAC","isPartOf":{"@id":"https:\/\/ciac.pt\/en\/#website"},"primaryImageOfPage":{"@id":"https:\/\/ciac.pt\/en\/news\/susana-costa-approved-with-distinction-in-public-doctoral-defense\/#primaryimage"},"image":{"@id":"https:\/\/ciac.pt\/en\/news\/susana-costa-approved-with-distinction-in-public-doctoral-defense\/#primaryimage"},"thumbnailUrl":"https:\/\/ciac.pt\/wp-content\/uploads\/2025\/06\/SUSANA-Costa-23-de-junho-.jpg","datePublished":"2025-06-24T15:59:00+00:00","dateModified":"2026-03-05T17:00:44+00:00","breadcrumb":{"@id":"https:\/\/ciac.pt\/en\/news\/susana-costa-approved-with-distinction-in-public-doctoral-defense\/#breadcrumb"},"inLanguage":"en-US","potentialAction":[{"@type":"ReadAction","target":["https:\/\/ciac.pt\/en\/news\/susana-costa-approved-with-distinction-in-public-doctoral-defense\/"]}]},{"@type":"ImageObject","inLanguage":"en-US","@id":"https:\/\/ciac.pt\/en\/news\/susana-costa-approved-with-distinction-in-public-doctoral-defense\/#primaryimage","url":"https:\/\/ciac.pt\/wp-content\/uploads\/2025\/06\/SUSANA-Costa-23-de-junho-.jpg","contentUrl":"https:\/\/ciac.pt\/wp-content\/uploads\/2025\/06\/SUSANA-Costa-23-de-junho-.jpg","width":1620,"height":1215},{"@type":"BreadcrumbList","@id":"https:\/\/ciac.pt\/en\/news\/susana-costa-approved-with-distinction-in-public-doctoral-defense\/#breadcrumb","itemListElement":[{"@type":"ListItem","position":1,"name":"In\u00edcio","item":"https:\/\/ciac.pt\/en\/"},{"@type":"ListItem","position":2,"name":"Susana Costa Approved with Distinction in Public Doctoral Defense"}]},{"@type":"WebSite","@id":"https:\/\/ciac.pt\/en\/#website","url":"https:\/\/ciac.pt\/en\/","name":"CIAC","description":"Centro de Investiga\u00e7\u00e3o em Artes e Comunica\u00e7\u00e3o","publisher":{"@id":"https:\/\/ciac.pt\/en\/#organization"},"potentialAction":[{"@type":"SearchAction","target":{"@type":"EntryPoint","urlTemplate":"https:\/\/ciac.pt\/en\/?s={search_term_string}"},"query-input":{"@type":"PropertyValueSpecification","valueRequired":true,"valueName":"search_term_string"}}],"inLanguage":"en-US"},{"@type":"Organization","@id":"https:\/\/ciac.pt\/en\/#organization","name":"CIAC","url":"https:\/\/ciac.pt\/en\/","logo":{"@type":"ImageObject","inLanguage":"en-US","@id":"https:\/\/ciac.pt\/en\/#\/schema\/logo\/image\/","url":"https:\/\/ciac.pt\/wp-content\/uploads\/2022\/06\/logo.svg","contentUrl":"https:\/\/ciac.pt\/wp-content\/uploads\/2022\/06\/logo.svg","width":184,"height":51,"caption":"CIAC"},"image":{"@id":"https:\/\/ciac.pt\/en\/#\/schema\/logo\/image\/"}},{"@type":"Person","@id":"https:\/\/ciac.pt\/en\/#\/schema\/person\/3def46b976d3f4c0cdcf7c417cb570be","name":"editor1","image":{"@type":"ImageObject","inLanguage":"en-US","@id":"https:\/\/secure.gravatar.com\/avatar\/4d8eb3157f61df03731fd8bf031b56d1d9241759e8f8c07d4d7e51d2f858c821?s=96&d=mm&r=g","url":"https:\/\/secure.gravatar.com\/avatar\/4d8eb3157f61df03731fd8bf031b56d1d9241759e8f8c07d4d7e51d2f858c821?s=96&d=mm&r=g","contentUrl":"https:\/\/secure.gravatar.com\/avatar\/4d8eb3157f61df03731fd8bf031b56d1d9241759e8f8c07d4d7e51d2f858c821?s=96&d=mm&r=g","caption":"editor1"},"url":"https:\/\/ciac.pt\/en\/author\/editor1\/"}]}},"author_meta":{"display_name":"editor1","author_link":"https:\/\/ciac.pt\/en\/author\/editor1\/"},"featured_img":"https:\/\/ciac.pt\/wp-content\/uploads\/2025\/06\/SUSANA-Costa-23-de-junho--300x225.jpg","coauthors":[],"tax_additional":{"categories":{"linked":["<a href=\"https:\/\/ciac.pt\/en\/.\/news\/\" class=\"advgb-post-tax-term\">News<\/a>"],"unlinked":["<span class=\"advgb-post-tax-term\">News<\/span>"]},"tags":{"linked":["<a href=\"https:\/\/ciac.pt\/en\/.\/news\/\" class=\"advgb-post-tax-term\">Dissemination<\/a>"],"unlinked":["<span class=\"advgb-post-tax-term\">Dissemination<\/span>"]}},"comment_count":0,"relative_dates":{"created":"Posted 10 months ago","modified":"Updated 2 months ago"},"absolute_dates":{"created":"Posted on 24\/06\/2025","modified":"Updated on 05\/03\/2026"},"absolute_dates_time":{"created":"Posted on 24\/06\/2025 16:59","modified":"Updated on 05\/03\/2026 17:00"},"featured_img_caption":"","series_order":"","_links":{"self":[{"href":"https:\/\/ciac.pt\/en\/wp-json\/wp\/v2\/posts\/14006","targetHints":{"allow":["GET"]}}],"collection":[{"href":"https:\/\/ciac.pt\/en\/wp-json\/wp\/v2\/posts"}],"about":[{"href":"https:\/\/ciac.pt\/en\/wp-json\/wp\/v2\/types\/post"}],"author":[{"embeddable":true,"href":"https:\/\/ciac.pt\/en\/wp-json\/wp\/v2\/users\/3"}],"replies":[{"embeddable":true,"href":"https:\/\/ciac.pt\/en\/wp-json\/wp\/v2\/comments?post=14006"}],"version-history":[{"count":1,"href":"https:\/\/ciac.pt\/en\/wp-json\/wp\/v2\/posts\/14006\/revisions"}],"predecessor-version":[{"id":14007,"href":"https:\/\/ciac.pt\/en\/wp-json\/wp\/v2\/posts\/14006\/revisions\/14007"}],"wp:featuredmedia":[{"embeddable":true,"href":"https:\/\/ciac.pt\/en\/wp-json\/wp\/v2\/media\/11550"}],"wp:attachment":[{"href":"https:\/\/ciac.pt\/en\/wp-json\/wp\/v2\/media?parent=14006"}],"wp:term":[{"taxonomy":"category","embeddable":true,"href":"https:\/\/ciac.pt\/en\/wp-json\/wp\/v2\/categories?post=14006"},{"taxonomy":"post_tag","embeddable":true,"href":"https:\/\/ciac.pt\/en\/wp-json\/wp\/v2\/tags?post=14006"}],"curies":[{"name":"wp","href":"https:\/\/api.w.org\/{rel}","templated":true}]}}