{"id":14635,"date":"2026-04-28T04:24:19","date_gmt":"2026-04-28T03:24:19","guid":{"rendered":"https:\/\/ciac.pt\/?p=14635"},"modified":"2026-04-28T19:40:34","modified_gmt":"2026-04-28T18:40:34","slug":"4th-international-counter-image-conference-to-take-place-in-november-at-the-university-of-algarve-with-call-for-papers-open-until-25-may","status":"publish","type":"post","link":"https:\/\/ciac.pt\/en\/news\/4th-international-counter-image-conference-to-take-place-in-november-at-the-university-of-algarve-with-call-for-papers-open-until-25-may\/","title":{"rendered":"4th International Counter-Image Conference to take place in November at the University of Algarve, with call for papers open until 25 May"},"content":{"rendered":"\n\n\n\n<figure class=\"wp-block-image size-full is-resized\"><img decoding=\"async\" width=\"595\" height=\"842\" data-src=\"https:\/\/ciac.pt\/wp-content\/uploads\/2026\/04\/cartaz_counterimage2026-EN.jpg\" alt=\"\" class=\"wp-image-14637 lazyload\" style=\"--smush-placeholder-width: 595px; --smush-placeholder-aspect-ratio: 595\/842;width:400px\" data-srcset=\"https:\/\/ciac.pt\/wp-content\/uploads\/2026\/04\/cartaz_counterimage2026-EN.jpg 595w, https:\/\/ciac.pt\/wp-content\/uploads\/2026\/04\/cartaz_counterimage2026-EN-212x300.jpg 212w\" data-sizes=\"(max-width: 595px) 100vw, 595px\" src=\"data:image\/svg+xml;base64,PHN2ZyB3aWR0aD0iMSIgaGVpZ2h0PSIxIiB4bWxucz0iaHR0cDovL3d3dy53My5vcmcvMjAwMC9zdmciPjwvc3ZnPg==\" \/><\/figure>\n\n\n<h2 class=\"wp-block-post-title\">4th International Counter-Image Conference to take place in November at the University of Algarve, with call for papers open until 25 May<\/h2>\n\n<div class=\"wp-block-post-date\"><time datetime=\"2026-04-28T04:24:19+01:00\">28\/04\/2026<\/time><\/div>\n\n\n<hr class=\"wp-block-separator has-alpha-channel-opacity\"\/>\n\n\n\n<p>The University of Algarve will host the 4th International Counter-Image Conference from 18 to 20 November 2026. Under the theme <em>\u201cHow to Speak With\/As the Earth? Situated Knowledges, Methods for Unnaming, and Threshold Visions\u201d<\/em>, the event is jointly organised by NOVA University Lisbon and CIAC \u2013 the Research Centre for Arts and Communication at the University of Algarve. The conference will bring together researchers, artists, activists, and essayists for an interdisciplinary discussion on ecology, representation, coloniality, and forms of knowledge.<\/p>\n\n\n\n<p>Responding to the urgent need to rethink relationships between humanity, territory, and the planet in a time of ecological crisis, the conference invites critical reflection on modes of knowledge and representation that move beyond anthropocentric, extractivist, and colonial paradigms. Rather than speaking \u201cabout\u201d the Earth, Counter-Image challenges participants to think and create \u201cwith\u201d the Earth, exploring it as an ontological, epistemological, and aesthetic condition.<\/p>\n\n\n\n<p>The call for submissions is open until 25 May 2026. Applicants will be notified of the selection results by 30 June, and the conference will take place from 18 to 20 November in Faro, Portugal. Proposals may be submitted in Portuguese, Spanish, or English, and should include an abstract or descriptive statement of up to 300 words, accompanied by a short biographical note of up to 100 words. Submissions should be sent to <a>counterimageconference@fcsh.unl.pt<\/a>.<\/p>\n\n\n\n<p>Proposals are invited in three formats: academic papers, artistic interventions \u2014 including performances and poetry readings \u2014 and participatory formats such as discussion circles, workshops, listening walks, and affective cartographies.<\/p>\n\n\n\n<p>The conference is structured around three main thematic strands: <strong>Situated Knowledges<\/strong>, focusing on relational, decolonial, and multispecies epistemologies; <strong>Unnaming Methods<\/strong>, dedicated to methodological experimentation, geo-aesthetics, and artistic practices that challenge colonial taxonomies; and <strong>Visions from the Threshold<\/strong>, which explores ways of thinking and creating across worlds, temporalities, and species.<\/p>\n\n\n\n<p>Confirmed keynote speakers include Gabriela Milone and Franca Maccioni, from the National University of C\u00f3rdoba, Argentina, and Felipe Milanez, from the Federal University of Bahia, Brazil. Their work has made significant contributions to contemporary debates on decolonial ecologies, cosmopolitics, and the relationships between art, territory, and politics.<\/p>\n\n\n\n<p>The scientific and executive organisation brings together scholars from several national and international institutions. Representing CIAC, the conference organisation includes researcher S\u00edlvia Leiria Viegas, alongside In\u00eas Beleza Barreiros, Liliana Coutinho, Maria do Carmo Pi\u00e7arra, Salom\u00e9 Lopes Coelho, Teresa Castro, and Teresa Mendes Flores.<\/p>\n\n\n\n<p>The 4th Counter-Image Conference thus positions itself as a space for encounter and critical experimentation, fostering new ways of thinking, sensing, and representing the Earth through situated, plural, and transformative perspectives.<\/p>\n\n\n\n<p>This event is funded by national funds through Foundation for Science and Technology under the following Projects: ICNOVA UID\/5021\/2025 (DOI:10.54499\/UID\/05021\/2025), CIAC UID\/04019\/2025 (DOI:10.54499\/UID\/04019\/2025) e UID\/PRR\/04019\/2025 (DOI:10.54499\/UID\/PRR\/04019\/2025), IHC UID\/04209\/2025 (DOI: 10.54499\/UID\/04209\/2025) and LA\/P\/0132\/2020 (DOI: 10.54499\/LA\/P\/0132\/2020).<\/p>\n\n\n\n<div data-wp-interactive=\"core\/file\" class=\"wp-block-file\"><object data-wp-bind--hidden=\"!state.hasPdfPreview\" hidden class=\"wp-block-file__embed\" data=\"https:\/\/ciac.pt\/wp-content\/uploads\/2026\/04\/call_counterimage2026-EN-1.pdf\" type=\"application\/pdf\" style=\"width:100%;height:600px\" aria-label=\"Embed of call_counterimage2026-EN-1.\"><\/object><a id=\"wp-block-file--media-aa2f5ef7-ba67-4a28-9523-2850c8a85b61\" href=\"https:\/\/ciac.pt\/wp-content\/uploads\/2026\/04\/call_counterimage2026-EN-1.pdf\">call_counterimage2026-EN-1<\/a><a href=\"https:\/\/ciac.pt\/wp-content\/uploads\/2026\/04\/call_counterimage2026-EN-1.pdf\" class=\"wp-block-file__button wp-element-button\" download aria-describedby=\"wp-block-file--media-aa2f5ef7-ba67-4a28-9523-2850c8a85b61\">Descarregar<\/a><\/div>\n","protected":false},"excerpt":{"rendered":"<p>The University of Algarve will host the 4th International Counter-Image Conference from<\/p>\n","protected":false},"author":3,"featured_media":14630,"comment_status":"closed","ping_status":"closed","sticky":false,"template":"","format":"standard","meta":{"_eb_attr":"","inline_featured_image":false,"advgb_blocks_editor_width":"","advgb_blocks_columns_visual_guide":"","footnotes":"","_links_to":"","_links_to_target":""},"categories":[61],"tags":[139],"class_list":["post-14635","post","type-post","status-publish","format-standard","has-post-thumbnail","hentry","category-news","tag-dissemination"],"yoast_head":"<!-- This site is optimized with the Yoast SEO plugin v27.4 - https:\/\/yoast.com\/product\/yoast-seo-wordpress\/ -->\n<title>4th International Counter-Image Conference to take place in November at the University of Algarve, with call for papers open until 25 May - CIAC<\/title>\n<meta name=\"robots\" content=\"index, follow, max-snippet:-1, max-image-preview:large, max-video-preview:-1\" \/>\n<link rel=\"canonical\" href=\"https:\/\/ciac.pt\/en\/news\/4th-international-counter-image-conference-to-take-place-in-november-at-the-university-of-algarve-with-call-for-papers-open-until-25-may\/\" \/>\n<meta property=\"og:locale\" content=\"en_US\" \/>\n<meta property=\"og:type\" content=\"article\" \/>\n<meta property=\"og:title\" content=\"4th International Counter-Image Conference to take place in November at the University of Algarve, with call for papers open until 25 May - CIAC\" \/>\n<meta property=\"og:description\" content=\"The University of Algarve will host the 4th International Counter-Image Conference from\" \/>\n<meta property=\"og:url\" content=\"https:\/\/ciac.pt\/en\/news\/4th-international-counter-image-conference-to-take-place-in-november-at-the-university-of-algarve-with-call-for-papers-open-until-25-may\/\" \/>\n<meta property=\"og:site_name\" content=\"CIAC\" \/>\n<meta property=\"article:published_time\" content=\"2026-04-28T03:24:19+00:00\" \/>\n<meta property=\"article:modified_time\" content=\"2026-04-28T18:40:34+00:00\" \/>\n<meta property=\"og:image\" content=\"https:\/\/ciac.pt\/wp-content\/uploads\/2026\/04\/Untitled-1-12.jpg\" \/>\n\t<meta property=\"og:image:width\" content=\"1620\" \/>\n\t<meta property=\"og:image:height\" content=\"1215\" \/>\n\t<meta property=\"og:image:type\" content=\"image\/jpeg\" \/>\n<meta name=\"author\" content=\"editor1\" \/>\n<meta name=\"twitter:card\" content=\"summary_large_image\" \/>\n<meta name=\"twitter:label1\" content=\"Written by\" \/>\n\t<meta name=\"twitter:data1\" content=\"editor1\" \/>\n\t<meta name=\"twitter:label2\" content=\"Est. reading time\" \/>\n\t<meta name=\"twitter:data2\" content=\"3 minutes\" \/>\n<script type=\"application\/ld+json\" class=\"yoast-schema-graph\">{\"@context\":\"https:\\\/\\\/schema.org\",\"@graph\":[{\"@type\":\"Article\",\"@id\":\"https:\\\/\\\/ciac.pt\\\/en\\\/news\\\/4th-international-counter-image-conference-to-take-place-in-november-at-the-university-of-algarve-with-call-for-papers-open-until-25-may\\\/#article\",\"isPartOf\":{\"@id\":\"https:\\\/\\\/ciac.pt\\\/en\\\/news\\\/4th-international-counter-image-conference-to-take-place-in-november-at-the-university-of-algarve-with-call-for-papers-open-until-25-may\\\/\"},\"author\":{\"name\":\"editor1\",\"@id\":\"https:\\\/\\\/ciac.pt\\\/en\\\/#\\\/schema\\\/person\\\/3def46b976d3f4c0cdcf7c417cb570be\"},\"headline\":\"4th International Counter-Image Conference to take place in November at the University of Algarve, with call for papers open until 25 May\",\"datePublished\":\"2026-04-28T03:24:19+00:00\",\"dateModified\":\"2026-04-28T18:40:34+00:00\",\"mainEntityOfPage\":{\"@id\":\"https:\\\/\\\/ciac.pt\\\/en\\\/news\\\/4th-international-counter-image-conference-to-take-place-in-november-at-the-university-of-algarve-with-call-for-papers-open-until-25-may\\\/\"},\"wordCount\":482,\"publisher\":{\"@id\":\"https:\\\/\\\/ciac.pt\\\/en\\\/#organization\"},\"image\":{\"@id\":\"https:\\\/\\\/ciac.pt\\\/en\\\/news\\\/4th-international-counter-image-conference-to-take-place-in-november-at-the-university-of-algarve-with-call-for-papers-open-until-25-may\\\/#primaryimage\"},\"thumbnailUrl\":\"https:\\\/\\\/ciac.pt\\\/wp-content\\\/uploads\\\/2026\\\/04\\\/Untitled-1-12.jpg\",\"keywords\":[\"Dissemination\"],\"articleSection\":[\"News\"],\"inLanguage\":\"en-US\"},{\"@type\":\"WebPage\",\"@id\":\"https:\\\/\\\/ciac.pt\\\/en\\\/news\\\/4th-international-counter-image-conference-to-take-place-in-november-at-the-university-of-algarve-with-call-for-papers-open-until-25-may\\\/\",\"url\":\"https:\\\/\\\/ciac.pt\\\/en\\\/news\\\/4th-international-counter-image-conference-to-take-place-in-november-at-the-university-of-algarve-with-call-for-papers-open-until-25-may\\\/\",\"name\":\"4th International Counter-Image Conference to take place in November at the University of Algarve, with call for papers open until 25 May - CIAC\",\"isPartOf\":{\"@id\":\"https:\\\/\\\/ciac.pt\\\/en\\\/#website\"},\"primaryImageOfPage\":{\"@id\":\"https:\\\/\\\/ciac.pt\\\/en\\\/news\\\/4th-international-counter-image-conference-to-take-place-in-november-at-the-university-of-algarve-with-call-for-papers-open-until-25-may\\\/#primaryimage\"},\"image\":{\"@id\":\"https:\\\/\\\/ciac.pt\\\/en\\\/news\\\/4th-international-counter-image-conference-to-take-place-in-november-at-the-university-of-algarve-with-call-for-papers-open-until-25-may\\\/#primaryimage\"},\"thumbnailUrl\":\"https:\\\/\\\/ciac.pt\\\/wp-content\\\/uploads\\\/2026\\\/04\\\/Untitled-1-12.jpg\",\"datePublished\":\"2026-04-28T03:24:19+00:00\",\"dateModified\":\"2026-04-28T18:40:34+00:00\",\"breadcrumb\":{\"@id\":\"https:\\\/\\\/ciac.pt\\\/en\\\/news\\\/4th-international-counter-image-conference-to-take-place-in-november-at-the-university-of-algarve-with-call-for-papers-open-until-25-may\\\/#breadcrumb\"},\"inLanguage\":\"en-US\",\"potentialAction\":[{\"@type\":\"ReadAction\",\"target\":[\"https:\\\/\\\/ciac.pt\\\/en\\\/news\\\/4th-international-counter-image-conference-to-take-place-in-november-at-the-university-of-algarve-with-call-for-papers-open-until-25-may\\\/\"]}]},{\"@type\":\"ImageObject\",\"inLanguage\":\"en-US\",\"@id\":\"https:\\\/\\\/ciac.pt\\\/en\\\/news\\\/4th-international-counter-image-conference-to-take-place-in-november-at-the-university-of-algarve-with-call-for-papers-open-until-25-may\\\/#primaryimage\",\"url\":\"https:\\\/\\\/ciac.pt\\\/wp-content\\\/uploads\\\/2026\\\/04\\\/Untitled-1-12.jpg\",\"contentUrl\":\"https:\\\/\\\/ciac.pt\\\/wp-content\\\/uploads\\\/2026\\\/04\\\/Untitled-1-12.jpg\",\"width\":1620,\"height\":1215},{\"@type\":\"BreadcrumbList\",\"@id\":\"https:\\\/\\\/ciac.pt\\\/en\\\/news\\\/4th-international-counter-image-conference-to-take-place-in-november-at-the-university-of-algarve-with-call-for-papers-open-until-25-may\\\/#breadcrumb\",\"itemListElement\":[{\"@type\":\"ListItem\",\"position\":1,\"name\":\"In\u00edcio\",\"item\":\"https:\\\/\\\/ciac.pt\\\/en\\\/\"},{\"@type\":\"ListItem\",\"position\":2,\"name\":\"4th International Counter-Image Conference to take place in November at the University of Algarve, with call for papers open until 25 May\"}]},{\"@type\":\"WebSite\",\"@id\":\"https:\\\/\\\/ciac.pt\\\/en\\\/#website\",\"url\":\"https:\\\/\\\/ciac.pt\\\/en\\\/\",\"name\":\"CIAC\",\"description\":\"Centro de Investiga\u00e7\u00e3o em Artes e Comunica\u00e7\u00e3o\",\"publisher\":{\"@id\":\"https:\\\/\\\/ciac.pt\\\/en\\\/#organization\"},\"potentialAction\":[{\"@type\":\"SearchAction\",\"target\":{\"@type\":\"EntryPoint\",\"urlTemplate\":\"https:\\\/\\\/ciac.pt\\\/en\\\/?s={search_term_string}\"},\"query-input\":{\"@type\":\"PropertyValueSpecification\",\"valueRequired\":true,\"valueName\":\"search_term_string\"}}],\"inLanguage\":\"en-US\"},{\"@type\":\"Organization\",\"@id\":\"https:\\\/\\\/ciac.pt\\\/en\\\/#organization\",\"name\":\"CIAC\",\"url\":\"https:\\\/\\\/ciac.pt\\\/en\\\/\",\"logo\":{\"@type\":\"ImageObject\",\"inLanguage\":\"en-US\",\"@id\":\"https:\\\/\\\/ciac.pt\\\/en\\\/#\\\/schema\\\/logo\\\/image\\\/\",\"url\":\"https:\\\/\\\/ciac.pt\\\/wp-content\\\/uploads\\\/2022\\\/06\\\/logo.svg\",\"contentUrl\":\"https:\\\/\\\/ciac.pt\\\/wp-content\\\/uploads\\\/2022\\\/06\\\/logo.svg\",\"width\":184,\"height\":51,\"caption\":\"CIAC\"},\"image\":{\"@id\":\"https:\\\/\\\/ciac.pt\\\/en\\\/#\\\/schema\\\/logo\\\/image\\\/\"}},{\"@type\":\"Person\",\"@id\":\"https:\\\/\\\/ciac.pt\\\/en\\\/#\\\/schema\\\/person\\\/3def46b976d3f4c0cdcf7c417cb570be\",\"name\":\"editor1\",\"image\":{\"@type\":\"ImageObject\",\"inLanguage\":\"en-US\",\"@id\":\"https:\\\/\\\/secure.gravatar.com\\\/avatar\\\/4d8eb3157f61df03731fd8bf031b56d1d9241759e8f8c07d4d7e51d2f858c821?s=96&d=mm&r=g\",\"url\":\"https:\\\/\\\/secure.gravatar.com\\\/avatar\\\/4d8eb3157f61df03731fd8bf031b56d1d9241759e8f8c07d4d7e51d2f858c821?s=96&d=mm&r=g\",\"contentUrl\":\"https:\\\/\\\/secure.gravatar.com\\\/avatar\\\/4d8eb3157f61df03731fd8bf031b56d1d9241759e8f8c07d4d7e51d2f858c821?s=96&d=mm&r=g\",\"caption\":\"editor1\"},\"url\":\"https:\\\/\\\/ciac.pt\\\/en\\\/author\\\/editor1\\\/\"}]}<\/script>\n<!-- \/ Yoast SEO plugin. -->","yoast_head_json":{"title":"4th International Counter-Image Conference to take place in November at the University of Algarve, with call for papers open until 25 May - CIAC","robots":{"index":"index","follow":"follow","max-snippet":"max-snippet:-1","max-image-preview":"max-image-preview:large","max-video-preview":"max-video-preview:-1"},"canonical":"https:\/\/ciac.pt\/en\/news\/4th-international-counter-image-conference-to-take-place-in-november-at-the-university-of-algarve-with-call-for-papers-open-until-25-may\/","og_locale":"en_US","og_type":"article","og_title":"4th International Counter-Image Conference to take place in November at the University of Algarve, with call for papers open until 25 May - CIAC","og_description":"The University of Algarve will host the 4th International Counter-Image Conference from","og_url":"https:\/\/ciac.pt\/en\/news\/4th-international-counter-image-conference-to-take-place-in-november-at-the-university-of-algarve-with-call-for-papers-open-until-25-may\/","og_site_name":"CIAC","article_published_time":"2026-04-28T03:24:19+00:00","article_modified_time":"2026-04-28T18:40:34+00:00","og_image":[{"width":1620,"height":1215,"url":"https:\/\/ciac.pt\/wp-content\/uploads\/2026\/04\/Untitled-1-12.jpg","type":"image\/jpeg"}],"author":"editor1","twitter_card":"summary_large_image","twitter_misc":{"Written by":"editor1","Est. reading time":"3 minutes"},"schema":{"@context":"https:\/\/schema.org","@graph":[{"@type":"Article","@id":"https:\/\/ciac.pt\/en\/news\/4th-international-counter-image-conference-to-take-place-in-november-at-the-university-of-algarve-with-call-for-papers-open-until-25-may\/#article","isPartOf":{"@id":"https:\/\/ciac.pt\/en\/news\/4th-international-counter-image-conference-to-take-place-in-november-at-the-university-of-algarve-with-call-for-papers-open-until-25-may\/"},"author":{"name":"editor1","@id":"https:\/\/ciac.pt\/en\/#\/schema\/person\/3def46b976d3f4c0cdcf7c417cb570be"},"headline":"4th International Counter-Image Conference to take place in November at the University of Algarve, with call for papers open until 25 May","datePublished":"2026-04-28T03:24:19+00:00","dateModified":"2026-04-28T18:40:34+00:00","mainEntityOfPage":{"@id":"https:\/\/ciac.pt\/en\/news\/4th-international-counter-image-conference-to-take-place-in-november-at-the-university-of-algarve-with-call-for-papers-open-until-25-may\/"},"wordCount":482,"publisher":{"@id":"https:\/\/ciac.pt\/en\/#organization"},"image":{"@id":"https:\/\/ciac.pt\/en\/news\/4th-international-counter-image-conference-to-take-place-in-november-at-the-university-of-algarve-with-call-for-papers-open-until-25-may\/#primaryimage"},"thumbnailUrl":"https:\/\/ciac.pt\/wp-content\/uploads\/2026\/04\/Untitled-1-12.jpg","keywords":["Dissemination"],"articleSection":["News"],"inLanguage":"en-US"},{"@type":"WebPage","@id":"https:\/\/ciac.pt\/en\/news\/4th-international-counter-image-conference-to-take-place-in-november-at-the-university-of-algarve-with-call-for-papers-open-until-25-may\/","url":"https:\/\/ciac.pt\/en\/news\/4th-international-counter-image-conference-to-take-place-in-november-at-the-university-of-algarve-with-call-for-papers-open-until-25-may\/","name":"4th International Counter-Image Conference to take place in November at the University of Algarve, with call for papers open until 25 May - CIAC","isPartOf":{"@id":"https:\/\/ciac.pt\/en\/#website"},"primaryImageOfPage":{"@id":"https:\/\/ciac.pt\/en\/news\/4th-international-counter-image-conference-to-take-place-in-november-at-the-university-of-algarve-with-call-for-papers-open-until-25-may\/#primaryimage"},"image":{"@id":"https:\/\/ciac.pt\/en\/news\/4th-international-counter-image-conference-to-take-place-in-november-at-the-university-of-algarve-with-call-for-papers-open-until-25-may\/#primaryimage"},"thumbnailUrl":"https:\/\/ciac.pt\/wp-content\/uploads\/2026\/04\/Untitled-1-12.jpg","datePublished":"2026-04-28T03:24:19+00:00","dateModified":"2026-04-28T18:40:34+00:00","breadcrumb":{"@id":"https:\/\/ciac.pt\/en\/news\/4th-international-counter-image-conference-to-take-place-in-november-at-the-university-of-algarve-with-call-for-papers-open-until-25-may\/#breadcrumb"},"inLanguage":"en-US","potentialAction":[{"@type":"ReadAction","target":["https:\/\/ciac.pt\/en\/news\/4th-international-counter-image-conference-to-take-place-in-november-at-the-university-of-algarve-with-call-for-papers-open-until-25-may\/"]}]},{"@type":"ImageObject","inLanguage":"en-US","@id":"https:\/\/ciac.pt\/en\/news\/4th-international-counter-image-conference-to-take-place-in-november-at-the-university-of-algarve-with-call-for-papers-open-until-25-may\/#primaryimage","url":"https:\/\/ciac.pt\/wp-content\/uploads\/2026\/04\/Untitled-1-12.jpg","contentUrl":"https:\/\/ciac.pt\/wp-content\/uploads\/2026\/04\/Untitled-1-12.jpg","width":1620,"height":1215},{"@type":"BreadcrumbList","@id":"https:\/\/ciac.pt\/en\/news\/4th-international-counter-image-conference-to-take-place-in-november-at-the-university-of-algarve-with-call-for-papers-open-until-25-may\/#breadcrumb","itemListElement":[{"@type":"ListItem","position":1,"name":"In\u00edcio","item":"https:\/\/ciac.pt\/en\/"},{"@type":"ListItem","position":2,"name":"4th International Counter-Image Conference to take place in November at the University of Algarve, with call for papers open until 25 May"}]},{"@type":"WebSite","@id":"https:\/\/ciac.pt\/en\/#website","url":"https:\/\/ciac.pt\/en\/","name":"CIAC","description":"Centro de Investiga\u00e7\u00e3o em Artes e Comunica\u00e7\u00e3o","publisher":{"@id":"https:\/\/ciac.pt\/en\/#organization"},"potentialAction":[{"@type":"SearchAction","target":{"@type":"EntryPoint","urlTemplate":"https:\/\/ciac.pt\/en\/?s={search_term_string}"},"query-input":{"@type":"PropertyValueSpecification","valueRequired":true,"valueName":"search_term_string"}}],"inLanguage":"en-US"},{"@type":"Organization","@id":"https:\/\/ciac.pt\/en\/#organization","name":"CIAC","url":"https:\/\/ciac.pt\/en\/","logo":{"@type":"ImageObject","inLanguage":"en-US","@id":"https:\/\/ciac.pt\/en\/#\/schema\/logo\/image\/","url":"https:\/\/ciac.pt\/wp-content\/uploads\/2022\/06\/logo.svg","contentUrl":"https:\/\/ciac.pt\/wp-content\/uploads\/2022\/06\/logo.svg","width":184,"height":51,"caption":"CIAC"},"image":{"@id":"https:\/\/ciac.pt\/en\/#\/schema\/logo\/image\/"}},{"@type":"Person","@id":"https:\/\/ciac.pt\/en\/#\/schema\/person\/3def46b976d3f4c0cdcf7c417cb570be","name":"editor1","image":{"@type":"ImageObject","inLanguage":"en-US","@id":"https:\/\/secure.gravatar.com\/avatar\/4d8eb3157f61df03731fd8bf031b56d1d9241759e8f8c07d4d7e51d2f858c821?s=96&d=mm&r=g","url":"https:\/\/secure.gravatar.com\/avatar\/4d8eb3157f61df03731fd8bf031b56d1d9241759e8f8c07d4d7e51d2f858c821?s=96&d=mm&r=g","contentUrl":"https:\/\/secure.gravatar.com\/avatar\/4d8eb3157f61df03731fd8bf031b56d1d9241759e8f8c07d4d7e51d2f858c821?s=96&d=mm&r=g","caption":"editor1"},"url":"https:\/\/ciac.pt\/en\/author\/editor1\/"}]}},"author_meta":{"display_name":"editor1","author_link":"https:\/\/ciac.pt\/en\/author\/editor1\/"},"featured_img":"https:\/\/ciac.pt\/wp-content\/uploads\/2026\/04\/Untitled-1-12-300x225.jpg","coauthors":[],"tax_additional":{"categories":{"linked":["<a href=\"https:\/\/ciac.pt\/en\/.\/news\/\" class=\"advgb-post-tax-term\">News<\/a>"],"unlinked":["<span class=\"advgb-post-tax-term\">News<\/span>"]},"tags":{"linked":["<a href=\"https:\/\/ciac.pt\/en\/.\/news\/\" class=\"advgb-post-tax-term\">Dissemination<\/a>"],"unlinked":["<span class=\"advgb-post-tax-term\">Dissemination<\/span>"]}},"comment_count":0,"relative_dates":{"created":"Posted 2 days ago","modified":"Updated 2 days ago"},"absolute_dates":{"created":"Posted on 28\/04\/2026","modified":"Updated on 28\/04\/2026"},"absolute_dates_time":{"created":"Posted on 28\/04\/2026 4:24","modified":"Updated on 28\/04\/2026 19:40"},"featured_img_caption":"","series_order":"","_links":{"self":[{"href":"https:\/\/ciac.pt\/en\/wp-json\/wp\/v2\/posts\/14635","targetHints":{"allow":["GET"]}}],"collection":[{"href":"https:\/\/ciac.pt\/en\/wp-json\/wp\/v2\/posts"}],"about":[{"href":"https:\/\/ciac.pt\/en\/wp-json\/wp\/v2\/types\/post"}],"author":[{"embeddable":true,"href":"https:\/\/ciac.pt\/en\/wp-json\/wp\/v2\/users\/3"}],"replies":[{"embeddable":true,"href":"https:\/\/ciac.pt\/en\/wp-json\/wp\/v2\/comments?post=14635"}],"version-history":[{"count":2,"href":"https:\/\/ciac.pt\/en\/wp-json\/wp\/v2\/posts\/14635\/revisions"}],"predecessor-version":[{"id":14654,"href":"https:\/\/ciac.pt\/en\/wp-json\/wp\/v2\/posts\/14635\/revisions\/14654"}],"wp:featuredmedia":[{"embeddable":true,"href":"https:\/\/ciac.pt\/en\/wp-json\/wp\/v2\/media\/14630"}],"wp:attachment":[{"href":"https:\/\/ciac.pt\/en\/wp-json\/wp\/v2\/media?parent=14635"}],"wp:term":[{"taxonomy":"category","embeddable":true,"href":"https:\/\/ciac.pt\/en\/wp-json\/wp\/v2\/categories?post=14635"},{"taxonomy":"post_tag","embeddable":true,"href":"https:\/\/ciac.pt\/en\/wp-json\/wp\/v2\/tags?post=14635"}],"curies":[{"name":"wp","href":"https:\/\/api.w.org\/{rel}","templated":true}]}}