{"id":14655,"date":"2026-04-28T19:52:35","date_gmt":"2026-04-28T18:52:35","guid":{"rendered":"https:\/\/ciac.pt\/?p=14655"},"modified":"2026-04-29T18:05:49","modified_gmt":"2026-04-29T17:05:49","slug":"communication-about-climate-changes-will-be-the-subject-of-the-communication-sciences-seminar","status":"publish","type":"post","link":"https:\/\/ciac.pt\/en\/news\/communication-about-climate-changes-will-be-the-subject-of-the-communication-sciences-seminar\/","title":{"rendered":"Communication about climate changes will be the subject of the Communication Sciences Seminar"},"content":{"rendered":"\n\n\n\n<figure class=\"wp-block-image size-full is-resized\"><img decoding=\"async\" width=\"1754\" height=\"2480\" data-src=\"https:\/\/ciac.pt\/wp-content\/uploads\/2026\/04\/Cartaz-Seminarios-de-Ciencias-da-Comunicacao-25-26-04-3-Web-1.jpg\" alt=\"\" class=\"wp-image-14659 lazyload\" style=\"--smush-placeholder-width: 1754px; --smush-placeholder-aspect-ratio: 1754\/2480;width:400px\" data-srcset=\"https:\/\/ciac.pt\/wp-content\/uploads\/2026\/04\/Cartaz-Seminarios-de-Ciencias-da-Comunicacao-25-26-04-3-Web-1.jpg 1754w, https:\/\/ciac.pt\/wp-content\/uploads\/2026\/04\/Cartaz-Seminarios-de-Ciencias-da-Comunicacao-25-26-04-3-Web-1-212x300.jpg 212w, https:\/\/ciac.pt\/wp-content\/uploads\/2026\/04\/Cartaz-Seminarios-de-Ciencias-da-Comunicacao-25-26-04-3-Web-1-724x1024.jpg 724w, https:\/\/ciac.pt\/wp-content\/uploads\/2026\/04\/Cartaz-Seminarios-de-Ciencias-da-Comunicacao-25-26-04-3-Web-1-768x1086.jpg 768w, https:\/\/ciac.pt\/wp-content\/uploads\/2026\/04\/Cartaz-Seminarios-de-Ciencias-da-Comunicacao-25-26-04-3-Web-1-1086x1536.jpg 1086w, https:\/\/ciac.pt\/wp-content\/uploads\/2026\/04\/Cartaz-Seminarios-de-Ciencias-da-Comunicacao-25-26-04-3-Web-1-1448x2048.jpg 1448w\" data-sizes=\"(max-width: 1754px) 100vw, 1754px\" src=\"data:image\/svg+xml;base64,PHN2ZyB3aWR0aD0iMSIgaGVpZ2h0PSIxIiB4bWxucz0iaHR0cDovL3d3dy53My5vcmcvMjAwMC9zdmciPjwvc3ZnPg==\" \/><\/figure>\n\n\n<h2 class=\"wp-block-post-title\">Communication about climate changes will be the subject of the Communication Sciences Seminar<\/h2>\n\n<div class=\"wp-block-post-date\"><time datetime=\"2026-04-28T19:52:35+01:00\">28\/04\/2026<\/time><\/div>\n\n\n<hr class=\"wp-block-separator has-alpha-channel-opacity\"\/>\n\n\n\n<p>Rogelio Fern\u00e1ndez Reyes, professor at the Faculty of Communication of the University of Seville, will give a lecture titled\u00a0<em>\u201cThe challenge of communicating climate change\u201d<\/em>\u00a0at the upcoming Communication Sciences Seminar. The event will take place on 30 April 2026, at 2:30 pm, in Amphitheatre 0.5 of the Pedagogical Complex on the Penha campus.<\/p>\n\n\n\n<p>Climate change is considered one of the main challenges facing humanity. This raises the question: how is this topic addressed quantitatively? And qualitatively? To analyse the evolution of climate change coverage, the professor uses as a reference the Media and Climate Change Observatory of the University of Colorado.<\/p>\n\n\n\n<p>For the qualitative analysis, the starting point is the conviction that climate change represents a shared challenge that requires a collective response. It is therefore necessary to involve all sectors of society. If the goal is to reach different types of audiences in order to promote climate action, communication must consider their values. Thus, the lecture will discuss how to communicate climate change while taking into account the specific characteristics of each audience.<\/p>\n\n\n\n<p>This seminar, co-organised by CIAC professors and researchers Ana Filipa Martins and Bruno Mendes da Silva, within the curricular unit of History of the Media of the 1st year of the Communication Sciences degree, is open to the community. The event is supported by national funds through FCT \u2013 Funda\u00e7\u00e3o para a Ci\u00eancia e a Tecnologia, I.P., under the project \u00abUID\/04019\/2025 \u2013 CIAC\u00bb DOI: 10.54499\/UID\/04019\/2025.<\/p>\n","protected":false},"excerpt":{"rendered":"<p>Rogelio Fern\u00e1ndez Reyes, professor at the Faculty of Communication of the University<\/p>\n","protected":false},"author":3,"featured_media":14646,"comment_status":"closed","ping_status":"closed","sticky":false,"template":"","format":"standard","meta":{"_eb_attr":"","inline_featured_image":false,"advgb_blocks_editor_width":"","advgb_blocks_columns_visual_guide":"","footnotes":"","_links_to":"","_links_to_target":""},"categories":[61],"tags":[139],"class_list":["post-14655","post","type-post","status-publish","format-standard","has-post-thumbnail","hentry","category-news","tag-dissemination"],"yoast_head":"<!-- This site is optimized with the Yoast SEO plugin v27.4 - https:\/\/yoast.com\/product\/yoast-seo-wordpress\/ -->\n<title>Communication about climate changes will be the subject of the Communication Sciences Seminar - CIAC<\/title>\n<meta name=\"robots\" content=\"index, follow, max-snippet:-1, max-image-preview:large, max-video-preview:-1\" \/>\n<link rel=\"canonical\" href=\"https:\/\/ciac.pt\/en\/news\/communication-about-climate-changes-will-be-the-subject-of-the-communication-sciences-seminar\/\" \/>\n<meta property=\"og:locale\" content=\"en_US\" \/>\n<meta property=\"og:type\" content=\"article\" \/>\n<meta property=\"og:title\" content=\"Communication about climate changes will be the subject of the Communication Sciences Seminar - CIAC\" \/>\n<meta property=\"og:description\" content=\"Rogelio Fern\u00e1ndez Reyes, professor at the Faculty of Communication of the University\" \/>\n<meta property=\"og:url\" content=\"https:\/\/ciac.pt\/en\/news\/communication-about-climate-changes-will-be-the-subject-of-the-communication-sciences-seminar\/\" \/>\n<meta property=\"og:site_name\" content=\"CIAC\" \/>\n<meta property=\"article:published_time\" content=\"2026-04-28T18:52:35+00:00\" \/>\n<meta property=\"article:modified_time\" content=\"2026-04-29T17:05:49+00:00\" \/>\n<meta property=\"og:image\" content=\"https:\/\/ciac.pt\/wp-content\/uploads\/2026\/04\/Untitled-1-13.jpg\" \/>\n\t<meta property=\"og:image:width\" content=\"1620\" \/>\n\t<meta property=\"og:image:height\" content=\"1215\" \/>\n\t<meta property=\"og:image:type\" content=\"image\/jpeg\" \/>\n<meta name=\"author\" content=\"editor1\" \/>\n<meta name=\"twitter:card\" content=\"summary_large_image\" \/>\n<meta name=\"twitter:label1\" content=\"Written by\" \/>\n\t<meta name=\"twitter:data1\" content=\"editor1\" \/>\n\t<meta name=\"twitter:label2\" content=\"Est. reading time\" \/>\n\t<meta name=\"twitter:data2\" content=\"2 minutes\" \/>\n<script type=\"application\/ld+json\" class=\"yoast-schema-graph\">{\"@context\":\"https:\\\/\\\/schema.org\",\"@graph\":[{\"@type\":\"Article\",\"@id\":\"https:\\\/\\\/ciac.pt\\\/en\\\/news\\\/communication-about-climate-changes-will-be-the-subject-of-the-communication-sciences-seminar\\\/#article\",\"isPartOf\":{\"@id\":\"https:\\\/\\\/ciac.pt\\\/en\\\/news\\\/communication-about-climate-changes-will-be-the-subject-of-the-communication-sciences-seminar\\\/\"},\"author\":{\"name\":\"editor1\",\"@id\":\"https:\\\/\\\/ciac.pt\\\/en\\\/#\\\/schema\\\/person\\\/3def46b976d3f4c0cdcf7c417cb570be\"},\"headline\":\"Communication about climate changes will be the subject of the Communication Sciences Seminar\",\"datePublished\":\"2026-04-28T18:52:35+00:00\",\"dateModified\":\"2026-04-29T17:05:49+00:00\",\"mainEntityOfPage\":{\"@id\":\"https:\\\/\\\/ciac.pt\\\/en\\\/news\\\/communication-about-climate-changes-will-be-the-subject-of-the-communication-sciences-seminar\\\/\"},\"wordCount\":254,\"publisher\":{\"@id\":\"https:\\\/\\\/ciac.pt\\\/en\\\/#organization\"},\"image\":{\"@id\":\"https:\\\/\\\/ciac.pt\\\/en\\\/news\\\/communication-about-climate-changes-will-be-the-subject-of-the-communication-sciences-seminar\\\/#primaryimage\"},\"thumbnailUrl\":\"https:\\\/\\\/ciac.pt\\\/wp-content\\\/uploads\\\/2026\\\/04\\\/Untitled-1-13.jpg\",\"keywords\":[\"Dissemination\"],\"articleSection\":[\"News\"],\"inLanguage\":\"en-US\"},{\"@type\":\"WebPage\",\"@id\":\"https:\\\/\\\/ciac.pt\\\/en\\\/news\\\/communication-about-climate-changes-will-be-the-subject-of-the-communication-sciences-seminar\\\/\",\"url\":\"https:\\\/\\\/ciac.pt\\\/en\\\/news\\\/communication-about-climate-changes-will-be-the-subject-of-the-communication-sciences-seminar\\\/\",\"name\":\"Communication about climate changes will be the subject of the Communication Sciences Seminar - CIAC\",\"isPartOf\":{\"@id\":\"https:\\\/\\\/ciac.pt\\\/en\\\/#website\"},\"primaryImageOfPage\":{\"@id\":\"https:\\\/\\\/ciac.pt\\\/en\\\/news\\\/communication-about-climate-changes-will-be-the-subject-of-the-communication-sciences-seminar\\\/#primaryimage\"},\"image\":{\"@id\":\"https:\\\/\\\/ciac.pt\\\/en\\\/news\\\/communication-about-climate-changes-will-be-the-subject-of-the-communication-sciences-seminar\\\/#primaryimage\"},\"thumbnailUrl\":\"https:\\\/\\\/ciac.pt\\\/wp-content\\\/uploads\\\/2026\\\/04\\\/Untitled-1-13.jpg\",\"datePublished\":\"2026-04-28T18:52:35+00:00\",\"dateModified\":\"2026-04-29T17:05:49+00:00\",\"breadcrumb\":{\"@id\":\"https:\\\/\\\/ciac.pt\\\/en\\\/news\\\/communication-about-climate-changes-will-be-the-subject-of-the-communication-sciences-seminar\\\/#breadcrumb\"},\"inLanguage\":\"en-US\",\"potentialAction\":[{\"@type\":\"ReadAction\",\"target\":[\"https:\\\/\\\/ciac.pt\\\/en\\\/news\\\/communication-about-climate-changes-will-be-the-subject-of-the-communication-sciences-seminar\\\/\"]}]},{\"@type\":\"ImageObject\",\"inLanguage\":\"en-US\",\"@id\":\"https:\\\/\\\/ciac.pt\\\/en\\\/news\\\/communication-about-climate-changes-will-be-the-subject-of-the-communication-sciences-seminar\\\/#primaryimage\",\"url\":\"https:\\\/\\\/ciac.pt\\\/wp-content\\\/uploads\\\/2026\\\/04\\\/Untitled-1-13.jpg\",\"contentUrl\":\"https:\\\/\\\/ciac.pt\\\/wp-content\\\/uploads\\\/2026\\\/04\\\/Untitled-1-13.jpg\",\"width\":1620,\"height\":1215},{\"@type\":\"BreadcrumbList\",\"@id\":\"https:\\\/\\\/ciac.pt\\\/en\\\/news\\\/communication-about-climate-changes-will-be-the-subject-of-the-communication-sciences-seminar\\\/#breadcrumb\",\"itemListElement\":[{\"@type\":\"ListItem\",\"position\":1,\"name\":\"In\u00edcio\",\"item\":\"https:\\\/\\\/ciac.pt\\\/en\\\/\"},{\"@type\":\"ListItem\",\"position\":2,\"name\":\"Communication about climate changes will be the subject of the Communication Sciences Seminar\"}]},{\"@type\":\"WebSite\",\"@id\":\"https:\\\/\\\/ciac.pt\\\/en\\\/#website\",\"url\":\"https:\\\/\\\/ciac.pt\\\/en\\\/\",\"name\":\"CIAC\",\"description\":\"Centro de Investiga\u00e7\u00e3o em Artes e Comunica\u00e7\u00e3o\",\"publisher\":{\"@id\":\"https:\\\/\\\/ciac.pt\\\/en\\\/#organization\"},\"potentialAction\":[{\"@type\":\"SearchAction\",\"target\":{\"@type\":\"EntryPoint\",\"urlTemplate\":\"https:\\\/\\\/ciac.pt\\\/en\\\/?s={search_term_string}\"},\"query-input\":{\"@type\":\"PropertyValueSpecification\",\"valueRequired\":true,\"valueName\":\"search_term_string\"}}],\"inLanguage\":\"en-US\"},{\"@type\":\"Organization\",\"@id\":\"https:\\\/\\\/ciac.pt\\\/en\\\/#organization\",\"name\":\"CIAC\",\"url\":\"https:\\\/\\\/ciac.pt\\\/en\\\/\",\"logo\":{\"@type\":\"ImageObject\",\"inLanguage\":\"en-US\",\"@id\":\"https:\\\/\\\/ciac.pt\\\/en\\\/#\\\/schema\\\/logo\\\/image\\\/\",\"url\":\"https:\\\/\\\/ciac.pt\\\/wp-content\\\/uploads\\\/2022\\\/06\\\/logo.svg\",\"contentUrl\":\"https:\\\/\\\/ciac.pt\\\/wp-content\\\/uploads\\\/2022\\\/06\\\/logo.svg\",\"width\":184,\"height\":51,\"caption\":\"CIAC\"},\"image\":{\"@id\":\"https:\\\/\\\/ciac.pt\\\/en\\\/#\\\/schema\\\/logo\\\/image\\\/\"}},{\"@type\":\"Person\",\"@id\":\"https:\\\/\\\/ciac.pt\\\/en\\\/#\\\/schema\\\/person\\\/3def46b976d3f4c0cdcf7c417cb570be\",\"name\":\"editor1\",\"image\":{\"@type\":\"ImageObject\",\"inLanguage\":\"en-US\",\"@id\":\"https:\\\/\\\/secure.gravatar.com\\\/avatar\\\/4d8eb3157f61df03731fd8bf031b56d1d9241759e8f8c07d4d7e51d2f858c821?s=96&d=mm&r=g\",\"url\":\"https:\\\/\\\/secure.gravatar.com\\\/avatar\\\/4d8eb3157f61df03731fd8bf031b56d1d9241759e8f8c07d4d7e51d2f858c821?s=96&d=mm&r=g\",\"contentUrl\":\"https:\\\/\\\/secure.gravatar.com\\\/avatar\\\/4d8eb3157f61df03731fd8bf031b56d1d9241759e8f8c07d4d7e51d2f858c821?s=96&d=mm&r=g\",\"caption\":\"editor1\"},\"url\":\"https:\\\/\\\/ciac.pt\\\/en\\\/author\\\/editor1\\\/\"}]}<\/script>\n<!-- \/ Yoast SEO plugin. -->","yoast_head_json":{"title":"Communication about climate changes will be the subject of the Communication Sciences Seminar - CIAC","robots":{"index":"index","follow":"follow","max-snippet":"max-snippet:-1","max-image-preview":"max-image-preview:large","max-video-preview":"max-video-preview:-1"},"canonical":"https:\/\/ciac.pt\/en\/news\/communication-about-climate-changes-will-be-the-subject-of-the-communication-sciences-seminar\/","og_locale":"en_US","og_type":"article","og_title":"Communication about climate changes will be the subject of the Communication Sciences Seminar - CIAC","og_description":"Rogelio Fern\u00e1ndez Reyes, professor at the Faculty of Communication of the University","og_url":"https:\/\/ciac.pt\/en\/news\/communication-about-climate-changes-will-be-the-subject-of-the-communication-sciences-seminar\/","og_site_name":"CIAC","article_published_time":"2026-04-28T18:52:35+00:00","article_modified_time":"2026-04-29T17:05:49+00:00","og_image":[{"width":1620,"height":1215,"url":"https:\/\/ciac.pt\/wp-content\/uploads\/2026\/04\/Untitled-1-13.jpg","type":"image\/jpeg"}],"author":"editor1","twitter_card":"summary_large_image","twitter_misc":{"Written by":"editor1","Est. reading time":"2 minutes"},"schema":{"@context":"https:\/\/schema.org","@graph":[{"@type":"Article","@id":"https:\/\/ciac.pt\/en\/news\/communication-about-climate-changes-will-be-the-subject-of-the-communication-sciences-seminar\/#article","isPartOf":{"@id":"https:\/\/ciac.pt\/en\/news\/communication-about-climate-changes-will-be-the-subject-of-the-communication-sciences-seminar\/"},"author":{"name":"editor1","@id":"https:\/\/ciac.pt\/en\/#\/schema\/person\/3def46b976d3f4c0cdcf7c417cb570be"},"headline":"Communication about climate changes will be the subject of the Communication Sciences Seminar","datePublished":"2026-04-28T18:52:35+00:00","dateModified":"2026-04-29T17:05:49+00:00","mainEntityOfPage":{"@id":"https:\/\/ciac.pt\/en\/news\/communication-about-climate-changes-will-be-the-subject-of-the-communication-sciences-seminar\/"},"wordCount":254,"publisher":{"@id":"https:\/\/ciac.pt\/en\/#organization"},"image":{"@id":"https:\/\/ciac.pt\/en\/news\/communication-about-climate-changes-will-be-the-subject-of-the-communication-sciences-seminar\/#primaryimage"},"thumbnailUrl":"https:\/\/ciac.pt\/wp-content\/uploads\/2026\/04\/Untitled-1-13.jpg","keywords":["Dissemination"],"articleSection":["News"],"inLanguage":"en-US"},{"@type":"WebPage","@id":"https:\/\/ciac.pt\/en\/news\/communication-about-climate-changes-will-be-the-subject-of-the-communication-sciences-seminar\/","url":"https:\/\/ciac.pt\/en\/news\/communication-about-climate-changes-will-be-the-subject-of-the-communication-sciences-seminar\/","name":"Communication about climate changes will be the subject of the Communication Sciences Seminar - CIAC","isPartOf":{"@id":"https:\/\/ciac.pt\/en\/#website"},"primaryImageOfPage":{"@id":"https:\/\/ciac.pt\/en\/news\/communication-about-climate-changes-will-be-the-subject-of-the-communication-sciences-seminar\/#primaryimage"},"image":{"@id":"https:\/\/ciac.pt\/en\/news\/communication-about-climate-changes-will-be-the-subject-of-the-communication-sciences-seminar\/#primaryimage"},"thumbnailUrl":"https:\/\/ciac.pt\/wp-content\/uploads\/2026\/04\/Untitled-1-13.jpg","datePublished":"2026-04-28T18:52:35+00:00","dateModified":"2026-04-29T17:05:49+00:00","breadcrumb":{"@id":"https:\/\/ciac.pt\/en\/news\/communication-about-climate-changes-will-be-the-subject-of-the-communication-sciences-seminar\/#breadcrumb"},"inLanguage":"en-US","potentialAction":[{"@type":"ReadAction","target":["https:\/\/ciac.pt\/en\/news\/communication-about-climate-changes-will-be-the-subject-of-the-communication-sciences-seminar\/"]}]},{"@type":"ImageObject","inLanguage":"en-US","@id":"https:\/\/ciac.pt\/en\/news\/communication-about-climate-changes-will-be-the-subject-of-the-communication-sciences-seminar\/#primaryimage","url":"https:\/\/ciac.pt\/wp-content\/uploads\/2026\/04\/Untitled-1-13.jpg","contentUrl":"https:\/\/ciac.pt\/wp-content\/uploads\/2026\/04\/Untitled-1-13.jpg","width":1620,"height":1215},{"@type":"BreadcrumbList","@id":"https:\/\/ciac.pt\/en\/news\/communication-about-climate-changes-will-be-the-subject-of-the-communication-sciences-seminar\/#breadcrumb","itemListElement":[{"@type":"ListItem","position":1,"name":"In\u00edcio","item":"https:\/\/ciac.pt\/en\/"},{"@type":"ListItem","position":2,"name":"Communication about climate changes will be the subject of the Communication Sciences Seminar"}]},{"@type":"WebSite","@id":"https:\/\/ciac.pt\/en\/#website","url":"https:\/\/ciac.pt\/en\/","name":"CIAC","description":"Centro de Investiga\u00e7\u00e3o em Artes e Comunica\u00e7\u00e3o","publisher":{"@id":"https:\/\/ciac.pt\/en\/#organization"},"potentialAction":[{"@type":"SearchAction","target":{"@type":"EntryPoint","urlTemplate":"https:\/\/ciac.pt\/en\/?s={search_term_string}"},"query-input":{"@type":"PropertyValueSpecification","valueRequired":true,"valueName":"search_term_string"}}],"inLanguage":"en-US"},{"@type":"Organization","@id":"https:\/\/ciac.pt\/en\/#organization","name":"CIAC","url":"https:\/\/ciac.pt\/en\/","logo":{"@type":"ImageObject","inLanguage":"en-US","@id":"https:\/\/ciac.pt\/en\/#\/schema\/logo\/image\/","url":"https:\/\/ciac.pt\/wp-content\/uploads\/2022\/06\/logo.svg","contentUrl":"https:\/\/ciac.pt\/wp-content\/uploads\/2022\/06\/logo.svg","width":184,"height":51,"caption":"CIAC"},"image":{"@id":"https:\/\/ciac.pt\/en\/#\/schema\/logo\/image\/"}},{"@type":"Person","@id":"https:\/\/ciac.pt\/en\/#\/schema\/person\/3def46b976d3f4c0cdcf7c417cb570be","name":"editor1","image":{"@type":"ImageObject","inLanguage":"en-US","@id":"https:\/\/secure.gravatar.com\/avatar\/4d8eb3157f61df03731fd8bf031b56d1d9241759e8f8c07d4d7e51d2f858c821?s=96&d=mm&r=g","url":"https:\/\/secure.gravatar.com\/avatar\/4d8eb3157f61df03731fd8bf031b56d1d9241759e8f8c07d4d7e51d2f858c821?s=96&d=mm&r=g","contentUrl":"https:\/\/secure.gravatar.com\/avatar\/4d8eb3157f61df03731fd8bf031b56d1d9241759e8f8c07d4d7e51d2f858c821?s=96&d=mm&r=g","caption":"editor1"},"url":"https:\/\/ciac.pt\/en\/author\/editor1\/"}]}},"author_meta":{"display_name":"editor1","author_link":"https:\/\/ciac.pt\/en\/author\/editor1\/"},"featured_img":"https:\/\/ciac.pt\/wp-content\/uploads\/2026\/04\/Untitled-1-13-300x225.jpg","coauthors":[],"tax_additional":{"categories":{"linked":["<a href=\"https:\/\/ciac.pt\/en\/.\/news\/\" class=\"advgb-post-tax-term\">News<\/a>"],"unlinked":["<span class=\"advgb-post-tax-term\">News<\/span>"]},"tags":{"linked":["<a href=\"https:\/\/ciac.pt\/en\/.\/news\/\" class=\"advgb-post-tax-term\">Dissemination<\/a>"],"unlinked":["<span class=\"advgb-post-tax-term\">Dissemination<\/span>"]}},"comment_count":0,"relative_dates":{"created":"Posted 2 days ago","modified":"Updated 17 hours ago"},"absolute_dates":{"created":"Posted on 28\/04\/2026","modified":"Updated on 29\/04\/2026"},"absolute_dates_time":{"created":"Posted on 28\/04\/2026 19:52","modified":"Updated on 29\/04\/2026 18:05"},"featured_img_caption":"","series_order":"","_links":{"self":[{"href":"https:\/\/ciac.pt\/en\/wp-json\/wp\/v2\/posts\/14655","targetHints":{"allow":["GET"]}}],"collection":[{"href":"https:\/\/ciac.pt\/en\/wp-json\/wp\/v2\/posts"}],"about":[{"href":"https:\/\/ciac.pt\/en\/wp-json\/wp\/v2\/types\/post"}],"author":[{"embeddable":true,"href":"https:\/\/ciac.pt\/en\/wp-json\/wp\/v2\/users\/3"}],"replies":[{"embeddable":true,"href":"https:\/\/ciac.pt\/en\/wp-json\/wp\/v2\/comments?post=14655"}],"version-history":[{"count":2,"href":"https:\/\/ciac.pt\/en\/wp-json\/wp\/v2\/posts\/14655\/revisions"}],"predecessor-version":[{"id":14662,"href":"https:\/\/ciac.pt\/en\/wp-json\/wp\/v2\/posts\/14655\/revisions\/14662"}],"wp:featuredmedia":[{"embeddable":true,"href":"https:\/\/ciac.pt\/en\/wp-json\/wp\/v2\/media\/14646"}],"wp:attachment":[{"href":"https:\/\/ciac.pt\/en\/wp-json\/wp\/v2\/media?parent=14655"}],"wp:term":[{"taxonomy":"category","embeddable":true,"href":"https:\/\/ciac.pt\/en\/wp-json\/wp\/v2\/categories?post=14655"},{"taxonomy":"post_tag","embeddable":true,"href":"https:\/\/ciac.pt\/en\/wp-json\/wp\/v2\/tags?post=14655"}],"curies":[{"name":"wp","href":"https:\/\/api.w.org\/{rel}","templated":true}]}}