{"id":2108,"date":"2023-10-10T13:10:56","date_gmt":"2023-10-10T12:10:56","guid":{"rendered":"https:\/\/web.ciac.pt\/?p=2108"},"modified":"2024-02-14T12:23:12","modified_gmt":"2024-02-14T12:23:12","slug":"perspetivas-luso-brasileiras-em-artes-e-comunicacao-vol-2","status":"publish","type":"post","link":"https:\/\/ciac.pt\/en\/publications\/perspetivas-luso-brasileiras-em-artes-e-comunicacao-vol-2\/","title":{"rendered":"Perspetivas Luso-Brasileiras em Artes e Comunica\u00e7\u00e3o Vol. 2"},"content":{"rendered":"\n<figure class=\"wp-block-image size-full\"><img decoding=\"async\" width=\"207\" height=\"300\" data-src=\"https:\/\/web.ciac.pt\/wp-content\/uploads\/2023\/10\/perspectivas-luso-brasileirs-em-artes-e-comunicacao-vol-2.jpg\" alt=\"\" class=\"wp-image-2037 lazyload\" src=\"data:image\/svg+xml;base64,PHN2ZyB3aWR0aD0iMSIgaGVpZ2h0PSIxIiB4bWxucz0iaHR0cDovL3d3dy53My5vcmcvMjAwMC9zdmciPjwvc3ZnPg==\" style=\"--smush-placeholder-width: 207px; --smush-placeholder-aspect-ratio: 207\/300;\" \/><\/figure>\n\n\n\n<hr class=\"wp-block-separator has-text-color has-white-color has-alpha-channel-opacity has-white-background-color has-background\"\/>\n\n\n\n<p>[Luso-Brazilian Perspectives in Arts and Communication Vol. 2]<\/p>\n\n\n\n<p>With a view to promoting dialogue between researchers from Portugal and Brazil, CIAC \u2013 Centre for Research in Arts and Communication of the University of Algarve and the \u201cCommunication, Memory and Popular Culture\u201d Research Group of the UEPB \u2013 State University of Para\u00edba (Brazil), with the collaboration of CIC \u2013 \u201cCommunication, Image and Contemporaneity\u201d Research Group of the UTP \u2013 Tuiuti University of Paran\u00e1 (Brazil), organised this publication, in which the work of Portuguese and Brazilian researchers is collated, thus contributing to the diffusion of scientific knowledge resulting from research in the arts and communication, developed in the respective academic contexts.<\/p>\n\n\n\n<p><strong>Organisers:<\/strong>&nbsp;Denize Araujo, Jorge Carrega and Ingrid Fechine<\/p>\n\n\n\n<p><strong>Year:<\/strong>&nbsp;2019<\/p>\n\n\n\n<p><strong>ISBN<\/strong>: 978-989-8859-68-6<\/p>\n\n\n\n<p><strong>No. of Pages:<\/strong>\u00a0368<\/p>\n\n\n\n<p><strong>PDF:<\/strong>&nbsp;<a href=\"https:\/\/ciac.pt\/wp-content\/uploads\/2019\/09\/Livro%20PERSPECTIVAS%20vol%202_compressed.pdf\" target=\"_blank\" rel=\"noreferrer noopener\">Link<\/a><\/p>\n","protected":false},"excerpt":{"rendered":"<p>[Luso-Brazilian Perspectives in Arts and Communication Vol. 2] With a view to<\/p>\n","protected":false},"author":1,"featured_media":2038,"comment_status":"closed","ping_status":"closed","sticky":false,"template":"","format":"standard","meta":{"_eb_attr":"","inline_featured_image":false,"advgb_blocks_editor_width":"","advgb_blocks_columns_visual_guide":"","footnotes":"","_links_to":"","_links_to_target":""},"categories":[62],"tags":[99],"class_list":["post-2108","post","type-post","status-publish","format-standard","has-post-thumbnail","hentry","category-publications","tag-luso-brazilian-perspectives-in-arts-and-communication"],"yoast_head":"<!-- This site is optimized with the Yoast SEO plugin v27.4 - https:\/\/yoast.com\/product\/yoast-seo-wordpress\/ -->\n<title>Perspetivas Luso-Brasileiras em Artes e Comunica\u00e7\u00e3o Vol. 2 - CIAC<\/title>\n<meta name=\"robots\" content=\"index, follow, max-snippet:-1, max-image-preview:large, max-video-preview:-1\" \/>\n<link rel=\"canonical\" href=\"https:\/\/ciac.pt\/en\/publications\/perspetivas-luso-brasileiras-em-artes-e-comunicacao-vol-2\/\" \/>\n<meta property=\"og:locale\" content=\"en_US\" \/>\n<meta property=\"og:type\" content=\"article\" \/>\n<meta property=\"og:title\" content=\"Perspetivas Luso-Brasileiras em Artes e Comunica\u00e7\u00e3o Vol. 2 - CIAC\" \/>\n<meta property=\"og:description\" content=\"[Luso-Brazilian Perspectives in Arts and Communication Vol. 2] With a view to\" \/>\n<meta property=\"og:url\" content=\"https:\/\/ciac.pt\/en\/publications\/perspetivas-luso-brasileiras-em-artes-e-comunicacao-vol-2\/\" \/>\n<meta property=\"og:site_name\" content=\"CIAC\" \/>\n<meta property=\"article:published_time\" content=\"2023-10-10T12:10:56+00:00\" \/>\n<meta property=\"article:modified_time\" content=\"2024-02-14T12:23:12+00:00\" \/>\n<meta property=\"og:image\" content=\"https:\/\/ciac.pt\/wp-content\/uploads\/2023\/10\/perspectivas-luso-brasileirs-em-artes-e-comunicacao-vol-2.jpg\" \/>\n\t<meta property=\"og:image:width\" content=\"207\" \/>\n\t<meta property=\"og:image:height\" content=\"300\" \/>\n\t<meta property=\"og:image:type\" content=\"image\/jpeg\" \/>\n<meta name=\"author\" content=\"webmaster\" \/>\n<meta name=\"twitter:card\" content=\"summary_large_image\" \/>\n<meta name=\"twitter:label1\" content=\"Written by\" \/>\n\t<meta name=\"twitter:data1\" content=\"webmaster\" \/>\n\t<meta name=\"twitter:label2\" content=\"Est. reading time\" \/>\n\t<meta name=\"twitter:data2\" content=\"1 minute\" \/>\n<script type=\"application\/ld+json\" class=\"yoast-schema-graph\">{\"@context\":\"https:\\\/\\\/schema.org\",\"@graph\":[{\"@type\":\"Article\",\"@id\":\"https:\\\/\\\/ciac.pt\\\/en\\\/publications\\\/perspetivas-luso-brasileiras-em-artes-e-comunicacao-vol-2\\\/#article\",\"isPartOf\":{\"@id\":\"https:\\\/\\\/ciac.pt\\\/en\\\/publications\\\/perspetivas-luso-brasileiras-em-artes-e-comunicacao-vol-2\\\/\"},\"author\":{\"name\":\"webmaster\",\"@id\":\"https:\\\/\\\/ciac.pt\\\/en\\\/#\\\/schema\\\/person\\\/d6e2493431ce9cb2a44b9c1a48dcdf22\"},\"headline\":\"Perspetivas Luso-Brasileiras em Artes e Comunica\u00e7\u00e3o Vol. 2\",\"datePublished\":\"2023-10-10T12:10:56+00:00\",\"dateModified\":\"2024-02-14T12:23:12+00:00\",\"mainEntityOfPage\":{\"@id\":\"https:\\\/\\\/ciac.pt\\\/en\\\/publications\\\/perspetivas-luso-brasileiras-em-artes-e-comunicacao-vol-2\\\/\"},\"wordCount\":135,\"publisher\":{\"@id\":\"https:\\\/\\\/ciac.pt\\\/en\\\/#organization\"},\"image\":{\"@id\":\"https:\\\/\\\/ciac.pt\\\/en\\\/publications\\\/perspetivas-luso-brasileiras-em-artes-e-comunicacao-vol-2\\\/#primaryimage\"},\"thumbnailUrl\":\"https:\\\/\\\/ciac.pt\\\/wp-content\\\/uploads\\\/2023\\\/10\\\/perspectivas-luso-brasileirs-em-artes-e-comunicacao-vol-2.jpg\",\"keywords\":[\"Luso-Brazilian Perspectives in Arts and Communication\"],\"articleSection\":[\"Publications\"],\"inLanguage\":\"en-US\"},{\"@type\":\"WebPage\",\"@id\":\"https:\\\/\\\/ciac.pt\\\/en\\\/publications\\\/perspetivas-luso-brasileiras-em-artes-e-comunicacao-vol-2\\\/\",\"url\":\"https:\\\/\\\/ciac.pt\\\/en\\\/publications\\\/perspetivas-luso-brasileiras-em-artes-e-comunicacao-vol-2\\\/\",\"name\":\"Perspetivas Luso-Brasileiras em Artes e Comunica\u00e7\u00e3o Vol. 2 - CIAC\",\"isPartOf\":{\"@id\":\"https:\\\/\\\/ciac.pt\\\/en\\\/#website\"},\"primaryImageOfPage\":{\"@id\":\"https:\\\/\\\/ciac.pt\\\/en\\\/publications\\\/perspetivas-luso-brasileiras-em-artes-e-comunicacao-vol-2\\\/#primaryimage\"},\"image\":{\"@id\":\"https:\\\/\\\/ciac.pt\\\/en\\\/publications\\\/perspetivas-luso-brasileiras-em-artes-e-comunicacao-vol-2\\\/#primaryimage\"},\"thumbnailUrl\":\"https:\\\/\\\/ciac.pt\\\/wp-content\\\/uploads\\\/2023\\\/10\\\/perspectivas-luso-brasileirs-em-artes-e-comunicacao-vol-2.jpg\",\"datePublished\":\"2023-10-10T12:10:56+00:00\",\"dateModified\":\"2024-02-14T12:23:12+00:00\",\"breadcrumb\":{\"@id\":\"https:\\\/\\\/ciac.pt\\\/en\\\/publications\\\/perspetivas-luso-brasileiras-em-artes-e-comunicacao-vol-2\\\/#breadcrumb\"},\"inLanguage\":\"en-US\",\"potentialAction\":[{\"@type\":\"ReadAction\",\"target\":[\"https:\\\/\\\/ciac.pt\\\/en\\\/publications\\\/perspetivas-luso-brasileiras-em-artes-e-comunicacao-vol-2\\\/\"]}]},{\"@type\":\"ImageObject\",\"inLanguage\":\"en-US\",\"@id\":\"https:\\\/\\\/ciac.pt\\\/en\\\/publications\\\/perspetivas-luso-brasileiras-em-artes-e-comunicacao-vol-2\\\/#primaryimage\",\"url\":\"https:\\\/\\\/ciac.pt\\\/wp-content\\\/uploads\\\/2023\\\/10\\\/perspectivas-luso-brasileirs-em-artes-e-comunicacao-vol-2.jpg\",\"contentUrl\":\"https:\\\/\\\/ciac.pt\\\/wp-content\\\/uploads\\\/2023\\\/10\\\/perspectivas-luso-brasileirs-em-artes-e-comunicacao-vol-2.jpg\",\"width\":207,\"height\":300},{\"@type\":\"BreadcrumbList\",\"@id\":\"https:\\\/\\\/ciac.pt\\\/en\\\/publications\\\/perspetivas-luso-brasileiras-em-artes-e-comunicacao-vol-2\\\/#breadcrumb\",\"itemListElement\":[{\"@type\":\"ListItem\",\"position\":1,\"name\":\"In\u00edcio\",\"item\":\"https:\\\/\\\/ciac.pt\\\/en\\\/\"},{\"@type\":\"ListItem\",\"position\":2,\"name\":\"Perspetivas Luso-Brasileiras em Artes e Comunica\u00e7\u00e3o Vol. 2\"}]},{\"@type\":\"WebSite\",\"@id\":\"https:\\\/\\\/ciac.pt\\\/en\\\/#website\",\"url\":\"https:\\\/\\\/ciac.pt\\\/en\\\/\",\"name\":\"CIAC\",\"description\":\"Centro de Investiga\u00e7\u00e3o em Artes e Comunica\u00e7\u00e3o\",\"publisher\":{\"@id\":\"https:\\\/\\\/ciac.pt\\\/en\\\/#organization\"},\"potentialAction\":[{\"@type\":\"SearchAction\",\"target\":{\"@type\":\"EntryPoint\",\"urlTemplate\":\"https:\\\/\\\/ciac.pt\\\/en\\\/?s={search_term_string}\"},\"query-input\":{\"@type\":\"PropertyValueSpecification\",\"valueRequired\":true,\"valueName\":\"search_term_string\"}}],\"inLanguage\":\"en-US\"},{\"@type\":\"Organization\",\"@id\":\"https:\\\/\\\/ciac.pt\\\/en\\\/#organization\",\"name\":\"CIAC\",\"url\":\"https:\\\/\\\/ciac.pt\\\/en\\\/\",\"logo\":{\"@type\":\"ImageObject\",\"inLanguage\":\"en-US\",\"@id\":\"https:\\\/\\\/ciac.pt\\\/en\\\/#\\\/schema\\\/logo\\\/image\\\/\",\"url\":\"https:\\\/\\\/ciac.pt\\\/wp-content\\\/uploads\\\/2022\\\/06\\\/logo.svg\",\"contentUrl\":\"https:\\\/\\\/ciac.pt\\\/wp-content\\\/uploads\\\/2022\\\/06\\\/logo.svg\",\"width\":184,\"height\":51,\"caption\":\"CIAC\"},\"image\":{\"@id\":\"https:\\\/\\\/ciac.pt\\\/en\\\/#\\\/schema\\\/logo\\\/image\\\/\"}},{\"@type\":\"Person\",\"@id\":\"https:\\\/\\\/ciac.pt\\\/en\\\/#\\\/schema\\\/person\\\/d6e2493431ce9cb2a44b9c1a48dcdf22\",\"name\":\"webmaster\",\"image\":{\"@type\":\"ImageObject\",\"inLanguage\":\"en-US\",\"@id\":\"https:\\\/\\\/secure.gravatar.com\\\/avatar\\\/4ef351d84fb3a91f19297e2b90dbe2c32d11868ce0fb67b2b84c961cffdfb009?s=96&d=mm&r=g\",\"url\":\"https:\\\/\\\/secure.gravatar.com\\\/avatar\\\/4ef351d84fb3a91f19297e2b90dbe2c32d11868ce0fb67b2b84c961cffdfb009?s=96&d=mm&r=g\",\"contentUrl\":\"https:\\\/\\\/secure.gravatar.com\\\/avatar\\\/4ef351d84fb3a91f19297e2b90dbe2c32d11868ce0fb67b2b84c961cffdfb009?s=96&d=mm&r=g\",\"caption\":\"webmaster\"},\"url\":\"https:\\\/\\\/ciac.pt\\\/en\\\/author\\\/webmaster\\\/\"}]}<\/script>\n<!-- \/ Yoast SEO plugin. -->","yoast_head_json":{"title":"Perspetivas Luso-Brasileiras em Artes e Comunica\u00e7\u00e3o Vol. 2 - CIAC","robots":{"index":"index","follow":"follow","max-snippet":"max-snippet:-1","max-image-preview":"max-image-preview:large","max-video-preview":"max-video-preview:-1"},"canonical":"https:\/\/ciac.pt\/en\/publications\/perspetivas-luso-brasileiras-em-artes-e-comunicacao-vol-2\/","og_locale":"en_US","og_type":"article","og_title":"Perspetivas Luso-Brasileiras em Artes e Comunica\u00e7\u00e3o Vol. 2 - CIAC","og_description":"[Luso-Brazilian Perspectives in Arts and Communication Vol. 2] With a view to","og_url":"https:\/\/ciac.pt\/en\/publications\/perspetivas-luso-brasileiras-em-artes-e-comunicacao-vol-2\/","og_site_name":"CIAC","article_published_time":"2023-10-10T12:10:56+00:00","article_modified_time":"2024-02-14T12:23:12+00:00","og_image":[{"width":207,"height":300,"url":"https:\/\/ciac.pt\/wp-content\/uploads\/2023\/10\/perspectivas-luso-brasileirs-em-artes-e-comunicacao-vol-2.jpg","type":"image\/jpeg"}],"author":"webmaster","twitter_card":"summary_large_image","twitter_misc":{"Written by":"webmaster","Est. reading time":"1 minute"},"schema":{"@context":"https:\/\/schema.org","@graph":[{"@type":"Article","@id":"https:\/\/ciac.pt\/en\/publications\/perspetivas-luso-brasileiras-em-artes-e-comunicacao-vol-2\/#article","isPartOf":{"@id":"https:\/\/ciac.pt\/en\/publications\/perspetivas-luso-brasileiras-em-artes-e-comunicacao-vol-2\/"},"author":{"name":"webmaster","@id":"https:\/\/ciac.pt\/en\/#\/schema\/person\/d6e2493431ce9cb2a44b9c1a48dcdf22"},"headline":"Perspetivas Luso-Brasileiras em Artes e Comunica\u00e7\u00e3o Vol. 2","datePublished":"2023-10-10T12:10:56+00:00","dateModified":"2024-02-14T12:23:12+00:00","mainEntityOfPage":{"@id":"https:\/\/ciac.pt\/en\/publications\/perspetivas-luso-brasileiras-em-artes-e-comunicacao-vol-2\/"},"wordCount":135,"publisher":{"@id":"https:\/\/ciac.pt\/en\/#organization"},"image":{"@id":"https:\/\/ciac.pt\/en\/publications\/perspetivas-luso-brasileiras-em-artes-e-comunicacao-vol-2\/#primaryimage"},"thumbnailUrl":"https:\/\/ciac.pt\/wp-content\/uploads\/2023\/10\/perspectivas-luso-brasileirs-em-artes-e-comunicacao-vol-2.jpg","keywords":["Luso-Brazilian Perspectives in Arts and Communication"],"articleSection":["Publications"],"inLanguage":"en-US"},{"@type":"WebPage","@id":"https:\/\/ciac.pt\/en\/publications\/perspetivas-luso-brasileiras-em-artes-e-comunicacao-vol-2\/","url":"https:\/\/ciac.pt\/en\/publications\/perspetivas-luso-brasileiras-em-artes-e-comunicacao-vol-2\/","name":"Perspetivas Luso-Brasileiras em Artes e Comunica\u00e7\u00e3o Vol. 2 - CIAC","isPartOf":{"@id":"https:\/\/ciac.pt\/en\/#website"},"primaryImageOfPage":{"@id":"https:\/\/ciac.pt\/en\/publications\/perspetivas-luso-brasileiras-em-artes-e-comunicacao-vol-2\/#primaryimage"},"image":{"@id":"https:\/\/ciac.pt\/en\/publications\/perspetivas-luso-brasileiras-em-artes-e-comunicacao-vol-2\/#primaryimage"},"thumbnailUrl":"https:\/\/ciac.pt\/wp-content\/uploads\/2023\/10\/perspectivas-luso-brasileirs-em-artes-e-comunicacao-vol-2.jpg","datePublished":"2023-10-10T12:10:56+00:00","dateModified":"2024-02-14T12:23:12+00:00","breadcrumb":{"@id":"https:\/\/ciac.pt\/en\/publications\/perspetivas-luso-brasileiras-em-artes-e-comunicacao-vol-2\/#breadcrumb"},"inLanguage":"en-US","potentialAction":[{"@type":"ReadAction","target":["https:\/\/ciac.pt\/en\/publications\/perspetivas-luso-brasileiras-em-artes-e-comunicacao-vol-2\/"]}]},{"@type":"ImageObject","inLanguage":"en-US","@id":"https:\/\/ciac.pt\/en\/publications\/perspetivas-luso-brasileiras-em-artes-e-comunicacao-vol-2\/#primaryimage","url":"https:\/\/ciac.pt\/wp-content\/uploads\/2023\/10\/perspectivas-luso-brasileirs-em-artes-e-comunicacao-vol-2.jpg","contentUrl":"https:\/\/ciac.pt\/wp-content\/uploads\/2023\/10\/perspectivas-luso-brasileirs-em-artes-e-comunicacao-vol-2.jpg","width":207,"height":300},{"@type":"BreadcrumbList","@id":"https:\/\/ciac.pt\/en\/publications\/perspetivas-luso-brasileiras-em-artes-e-comunicacao-vol-2\/#breadcrumb","itemListElement":[{"@type":"ListItem","position":1,"name":"In\u00edcio","item":"https:\/\/ciac.pt\/en\/"},{"@type":"ListItem","position":2,"name":"Perspetivas Luso-Brasileiras em Artes e Comunica\u00e7\u00e3o Vol. 2"}]},{"@type":"WebSite","@id":"https:\/\/ciac.pt\/en\/#website","url":"https:\/\/ciac.pt\/en\/","name":"CIAC","description":"Centro de Investiga\u00e7\u00e3o em Artes e Comunica\u00e7\u00e3o","publisher":{"@id":"https:\/\/ciac.pt\/en\/#organization"},"potentialAction":[{"@type":"SearchAction","target":{"@type":"EntryPoint","urlTemplate":"https:\/\/ciac.pt\/en\/?s={search_term_string}"},"query-input":{"@type":"PropertyValueSpecification","valueRequired":true,"valueName":"search_term_string"}}],"inLanguage":"en-US"},{"@type":"Organization","@id":"https:\/\/ciac.pt\/en\/#organization","name":"CIAC","url":"https:\/\/ciac.pt\/en\/","logo":{"@type":"ImageObject","inLanguage":"en-US","@id":"https:\/\/ciac.pt\/en\/#\/schema\/logo\/image\/","url":"https:\/\/ciac.pt\/wp-content\/uploads\/2022\/06\/logo.svg","contentUrl":"https:\/\/ciac.pt\/wp-content\/uploads\/2022\/06\/logo.svg","width":184,"height":51,"caption":"CIAC"},"image":{"@id":"https:\/\/ciac.pt\/en\/#\/schema\/logo\/image\/"}},{"@type":"Person","@id":"https:\/\/ciac.pt\/en\/#\/schema\/person\/d6e2493431ce9cb2a44b9c1a48dcdf22","name":"webmaster","image":{"@type":"ImageObject","inLanguage":"en-US","@id":"https:\/\/secure.gravatar.com\/avatar\/4ef351d84fb3a91f19297e2b90dbe2c32d11868ce0fb67b2b84c961cffdfb009?s=96&d=mm&r=g","url":"https:\/\/secure.gravatar.com\/avatar\/4ef351d84fb3a91f19297e2b90dbe2c32d11868ce0fb67b2b84c961cffdfb009?s=96&d=mm&r=g","contentUrl":"https:\/\/secure.gravatar.com\/avatar\/4ef351d84fb3a91f19297e2b90dbe2c32d11868ce0fb67b2b84c961cffdfb009?s=96&d=mm&r=g","caption":"webmaster"},"url":"https:\/\/ciac.pt\/en\/author\/webmaster\/"}]}},"author_meta":{"display_name":"webmaster","author_link":"https:\/\/ciac.pt\/en\/author\/webmaster\/"},"featured_img":"https:\/\/ciac.pt\/wp-content\/uploads\/2023\/10\/perspectivas-luso-brasileirs-em-artes-e-comunicacao-vol-2.jpg","coauthors":[],"tax_additional":{"categories":{"linked":["<a href=\"https:\/\/ciac.pt\/en\/.\/publications\/\" class=\"advgb-post-tax-term\">Publications<\/a>"],"unlinked":["<span class=\"advgb-post-tax-term\">Publications<\/span>"]},"tags":{"linked":["<a href=\"https:\/\/ciac.pt\/en\/.\/publications\/\" class=\"advgb-post-tax-term\">Luso-Brazilian Perspectives in Arts and Communication<\/a>"],"unlinked":["<span class=\"advgb-post-tax-term\">Luso-Brazilian Perspectives in Arts and Communication<\/span>"]}},"comment_count":0,"relative_dates":{"created":"Posted 3 years ago","modified":"Updated 2 years ago"},"absolute_dates":{"created":"Posted on 10\/10\/2023","modified":"Updated on 14\/02\/2024"},"absolute_dates_time":{"created":"Posted on 10\/10\/2023 13:10","modified":"Updated on 14\/02\/2024 12:23"},"featured_img_caption":"","series_order":"","_links":{"self":[{"href":"https:\/\/ciac.pt\/en\/wp-json\/wp\/v2\/posts\/2108","targetHints":{"allow":["GET"]}}],"collection":[{"href":"https:\/\/ciac.pt\/en\/wp-json\/wp\/v2\/posts"}],"about":[{"href":"https:\/\/ciac.pt\/en\/wp-json\/wp\/v2\/types\/post"}],"author":[{"embeddable":true,"href":"https:\/\/ciac.pt\/en\/wp-json\/wp\/v2\/users\/1"}],"replies":[{"embeddable":true,"href":"https:\/\/ciac.pt\/en\/wp-json\/wp\/v2\/comments?post=2108"}],"version-history":[{"count":2,"href":"https:\/\/ciac.pt\/en\/wp-json\/wp\/v2\/posts\/2108\/revisions"}],"predecessor-version":[{"id":4382,"href":"https:\/\/ciac.pt\/en\/wp-json\/wp\/v2\/posts\/2108\/revisions\/4382"}],"wp:featuredmedia":[{"embeddable":true,"href":"https:\/\/ciac.pt\/en\/wp-json\/wp\/v2\/media\/2038"}],"wp:attachment":[{"href":"https:\/\/ciac.pt\/en\/wp-json\/wp\/v2\/media?parent=2108"}],"wp:term":[{"taxonomy":"category","embeddable":true,"href":"https:\/\/ciac.pt\/en\/wp-json\/wp\/v2\/categories?post=2108"},{"taxonomy":"post_tag","embeddable":true,"href":"https:\/\/ciac.pt\/en\/wp-json\/wp\/v2\/tags?post=2108"}],"curies":[{"name":"wp","href":"https:\/\/api.w.org\/{rel}","templated":true}]}}