{"id":2249,"date":"2023-10-23T12:01:40","date_gmt":"2023-10-23T11:01:40","guid":{"rendered":"https:\/\/web.ciac.pt\/?p=2249"},"modified":"2024-07-18T12:23:51","modified_gmt":"2024-07-18T11:23:51","slug":"a-escrita-que-ilumina-o-legado-epistolar-de-jose-mejuto-bernardez-preso-antifranquista-1936-1939","status":"publish","type":"post","link":"https:\/\/ciac.pt\/en\/publications\/a-escrita-que-ilumina-o-legado-epistolar-de-jose-mejuto-bernardez-preso-antifranquista-1936-1939\/","title":{"rendered":"A escrita que ilumina. O legado epistolar de Jos\u00e9 Mejuto Bern\u00e1rdez (preso antifranquista, 1936-1939)"},"content":{"rendered":"\n<figure class=\"wp-block-image size-full\"><img decoding=\"async\" width=\"183\" height=\"300\" data-src=\"https:\/\/web.ciac.pt\/wp-content\/uploads\/2023\/10\/a-escritura-que-ilumina.jpg\" alt=\"\" class=\"wp-image-2201 lazyload\" src=\"data:image\/svg+xml;base64,PHN2ZyB3aWR0aD0iMSIgaGVpZ2h0PSIxIiB4bWxucz0iaHR0cDovL3d3dy53My5vcmcvMjAwMC9zdmciPjwvc3ZnPg==\" style=\"--smush-placeholder-width: 183px; --smush-placeholder-aspect-ratio: 183\/300;\" \/><\/figure>\n\n\n\n<hr class=\"wp-block-separator has-text-color has-white-color has-alpha-channel-opacity has-white-background-color has-background\"\/>\n\n\n\n<p>[The book that illuminates. The epistolary legacy of Jos\u00e9 Mejuto Bern\u00e1rdez (Antifranquist prisoner, 1936-1939)]<\/p>\n\n\n\n<p>The third volume of the collection has as its protagonist the anti-Francoist prisoner Jos\u00e9 Mejuto Bern\u00e1rdez, whose epistolary legacy allows us to leave the collective silence and dignify the memory of an entire nation.<\/p>\n\n\n\n<p>Throughout the monograph, authors Alonso Montero, Olivia Rodr\u00edguez Gonz\u00e1lez and Ana Paula Mejuto Soba conduct a study of the 36 letters that Jos\u00e9 Mejuto Bern\u00e1rdez wrote to his family in the first months of the Civil War. This work allows us to approach not only the experiences of its protagonist but also the reality of the thousands of republican prisoners who, like him, encountered death in the Francoist prisons.<\/p>\n\n\n\n<p><strong>Authors:<\/strong>&nbsp;Xes\u00fas Alonso Montero, Olivia Rodr\u00edguez Gonz\u00e1lez e Ana Paula Mejuto Soba<\/p>\n\n\n\n<p><strong>Edition:<\/strong> Mar\u00eda Jes\u00fas Botana Vilar and Claudia Mari\u00f1o G\u00f3mez<\/p>\n\n\n\n<p><strong>Ano:<\/strong>&nbsp;2018<\/p>\n\n\n\n<p><strong>ISBN:<\/strong>&nbsp;978-989-9023-04-8<\/p>\n\n\n\n<p><strong>Number of pages:<\/strong> 100<\/p>\n\n\n\n<p><a href=\"https:\/\/doi.org\/10.34623\/81tp-gs43\" target=\"_blank\" rel=\"noreferrer noopener\">Descarregar<\/a><\/p>\n","protected":false},"excerpt":{"rendered":"<p>[The book that illuminates. The epistolary legacy of Jos\u00e9 Mejuto Bern\u00e1rdez (Antifranquist<\/p>\n","protected":false},"author":1,"featured_media":2202,"comment_status":"closed","ping_status":"closed","sticky":false,"template":"","format":"standard","meta":{"_eb_attr":"","inline_featured_image":false,"advgb_blocks_editor_width":"","advgb_blocks_columns_visual_guide":"","footnotes":"","_links_to":"","_links_to_target":""},"categories":[62],"tags":[94],"class_list":["post-2249","post","type-post","status-publish","format-standard","has-post-thumbnail","hentry","category-publications","tag-centre-for-galician-studies"],"yoast_head":"<!-- This site is optimized with the Yoast SEO plugin v27.4 - https:\/\/yoast.com\/product\/yoast-seo-wordpress\/ -->\n<title>A escrita que ilumina. O legado epistolar de Jos\u00e9 Mejuto Bern\u00e1rdez (preso antifranquista, 1936-1939) - CIAC<\/title>\n<meta name=\"robots\" content=\"index, follow, max-snippet:-1, max-image-preview:large, max-video-preview:-1\" \/>\n<link rel=\"canonical\" href=\"https:\/\/ciac.pt\/en\/publications\/a-escrita-que-ilumina-o-legado-epistolar-de-jose-mejuto-bernardez-preso-antifranquista-1936-1939\/\" \/>\n<meta property=\"og:locale\" content=\"en_US\" \/>\n<meta property=\"og:type\" content=\"article\" \/>\n<meta property=\"og:title\" content=\"A escrita que ilumina. O legado epistolar de Jos\u00e9 Mejuto Bern\u00e1rdez (preso antifranquista, 1936-1939) - CIAC\" \/>\n<meta property=\"og:description\" content=\"[The book that illuminates. The epistolary legacy of Jos\u00e9 Mejuto Bern\u00e1rdez (Antifranquist\" \/>\n<meta property=\"og:url\" content=\"https:\/\/ciac.pt\/en\/publications\/a-escrita-que-ilumina-o-legado-epistolar-de-jose-mejuto-bernardez-preso-antifranquista-1936-1939\/\" \/>\n<meta property=\"og:site_name\" content=\"CIAC\" \/>\n<meta property=\"article:published_time\" content=\"2023-10-23T11:01:40+00:00\" \/>\n<meta property=\"article:modified_time\" content=\"2024-07-18T11:23:51+00:00\" \/>\n<meta property=\"og:image\" content=\"https:\/\/ciac.pt\/wp-content\/uploads\/2023\/10\/a-escritura-que-ilumina.jpg\" \/>\n\t<meta property=\"og:image:width\" content=\"183\" \/>\n\t<meta property=\"og:image:height\" content=\"300\" \/>\n\t<meta property=\"og:image:type\" content=\"image\/jpeg\" \/>\n<meta name=\"author\" content=\"webmaster\" \/>\n<meta name=\"twitter:card\" content=\"summary_large_image\" \/>\n<meta name=\"twitter:label1\" content=\"Written by\" \/>\n\t<meta name=\"twitter:data1\" content=\"webmaster\" \/>\n\t<meta name=\"twitter:label2\" content=\"Est. reading time\" \/>\n\t<meta name=\"twitter:data2\" content=\"1 minute\" \/>\n<script type=\"application\/ld+json\" class=\"yoast-schema-graph\">{\"@context\":\"https:\\\/\\\/schema.org\",\"@graph\":[{\"@type\":\"Article\",\"@id\":\"https:\\\/\\\/ciac.pt\\\/en\\\/publications\\\/a-escrita-que-ilumina-o-legado-epistolar-de-jose-mejuto-bernardez-preso-antifranquista-1936-1939\\\/#article\",\"isPartOf\":{\"@id\":\"https:\\\/\\\/ciac.pt\\\/en\\\/publications\\\/a-escrita-que-ilumina-o-legado-epistolar-de-jose-mejuto-bernardez-preso-antifranquista-1936-1939\\\/\"},\"author\":{\"name\":\"webmaster\",\"@id\":\"https:\\\/\\\/ciac.pt\\\/en\\\/#\\\/schema\\\/person\\\/d6e2493431ce9cb2a44b9c1a48dcdf22\"},\"headline\":\"A escrita que ilumina. O legado epistolar de Jos\u00e9 Mejuto Bern\u00e1rdez (preso antifranquista, 1936-1939)\",\"datePublished\":\"2023-10-23T11:01:40+00:00\",\"dateModified\":\"2024-07-18T11:23:51+00:00\",\"mainEntityOfPage\":{\"@id\":\"https:\\\/\\\/ciac.pt\\\/en\\\/publications\\\/a-escrita-que-ilumina-o-legado-epistolar-de-jose-mejuto-bernardez-preso-antifranquista-1936-1939\\\/\"},\"wordCount\":177,\"publisher\":{\"@id\":\"https:\\\/\\\/ciac.pt\\\/en\\\/#organization\"},\"image\":{\"@id\":\"https:\\\/\\\/ciac.pt\\\/en\\\/publications\\\/a-escrita-que-ilumina-o-legado-epistolar-de-jose-mejuto-bernardez-preso-antifranquista-1936-1939\\\/#primaryimage\"},\"thumbnailUrl\":\"https:\\\/\\\/ciac.pt\\\/wp-content\\\/uploads\\\/2023\\\/10\\\/a-escritura-que-ilumina.jpg\",\"keywords\":[\"Centre for Galician Studies\"],\"articleSection\":[\"Publications\"],\"inLanguage\":\"en-US\"},{\"@type\":\"WebPage\",\"@id\":\"https:\\\/\\\/ciac.pt\\\/en\\\/publications\\\/a-escrita-que-ilumina-o-legado-epistolar-de-jose-mejuto-bernardez-preso-antifranquista-1936-1939\\\/\",\"url\":\"https:\\\/\\\/ciac.pt\\\/en\\\/publications\\\/a-escrita-que-ilumina-o-legado-epistolar-de-jose-mejuto-bernardez-preso-antifranquista-1936-1939\\\/\",\"name\":\"A escrita que ilumina. O legado epistolar de Jos\u00e9 Mejuto Bern\u00e1rdez (preso antifranquista, 1936-1939) - CIAC\",\"isPartOf\":{\"@id\":\"https:\\\/\\\/ciac.pt\\\/en\\\/#website\"},\"primaryImageOfPage\":{\"@id\":\"https:\\\/\\\/ciac.pt\\\/en\\\/publications\\\/a-escrita-que-ilumina-o-legado-epistolar-de-jose-mejuto-bernardez-preso-antifranquista-1936-1939\\\/#primaryimage\"},\"image\":{\"@id\":\"https:\\\/\\\/ciac.pt\\\/en\\\/publications\\\/a-escrita-que-ilumina-o-legado-epistolar-de-jose-mejuto-bernardez-preso-antifranquista-1936-1939\\\/#primaryimage\"},\"thumbnailUrl\":\"https:\\\/\\\/ciac.pt\\\/wp-content\\\/uploads\\\/2023\\\/10\\\/a-escritura-que-ilumina.jpg\",\"datePublished\":\"2023-10-23T11:01:40+00:00\",\"dateModified\":\"2024-07-18T11:23:51+00:00\",\"breadcrumb\":{\"@id\":\"https:\\\/\\\/ciac.pt\\\/en\\\/publications\\\/a-escrita-que-ilumina-o-legado-epistolar-de-jose-mejuto-bernardez-preso-antifranquista-1936-1939\\\/#breadcrumb\"},\"inLanguage\":\"en-US\",\"potentialAction\":[{\"@type\":\"ReadAction\",\"target\":[\"https:\\\/\\\/ciac.pt\\\/en\\\/publications\\\/a-escrita-que-ilumina-o-legado-epistolar-de-jose-mejuto-bernardez-preso-antifranquista-1936-1939\\\/\"]}]},{\"@type\":\"ImageObject\",\"inLanguage\":\"en-US\",\"@id\":\"https:\\\/\\\/ciac.pt\\\/en\\\/publications\\\/a-escrita-que-ilumina-o-legado-epistolar-de-jose-mejuto-bernardez-preso-antifranquista-1936-1939\\\/#primaryimage\",\"url\":\"https:\\\/\\\/ciac.pt\\\/wp-content\\\/uploads\\\/2023\\\/10\\\/a-escritura-que-ilumina.jpg\",\"contentUrl\":\"https:\\\/\\\/ciac.pt\\\/wp-content\\\/uploads\\\/2023\\\/10\\\/a-escritura-que-ilumina.jpg\",\"width\":183,\"height\":300},{\"@type\":\"BreadcrumbList\",\"@id\":\"https:\\\/\\\/ciac.pt\\\/en\\\/publications\\\/a-escrita-que-ilumina-o-legado-epistolar-de-jose-mejuto-bernardez-preso-antifranquista-1936-1939\\\/#breadcrumb\",\"itemListElement\":[{\"@type\":\"ListItem\",\"position\":1,\"name\":\"In\u00edcio\",\"item\":\"https:\\\/\\\/ciac.pt\\\/en\\\/\"},{\"@type\":\"ListItem\",\"position\":2,\"name\":\"A escrita que ilumina. O legado epistolar de Jos\u00e9 Mejuto Bern\u00e1rdez (preso antifranquista, 1936-1939)\"}]},{\"@type\":\"WebSite\",\"@id\":\"https:\\\/\\\/ciac.pt\\\/en\\\/#website\",\"url\":\"https:\\\/\\\/ciac.pt\\\/en\\\/\",\"name\":\"CIAC\",\"description\":\"Centro de Investiga\u00e7\u00e3o em Artes e Comunica\u00e7\u00e3o\",\"publisher\":{\"@id\":\"https:\\\/\\\/ciac.pt\\\/en\\\/#organization\"},\"potentialAction\":[{\"@type\":\"SearchAction\",\"target\":{\"@type\":\"EntryPoint\",\"urlTemplate\":\"https:\\\/\\\/ciac.pt\\\/en\\\/?s={search_term_string}\"},\"query-input\":{\"@type\":\"PropertyValueSpecification\",\"valueRequired\":true,\"valueName\":\"search_term_string\"}}],\"inLanguage\":\"en-US\"},{\"@type\":\"Organization\",\"@id\":\"https:\\\/\\\/ciac.pt\\\/en\\\/#organization\",\"name\":\"CIAC\",\"url\":\"https:\\\/\\\/ciac.pt\\\/en\\\/\",\"logo\":{\"@type\":\"ImageObject\",\"inLanguage\":\"en-US\",\"@id\":\"https:\\\/\\\/ciac.pt\\\/en\\\/#\\\/schema\\\/logo\\\/image\\\/\",\"url\":\"https:\\\/\\\/ciac.pt\\\/wp-content\\\/uploads\\\/2022\\\/06\\\/logo.svg\",\"contentUrl\":\"https:\\\/\\\/ciac.pt\\\/wp-content\\\/uploads\\\/2022\\\/06\\\/logo.svg\",\"width\":184,\"height\":51,\"caption\":\"CIAC\"},\"image\":{\"@id\":\"https:\\\/\\\/ciac.pt\\\/en\\\/#\\\/schema\\\/logo\\\/image\\\/\"}},{\"@type\":\"Person\",\"@id\":\"https:\\\/\\\/ciac.pt\\\/en\\\/#\\\/schema\\\/person\\\/d6e2493431ce9cb2a44b9c1a48dcdf22\",\"name\":\"webmaster\",\"image\":{\"@type\":\"ImageObject\",\"inLanguage\":\"en-US\",\"@id\":\"https:\\\/\\\/secure.gravatar.com\\\/avatar\\\/4ef351d84fb3a91f19297e2b90dbe2c32d11868ce0fb67b2b84c961cffdfb009?s=96&d=mm&r=g\",\"url\":\"https:\\\/\\\/secure.gravatar.com\\\/avatar\\\/4ef351d84fb3a91f19297e2b90dbe2c32d11868ce0fb67b2b84c961cffdfb009?s=96&d=mm&r=g\",\"contentUrl\":\"https:\\\/\\\/secure.gravatar.com\\\/avatar\\\/4ef351d84fb3a91f19297e2b90dbe2c32d11868ce0fb67b2b84c961cffdfb009?s=96&d=mm&r=g\",\"caption\":\"webmaster\"},\"url\":\"https:\\\/\\\/ciac.pt\\\/en\\\/author\\\/webmaster\\\/\"}]}<\/script>\n<!-- \/ Yoast SEO plugin. -->","yoast_head_json":{"title":"A escrita que ilumina. O legado epistolar de Jos\u00e9 Mejuto Bern\u00e1rdez (preso antifranquista, 1936-1939) - CIAC","robots":{"index":"index","follow":"follow","max-snippet":"max-snippet:-1","max-image-preview":"max-image-preview:large","max-video-preview":"max-video-preview:-1"},"canonical":"https:\/\/ciac.pt\/en\/publications\/a-escrita-que-ilumina-o-legado-epistolar-de-jose-mejuto-bernardez-preso-antifranquista-1936-1939\/","og_locale":"en_US","og_type":"article","og_title":"A escrita que ilumina. O legado epistolar de Jos\u00e9 Mejuto Bern\u00e1rdez (preso antifranquista, 1936-1939) - CIAC","og_description":"[The book that illuminates. The epistolary legacy of Jos\u00e9 Mejuto Bern\u00e1rdez (Antifranquist","og_url":"https:\/\/ciac.pt\/en\/publications\/a-escrita-que-ilumina-o-legado-epistolar-de-jose-mejuto-bernardez-preso-antifranquista-1936-1939\/","og_site_name":"CIAC","article_published_time":"2023-10-23T11:01:40+00:00","article_modified_time":"2024-07-18T11:23:51+00:00","og_image":[{"width":183,"height":300,"url":"https:\/\/ciac.pt\/wp-content\/uploads\/2023\/10\/a-escritura-que-ilumina.jpg","type":"image\/jpeg"}],"author":"webmaster","twitter_card":"summary_large_image","twitter_misc":{"Written by":"webmaster","Est. reading time":"1 minute"},"schema":{"@context":"https:\/\/schema.org","@graph":[{"@type":"Article","@id":"https:\/\/ciac.pt\/en\/publications\/a-escrita-que-ilumina-o-legado-epistolar-de-jose-mejuto-bernardez-preso-antifranquista-1936-1939\/#article","isPartOf":{"@id":"https:\/\/ciac.pt\/en\/publications\/a-escrita-que-ilumina-o-legado-epistolar-de-jose-mejuto-bernardez-preso-antifranquista-1936-1939\/"},"author":{"name":"webmaster","@id":"https:\/\/ciac.pt\/en\/#\/schema\/person\/d6e2493431ce9cb2a44b9c1a48dcdf22"},"headline":"A escrita que ilumina. O legado epistolar de Jos\u00e9 Mejuto Bern\u00e1rdez (preso antifranquista, 1936-1939)","datePublished":"2023-10-23T11:01:40+00:00","dateModified":"2024-07-18T11:23:51+00:00","mainEntityOfPage":{"@id":"https:\/\/ciac.pt\/en\/publications\/a-escrita-que-ilumina-o-legado-epistolar-de-jose-mejuto-bernardez-preso-antifranquista-1936-1939\/"},"wordCount":177,"publisher":{"@id":"https:\/\/ciac.pt\/en\/#organization"},"image":{"@id":"https:\/\/ciac.pt\/en\/publications\/a-escrita-que-ilumina-o-legado-epistolar-de-jose-mejuto-bernardez-preso-antifranquista-1936-1939\/#primaryimage"},"thumbnailUrl":"https:\/\/ciac.pt\/wp-content\/uploads\/2023\/10\/a-escritura-que-ilumina.jpg","keywords":["Centre for Galician Studies"],"articleSection":["Publications"],"inLanguage":"en-US"},{"@type":"WebPage","@id":"https:\/\/ciac.pt\/en\/publications\/a-escrita-que-ilumina-o-legado-epistolar-de-jose-mejuto-bernardez-preso-antifranquista-1936-1939\/","url":"https:\/\/ciac.pt\/en\/publications\/a-escrita-que-ilumina-o-legado-epistolar-de-jose-mejuto-bernardez-preso-antifranquista-1936-1939\/","name":"A escrita que ilumina. O legado epistolar de Jos\u00e9 Mejuto Bern\u00e1rdez (preso antifranquista, 1936-1939) - CIAC","isPartOf":{"@id":"https:\/\/ciac.pt\/en\/#website"},"primaryImageOfPage":{"@id":"https:\/\/ciac.pt\/en\/publications\/a-escrita-que-ilumina-o-legado-epistolar-de-jose-mejuto-bernardez-preso-antifranquista-1936-1939\/#primaryimage"},"image":{"@id":"https:\/\/ciac.pt\/en\/publications\/a-escrita-que-ilumina-o-legado-epistolar-de-jose-mejuto-bernardez-preso-antifranquista-1936-1939\/#primaryimage"},"thumbnailUrl":"https:\/\/ciac.pt\/wp-content\/uploads\/2023\/10\/a-escritura-que-ilumina.jpg","datePublished":"2023-10-23T11:01:40+00:00","dateModified":"2024-07-18T11:23:51+00:00","breadcrumb":{"@id":"https:\/\/ciac.pt\/en\/publications\/a-escrita-que-ilumina-o-legado-epistolar-de-jose-mejuto-bernardez-preso-antifranquista-1936-1939\/#breadcrumb"},"inLanguage":"en-US","potentialAction":[{"@type":"ReadAction","target":["https:\/\/ciac.pt\/en\/publications\/a-escrita-que-ilumina-o-legado-epistolar-de-jose-mejuto-bernardez-preso-antifranquista-1936-1939\/"]}]},{"@type":"ImageObject","inLanguage":"en-US","@id":"https:\/\/ciac.pt\/en\/publications\/a-escrita-que-ilumina-o-legado-epistolar-de-jose-mejuto-bernardez-preso-antifranquista-1936-1939\/#primaryimage","url":"https:\/\/ciac.pt\/wp-content\/uploads\/2023\/10\/a-escritura-que-ilumina.jpg","contentUrl":"https:\/\/ciac.pt\/wp-content\/uploads\/2023\/10\/a-escritura-que-ilumina.jpg","width":183,"height":300},{"@type":"BreadcrumbList","@id":"https:\/\/ciac.pt\/en\/publications\/a-escrita-que-ilumina-o-legado-epistolar-de-jose-mejuto-bernardez-preso-antifranquista-1936-1939\/#breadcrumb","itemListElement":[{"@type":"ListItem","position":1,"name":"In\u00edcio","item":"https:\/\/ciac.pt\/en\/"},{"@type":"ListItem","position":2,"name":"A escrita que ilumina. O legado epistolar de Jos\u00e9 Mejuto Bern\u00e1rdez (preso antifranquista, 1936-1939)"}]},{"@type":"WebSite","@id":"https:\/\/ciac.pt\/en\/#website","url":"https:\/\/ciac.pt\/en\/","name":"CIAC","description":"Centro de Investiga\u00e7\u00e3o em Artes e Comunica\u00e7\u00e3o","publisher":{"@id":"https:\/\/ciac.pt\/en\/#organization"},"potentialAction":[{"@type":"SearchAction","target":{"@type":"EntryPoint","urlTemplate":"https:\/\/ciac.pt\/en\/?s={search_term_string}"},"query-input":{"@type":"PropertyValueSpecification","valueRequired":true,"valueName":"search_term_string"}}],"inLanguage":"en-US"},{"@type":"Organization","@id":"https:\/\/ciac.pt\/en\/#organization","name":"CIAC","url":"https:\/\/ciac.pt\/en\/","logo":{"@type":"ImageObject","inLanguage":"en-US","@id":"https:\/\/ciac.pt\/en\/#\/schema\/logo\/image\/","url":"https:\/\/ciac.pt\/wp-content\/uploads\/2022\/06\/logo.svg","contentUrl":"https:\/\/ciac.pt\/wp-content\/uploads\/2022\/06\/logo.svg","width":184,"height":51,"caption":"CIAC"},"image":{"@id":"https:\/\/ciac.pt\/en\/#\/schema\/logo\/image\/"}},{"@type":"Person","@id":"https:\/\/ciac.pt\/en\/#\/schema\/person\/d6e2493431ce9cb2a44b9c1a48dcdf22","name":"webmaster","image":{"@type":"ImageObject","inLanguage":"en-US","@id":"https:\/\/secure.gravatar.com\/avatar\/4ef351d84fb3a91f19297e2b90dbe2c32d11868ce0fb67b2b84c961cffdfb009?s=96&d=mm&r=g","url":"https:\/\/secure.gravatar.com\/avatar\/4ef351d84fb3a91f19297e2b90dbe2c32d11868ce0fb67b2b84c961cffdfb009?s=96&d=mm&r=g","contentUrl":"https:\/\/secure.gravatar.com\/avatar\/4ef351d84fb3a91f19297e2b90dbe2c32d11868ce0fb67b2b84c961cffdfb009?s=96&d=mm&r=g","caption":"webmaster"},"url":"https:\/\/ciac.pt\/en\/author\/webmaster\/"}]}},"author_meta":{"display_name":"webmaster","author_link":"https:\/\/ciac.pt\/en\/author\/webmaster\/"},"featured_img":"https:\/\/ciac.pt\/wp-content\/uploads\/2023\/10\/a-escritura-que-ilumina.jpg","coauthors":[],"tax_additional":{"categories":{"linked":["<a href=\"https:\/\/ciac.pt\/en\/.\/publications\/\" class=\"advgb-post-tax-term\">Publications<\/a>"],"unlinked":["<span class=\"advgb-post-tax-term\">Publications<\/span>"]},"tags":{"linked":["<a href=\"https:\/\/ciac.pt\/en\/.\/publications\/\" class=\"advgb-post-tax-term\">Centre for Galician Studies<\/a>"],"unlinked":["<span class=\"advgb-post-tax-term\">Centre for Galician Studies<\/span>"]}},"comment_count":0,"relative_dates":{"created":"Posted 3 years ago","modified":"Updated 2 years ago"},"absolute_dates":{"created":"Posted on 23\/10\/2023","modified":"Updated on 18\/07\/2024"},"absolute_dates_time":{"created":"Posted on 23\/10\/2023 12:01","modified":"Updated on 18\/07\/2024 12:23"},"featured_img_caption":"","series_order":"","_links":{"self":[{"href":"https:\/\/ciac.pt\/en\/wp-json\/wp\/v2\/posts\/2249","targetHints":{"allow":["GET"]}}],"collection":[{"href":"https:\/\/ciac.pt\/en\/wp-json\/wp\/v2\/posts"}],"about":[{"href":"https:\/\/ciac.pt\/en\/wp-json\/wp\/v2\/types\/post"}],"author":[{"embeddable":true,"href":"https:\/\/ciac.pt\/en\/wp-json\/wp\/v2\/users\/1"}],"replies":[{"embeddable":true,"href":"https:\/\/ciac.pt\/en\/wp-json\/wp\/v2\/comments?post=2249"}],"version-history":[{"count":5,"href":"https:\/\/ciac.pt\/en\/wp-json\/wp\/v2\/posts\/2249\/revisions"}],"predecessor-version":[{"id":8182,"href":"https:\/\/ciac.pt\/en\/wp-json\/wp\/v2\/posts\/2249\/revisions\/8182"}],"wp:featuredmedia":[{"embeddable":true,"href":"https:\/\/ciac.pt\/en\/wp-json\/wp\/v2\/media\/2202"}],"wp:attachment":[{"href":"https:\/\/ciac.pt\/en\/wp-json\/wp\/v2\/media?parent=2249"}],"wp:term":[{"taxonomy":"category","embeddable":true,"href":"https:\/\/ciac.pt\/en\/wp-json\/wp\/v2\/categories?post=2249"},{"taxonomy":"post_tag","embeddable":true,"href":"https:\/\/ciac.pt\/en\/wp-json\/wp\/v2\/tags?post=2249"}],"curies":[{"name":"wp","href":"https:\/\/api.w.org\/{rel}","templated":true}]}}