{"id":4120,"date":"2024-01-30T14:18:11","date_gmt":"2024-01-30T14:18:11","guid":{"rendered":"https:\/\/ciac.pt\/?p=4120"},"modified":"2024-01-30T14:18:14","modified_gmt":"2024-01-30T14:18:14","slug":"pedro-alfonso-ferre-ponte","status":"publish","type":"post","link":"https:\/\/ciac.pt\/en\/members\/pedro-alfonso-ferre-ponte\/","title":{"rendered":"Pedro Alfonso Ferr\u00e9 Ponte"},"content":{"rendered":"\n<div class=\"wp-block-group\"><div class=\"wp-block-group__inner-container is-layout-constrained wp-block-group-is-layout-constrained\">\n<div class=\"wp-block-advgb-columns advgb-columns-wrapper\" id=\"advgb-cols-4f119a0c-c5b9-4510-b0b2-fdc5bc583870\"><div class=\"advgb-columns-container\"><div class=\"advgb-columns advgb-columns-row advgb-is-mobile advgb-columns-2 layout-23-13 mbl-layout-stacked vgutter-10\">\n<div class=\"wp-block-advgb-column advgb-column\" id=\"advgb-col-59f8c431-4760-4e68-bc7e-1b74f247a2da\"><div class=\"advgb-column-inner\" style=\"border-style:none;border-width:1px\"><\/div><\/div>\n\n\n\n<div class=\"wp-block-advgb-column advgb-column\" id=\"advgb-col-a55e5f8c-8ef8-45f0-b6aa-99bf85dbd0fa\"><div class=\"advgb-column-inner\" style=\"border-style:none;border-width:1px\"><\/div><\/div>\n<\/div><\/div><\/div>\n\n\n\n<h2 class=\"wp-block-heading\">Pedro Ferr\u00e9<\/h2>\n\n\n\n<div class=\"wp-block-advgb-columns advgb-columns-wrapper\" id=\"advgb-cols-5047893b-768c-44b2-853a-c849cd0dc41f\"><div class=\"advgb-columns-container\"><div class=\"advgb-columns advgb-columns-row advgb-is-mobile advgb-columns-2 layout-13-23 mbl-layout-stacked gutter-30 vgutter-10\">\n<div class=\"wp-block-advgb-column advgb-column\" id=\"advgb-col-a8511c41-1f83-49dd-8645-b5db4ff4226d\"><div class=\"advgb-column-inner\" style=\"border-style:none;border-width:1px\">\n<p><a href=\"mailto:pferre@ualg.pt\">pferre@ualg.pt<\/a><\/p>\n\n\n\n<p><a href=\"https:\/\/www.cienciavitae.pt\/0718-16F4-D1E6\">https:\/\/www.cienciavitae.pt\/0718-16F4-D1E6<\/a><\/p>\n\n\n\n<p><a href=\"https:\/\/orcid.org\/0000-0002-4243-9906\">https:\/\/orcid.org\/0000-0002-4243-9906<\/a><\/p>\n<\/div><\/div>\n\n\n\n<div class=\"wp-block-advgb-column advgb-column\" id=\"advgb-col-225f0562-dd3e-4c3e-8953-ae47294b09ea\"><div class=\"advgb-column-inner\" style=\"border-style:none;border-width:1px\">\n<p>Pedro Alfonso Ferr\u00e9 da Ponte (Pere Ferr\u00e9) has a degree in Literature from the Faculty of Letters of the University of Lisbon (1978) and a PhD in Romance Literatures from the Faculty of Social and Human Sciences of the New University of Lisbon (1987), where he joined in 1996. He has taught at the universities of Lisbon, Nova de Lisboa and Algarve, as well as abroad at the universities of Utrecht, Cologne and the \u00c9cole des Hautes \u00c9tudes in Paris. He is currently Professor Emeritus at the University of the Algarve and Honorary Professor at the Complutense University of Madrid. He is a member of the Advisory Board of the Lu\u00eds Filipe Lindley Cintra\/Ram\u00f3n Men\u00e9ndez Pidal Chair at the Faculty of Letters of the University of Lisbon.<\/p>\n\n\n\n<h3 class=\"wp-block-heading\">Research Interests<\/h3>\n\n\n\n<p>He has devoted his scientific activity essentially to modern oral tradition romance, ancient romance (XV-XVI) and Spanish and Portuguese literatures. He is currently a member of the Centro de Investiga\u00e7\u00e3o em Artes e Comunica\u00e7\u00e3o (University of the Algarve) and also carries out research in foreign centers, such as the &#8216;Instituto Seminario Men\u00e9ndez Pidal&#8217; of the Complutense University of Madrid, as an Honorary Professor of this Spanish university. As a result of this work, which began 40 years ago, he has published more than 150 titles, including books, book chapters, scientific articles, entries in dictionaries of literature and music, and reviews, in countries such as the United States, Brazil, Spain, Portugal, France, Italy and the Netherlands. The published works cover fields such as medieval Galician-Portuguese lyric, the theater of Gil Vicente, ancient romance (XV-XVI) and modern oral tradition, peninsular Romanticism and some incursions into contemporary Portuguese literature. Many of these studies are the result of research carried out thanks to competitive research projects (FCT; Gulbenkian Foundation; Regional Government of the Azores; Ministry of Economy, Industry and Competitiveness; Ministry of Science, Innovation and Universities; etc.). Works such as Romanceiro Portugu\u00eas da Tradi\u00e7\u00e3o Oral Moderna, 4 tomos, Lisbon, Gulbenkian, 2000-2004 (the fifth and final volume is currently in press) and Bibliografia do Romanceiro Portugu\u00eas da Tradi\u00e7\u00e3o Oral Moderna, Madrid, Instituto Universitario Seminario Men\u00e9ndez Pidal, Universidad Complutense, 2000, are the corollary of work to systematize and analyse the Portuguese ballad. Also under his direction, the &#8216;Arquivo do Romanceiro Portugu\u00eas&#8217; was created (both in its material and digitalized versions, see romanceiro.pt). The development of this project is currently the focus of his main research.<\/p>\n\n\n\n<h3 class=\"wp-block-heading\">Latest Publications<\/h3>\n\n\n\n<p><strong>[2023]<\/strong> Ferr\u00e9, P. (Coord.). (2023).<em> David Mour\u00e3o-Ferreira: Um tributo, 25 anos depois.<\/em> C\u00e1tedra Cascais Interartes. <a href=\"http:\/\/id.bnportugal.gov.pt\/bib\/bibnacional\/2146008\" target=\"_blank\" rel=\"noreferrer noopener\">http:\/\/id.bnportugal.gov.pt\/bib\/bibnacional\/2146008<\/a>&nbsp;<\/p>\n\n\n\n<p><strong>[2023]<\/strong> Ferr\u00e9, P. Efem\u00e9ride: Palavras preambulares. In P. Ferr\u00e9 (Coord.), <em>David Mour\u00e3o-Ferreira: Um tributo, 25 anos depois<\/em> (pp. 15-23). C\u00e1tedra Cascais Interartes. <a href=\"http:\/\/id.bnportugal.gov.pt\/bib\/bibnacional\/2146008\" target=\"_blank\" rel=\"noreferrer noopener\">http:\/\/id.bnportugal.gov.pt\/bib\/bibnacional\/2146008<\/a>&nbsp;<\/p>\n\n\n\n<p><strong>[2023]<\/strong> Ferr\u00e9, P. (2023). <em>Una tomba emblematica per una morta incoronata: Nuevas disquisiciones sobre In\u00e9s de Castro en el Romancero<\/em>. Centro de Investiga\u00e7\u00e3o em Artes e Comunica\u00e7\u00e3o; Romanceiro.pt. <a href=\"https:\/\/doi.org\/10.34623\/c2gq-as20\" target=\"_blank\" rel=\"noreferrer noopener\">https:\/\/doi.org\/10.34623\/c2gq-as20<\/a>&nbsp;<\/p>\n\n\n\n<p><strong>[2021] <\/strong>Ferr\u00e9, P. (2021). Ant\u00f3nio Nobre e a balada rom\u00e2ntica. In C. I. Carmo, J. M. Frias, M. C. Pimentel, R. Nobre, &amp; R. Patr\u00edcio (Coords.), <em>Presen\u00e7a e mem\u00f3ria: Homenagem a Paula Mor\u00e3o<\/em> (pp. 423-439). Universidade de Lisboa; Edi\u00e7\u00f5es Colibri. <a href=\"http:\/\/hdl.handle.net\/10451\/58761\" target=\"_blank\" rel=\"noreferrer noopener\">http:\/\/hdl.handle.net\/10451\/58761<\/a>&nbsp;<\/p>\n\n\n\n<p><strong>[2021] <\/strong>Ferr\u00e9, P. (2021). Um monumento de palavras. In A. P. Arnaut; &amp; A. T. Peixinho (Orgs.), <em>As palavras vis\u00edveis: Estudos para Carlos Reis<\/em> (pp. 87-105). MinervaCoimbra. <a href=\"https:\/\/www.uc.pt\/++preview++\/fluc\/clp\/not\/L_apv_epcr\" target=\"_blank\" rel=\"noreferrer noopener\">https:\/\/www.uc.pt\/++preview++\/fluc\/clp\/not\/L_apv_epcr<\/a>&nbsp;<\/p>\n\n\n\n<p><strong>[2021] <\/strong>Ferr\u00e9, P. (2021). O soneto em Nuno J\u00fadice. <em>Suroeste, <\/em>10, 179-188. <a href=\"https:\/\/ortegamunoz.com\/suroeste\/ensayo\/pere-ferre-o-soneto-em-nuno-judice\/\" target=\"_blank\" rel=\"noreferrer noopener\">https:\/\/ortegamunoz.com\/suroeste\/ensayo\/pere-ferre-o-soneto-em-nuno-judice\/<\/a>&nbsp;<\/p>\n\n\n\n<p><strong>[2020]<\/strong> Ferr\u00e9, P. (2020). En torno a \u201cCombateremos a sombra\u201d. <em>Turia<\/em>, 136, 212-223.&nbsp;<\/p>\n\n\n\n<p><strong>[2020]<\/strong> Ferr\u00e9, P. (2020). Algumas notas a prop\u00f3sito de \u201cprocessos de varia\u00e7\u00e3o\u201d de Braulio do Nascimento&#8221;. In S. Boto, J. A. C. Mart\u00ednez, &amp; P. Ferr\u00e9 (Coords.), <em>\u201cViejos son, pero no cansan\u201d: <\/em><em>Novos estudos sobre o Romanceiro <\/em>(pp. 61-75). Fundaci\u00f3n Ram\u00f3n Men\u00e9ndez Pidal; Instituto Universitario \u201cSeminario Men\u00e9ndez Pidal\u201d; Centro de Investiga\u00e7\u00e3o em Artes e Comunica\u00e7\u00e3o; Centro de Literatura Portuguesa; Instituto de Estudos de Literatura e Tradi\u00e7\u00e3o. <a href=\"https:\/\/doi.org\/10.34619\/pzn0-hn81\" target=\"_blank\" rel=\"noreferrer noopener\">https:\/\/doi.org\/10.34619\/pzn0-hn81<\/a><strong><\/strong>&nbsp;<\/p>\n\n\n\n<p><strong>[2020]<\/strong> Boto, S., Mart\u00ednez, J. A. C., &amp; Ferr\u00e9, P. (Coords.). (2020). <em>\u201cViejos son, pero no cansan\u201d: <\/em><em>Novos estudos sobre o Romanceiro<\/em>. Fundaci\u00f3n Ram\u00f3n Men\u00e9ndez Pidal; Instituto Universitario \u201cSeminario Men\u00e9ndez Pidal\u201d; Centro de Investiga\u00e7\u00e3o em Artes e Comunica\u00e7\u00e3o; Centro de Literatura Portuguesa; Instituto de Estudos de Literatura e Tradi\u00e7\u00e3o. <a href=\"https:\/\/doi.org\/10.34619\/j07b-er05\" target=\"_blank\" rel=\"noreferrer noopener\">https:\/\/doi.org\/10.34619\/j07b-er05<\/a>&nbsp;<\/p>\n\n\n\n<p><strong>[2019]<\/strong> Ferr\u00e9, P. (2019). Pr\u00f3logo. In D. L. Tortajada,<em> Floresta de varios romances sacados de las historias antiguas de los hechos famosos de los Doze Pares de Francia, en Valencia 1642 <\/em>(pp. 9- 17). Frente de Afirmaci\u00f3n Hispanista.&nbsp;<\/p>\n\n\n\n<p><strong>[2018]<\/strong> Ferr\u00e9, P. (2018). Gil Vicente e a cultura popular. In J. Cam\u00f5es, &amp; J. A. C. Bernardes (Coords.), <em>Gil Vicente: Compendio<\/em> (pp. 87- 122). Imprensa da Universidade de Coimbra; Imprensa Nacional Casa da Moeda. <a href=\"https:\/\/doi.org\/10.14195\/978-989-26-1548-6_4\" target=\"_blank\" rel=\"noreferrer noopener\">https:\/\/doi.org\/10.14195\/978-989-26-1548-6_4<\/a><strong><\/strong>&nbsp;<\/p>\n\n\n\n<p><strong>[2015]<\/strong> Ferr\u00e9, P., Pi\u00f1ero, P. M., &amp; Valenciano, A. (Coords.). (2015). <em>Miscel\u00e1nea de estudios sobre el Romancero: Homenaje a Giuseppe Di Stefano<\/em>.<strong> <\/strong>Editorial Universidad de Sevilla; Universidade do Algarve.&nbsp;<\/p>\n\n\n\n<p><strong>[2015]<\/strong> Ferr\u00e9, P. (2015). Da fixa\u00e7\u00e3o oitocentista \u00e0 redescoberta da voz original. In P. Ferr\u00e9, P. M. Pi\u00f1ero, &amp; A. Valenciano (Coords.), <em>Miscel\u00e1nea de estudios sobre el Romancero: Homenaje a Giuseppe Di Stefano<\/em> (pp. 223-249). Editorial Universidad de Sevilla; Universidade do Algarve.&nbsp;<\/p>\n\n\n\n<p><strong>[2014]<\/strong> Ferr\u00e9, P., Boto, S., &amp; Tavares, M. (2014).<strong> <\/strong>Projeto \u201cO Arquivo do Romanceiro Portugu\u00eas da Tradi\u00e7\u00e3o Oral Moderna (1828-2010)\u201d: Sua preserva\u00e7\u00e3o e difus\u00e3o.<strong> <\/strong>In S. Boto (Org.), <em>VII Jornadas de Investiga\u00e7\u00e3o do CIAC<\/em> (pp. 33-48). Centro de Investiga\u00e7\u00e3o em Artes e Comunica\u00e7\u00e3o.<\/p>\n<\/div><\/div>\n<\/div><\/div><\/div>\n<\/div><\/div>\n<style class=\"advgb-styles-renderer\">#advgb-col-59f8c431-4760-4e68-bc7e-1b74f247a2da>.advgb-column-inner{}@media screen and (max-width: 1023px) {#advgb-col-59f8c431-4760-4e68-bc7e-1b74f247a2da>.advgb-column-inner{}}@media screen and (max-width: 767px) {#advgb-col-59f8c431-4760-4e68-bc7e-1b74f247a2da>.advgb-column-inner{}}#advgb-col-a55e5f8c-8ef8-45f0-b6aa-99bf85dbd0fa>.advgb-column-inner{}@media screen and (max-width: 1023px) {#advgb-col-a55e5f8c-8ef8-45f0-b6aa-99bf85dbd0fa>.advgb-column-inner{}}@media screen and (max-width: 767px) {#advgb-col-a55e5f8c-8ef8-45f0-b6aa-99bf85dbd0fa>.advgb-column-inner{}}#advgb-cols-4f119a0c-c5b9-4510-b0b2-fdc5bc583870{}@media screen and (max-width: 1023px) {#advgb-cols-4f119a0c-c5b9-4510-b0b2-fdc5bc583870{}}@media screen and (max-width: 767px) {#advgb-cols-4f119a0c-c5b9-4510-b0b2-fdc5bc583870{}}#advgb-col-59f8c431-4760-4e68-bc7e-1b74f247a2da>.advgb-column-inner{}@media screen and (max-width: 1023px) {#advgb-col-59f8c431-4760-4e68-bc7e-1b74f247a2da>.advgb-column-inner{}}@media screen and (max-width: 767px) {#advgb-col-59f8c431-4760-4e68-bc7e-1b74f247a2da>.advgb-column-inner{}}#advgb-col-a55e5f8c-8ef8-45f0-b6aa-99bf85dbd0fa>.advgb-column-inner{}@media screen and (max-width: 1023px) {#advgb-col-a55e5f8c-8ef8-45f0-b6aa-99bf85dbd0fa>.advgb-column-inner{}}@media screen and (max-width: 767px) {#advgb-col-a55e5f8c-8ef8-45f0-b6aa-99bf85dbd0fa>.advgb-column-inner{}}#advgb-col-a8511c41-1f83-49dd-8645-b5db4ff4226d>.advgb-column-inner{}@media screen and (max-width: 1023px) {#advgb-col-a8511c41-1f83-49dd-8645-b5db4ff4226d>.advgb-column-inner{}}@media screen and (max-width: 767px) {#advgb-col-a8511c41-1f83-49dd-8645-b5db4ff4226d>.advgb-column-inner{}}#advgb-col-225f0562-dd3e-4c3e-8953-ae47294b09ea>.advgb-column-inner{}@media screen and (max-width: 1023px) {#advgb-col-225f0562-dd3e-4c3e-8953-ae47294b09ea>.advgb-column-inner{}}@media screen and (max-width: 767px) {#advgb-col-225f0562-dd3e-4c3e-8953-ae47294b09ea>.advgb-column-inner{}}#advgb-cols-5047893b-768c-44b2-853a-c849cd0dc41f{}@media screen and (max-width: 1023px) {#advgb-cols-5047893b-768c-44b2-853a-c849cd0dc41f{}}@media screen and (max-width: 767px) {#advgb-cols-5047893b-768c-44b2-853a-c849cd0dc41f{}}#advgb-col-a8511c41-1f83-49dd-8645-b5db4ff4226d>.advgb-column-inner{}@media screen and (max-width: 1023px) {#advgb-col-a8511c41-1f83-49dd-8645-b5db4ff4226d>.advgb-column-inner{}}@media screen and (max-width: 767px) {#advgb-col-a8511c41-1f83-49dd-8645-b5db4ff4226d>.advgb-column-inner{}}#advgb-col-225f0562-dd3e-4c3e-8953-ae47294b09ea>.advgb-column-inner{}@media screen and (max-width: 1023px) {#advgb-col-225f0562-dd3e-4c3e-8953-ae47294b09ea>.advgb-column-inner{}}@media screen and (max-width: 767px) {#advgb-col-225f0562-dd3e-4c3e-8953-ae47294b09ea>.advgb-column-inner{}}#advgb-cols-4f119a0c-c5b9-4510-b0b2-fdc5bc583870{}@media screen and (max-width: 1023px) {#advgb-cols-4f119a0c-c5b9-4510-b0b2-fdc5bc583870{}}@media screen and (max-width: 767px) {#advgb-cols-4f119a0c-c5b9-4510-b0b2-fdc5bc583870{}}#advgb-col-59f8c431-4760-4e68-bc7e-1b74f247a2da>.advgb-column-inner{}@media screen and (max-width: 1023px) {#advgb-col-59f8c431-4760-4e68-bc7e-1b74f247a2da>.advgb-column-inner{}}@media screen and (max-width: 767px) {#advgb-col-59f8c431-4760-4e68-bc7e-1b74f247a2da>.advgb-column-inner{}}#advgb-col-a55e5f8c-8ef8-45f0-b6aa-99bf85dbd0fa>.advgb-column-inner{}@media screen and (max-width: 1023px) {#advgb-col-a55e5f8c-8ef8-45f0-b6aa-99bf85dbd0fa>.advgb-column-inner{}}@media screen and (max-width: 767px) {#advgb-col-a55e5f8c-8ef8-45f0-b6aa-99bf85dbd0fa>.advgb-column-inner{}}#advgb-cols-5047893b-768c-44b2-853a-c849cd0dc41f{}@media screen and (max-width: 1023px) {#advgb-cols-5047893b-768c-44b2-853a-c849cd0dc41f{}}@media screen and (max-width: 767px) {#advgb-cols-5047893b-768c-44b2-853a-c849cd0dc41f{}}#advgb-col-a8511c41-1f83-49dd-8645-b5db4ff4226d>.advgb-column-inner{}@media screen and (max-width: 1023px) {#advgb-col-a8511c41-1f83-49dd-8645-b5db4ff4226d>.advgb-column-inner{}}@media screen and (max-width: 767px) {#advgb-col-a8511c41-1f83-49dd-8645-b5db4ff4226d>.advgb-column-inner{}}#advgb-col-225f0562-dd3e-4c3e-8953-ae47294b09ea>.advgb-column-inner{}@media screen and (max-width: 1023px) {#advgb-col-225f0562-dd3e-4c3e-8953-ae47294b09ea>.advgb-column-inner{}}@media screen and (max-width: 767px) {#advgb-col-225f0562-dd3e-4c3e-8953-ae47294b09ea>.advgb-column-inner{}}<\/style>","protected":false},"excerpt":{"rendered":"<p>Pedro Ferr\u00e9<\/p>\n","protected":false},"author":1,"featured_media":0,"comment_status":"closed","ping_status":"closed","sticky":false,"template":"","format":"standard","meta":{"_eb_attr":"","inline_featured_image":false,"advgb_blocks_editor_width":"","advgb_blocks_columns_visual_guide":"","footnotes":"","_links_to":"","_links_to_target":""},"categories":[8],"tags":[22,82],"class_list":["post-4120","post","type-post","status-publish","format-standard","hentry","category-members","tag-scientific-council","tag-scientific-council-ciac-editions"],"yoast_head":"<!-- This site is optimized with the Yoast SEO plugin v27.4 - https:\/\/yoast.com\/product\/yoast-seo-wordpress\/ -->\n<title>Pedro Alfonso Ferr\u00e9 Ponte - CIAC<\/title>\n<meta name=\"robots\" content=\"index, follow, max-snippet:-1, max-image-preview:large, max-video-preview:-1\" \/>\n<link rel=\"canonical\" href=\"https:\/\/ciac.pt\/en\/members\/pedro-alfonso-ferre-ponte\/\" \/>\n<meta property=\"og:locale\" content=\"en_US\" \/>\n<meta property=\"og:type\" content=\"article\" \/>\n<meta property=\"og:title\" content=\"Pedro Alfonso Ferr\u00e9 Ponte - CIAC\" \/>\n<meta property=\"og:description\" content=\"Pedro Ferr\u00e9\" \/>\n<meta property=\"og:url\" content=\"https:\/\/ciac.pt\/en\/members\/pedro-alfonso-ferre-ponte\/\" \/>\n<meta property=\"og:site_name\" content=\"CIAC\" \/>\n<meta property=\"article:published_time\" content=\"2024-01-30T14:18:11+00:00\" \/>\n<meta property=\"article:modified_time\" content=\"2024-01-30T14:18:14+00:00\" \/>\n<meta property=\"og:image\" content=\"https:\/\/web.ciac.pt\/wp-content\/uploads\/2023\/10\/placeholder-photo-landscape-1620x1215-1-1024x768.png\" \/>\n<meta name=\"author\" content=\"webmaster\" \/>\n<meta name=\"twitter:card\" content=\"summary_large_image\" \/>\n<meta name=\"twitter:label1\" content=\"Written by\" \/>\n\t<meta name=\"twitter:data1\" content=\"webmaster\" \/>\n\t<meta name=\"twitter:label2\" content=\"Est. reading time\" \/>\n\t<meta name=\"twitter:data2\" content=\"5 minutes\" \/>\n<script type=\"application\/ld+json\" class=\"yoast-schema-graph\">{\"@context\":\"https:\\\/\\\/schema.org\",\"@graph\":[{\"@type\":\"Article\",\"@id\":\"https:\\\/\\\/ciac.pt\\\/en\\\/members\\\/pedro-alfonso-ferre-ponte\\\/#article\",\"isPartOf\":{\"@id\":\"https:\\\/\\\/ciac.pt\\\/en\\\/members\\\/pedro-alfonso-ferre-ponte\\\/\"},\"author\":{\"name\":\"webmaster\",\"@id\":\"https:\\\/\\\/ciac.pt\\\/en\\\/#\\\/schema\\\/person\\\/d6e2493431ce9cb2a44b9c1a48dcdf22\"},\"headline\":\"Pedro Alfonso Ferr\u00e9 Ponte\",\"datePublished\":\"2024-01-30T14:18:11+00:00\",\"dateModified\":\"2024-01-30T14:18:14+00:00\",\"mainEntityOfPage\":{\"@id\":\"https:\\\/\\\/ciac.pt\\\/en\\\/members\\\/pedro-alfonso-ferre-ponte\\\/\"},\"wordCount\":975,\"publisher\":{\"@id\":\"https:\\\/\\\/ciac.pt\\\/en\\\/#organization\"},\"image\":{\"@id\":\"https:\\\/\\\/ciac.pt\\\/en\\\/members\\\/pedro-alfonso-ferre-ponte\\\/#primaryimage\"},\"thumbnailUrl\":\"https:\\\/\\\/web.ciac.pt\\\/wp-content\\\/uploads\\\/2023\\\/10\\\/placeholder-photo-landscape-1620x1215-1-1024x768.png\",\"keywords\":[\"Scientific Council\",\"Scientific Council (CIAC Editions)\"],\"articleSection\":[\"Members\"],\"inLanguage\":\"en-US\"},{\"@type\":\"WebPage\",\"@id\":\"https:\\\/\\\/ciac.pt\\\/en\\\/members\\\/pedro-alfonso-ferre-ponte\\\/\",\"url\":\"https:\\\/\\\/ciac.pt\\\/en\\\/members\\\/pedro-alfonso-ferre-ponte\\\/\",\"name\":\"Pedro Alfonso Ferr\u00e9 Ponte - CIAC\",\"isPartOf\":{\"@id\":\"https:\\\/\\\/ciac.pt\\\/en\\\/#website\"},\"primaryImageOfPage\":{\"@id\":\"https:\\\/\\\/ciac.pt\\\/en\\\/members\\\/pedro-alfonso-ferre-ponte\\\/#primaryimage\"},\"image\":{\"@id\":\"https:\\\/\\\/ciac.pt\\\/en\\\/members\\\/pedro-alfonso-ferre-ponte\\\/#primaryimage\"},\"thumbnailUrl\":\"https:\\\/\\\/web.ciac.pt\\\/wp-content\\\/uploads\\\/2023\\\/10\\\/placeholder-photo-landscape-1620x1215-1-1024x768.png\",\"datePublished\":\"2024-01-30T14:18:11+00:00\",\"dateModified\":\"2024-01-30T14:18:14+00:00\",\"breadcrumb\":{\"@id\":\"https:\\\/\\\/ciac.pt\\\/en\\\/members\\\/pedro-alfonso-ferre-ponte\\\/#breadcrumb\"},\"inLanguage\":\"en-US\",\"potentialAction\":[{\"@type\":\"ReadAction\",\"target\":[\"https:\\\/\\\/ciac.pt\\\/en\\\/members\\\/pedro-alfonso-ferre-ponte\\\/\"]}]},{\"@type\":\"ImageObject\",\"inLanguage\":\"en-US\",\"@id\":\"https:\\\/\\\/ciac.pt\\\/en\\\/members\\\/pedro-alfonso-ferre-ponte\\\/#primaryimage\",\"url\":\"https:\\\/\\\/web.ciac.pt\\\/wp-content\\\/uploads\\\/2023\\\/10\\\/placeholder-photo-landscape-1620x1215-1-1024x768.png\",\"contentUrl\":\"https:\\\/\\\/web.ciac.pt\\\/wp-content\\\/uploads\\\/2023\\\/10\\\/placeholder-photo-landscape-1620x1215-1-1024x768.png\"},{\"@type\":\"BreadcrumbList\",\"@id\":\"https:\\\/\\\/ciac.pt\\\/en\\\/members\\\/pedro-alfonso-ferre-ponte\\\/#breadcrumb\",\"itemListElement\":[{\"@type\":\"ListItem\",\"position\":1,\"name\":\"In\u00edcio\",\"item\":\"https:\\\/\\\/ciac.pt\\\/en\\\/\"},{\"@type\":\"ListItem\",\"position\":2,\"name\":\"Pedro Alfonso Ferr\u00e9 Ponte\"}]},{\"@type\":\"WebSite\",\"@id\":\"https:\\\/\\\/ciac.pt\\\/en\\\/#website\",\"url\":\"https:\\\/\\\/ciac.pt\\\/en\\\/\",\"name\":\"CIAC\",\"description\":\"Centro de Investiga\u00e7\u00e3o em Artes e Comunica\u00e7\u00e3o\",\"publisher\":{\"@id\":\"https:\\\/\\\/ciac.pt\\\/en\\\/#organization\"},\"potentialAction\":[{\"@type\":\"SearchAction\",\"target\":{\"@type\":\"EntryPoint\",\"urlTemplate\":\"https:\\\/\\\/ciac.pt\\\/en\\\/?s={search_term_string}\"},\"query-input\":{\"@type\":\"PropertyValueSpecification\",\"valueRequired\":true,\"valueName\":\"search_term_string\"}}],\"inLanguage\":\"en-US\"},{\"@type\":\"Organization\",\"@id\":\"https:\\\/\\\/ciac.pt\\\/en\\\/#organization\",\"name\":\"CIAC\",\"url\":\"https:\\\/\\\/ciac.pt\\\/en\\\/\",\"logo\":{\"@type\":\"ImageObject\",\"inLanguage\":\"en-US\",\"@id\":\"https:\\\/\\\/ciac.pt\\\/en\\\/#\\\/schema\\\/logo\\\/image\\\/\",\"url\":\"https:\\\/\\\/ciac.pt\\\/wp-content\\\/uploads\\\/2022\\\/06\\\/logo.svg\",\"contentUrl\":\"https:\\\/\\\/ciac.pt\\\/wp-content\\\/uploads\\\/2022\\\/06\\\/logo.svg\",\"width\":184,\"height\":51,\"caption\":\"CIAC\"},\"image\":{\"@id\":\"https:\\\/\\\/ciac.pt\\\/en\\\/#\\\/schema\\\/logo\\\/image\\\/\"}},{\"@type\":\"Person\",\"@id\":\"https:\\\/\\\/ciac.pt\\\/en\\\/#\\\/schema\\\/person\\\/d6e2493431ce9cb2a44b9c1a48dcdf22\",\"name\":\"webmaster\",\"image\":{\"@type\":\"ImageObject\",\"inLanguage\":\"en-US\",\"@id\":\"https:\\\/\\\/secure.gravatar.com\\\/avatar\\\/4ef351d84fb3a91f19297e2b90dbe2c32d11868ce0fb67b2b84c961cffdfb009?s=96&d=mm&r=g\",\"url\":\"https:\\\/\\\/secure.gravatar.com\\\/avatar\\\/4ef351d84fb3a91f19297e2b90dbe2c32d11868ce0fb67b2b84c961cffdfb009?s=96&d=mm&r=g\",\"contentUrl\":\"https:\\\/\\\/secure.gravatar.com\\\/avatar\\\/4ef351d84fb3a91f19297e2b90dbe2c32d11868ce0fb67b2b84c961cffdfb009?s=96&d=mm&r=g\",\"caption\":\"webmaster\"},\"url\":\"https:\\\/\\\/ciac.pt\\\/en\\\/author\\\/webmaster\\\/\"}]}<\/script>\n<!-- \/ Yoast SEO plugin. -->","yoast_head_json":{"title":"Pedro Alfonso Ferr\u00e9 Ponte - CIAC","robots":{"index":"index","follow":"follow","max-snippet":"max-snippet:-1","max-image-preview":"max-image-preview:large","max-video-preview":"max-video-preview:-1"},"canonical":"https:\/\/ciac.pt\/en\/members\/pedro-alfonso-ferre-ponte\/","og_locale":"en_US","og_type":"article","og_title":"Pedro Alfonso Ferr\u00e9 Ponte - CIAC","og_description":"Pedro Ferr\u00e9","og_url":"https:\/\/ciac.pt\/en\/members\/pedro-alfonso-ferre-ponte\/","og_site_name":"CIAC","article_published_time":"2024-01-30T14:18:11+00:00","article_modified_time":"2024-01-30T14:18:14+00:00","og_image":[{"url":"https:\/\/web.ciac.pt\/wp-content\/uploads\/2023\/10\/placeholder-photo-landscape-1620x1215-1-1024x768.png","type":"","width":"","height":""}],"author":"webmaster","twitter_card":"summary_large_image","twitter_misc":{"Written by":"webmaster","Est. reading time":"5 minutes"},"schema":{"@context":"https:\/\/schema.org","@graph":[{"@type":"Article","@id":"https:\/\/ciac.pt\/en\/members\/pedro-alfonso-ferre-ponte\/#article","isPartOf":{"@id":"https:\/\/ciac.pt\/en\/members\/pedro-alfonso-ferre-ponte\/"},"author":{"name":"webmaster","@id":"https:\/\/ciac.pt\/en\/#\/schema\/person\/d6e2493431ce9cb2a44b9c1a48dcdf22"},"headline":"Pedro Alfonso Ferr\u00e9 Ponte","datePublished":"2024-01-30T14:18:11+00:00","dateModified":"2024-01-30T14:18:14+00:00","mainEntityOfPage":{"@id":"https:\/\/ciac.pt\/en\/members\/pedro-alfonso-ferre-ponte\/"},"wordCount":975,"publisher":{"@id":"https:\/\/ciac.pt\/en\/#organization"},"image":{"@id":"https:\/\/ciac.pt\/en\/members\/pedro-alfonso-ferre-ponte\/#primaryimage"},"thumbnailUrl":"https:\/\/web.ciac.pt\/wp-content\/uploads\/2023\/10\/placeholder-photo-landscape-1620x1215-1-1024x768.png","keywords":["Scientific Council","Scientific Council (CIAC Editions)"],"articleSection":["Members"],"inLanguage":"en-US"},{"@type":"WebPage","@id":"https:\/\/ciac.pt\/en\/members\/pedro-alfonso-ferre-ponte\/","url":"https:\/\/ciac.pt\/en\/members\/pedro-alfonso-ferre-ponte\/","name":"Pedro Alfonso Ferr\u00e9 Ponte - CIAC","isPartOf":{"@id":"https:\/\/ciac.pt\/en\/#website"},"primaryImageOfPage":{"@id":"https:\/\/ciac.pt\/en\/members\/pedro-alfonso-ferre-ponte\/#primaryimage"},"image":{"@id":"https:\/\/ciac.pt\/en\/members\/pedro-alfonso-ferre-ponte\/#primaryimage"},"thumbnailUrl":"https:\/\/web.ciac.pt\/wp-content\/uploads\/2023\/10\/placeholder-photo-landscape-1620x1215-1-1024x768.png","datePublished":"2024-01-30T14:18:11+00:00","dateModified":"2024-01-30T14:18:14+00:00","breadcrumb":{"@id":"https:\/\/ciac.pt\/en\/members\/pedro-alfonso-ferre-ponte\/#breadcrumb"},"inLanguage":"en-US","potentialAction":[{"@type":"ReadAction","target":["https:\/\/ciac.pt\/en\/members\/pedro-alfonso-ferre-ponte\/"]}]},{"@type":"ImageObject","inLanguage":"en-US","@id":"https:\/\/ciac.pt\/en\/members\/pedro-alfonso-ferre-ponte\/#primaryimage","url":"https:\/\/web.ciac.pt\/wp-content\/uploads\/2023\/10\/placeholder-photo-landscape-1620x1215-1-1024x768.png","contentUrl":"https:\/\/web.ciac.pt\/wp-content\/uploads\/2023\/10\/placeholder-photo-landscape-1620x1215-1-1024x768.png"},{"@type":"BreadcrumbList","@id":"https:\/\/ciac.pt\/en\/members\/pedro-alfonso-ferre-ponte\/#breadcrumb","itemListElement":[{"@type":"ListItem","position":1,"name":"In\u00edcio","item":"https:\/\/ciac.pt\/en\/"},{"@type":"ListItem","position":2,"name":"Pedro Alfonso Ferr\u00e9 Ponte"}]},{"@type":"WebSite","@id":"https:\/\/ciac.pt\/en\/#website","url":"https:\/\/ciac.pt\/en\/","name":"CIAC","description":"Centro de Investiga\u00e7\u00e3o em Artes e Comunica\u00e7\u00e3o","publisher":{"@id":"https:\/\/ciac.pt\/en\/#organization"},"potentialAction":[{"@type":"SearchAction","target":{"@type":"EntryPoint","urlTemplate":"https:\/\/ciac.pt\/en\/?s={search_term_string}"},"query-input":{"@type":"PropertyValueSpecification","valueRequired":true,"valueName":"search_term_string"}}],"inLanguage":"en-US"},{"@type":"Organization","@id":"https:\/\/ciac.pt\/en\/#organization","name":"CIAC","url":"https:\/\/ciac.pt\/en\/","logo":{"@type":"ImageObject","inLanguage":"en-US","@id":"https:\/\/ciac.pt\/en\/#\/schema\/logo\/image\/","url":"https:\/\/ciac.pt\/wp-content\/uploads\/2022\/06\/logo.svg","contentUrl":"https:\/\/ciac.pt\/wp-content\/uploads\/2022\/06\/logo.svg","width":184,"height":51,"caption":"CIAC"},"image":{"@id":"https:\/\/ciac.pt\/en\/#\/schema\/logo\/image\/"}},{"@type":"Person","@id":"https:\/\/ciac.pt\/en\/#\/schema\/person\/d6e2493431ce9cb2a44b9c1a48dcdf22","name":"webmaster","image":{"@type":"ImageObject","inLanguage":"en-US","@id":"https:\/\/secure.gravatar.com\/avatar\/4ef351d84fb3a91f19297e2b90dbe2c32d11868ce0fb67b2b84c961cffdfb009?s=96&d=mm&r=g","url":"https:\/\/secure.gravatar.com\/avatar\/4ef351d84fb3a91f19297e2b90dbe2c32d11868ce0fb67b2b84c961cffdfb009?s=96&d=mm&r=g","contentUrl":"https:\/\/secure.gravatar.com\/avatar\/4ef351d84fb3a91f19297e2b90dbe2c32d11868ce0fb67b2b84c961cffdfb009?s=96&d=mm&r=g","caption":"webmaster"},"url":"https:\/\/ciac.pt\/en\/author\/webmaster\/"}]}},"author_meta":{"display_name":"webmaster","author_link":"https:\/\/ciac.pt\/en\/author\/webmaster\/"},"featured_img":null,"coauthors":[],"tax_additional":{"categories":{"linked":["<a href=\"https:\/\/ciac.pt\/en\/.\/members\/\" class=\"advgb-post-tax-term\">Members<\/a>"],"unlinked":["<span class=\"advgb-post-tax-term\">Members<\/span>"]},"tags":{"linked":["<a href=\"https:\/\/ciac.pt\/en\/.\/members\/\" class=\"advgb-post-tax-term\">Scientific Council<\/a>","<a href=\"https:\/\/ciac.pt\/en\/.\/members\/\" class=\"advgb-post-tax-term\">Scientific Council (CIAC Editions)<\/a>"],"unlinked":["<span class=\"advgb-post-tax-term\">Scientific Council<\/span>","<span class=\"advgb-post-tax-term\">Scientific Council (CIAC Editions)<\/span>"]}},"comment_count":0,"relative_dates":{"created":"Posted 2 years ago","modified":"Updated 2 years ago"},"absolute_dates":{"created":"Posted on 30\/01\/2024","modified":"Updated on 30\/01\/2024"},"absolute_dates_time":{"created":"Posted on 30\/01\/2024 14:18","modified":"Updated on 30\/01\/2024 14:18"},"featured_img_caption":"","series_order":"","_links":{"self":[{"href":"https:\/\/ciac.pt\/en\/wp-json\/wp\/v2\/posts\/4120","targetHints":{"allow":["GET"]}}],"collection":[{"href":"https:\/\/ciac.pt\/en\/wp-json\/wp\/v2\/posts"}],"about":[{"href":"https:\/\/ciac.pt\/en\/wp-json\/wp\/v2\/types\/post"}],"author":[{"embeddable":true,"href":"https:\/\/ciac.pt\/en\/wp-json\/wp\/v2\/users\/1"}],"replies":[{"embeddable":true,"href":"https:\/\/ciac.pt\/en\/wp-json\/wp\/v2\/comments?post=4120"}],"version-history":[{"count":1,"href":"https:\/\/ciac.pt\/en\/wp-json\/wp\/v2\/posts\/4120\/revisions"}],"predecessor-version":[{"id":4121,"href":"https:\/\/ciac.pt\/en\/wp-json\/wp\/v2\/posts\/4120\/revisions\/4121"}],"wp:attachment":[{"href":"https:\/\/ciac.pt\/en\/wp-json\/wp\/v2\/media?parent=4120"}],"wp:term":[{"taxonomy":"category","embeddable":true,"href":"https:\/\/ciac.pt\/en\/wp-json\/wp\/v2\/categories?post=4120"},{"taxonomy":"post_tag","embeddable":true,"href":"https:\/\/ciac.pt\/en\/wp-json\/wp\/v2\/tags?post=4120"}],"curies":[{"name":"wp","href":"https:\/\/api.w.org\/{rel}","templated":true}]}}