{"id":4151,"date":"2024-01-31T10:56:04","date_gmt":"2024-01-31T10:56:04","guid":{"rendered":"https:\/\/ciac.pt\/?p=4151"},"modified":"2024-05-29T20:40:02","modified_gmt":"2024-05-29T19:40:02","slug":"the-xviii-ciac-conference-will-take-place-on-march-1-2024","status":"publish","type":"post","link":"https:\/\/ciac.pt\/en\/news\/the-xviii-ciac-conference-will-take-place-on-march-1-2024\/","title":{"rendered":"The XVIII CIAC Conference will take place on MARCH 1, 2024"},"content":{"rendered":"\n<div class=\"wp-block-group alignwide\"><div class=\"wp-block-group__inner-container is-layout-constrained wp-block-group-is-layout-constrained\">\n\n\n\n\n<figure class=\"wp-block-image size-medium is-resized\"><img decoding=\"async\" width=\"300\" height=\"225\" data-src=\"https:\/\/ciac.pt\/wp-content\/uploads\/2024\/01\/xviii-jornadas-300x225.jpg\" alt=\"\" class=\"wp-image-4148 lazyload\" style=\"--smush-placeholder-width: 300px; --smush-placeholder-aspect-ratio: 300\/225;width:auto;height:300px\" data-srcset=\"https:\/\/ciac.pt\/wp-content\/uploads\/2024\/01\/xviii-jornadas-300x225.jpg 300w, https:\/\/ciac.pt\/wp-content\/uploads\/2024\/01\/xviii-jornadas-1024x768.jpg 1024w, https:\/\/ciac.pt\/wp-content\/uploads\/2024\/01\/xviii-jornadas-768x576.jpg 768w, https:\/\/ciac.pt\/wp-content\/uploads\/2024\/01\/xviii-jornadas-1536x1152.jpg 1536w, https:\/\/ciac.pt\/wp-content\/uploads\/2024\/01\/xviii-jornadas.jpg 1620w\" data-sizes=\"(max-width: 300px) 100vw, 300px\" src=\"data:image\/svg+xml;base64,PHN2ZyB3aWR0aD0iMSIgaGVpZ2h0PSIxIiB4bWxucz0iaHR0cDovL3d3dy53My5vcmcvMjAwMC9zdmciPjwvc3ZnPg==\" \/><\/figure>\n\n\n<h1 class=\"wp-block-post-title\">The XVIII CIAC Conference will take place on MARCH 1, 2024<\/h1>\n\n<div class=\"wp-block-post-date has-text-color has-cyan-bluish-gray-color\"><time datetime=\"2024-01-31T10:56:04+00:00\">31\/01\/2024<\/time><\/div>\n\n\n<hr class=\"wp-block-separator has-text-color has-white-color has-alpha-channel-opacity has-white-background-color has-background\"\/>\n\n\n\n<p>On March 1, 2024, the University of Algarve will host the XVIII CIAC Conference. The theme for next year&#8217;s edition is &#8220;Minds and Machines: AI in Communication, Culture, and the Arts&#8221;.<\/p>\n\n\n\n<p>The essence of the event remains the same: bringing together researchers and collaborators of CIAC, both junior and senior, for a day of sharing, problematizing, and discussing projects, publications, methodologies, concepts, and paths.<\/p>\n\n\n\n<p>In addition to the thematic session, featuring a series of national and international interventions, including one by researcher Geraint A. Wiggins (Queen Mary University of London, UK\/Association for Computational Creativity), the XVIII CIAC Conference will also include its usual panels dedicated to research and projects hosted by the Center.<\/p>\n\n\n\n<p>Registrations are open! (<a href=\"https:\/\/forms.gle\/RTSQmAPyg4H12opz7\">here<\/a>)<\/p>\n<\/div><\/div>\n","protected":false},"excerpt":{"rendered":"<p>On March 1, 2024, the University of Algarve will host the XVIII<\/p>\n","protected":false},"author":1,"featured_media":4149,"comment_status":"closed","ping_status":"closed","sticky":false,"template":"","format":"standard","meta":{"_eb_attr":"","inline_featured_image":false,"advgb_blocks_editor_width":"","advgb_blocks_columns_visual_guide":"","footnotes":"","_links_to":"","_links_to_target":""},"categories":[61],"tags":[128],"class_list":["post-4151","post","type-post","status-publish","format-standard","has-post-thumbnail","hentry","category-news","tag-event"],"yoast_head":"<!-- This site is optimized with the Yoast SEO plugin v27.4 - https:\/\/yoast.com\/product\/yoast-seo-wordpress\/ -->\n<title>The XVIII CIAC Conference will take place on MARCH 1, 2024 - CIAC<\/title>\n<meta name=\"robots\" content=\"index, follow, max-snippet:-1, max-image-preview:large, max-video-preview:-1\" \/>\n<link rel=\"canonical\" href=\"https:\/\/ciac.pt\/en\/news\/the-xviii-ciac-conference-will-take-place-on-march-1-2024\/\" \/>\n<meta property=\"og:locale\" content=\"en_US\" \/>\n<meta property=\"og:type\" content=\"article\" \/>\n<meta property=\"og:title\" content=\"The XVIII CIAC Conference will take place on MARCH 1, 2024 - CIAC\" \/>\n<meta property=\"og:description\" content=\"On March 1, 2024, the University of Algarve will host the XVIII\" \/>\n<meta property=\"og:url\" content=\"https:\/\/ciac.pt\/en\/news\/the-xviii-ciac-conference-will-take-place-on-march-1-2024\/\" \/>\n<meta property=\"og:site_name\" content=\"CIAC\" \/>\n<meta property=\"article:published_time\" content=\"2024-01-31T10:56:04+00:00\" \/>\n<meta property=\"article:modified_time\" content=\"2024-05-29T19:40:02+00:00\" \/>\n<meta property=\"og:image\" content=\"https:\/\/ciac.pt\/wp-content\/uploads\/2024\/01\/xviii-jornadas.jpg\" \/>\n\t<meta property=\"og:image:width\" content=\"1620\" \/>\n\t<meta property=\"og:image:height\" content=\"1215\" \/>\n\t<meta property=\"og:image:type\" content=\"image\/jpeg\" \/>\n<meta name=\"author\" content=\"webmaster\" \/>\n<meta name=\"twitter:card\" content=\"summary_large_image\" \/>\n<meta name=\"twitter:label1\" content=\"Written by\" \/>\n\t<meta name=\"twitter:data1\" content=\"webmaster\" \/>\n\t<meta name=\"twitter:label2\" content=\"Est. reading time\" \/>\n\t<meta name=\"twitter:data2\" content=\"1 minute\" \/>\n<script type=\"application\/ld+json\" class=\"yoast-schema-graph\">{\"@context\":\"https:\\\/\\\/schema.org\",\"@graph\":[{\"@type\":\"Article\",\"@id\":\"https:\\\/\\\/ciac.pt\\\/en\\\/news\\\/the-xviii-ciac-conference-will-take-place-on-march-1-2024\\\/#article\",\"isPartOf\":{\"@id\":\"https:\\\/\\\/ciac.pt\\\/en\\\/news\\\/the-xviii-ciac-conference-will-take-place-on-march-1-2024\\\/\"},\"author\":{\"name\":\"webmaster\",\"@id\":\"https:\\\/\\\/ciac.pt\\\/en\\\/#\\\/schema\\\/person\\\/d6e2493431ce9cb2a44b9c1a48dcdf22\"},\"headline\":\"The XVIII CIAC Conference will take place on MARCH 1, 2024\",\"datePublished\":\"2024-01-31T10:56:04+00:00\",\"dateModified\":\"2024-05-29T19:40:02+00:00\",\"mainEntityOfPage\":{\"@id\":\"https:\\\/\\\/ciac.pt\\\/en\\\/news\\\/the-xviii-ciac-conference-will-take-place-on-march-1-2024\\\/\"},\"wordCount\":128,\"publisher\":{\"@id\":\"https:\\\/\\\/ciac.pt\\\/en\\\/#organization\"},\"image\":{\"@id\":\"https:\\\/\\\/ciac.pt\\\/en\\\/news\\\/the-xviii-ciac-conference-will-take-place-on-march-1-2024\\\/#primaryimage\"},\"thumbnailUrl\":\"https:\\\/\\\/ciac.pt\\\/wp-content\\\/uploads\\\/2024\\\/01\\\/xviii-jornadas.jpg\",\"keywords\":[\"Event\"],\"articleSection\":[\"News\"],\"inLanguage\":\"en-US\"},{\"@type\":\"WebPage\",\"@id\":\"https:\\\/\\\/ciac.pt\\\/en\\\/news\\\/the-xviii-ciac-conference-will-take-place-on-march-1-2024\\\/\",\"url\":\"https:\\\/\\\/ciac.pt\\\/en\\\/news\\\/the-xviii-ciac-conference-will-take-place-on-march-1-2024\\\/\",\"name\":\"The XVIII CIAC Conference will take place on MARCH 1, 2024 - CIAC\",\"isPartOf\":{\"@id\":\"https:\\\/\\\/ciac.pt\\\/en\\\/#website\"},\"primaryImageOfPage\":{\"@id\":\"https:\\\/\\\/ciac.pt\\\/en\\\/news\\\/the-xviii-ciac-conference-will-take-place-on-march-1-2024\\\/#primaryimage\"},\"image\":{\"@id\":\"https:\\\/\\\/ciac.pt\\\/en\\\/news\\\/the-xviii-ciac-conference-will-take-place-on-march-1-2024\\\/#primaryimage\"},\"thumbnailUrl\":\"https:\\\/\\\/ciac.pt\\\/wp-content\\\/uploads\\\/2024\\\/01\\\/xviii-jornadas.jpg\",\"datePublished\":\"2024-01-31T10:56:04+00:00\",\"dateModified\":\"2024-05-29T19:40:02+00:00\",\"breadcrumb\":{\"@id\":\"https:\\\/\\\/ciac.pt\\\/en\\\/news\\\/the-xviii-ciac-conference-will-take-place-on-march-1-2024\\\/#breadcrumb\"},\"inLanguage\":\"en-US\",\"potentialAction\":[{\"@type\":\"ReadAction\",\"target\":[\"https:\\\/\\\/ciac.pt\\\/en\\\/news\\\/the-xviii-ciac-conference-will-take-place-on-march-1-2024\\\/\"]}]},{\"@type\":\"ImageObject\",\"inLanguage\":\"en-US\",\"@id\":\"https:\\\/\\\/ciac.pt\\\/en\\\/news\\\/the-xviii-ciac-conference-will-take-place-on-march-1-2024\\\/#primaryimage\",\"url\":\"https:\\\/\\\/ciac.pt\\\/wp-content\\\/uploads\\\/2024\\\/01\\\/xviii-jornadas.jpg\",\"contentUrl\":\"https:\\\/\\\/ciac.pt\\\/wp-content\\\/uploads\\\/2024\\\/01\\\/xviii-jornadas.jpg\",\"width\":1620,\"height\":1215},{\"@type\":\"BreadcrumbList\",\"@id\":\"https:\\\/\\\/ciac.pt\\\/en\\\/news\\\/the-xviii-ciac-conference-will-take-place-on-march-1-2024\\\/#breadcrumb\",\"itemListElement\":[{\"@type\":\"ListItem\",\"position\":1,\"name\":\"In\u00edcio\",\"item\":\"https:\\\/\\\/ciac.pt\\\/en\\\/\"},{\"@type\":\"ListItem\",\"position\":2,\"name\":\"The XVIII CIAC Conference will take place on MARCH 1, 2024\"}]},{\"@type\":\"WebSite\",\"@id\":\"https:\\\/\\\/ciac.pt\\\/en\\\/#website\",\"url\":\"https:\\\/\\\/ciac.pt\\\/en\\\/\",\"name\":\"CIAC\",\"description\":\"Centro de Investiga\u00e7\u00e3o em Artes e Comunica\u00e7\u00e3o\",\"publisher\":{\"@id\":\"https:\\\/\\\/ciac.pt\\\/en\\\/#organization\"},\"potentialAction\":[{\"@type\":\"SearchAction\",\"target\":{\"@type\":\"EntryPoint\",\"urlTemplate\":\"https:\\\/\\\/ciac.pt\\\/en\\\/?s={search_term_string}\"},\"query-input\":{\"@type\":\"PropertyValueSpecification\",\"valueRequired\":true,\"valueName\":\"search_term_string\"}}],\"inLanguage\":\"en-US\"},{\"@type\":\"Organization\",\"@id\":\"https:\\\/\\\/ciac.pt\\\/en\\\/#organization\",\"name\":\"CIAC\",\"url\":\"https:\\\/\\\/ciac.pt\\\/en\\\/\",\"logo\":{\"@type\":\"ImageObject\",\"inLanguage\":\"en-US\",\"@id\":\"https:\\\/\\\/ciac.pt\\\/en\\\/#\\\/schema\\\/logo\\\/image\\\/\",\"url\":\"https:\\\/\\\/ciac.pt\\\/wp-content\\\/uploads\\\/2022\\\/06\\\/logo.svg\",\"contentUrl\":\"https:\\\/\\\/ciac.pt\\\/wp-content\\\/uploads\\\/2022\\\/06\\\/logo.svg\",\"width\":184,\"height\":51,\"caption\":\"CIAC\"},\"image\":{\"@id\":\"https:\\\/\\\/ciac.pt\\\/en\\\/#\\\/schema\\\/logo\\\/image\\\/\"}},{\"@type\":\"Person\",\"@id\":\"https:\\\/\\\/ciac.pt\\\/en\\\/#\\\/schema\\\/person\\\/d6e2493431ce9cb2a44b9c1a48dcdf22\",\"name\":\"webmaster\",\"image\":{\"@type\":\"ImageObject\",\"inLanguage\":\"en-US\",\"@id\":\"https:\\\/\\\/secure.gravatar.com\\\/avatar\\\/4ef351d84fb3a91f19297e2b90dbe2c32d11868ce0fb67b2b84c961cffdfb009?s=96&d=mm&r=g\",\"url\":\"https:\\\/\\\/secure.gravatar.com\\\/avatar\\\/4ef351d84fb3a91f19297e2b90dbe2c32d11868ce0fb67b2b84c961cffdfb009?s=96&d=mm&r=g\",\"contentUrl\":\"https:\\\/\\\/secure.gravatar.com\\\/avatar\\\/4ef351d84fb3a91f19297e2b90dbe2c32d11868ce0fb67b2b84c961cffdfb009?s=96&d=mm&r=g\",\"caption\":\"webmaster\"},\"url\":\"https:\\\/\\\/ciac.pt\\\/en\\\/author\\\/webmaster\\\/\"}]}<\/script>\n<!-- \/ Yoast SEO plugin. -->","yoast_head_json":{"title":"The XVIII CIAC Conference will take place on MARCH 1, 2024 - CIAC","robots":{"index":"index","follow":"follow","max-snippet":"max-snippet:-1","max-image-preview":"max-image-preview:large","max-video-preview":"max-video-preview:-1"},"canonical":"https:\/\/ciac.pt\/en\/news\/the-xviii-ciac-conference-will-take-place-on-march-1-2024\/","og_locale":"en_US","og_type":"article","og_title":"The XVIII CIAC Conference will take place on MARCH 1, 2024 - CIAC","og_description":"On March 1, 2024, the University of Algarve will host the XVIII","og_url":"https:\/\/ciac.pt\/en\/news\/the-xviii-ciac-conference-will-take-place-on-march-1-2024\/","og_site_name":"CIAC","article_published_time":"2024-01-31T10:56:04+00:00","article_modified_time":"2024-05-29T19:40:02+00:00","og_image":[{"width":1620,"height":1215,"url":"https:\/\/ciac.pt\/wp-content\/uploads\/2024\/01\/xviii-jornadas.jpg","type":"image\/jpeg"}],"author":"webmaster","twitter_card":"summary_large_image","twitter_misc":{"Written by":"webmaster","Est. reading time":"1 minute"},"schema":{"@context":"https:\/\/schema.org","@graph":[{"@type":"Article","@id":"https:\/\/ciac.pt\/en\/news\/the-xviii-ciac-conference-will-take-place-on-march-1-2024\/#article","isPartOf":{"@id":"https:\/\/ciac.pt\/en\/news\/the-xviii-ciac-conference-will-take-place-on-march-1-2024\/"},"author":{"name":"webmaster","@id":"https:\/\/ciac.pt\/en\/#\/schema\/person\/d6e2493431ce9cb2a44b9c1a48dcdf22"},"headline":"The XVIII CIAC Conference will take place on MARCH 1, 2024","datePublished":"2024-01-31T10:56:04+00:00","dateModified":"2024-05-29T19:40:02+00:00","mainEntityOfPage":{"@id":"https:\/\/ciac.pt\/en\/news\/the-xviii-ciac-conference-will-take-place-on-march-1-2024\/"},"wordCount":128,"publisher":{"@id":"https:\/\/ciac.pt\/en\/#organization"},"image":{"@id":"https:\/\/ciac.pt\/en\/news\/the-xviii-ciac-conference-will-take-place-on-march-1-2024\/#primaryimage"},"thumbnailUrl":"https:\/\/ciac.pt\/wp-content\/uploads\/2024\/01\/xviii-jornadas.jpg","keywords":["Event"],"articleSection":["News"],"inLanguage":"en-US"},{"@type":"WebPage","@id":"https:\/\/ciac.pt\/en\/news\/the-xviii-ciac-conference-will-take-place-on-march-1-2024\/","url":"https:\/\/ciac.pt\/en\/news\/the-xviii-ciac-conference-will-take-place-on-march-1-2024\/","name":"The XVIII CIAC Conference will take place on MARCH 1, 2024 - CIAC","isPartOf":{"@id":"https:\/\/ciac.pt\/en\/#website"},"primaryImageOfPage":{"@id":"https:\/\/ciac.pt\/en\/news\/the-xviii-ciac-conference-will-take-place-on-march-1-2024\/#primaryimage"},"image":{"@id":"https:\/\/ciac.pt\/en\/news\/the-xviii-ciac-conference-will-take-place-on-march-1-2024\/#primaryimage"},"thumbnailUrl":"https:\/\/ciac.pt\/wp-content\/uploads\/2024\/01\/xviii-jornadas.jpg","datePublished":"2024-01-31T10:56:04+00:00","dateModified":"2024-05-29T19:40:02+00:00","breadcrumb":{"@id":"https:\/\/ciac.pt\/en\/news\/the-xviii-ciac-conference-will-take-place-on-march-1-2024\/#breadcrumb"},"inLanguage":"en-US","potentialAction":[{"@type":"ReadAction","target":["https:\/\/ciac.pt\/en\/news\/the-xviii-ciac-conference-will-take-place-on-march-1-2024\/"]}]},{"@type":"ImageObject","inLanguage":"en-US","@id":"https:\/\/ciac.pt\/en\/news\/the-xviii-ciac-conference-will-take-place-on-march-1-2024\/#primaryimage","url":"https:\/\/ciac.pt\/wp-content\/uploads\/2024\/01\/xviii-jornadas.jpg","contentUrl":"https:\/\/ciac.pt\/wp-content\/uploads\/2024\/01\/xviii-jornadas.jpg","width":1620,"height":1215},{"@type":"BreadcrumbList","@id":"https:\/\/ciac.pt\/en\/news\/the-xviii-ciac-conference-will-take-place-on-march-1-2024\/#breadcrumb","itemListElement":[{"@type":"ListItem","position":1,"name":"In\u00edcio","item":"https:\/\/ciac.pt\/en\/"},{"@type":"ListItem","position":2,"name":"The XVIII CIAC Conference will take place on MARCH 1, 2024"}]},{"@type":"WebSite","@id":"https:\/\/ciac.pt\/en\/#website","url":"https:\/\/ciac.pt\/en\/","name":"CIAC","description":"Centro de Investiga\u00e7\u00e3o em Artes e Comunica\u00e7\u00e3o","publisher":{"@id":"https:\/\/ciac.pt\/en\/#organization"},"potentialAction":[{"@type":"SearchAction","target":{"@type":"EntryPoint","urlTemplate":"https:\/\/ciac.pt\/en\/?s={search_term_string}"},"query-input":{"@type":"PropertyValueSpecification","valueRequired":true,"valueName":"search_term_string"}}],"inLanguage":"en-US"},{"@type":"Organization","@id":"https:\/\/ciac.pt\/en\/#organization","name":"CIAC","url":"https:\/\/ciac.pt\/en\/","logo":{"@type":"ImageObject","inLanguage":"en-US","@id":"https:\/\/ciac.pt\/en\/#\/schema\/logo\/image\/","url":"https:\/\/ciac.pt\/wp-content\/uploads\/2022\/06\/logo.svg","contentUrl":"https:\/\/ciac.pt\/wp-content\/uploads\/2022\/06\/logo.svg","width":184,"height":51,"caption":"CIAC"},"image":{"@id":"https:\/\/ciac.pt\/en\/#\/schema\/logo\/image\/"}},{"@type":"Person","@id":"https:\/\/ciac.pt\/en\/#\/schema\/person\/d6e2493431ce9cb2a44b9c1a48dcdf22","name":"webmaster","image":{"@type":"ImageObject","inLanguage":"en-US","@id":"https:\/\/secure.gravatar.com\/avatar\/4ef351d84fb3a91f19297e2b90dbe2c32d11868ce0fb67b2b84c961cffdfb009?s=96&d=mm&r=g","url":"https:\/\/secure.gravatar.com\/avatar\/4ef351d84fb3a91f19297e2b90dbe2c32d11868ce0fb67b2b84c961cffdfb009?s=96&d=mm&r=g","contentUrl":"https:\/\/secure.gravatar.com\/avatar\/4ef351d84fb3a91f19297e2b90dbe2c32d11868ce0fb67b2b84c961cffdfb009?s=96&d=mm&r=g","caption":"webmaster"},"url":"https:\/\/ciac.pt\/en\/author\/webmaster\/"}]}},"author_meta":{"display_name":"webmaster","author_link":"https:\/\/ciac.pt\/en\/author\/webmaster\/"},"featured_img":"https:\/\/ciac.pt\/wp-content\/uploads\/2024\/01\/xviii-jornadas-300x225.jpg","coauthors":[],"tax_additional":{"categories":{"linked":["<a href=\"https:\/\/ciac.pt\/en\/.\/news\/\" class=\"advgb-post-tax-term\">News<\/a>"],"unlinked":["<span class=\"advgb-post-tax-term\">News<\/span>"]},"tags":{"linked":["<a href=\"https:\/\/ciac.pt\/en\/.\/news\/\" class=\"advgb-post-tax-term\">Event<\/a>"],"unlinked":["<span class=\"advgb-post-tax-term\">Event<\/span>"]}},"comment_count":0,"relative_dates":{"created":"Posted 2 years ago","modified":"Updated 2 years ago"},"absolute_dates":{"created":"Posted on 31\/01\/2024","modified":"Updated on 29\/05\/2024"},"absolute_dates_time":{"created":"Posted on 31\/01\/2024 10:56","modified":"Updated on 29\/05\/2024 20:40"},"featured_img_caption":"","series_order":"","_links":{"self":[{"href":"https:\/\/ciac.pt\/en\/wp-json\/wp\/v2\/posts\/4151","targetHints":{"allow":["GET"]}}],"collection":[{"href":"https:\/\/ciac.pt\/en\/wp-json\/wp\/v2\/posts"}],"about":[{"href":"https:\/\/ciac.pt\/en\/wp-json\/wp\/v2\/types\/post"}],"author":[{"embeddable":true,"href":"https:\/\/ciac.pt\/en\/wp-json\/wp\/v2\/users\/1"}],"replies":[{"embeddable":true,"href":"https:\/\/ciac.pt\/en\/wp-json\/wp\/v2\/comments?post=4151"}],"version-history":[{"count":3,"href":"https:\/\/ciac.pt\/en\/wp-json\/wp\/v2\/posts\/4151\/revisions"}],"predecessor-version":[{"id":7189,"href":"https:\/\/ciac.pt\/en\/wp-json\/wp\/v2\/posts\/4151\/revisions\/7189"}],"wp:featuredmedia":[{"embeddable":true,"href":"https:\/\/ciac.pt\/en\/wp-json\/wp\/v2\/media\/4149"}],"wp:attachment":[{"href":"https:\/\/ciac.pt\/en\/wp-json\/wp\/v2\/media?parent=4151"}],"wp:term":[{"taxonomy":"category","embeddable":true,"href":"https:\/\/ciac.pt\/en\/wp-json\/wp\/v2\/categories?post=4151"},{"taxonomy":"post_tag","embeddable":true,"href":"https:\/\/ciac.pt\/en\/wp-json\/wp\/v2\/tags?post=4151"}],"curies":[{"name":"wp","href":"https:\/\/api.w.org\/{rel}","templated":true}]}}