{"id":4167,"date":"2024-01-31T12:15:30","date_gmt":"2024-01-31T12:15:30","guid":{"rendered":"https:\/\/ciac.pt\/?p=4167"},"modified":"2024-01-31T12:15:32","modified_gmt":"2024-01-31T12:15:32","slug":"antonio-pedro-cabral-dos-santos","status":"publish","type":"post","link":"https:\/\/ciac.pt\/en\/members\/antonio-pedro-cabral-dos-santos\/","title":{"rendered":"Ant\u00f3nio Pedro Cabral dos Santos"},"content":{"rendered":"\n<div class=\"wp-block-group\"><div class=\"wp-block-group__inner-container is-layout-constrained wp-block-group-is-layout-constrained\">\n<div class=\"wp-block-advgb-columns advgb-columns-wrapper\" id=\"advgb-cols-55d43f1f-945e-43de-9565-4f0735e2e32f\"><div class=\"advgb-columns-container\"><div class=\"advgb-columns advgb-columns-row advgb-is-mobile advgb-columns-2 layout-23-13 mbl-layout-stacked vgutter-10\">\n<div class=\"wp-block-advgb-column advgb-column\" id=\"advgb-col-092b85e4-0436-4d53-bf5e-8bf8b735019e\"><div class=\"advgb-column-inner\" style=\"border-style:none;border-width:1px\"><\/div><\/div>\n\n\n\n<div class=\"wp-block-advgb-column advgb-column\" id=\"advgb-col-e4acfe96-8e37-4843-95e9-1b657215540a\"><div class=\"advgb-column-inner\" style=\"border-style:none;border-width:1px\"><\/div><\/div>\n<\/div><\/div><\/div>\n\n\n\n<h2 class=\"wp-block-heading\">Pedro Cabral Santos<\/h2>\n\n\n\n<div class=\"wp-block-advgb-columns advgb-columns-wrapper\" id=\"advgb-cols-4197de79-d59a-4ea1-8570-e0f43a3332ab\"><div class=\"advgb-columns-container\"><div class=\"advgb-columns advgb-columns-row advgb-is-mobile advgb-columns-2 layout-13-23 mbl-layout-stacked gutter-30 vgutter-10\">\n<div class=\"wp-block-advgb-column advgb-column\" id=\"advgb-col-8b074074-3e2c-4bd1-ba6d-1f825d0106df\"><div class=\"advgb-column-inner\" style=\"border-style:none;border-width:1px\">\n<p><a href=\"mailto:apcsantos@ualg.pt\">apcsantos@ualg.pt<\/a><\/p>\n\n\n\n<p><a href=\"https:\/\/www.cienciavitae.pt\/771F-23E2-7FC6\">https:\/\/www.cienciavitae.pt\/771F-23E2-7FC6<\/a><\/p>\n<\/div><\/div>\n\n\n\n<div class=\"wp-block-advgb-column advgb-column\" id=\"advgb-col-bdc3a14e-964c-42a2-b766-f07b5f098105\"><div class=\"advgb-column-inner\" style=\"border-style:none;border-width:1px\">\n<p>Pedro Cabral Santo studied Painting and Sculpture at the Faculties of Fine Arts in Lisbon and Porto and has a degree in Fine Arts &#8211; Painting (1995) from the Faculty of Fine Arts in Lisbon. In 2006 he completed a Master&#8217;s Degree in Painting at the Faculty of Fine Arts in Lisbon and a PhD in Fine Arts &#8211; specializing in Image &#8211; also at the Faculty of Fine Arts in Lisbon (2011).<\/p>\n\n\n\n<p>He has taught on the Scenic Props Course at the Col\u00e9gio de Santa Clara\/IFP in Lisbon, where he was course director, at the Escola Superior de Arte e Design in Caldas da Rainha, where he was deputy coordinator of the Plastic Arts Course and also taught at the Faculdade de Belas-Artes in Lisbon, on the Art and Multimedia Course, under a protocol between ESAD\/CR and FBAUL. He joined the University of the Algarve, namely the Faculty of Human and Social Sciences, in 2008 to teach on the Visual Arts degree course. He has been an Assistant Professor at the institution since 2015. He is currently the director of the Visual Arts Course and the director of the CIAC Visual and Performing Arts Working Group.<\/p>\n\n\n\n<h3 class=\"wp-block-heading\">Research Interests<\/h3>\n\n\n\n<p>In parallel, over the last 20 years, he has been working as a visual artist and exhibition curator, including the events Tilt (Calouste Gulbenkian Foundation, Lisbon), O Pedro e o Lobo (Museum of Neo-Realism, Vila Franca de Xira), Ill Communication (with Carlos Roque, Sala do Veado, Lisbon), X-Rated\/ Autores em Movimento (Galeria ZDB, Lisbon), O Imp\u00e9rio Contra-Ataca (co-curated, Galeria ZDB\/Institulo La Capella (MACBA), Lisbon and Barcelona),Espa\u00e7o 1999 (co-organizer, Museu de Hist\u00f3ria Natural, Lisbon), Fernando Brito 1983-2010 (Centro Cultural Vila Flor, Guimar\u00e3es) and Manuel Vieira &#8211; CASA (Cordoaria Nacional, Lisbon). In 2023, he co-organized with the Visual Arts Course, the exhibition, A Nuvem do N\u00e3o Saber, by Sara Navarro, A Nuvem do N\u00e3o Saber Galeria Trem, Faro, 2023, Manuel Batista, Territ\u00f3rios Invis\u00edveis, Fortaleza de Sagres\/DRCA, Sagres, 2023. Co-curated with Mirian Tavares. Also that year, the exhibition Xana, Paisagens, also co-curated with the Visual Arts Course, Galeria Trem, Faro, 2023.<\/p>\n\n\n\n<p>He exhibited Sem D\u00f3, com R\u00e9 (homage to S\u00e1 de Miranda) at the Museu do Chiado (2011), a work included in the commemorations of the S\u00e3o Vicente panels by Nuno Gon\u00e7alves, in partnership with the artist Lula Pena.<\/p>\n\n\n\n<p>In 2016, she held Dragon&#8217;s lair, at Ermida de Nossa Senhora de Bel\u00e9m and (E)motions, at Galeria Zarathan. In 2018, he held the anthological exhibition of thirty years of work entitled Endless, at the Vila Flor Cultural Center, Guimar\u00e3es.<\/p>\n\n\n\n<p>In 2022, he held the exhibition Synchronicity, Plataforma Rev\u00f3lver, Galeria VPF, Lisbon, 2022.<\/p>\n\n\n\n<p>In 2021 he produced the monument Metoposaurus algarvensis (Yabadabadoo), co-authored with the artist Nuno Esteves da Silva, Salir, Loul\u00e9,<\/p>\n\n\n\n<p>In 2022 he produced the Monument to the Student, co-authored with the artist Nuno Esteves da Silva, Faro, 2022.<\/p>\n\n\n\n<p>As a member of Pogo Teatro, he has taken part in various shows staged by the group, producing texts, creating scenery and also as a performer\/actor.<\/p>\n\n\n\n<p>He was also the founder of the artistic projects Autores em Movimento (Greenhouse\/Jetlag\/X-Rated) and featuring (Unlovable). On the musical front, he was a founding member of the musical project IK- co-authored with the artist Nuno Esteves da Silva.<\/p>\n\n\n\n<h3 class=\"wp-block-heading\">Latest Publications<\/h3>\n\n\n\n<p><strong>[2023]&nbsp;<\/strong>Cabral Santo, P. &nbsp;(2023) \u201cO Mundo Invis\u00edvel de Manuel Baptista\u201d. In Tavares, M.; Cabral Santo, P. (eds.), <em>Manuel Baptista: Territ\u00f3rios Invis\u00edveis.<\/em> Faro: Dire\u00e7\u00e3o Regional de Cultura do Algarve, 2023. ISBN 987-989-33-3992-3.<\/p>\n\n\n\n<p><strong>[2023]&nbsp;<\/strong>Cabral Santo, P. (2023) \u201cA Caminho do Sol\u201d. In Ezequ\u00edel, C. <em>Aurora. Elvas: Museu Militar de Elvas<\/em>. C\u00e2mara Municipal de Elvas. Dep\u00f3sito Legal 513311\/23.<\/p>\n\n\n\n<p><strong>[2022]<\/strong> Cabral Santo, P. &nbsp;(2022) \u201cAmbiente Retiniano: de Fra Angelico a \u00d8yvind Kol\u00e5s (parte 3)\u201d. ARTECAPITAL.net.&nbsp;<a href=\"https:\/\/www.artecapital.art\/perspetiva-255-pedro-cabral-santo-ambiente-retiniano-de-fra-angelico-a-%C3%B8yvind-kola-parte-3\" rel=\"noreferrer noopener\" target=\"_blank\"><strong>https:\/\/www.artecapital.art\/perspetiva-255-pedro-cabral-santo-ambiente-retiniano-de-fra-angelico-a-%C3%B8yvind-kola-parte-3<\/strong><\/a>.<\/p>\n\n\n\n<p><strong>[2022]<\/strong> Cabral Santo, P. (2022). A Arte do Insano: O Homem da Capa. Lisboa: Stolen Books (Ed. Lu\u00eds Alegre). ISBN 978-989-53333-7-0.<\/p>\n\n\n\n<p><strong>[2021]<\/strong> Cabral Santo, P. &nbsp;(2021) \u201cAmbiente Retiniano: de Fra Angelico a \u00d8yvind Kol\u00e5s (parte 2)\u201d. <em>ARTECAPITAL.net.<\/em> <a href=\"http:\/\/www.artecapital.art\/perspetiva-254-pedro-cabral-santo-ambiente-retiniano-de-fra-angelico-a-%C3%B8yvind-kola-parte-2.\" rel=\"noreferrer noopener\" target=\"_blank\">http:\/\/www.artecapital.art\/perspetiva-254-pedro-cabral-santo-ambiente-retiniano-de-fra-angelico-a-%C3%B8yvind-kola-parte-2.<\/a><\/p>\n\n\n\n<p><strong>[2021]<\/strong> Cabral Santo, P. &nbsp;\u201cJo\u00e3o Fonte Santa, Santa Fonte!\u201d. <em>ARTECAPITAL.net.<\/em><a href=\"https:\/\/www.artecapital.art\/perspetiva-250-pedro-cabral-santo-joao-fonte-santa-santa-fonte-\" rel=\"noreferrer noopener\" target=\"_blank\">https:\/\/www.artecapital.art\/perspetiva-250-pedro-cabral-santo-joao-fonte-santa-santa-fonte-<\/a><\/p>\n\n\n\n<p><strong>[2020]<\/strong> Cabral Santo, P. &nbsp;(2020) \u201cJohnny, Johnny, Can You Sing a Song?\u201d.&nbsp;In Fonte Santa, J. (Ed.), <em>Bem Vindos \u00e0 Cidade do Medo<\/em>. Lisboa: Stolen Books, 2020, pp. 39-63. ISBN 978-989-54857-1-0.<\/p>\n\n\n\n<p><strong>[2020]<\/strong> Cabral Santo, P. &nbsp;Esteves, N. (2020). \u201cApropria\u00e7\u00e3o e Cita\u00e7\u00e3o na Imagem Art\u00edstica. Parte 1: A Banaliza\u00e7\u00e3o da Pr\u00e1tica da Apropria\u00e7\u00e3o\u201d. <em>ARTECAPITAL.net.<\/em> <a href=\"https:\/\/www.artecapital.art\/perspetiva-244-pedro-cabral-santo-e-nuno-esteves-da-silva-\" rel=\"noreferrer noopener\" target=\"_blank\">https:\/\/www.artecapital.art\/perspetiva-244-pedro-cabral-santo-e-nuno-esteves-da-silva-<\/a><\/p>\n\n\n\n<p><strong>[2020]<\/strong> Cabral Santo, P.; Esteves, N. (2020). \u201cApropria\u00e7\u00e3o e Cita\u00e7\u00e3o na Imagem Art\u00edstica. Parte 2: Tr\u00eas Casos Hist\u00f3ricos\u201d. <em>ARTECAPITAL.net<\/em>. <a href=\"https:\/\/www.artecapital.art\/perspetiva-248-pedro-cabral-santo-e-nuno-esteves-da-silva-apropriacao-e-citacao-na-imagem-artistica-_-parte-2\" rel=\"noreferrer noopener\" target=\"_blank\">https:\/\/www.artecapital.art\/perspetiva-248-pedro-cabral-santo-e-nuno-esteves-da-silva-apropriacao-e-citacao-na-imagem-artistica-_-parte-2<\/a><\/p>\n\n\n\n<p><strong>[2019]&nbsp;<\/strong>Cabral Santo, P. &nbsp;(2019) \u201cThe Sun on the Rocks\u201d.&nbsp;In Pousada, P.; OLAIO. Ant\u00f3nio; CARVALHO, Jos\u00e9 Ma\u00e7\u00e3s de (eds.), Na Sombra do Quadrado Negro. Coimbra: Col\u00e9gio das Artes \/ Universidade de Coimbra, 2019, pp. 39-51. ISBN 978\u2013989\u201354332\u20131\u20136.<\/p>\n\n\n\n<p><strong>[2019]&nbsp;<\/strong>Cabral Santo, P. &nbsp;Esteves, N. (2019) \u201cPor entre a Imagem Fixa e em Movimento: Imagens Espelhadas em Miguel Soares<em>\u201d. Revista Multidisciplinar,&nbsp;<\/em>1: 1 (2019), pp. 103-118. <a href=\"https:\/\/doi.org\/10.23882\/MJ1907\" rel=\"noreferrer noopener\" target=\"_blank\">https:\/\/doi.org\/10.23882\/MJ1907<\/a>.<\/p>\n\n\n\n<p><strong>[2019]&nbsp;<\/strong>Esteves, N.; Cabral Santo, P. (2019) \u201cApropria\u00e7\u00e3o na Imagem Visual Art\u00edstica: Marcel Duchamp, Art &amp; Language e Andy Warhol\u201d. In Rebelo, N.; Alegre, L. (eds.), <em>A Arte de Furtar: Furto na Arte<\/em>. Lisboa: Stolen Books, pp. 278-304. ISBN 978-989-54589-7-4<\/p>\n\n\n\n<p><strong>[2018]&nbsp;<\/strong>Cabral Santo, P. &nbsp;(2018). Endless. Centro Cultural Vila Fl\u00f4r\/CIAC. Cat\u00e1logo de Exposi\u00e7\u00e3o. Guimar\u00e3es. ISBN 978-989-8474-48-3<\/p>\n\n\n\n<p><strong>[2018]&nbsp;<\/strong>Cabral Santo, P. (2018). Entrada Anti-instituicionalismo e Alternativa Zero. In Franco, Jos\u00e9 Eduardo Franco (eds). <em>Dicion\u00e1rio dos Antis.<\/em> Lisboa: Edi\u00e7\u00e3o Casa da Moeda.<\/p>\n\n\n\n<p><strong>[2018]&nbsp;<\/strong>Cabral Santo, P. (2018). <em>Sound Cl\u00edmax<\/em>. Lisboa: Stolen Books\/CIAC.&nbsp;ISBN: :978-989-99816-4-5.<\/p>\n\n\n\n<p><strong>[2018]&nbsp;<\/strong>Cabral Santo, P. (2018).&nbsp; \u201cJoseph Beuys: Who\u2019s Afraid of Fat, Felt and Dead Hares?\u201d.&nbsp;<em>ART(e)FACT(o) \u2013 Revista Internacional de Estudos Transdisciplinares dos Artefactos, em Artes, Tecnologia e Sociedade<\/em>, 1(1). A. Fernandes-Marcos(dir.) ISSN: 2184-2086. Edi\u00e7\u00e3o Universidade Aberta, Lisboa.<\/p>\n\n\n\n<p><strong>[2018]&nbsp;<\/strong>Cabral Santo, P. (2018). \u201cTomorrow Never Dies\u201d. <em>Inland Journal<\/em>, 4 (2018), pp. 1-8. Lisboa: Funda\u00e7\u00e3o Calouste Gulbenkian.<\/p>\n\n\n\n<p><strong>[2018]&nbsp;<\/strong>Cabral Santo, P. (2018). \u201cSem T\u00edtulo Provis\u00f3rio: Percep\u00e7\u00f5es, Irradia\u00e7\u00f5es e Projec\u00e7\u00f5es em Torno da Obra de Ana Rostron\u201d. In Rostron, A., <em>Untitled<\/em>. Loul\u00e9: Centro de Experimenta\u00e7\u00e3o e Cria\u00e7\u00e3o Art\u00edstica de Loul\u00e9, 2018. ISBN 978-989-54196-6-1.<\/p>\n\n\n\n<p><strong>[2017]<\/strong> Cabral Santo, P. (2017) The Power of Love. Lisboa: Stolen Books. ISBN 978-989-54857-5-8.<\/p>\n\n\n\n<p><strong>[2017]<\/strong>&nbsp;Cabral Santo, P. (2017) Sound Climax.&nbsp;Lisboa: Stolen Books. ISBN 978-989-99816-4-5.<\/p>\n\n\n\n<p><strong>[2017]<\/strong> Cabral Santo, P. (2017). \u201cImage\u201d. In Olaio, A., <em>O Col\u00e9gio das Artes em Directo do Museu de Arte Antiga.&nbsp;<\/em>Coimbra: Col\u00e9gio das Artes da Universidade de Coimbra. ISBN 978-989-99717-8-3.<\/p>\n\n\n\n<p><strong>[2016]<\/strong> Cabral Santo, P. (2016). Espa\u00e7o aberto, espa\u00e7o fechado na obra de Alexandre Estrela. In <em>PERSPECTIVAS LUSO-BRASILEIRAS EM ARTES E COMUNICA\u00c7\u00c3O Vol. 1: Cinema e outras Artes.<\/em> IAC\/UEPB-Universidade Estadual da Para\u00edba\/UTP- Universidade Tuiuti do Paran\u00e1. ISBN: 978-989-20-6501-4.<\/p>\n\n\n\n<p><strong>[2015]<\/strong> Cabral Santo, P., \u201cRefresh: da Imagem Retiniana aos Ambientes Mesot\u00f3picos de Edgar Massul.\u201d In M. Sales, J. Albio; B. Mendes da Silva (Eds.), <em>Arte, Tecnologia e Po\u00e9ticas Contempor\u00e2neas.<\/em> Fortaleza: EdUECE, 2015, pp. 135-152. ISBN 978-85-7826-262-4.<\/p>\n\n\n\n<p><strong>[2014]<\/strong> Cabral Santo, P. (2014).&nbsp; Pogo Teatro \u2013 una Equipo Cr\u00f3nica. In Otero, R. (ed.), <em>Pogo: Um Ajuste de Contas com o Futuro<\/em>. Lisboa: Edi\u00e7\u00e3o de Autor, 2014, pp. 245\u2013281. ISBN 978-989-20-5328.<\/p>\n\n\n\n<p><strong>[2013]<\/strong> Cabral Santo, P. (2013). Politicamente soterrado. In <em>Quintas de Cultura \u2013 A cria\u00e7\u00e3o cultural no Algarve<\/em>. Coordena\u00e7\u00e3o: D\u00e1lia Paulo, Lu\u00eds Filipe Oliveira, Mirian Tavares, Jo\u00e3o Pedro Bernardes e Rui Parreira. Faro.<\/p>\n<\/div><\/div>\n<\/div><\/div><\/div>\n<\/div><\/div>\n<style class=\"advgb-styles-renderer\">#advgb-col-092b85e4-0436-4d53-bf5e-8bf8b735019e>.advgb-column-inner{}@media screen and (max-width: 1023px) {#advgb-col-092b85e4-0436-4d53-bf5e-8bf8b735019e>.advgb-column-inner{}}@media screen and (max-width: 767px) {#advgb-col-092b85e4-0436-4d53-bf5e-8bf8b735019e>.advgb-column-inner{}}#advgb-col-e4acfe96-8e37-4843-95e9-1b657215540a>.advgb-column-inner{}@media screen and (max-width: 1023px) {#advgb-col-e4acfe96-8e37-4843-95e9-1b657215540a>.advgb-column-inner{}}@media screen and (max-width: 767px) {#advgb-col-e4acfe96-8e37-4843-95e9-1b657215540a>.advgb-column-inner{}}#advgb-cols-55d43f1f-945e-43de-9565-4f0735e2e32f{}@media screen and (max-width: 1023px) {#advgb-cols-55d43f1f-945e-43de-9565-4f0735e2e32f{}}@media screen and (max-width: 767px) {#advgb-cols-55d43f1f-945e-43de-9565-4f0735e2e32f{}}#advgb-col-092b85e4-0436-4d53-bf5e-8bf8b735019e>.advgb-column-inner{}@media screen and (max-width: 1023px) {#advgb-col-092b85e4-0436-4d53-bf5e-8bf8b735019e>.advgb-column-inner{}}@media screen and (max-width: 767px) {#advgb-col-092b85e4-0436-4d53-bf5e-8bf8b735019e>.advgb-column-inner{}}#advgb-col-e4acfe96-8e37-4843-95e9-1b657215540a>.advgb-column-inner{}@media screen and (max-width: 1023px) {#advgb-col-e4acfe96-8e37-4843-95e9-1b657215540a>.advgb-column-inner{}}@media screen and (max-width: 767px) {#advgb-col-e4acfe96-8e37-4843-95e9-1b657215540a>.advgb-column-inner{}}#advgb-col-8b074074-3e2c-4bd1-ba6d-1f825d0106df>.advgb-column-inner{}@media screen and (max-width: 1023px) {#advgb-col-8b074074-3e2c-4bd1-ba6d-1f825d0106df>.advgb-column-inner{}}@media screen and (max-width: 767px) {#advgb-col-8b074074-3e2c-4bd1-ba6d-1f825d0106df>.advgb-column-inner{}}#advgb-col-bdc3a14e-964c-42a2-b766-f07b5f098105>.advgb-column-inner{}@media screen and (max-width: 1023px) {#advgb-col-bdc3a14e-964c-42a2-b766-f07b5f098105>.advgb-column-inner{}}@media screen and (max-width: 767px) {#advgb-col-bdc3a14e-964c-42a2-b766-f07b5f098105>.advgb-column-inner{}}#advgb-cols-4197de79-d59a-4ea1-8570-e0f43a3332ab{}@media screen and (max-width: 1023px) {#advgb-cols-4197de79-d59a-4ea1-8570-e0f43a3332ab{}}@media screen and (max-width: 767px) {#advgb-cols-4197de79-d59a-4ea1-8570-e0f43a3332ab{}}#advgb-col-8b074074-3e2c-4bd1-ba6d-1f825d0106df>.advgb-column-inner{}@media screen and (max-width: 1023px) {#advgb-col-8b074074-3e2c-4bd1-ba6d-1f825d0106df>.advgb-column-inner{}}@media screen and (max-width: 767px) {#advgb-col-8b074074-3e2c-4bd1-ba6d-1f825d0106df>.advgb-column-inner{}}#advgb-col-bdc3a14e-964c-42a2-b766-f07b5f098105>.advgb-column-inner{}@media screen and (max-width: 1023px) {#advgb-col-bdc3a14e-964c-42a2-b766-f07b5f098105>.advgb-column-inner{}}@media screen and (max-width: 767px) {#advgb-col-bdc3a14e-964c-42a2-b766-f07b5f098105>.advgb-column-inner{}}#advgb-cols-55d43f1f-945e-43de-9565-4f0735e2e32f{}@media screen and (max-width: 1023px) {#advgb-cols-55d43f1f-945e-43de-9565-4f0735e2e32f{}}@media screen and (max-width: 767px) {#advgb-cols-55d43f1f-945e-43de-9565-4f0735e2e32f{}}#advgb-col-092b85e4-0436-4d53-bf5e-8bf8b735019e>.advgb-column-inner{}@media screen and (max-width: 1023px) {#advgb-col-092b85e4-0436-4d53-bf5e-8bf8b735019e>.advgb-column-inner{}}@media screen and (max-width: 767px) {#advgb-col-092b85e4-0436-4d53-bf5e-8bf8b735019e>.advgb-column-inner{}}#advgb-col-e4acfe96-8e37-4843-95e9-1b657215540a>.advgb-column-inner{}@media screen and (max-width: 1023px) {#advgb-col-e4acfe96-8e37-4843-95e9-1b657215540a>.advgb-column-inner{}}@media screen and (max-width: 767px) {#advgb-col-e4acfe96-8e37-4843-95e9-1b657215540a>.advgb-column-inner{}}#advgb-cols-4197de79-d59a-4ea1-8570-e0f43a3332ab{}@media screen and (max-width: 1023px) {#advgb-cols-4197de79-d59a-4ea1-8570-e0f43a3332ab{}}@media screen and (max-width: 767px) {#advgb-cols-4197de79-d59a-4ea1-8570-e0f43a3332ab{}}#advgb-col-8b074074-3e2c-4bd1-ba6d-1f825d0106df>.advgb-column-inner{}@media screen and (max-width: 1023px) {#advgb-col-8b074074-3e2c-4bd1-ba6d-1f825d0106df>.advgb-column-inner{}}@media screen and (max-width: 767px) {#advgb-col-8b074074-3e2c-4bd1-ba6d-1f825d0106df>.advgb-column-inner{}}#advgb-col-bdc3a14e-964c-42a2-b766-f07b5f098105>.advgb-column-inner{}@media screen and (max-width: 1023px) {#advgb-col-bdc3a14e-964c-42a2-b766-f07b5f098105>.advgb-column-inner{}}@media screen and (max-width: 767px) {#advgb-col-bdc3a14e-964c-42a2-b766-f07b5f098105>.advgb-column-inner{}}<\/style>","protected":false},"excerpt":{"rendered":"<p>Pedro Cabral Santos<\/p>\n","protected":false},"author":1,"featured_media":0,"comment_status":"closed","ping_status":"closed","sticky":false,"template":"","format":"standard","meta":{"_eb_attr":"","inline_featured_image":false,"advgb_blocks_editor_width":"","advgb_blocks_columns_visual_guide":"","footnotes":"","_links_to":"","_links_to_target":""},"categories":[8],"tags":[81,22,82,71],"class_list":["post-4167","post","type-post","status-publish","format-standard","hentry","category-members","tag-editorial-board","tag-scientific-council","tag-scientific-council-ciac-editions","tag-visual-arts-and-creation-processes"],"yoast_head":"<!-- This site is optimized with the Yoast SEO plugin v27.4 - https:\/\/yoast.com\/product\/yoast-seo-wordpress\/ -->\n<title>Ant\u00f3nio Pedro Cabral dos Santos - CIAC<\/title>\n<meta name=\"robots\" content=\"index, follow, max-snippet:-1, max-image-preview:large, max-video-preview:-1\" \/>\n<link rel=\"canonical\" href=\"https:\/\/ciac.pt\/en\/members\/antonio-pedro-cabral-dos-santos\/\" \/>\n<meta property=\"og:locale\" content=\"en_US\" \/>\n<meta property=\"og:type\" content=\"article\" \/>\n<meta property=\"og:title\" content=\"Ant\u00f3nio Pedro Cabral dos Santos - CIAC\" \/>\n<meta property=\"og:description\" content=\"Pedro Cabral Santos\" \/>\n<meta property=\"og:url\" content=\"https:\/\/ciac.pt\/en\/members\/antonio-pedro-cabral-dos-santos\/\" \/>\n<meta property=\"og:site_name\" content=\"CIAC\" \/>\n<meta property=\"article:published_time\" content=\"2024-01-31T12:15:30+00:00\" \/>\n<meta property=\"article:modified_time\" content=\"2024-01-31T12:15:32+00:00\" \/>\n<meta property=\"og:image\" content=\"https:\/\/web.ciac.pt\/wp-content\/uploads\/2023\/10\/placeholder-photo-landscape-1620x1215-1-1024x768.png\" \/>\n<meta name=\"author\" content=\"webmaster\" \/>\n<meta name=\"twitter:card\" content=\"summary_large_image\" \/>\n<meta name=\"twitter:label1\" content=\"Written by\" \/>\n\t<meta name=\"twitter:data1\" content=\"webmaster\" \/>\n\t<meta name=\"twitter:label2\" content=\"Est. reading time\" \/>\n\t<meta name=\"twitter:data2\" content=\"7 minutes\" \/>\n<script type=\"application\/ld+json\" class=\"yoast-schema-graph\">{\"@context\":\"https:\\\/\\\/schema.org\",\"@graph\":[{\"@type\":\"Article\",\"@id\":\"https:\\\/\\\/ciac.pt\\\/en\\\/members\\\/antonio-pedro-cabral-dos-santos\\\/#article\",\"isPartOf\":{\"@id\":\"https:\\\/\\\/ciac.pt\\\/en\\\/members\\\/antonio-pedro-cabral-dos-santos\\\/\"},\"author\":{\"name\":\"webmaster\",\"@id\":\"https:\\\/\\\/ciac.pt\\\/en\\\/#\\\/schema\\\/person\\\/d6e2493431ce9cb2a44b9c1a48dcdf22\"},\"headline\":\"Ant\u00f3nio Pedro Cabral dos Santos\",\"datePublished\":\"2024-01-31T12:15:30+00:00\",\"dateModified\":\"2024-01-31T12:15:32+00:00\",\"mainEntityOfPage\":{\"@id\":\"https:\\\/\\\/ciac.pt\\\/en\\\/members\\\/antonio-pedro-cabral-dos-santos\\\/\"},\"wordCount\":1309,\"publisher\":{\"@id\":\"https:\\\/\\\/ciac.pt\\\/en\\\/#organization\"},\"image\":{\"@id\":\"https:\\\/\\\/ciac.pt\\\/en\\\/members\\\/antonio-pedro-cabral-dos-santos\\\/#primaryimage\"},\"thumbnailUrl\":\"https:\\\/\\\/web.ciac.pt\\\/wp-content\\\/uploads\\\/2023\\\/10\\\/placeholder-photo-landscape-1620x1215-1-1024x768.png\",\"keywords\":[\"Editorial Board\",\"Scientific Council\",\"Scientific Council (CIAC Editions)\",\"Visual Arts and Creation Processes\"],\"articleSection\":[\"Members\"],\"inLanguage\":\"en-US\"},{\"@type\":\"WebPage\",\"@id\":\"https:\\\/\\\/ciac.pt\\\/en\\\/members\\\/antonio-pedro-cabral-dos-santos\\\/\",\"url\":\"https:\\\/\\\/ciac.pt\\\/en\\\/members\\\/antonio-pedro-cabral-dos-santos\\\/\",\"name\":\"Ant\u00f3nio Pedro Cabral dos Santos - CIAC\",\"isPartOf\":{\"@id\":\"https:\\\/\\\/ciac.pt\\\/en\\\/#website\"},\"primaryImageOfPage\":{\"@id\":\"https:\\\/\\\/ciac.pt\\\/en\\\/members\\\/antonio-pedro-cabral-dos-santos\\\/#primaryimage\"},\"image\":{\"@id\":\"https:\\\/\\\/ciac.pt\\\/en\\\/members\\\/antonio-pedro-cabral-dos-santos\\\/#primaryimage\"},\"thumbnailUrl\":\"https:\\\/\\\/web.ciac.pt\\\/wp-content\\\/uploads\\\/2023\\\/10\\\/placeholder-photo-landscape-1620x1215-1-1024x768.png\",\"datePublished\":\"2024-01-31T12:15:30+00:00\",\"dateModified\":\"2024-01-31T12:15:32+00:00\",\"breadcrumb\":{\"@id\":\"https:\\\/\\\/ciac.pt\\\/en\\\/members\\\/antonio-pedro-cabral-dos-santos\\\/#breadcrumb\"},\"inLanguage\":\"en-US\",\"potentialAction\":[{\"@type\":\"ReadAction\",\"target\":[\"https:\\\/\\\/ciac.pt\\\/en\\\/members\\\/antonio-pedro-cabral-dos-santos\\\/\"]}]},{\"@type\":\"ImageObject\",\"inLanguage\":\"en-US\",\"@id\":\"https:\\\/\\\/ciac.pt\\\/en\\\/members\\\/antonio-pedro-cabral-dos-santos\\\/#primaryimage\",\"url\":\"https:\\\/\\\/web.ciac.pt\\\/wp-content\\\/uploads\\\/2023\\\/10\\\/placeholder-photo-landscape-1620x1215-1-1024x768.png\",\"contentUrl\":\"https:\\\/\\\/web.ciac.pt\\\/wp-content\\\/uploads\\\/2023\\\/10\\\/placeholder-photo-landscape-1620x1215-1-1024x768.png\"},{\"@type\":\"BreadcrumbList\",\"@id\":\"https:\\\/\\\/ciac.pt\\\/en\\\/members\\\/antonio-pedro-cabral-dos-santos\\\/#breadcrumb\",\"itemListElement\":[{\"@type\":\"ListItem\",\"position\":1,\"name\":\"In\u00edcio\",\"item\":\"https:\\\/\\\/ciac.pt\\\/en\\\/\"},{\"@type\":\"ListItem\",\"position\":2,\"name\":\"Ant\u00f3nio Pedro Cabral dos Santos\"}]},{\"@type\":\"WebSite\",\"@id\":\"https:\\\/\\\/ciac.pt\\\/en\\\/#website\",\"url\":\"https:\\\/\\\/ciac.pt\\\/en\\\/\",\"name\":\"CIAC\",\"description\":\"Centro de Investiga\u00e7\u00e3o em Artes e Comunica\u00e7\u00e3o\",\"publisher\":{\"@id\":\"https:\\\/\\\/ciac.pt\\\/en\\\/#organization\"},\"potentialAction\":[{\"@type\":\"SearchAction\",\"target\":{\"@type\":\"EntryPoint\",\"urlTemplate\":\"https:\\\/\\\/ciac.pt\\\/en\\\/?s={search_term_string}\"},\"query-input\":{\"@type\":\"PropertyValueSpecification\",\"valueRequired\":true,\"valueName\":\"search_term_string\"}}],\"inLanguage\":\"en-US\"},{\"@type\":\"Organization\",\"@id\":\"https:\\\/\\\/ciac.pt\\\/en\\\/#organization\",\"name\":\"CIAC\",\"url\":\"https:\\\/\\\/ciac.pt\\\/en\\\/\",\"logo\":{\"@type\":\"ImageObject\",\"inLanguage\":\"en-US\",\"@id\":\"https:\\\/\\\/ciac.pt\\\/en\\\/#\\\/schema\\\/logo\\\/image\\\/\",\"url\":\"https:\\\/\\\/ciac.pt\\\/wp-content\\\/uploads\\\/2022\\\/06\\\/logo.svg\",\"contentUrl\":\"https:\\\/\\\/ciac.pt\\\/wp-content\\\/uploads\\\/2022\\\/06\\\/logo.svg\",\"width\":184,\"height\":51,\"caption\":\"CIAC\"},\"image\":{\"@id\":\"https:\\\/\\\/ciac.pt\\\/en\\\/#\\\/schema\\\/logo\\\/image\\\/\"}},{\"@type\":\"Person\",\"@id\":\"https:\\\/\\\/ciac.pt\\\/en\\\/#\\\/schema\\\/person\\\/d6e2493431ce9cb2a44b9c1a48dcdf22\",\"name\":\"webmaster\",\"image\":{\"@type\":\"ImageObject\",\"inLanguage\":\"en-US\",\"@id\":\"https:\\\/\\\/secure.gravatar.com\\\/avatar\\\/4ef351d84fb3a91f19297e2b90dbe2c32d11868ce0fb67b2b84c961cffdfb009?s=96&d=mm&r=g\",\"url\":\"https:\\\/\\\/secure.gravatar.com\\\/avatar\\\/4ef351d84fb3a91f19297e2b90dbe2c32d11868ce0fb67b2b84c961cffdfb009?s=96&d=mm&r=g\",\"contentUrl\":\"https:\\\/\\\/secure.gravatar.com\\\/avatar\\\/4ef351d84fb3a91f19297e2b90dbe2c32d11868ce0fb67b2b84c961cffdfb009?s=96&d=mm&r=g\",\"caption\":\"webmaster\"},\"url\":\"https:\\\/\\\/ciac.pt\\\/en\\\/author\\\/webmaster\\\/\"}]}<\/script>\n<!-- \/ Yoast SEO plugin. -->","yoast_head_json":{"title":"Ant\u00f3nio Pedro Cabral dos Santos - CIAC","robots":{"index":"index","follow":"follow","max-snippet":"max-snippet:-1","max-image-preview":"max-image-preview:large","max-video-preview":"max-video-preview:-1"},"canonical":"https:\/\/ciac.pt\/en\/members\/antonio-pedro-cabral-dos-santos\/","og_locale":"en_US","og_type":"article","og_title":"Ant\u00f3nio Pedro Cabral dos Santos - CIAC","og_description":"Pedro Cabral Santos","og_url":"https:\/\/ciac.pt\/en\/members\/antonio-pedro-cabral-dos-santos\/","og_site_name":"CIAC","article_published_time":"2024-01-31T12:15:30+00:00","article_modified_time":"2024-01-31T12:15:32+00:00","og_image":[{"url":"https:\/\/web.ciac.pt\/wp-content\/uploads\/2023\/10\/placeholder-photo-landscape-1620x1215-1-1024x768.png","type":"","width":"","height":""}],"author":"webmaster","twitter_card":"summary_large_image","twitter_misc":{"Written by":"webmaster","Est. reading time":"7 minutes"},"schema":{"@context":"https:\/\/schema.org","@graph":[{"@type":"Article","@id":"https:\/\/ciac.pt\/en\/members\/antonio-pedro-cabral-dos-santos\/#article","isPartOf":{"@id":"https:\/\/ciac.pt\/en\/members\/antonio-pedro-cabral-dos-santos\/"},"author":{"name":"webmaster","@id":"https:\/\/ciac.pt\/en\/#\/schema\/person\/d6e2493431ce9cb2a44b9c1a48dcdf22"},"headline":"Ant\u00f3nio Pedro Cabral dos Santos","datePublished":"2024-01-31T12:15:30+00:00","dateModified":"2024-01-31T12:15:32+00:00","mainEntityOfPage":{"@id":"https:\/\/ciac.pt\/en\/members\/antonio-pedro-cabral-dos-santos\/"},"wordCount":1309,"publisher":{"@id":"https:\/\/ciac.pt\/en\/#organization"},"image":{"@id":"https:\/\/ciac.pt\/en\/members\/antonio-pedro-cabral-dos-santos\/#primaryimage"},"thumbnailUrl":"https:\/\/web.ciac.pt\/wp-content\/uploads\/2023\/10\/placeholder-photo-landscape-1620x1215-1-1024x768.png","keywords":["Editorial Board","Scientific Council","Scientific Council (CIAC Editions)","Visual Arts and Creation Processes"],"articleSection":["Members"],"inLanguage":"en-US"},{"@type":"WebPage","@id":"https:\/\/ciac.pt\/en\/members\/antonio-pedro-cabral-dos-santos\/","url":"https:\/\/ciac.pt\/en\/members\/antonio-pedro-cabral-dos-santos\/","name":"Ant\u00f3nio Pedro Cabral dos Santos - CIAC","isPartOf":{"@id":"https:\/\/ciac.pt\/en\/#website"},"primaryImageOfPage":{"@id":"https:\/\/ciac.pt\/en\/members\/antonio-pedro-cabral-dos-santos\/#primaryimage"},"image":{"@id":"https:\/\/ciac.pt\/en\/members\/antonio-pedro-cabral-dos-santos\/#primaryimage"},"thumbnailUrl":"https:\/\/web.ciac.pt\/wp-content\/uploads\/2023\/10\/placeholder-photo-landscape-1620x1215-1-1024x768.png","datePublished":"2024-01-31T12:15:30+00:00","dateModified":"2024-01-31T12:15:32+00:00","breadcrumb":{"@id":"https:\/\/ciac.pt\/en\/members\/antonio-pedro-cabral-dos-santos\/#breadcrumb"},"inLanguage":"en-US","potentialAction":[{"@type":"ReadAction","target":["https:\/\/ciac.pt\/en\/members\/antonio-pedro-cabral-dos-santos\/"]}]},{"@type":"ImageObject","inLanguage":"en-US","@id":"https:\/\/ciac.pt\/en\/members\/antonio-pedro-cabral-dos-santos\/#primaryimage","url":"https:\/\/web.ciac.pt\/wp-content\/uploads\/2023\/10\/placeholder-photo-landscape-1620x1215-1-1024x768.png","contentUrl":"https:\/\/web.ciac.pt\/wp-content\/uploads\/2023\/10\/placeholder-photo-landscape-1620x1215-1-1024x768.png"},{"@type":"BreadcrumbList","@id":"https:\/\/ciac.pt\/en\/members\/antonio-pedro-cabral-dos-santos\/#breadcrumb","itemListElement":[{"@type":"ListItem","position":1,"name":"In\u00edcio","item":"https:\/\/ciac.pt\/en\/"},{"@type":"ListItem","position":2,"name":"Ant\u00f3nio Pedro Cabral dos Santos"}]},{"@type":"WebSite","@id":"https:\/\/ciac.pt\/en\/#website","url":"https:\/\/ciac.pt\/en\/","name":"CIAC","description":"Centro de Investiga\u00e7\u00e3o em Artes e Comunica\u00e7\u00e3o","publisher":{"@id":"https:\/\/ciac.pt\/en\/#organization"},"potentialAction":[{"@type":"SearchAction","target":{"@type":"EntryPoint","urlTemplate":"https:\/\/ciac.pt\/en\/?s={search_term_string}"},"query-input":{"@type":"PropertyValueSpecification","valueRequired":true,"valueName":"search_term_string"}}],"inLanguage":"en-US"},{"@type":"Organization","@id":"https:\/\/ciac.pt\/en\/#organization","name":"CIAC","url":"https:\/\/ciac.pt\/en\/","logo":{"@type":"ImageObject","inLanguage":"en-US","@id":"https:\/\/ciac.pt\/en\/#\/schema\/logo\/image\/","url":"https:\/\/ciac.pt\/wp-content\/uploads\/2022\/06\/logo.svg","contentUrl":"https:\/\/ciac.pt\/wp-content\/uploads\/2022\/06\/logo.svg","width":184,"height":51,"caption":"CIAC"},"image":{"@id":"https:\/\/ciac.pt\/en\/#\/schema\/logo\/image\/"}},{"@type":"Person","@id":"https:\/\/ciac.pt\/en\/#\/schema\/person\/d6e2493431ce9cb2a44b9c1a48dcdf22","name":"webmaster","image":{"@type":"ImageObject","inLanguage":"en-US","@id":"https:\/\/secure.gravatar.com\/avatar\/4ef351d84fb3a91f19297e2b90dbe2c32d11868ce0fb67b2b84c961cffdfb009?s=96&d=mm&r=g","url":"https:\/\/secure.gravatar.com\/avatar\/4ef351d84fb3a91f19297e2b90dbe2c32d11868ce0fb67b2b84c961cffdfb009?s=96&d=mm&r=g","contentUrl":"https:\/\/secure.gravatar.com\/avatar\/4ef351d84fb3a91f19297e2b90dbe2c32d11868ce0fb67b2b84c961cffdfb009?s=96&d=mm&r=g","caption":"webmaster"},"url":"https:\/\/ciac.pt\/en\/author\/webmaster\/"}]}},"author_meta":{"display_name":"webmaster","author_link":"https:\/\/ciac.pt\/en\/author\/webmaster\/"},"featured_img":null,"coauthors":[],"tax_additional":{"categories":{"linked":["<a href=\"https:\/\/ciac.pt\/en\/.\/members\/\" class=\"advgb-post-tax-term\">Members<\/a>"],"unlinked":["<span class=\"advgb-post-tax-term\">Members<\/span>"]},"tags":{"linked":["<a href=\"https:\/\/ciac.pt\/en\/.\/members\/\" class=\"advgb-post-tax-term\">Editorial Board<\/a>","<a href=\"https:\/\/ciac.pt\/en\/.\/members\/\" class=\"advgb-post-tax-term\">Scientific Council<\/a>","<a href=\"https:\/\/ciac.pt\/en\/.\/members\/\" class=\"advgb-post-tax-term\">Scientific Council (CIAC Editions)<\/a>","<a href=\"https:\/\/ciac.pt\/en\/.\/members\/\" class=\"advgb-post-tax-term\">Visual Arts and Creation Processes<\/a>"],"unlinked":["<span class=\"advgb-post-tax-term\">Editorial Board<\/span>","<span class=\"advgb-post-tax-term\">Scientific Council<\/span>","<span class=\"advgb-post-tax-term\">Scientific Council (CIAC Editions)<\/span>","<span class=\"advgb-post-tax-term\">Visual Arts and Creation Processes<\/span>"]}},"comment_count":0,"relative_dates":{"created":"Posted 2 years ago","modified":"Updated 2 years ago"},"absolute_dates":{"created":"Posted on 31\/01\/2024","modified":"Updated on 31\/01\/2024"},"absolute_dates_time":{"created":"Posted on 31\/01\/2024 12:15","modified":"Updated on 31\/01\/2024 12:15"},"featured_img_caption":"","series_order":"","_links":{"self":[{"href":"https:\/\/ciac.pt\/en\/wp-json\/wp\/v2\/posts\/4167","targetHints":{"allow":["GET"]}}],"collection":[{"href":"https:\/\/ciac.pt\/en\/wp-json\/wp\/v2\/posts"}],"about":[{"href":"https:\/\/ciac.pt\/en\/wp-json\/wp\/v2\/types\/post"}],"author":[{"embeddable":true,"href":"https:\/\/ciac.pt\/en\/wp-json\/wp\/v2\/users\/1"}],"replies":[{"embeddable":true,"href":"https:\/\/ciac.pt\/en\/wp-json\/wp\/v2\/comments?post=4167"}],"version-history":[{"count":1,"href":"https:\/\/ciac.pt\/en\/wp-json\/wp\/v2\/posts\/4167\/revisions"}],"predecessor-version":[{"id":4168,"href":"https:\/\/ciac.pt\/en\/wp-json\/wp\/v2\/posts\/4167\/revisions\/4168"}],"wp:attachment":[{"href":"https:\/\/ciac.pt\/en\/wp-json\/wp\/v2\/media?parent=4167"}],"wp:term":[{"taxonomy":"category","embeddable":true,"href":"https:\/\/ciac.pt\/en\/wp-json\/wp\/v2\/categories?post=4167"},{"taxonomy":"post_tag","embeddable":true,"href":"https:\/\/ciac.pt\/en\/wp-json\/wp\/v2\/tags?post=4167"}],"curies":[{"name":"wp","href":"https:\/\/api.w.org\/{rel}","templated":true}]}}