{"id":4188,"date":"2024-01-31T14:30:17","date_gmt":"2024-01-31T14:30:17","guid":{"rendered":"https:\/\/ciac.pt\/?p=4188"},"modified":"2025-09-09T16:53:39","modified_gmt":"2025-09-09T15:53:39","slug":"aderito-fernandes-marcos","status":"publish","type":"post","link":"https:\/\/ciac.pt\/en\/members\/aderito-fernandes-marcos\/","title":{"rendered":"Ad\u00e9rito Fernandes Marcos"},"content":{"rendered":"\n<div class=\"wp-block-group\"><div class=\"wp-block-group__inner-container is-layout-constrained wp-block-group-is-layout-constrained\">\n<div class=\"wp-block-advgb-columns advgb-columns-wrapper\" id=\"advgb-cols-5da5b332-718e-4ce8-aa22-44464417654c\"><div class=\"advgb-columns-container\"><div class=\"advgb-columns advgb-columns-row advgb-is-mobile advgb-columns-2 layout-23-13 mbl-layout-stacked vgutter-10\">\n<div class=\"wp-block-advgb-column advgb-column\" id=\"advgb-col-b23018cf-59aa-45a8-963f-453b603a1d3d\"><div class=\"advgb-column-inner\" style=\"border-style:none;border-width:1px\">\n<figure class=\"wp-block-image size-large\"><img decoding=\"async\" width=\"1024\" height=\"768\" data-src=\"https:\/\/ciac.pt\/wp-content\/uploads\/2022\/06\/aderito-fernandes-marcos-1024x768.jpg\" alt=\"\" class=\"wp-image-3631 lazyload\" data-srcset=\"https:\/\/ciac.pt\/wp-content\/uploads\/2022\/06\/aderito-fernandes-marcos-1024x768.jpg 1024w, https:\/\/ciac.pt\/wp-content\/uploads\/2022\/06\/aderito-fernandes-marcos-300x225.jpg 300w, https:\/\/ciac.pt\/wp-content\/uploads\/2022\/06\/aderito-fernandes-marcos-768x576.jpg 768w, https:\/\/ciac.pt\/wp-content\/uploads\/2022\/06\/aderito-fernandes-marcos-1536x1152.jpg 1536w, https:\/\/ciac.pt\/wp-content\/uploads\/2022\/06\/aderito-fernandes-marcos.jpg 1620w\" data-sizes=\"(max-width: 1024px) 100vw, 1024px\" src=\"data:image\/svg+xml;base64,PHN2ZyB3aWR0aD0iMSIgaGVpZ2h0PSIxIiB4bWxucz0iaHR0cDovL3d3dy53My5vcmcvMjAwMC9zdmciPjwvc3ZnPg==\" style=\"--smush-placeholder-width: 1024px; --smush-placeholder-aspect-ratio: 1024\/768;\" \/><\/figure>\n<\/div><\/div>\n\n\n\n<div class=\"wp-block-advgb-column advgb-column\" id=\"advgb-col-3f6006a8-6268-41cf-bb0c-61e2a3d8c12c\"><div class=\"advgb-column-inner\" style=\"border-style:none;border-width:1px\"><\/div><\/div>\n<\/div><\/div><\/div>\n\n\n\n<h2 class=\"wp-block-heading\">Ad\u00e9rito Fernandes Marcos<\/h2>\n\n\n\n<div class=\"wp-block-advgb-columns advgb-columns-wrapper\" id=\"advgb-cols-b0970ee8-3680-4800-b8be-444cfb18339a\"><div class=\"advgb-columns-container\"><div class=\"advgb-columns advgb-columns-row advgb-is-mobile advgb-columns-2 layout-13-23 mbl-layout-stacked gutter-30 vgutter-10\">\n<div class=\"wp-block-advgb-column advgb-column\" id=\"advgb-col-84110e68-1da6-43b1-a48c-10e7e4206983\"><div class=\"advgb-column-inner\" style=\"border-style:none;border-width:1px\">\n<p><a href=\"mailto:aderito.marcos@uab.pt\">aderito.marcos@uab.pt<\/a><\/p>\n\n\n\n<p><a href=\"https:\/\/www.cienciavitae.pt\/0617-948A-BB8D\">https:\/\/www.cienciavitae.pt\/0617-948A-BB8D<\/a><\/p>\n\n\n\n<p><a href=\"https:\/\/orcid.org\/0000-0002-9164-9686\">https:\/\/orcid.org\/0000-0002-9164-9686<\/a><\/p>\n<\/div><\/div>\n\n\n\n<div class=\"wp-block-advgb-column advgb-column\" id=\"advgb-col-f817f499-7408-49c0-9ff6-995399fd5436\"><div class=\"advgb-column-inner\" style=\"border-style:none;border-width:1px\">\n<p>Ad\u00e9rito Fernandes Marcos has a degree in Computer Engineering from Universidade Nova de Lisboa (1992), a PhD summa cum laude in Computer Engineering (specialty Computer Graphics) from Darmstadt University of Technology, Germany (1997) and in Computer Science from Universidade do Minho, Portugal (2000). As a full professor at Universidade Aberta, he was the founder and first Director of the PhD in Digital Media Art, from 2012 to 2020, and of the PhD in Web Technology and Science, from 2015 to 2017. In June 2019, he was awarded the title &#8220;Professor Honoris Causa&#8221; by the Centro Universit\u00e1rio Eur\u00edpides de Mar\u00edlia &#8211; UNIVEM, S\u00e3o Paulo, Brazil.<\/p>\n\n\n\n<p>He is currently a full professor at the Faculty of Arts and Humanities at the University of S\u00e3o Jos\u00e9 in Macau, China, where he has been the Director of the respective Doctoral School since September 2023.<\/p>\n\n\n\n<h3 class=\"wp-block-heading\">Research Interests<\/h3>\n\n\n\n<p>His scientific activity has been related to the areas of Digital Media Art, Applied Computer Graphics (Cultural Heritage, Edutainment, Digital Narratives), Research Methodology, E-learning and Artifact Theory. He is a member of the governing bodies of various scientific and technological institutions in the field of Computer Graphics, including the European association EUROGRAPHICS and the Portuguese Computer Graphics Group, of which he was president from October 2008 to February 2013. He has been president of Artech-Int &#8211; International Association of Computational Art since January 2013. He was (co) founder of several series of workshops and conferences, including the Ibero-American Symposium on Computer Graphics (SIACG), as well as the international conference series called &#8220;ARTECH &#8211; International Conference on Digital and Interactive Art&#8221;, in its eleventh edition, being chairman of the respective steering committee.<\/p>\n\n\n\n<h3 class=\"wp-block-heading\">Latest Publications<\/h3>\n\n\n\n<p><strong>[2023]<\/strong> Fernandes-Marcos, A., Mucheroni, M. L., &amp; Pereira, S. (2023). A transdisciplinaridade na m\u00e9dia-arte digital enquanto processo de cria\u00e7\u00e3o-investiga\u00e7\u00e3o. Novos Olhares, 11(2). https:\/\/doi.org\/10.11606\/issn.2238-7714.no.2022.205267; http:\/\/hdl.handle.net\/10400.2\/13431<\/p>\n\n\n\n<p><strong>[2022]<\/strong> Fernandes-Marcos, A., Bandeira Ara\u00fajo, A., Olivero, L.F. (2022). Digital Media Artefacts &#8211; Hybrid Praxis. Editorial (Guest Editors). <em>International Journal of Art, Culture, Design, and Technology<\/em> (IJACDT), 11(3), ISSN: 2155-4196.<\/p>\n\n\n\n<p><strong>[2022]<\/strong> Fernandes-Marcos, A., Morgado, L., &amp; Alexino Ferreira, R. (2022). \u201cPr\u00e1ticas de ensino e aprendizagem online em Macau, Portugal e Brasil: na senda de um modelo pedag\u00f3gico virtual global p\u00f3s pandemia\u201d. Revista de Estilos de Aprendizaje, 15(30), 130\u2013149. https:\/\/doi.org\/10.55777\/rea.v15i30.4673; http:\/\/hdl.handle.net\/10400.2\/12997<\/p>\n\n\n\n<p><strong>[2022]<\/strong> Fernandes-Marcos, A.; Pereira, S.; Alexino Ferreira, R. (2022) \u201cA narrativa pessoal audiovisual: instrumento de afirma\u00e7\u00e3o social e de diversidade cultural no contexto do desenvolvimento humano sustent\u00e1vel\u201d. In livro \u201cCinema Negro \u2013 Uma revis\u00e3o cr\u00edtica das linguagens. 18\u00aa Mostra Internacional de Cinema Negro\u201d, Celso Prudente &amp; Rog\u00e9rio de Almeida (Eds.), FEUSP, S\u00e3o Paulo, 2022. ISBN: 978-65-87047-40-9, pp. 422-436. https:\/\/doi.org\/10.11606\/9786587047393 ; http:\/\/hdl.handle.net\/10400.2\/12862<\/p>\n\n\n\n<p><strong>[2022]<\/strong> Mucheroni M. L. &amp; Fernandes-Marcos A, (2022) \u201cTra\u00e7os transdisciplinares na obra do Padre Manuel Antunes: uma an\u00e1lise cr\u00edtica \u00e0 luz da Carta da Transdisciplinaridade \/UNESCO-1994\u201d, In Jos\u00e9 Eduardo Franco &amp; Guilherme d\u2019Oliveira Martins (Coord. Cient\u00edfica); Susana Alves-Jesus (Coord. Executiva) &#8220;Repensar Portugal, a Europa e a Globaliza\u00e7\u00e3o \u2013 Saber Padre Manuel Antunes, SJ \u2013 100 anos&#8221;. p\u00e1ginas 593-602. Cole\u00e7\u00e3o deEstudos Globais \u2013 Compreender a Globaliza\u00e7\u00e3o. Imprensa da Universidade de Coimbra, janeiro 2022. ISBN 978-989-26-2224-8. ISBN-digital: 978-989-26-2225-5; doi: https:\/\/doi.org\/10.14195\/978-989-26-2225-5_41 ; dep\u00f3sito legal: 492329\/21; http:\/\/hdl.handle.net\/10400.2\/11853<\/p>\n\n\n\n<p><strong>[2022]<\/strong> Fernandes-Marcos, A., &amp; Pereira, S. (2022) Est\u00e9tica t\u00eaxtil p\u00f3s-digital: Uma reflex\u00e3o cr\u00edtica do processo de re-materializa\u00e7\u00e3o digital de artefactos.&nbsp;In G. Estadieu, F. M. Abreu, C. S. Caires, A. Fernandes-Marcos (Eds.), <em>Proceedings of the Third International Conference on Digital Creation in Arts, Media and Technology \u2013 Emerging Extended Realities (ARTeFACTo 2022 Macao), 24-25 Nov. 2022, Ilha Verde Campus, University of Saint Joseph<\/em> (pp. 1-9). IEEE. ISBN: 979-8-3503-1001-6.&nbsp;DOI: 10.1109\/ARTeFACTo57448.2022.10061256.&nbsp;<a href=\"https:\/\/ciac.pt\/wp-content\/uploads\/2024\/03\/Post-digital_textile_aesthetics_a_critical_reflection_on_the_process_of_digital_re-materialisation_of_artefacts.pdf\" target=\"_blank\" rel=\"noreferrer noopener\">Link<\/a>&nbsp;<\/p>\n\n\n\n<p><strong>[2022]<\/strong> Fernandes-Marcos, A. (2022). \u201cOPEN DISTANCE TEACHING PRACTICES IN PANDEMIC TIMES: DEVISING A SIMPLIFIED VIRTUAL PEDAGOGIC MODEL FOR THE UNIVERSITY OF SAINT JOSEPH IN MACAU, CHINA\u201d. In Proceedings of EDULEARN22 &#8211; 14th International Conference on Education and New Learning Technologies, 4-6 July 2022, Palma, Spain. ISBN: 978-84-09-42484-9; ISSN: 2340-1117. pp. 6593-6603. DOI: https:\/\/doi.org\/10.21125\/edulearn.2022.1554; http:\/\/hdl.handle.net\/10400.2\/12998<\/p>\n\n\n\n<p><strong>[2022]<\/strong> Fernandes-Marcos, A. &amp; Tavares, M. (2022). \u201cINNOVATING IN OPEN DISTANCE TEACHING WITH FACE-TO-FACE RETREATS WITHIN A DOCTORAL PROGRAM IN DIGITAL MEDIA ART\u201d. In Proceedings of 16th annual International Technology, Education and Development Conference (INTED2022). 7-8 March 2022 (virtual). IATED editor. pp. 3336- 3343. ISBN: 978-84-09-37758-9. http:\/\/hdl.handle.net\/10400.2\/11827<\/p>\n\n\n\n<p><strong>[2021]<\/strong> Pereira S. &amp; A. Fernandes-Marcos (2021). \u201cPost-Digital Fashion: The Evolution and Creation Cycle\u201d. ZoneModa Journal, 11(1), pp.71\u201389. ISSN: 2611-0563. https:\/\/doi.org\/10.6092\/issn.2611-0563\/13121; http:\/\/hdl.handle.net\/10400.2\/11694<\/p>\n\n\n\n<p><strong>[2021]<\/strong> P\u00e9rez P., Pereira S., Fernandes-Marcos A. (2021). \u201cA performance acad\u00e9mica como ritual de cria\u00e7\u00e3o e ativismo na era p\u00f3s-digital\u201d, AVANCA | CINEMA 2021 &#8211; O Festival Internacional de Cinema, Avanca, Portugal, 28 Julho a 1 Agosto de 2021. AVANCA CINEMA Journal, CAP\u00cdTULO I _ CINEMA \u2013 ARTE, pp. 29-40, ISSN: 2184-0520. https:\/\/doi.org\/10.37390\/avancacinema.2021.a209; http:\/\/hdl.handle.net\/10400.2\/11695<\/p>\n\n\n\n<p><strong>[2021]<\/strong> Paquete H., Fernandes-Marcos A., Bastos P.B (2021). \u201cRela\u00e7\u00f5es entre o p\u00f3s-digital e o complexo industrial do capitalismo: reformula\u00e7\u00f5es sobre a tecnologia como ideologia e lixo digital na arte\u201d, AVANCA | CINEMA 2021 &#8211; O Festival Internacional de Cinema, Avanca, Portugal, 28 Julho a 1 Agosto de 2021. AVANCA CINEMA Journal, CAP\u00cdTULO I _ CINEMA \u2013 ARTE, pp. 233-243, ISSN: 2184-0520. https:\/\/doi.org\/10.37390\/avancacinema.2021.a236; http:\/\/hdl.handle.net\/10400.2\/11696<\/p>\n\n\n\n<p><strong>[2021]<\/strong> Urrutia H., P\u00e9rez P., &amp; Fernandes-Marcos A. (2021). \u201cContemporary art as a factor for knowledge generation from video\u201d. In Proceedings of the 10th International Conference on Digital and Interactive Arts (ARTECH2021). October 13\u201315, 2021, Aveiro, Portugal. ACM, New York, NY, USA. ISBN: 978-1-4503-8420-9. DOI: https:\/\/doi.org\/10.1145\/3483529.3483684; http:\/\/hdl.handle.net\/10400.2\/11697<\/p>\n\n\n\n<p><strong>[2021]<\/strong> Paquete H., Bastos P.B., &amp; Fernandes-Marcos A. (2021). \u201cOrbital Eccentricity. Sound performance, using commercial and military satellites with real-time tracking data\u201d. In Proceedings of the 10th International Conference on Digital and Interactive Arts (ARTECH2021). October 13\u201315, 2021, Aveiro, Portugal. ACM, New York, NY, USA. ISBN: 978-1-4503-8420-9. DOI: https:\/\/doi.org\/10.1145\/3483529.3483748; http:\/\/hdl.handle.net\/10400.2\/11698<\/p>\n\n\n\n<p><strong>[2021]<\/strong> Pereira S. &amp; Fernandes-Marcos A. (2021). \u201cNo interior do bordado. A rematerializa\u00e7\u00e3o do bordado numa vertente p\u00f3s-digital\u201d. In Proceedings of the 10th International Conference on Digital and Interactive Arts (ARTECH2021). October 13\u201315, 2021, Aveiro, Portugal. ACM, New York, NY, USA. ISBN: 978-1-4503-8420-9. DOI: https:\/\/doi.org\/10.1145\/3483529.3483766; http:\/\/hdl.handle.net\/10400.2\/11722<\/p>\n\n\n\n<p><strong>[2020]<\/strong> Pereira, S., Perez, P. &amp; Fernandes-Marcos, A. (2020). \u201cO Cortejo das Rainhas: Performance Transdisciplinar de Invoca\u00e7\u00e3o do Feminino e da \u00c1gua\u201d. Revista ExtraPrensa. Escola de Comunica\u00e7\u00f5es e Artes. Universidade de S\u00e3o Paulo. eISSN: 2236-3467. v. 14 n. 1. p. 170 \u2013 191, jul.\/dez. 2020. https:\/\/doi.org\/10.11606\/extraprensa2021.176388; https:\/\/www.revistas.usp.br\/extraprensa\/article\/view\/176388\/169731 http:\/\/hdl.handle.net\/10400.2\/10553<\/p>\n\n\n\n<p><strong>[2020]<\/strong> Urrutia, H., Perez, P. &amp; Fernandes-Marcos, A. (2020). \u201cA proje\u00e7\u00e3o mural multim\u00e9dia como forma\u00e7\u00e3o cultural e democr\u00e1tica no espa\u00e7o p\u00fablico\u201d. Texto Digital \u2013 Revista de Literatura, Lingu\u00edstica, Educa\u00e7\u00e3o e Artes. Universidade Federal de Santa Catarina. ISSN: 1807-9288. 16(2). p. 194-222. https:\/\/doi.org\/10.5007\/1807-9288.2020v16n2p194; http:\/\/hdl.handle.net\/10400.2\/10406<\/p>\n\n\n\n<p><strong>[2020]<\/strong> Pereira, S. &amp; Fernandes-Marcos, A. (2020). \u201cO PROCESSO CRIATIVO NA ERA P\u00d3S-DIGITAL &#8211; Uma reflex\u00e3o cr\u00edtica baseada na pr\u00e1tica art\u00edstica\u201d. In Proceedings of the 2nd International Conference on Digital Creation in Arts and Communication, ARTeFACTo 2020. Bruno Mendes da Silva (Ed.). Nov. 26-27 2020, Faro, Portugal. Published by Centro de Investiga\u00e7\u00e3o em Artes e Comunica\u00e7\u00e3o (CIAC). Global publication copyright \u00a9 2020 by Artech International. ISBN: 978-989-9023-32-1; ISBN (eBook): 978-989-9023-33-8. p. 127-135. http:\/\/hdl.handle.net\/10400.2\/10403<\/p>\n\n\n\n<p><strong>[2020]<\/strong> Paquete H., Bastos P.B, Fernandes-Marcos A. (2020). \u201cVelocidade terminal: tempo cronosc\u00f3pico dos corpos orbitais na composi\u00e7\u00e3o sonora e musical\u201d, In Livro de Atas de AVANCA | CINEMA 2020 \u2013 Cap\u00edtulo I \u2013 Cinema, Arte, Confer\u00eancia Internacional de Cinema &#8211; Arte, Tecnologia, Comunica\u00e7\u00e3o, (A.C. Valente, Ed.) Avanca, Portugal, 18-26 de julho de 2020, Cap\u00edtulo I &#8211; Cinema | Arte, (pp. 274-283), Universidade de Aveiro, ISSN: 2184-0520. http:\/\/hdl.handle.net\/10400.2\/10405<\/p>\n\n\n\n<p><strong>[2020]<\/strong> Paquete H., Bastos P.B, Fernandes-Marcos A. (2020). \u201cRadia\u00e7\u00e3o Obscura: Fluxos energ\u00e9ticos sonificados no limiar da experi\u00eancia sonora\u201d, In Livro de Atas de AVANCA | CINEMA 2020 \u2013 Cap\u00edtulo I \u2013 Cinema, Arte, Confer\u00eancia Internacional de Cinema &#8211; Arte, Tecnologia, Comunica\u00e7\u00e3o, (A.C. Valente, Ed.) Avanca, Portugal, 18-26 de julho de 2020, Cap\u00edtulo I &#8211; Cinema | Arte, (pp. 226-234), Universidade de Aveiro, ISSN: 2184-0520. http:\/\/hdl.handle.net\/10400.2\/10404<\/p>\n\n\n\n<p><strong>[2019]<\/strong> Mucheroni, M., Carvalho, E., &amp; Marcos, A. (2019). \u201cEnsinar programa\u00e7\u00e3o em ambientes e-learning: preocupa\u00e7\u00f5es e propostas no \u00e2mbito do modelo pedag\u00f3gico virtual da Universidade Aberta de Portugal\u201d. Revista Espa\u00e7oPedag\u00f3gico, 26(2), 352 &#8211; 369. https:\/\/doi.org\/10.5335\/rep.v26i2.8703; http:\/\/hdl.handle.net\/10400.2\/8240<\/p>\n\n\n\n<p><strong>[2019]<\/strong> Dias, J. R., Penha, R., Morgado, L., Alves da Veiga, P., Carvalho, E. S., &amp; Fernandes-Marcos, A. (2019). \u201cTele-Media-Art: Feasibility Tests of Web-Based Dance Education for the Blind Using Kinect and Sound Synthesis of Motion\u201d. International Journal of Technology and Human Interaction (IJTHI), 15(2), pp. 11-28. ISSN: 548-3908; https:\/\/doi.org\/10.4018\/IJTHI.2019040102; http:\/\/hdl.handle.net\/10400.2\/7905<\/p>\n\n\n\n<p><strong>[2019]<\/strong> Paquete H., Bastos P.B, Fernandes-Marcos A. (2019). \u201cAo som dos fluxos da informa\u00e7\u00e3o: processos de sonifica\u00e7\u00e3o nas artes sonoras\u201d, In Livro de Atas de AVANCA | CINEMA 2019, Confer\u00eancia Internacional de Cinema &#8211; Arte, Tecnologia, Comunica\u00e7\u00e3o, (A.C. Valente, Ed.) Avanca, Portugal, 22-26 de julho de 2019, Cap\u00edtulo I &#8211; Cinema | Arte, (pp. 1-10), Universidade de Aveiro, ISSN: 2184-0520. http:\/\/hdl.handle.net\/10400.2\/9270<\/p>\n\n\n\n<p><strong>[2019]<\/strong> Paquete H., Bastos P.B, Fernandes-Marcos A., Zlaket Ch., Stingley D., (2019) \u201cZoonose &#8211; leptospirose e os ritmos espirais como infe\u00e7\u00e3o sonora e musical\u201d, In Livro de Atas de Encontro Internacional \u201c#18.ART: DA ADMIR\u00c1VEL ORDEM DAS COISAS: arte, emo\u00e7\u00e3o e tecnologia&#8221;, Faculdade de Belas-Artes, Lisboa, 17-19 Outubro 2019, Portugal. http:\/\/hdl.handle.net\/10400.2\/9269<\/p>\n\n\n\n<p><strong>[2019]<\/strong> Paquete H., Bastos P.B, Fernandes-Marcos A., (2019) \u201cDromologia dos corpos orbitais: Projeto de desenvolvimento de hardware e estrat\u00e9gias de composi\u00e7\u00e3o sonora\u201d, In Livro de Atas de Encontro Internacional \u201c#18.ART: DA ADMIR\u00c1VEL ORDEM DAS COISAS: arte, emo\u00e7\u00e3o e tecnologia&#8221;, Faculdade de Belas-Artes, Lisboa, 17-19 Outubro 2019, Portugal. http:\/\/hdl.handle.net\/10400.2\/9267<\/p>\n\n\n\n<p><strong>[2019]<\/strong> Fernandes-Marcos A., Carvalho E.S., Martinho C., Cl\u00e1udio A.P., Carmo M.B., Rocio V., (2019) &#8220;Os Avatares Maria e Jo\u00e3o: Tutores Virtuais na Plataforma E-learning da Universidade Aberta\u201d, In Paulo Dias, Darlinda Moreira, Ant\u00f3nio Quintas-Mendes (Coord.) &#8220;Inovar para a qualidade na educa\u00e7\u00e3o digital&#8221; (pp-22-42). Cole\u00e7\u00e3o: Educa\u00e7\u00e3o a Dist\u00e2ncia e eLearning, n.\u00ba 6. [Em linha]. Lisboa: Universidade Aberta, 2019. ISBN 978-972-674-839-7. http:\/\/hdl.handle.net\/10400.2\/8238<\/p>\n\n\n\n<p><strong>[2018]<\/strong> Carvalho E.S., Fernandes-Marcos A., (2018) &#8220;Virtual Tutor: A Case of Study in University Aberta\u201d, In Tatiana Antipova; \u00c1lvaro Rocha (Eds.), Book of Proceedings titled &#8220;Advances in Intelligent Systems and Computing (Digital Science)&#8221;, Volume 850; DSIC18 2018 &#8211; The 2018 International Conference on Digital Science, 19-21 October 2018, Budva, Montenegro. Chapter, pp. 465-471, Springer, Cham. Springer Book, 2018; https:\/\/doi.org\/10.1007\/978-3-030-02351-5_53. http:\/\/hdl.handle.net\/10400.2\/7620<\/p>\n\n\n\n<p><strong>[2018]<\/strong> Marcos, A., Cl\u00e1udio A. P., Martinho, C., Barros D., Carvalho, E., Carmo, M. B. e Seixas, S. (2018). Virtual Tutoring, Hands-on Science. Advancing Science. Improving Education. HSci. ISBN 978-84-8158-779-1<\/p>\n\n\n\n<p><strong>[2018]<\/strong> Leit\u00e3o, R., Rodrigues, Jo\u00e3o M. F., Marcos, A. F. (2018) Mobile Learning: Benefits of Augmented Reality in Geometry Teaching, Chapter 12 of Enhancing Art, Culture, and Design With Technological Integration (pp. 234-257), IGI Global, DOI: 10.4018\/978-1-5225-5023-5.ch012.<\/p>\n\n\n\n<p><strong>[2017]<\/strong> Carvalho, A., Pereira, S. &amp; Fernandes-Marcos, A. (2017). \u201cPara uma est\u00e9tica na interliga\u00e7\u00e3o da moda, da m\u00e9dia-arte e do teatro\u201d, D. Raposo, J. Neves, J. Silva &amp; F. Pinho (eds.), Investiga\u00e7\u00e3o e Ensino em Design e M\u00fasica, Converg\u00eancias Research Books, vol. 1 (cap. 8, pp.231-238). Edi\u00e7\u00f5es IPCB, ISBN 978-989-8196-63-7<\/p>\n\n\n\n<p><strong>[2017]<\/strong> Ac\u00e1cio de Carvalho, Selma Pereira, Ad\u00e9rito Marcos. (2017). \u201cAn expanded field in Media-Digital Art: Proposal of an aesthetics in the interconnection of Media-Art, Fashion and Theatre\u201d. In Proceedings of the 8th International Conference on Digital Arts (ARTECH2017). ACM, New York, NY, USA, 9-14. DOI: https:\/\/doi.org\/10.1145\/3106548.3106621; <\/p>\n\n\n\n<p><strong>[2017]<\/strong> Ac\u00e1cio de Carvalho, Selma Pereira, Ad\u00e9rito Marcos. (2017). (Art Installation) \u201c(e)Materialities\u201d. In Proceedings of the 8th International Conference on Digital Arts (ARTECH2017). ACM, New York, NY, USA, 167-170. DOI: https:\/\/doi.org\/10.1145\/3106548.3106587;<\/p>\n\n\n\n<p><strong>[2017]<\/strong> Fernandes-Marcos, A. (2017) Artefacto computacional: elemento central na pr\u00e1tica art\u00edstica em arte e cultura digital, In Revista Lus\u00f3fona de Estudos Culturais, vol. 3, n. 2, 2017, pp. 129 \u2013 147 (ISSN: 2183 0886). http:\/\/www.rlec.pt\/index.php\/rlec\/article\/view\/182<\/p>\n\n\n\n<p><strong>[2016]<\/strong> Carvalho, E., Marcos, A. (2016) O ensino e aprendizagem da programa\u00e7\u00e3o de computadores no ensino a dist\u00e2ncia: uma proposta de instancia\u00e7\u00e3o do modelo pedag\u00f3gico virtual da Universidade Aberta. In Paulo Dias, Darlinda Moreira, Ant\u00f3nio Quintas Mendes (Coord.) \u201cPr\u00e1ticas e cen\u00e1rios de inova\u00e7\u00e3o em educa\u00e7\u00e3o online\u201d [Em linha]. Lisboa: Universidade Aberta, 2016. ISBN 978-972-674-786-4. p.189-219. http:\/\/hdl.handle.net\/10400.2\/5552 <\/p>\n\n\n\n<p><strong>[2012]<\/strong> Falchuk, Ben and Ad\u00e9rito Marcos (Eds). Innovative Design and Creation of Visual Interfaces: Advancements and Trends. IGI Global, 2012. 0-411. Web. 2 May. 2012. doi: http:\/\/dx.doi.org\/10.4018\/978-1-4666-0285-4. Indexa\u00e7\u00e3o: InfoSci<\/p>\n\n\n\n<p><strong>[2012]<\/strong> Marcos, A., Coelho J., Estrat\u00e9gias pedag\u00f3gicas para o ensino-aprendizagem da express\u00e3o gr\u00e1fica digital no ensino a dist\u00e2ncia online, Publicado como cap\u00edtulo do livro: Catarina S. Martins, Manuela Terras\u00eaca e V\u00edtor Martins (ed.), \u00c0 procura de renova\u00e7\u00f5es de estrat\u00e9gias e narrativas sobre educa\u00e7\u00e3o art\u00edstica, In Edi\u00e7\u00e3o da GESTO Cooperativa Cultural, CRL, 1\u00aa edi\u00e7\u00e3o, abril 2012, ISBN: 978-989-20-3000-5, p\u00e1gs. 165-188. Indexa\u00e7\u00e3o: Biblioteca Nacional. http:\/\/hdl.handle.net\/10400.2\/2105.<\/p>\n\n\n\n<p><strong>[2012]<\/strong> Marcos, A., Instanciando mecanismos de a\/r\/tografia no processo de cria\u00e7\u00e3o em arte digital\/computacional, In INVISIBILIDADES: Revista Iberoamericana de Pesquisa em Educa\u00e7\u00e3o, Cultura e Artes. ISSN 1647-0508. Vol. 3 (setembro 2012), p.138-145. http:\/\/hdl.handle.net\/10400.2\/2204. Indexa\u00e7\u00e3o: LatinIndex, DOAJ.<\/p>\n<\/div><\/div>\n<\/div><\/div><\/div>\n<\/div><\/div>\n<style class=\"advgb-styles-renderer\">#advgb-col-b23018cf-59aa-45a8-963f-453b603a1d3d>.advgb-column-inner{}@media screen and (max-width: 1023px) {#advgb-col-b23018cf-59aa-45a8-963f-453b603a1d3d>.advgb-column-inner{}}@media screen and (max-width: 767px) {#advgb-col-b23018cf-59aa-45a8-963f-453b603a1d3d>.advgb-column-inner{}}#advgb-col-3f6006a8-6268-41cf-bb0c-61e2a3d8c12c>.advgb-column-inner{}@media screen and (max-width: 1023px) {#advgb-col-3f6006a8-6268-41cf-bb0c-61e2a3d8c12c>.advgb-column-inner{}}@media screen and (max-width: 767px) {#advgb-col-3f6006a8-6268-41cf-bb0c-61e2a3d8c12c>.advgb-column-inner{}}#advgb-cols-5da5b332-718e-4ce8-aa22-44464417654c{}@media screen and (max-width: 1023px) {#advgb-cols-5da5b332-718e-4ce8-aa22-44464417654c{}}@media screen and (max-width: 767px) {#advgb-cols-5da5b332-718e-4ce8-aa22-44464417654c{}}#advgb-col-b23018cf-59aa-45a8-963f-453b603a1d3d>.advgb-column-inner{}@media screen and (max-width: 1023px) {#advgb-col-b23018cf-59aa-45a8-963f-453b603a1d3d>.advgb-column-inner{}}@media screen and (max-width: 767px) {#advgb-col-b23018cf-59aa-45a8-963f-453b603a1d3d>.advgb-column-inner{}}#advgb-col-3f6006a8-6268-41cf-bb0c-61e2a3d8c12c>.advgb-column-inner{}@media screen and (max-width: 1023px) {#advgb-col-3f6006a8-6268-41cf-bb0c-61e2a3d8c12c>.advgb-column-inner{}}@media screen and (max-width: 767px) {#advgb-col-3f6006a8-6268-41cf-bb0c-61e2a3d8c12c>.advgb-column-inner{}}#advgb-col-84110e68-1da6-43b1-a48c-10e7e4206983>.advgb-column-inner{}@media screen and (max-width: 1023px) {#advgb-col-84110e68-1da6-43b1-a48c-10e7e4206983>.advgb-column-inner{}}@media screen and (max-width: 767px) {#advgb-col-84110e68-1da6-43b1-a48c-10e7e4206983>.advgb-column-inner{}}#advgb-col-f817f499-7408-49c0-9ff6-995399fd5436>.advgb-column-inner{}@media screen and (max-width: 1023px) {#advgb-col-f817f499-7408-49c0-9ff6-995399fd5436>.advgb-column-inner{}}@media screen and (max-width: 767px) {#advgb-col-f817f499-7408-49c0-9ff6-995399fd5436>.advgb-column-inner{}}#advgb-cols-b0970ee8-3680-4800-b8be-444cfb18339a{}@media screen and (max-width: 1023px) {#advgb-cols-b0970ee8-3680-4800-b8be-444cfb18339a{}}@media screen and (max-width: 767px) {#advgb-cols-b0970ee8-3680-4800-b8be-444cfb18339a{}}#advgb-col-84110e68-1da6-43b1-a48c-10e7e4206983>.advgb-column-inner{}@media screen and (max-width: 1023px) {#advgb-col-84110e68-1da6-43b1-a48c-10e7e4206983>.advgb-column-inner{}}@media screen and (max-width: 767px) {#advgb-col-84110e68-1da6-43b1-a48c-10e7e4206983>.advgb-column-inner{}}#advgb-col-f817f499-7408-49c0-9ff6-995399fd5436>.advgb-column-inner{}@media screen and (max-width: 1023px) {#advgb-col-f817f499-7408-49c0-9ff6-995399fd5436>.advgb-column-inner{}}@media screen and (max-width: 767px) {#advgb-col-f817f499-7408-49c0-9ff6-995399fd5436>.advgb-column-inner{}}#advgb-cols-5da5b332-718e-4ce8-aa22-44464417654c{}@media screen and (max-width: 1023px) {#advgb-cols-5da5b332-718e-4ce8-aa22-44464417654c{}}@media screen and (max-width: 767px) {#advgb-cols-5da5b332-718e-4ce8-aa22-44464417654c{}}#advgb-col-b23018cf-59aa-45a8-963f-453b603a1d3d>.advgb-column-inner{}@media screen and (max-width: 1023px) {#advgb-col-b23018cf-59aa-45a8-963f-453b603a1d3d>.advgb-column-inner{}}@media screen and (max-width: 767px) {#advgb-col-b23018cf-59aa-45a8-963f-453b603a1d3d>.advgb-column-inner{}}#advgb-col-3f6006a8-6268-41cf-bb0c-61e2a3d8c12c>.advgb-column-inner{}@media screen and (max-width: 1023px) {#advgb-col-3f6006a8-6268-41cf-bb0c-61e2a3d8c12c>.advgb-column-inner{}}@media screen and (max-width: 767px) {#advgb-col-3f6006a8-6268-41cf-bb0c-61e2a3d8c12c>.advgb-column-inner{}}#advgb-cols-b0970ee8-3680-4800-b8be-444cfb18339a{}@media screen and (max-width: 1023px) {#advgb-cols-b0970ee8-3680-4800-b8be-444cfb18339a{}}@media screen and (max-width: 767px) {#advgb-cols-b0970ee8-3680-4800-b8be-444cfb18339a{}}#advgb-col-84110e68-1da6-43b1-a48c-10e7e4206983>.advgb-column-inner{}@media screen and (max-width: 1023px) {#advgb-col-84110e68-1da6-43b1-a48c-10e7e4206983>.advgb-column-inner{}}@media screen and (max-width: 767px) {#advgb-col-84110e68-1da6-43b1-a48c-10e7e4206983>.advgb-column-inner{}}#advgb-col-f817f499-7408-49c0-9ff6-995399fd5436>.advgb-column-inner{}@media screen and (max-width: 1023px) {#advgb-col-f817f499-7408-49c0-9ff6-995399fd5436>.advgb-column-inner{}}@media screen and (max-width: 767px) {#advgb-col-f817f499-7408-49c0-9ff6-995399fd5436>.advgb-column-inner{}}<\/style>","protected":false},"excerpt":{"rendered":"<p>Ad\u00e9rito Fernandes Marcos<\/p>\n","protected":false},"author":1,"featured_media":3632,"comment_status":"closed","ping_status":"closed","sticky":false,"template":"","format":"standard","meta":{"_eb_attr":"","inline_featured_image":false,"advgb_blocks_editor_width":"","advgb_blocks_columns_visual_guide":"","footnotes":"","_links_to":"","_links_to_target":""},"categories":[8],"tags":[86,22,82],"class_list":["post-4188","post","type-post","status-publish","format-standard","has-post-thumbnail","hentry","category-members","tag-digital-media-art","tag-scientific-council","tag-scientific-council-ciac-editions"],"yoast_head":"<!-- This site is optimized with the Yoast SEO plugin v27.4 - https:\/\/yoast.com\/product\/yoast-seo-wordpress\/ -->\n<title>Ad\u00e9rito Fernandes Marcos - CIAC<\/title>\n<meta name=\"robots\" content=\"index, follow, max-snippet:-1, max-image-preview:large, max-video-preview:-1\" \/>\n<link rel=\"canonical\" href=\"https:\/\/ciac.pt\/en\/members\/aderito-fernandes-marcos\/\" \/>\n<meta property=\"og:locale\" content=\"en_US\" \/>\n<meta property=\"og:type\" content=\"article\" \/>\n<meta property=\"og:title\" content=\"Ad\u00e9rito Fernandes Marcos - CIAC\" \/>\n<meta property=\"og:description\" content=\"Ad\u00e9rito Fernandes Marcos\" \/>\n<meta property=\"og:url\" content=\"https:\/\/ciac.pt\/en\/members\/aderito-fernandes-marcos\/\" \/>\n<meta property=\"og:site_name\" content=\"CIAC\" \/>\n<meta property=\"article:published_time\" content=\"2024-01-31T14:30:17+00:00\" \/>\n<meta property=\"article:modified_time\" content=\"2025-09-09T15:53:39+00:00\" \/>\n<meta property=\"og:image\" content=\"https:\/\/ciac.pt\/wp-content\/uploads\/2022\/06\/aderito-fernandes-marcos.jpg\" \/>\n\t<meta property=\"og:image:width\" content=\"1620\" \/>\n\t<meta property=\"og:image:height\" content=\"1215\" \/>\n\t<meta property=\"og:image:type\" content=\"image\/jpeg\" \/>\n<meta name=\"author\" content=\"webmaster\" \/>\n<meta name=\"twitter:card\" content=\"summary_large_image\" \/>\n<meta name=\"twitter:label1\" content=\"Written by\" \/>\n\t<meta name=\"twitter:data1\" content=\"webmaster\" \/>\n\t<meta name=\"twitter:label2\" content=\"Est. reading time\" \/>\n\t<meta name=\"twitter:data2\" content=\"11 minutes\" \/>\n<script type=\"application\/ld+json\" class=\"yoast-schema-graph\">{\"@context\":\"https:\\\/\\\/schema.org\",\"@graph\":[{\"@type\":\"Article\",\"@id\":\"https:\\\/\\\/ciac.pt\\\/en\\\/members\\\/aderito-fernandes-marcos\\\/#article\",\"isPartOf\":{\"@id\":\"https:\\\/\\\/ciac.pt\\\/en\\\/members\\\/aderito-fernandes-marcos\\\/\"},\"author\":{\"name\":\"webmaster\",\"@id\":\"https:\\\/\\\/ciac.pt\\\/en\\\/#\\\/schema\\\/person\\\/d6e2493431ce9cb2a44b9c1a48dcdf22\"},\"headline\":\"Ad\u00e9rito Fernandes Marcos\",\"datePublished\":\"2024-01-31T14:30:17+00:00\",\"dateModified\":\"2025-09-09T15:53:39+00:00\",\"mainEntityOfPage\":{\"@id\":\"https:\\\/\\\/ciac.pt\\\/en\\\/members\\\/aderito-fernandes-marcos\\\/\"},\"wordCount\":2280,\"publisher\":{\"@id\":\"https:\\\/\\\/ciac.pt\\\/en\\\/#organization\"},\"image\":{\"@id\":\"https:\\\/\\\/ciac.pt\\\/en\\\/members\\\/aderito-fernandes-marcos\\\/#primaryimage\"},\"thumbnailUrl\":\"https:\\\/\\\/ciac.pt\\\/wp-content\\\/uploads\\\/2022\\\/06\\\/aderito-fernandes-marcos.jpg\",\"keywords\":[\"Digital Media-Art\",\"Scientific Council\",\"Scientific Council (CIAC Editions)\"],\"articleSection\":[\"Members\"],\"inLanguage\":\"en-US\"},{\"@type\":\"WebPage\",\"@id\":\"https:\\\/\\\/ciac.pt\\\/en\\\/members\\\/aderito-fernandes-marcos\\\/\",\"url\":\"https:\\\/\\\/ciac.pt\\\/en\\\/members\\\/aderito-fernandes-marcos\\\/\",\"name\":\"Ad\u00e9rito Fernandes Marcos - CIAC\",\"isPartOf\":{\"@id\":\"https:\\\/\\\/ciac.pt\\\/en\\\/#website\"},\"primaryImageOfPage\":{\"@id\":\"https:\\\/\\\/ciac.pt\\\/en\\\/members\\\/aderito-fernandes-marcos\\\/#primaryimage\"},\"image\":{\"@id\":\"https:\\\/\\\/ciac.pt\\\/en\\\/members\\\/aderito-fernandes-marcos\\\/#primaryimage\"},\"thumbnailUrl\":\"https:\\\/\\\/ciac.pt\\\/wp-content\\\/uploads\\\/2022\\\/06\\\/aderito-fernandes-marcos.jpg\",\"datePublished\":\"2024-01-31T14:30:17+00:00\",\"dateModified\":\"2025-09-09T15:53:39+00:00\",\"breadcrumb\":{\"@id\":\"https:\\\/\\\/ciac.pt\\\/en\\\/members\\\/aderito-fernandes-marcos\\\/#breadcrumb\"},\"inLanguage\":\"en-US\",\"potentialAction\":[{\"@type\":\"ReadAction\",\"target\":[\"https:\\\/\\\/ciac.pt\\\/en\\\/members\\\/aderito-fernandes-marcos\\\/\"]}]},{\"@type\":\"ImageObject\",\"inLanguage\":\"en-US\",\"@id\":\"https:\\\/\\\/ciac.pt\\\/en\\\/members\\\/aderito-fernandes-marcos\\\/#primaryimage\",\"url\":\"https:\\\/\\\/ciac.pt\\\/wp-content\\\/uploads\\\/2022\\\/06\\\/aderito-fernandes-marcos.jpg\",\"contentUrl\":\"https:\\\/\\\/ciac.pt\\\/wp-content\\\/uploads\\\/2022\\\/06\\\/aderito-fernandes-marcos.jpg\",\"width\":1620,\"height\":1215},{\"@type\":\"BreadcrumbList\",\"@id\":\"https:\\\/\\\/ciac.pt\\\/en\\\/members\\\/aderito-fernandes-marcos\\\/#breadcrumb\",\"itemListElement\":[{\"@type\":\"ListItem\",\"position\":1,\"name\":\"In\u00edcio\",\"item\":\"https:\\\/\\\/ciac.pt\\\/en\\\/\"},{\"@type\":\"ListItem\",\"position\":2,\"name\":\"Ad\u00e9rito Fernandes Marcos\"}]},{\"@type\":\"WebSite\",\"@id\":\"https:\\\/\\\/ciac.pt\\\/en\\\/#website\",\"url\":\"https:\\\/\\\/ciac.pt\\\/en\\\/\",\"name\":\"CIAC\",\"description\":\"Centro de Investiga\u00e7\u00e3o em Artes e Comunica\u00e7\u00e3o\",\"publisher\":{\"@id\":\"https:\\\/\\\/ciac.pt\\\/en\\\/#organization\"},\"potentialAction\":[{\"@type\":\"SearchAction\",\"target\":{\"@type\":\"EntryPoint\",\"urlTemplate\":\"https:\\\/\\\/ciac.pt\\\/en\\\/?s={search_term_string}\"},\"query-input\":{\"@type\":\"PropertyValueSpecification\",\"valueRequired\":true,\"valueName\":\"search_term_string\"}}],\"inLanguage\":\"en-US\"},{\"@type\":\"Organization\",\"@id\":\"https:\\\/\\\/ciac.pt\\\/en\\\/#organization\",\"name\":\"CIAC\",\"url\":\"https:\\\/\\\/ciac.pt\\\/en\\\/\",\"logo\":{\"@type\":\"ImageObject\",\"inLanguage\":\"en-US\",\"@id\":\"https:\\\/\\\/ciac.pt\\\/en\\\/#\\\/schema\\\/logo\\\/image\\\/\",\"url\":\"https:\\\/\\\/ciac.pt\\\/wp-content\\\/uploads\\\/2022\\\/06\\\/logo.svg\",\"contentUrl\":\"https:\\\/\\\/ciac.pt\\\/wp-content\\\/uploads\\\/2022\\\/06\\\/logo.svg\",\"width\":184,\"height\":51,\"caption\":\"CIAC\"},\"image\":{\"@id\":\"https:\\\/\\\/ciac.pt\\\/en\\\/#\\\/schema\\\/logo\\\/image\\\/\"}},{\"@type\":\"Person\",\"@id\":\"https:\\\/\\\/ciac.pt\\\/en\\\/#\\\/schema\\\/person\\\/d6e2493431ce9cb2a44b9c1a48dcdf22\",\"name\":\"webmaster\",\"image\":{\"@type\":\"ImageObject\",\"inLanguage\":\"en-US\",\"@id\":\"https:\\\/\\\/secure.gravatar.com\\\/avatar\\\/4ef351d84fb3a91f19297e2b90dbe2c32d11868ce0fb67b2b84c961cffdfb009?s=96&d=mm&r=g\",\"url\":\"https:\\\/\\\/secure.gravatar.com\\\/avatar\\\/4ef351d84fb3a91f19297e2b90dbe2c32d11868ce0fb67b2b84c961cffdfb009?s=96&d=mm&r=g\",\"contentUrl\":\"https:\\\/\\\/secure.gravatar.com\\\/avatar\\\/4ef351d84fb3a91f19297e2b90dbe2c32d11868ce0fb67b2b84c961cffdfb009?s=96&d=mm&r=g\",\"caption\":\"webmaster\"},\"url\":\"https:\\\/\\\/ciac.pt\\\/en\\\/author\\\/webmaster\\\/\"}]}<\/script>\n<!-- \/ Yoast SEO plugin. -->","yoast_head_json":{"title":"Ad\u00e9rito Fernandes Marcos - CIAC","robots":{"index":"index","follow":"follow","max-snippet":"max-snippet:-1","max-image-preview":"max-image-preview:large","max-video-preview":"max-video-preview:-1"},"canonical":"https:\/\/ciac.pt\/en\/members\/aderito-fernandes-marcos\/","og_locale":"en_US","og_type":"article","og_title":"Ad\u00e9rito Fernandes Marcos - CIAC","og_description":"Ad\u00e9rito Fernandes Marcos","og_url":"https:\/\/ciac.pt\/en\/members\/aderito-fernandes-marcos\/","og_site_name":"CIAC","article_published_time":"2024-01-31T14:30:17+00:00","article_modified_time":"2025-09-09T15:53:39+00:00","og_image":[{"width":1620,"height":1215,"url":"https:\/\/ciac.pt\/wp-content\/uploads\/2022\/06\/aderito-fernandes-marcos.jpg","type":"image\/jpeg"}],"author":"webmaster","twitter_card":"summary_large_image","twitter_misc":{"Written by":"webmaster","Est. reading time":"11 minutes"},"schema":{"@context":"https:\/\/schema.org","@graph":[{"@type":"Article","@id":"https:\/\/ciac.pt\/en\/members\/aderito-fernandes-marcos\/#article","isPartOf":{"@id":"https:\/\/ciac.pt\/en\/members\/aderito-fernandes-marcos\/"},"author":{"name":"webmaster","@id":"https:\/\/ciac.pt\/en\/#\/schema\/person\/d6e2493431ce9cb2a44b9c1a48dcdf22"},"headline":"Ad\u00e9rito Fernandes Marcos","datePublished":"2024-01-31T14:30:17+00:00","dateModified":"2025-09-09T15:53:39+00:00","mainEntityOfPage":{"@id":"https:\/\/ciac.pt\/en\/members\/aderito-fernandes-marcos\/"},"wordCount":2280,"publisher":{"@id":"https:\/\/ciac.pt\/en\/#organization"},"image":{"@id":"https:\/\/ciac.pt\/en\/members\/aderito-fernandes-marcos\/#primaryimage"},"thumbnailUrl":"https:\/\/ciac.pt\/wp-content\/uploads\/2022\/06\/aderito-fernandes-marcos.jpg","keywords":["Digital Media-Art","Scientific Council","Scientific Council (CIAC Editions)"],"articleSection":["Members"],"inLanguage":"en-US"},{"@type":"WebPage","@id":"https:\/\/ciac.pt\/en\/members\/aderito-fernandes-marcos\/","url":"https:\/\/ciac.pt\/en\/members\/aderito-fernandes-marcos\/","name":"Ad\u00e9rito Fernandes Marcos - CIAC","isPartOf":{"@id":"https:\/\/ciac.pt\/en\/#website"},"primaryImageOfPage":{"@id":"https:\/\/ciac.pt\/en\/members\/aderito-fernandes-marcos\/#primaryimage"},"image":{"@id":"https:\/\/ciac.pt\/en\/members\/aderito-fernandes-marcos\/#primaryimage"},"thumbnailUrl":"https:\/\/ciac.pt\/wp-content\/uploads\/2022\/06\/aderito-fernandes-marcos.jpg","datePublished":"2024-01-31T14:30:17+00:00","dateModified":"2025-09-09T15:53:39+00:00","breadcrumb":{"@id":"https:\/\/ciac.pt\/en\/members\/aderito-fernandes-marcos\/#breadcrumb"},"inLanguage":"en-US","potentialAction":[{"@type":"ReadAction","target":["https:\/\/ciac.pt\/en\/members\/aderito-fernandes-marcos\/"]}]},{"@type":"ImageObject","inLanguage":"en-US","@id":"https:\/\/ciac.pt\/en\/members\/aderito-fernandes-marcos\/#primaryimage","url":"https:\/\/ciac.pt\/wp-content\/uploads\/2022\/06\/aderito-fernandes-marcos.jpg","contentUrl":"https:\/\/ciac.pt\/wp-content\/uploads\/2022\/06\/aderito-fernandes-marcos.jpg","width":1620,"height":1215},{"@type":"BreadcrumbList","@id":"https:\/\/ciac.pt\/en\/members\/aderito-fernandes-marcos\/#breadcrumb","itemListElement":[{"@type":"ListItem","position":1,"name":"In\u00edcio","item":"https:\/\/ciac.pt\/en\/"},{"@type":"ListItem","position":2,"name":"Ad\u00e9rito Fernandes Marcos"}]},{"@type":"WebSite","@id":"https:\/\/ciac.pt\/en\/#website","url":"https:\/\/ciac.pt\/en\/","name":"CIAC","description":"Centro de Investiga\u00e7\u00e3o em Artes e Comunica\u00e7\u00e3o","publisher":{"@id":"https:\/\/ciac.pt\/en\/#organization"},"potentialAction":[{"@type":"SearchAction","target":{"@type":"EntryPoint","urlTemplate":"https:\/\/ciac.pt\/en\/?s={search_term_string}"},"query-input":{"@type":"PropertyValueSpecification","valueRequired":true,"valueName":"search_term_string"}}],"inLanguage":"en-US"},{"@type":"Organization","@id":"https:\/\/ciac.pt\/en\/#organization","name":"CIAC","url":"https:\/\/ciac.pt\/en\/","logo":{"@type":"ImageObject","inLanguage":"en-US","@id":"https:\/\/ciac.pt\/en\/#\/schema\/logo\/image\/","url":"https:\/\/ciac.pt\/wp-content\/uploads\/2022\/06\/logo.svg","contentUrl":"https:\/\/ciac.pt\/wp-content\/uploads\/2022\/06\/logo.svg","width":184,"height":51,"caption":"CIAC"},"image":{"@id":"https:\/\/ciac.pt\/en\/#\/schema\/logo\/image\/"}},{"@type":"Person","@id":"https:\/\/ciac.pt\/en\/#\/schema\/person\/d6e2493431ce9cb2a44b9c1a48dcdf22","name":"webmaster","image":{"@type":"ImageObject","inLanguage":"en-US","@id":"https:\/\/secure.gravatar.com\/avatar\/4ef351d84fb3a91f19297e2b90dbe2c32d11868ce0fb67b2b84c961cffdfb009?s=96&d=mm&r=g","url":"https:\/\/secure.gravatar.com\/avatar\/4ef351d84fb3a91f19297e2b90dbe2c32d11868ce0fb67b2b84c961cffdfb009?s=96&d=mm&r=g","contentUrl":"https:\/\/secure.gravatar.com\/avatar\/4ef351d84fb3a91f19297e2b90dbe2c32d11868ce0fb67b2b84c961cffdfb009?s=96&d=mm&r=g","caption":"webmaster"},"url":"https:\/\/ciac.pt\/en\/author\/webmaster\/"}]}},"author_meta":{"display_name":"webmaster","author_link":"https:\/\/ciac.pt\/en\/author\/webmaster\/"},"featured_img":"https:\/\/ciac.pt\/wp-content\/uploads\/2022\/06\/aderito-fernandes-marcos-300x225.jpg","coauthors":[],"tax_additional":{"categories":{"linked":["<a href=\"https:\/\/ciac.pt\/en\/.\/members\/\" class=\"advgb-post-tax-term\">Members<\/a>"],"unlinked":["<span class=\"advgb-post-tax-term\">Members<\/span>"]},"tags":{"linked":["<a href=\"https:\/\/ciac.pt\/en\/.\/members\/\" class=\"advgb-post-tax-term\">Digital Media-Art<\/a>","<a href=\"https:\/\/ciac.pt\/en\/.\/members\/\" class=\"advgb-post-tax-term\">Scientific Council<\/a>","<a href=\"https:\/\/ciac.pt\/en\/.\/members\/\" class=\"advgb-post-tax-term\">Scientific Council (CIAC Editions)<\/a>"],"unlinked":["<span class=\"advgb-post-tax-term\">Digital Media-Art<\/span>","<span class=\"advgb-post-tax-term\">Scientific Council<\/span>","<span class=\"advgb-post-tax-term\">Scientific Council (CIAC Editions)<\/span>"]}},"comment_count":0,"relative_dates":{"created":"Posted 2 years ago","modified":"Updated 8 months ago"},"absolute_dates":{"created":"Posted on 31\/01\/2024","modified":"Updated on 09\/09\/2025"},"absolute_dates_time":{"created":"Posted on 31\/01\/2024 14:30","modified":"Updated on 09\/09\/2025 16:53"},"featured_img_caption":"","series_order":"","_links":{"self":[{"href":"https:\/\/ciac.pt\/en\/wp-json\/wp\/v2\/posts\/4188","targetHints":{"allow":["GET"]}}],"collection":[{"href":"https:\/\/ciac.pt\/en\/wp-json\/wp\/v2\/posts"}],"about":[{"href":"https:\/\/ciac.pt\/en\/wp-json\/wp\/v2\/types\/post"}],"author":[{"embeddable":true,"href":"https:\/\/ciac.pt\/en\/wp-json\/wp\/v2\/users\/1"}],"replies":[{"embeddable":true,"href":"https:\/\/ciac.pt\/en\/wp-json\/wp\/v2\/comments?post=4188"}],"version-history":[{"count":3,"href":"https:\/\/ciac.pt\/en\/wp-json\/wp\/v2\/posts\/4188\/revisions"}],"predecessor-version":[{"id":11822,"href":"https:\/\/ciac.pt\/en\/wp-json\/wp\/v2\/posts\/4188\/revisions\/11822"}],"wp:featuredmedia":[{"embeddable":true,"href":"https:\/\/ciac.pt\/en\/wp-json\/wp\/v2\/media\/3632"}],"wp:attachment":[{"href":"https:\/\/ciac.pt\/en\/wp-json\/wp\/v2\/media?parent=4188"}],"wp:term":[{"taxonomy":"category","embeddable":true,"href":"https:\/\/ciac.pt\/en\/wp-json\/wp\/v2\/categories?post=4188"},{"taxonomy":"post_tag","embeddable":true,"href":"https:\/\/ciac.pt\/en\/wp-json\/wp\/v2\/tags?post=4188"}],"curies":[{"name":"wp","href":"https:\/\/api.w.org\/{rel}","templated":true}]}}