{"id":4495,"date":"2024-02-20T11:48:15","date_gmt":"2024-02-20T11:48:15","guid":{"rendered":"https:\/\/ciac.pt\/?p=4495"},"modified":"2024-11-28T17:27:23","modified_gmt":"2024-11-28T17:27:23","slug":"artificial-intelligence-highlighted-in-the-xviii-ciac-conference","status":"publish","type":"post","link":"https:\/\/ciac.pt\/en\/news\/artificial-intelligence-highlighted-in-the-xviii-ciac-conference\/","title":{"rendered":"Artificial Intelligence Highlighted in the XVIII CIAC Conference"},"content":{"rendered":"\n<div class=\"wp-block-group alignwide\"><div class=\"wp-block-group__inner-container is-layout-constrained wp-block-group-is-layout-constrained\">\n\n\n\n\n<figure class=\"wp-block-image size-full\"><a href=\"https:\/\/ciac.pt\/wp-content\/uploads\/2024\/02\/Cartaz-XVIII-Jornadas-Final.jpg\"><img decoding=\"async\" width=\"212\" height=\"300\" data-src=\"https:\/\/ciac.pt\/wp-content\/uploads\/2024\/02\/Cartaz-XVIII-Jornadas-Final.jpg\" alt=\"\" class=\"wp-image-4488 lazyload\" src=\"data:image\/svg+xml;base64,PHN2ZyB3aWR0aD0iMSIgaGVpZ2h0PSIxIiB4bWxucz0iaHR0cDovL3d3dy53My5vcmcvMjAwMC9zdmciPjwvc3ZnPg==\" style=\"--smush-placeholder-width: 212px; --smush-placeholder-aspect-ratio: 212\/300;\" \/><\/a><\/figure>\n\n\n<h1 class=\"wp-block-post-title\">Artificial Intelligence Highlighted in the XVIII CIAC Conference<\/h1>\n\n<div class=\"wp-block-post-date has-text-color has-cyan-bluish-gray-color\"><time datetime=\"2024-02-20T11:48:15+00:00\">20\/02\/2024<\/time><\/div>\n\n\n<hr class=\"wp-block-separator has-text-color has-white-color has-alpha-channel-opacity has-white-background-color has-background\"\/>\n\n\n\n<p>Under the theme &#8220;Minds and Machines: AI in Communication, Culture, and the Arts,&#8221; the <em>XVIII CIAC Conference<\/em> will take place at the University of Algarve on March 1, 2024, in auditorium 1.4 of the Pedagogical Complex \u2013 Penha Campus. <\/p>\n\n\n\n<p>For this edition&#8217;s thematic session, we highlight the participation of Geraint Wiggins from Queen Mary University of London (UK) and the Association for Computational Creativity, with the lecture &#8220;Artificial Intelligence, Culture, and Creativity: Opportunities for the Future&#8221;; Ana Viseu from NOVA FCHS, who will discuss &#8220;AI, Data, and the Question of Human Augmentation&#8221;; and finally, Joana Pestana from the Interactive Technologies Institute (ITI) &#8211; LARSyS, presenting &#8220;Remote Conversations with the More-Than-Human.&#8221; <\/p>\n\n\n\n<p>In addition to the thematic session, the <em>XVIII CIAC Conference<\/em> will also include the usual panels dedicated to research and projects hosted by the Center. Presentations will be made under the umbrella of Media Art and Communication, featuring works from students in the Master&#8217;s in Communication and Digital Media, as well as the Doctorate in Media Art. <\/p>\n\n\n\n<p>There will also be a panel on Communication and Fiction, as well as a round table with Master&#8217;s students in Creative Processes. The conference program concludes with guests from the Mackenzie Presbyterian University (S\u00e3o Paulo), who will present a partnership between Brazil and Portugal in the field of communication and culture education and research. <\/p>\n\n\n\n<p>The event&#8217;s motto remains the same: to bring together CIAC researchers and collaborators, both junior and senior, for a day of sharing, problematizing, and discussing projects, publications, methodologies, concepts, and paths. <\/p>\n\n\n\n<p>Participation in the event is free and provides a certificate. <\/p>\n\n\n\n<p>Registrations are open! (<a href=\"https:\/\/forms.gle\/DGpwt5S6h5ZKAkyc7\" data-type=\"link\" data-id=\"https:\/\/forms.gle\/DGpwt5S6h5ZKAkyc7\">here<\/a>)<br>Check the complete program (<a href=\"https:\/\/ciac.pt\/wp-content\/uploads\/2024\/02\/programa-xviii-jornadas.pdf\" data-type=\"link\" data-id=\"https:\/\/ciac.pt\/wp-content\/uploads\/2024\/02\/programa-xviii-jornadas.pdf\">here<\/a>).<br><\/p>\n\n\n\n<hr class=\"wp-block-separator alignwide has-alpha-channel-opacity is-style-wide separador-mais-info\"\/>\n\n\n\n<p>This work is funded by national funds through FCT \u2013 Foundation for Science and Technology, I.P., under the project &#8220;UIDB\/04019\/2020&#8221;.<\/p>\n<\/div><\/div>\n","protected":false},"excerpt":{"rendered":"<p>Under the theme &#8220;Minds and Machines: AI in Communication, Culture, and the<\/p>\n","protected":false},"author":3,"featured_media":4149,"comment_status":"closed","ping_status":"closed","sticky":false,"template":"","format":"standard","meta":{"_eb_attr":"","inline_featured_image":false,"advgb_blocks_editor_width":"","advgb_blocks_columns_visual_guide":"","footnotes":"","_links_to":"","_links_to_target":""},"categories":[61],"tags":[128],"class_list":["post-4495","post","type-post","status-publish","format-standard","has-post-thumbnail","hentry","category-news","tag-event"],"yoast_head":"<!-- This site is optimized with the Yoast SEO plugin v27.4 - https:\/\/yoast.com\/product\/yoast-seo-wordpress\/ -->\n<title>Artificial Intelligence Highlighted in the XVIII CIAC Conference - CIAC<\/title>\n<meta name=\"robots\" content=\"index, follow, max-snippet:-1, max-image-preview:large, max-video-preview:-1\" \/>\n<link rel=\"canonical\" href=\"https:\/\/ciac.pt\/en\/news\/artificial-intelligence-highlighted-in-the-xviii-ciac-conference\/\" \/>\n<meta property=\"og:locale\" content=\"en_US\" \/>\n<meta property=\"og:type\" content=\"article\" \/>\n<meta property=\"og:title\" content=\"Artificial Intelligence Highlighted in the XVIII CIAC Conference - CIAC\" \/>\n<meta property=\"og:description\" content=\"Under the theme &#8220;Minds and Machines: AI in Communication, Culture, and the\" \/>\n<meta property=\"og:url\" content=\"https:\/\/ciac.pt\/en\/news\/artificial-intelligence-highlighted-in-the-xviii-ciac-conference\/\" \/>\n<meta property=\"og:site_name\" content=\"CIAC\" \/>\n<meta property=\"article:published_time\" content=\"2024-02-20T11:48:15+00:00\" \/>\n<meta property=\"article:modified_time\" content=\"2024-11-28T17:27:23+00:00\" \/>\n<meta property=\"og:image\" content=\"https:\/\/ciac.pt\/wp-content\/uploads\/2024\/01\/xviii-jornadas.jpg\" \/>\n\t<meta property=\"og:image:width\" content=\"1620\" \/>\n\t<meta property=\"og:image:height\" content=\"1215\" \/>\n\t<meta property=\"og:image:type\" content=\"image\/jpeg\" \/>\n<meta name=\"author\" content=\"editor1\" \/>\n<meta name=\"twitter:card\" content=\"summary_large_image\" \/>\n<meta name=\"twitter:label1\" content=\"Written by\" \/>\n\t<meta name=\"twitter:data1\" content=\"editor1\" \/>\n\t<meta name=\"twitter:label2\" content=\"Est. reading time\" \/>\n\t<meta name=\"twitter:data2\" content=\"1 minute\" \/>\n<script type=\"application\/ld+json\" class=\"yoast-schema-graph\">{\"@context\":\"https:\\\/\\\/schema.org\",\"@graph\":[{\"@type\":\"Article\",\"@id\":\"https:\\\/\\\/ciac.pt\\\/en\\\/news\\\/artificial-intelligence-highlighted-in-the-xviii-ciac-conference\\\/#article\",\"isPartOf\":{\"@id\":\"https:\\\/\\\/ciac.pt\\\/en\\\/news\\\/artificial-intelligence-highlighted-in-the-xviii-ciac-conference\\\/\"},\"author\":{\"name\":\"editor1\",\"@id\":\"https:\\\/\\\/ciac.pt\\\/en\\\/#\\\/schema\\\/person\\\/3def46b976d3f4c0cdcf7c417cb570be\"},\"headline\":\"Artificial Intelligence Highlighted in the XVIII CIAC Conference\",\"datePublished\":\"2024-02-20T11:48:15+00:00\",\"dateModified\":\"2024-11-28T17:27:23+00:00\",\"mainEntityOfPage\":{\"@id\":\"https:\\\/\\\/ciac.pt\\\/en\\\/news\\\/artificial-intelligence-highlighted-in-the-xviii-ciac-conference\\\/\"},\"wordCount\":299,\"publisher\":{\"@id\":\"https:\\\/\\\/ciac.pt\\\/en\\\/#organization\"},\"image\":{\"@id\":\"https:\\\/\\\/ciac.pt\\\/en\\\/news\\\/artificial-intelligence-highlighted-in-the-xviii-ciac-conference\\\/#primaryimage\"},\"thumbnailUrl\":\"https:\\\/\\\/ciac.pt\\\/wp-content\\\/uploads\\\/2024\\\/01\\\/xviii-jornadas.jpg\",\"keywords\":[\"Event\"],\"articleSection\":[\"News\"],\"inLanguage\":\"en-US\"},{\"@type\":\"WebPage\",\"@id\":\"https:\\\/\\\/ciac.pt\\\/en\\\/news\\\/artificial-intelligence-highlighted-in-the-xviii-ciac-conference\\\/\",\"url\":\"https:\\\/\\\/ciac.pt\\\/en\\\/news\\\/artificial-intelligence-highlighted-in-the-xviii-ciac-conference\\\/\",\"name\":\"Artificial Intelligence Highlighted in the XVIII CIAC Conference - CIAC\",\"isPartOf\":{\"@id\":\"https:\\\/\\\/ciac.pt\\\/en\\\/#website\"},\"primaryImageOfPage\":{\"@id\":\"https:\\\/\\\/ciac.pt\\\/en\\\/news\\\/artificial-intelligence-highlighted-in-the-xviii-ciac-conference\\\/#primaryimage\"},\"image\":{\"@id\":\"https:\\\/\\\/ciac.pt\\\/en\\\/news\\\/artificial-intelligence-highlighted-in-the-xviii-ciac-conference\\\/#primaryimage\"},\"thumbnailUrl\":\"https:\\\/\\\/ciac.pt\\\/wp-content\\\/uploads\\\/2024\\\/01\\\/xviii-jornadas.jpg\",\"datePublished\":\"2024-02-20T11:48:15+00:00\",\"dateModified\":\"2024-11-28T17:27:23+00:00\",\"breadcrumb\":{\"@id\":\"https:\\\/\\\/ciac.pt\\\/en\\\/news\\\/artificial-intelligence-highlighted-in-the-xviii-ciac-conference\\\/#breadcrumb\"},\"inLanguage\":\"en-US\",\"potentialAction\":[{\"@type\":\"ReadAction\",\"target\":[\"https:\\\/\\\/ciac.pt\\\/en\\\/news\\\/artificial-intelligence-highlighted-in-the-xviii-ciac-conference\\\/\"]}]},{\"@type\":\"ImageObject\",\"inLanguage\":\"en-US\",\"@id\":\"https:\\\/\\\/ciac.pt\\\/en\\\/news\\\/artificial-intelligence-highlighted-in-the-xviii-ciac-conference\\\/#primaryimage\",\"url\":\"https:\\\/\\\/ciac.pt\\\/wp-content\\\/uploads\\\/2024\\\/01\\\/xviii-jornadas.jpg\",\"contentUrl\":\"https:\\\/\\\/ciac.pt\\\/wp-content\\\/uploads\\\/2024\\\/01\\\/xviii-jornadas.jpg\",\"width\":1620,\"height\":1215},{\"@type\":\"BreadcrumbList\",\"@id\":\"https:\\\/\\\/ciac.pt\\\/en\\\/news\\\/artificial-intelligence-highlighted-in-the-xviii-ciac-conference\\\/#breadcrumb\",\"itemListElement\":[{\"@type\":\"ListItem\",\"position\":1,\"name\":\"In\u00edcio\",\"item\":\"https:\\\/\\\/ciac.pt\\\/en\\\/\"},{\"@type\":\"ListItem\",\"position\":2,\"name\":\"Artificial Intelligence Highlighted in the XVIII CIAC Conference\"}]},{\"@type\":\"WebSite\",\"@id\":\"https:\\\/\\\/ciac.pt\\\/en\\\/#website\",\"url\":\"https:\\\/\\\/ciac.pt\\\/en\\\/\",\"name\":\"CIAC\",\"description\":\"Centro de Investiga\u00e7\u00e3o em Artes e Comunica\u00e7\u00e3o\",\"publisher\":{\"@id\":\"https:\\\/\\\/ciac.pt\\\/en\\\/#organization\"},\"potentialAction\":[{\"@type\":\"SearchAction\",\"target\":{\"@type\":\"EntryPoint\",\"urlTemplate\":\"https:\\\/\\\/ciac.pt\\\/en\\\/?s={search_term_string}\"},\"query-input\":{\"@type\":\"PropertyValueSpecification\",\"valueRequired\":true,\"valueName\":\"search_term_string\"}}],\"inLanguage\":\"en-US\"},{\"@type\":\"Organization\",\"@id\":\"https:\\\/\\\/ciac.pt\\\/en\\\/#organization\",\"name\":\"CIAC\",\"url\":\"https:\\\/\\\/ciac.pt\\\/en\\\/\",\"logo\":{\"@type\":\"ImageObject\",\"inLanguage\":\"en-US\",\"@id\":\"https:\\\/\\\/ciac.pt\\\/en\\\/#\\\/schema\\\/logo\\\/image\\\/\",\"url\":\"https:\\\/\\\/ciac.pt\\\/wp-content\\\/uploads\\\/2022\\\/06\\\/logo.svg\",\"contentUrl\":\"https:\\\/\\\/ciac.pt\\\/wp-content\\\/uploads\\\/2022\\\/06\\\/logo.svg\",\"width\":184,\"height\":51,\"caption\":\"CIAC\"},\"image\":{\"@id\":\"https:\\\/\\\/ciac.pt\\\/en\\\/#\\\/schema\\\/logo\\\/image\\\/\"}},{\"@type\":\"Person\",\"@id\":\"https:\\\/\\\/ciac.pt\\\/en\\\/#\\\/schema\\\/person\\\/3def46b976d3f4c0cdcf7c417cb570be\",\"name\":\"editor1\",\"image\":{\"@type\":\"ImageObject\",\"inLanguage\":\"en-US\",\"@id\":\"https:\\\/\\\/secure.gravatar.com\\\/avatar\\\/4d8eb3157f61df03731fd8bf031b56d1d9241759e8f8c07d4d7e51d2f858c821?s=96&d=mm&r=g\",\"url\":\"https:\\\/\\\/secure.gravatar.com\\\/avatar\\\/4d8eb3157f61df03731fd8bf031b56d1d9241759e8f8c07d4d7e51d2f858c821?s=96&d=mm&r=g\",\"contentUrl\":\"https:\\\/\\\/secure.gravatar.com\\\/avatar\\\/4d8eb3157f61df03731fd8bf031b56d1d9241759e8f8c07d4d7e51d2f858c821?s=96&d=mm&r=g\",\"caption\":\"editor1\"},\"url\":\"https:\\\/\\\/ciac.pt\\\/en\\\/author\\\/editor1\\\/\"}]}<\/script>\n<!-- \/ Yoast SEO plugin. -->","yoast_head_json":{"title":"Artificial Intelligence Highlighted in the XVIII CIAC Conference - CIAC","robots":{"index":"index","follow":"follow","max-snippet":"max-snippet:-1","max-image-preview":"max-image-preview:large","max-video-preview":"max-video-preview:-1"},"canonical":"https:\/\/ciac.pt\/en\/news\/artificial-intelligence-highlighted-in-the-xviii-ciac-conference\/","og_locale":"en_US","og_type":"article","og_title":"Artificial Intelligence Highlighted in the XVIII CIAC Conference - CIAC","og_description":"Under the theme &#8220;Minds and Machines: AI in Communication, Culture, and the","og_url":"https:\/\/ciac.pt\/en\/news\/artificial-intelligence-highlighted-in-the-xviii-ciac-conference\/","og_site_name":"CIAC","article_published_time":"2024-02-20T11:48:15+00:00","article_modified_time":"2024-11-28T17:27:23+00:00","og_image":[{"width":1620,"height":1215,"url":"https:\/\/ciac.pt\/wp-content\/uploads\/2024\/01\/xviii-jornadas.jpg","type":"image\/jpeg"}],"author":"editor1","twitter_card":"summary_large_image","twitter_misc":{"Written by":"editor1","Est. reading time":"1 minute"},"schema":{"@context":"https:\/\/schema.org","@graph":[{"@type":"Article","@id":"https:\/\/ciac.pt\/en\/news\/artificial-intelligence-highlighted-in-the-xviii-ciac-conference\/#article","isPartOf":{"@id":"https:\/\/ciac.pt\/en\/news\/artificial-intelligence-highlighted-in-the-xviii-ciac-conference\/"},"author":{"name":"editor1","@id":"https:\/\/ciac.pt\/en\/#\/schema\/person\/3def46b976d3f4c0cdcf7c417cb570be"},"headline":"Artificial Intelligence Highlighted in the XVIII CIAC Conference","datePublished":"2024-02-20T11:48:15+00:00","dateModified":"2024-11-28T17:27:23+00:00","mainEntityOfPage":{"@id":"https:\/\/ciac.pt\/en\/news\/artificial-intelligence-highlighted-in-the-xviii-ciac-conference\/"},"wordCount":299,"publisher":{"@id":"https:\/\/ciac.pt\/en\/#organization"},"image":{"@id":"https:\/\/ciac.pt\/en\/news\/artificial-intelligence-highlighted-in-the-xviii-ciac-conference\/#primaryimage"},"thumbnailUrl":"https:\/\/ciac.pt\/wp-content\/uploads\/2024\/01\/xviii-jornadas.jpg","keywords":["Event"],"articleSection":["News"],"inLanguage":"en-US"},{"@type":"WebPage","@id":"https:\/\/ciac.pt\/en\/news\/artificial-intelligence-highlighted-in-the-xviii-ciac-conference\/","url":"https:\/\/ciac.pt\/en\/news\/artificial-intelligence-highlighted-in-the-xviii-ciac-conference\/","name":"Artificial Intelligence Highlighted in the XVIII CIAC Conference - CIAC","isPartOf":{"@id":"https:\/\/ciac.pt\/en\/#website"},"primaryImageOfPage":{"@id":"https:\/\/ciac.pt\/en\/news\/artificial-intelligence-highlighted-in-the-xviii-ciac-conference\/#primaryimage"},"image":{"@id":"https:\/\/ciac.pt\/en\/news\/artificial-intelligence-highlighted-in-the-xviii-ciac-conference\/#primaryimage"},"thumbnailUrl":"https:\/\/ciac.pt\/wp-content\/uploads\/2024\/01\/xviii-jornadas.jpg","datePublished":"2024-02-20T11:48:15+00:00","dateModified":"2024-11-28T17:27:23+00:00","breadcrumb":{"@id":"https:\/\/ciac.pt\/en\/news\/artificial-intelligence-highlighted-in-the-xviii-ciac-conference\/#breadcrumb"},"inLanguage":"en-US","potentialAction":[{"@type":"ReadAction","target":["https:\/\/ciac.pt\/en\/news\/artificial-intelligence-highlighted-in-the-xviii-ciac-conference\/"]}]},{"@type":"ImageObject","inLanguage":"en-US","@id":"https:\/\/ciac.pt\/en\/news\/artificial-intelligence-highlighted-in-the-xviii-ciac-conference\/#primaryimage","url":"https:\/\/ciac.pt\/wp-content\/uploads\/2024\/01\/xviii-jornadas.jpg","contentUrl":"https:\/\/ciac.pt\/wp-content\/uploads\/2024\/01\/xviii-jornadas.jpg","width":1620,"height":1215},{"@type":"BreadcrumbList","@id":"https:\/\/ciac.pt\/en\/news\/artificial-intelligence-highlighted-in-the-xviii-ciac-conference\/#breadcrumb","itemListElement":[{"@type":"ListItem","position":1,"name":"In\u00edcio","item":"https:\/\/ciac.pt\/en\/"},{"@type":"ListItem","position":2,"name":"Artificial Intelligence Highlighted in the XVIII CIAC Conference"}]},{"@type":"WebSite","@id":"https:\/\/ciac.pt\/en\/#website","url":"https:\/\/ciac.pt\/en\/","name":"CIAC","description":"Centro de Investiga\u00e7\u00e3o em Artes e Comunica\u00e7\u00e3o","publisher":{"@id":"https:\/\/ciac.pt\/en\/#organization"},"potentialAction":[{"@type":"SearchAction","target":{"@type":"EntryPoint","urlTemplate":"https:\/\/ciac.pt\/en\/?s={search_term_string}"},"query-input":{"@type":"PropertyValueSpecification","valueRequired":true,"valueName":"search_term_string"}}],"inLanguage":"en-US"},{"@type":"Organization","@id":"https:\/\/ciac.pt\/en\/#organization","name":"CIAC","url":"https:\/\/ciac.pt\/en\/","logo":{"@type":"ImageObject","inLanguage":"en-US","@id":"https:\/\/ciac.pt\/en\/#\/schema\/logo\/image\/","url":"https:\/\/ciac.pt\/wp-content\/uploads\/2022\/06\/logo.svg","contentUrl":"https:\/\/ciac.pt\/wp-content\/uploads\/2022\/06\/logo.svg","width":184,"height":51,"caption":"CIAC"},"image":{"@id":"https:\/\/ciac.pt\/en\/#\/schema\/logo\/image\/"}},{"@type":"Person","@id":"https:\/\/ciac.pt\/en\/#\/schema\/person\/3def46b976d3f4c0cdcf7c417cb570be","name":"editor1","image":{"@type":"ImageObject","inLanguage":"en-US","@id":"https:\/\/secure.gravatar.com\/avatar\/4d8eb3157f61df03731fd8bf031b56d1d9241759e8f8c07d4d7e51d2f858c821?s=96&d=mm&r=g","url":"https:\/\/secure.gravatar.com\/avatar\/4d8eb3157f61df03731fd8bf031b56d1d9241759e8f8c07d4d7e51d2f858c821?s=96&d=mm&r=g","contentUrl":"https:\/\/secure.gravatar.com\/avatar\/4d8eb3157f61df03731fd8bf031b56d1d9241759e8f8c07d4d7e51d2f858c821?s=96&d=mm&r=g","caption":"editor1"},"url":"https:\/\/ciac.pt\/en\/author\/editor1\/"}]}},"author_meta":{"display_name":"editor1","author_link":"https:\/\/ciac.pt\/en\/author\/editor1\/"},"featured_img":"https:\/\/ciac.pt\/wp-content\/uploads\/2024\/01\/xviii-jornadas-300x225.jpg","coauthors":[],"tax_additional":{"categories":{"linked":["<a href=\"https:\/\/ciac.pt\/en\/.\/news\/\" class=\"advgb-post-tax-term\">News<\/a>"],"unlinked":["<span class=\"advgb-post-tax-term\">News<\/span>"]},"tags":{"linked":["<a href=\"https:\/\/ciac.pt\/en\/.\/news\/\" class=\"advgb-post-tax-term\">Event<\/a>"],"unlinked":["<span class=\"advgb-post-tax-term\">Event<\/span>"]}},"comment_count":0,"relative_dates":{"created":"Posted 2 years ago","modified":"Updated 1 year ago"},"absolute_dates":{"created":"Posted on 20\/02\/2024","modified":"Updated on 28\/11\/2024"},"absolute_dates_time":{"created":"Posted on 20\/02\/2024 11:48","modified":"Updated on 28\/11\/2024 17:27"},"featured_img_caption":"","series_order":"","_links":{"self":[{"href":"https:\/\/ciac.pt\/en\/wp-json\/wp\/v2\/posts\/4495","targetHints":{"allow":["GET"]}}],"collection":[{"href":"https:\/\/ciac.pt\/en\/wp-json\/wp\/v2\/posts"}],"about":[{"href":"https:\/\/ciac.pt\/en\/wp-json\/wp\/v2\/types\/post"}],"author":[{"embeddable":true,"href":"https:\/\/ciac.pt\/en\/wp-json\/wp\/v2\/users\/3"}],"replies":[{"embeddable":true,"href":"https:\/\/ciac.pt\/en\/wp-json\/wp\/v2\/comments?post=4495"}],"version-history":[{"count":4,"href":"https:\/\/ciac.pt\/en\/wp-json\/wp\/v2\/posts\/4495\/revisions"}],"predecessor-version":[{"id":7173,"href":"https:\/\/ciac.pt\/en\/wp-json\/wp\/v2\/posts\/4495\/revisions\/7173"}],"wp:featuredmedia":[{"embeddable":true,"href":"https:\/\/ciac.pt\/en\/wp-json\/wp\/v2\/media\/4149"}],"wp:attachment":[{"href":"https:\/\/ciac.pt\/en\/wp-json\/wp\/v2\/media?parent=4495"}],"wp:term":[{"taxonomy":"category","embeddable":true,"href":"https:\/\/ciac.pt\/en\/wp-json\/wp\/v2\/categories?post=4495"},{"taxonomy":"post_tag","embeddable":true,"href":"https:\/\/ciac.pt\/en\/wp-json\/wp\/v2\/tags?post=4495"}],"curies":[{"name":"wp","href":"https:\/\/api.w.org\/{rel}","templated":true}]}}