{"id":4525,"date":"2024-02-08T17:01:59","date_gmt":"2024-02-08T17:01:59","guid":{"rendered":"https:\/\/ciac.pt\/?p=4525"},"modified":"2024-05-29T20:37:47","modified_gmt":"2024-05-29T19:37:47","slug":"visual-arts-cycle-returns-with-guest-filipe-paixao","status":"publish","type":"post","link":"https:\/\/ciac.pt\/en\/news\/visual-arts-cycle-returns-with-guest-filipe-paixao\/","title":{"rendered":"Visual Arts Cycle returns with guest Filipe Paix\u00e3o"},"content":{"rendered":"\n<div class=\"wp-block-group alignwide\"><div class=\"wp-block-group__inner-container is-layout-constrained wp-block-group-is-layout-constrained\">\n\n\n\n\n<figure class=\"wp-block-image size-full\"><a href=\"https:\/\/ciac.pt\/wp-content\/uploads\/2024\/02\/cartaz_cav.jpg\"><img decoding=\"async\" width=\"212\" height=\"300\" data-src=\"https:\/\/ciac.pt\/wp-content\/uploads\/2024\/02\/cartaz_cav.jpg\" alt=\"\" class=\"wp-image-4356 lazyload\" src=\"data:image\/svg+xml;base64,PHN2ZyB3aWR0aD0iMSIgaGVpZ2h0PSIxIiB4bWxucz0iaHR0cDovL3d3dy53My5vcmcvMjAwMC9zdmciPjwvc3ZnPg==\" style=\"--smush-placeholder-width: 212px; --smush-placeholder-aspect-ratio: 212\/300;\" \/><\/a><\/figure>\n\n\n<h1 class=\"wp-block-post-title\">Visual Arts Cycle returns with guest Filipe Paix\u00e3o<\/h1>\n\n<div class=\"wp-block-post-date has-text-color has-cyan-bluish-gray-color\"><time datetime=\"2024-02-08T17:01:59+00:00\">08\/02\/2024<\/time><\/div>\n\n\n<hr class=\"wp-block-separator has-text-color has-white-color has-alpha-channel-opacity has-white-background-color has-background\"\/>\n\n\n\n<p>GAMA RAMA Gallery hosts the first Visual Arts Cycle of the year with guest artist Filipe Paix\u00e3o, architect, and founder of the corpo atelier. The event will take place on February 26, starting at 5:00 PM.<\/p>\n\n\n\n<p>During the session, visitors will have the opportunity to explore the exhibition &#8220;Future Memory&#8221; by corpo atelier, featuring 17 drawings that delve into the essence of uninhabited imaginary spaces, challenging the boundaries of the tangible and ephemeral.<\/p>\n\n\n\n<p>The exhibition presents a unique view of corpo atelier&#8217;s creative mind, exploring the intersection between architecture and art. Each drawing is a visual narrative that challenges the traditional perception of space, inviting viewers to immerse themselves in a realm of possibilities and reflections.<\/p>\n\n\n\n<p>Corpo is an art and architecture studio focused on the exploration and expansion of architectural anatomy, founded by Filipe Paix\u00e3o in 2014 in Faro. Selected by ArchDaily as one of the &#8220;20 Best Young Practices of 2020,&#8221; it gained recognition at the Venice Architecture Biennale in 2023. Their artistic works are part of various collections, including Casa da Cerca and the Calouste Gulbenkian Foundation.<\/p>\n\n\n\n<p>Promoted by CIAC and FCT, the Visual Arts Cycle is organized by the Bachelor&#8217;s Degree in Visual Arts at the Faculty of Humanities and Social Sciences, University of Algarve, and with the colaboration of GAMA RAMA Gallery in this edition.<\/p>\n\n\n\n<p>The exhibition will be open until April 13, 2024, at GAMA RAMA Gallery (Rua Prior, No. 13, Faro).<br><\/p>\n<\/div><\/div>\n","protected":false},"excerpt":{"rendered":"<p>GAMA RAMA Gallery hosts the first Visual Arts Cycle of the year<\/p>\n","protected":false},"author":3,"featured_media":4352,"comment_status":"closed","ping_status":"closed","sticky":false,"template":"","format":"standard","meta":{"_eb_attr":"","inline_featured_image":false,"advgb_blocks_editor_width":"","advgb_blocks_columns_visual_guide":"","footnotes":"","_links_to":"","_links_to_target":""},"categories":[61],"tags":[128],"class_list":["post-4525","post","type-post","status-publish","format-standard","has-post-thumbnail","hentry","category-news","tag-event"],"yoast_head":"<!-- This site is optimized with the Yoast SEO plugin v27.4 - https:\/\/yoast.com\/product\/yoast-seo-wordpress\/ -->\n<title>Visual Arts Cycle returns with guest Filipe Paix\u00e3o - CIAC<\/title>\n<meta name=\"robots\" content=\"index, follow, max-snippet:-1, max-image-preview:large, max-video-preview:-1\" \/>\n<link rel=\"canonical\" href=\"https:\/\/ciac.pt\/en\/news\/visual-arts-cycle-returns-with-guest-filipe-paixao\/\" \/>\n<meta property=\"og:locale\" content=\"en_US\" \/>\n<meta property=\"og:type\" content=\"article\" \/>\n<meta property=\"og:title\" content=\"Visual Arts Cycle returns with guest Filipe Paix\u00e3o - CIAC\" \/>\n<meta property=\"og:description\" content=\"GAMA RAMA Gallery hosts the first Visual Arts Cycle of the year\" \/>\n<meta property=\"og:url\" content=\"https:\/\/ciac.pt\/en\/news\/visual-arts-cycle-returns-with-guest-filipe-paixao\/\" \/>\n<meta property=\"og:site_name\" content=\"CIAC\" \/>\n<meta property=\"article:published_time\" content=\"2024-02-08T17:01:59+00:00\" \/>\n<meta property=\"article:modified_time\" content=\"2024-05-29T19:37:47+00:00\" \/>\n<meta property=\"og:image\" content=\"https:\/\/ciac.pt\/wp-content\/uploads\/2024\/02\/filipe-paixao.jpg\" \/>\n\t<meta property=\"og:image:width\" content=\"1620\" \/>\n\t<meta property=\"og:image:height\" content=\"1215\" \/>\n\t<meta property=\"og:image:type\" content=\"image\/jpeg\" \/>\n<meta name=\"author\" content=\"editor1\" \/>\n<meta name=\"twitter:card\" content=\"summary_large_image\" \/>\n<meta name=\"twitter:label1\" content=\"Written by\" \/>\n\t<meta name=\"twitter:data1\" content=\"editor1\" \/>\n\t<meta name=\"twitter:label2\" content=\"Est. reading time\" \/>\n\t<meta name=\"twitter:data2\" content=\"1 minute\" \/>\n<script type=\"application\/ld+json\" class=\"yoast-schema-graph\">{\"@context\":\"https:\\\/\\\/schema.org\",\"@graph\":[{\"@type\":\"Article\",\"@id\":\"https:\\\/\\\/ciac.pt\\\/en\\\/news\\\/visual-arts-cycle-returns-with-guest-filipe-paixao\\\/#article\",\"isPartOf\":{\"@id\":\"https:\\\/\\\/ciac.pt\\\/en\\\/news\\\/visual-arts-cycle-returns-with-guest-filipe-paixao\\\/\"},\"author\":{\"name\":\"editor1\",\"@id\":\"https:\\\/\\\/ciac.pt\\\/en\\\/#\\\/schema\\\/person\\\/3def46b976d3f4c0cdcf7c417cb570be\"},\"headline\":\"Visual Arts Cycle returns with guest Filipe Paix\u00e3o\",\"datePublished\":\"2024-02-08T17:01:59+00:00\",\"dateModified\":\"2024-05-29T19:37:47+00:00\",\"mainEntityOfPage\":{\"@id\":\"https:\\\/\\\/ciac.pt\\\/en\\\/news\\\/visual-arts-cycle-returns-with-guest-filipe-paixao\\\/\"},\"wordCount\":242,\"publisher\":{\"@id\":\"https:\\\/\\\/ciac.pt\\\/en\\\/#organization\"},\"image\":{\"@id\":\"https:\\\/\\\/ciac.pt\\\/en\\\/news\\\/visual-arts-cycle-returns-with-guest-filipe-paixao\\\/#primaryimage\"},\"thumbnailUrl\":\"https:\\\/\\\/ciac.pt\\\/wp-content\\\/uploads\\\/2024\\\/02\\\/filipe-paixao.jpg\",\"keywords\":[\"Event\"],\"articleSection\":[\"News\"],\"inLanguage\":\"en-US\"},{\"@type\":\"WebPage\",\"@id\":\"https:\\\/\\\/ciac.pt\\\/en\\\/news\\\/visual-arts-cycle-returns-with-guest-filipe-paixao\\\/\",\"url\":\"https:\\\/\\\/ciac.pt\\\/en\\\/news\\\/visual-arts-cycle-returns-with-guest-filipe-paixao\\\/\",\"name\":\"Visual Arts Cycle returns with guest Filipe Paix\u00e3o - CIAC\",\"isPartOf\":{\"@id\":\"https:\\\/\\\/ciac.pt\\\/en\\\/#website\"},\"primaryImageOfPage\":{\"@id\":\"https:\\\/\\\/ciac.pt\\\/en\\\/news\\\/visual-arts-cycle-returns-with-guest-filipe-paixao\\\/#primaryimage\"},\"image\":{\"@id\":\"https:\\\/\\\/ciac.pt\\\/en\\\/news\\\/visual-arts-cycle-returns-with-guest-filipe-paixao\\\/#primaryimage\"},\"thumbnailUrl\":\"https:\\\/\\\/ciac.pt\\\/wp-content\\\/uploads\\\/2024\\\/02\\\/filipe-paixao.jpg\",\"datePublished\":\"2024-02-08T17:01:59+00:00\",\"dateModified\":\"2024-05-29T19:37:47+00:00\",\"breadcrumb\":{\"@id\":\"https:\\\/\\\/ciac.pt\\\/en\\\/news\\\/visual-arts-cycle-returns-with-guest-filipe-paixao\\\/#breadcrumb\"},\"inLanguage\":\"en-US\",\"potentialAction\":[{\"@type\":\"ReadAction\",\"target\":[\"https:\\\/\\\/ciac.pt\\\/en\\\/news\\\/visual-arts-cycle-returns-with-guest-filipe-paixao\\\/\"]}]},{\"@type\":\"ImageObject\",\"inLanguage\":\"en-US\",\"@id\":\"https:\\\/\\\/ciac.pt\\\/en\\\/news\\\/visual-arts-cycle-returns-with-guest-filipe-paixao\\\/#primaryimage\",\"url\":\"https:\\\/\\\/ciac.pt\\\/wp-content\\\/uploads\\\/2024\\\/02\\\/filipe-paixao.jpg\",\"contentUrl\":\"https:\\\/\\\/ciac.pt\\\/wp-content\\\/uploads\\\/2024\\\/02\\\/filipe-paixao.jpg\",\"width\":1620,\"height\":1215},{\"@type\":\"BreadcrumbList\",\"@id\":\"https:\\\/\\\/ciac.pt\\\/en\\\/news\\\/visual-arts-cycle-returns-with-guest-filipe-paixao\\\/#breadcrumb\",\"itemListElement\":[{\"@type\":\"ListItem\",\"position\":1,\"name\":\"In\u00edcio\",\"item\":\"https:\\\/\\\/ciac.pt\\\/en\\\/\"},{\"@type\":\"ListItem\",\"position\":2,\"name\":\"Visual Arts Cycle returns with guest Filipe Paix\u00e3o\"}]},{\"@type\":\"WebSite\",\"@id\":\"https:\\\/\\\/ciac.pt\\\/en\\\/#website\",\"url\":\"https:\\\/\\\/ciac.pt\\\/en\\\/\",\"name\":\"CIAC\",\"description\":\"Centro de Investiga\u00e7\u00e3o em Artes e Comunica\u00e7\u00e3o\",\"publisher\":{\"@id\":\"https:\\\/\\\/ciac.pt\\\/en\\\/#organization\"},\"potentialAction\":[{\"@type\":\"SearchAction\",\"target\":{\"@type\":\"EntryPoint\",\"urlTemplate\":\"https:\\\/\\\/ciac.pt\\\/en\\\/?s={search_term_string}\"},\"query-input\":{\"@type\":\"PropertyValueSpecification\",\"valueRequired\":true,\"valueName\":\"search_term_string\"}}],\"inLanguage\":\"en-US\"},{\"@type\":\"Organization\",\"@id\":\"https:\\\/\\\/ciac.pt\\\/en\\\/#organization\",\"name\":\"CIAC\",\"url\":\"https:\\\/\\\/ciac.pt\\\/en\\\/\",\"logo\":{\"@type\":\"ImageObject\",\"inLanguage\":\"en-US\",\"@id\":\"https:\\\/\\\/ciac.pt\\\/en\\\/#\\\/schema\\\/logo\\\/image\\\/\",\"url\":\"https:\\\/\\\/ciac.pt\\\/wp-content\\\/uploads\\\/2022\\\/06\\\/logo.svg\",\"contentUrl\":\"https:\\\/\\\/ciac.pt\\\/wp-content\\\/uploads\\\/2022\\\/06\\\/logo.svg\",\"width\":184,\"height\":51,\"caption\":\"CIAC\"},\"image\":{\"@id\":\"https:\\\/\\\/ciac.pt\\\/en\\\/#\\\/schema\\\/logo\\\/image\\\/\"}},{\"@type\":\"Person\",\"@id\":\"https:\\\/\\\/ciac.pt\\\/en\\\/#\\\/schema\\\/person\\\/3def46b976d3f4c0cdcf7c417cb570be\",\"name\":\"editor1\",\"image\":{\"@type\":\"ImageObject\",\"inLanguage\":\"en-US\",\"@id\":\"https:\\\/\\\/secure.gravatar.com\\\/avatar\\\/4d8eb3157f61df03731fd8bf031b56d1d9241759e8f8c07d4d7e51d2f858c821?s=96&d=mm&r=g\",\"url\":\"https:\\\/\\\/secure.gravatar.com\\\/avatar\\\/4d8eb3157f61df03731fd8bf031b56d1d9241759e8f8c07d4d7e51d2f858c821?s=96&d=mm&r=g\",\"contentUrl\":\"https:\\\/\\\/secure.gravatar.com\\\/avatar\\\/4d8eb3157f61df03731fd8bf031b56d1d9241759e8f8c07d4d7e51d2f858c821?s=96&d=mm&r=g\",\"caption\":\"editor1\"},\"url\":\"https:\\\/\\\/ciac.pt\\\/en\\\/author\\\/editor1\\\/\"}]}<\/script>\n<!-- \/ Yoast SEO plugin. -->","yoast_head_json":{"title":"Visual Arts Cycle returns with guest Filipe Paix\u00e3o - CIAC","robots":{"index":"index","follow":"follow","max-snippet":"max-snippet:-1","max-image-preview":"max-image-preview:large","max-video-preview":"max-video-preview:-1"},"canonical":"https:\/\/ciac.pt\/en\/news\/visual-arts-cycle-returns-with-guest-filipe-paixao\/","og_locale":"en_US","og_type":"article","og_title":"Visual Arts Cycle returns with guest Filipe Paix\u00e3o - CIAC","og_description":"GAMA RAMA Gallery hosts the first Visual Arts Cycle of the year","og_url":"https:\/\/ciac.pt\/en\/news\/visual-arts-cycle-returns-with-guest-filipe-paixao\/","og_site_name":"CIAC","article_published_time":"2024-02-08T17:01:59+00:00","article_modified_time":"2024-05-29T19:37:47+00:00","og_image":[{"width":1620,"height":1215,"url":"https:\/\/ciac.pt\/wp-content\/uploads\/2024\/02\/filipe-paixao.jpg","type":"image\/jpeg"}],"author":"editor1","twitter_card":"summary_large_image","twitter_misc":{"Written by":"editor1","Est. reading time":"1 minute"},"schema":{"@context":"https:\/\/schema.org","@graph":[{"@type":"Article","@id":"https:\/\/ciac.pt\/en\/news\/visual-arts-cycle-returns-with-guest-filipe-paixao\/#article","isPartOf":{"@id":"https:\/\/ciac.pt\/en\/news\/visual-arts-cycle-returns-with-guest-filipe-paixao\/"},"author":{"name":"editor1","@id":"https:\/\/ciac.pt\/en\/#\/schema\/person\/3def46b976d3f4c0cdcf7c417cb570be"},"headline":"Visual Arts Cycle returns with guest Filipe Paix\u00e3o","datePublished":"2024-02-08T17:01:59+00:00","dateModified":"2024-05-29T19:37:47+00:00","mainEntityOfPage":{"@id":"https:\/\/ciac.pt\/en\/news\/visual-arts-cycle-returns-with-guest-filipe-paixao\/"},"wordCount":242,"publisher":{"@id":"https:\/\/ciac.pt\/en\/#organization"},"image":{"@id":"https:\/\/ciac.pt\/en\/news\/visual-arts-cycle-returns-with-guest-filipe-paixao\/#primaryimage"},"thumbnailUrl":"https:\/\/ciac.pt\/wp-content\/uploads\/2024\/02\/filipe-paixao.jpg","keywords":["Event"],"articleSection":["News"],"inLanguage":"en-US"},{"@type":"WebPage","@id":"https:\/\/ciac.pt\/en\/news\/visual-arts-cycle-returns-with-guest-filipe-paixao\/","url":"https:\/\/ciac.pt\/en\/news\/visual-arts-cycle-returns-with-guest-filipe-paixao\/","name":"Visual Arts Cycle returns with guest Filipe Paix\u00e3o - CIAC","isPartOf":{"@id":"https:\/\/ciac.pt\/en\/#website"},"primaryImageOfPage":{"@id":"https:\/\/ciac.pt\/en\/news\/visual-arts-cycle-returns-with-guest-filipe-paixao\/#primaryimage"},"image":{"@id":"https:\/\/ciac.pt\/en\/news\/visual-arts-cycle-returns-with-guest-filipe-paixao\/#primaryimage"},"thumbnailUrl":"https:\/\/ciac.pt\/wp-content\/uploads\/2024\/02\/filipe-paixao.jpg","datePublished":"2024-02-08T17:01:59+00:00","dateModified":"2024-05-29T19:37:47+00:00","breadcrumb":{"@id":"https:\/\/ciac.pt\/en\/news\/visual-arts-cycle-returns-with-guest-filipe-paixao\/#breadcrumb"},"inLanguage":"en-US","potentialAction":[{"@type":"ReadAction","target":["https:\/\/ciac.pt\/en\/news\/visual-arts-cycle-returns-with-guest-filipe-paixao\/"]}]},{"@type":"ImageObject","inLanguage":"en-US","@id":"https:\/\/ciac.pt\/en\/news\/visual-arts-cycle-returns-with-guest-filipe-paixao\/#primaryimage","url":"https:\/\/ciac.pt\/wp-content\/uploads\/2024\/02\/filipe-paixao.jpg","contentUrl":"https:\/\/ciac.pt\/wp-content\/uploads\/2024\/02\/filipe-paixao.jpg","width":1620,"height":1215},{"@type":"BreadcrumbList","@id":"https:\/\/ciac.pt\/en\/news\/visual-arts-cycle-returns-with-guest-filipe-paixao\/#breadcrumb","itemListElement":[{"@type":"ListItem","position":1,"name":"In\u00edcio","item":"https:\/\/ciac.pt\/en\/"},{"@type":"ListItem","position":2,"name":"Visual Arts Cycle returns with guest Filipe Paix\u00e3o"}]},{"@type":"WebSite","@id":"https:\/\/ciac.pt\/en\/#website","url":"https:\/\/ciac.pt\/en\/","name":"CIAC","description":"Centro de Investiga\u00e7\u00e3o em Artes e Comunica\u00e7\u00e3o","publisher":{"@id":"https:\/\/ciac.pt\/en\/#organization"},"potentialAction":[{"@type":"SearchAction","target":{"@type":"EntryPoint","urlTemplate":"https:\/\/ciac.pt\/en\/?s={search_term_string}"},"query-input":{"@type":"PropertyValueSpecification","valueRequired":true,"valueName":"search_term_string"}}],"inLanguage":"en-US"},{"@type":"Organization","@id":"https:\/\/ciac.pt\/en\/#organization","name":"CIAC","url":"https:\/\/ciac.pt\/en\/","logo":{"@type":"ImageObject","inLanguage":"en-US","@id":"https:\/\/ciac.pt\/en\/#\/schema\/logo\/image\/","url":"https:\/\/ciac.pt\/wp-content\/uploads\/2022\/06\/logo.svg","contentUrl":"https:\/\/ciac.pt\/wp-content\/uploads\/2022\/06\/logo.svg","width":184,"height":51,"caption":"CIAC"},"image":{"@id":"https:\/\/ciac.pt\/en\/#\/schema\/logo\/image\/"}},{"@type":"Person","@id":"https:\/\/ciac.pt\/en\/#\/schema\/person\/3def46b976d3f4c0cdcf7c417cb570be","name":"editor1","image":{"@type":"ImageObject","inLanguage":"en-US","@id":"https:\/\/secure.gravatar.com\/avatar\/4d8eb3157f61df03731fd8bf031b56d1d9241759e8f8c07d4d7e51d2f858c821?s=96&d=mm&r=g","url":"https:\/\/secure.gravatar.com\/avatar\/4d8eb3157f61df03731fd8bf031b56d1d9241759e8f8c07d4d7e51d2f858c821?s=96&d=mm&r=g","contentUrl":"https:\/\/secure.gravatar.com\/avatar\/4d8eb3157f61df03731fd8bf031b56d1d9241759e8f8c07d4d7e51d2f858c821?s=96&d=mm&r=g","caption":"editor1"},"url":"https:\/\/ciac.pt\/en\/author\/editor1\/"}]}},"author_meta":{"display_name":"editor1","author_link":"https:\/\/ciac.pt\/en\/author\/editor1\/"},"featured_img":"https:\/\/ciac.pt\/wp-content\/uploads\/2024\/02\/filipe-paixao-300x225.jpg","coauthors":[],"tax_additional":{"categories":{"linked":["<a href=\"https:\/\/ciac.pt\/en\/.\/news\/\" class=\"advgb-post-tax-term\">News<\/a>"],"unlinked":["<span class=\"advgb-post-tax-term\">News<\/span>"]},"tags":{"linked":["<a href=\"https:\/\/ciac.pt\/en\/.\/news\/\" class=\"advgb-post-tax-term\">Event<\/a>"],"unlinked":["<span class=\"advgb-post-tax-term\">Event<\/span>"]}},"comment_count":0,"relative_dates":{"created":"Posted 2 years ago","modified":"Updated 2 years ago"},"absolute_dates":{"created":"Posted on 08\/02\/2024","modified":"Updated on 29\/05\/2024"},"absolute_dates_time":{"created":"Posted on 08\/02\/2024 17:01","modified":"Updated on 29\/05\/2024 20:37"},"featured_img_caption":"","series_order":"","_links":{"self":[{"href":"https:\/\/ciac.pt\/en\/wp-json\/wp\/v2\/posts\/4525","targetHints":{"allow":["GET"]}}],"collection":[{"href":"https:\/\/ciac.pt\/en\/wp-json\/wp\/v2\/posts"}],"about":[{"href":"https:\/\/ciac.pt\/en\/wp-json\/wp\/v2\/types\/post"}],"author":[{"embeddable":true,"href":"https:\/\/ciac.pt\/en\/wp-json\/wp\/v2\/users\/3"}],"replies":[{"embeddable":true,"href":"https:\/\/ciac.pt\/en\/wp-json\/wp\/v2\/comments?post=4525"}],"version-history":[{"count":2,"href":"https:\/\/ciac.pt\/en\/wp-json\/wp\/v2\/posts\/4525\/revisions"}],"predecessor-version":[{"id":7185,"href":"https:\/\/ciac.pt\/en\/wp-json\/wp\/v2\/posts\/4525\/revisions\/7185"}],"wp:featuredmedia":[{"embeddable":true,"href":"https:\/\/ciac.pt\/en\/wp-json\/wp\/v2\/media\/4352"}],"wp:attachment":[{"href":"https:\/\/ciac.pt\/en\/wp-json\/wp\/v2\/media?parent=4525"}],"wp:term":[{"taxonomy":"category","embeddable":true,"href":"https:\/\/ciac.pt\/en\/wp-json\/wp\/v2\/categories?post=4525"},{"taxonomy":"post_tag","embeddable":true,"href":"https:\/\/ciac.pt\/en\/wp-json\/wp\/v2\/tags?post=4525"}],"curies":[{"name":"wp","href":"https:\/\/api.w.org\/{rel}","templated":true}]}}