{"id":4685,"date":"2024-02-08T23:59:00","date_gmt":"2024-02-08T23:59:00","guid":{"rendered":"https:\/\/ciac.pt\/?p=4685"},"modified":"2024-05-29T20:32:26","modified_gmt":"2024-05-29T19:32:26","slug":"open-class-artistic-practices-for-socio-spatial-transformation","status":"publish","type":"post","link":"https:\/\/ciac.pt\/en\/news\/open-class-artistic-practices-for-socio-spatial-transformation\/","title":{"rendered":"Open class: artistic practices for socio-spatial transformation"},"content":{"rendered":"\n<div class=\"wp-block-group alignwide\"><div class=\"wp-block-group__inner-container is-layout-constrained wp-block-group-is-layout-constrained\">\n\n\n\n\n<figure class=\"wp-block-image size-full\"><a href=\"https:\/\/ciac.pt\/wp-content\/uploads\/2024\/02\/aula-aberta-cartaz.jpg\"><img decoding=\"async\" width=\"212\" height=\"300\" data-src=\"https:\/\/ciac.pt\/wp-content\/uploads\/2024\/02\/aula-aberta-cartaz.jpg\" alt=\"\" class=\"wp-image-4363 lazyload\" src=\"data:image\/svg+xml;base64,PHN2ZyB3aWR0aD0iMSIgaGVpZ2h0PSIxIiB4bWxucz0iaHR0cDovL3d3dy53My5vcmcvMjAwMC9zdmciPjwvc3ZnPg==\" style=\"--smush-placeholder-width: 212px; --smush-placeholder-aspect-ratio: 212\/300;\" \/><\/a><\/figure>\n\n\n<h1 class=\"wp-block-post-title\">Open class: artistic practices for socio-spatial transformation<\/h1>\n\n<div class=\"wp-block-post-date has-text-color has-cyan-bluish-gray-color\"><time datetime=\"2024-02-08T23:59:00+00:00\">08\/02\/2024<\/time><\/div>\n\n\n<hr class=\"wp-block-separator has-text-color has-white-color has-alpha-channel-opacity has-white-background-color has-background\"\/>\n\n\n\n<p>Roc\u00edo Vela Jim\u00e9nez (Universidad Loyola Andaluc\u00eda) prepared an open class on artistic practices for socio-spatial transformation, which will take place on March 5, 2024, at 5:00 pm.<\/p>\n\n\n\n<p>Mar\u00eda del Roc\u00edo Vela Jim\u00e9nez is a Social Worker, with a degree in Social and Cultural Anthropology, a Master&#8217;s degree in Human Rights, Interculturality and Development, and a PhD in Inclusive and Sustainable Development. Roc\u00edo Vela develops her professional career in the area of \u200b\u200bSocial and Community Intervention, with different groups and contexts in situations of social exclusion. She worked in the field of International Development Cooperation in several countries in Latin America and Central America. She is currently a researcher and professor at the Universidad Loyola Andaluc\u00eda, where she is part of the Department of Humanities and Philosophy and the Institute for Research in Policies for Social Transformation, and teaches at the Faculty of Communication and Arts. Her research work is part of strengthening local development processes in disadvantaged neighborhoods in Andalusia.<\/p>\n\n\n\n<p>Roc\u00edo Vela is currently a visiting researcher at CIAC (January\/February 2024), supervised by S\u00edlvia Leiria Viegas, for the development of a draft teaching innovation project. In this open class, the speaker presents her research and teaching work in the field of sociology, arts and social transformation.<\/p>\n\n\n\n<p>In addition to aesthetic appreciation, art here becomes an agent of social transformation in processes aimed at citizen participation and action. Thus, we speak of artistic mediation when art aims to help generate processes of inclusion and community development, using any artistic language: visual arts, music, theater, dance, etc. Different benefits are generated through art, whether personal or group. People&#8217;s participation is promoted in solving problems that require transformation, so that they can live a more dignified life.<\/p>\n\n\n\n<p>In this webinar, through the experience of a neighborhood considered disadvantaged in a city in Andalusia, Spain, we will explore how art, specifically photography and cinema, favors the recovery of the history of this neighborhood based on the narratives of the neighbors themselves. The starting point is, therefore, historical memory to destigmatize and make visible a reality that, in general, has always been told by others, and not by its protagonists. The objective is for young people in the neighborhood to receive what their community tells them to transform their future, and promote human development processes centered on territories and people.<\/p>\n\n\n\n<p>Esta atividade realiza-se atrav\u00e9s da plataforma Zoom, sem inscri\u00e7\u00e3o obrigat\u00f3ria, estando limitada ao n\u00famero de vagas dispon\u00edveis.<\/p>\n\n\n\n<p>The class will be recorded for a publicly accessible digital archive, within the framework of the research project: Refugee Research for (Post)Covid-19. National Measures and Local Actions in the Algarve: A Digital Tour for Access to Adequate Housing and Living Conditions. <a href=\"https:\/\/doi.org\/10.54499\/2021.03008.CEECIND\/CP1672\/CT0008\">https:\/\/doi.org\/10.54499\/2021.03008.CEECIND\/CP1672\/CT0008<\/a>.<\/p>\n\n\n\n<hr class=\"wp-block-separator alignwide has-text-color has-black-color has-alpha-channel-opacity has-black-background-color has-background is-style-wide separador-mais-info\"\/>\n\n\n\n<p class=\"has-small-font-size\">Access:<br>Link Zoom (<a href=\"https:\/\/videoconf-colibri.zoom.us\/j\/97523558554?pwd=MUVEdTFpL28xa0doNlBOUVU1ZWl5UT09\">here<\/a>)<br>ID: 975 2355 8554<br>Password: 239951<\/p>\n<\/div><\/div>\n","protected":false},"excerpt":{"rendered":"<p>Roc\u00edo Vela Jim\u00e9nez (Universidad Loyola Andaluc\u00eda) prepared an open class on artistic<\/p>\n","protected":false},"author":3,"featured_media":4366,"comment_status":"closed","ping_status":"closed","sticky":false,"template":"","format":"standard","meta":{"_eb_attr":"","inline_featured_image":false,"advgb_blocks_editor_width":"","advgb_blocks_columns_visual_guide":"","footnotes":"","_links_to":"","_links_to_target":""},"categories":[61],"tags":[128],"class_list":["post-4685","post","type-post","status-publish","format-standard","has-post-thumbnail","hentry","category-news","tag-event"],"yoast_head":"<!-- This site is optimized with the Yoast SEO plugin v27.4 - https:\/\/yoast.com\/product\/yoast-seo-wordpress\/ -->\n<title>Open class: artistic practices for socio-spatial transformation - CIAC<\/title>\n<meta name=\"robots\" content=\"index, follow, max-snippet:-1, max-image-preview:large, max-video-preview:-1\" \/>\n<link rel=\"canonical\" href=\"https:\/\/ciac.pt\/en\/news\/open-class-artistic-practices-for-socio-spatial-transformation\/\" \/>\n<meta property=\"og:locale\" content=\"en_US\" \/>\n<meta property=\"og:type\" content=\"article\" \/>\n<meta property=\"og:title\" content=\"Open class: artistic practices for socio-spatial transformation - CIAC\" \/>\n<meta property=\"og:description\" content=\"Roc\u00edo Vela Jim\u00e9nez (Universidad Loyola Andaluc\u00eda) prepared an open class on artistic\" \/>\n<meta property=\"og:url\" content=\"https:\/\/ciac.pt\/en\/news\/open-class-artistic-practices-for-socio-spatial-transformation\/\" \/>\n<meta property=\"og:site_name\" content=\"CIAC\" \/>\n<meta property=\"article:published_time\" content=\"2024-02-08T23:59:00+00:00\" \/>\n<meta property=\"article:modified_time\" content=\"2024-05-29T19:32:26+00:00\" \/>\n<meta property=\"og:image\" content=\"https:\/\/ciac.pt\/wp-content\/uploads\/2024\/02\/aula-aberta-mar.jpg\" \/>\n\t<meta property=\"og:image:width\" content=\"1620\" \/>\n\t<meta property=\"og:image:height\" content=\"1215\" \/>\n\t<meta property=\"og:image:type\" content=\"image\/jpeg\" \/>\n<meta name=\"author\" content=\"editor1\" \/>\n<meta name=\"twitter:card\" content=\"summary_large_image\" \/>\n<meta name=\"twitter:label1\" content=\"Written by\" \/>\n\t<meta name=\"twitter:data1\" content=\"editor1\" \/>\n\t<meta name=\"twitter:label2\" content=\"Est. reading time\" \/>\n\t<meta name=\"twitter:data2\" content=\"2 minutes\" \/>\n<script type=\"application\/ld+json\" class=\"yoast-schema-graph\">{\"@context\":\"https:\\\/\\\/schema.org\",\"@graph\":[{\"@type\":\"Article\",\"@id\":\"https:\\\/\\\/ciac.pt\\\/en\\\/news\\\/open-class-artistic-practices-for-socio-spatial-transformation\\\/#article\",\"isPartOf\":{\"@id\":\"https:\\\/\\\/ciac.pt\\\/en\\\/news\\\/open-class-artistic-practices-for-socio-spatial-transformation\\\/\"},\"author\":{\"name\":\"editor1\",\"@id\":\"https:\\\/\\\/ciac.pt\\\/en\\\/#\\\/schema\\\/person\\\/3def46b976d3f4c0cdcf7c417cb570be\"},\"headline\":\"Open class: artistic practices for socio-spatial transformation\",\"datePublished\":\"2024-02-08T23:59:00+00:00\",\"dateModified\":\"2024-05-29T19:32:26+00:00\",\"mainEntityOfPage\":{\"@id\":\"https:\\\/\\\/ciac.pt\\\/en\\\/news\\\/open-class-artistic-practices-for-socio-spatial-transformation\\\/\"},\"wordCount\":478,\"publisher\":{\"@id\":\"https:\\\/\\\/ciac.pt\\\/en\\\/#organization\"},\"image\":{\"@id\":\"https:\\\/\\\/ciac.pt\\\/en\\\/news\\\/open-class-artistic-practices-for-socio-spatial-transformation\\\/#primaryimage\"},\"thumbnailUrl\":\"https:\\\/\\\/ciac.pt\\\/wp-content\\\/uploads\\\/2024\\\/02\\\/aula-aberta-mar.jpg\",\"keywords\":[\"Event\"],\"articleSection\":[\"News\"],\"inLanguage\":\"en-US\"},{\"@type\":\"WebPage\",\"@id\":\"https:\\\/\\\/ciac.pt\\\/en\\\/news\\\/open-class-artistic-practices-for-socio-spatial-transformation\\\/\",\"url\":\"https:\\\/\\\/ciac.pt\\\/en\\\/news\\\/open-class-artistic-practices-for-socio-spatial-transformation\\\/\",\"name\":\"Open class: artistic practices for socio-spatial transformation - CIAC\",\"isPartOf\":{\"@id\":\"https:\\\/\\\/ciac.pt\\\/en\\\/#website\"},\"primaryImageOfPage\":{\"@id\":\"https:\\\/\\\/ciac.pt\\\/en\\\/news\\\/open-class-artistic-practices-for-socio-spatial-transformation\\\/#primaryimage\"},\"image\":{\"@id\":\"https:\\\/\\\/ciac.pt\\\/en\\\/news\\\/open-class-artistic-practices-for-socio-spatial-transformation\\\/#primaryimage\"},\"thumbnailUrl\":\"https:\\\/\\\/ciac.pt\\\/wp-content\\\/uploads\\\/2024\\\/02\\\/aula-aberta-mar.jpg\",\"datePublished\":\"2024-02-08T23:59:00+00:00\",\"dateModified\":\"2024-05-29T19:32:26+00:00\",\"breadcrumb\":{\"@id\":\"https:\\\/\\\/ciac.pt\\\/en\\\/news\\\/open-class-artistic-practices-for-socio-spatial-transformation\\\/#breadcrumb\"},\"inLanguage\":\"en-US\",\"potentialAction\":[{\"@type\":\"ReadAction\",\"target\":[\"https:\\\/\\\/ciac.pt\\\/en\\\/news\\\/open-class-artistic-practices-for-socio-spatial-transformation\\\/\"]}]},{\"@type\":\"ImageObject\",\"inLanguage\":\"en-US\",\"@id\":\"https:\\\/\\\/ciac.pt\\\/en\\\/news\\\/open-class-artistic-practices-for-socio-spatial-transformation\\\/#primaryimage\",\"url\":\"https:\\\/\\\/ciac.pt\\\/wp-content\\\/uploads\\\/2024\\\/02\\\/aula-aberta-mar.jpg\",\"contentUrl\":\"https:\\\/\\\/ciac.pt\\\/wp-content\\\/uploads\\\/2024\\\/02\\\/aula-aberta-mar.jpg\",\"width\":1620,\"height\":1215},{\"@type\":\"BreadcrumbList\",\"@id\":\"https:\\\/\\\/ciac.pt\\\/en\\\/news\\\/open-class-artistic-practices-for-socio-spatial-transformation\\\/#breadcrumb\",\"itemListElement\":[{\"@type\":\"ListItem\",\"position\":1,\"name\":\"In\u00edcio\",\"item\":\"https:\\\/\\\/ciac.pt\\\/en\\\/\"},{\"@type\":\"ListItem\",\"position\":2,\"name\":\"Open class: artistic practices for socio-spatial transformation\"}]},{\"@type\":\"WebSite\",\"@id\":\"https:\\\/\\\/ciac.pt\\\/en\\\/#website\",\"url\":\"https:\\\/\\\/ciac.pt\\\/en\\\/\",\"name\":\"CIAC\",\"description\":\"Centro de Investiga\u00e7\u00e3o em Artes e Comunica\u00e7\u00e3o\",\"publisher\":{\"@id\":\"https:\\\/\\\/ciac.pt\\\/en\\\/#organization\"},\"potentialAction\":[{\"@type\":\"SearchAction\",\"target\":{\"@type\":\"EntryPoint\",\"urlTemplate\":\"https:\\\/\\\/ciac.pt\\\/en\\\/?s={search_term_string}\"},\"query-input\":{\"@type\":\"PropertyValueSpecification\",\"valueRequired\":true,\"valueName\":\"search_term_string\"}}],\"inLanguage\":\"en-US\"},{\"@type\":\"Organization\",\"@id\":\"https:\\\/\\\/ciac.pt\\\/en\\\/#organization\",\"name\":\"CIAC\",\"url\":\"https:\\\/\\\/ciac.pt\\\/en\\\/\",\"logo\":{\"@type\":\"ImageObject\",\"inLanguage\":\"en-US\",\"@id\":\"https:\\\/\\\/ciac.pt\\\/en\\\/#\\\/schema\\\/logo\\\/image\\\/\",\"url\":\"https:\\\/\\\/ciac.pt\\\/wp-content\\\/uploads\\\/2022\\\/06\\\/logo.svg\",\"contentUrl\":\"https:\\\/\\\/ciac.pt\\\/wp-content\\\/uploads\\\/2022\\\/06\\\/logo.svg\",\"width\":184,\"height\":51,\"caption\":\"CIAC\"},\"image\":{\"@id\":\"https:\\\/\\\/ciac.pt\\\/en\\\/#\\\/schema\\\/logo\\\/image\\\/\"}},{\"@type\":\"Person\",\"@id\":\"https:\\\/\\\/ciac.pt\\\/en\\\/#\\\/schema\\\/person\\\/3def46b976d3f4c0cdcf7c417cb570be\",\"name\":\"editor1\",\"image\":{\"@type\":\"ImageObject\",\"inLanguage\":\"en-US\",\"@id\":\"https:\\\/\\\/secure.gravatar.com\\\/avatar\\\/4d8eb3157f61df03731fd8bf031b56d1d9241759e8f8c07d4d7e51d2f858c821?s=96&d=mm&r=g\",\"url\":\"https:\\\/\\\/secure.gravatar.com\\\/avatar\\\/4d8eb3157f61df03731fd8bf031b56d1d9241759e8f8c07d4d7e51d2f858c821?s=96&d=mm&r=g\",\"contentUrl\":\"https:\\\/\\\/secure.gravatar.com\\\/avatar\\\/4d8eb3157f61df03731fd8bf031b56d1d9241759e8f8c07d4d7e51d2f858c821?s=96&d=mm&r=g\",\"caption\":\"editor1\"},\"url\":\"https:\\\/\\\/ciac.pt\\\/en\\\/author\\\/editor1\\\/\"}]}<\/script>\n<!-- \/ Yoast SEO plugin. -->","yoast_head_json":{"title":"Open class: artistic practices for socio-spatial transformation - CIAC","robots":{"index":"index","follow":"follow","max-snippet":"max-snippet:-1","max-image-preview":"max-image-preview:large","max-video-preview":"max-video-preview:-1"},"canonical":"https:\/\/ciac.pt\/en\/news\/open-class-artistic-practices-for-socio-spatial-transformation\/","og_locale":"en_US","og_type":"article","og_title":"Open class: artistic practices for socio-spatial transformation - CIAC","og_description":"Roc\u00edo Vela Jim\u00e9nez (Universidad Loyola Andaluc\u00eda) prepared an open class on artistic","og_url":"https:\/\/ciac.pt\/en\/news\/open-class-artistic-practices-for-socio-spatial-transformation\/","og_site_name":"CIAC","article_published_time":"2024-02-08T23:59:00+00:00","article_modified_time":"2024-05-29T19:32:26+00:00","og_image":[{"width":1620,"height":1215,"url":"https:\/\/ciac.pt\/wp-content\/uploads\/2024\/02\/aula-aberta-mar.jpg","type":"image\/jpeg"}],"author":"editor1","twitter_card":"summary_large_image","twitter_misc":{"Written by":"editor1","Est. reading time":"2 minutes"},"schema":{"@context":"https:\/\/schema.org","@graph":[{"@type":"Article","@id":"https:\/\/ciac.pt\/en\/news\/open-class-artistic-practices-for-socio-spatial-transformation\/#article","isPartOf":{"@id":"https:\/\/ciac.pt\/en\/news\/open-class-artistic-practices-for-socio-spatial-transformation\/"},"author":{"name":"editor1","@id":"https:\/\/ciac.pt\/en\/#\/schema\/person\/3def46b976d3f4c0cdcf7c417cb570be"},"headline":"Open class: artistic practices for socio-spatial transformation","datePublished":"2024-02-08T23:59:00+00:00","dateModified":"2024-05-29T19:32:26+00:00","mainEntityOfPage":{"@id":"https:\/\/ciac.pt\/en\/news\/open-class-artistic-practices-for-socio-spatial-transformation\/"},"wordCount":478,"publisher":{"@id":"https:\/\/ciac.pt\/en\/#organization"},"image":{"@id":"https:\/\/ciac.pt\/en\/news\/open-class-artistic-practices-for-socio-spatial-transformation\/#primaryimage"},"thumbnailUrl":"https:\/\/ciac.pt\/wp-content\/uploads\/2024\/02\/aula-aberta-mar.jpg","keywords":["Event"],"articleSection":["News"],"inLanguage":"en-US"},{"@type":"WebPage","@id":"https:\/\/ciac.pt\/en\/news\/open-class-artistic-practices-for-socio-spatial-transformation\/","url":"https:\/\/ciac.pt\/en\/news\/open-class-artistic-practices-for-socio-spatial-transformation\/","name":"Open class: artistic practices for socio-spatial transformation - CIAC","isPartOf":{"@id":"https:\/\/ciac.pt\/en\/#website"},"primaryImageOfPage":{"@id":"https:\/\/ciac.pt\/en\/news\/open-class-artistic-practices-for-socio-spatial-transformation\/#primaryimage"},"image":{"@id":"https:\/\/ciac.pt\/en\/news\/open-class-artistic-practices-for-socio-spatial-transformation\/#primaryimage"},"thumbnailUrl":"https:\/\/ciac.pt\/wp-content\/uploads\/2024\/02\/aula-aberta-mar.jpg","datePublished":"2024-02-08T23:59:00+00:00","dateModified":"2024-05-29T19:32:26+00:00","breadcrumb":{"@id":"https:\/\/ciac.pt\/en\/news\/open-class-artistic-practices-for-socio-spatial-transformation\/#breadcrumb"},"inLanguage":"en-US","potentialAction":[{"@type":"ReadAction","target":["https:\/\/ciac.pt\/en\/news\/open-class-artistic-practices-for-socio-spatial-transformation\/"]}]},{"@type":"ImageObject","inLanguage":"en-US","@id":"https:\/\/ciac.pt\/en\/news\/open-class-artistic-practices-for-socio-spatial-transformation\/#primaryimage","url":"https:\/\/ciac.pt\/wp-content\/uploads\/2024\/02\/aula-aberta-mar.jpg","contentUrl":"https:\/\/ciac.pt\/wp-content\/uploads\/2024\/02\/aula-aberta-mar.jpg","width":1620,"height":1215},{"@type":"BreadcrumbList","@id":"https:\/\/ciac.pt\/en\/news\/open-class-artistic-practices-for-socio-spatial-transformation\/#breadcrumb","itemListElement":[{"@type":"ListItem","position":1,"name":"In\u00edcio","item":"https:\/\/ciac.pt\/en\/"},{"@type":"ListItem","position":2,"name":"Open class: artistic practices for socio-spatial transformation"}]},{"@type":"WebSite","@id":"https:\/\/ciac.pt\/en\/#website","url":"https:\/\/ciac.pt\/en\/","name":"CIAC","description":"Centro de Investiga\u00e7\u00e3o em Artes e Comunica\u00e7\u00e3o","publisher":{"@id":"https:\/\/ciac.pt\/en\/#organization"},"potentialAction":[{"@type":"SearchAction","target":{"@type":"EntryPoint","urlTemplate":"https:\/\/ciac.pt\/en\/?s={search_term_string}"},"query-input":{"@type":"PropertyValueSpecification","valueRequired":true,"valueName":"search_term_string"}}],"inLanguage":"en-US"},{"@type":"Organization","@id":"https:\/\/ciac.pt\/en\/#organization","name":"CIAC","url":"https:\/\/ciac.pt\/en\/","logo":{"@type":"ImageObject","inLanguage":"en-US","@id":"https:\/\/ciac.pt\/en\/#\/schema\/logo\/image\/","url":"https:\/\/ciac.pt\/wp-content\/uploads\/2022\/06\/logo.svg","contentUrl":"https:\/\/ciac.pt\/wp-content\/uploads\/2022\/06\/logo.svg","width":184,"height":51,"caption":"CIAC"},"image":{"@id":"https:\/\/ciac.pt\/en\/#\/schema\/logo\/image\/"}},{"@type":"Person","@id":"https:\/\/ciac.pt\/en\/#\/schema\/person\/3def46b976d3f4c0cdcf7c417cb570be","name":"editor1","image":{"@type":"ImageObject","inLanguage":"en-US","@id":"https:\/\/secure.gravatar.com\/avatar\/4d8eb3157f61df03731fd8bf031b56d1d9241759e8f8c07d4d7e51d2f858c821?s=96&d=mm&r=g","url":"https:\/\/secure.gravatar.com\/avatar\/4d8eb3157f61df03731fd8bf031b56d1d9241759e8f8c07d4d7e51d2f858c821?s=96&d=mm&r=g","contentUrl":"https:\/\/secure.gravatar.com\/avatar\/4d8eb3157f61df03731fd8bf031b56d1d9241759e8f8c07d4d7e51d2f858c821?s=96&d=mm&r=g","caption":"editor1"},"url":"https:\/\/ciac.pt\/en\/author\/editor1\/"}]}},"author_meta":{"display_name":"editor1","author_link":"https:\/\/ciac.pt\/en\/author\/editor1\/"},"featured_img":"https:\/\/ciac.pt\/wp-content\/uploads\/2024\/02\/aula-aberta-mar-300x225.jpg","coauthors":[],"tax_additional":{"categories":{"linked":["<a href=\"https:\/\/ciac.pt\/en\/.\/news\/\" class=\"advgb-post-tax-term\">News<\/a>"],"unlinked":["<span class=\"advgb-post-tax-term\">News<\/span>"]},"tags":{"linked":["<a href=\"https:\/\/ciac.pt\/en\/.\/news\/\" class=\"advgb-post-tax-term\">Event<\/a>"],"unlinked":["<span class=\"advgb-post-tax-term\">Event<\/span>"]}},"comment_count":0,"relative_dates":{"created":"Posted 2 years ago","modified":"Updated 2 years ago"},"absolute_dates":{"created":"Posted on 08\/02\/2024","modified":"Updated on 29\/05\/2024"},"absolute_dates_time":{"created":"Posted on 08\/02\/2024 23:59","modified":"Updated on 29\/05\/2024 20:32"},"featured_img_caption":"","series_order":"","_links":{"self":[{"href":"https:\/\/ciac.pt\/en\/wp-json\/wp\/v2\/posts\/4685","targetHints":{"allow":["GET"]}}],"collection":[{"href":"https:\/\/ciac.pt\/en\/wp-json\/wp\/v2\/posts"}],"about":[{"href":"https:\/\/ciac.pt\/en\/wp-json\/wp\/v2\/types\/post"}],"author":[{"embeddable":true,"href":"https:\/\/ciac.pt\/en\/wp-json\/wp\/v2\/users\/3"}],"replies":[{"embeddable":true,"href":"https:\/\/ciac.pt\/en\/wp-json\/wp\/v2\/comments?post=4685"}],"version-history":[{"count":7,"href":"https:\/\/ciac.pt\/en\/wp-json\/wp\/v2\/posts\/4685\/revisions"}],"predecessor-version":[{"id":7177,"href":"https:\/\/ciac.pt\/en\/wp-json\/wp\/v2\/posts\/4685\/revisions\/7177"}],"wp:featuredmedia":[{"embeddable":true,"href":"https:\/\/ciac.pt\/en\/wp-json\/wp\/v2\/media\/4366"}],"wp:attachment":[{"href":"https:\/\/ciac.pt\/en\/wp-json\/wp\/v2\/media?parent=4685"}],"wp:term":[{"taxonomy":"category","embeddable":true,"href":"https:\/\/ciac.pt\/en\/wp-json\/wp\/v2\/categories?post=4685"},{"taxonomy":"post_tag","embeddable":true,"href":"https:\/\/ciac.pt\/en\/wp-json\/wp\/v2\/tags?post=4685"}],"curies":[{"name":"wp","href":"https:\/\/api.w.org\/{rel}","templated":true}]}}