{"id":4820,"date":"2024-03-04T16:11:43","date_gmt":"2024-03-04T16:11:43","guid":{"rendered":"https:\/\/ciac.pt\/?p=4820"},"modified":"2024-05-29T20:50:53","modified_gmt":"2024-05-29T19:50:53","slug":"bruno-mendes-da-silva-its-the-news-coordinator-of-the-group-on-educational-technologies-at-metaredtic-portugal","status":"publish","type":"post","link":"https:\/\/ciac.pt\/en\/news\/bruno-mendes-da-silva-its-the-news-coordinator-of-the-group-on-educational-technologies-at-metaredtic-portugal\/","title":{"rendered":"Bruno Mendes da Silva is the new coordinator of the Group on Educational Technologies at MetaRedTIC Portugal"},"content":{"rendered":"\n<div class=\"wp-block-group alignwide\"><div class=\"wp-block-group__inner-container is-layout-constrained wp-block-group-is-layout-constrained\">\n\n\n\n\n<figure class=\"wp-block-image size-full\"><a href=\"https:\/\/ciac.pt\/wp-content\/uploads\/2024\/03\/Website-CIAC-300px-altura-Verticais-1-rotated.jpg\"><img decoding=\"async\" data-src=\"https:\/\/ciac.pt\/wp-content\/uploads\/2024\/03\/Website-CIAC-300px-altura-Verticais-1-rotated.jpg\" alt=\"\" class=\"wp-image-4815 lazyload\" src=\"data:image\/svg+xml;base64,PHN2ZyB3aWR0aD0iMSIgaGVpZ2h0PSIxIiB4bWxucz0iaHR0cDovL3d3dy53My5vcmcvMjAwMC9zdmciPjwvc3ZnPg==\" style=\"--smush-placeholder-width: 300px; --smush-placeholder-aspect-ratio: 300\/212;\" \/><\/a><\/figure>\n\n\n<h1 class=\"wp-block-post-title\">Bruno Mendes da Silva is the new coordinator of the Group on Educational Technologies at MetaRedTIC Portugal<\/h1>\n\n<div class=\"wp-block-post-date has-text-color has-cyan-bluish-gray-color\"><time datetime=\"2024-03-04T16:11:43+00:00\">04\/03\/2024<\/time><\/div>\n\n\n<hr class=\"wp-block-separator has-text-color has-white-color has-alpha-channel-opacity has-white-background-color has-background\"\/>\n\n\n\n<p>Bruno Mendes da Silva, the vice-coordinator of the Research Center for Arts and Communication (CIAC), has recently been nominated as the coordinator of the Research Group on Educational Technologies at MetaRedTIC Portugal. This accomplishment holds particular significance in driving forward the role of Information and Communication Technologies (ICT) in higher education in Portugal.<\/p>\n\n\n\n<p>The <a href=\"https:\/\/www.metared.org\/pt\/grupo-tecnologias-educativas.html\">Research Group on Educational Technologies<\/a> primary mission is to support Higher Education Institutions in the country to explore and fully leverage the potential of ICT to enhance teaching and learning.<\/p>\n\n\n\n<p>Bruno Mendes da Silva, with a PhD in Communication, Culture, and Arts from the University of Algarve (UAlg), brings extensive experience as the President of the Technical-Scientific Council and Director of the Department of Communication at the Higher School of Education and Communication (ESEC) of UAlg. Throughout his career, Bruno Mendes da Silva has participated in twenty-three scientific projects and authored numerous scientific publications. His election as the coordinator of the Research Group on Educational Technologies will undoubtedly drive the implementation of innovative technological solutions in Portuguese universities.<\/p>\n\n\n\n<p>The group&#8217;s objectives include sharing successful initiatives, assessing the state of implementation of technological solutions, identifying weaknesses and strengths for incorporation, as well as supporting the creation of joint initiatives for technological development in higher education.<\/p>\n\n\n\n<p>In another context within MetaRedTIC Portugal, we also highlight the appointment of Maria Potes Barbas, coordinator of the Digital Literacy and Social Inclusion hub at CIAC, as the coordinator of the <a href=\"https:\/\/www.metared.org\/pt\/grupo-mulheres-tic.html\">Research Group on Women in ICT<\/a>. This group aims to promote women&#8217;s participation in the ICT domain, empower them through training, and highlight their talents, skills, and experiences as valuable elements for the development of knowledge and society at large.<\/p>\n\n\n\n<p>Maria Potes Barbas, Senior Coordinator in Educational Technology and Associate Professor at the Open University (UAb), will lead specific initiatives to give visibility to women leaders in ICT, inspire women to thrive in the ICT world, and contribute to greater female participation in science, technology, engineering, and mathematics in society.<\/p>\n<\/div><\/div>\n","protected":false},"excerpt":{"rendered":"<p>Bruno Mendes da Silva, the vice-coordinator of the Research Center for Arts<\/p>\n","protected":false},"author":3,"featured_media":4818,"comment_status":"closed","ping_status":"closed","sticky":false,"template":"","format":"standard","meta":{"_eb_attr":"","inline_featured_image":false,"advgb_blocks_editor_width":"","advgb_blocks_columns_visual_guide":"","footnotes":"","_links_to":"","_links_to_target":""},"categories":[61],"tags":[122],"class_list":["post-4820","post","type-post","status-publish","format-standard","has-post-thumbnail","hentry","category-news","tag-news"],"yoast_head":"<!-- This site is optimized with the Yoast SEO plugin v27.4 - https:\/\/yoast.com\/product\/yoast-seo-wordpress\/ -->\n<title>Bruno Mendes da Silva is the new coordinator of the Group on Educational Technologies at MetaRedTIC Portugal - CIAC<\/title>\n<meta name=\"robots\" content=\"index, follow, max-snippet:-1, max-image-preview:large, max-video-preview:-1\" \/>\n<link rel=\"canonical\" href=\"https:\/\/ciac.pt\/en\/news\/bruno-mendes-da-silva-its-the-news-coordinator-of-the-group-on-educational-technologies-at-metaredtic-portugal\/\" \/>\n<meta property=\"og:locale\" content=\"en_US\" \/>\n<meta property=\"og:type\" content=\"article\" \/>\n<meta property=\"og:title\" content=\"Bruno Mendes da Silva is the new coordinator of the Group on Educational Technologies at MetaRedTIC Portugal - CIAC\" \/>\n<meta property=\"og:description\" content=\"Bruno Mendes da Silva, the vice-coordinator of the Research Center for Arts\" \/>\n<meta property=\"og:url\" content=\"https:\/\/ciac.pt\/en\/news\/bruno-mendes-da-silva-its-the-news-coordinator-of-the-group-on-educational-technologies-at-metaredtic-portugal\/\" \/>\n<meta property=\"og:site_name\" content=\"CIAC\" \/>\n<meta property=\"article:published_time\" content=\"2024-03-04T16:11:43+00:00\" \/>\n<meta property=\"article:modified_time\" content=\"2024-05-29T19:50:53+00:00\" \/>\n<meta property=\"og:image\" content=\"https:\/\/ciac.pt\/wp-content\/uploads\/2024\/03\/Website-CIAC-1620x1215-1.jpg\" \/>\n\t<meta property=\"og:image:width\" content=\"1620\" \/>\n\t<meta property=\"og:image:height\" content=\"1215\" \/>\n\t<meta property=\"og:image:type\" content=\"image\/jpeg\" \/>\n<meta name=\"author\" content=\"editor1\" \/>\n<meta name=\"twitter:card\" content=\"summary_large_image\" \/>\n<meta name=\"twitter:label1\" content=\"Written by\" \/>\n\t<meta name=\"twitter:data1\" content=\"editor1\" \/>\n\t<meta name=\"twitter:label2\" content=\"Est. reading time\" \/>\n\t<meta name=\"twitter:data2\" content=\"2 minutes\" \/>\n<script type=\"application\/ld+json\" class=\"yoast-schema-graph\">{\"@context\":\"https:\\\/\\\/schema.org\",\"@graph\":[{\"@type\":\"Article\",\"@id\":\"https:\\\/\\\/ciac.pt\\\/en\\\/news\\\/bruno-mendes-da-silva-its-the-news-coordinator-of-the-group-on-educational-technologies-at-metaredtic-portugal\\\/#article\",\"isPartOf\":{\"@id\":\"https:\\\/\\\/ciac.pt\\\/en\\\/news\\\/bruno-mendes-da-silva-its-the-news-coordinator-of-the-group-on-educational-technologies-at-metaredtic-portugal\\\/\"},\"author\":{\"name\":\"editor1\",\"@id\":\"https:\\\/\\\/ciac.pt\\\/en\\\/#\\\/schema\\\/person\\\/3def46b976d3f4c0cdcf7c417cb570be\"},\"headline\":\"Bruno Mendes da Silva is the new coordinator of the Group on Educational Technologies at MetaRedTIC Portugal\",\"datePublished\":\"2024-03-04T16:11:43+00:00\",\"dateModified\":\"2024-05-29T19:50:53+00:00\",\"mainEntityOfPage\":{\"@id\":\"https:\\\/\\\/ciac.pt\\\/en\\\/news\\\/bruno-mendes-da-silva-its-the-news-coordinator-of-the-group-on-educational-technologies-at-metaredtic-portugal\\\/\"},\"wordCount\":349,\"publisher\":{\"@id\":\"https:\\\/\\\/ciac.pt\\\/en\\\/#organization\"},\"image\":{\"@id\":\"https:\\\/\\\/ciac.pt\\\/en\\\/news\\\/bruno-mendes-da-silva-its-the-news-coordinator-of-the-group-on-educational-technologies-at-metaredtic-portugal\\\/#primaryimage\"},\"thumbnailUrl\":\"https:\\\/\\\/ciac.pt\\\/wp-content\\\/uploads\\\/2024\\\/03\\\/Website-CIAC-1620x1215-1.jpg\",\"keywords\":[\"News\"],\"articleSection\":[\"News\"],\"inLanguage\":\"en-US\"},{\"@type\":\"WebPage\",\"@id\":\"https:\\\/\\\/ciac.pt\\\/en\\\/news\\\/bruno-mendes-da-silva-its-the-news-coordinator-of-the-group-on-educational-technologies-at-metaredtic-portugal\\\/\",\"url\":\"https:\\\/\\\/ciac.pt\\\/en\\\/news\\\/bruno-mendes-da-silva-its-the-news-coordinator-of-the-group-on-educational-technologies-at-metaredtic-portugal\\\/\",\"name\":\"Bruno Mendes da Silva is the new coordinator of the Group on Educational Technologies at MetaRedTIC Portugal - CIAC\",\"isPartOf\":{\"@id\":\"https:\\\/\\\/ciac.pt\\\/en\\\/#website\"},\"primaryImageOfPage\":{\"@id\":\"https:\\\/\\\/ciac.pt\\\/en\\\/news\\\/bruno-mendes-da-silva-its-the-news-coordinator-of-the-group-on-educational-technologies-at-metaredtic-portugal\\\/#primaryimage\"},\"image\":{\"@id\":\"https:\\\/\\\/ciac.pt\\\/en\\\/news\\\/bruno-mendes-da-silva-its-the-news-coordinator-of-the-group-on-educational-technologies-at-metaredtic-portugal\\\/#primaryimage\"},\"thumbnailUrl\":\"https:\\\/\\\/ciac.pt\\\/wp-content\\\/uploads\\\/2024\\\/03\\\/Website-CIAC-1620x1215-1.jpg\",\"datePublished\":\"2024-03-04T16:11:43+00:00\",\"dateModified\":\"2024-05-29T19:50:53+00:00\",\"breadcrumb\":{\"@id\":\"https:\\\/\\\/ciac.pt\\\/en\\\/news\\\/bruno-mendes-da-silva-its-the-news-coordinator-of-the-group-on-educational-technologies-at-metaredtic-portugal\\\/#breadcrumb\"},\"inLanguage\":\"en-US\",\"potentialAction\":[{\"@type\":\"ReadAction\",\"target\":[\"https:\\\/\\\/ciac.pt\\\/en\\\/news\\\/bruno-mendes-da-silva-its-the-news-coordinator-of-the-group-on-educational-technologies-at-metaredtic-portugal\\\/\"]}]},{\"@type\":\"ImageObject\",\"inLanguage\":\"en-US\",\"@id\":\"https:\\\/\\\/ciac.pt\\\/en\\\/news\\\/bruno-mendes-da-silva-its-the-news-coordinator-of-the-group-on-educational-technologies-at-metaredtic-portugal\\\/#primaryimage\",\"url\":\"https:\\\/\\\/ciac.pt\\\/wp-content\\\/uploads\\\/2024\\\/03\\\/Website-CIAC-1620x1215-1.jpg\",\"contentUrl\":\"https:\\\/\\\/ciac.pt\\\/wp-content\\\/uploads\\\/2024\\\/03\\\/Website-CIAC-1620x1215-1.jpg\",\"width\":1620,\"height\":1215},{\"@type\":\"BreadcrumbList\",\"@id\":\"https:\\\/\\\/ciac.pt\\\/en\\\/news\\\/bruno-mendes-da-silva-its-the-news-coordinator-of-the-group-on-educational-technologies-at-metaredtic-portugal\\\/#breadcrumb\",\"itemListElement\":[{\"@type\":\"ListItem\",\"position\":1,\"name\":\"In\u00edcio\",\"item\":\"https:\\\/\\\/ciac.pt\\\/en\\\/\"},{\"@type\":\"ListItem\",\"position\":2,\"name\":\"Bruno Mendes da Silva is the new coordinator of the Group on Educational Technologies at MetaRedTIC Portugal\"}]},{\"@type\":\"WebSite\",\"@id\":\"https:\\\/\\\/ciac.pt\\\/en\\\/#website\",\"url\":\"https:\\\/\\\/ciac.pt\\\/en\\\/\",\"name\":\"CIAC\",\"description\":\"Centro de Investiga\u00e7\u00e3o em Artes e Comunica\u00e7\u00e3o\",\"publisher\":{\"@id\":\"https:\\\/\\\/ciac.pt\\\/en\\\/#organization\"},\"potentialAction\":[{\"@type\":\"SearchAction\",\"target\":{\"@type\":\"EntryPoint\",\"urlTemplate\":\"https:\\\/\\\/ciac.pt\\\/en\\\/?s={search_term_string}\"},\"query-input\":{\"@type\":\"PropertyValueSpecification\",\"valueRequired\":true,\"valueName\":\"search_term_string\"}}],\"inLanguage\":\"en-US\"},{\"@type\":\"Organization\",\"@id\":\"https:\\\/\\\/ciac.pt\\\/en\\\/#organization\",\"name\":\"CIAC\",\"url\":\"https:\\\/\\\/ciac.pt\\\/en\\\/\",\"logo\":{\"@type\":\"ImageObject\",\"inLanguage\":\"en-US\",\"@id\":\"https:\\\/\\\/ciac.pt\\\/en\\\/#\\\/schema\\\/logo\\\/image\\\/\",\"url\":\"https:\\\/\\\/ciac.pt\\\/wp-content\\\/uploads\\\/2022\\\/06\\\/logo.svg\",\"contentUrl\":\"https:\\\/\\\/ciac.pt\\\/wp-content\\\/uploads\\\/2022\\\/06\\\/logo.svg\",\"width\":184,\"height\":51,\"caption\":\"CIAC\"},\"image\":{\"@id\":\"https:\\\/\\\/ciac.pt\\\/en\\\/#\\\/schema\\\/logo\\\/image\\\/\"}},{\"@type\":\"Person\",\"@id\":\"https:\\\/\\\/ciac.pt\\\/en\\\/#\\\/schema\\\/person\\\/3def46b976d3f4c0cdcf7c417cb570be\",\"name\":\"editor1\",\"image\":{\"@type\":\"ImageObject\",\"inLanguage\":\"en-US\",\"@id\":\"https:\\\/\\\/secure.gravatar.com\\\/avatar\\\/4d8eb3157f61df03731fd8bf031b56d1d9241759e8f8c07d4d7e51d2f858c821?s=96&d=mm&r=g\",\"url\":\"https:\\\/\\\/secure.gravatar.com\\\/avatar\\\/4d8eb3157f61df03731fd8bf031b56d1d9241759e8f8c07d4d7e51d2f858c821?s=96&d=mm&r=g\",\"contentUrl\":\"https:\\\/\\\/secure.gravatar.com\\\/avatar\\\/4d8eb3157f61df03731fd8bf031b56d1d9241759e8f8c07d4d7e51d2f858c821?s=96&d=mm&r=g\",\"caption\":\"editor1\"},\"url\":\"https:\\\/\\\/ciac.pt\\\/en\\\/author\\\/editor1\\\/\"}]}<\/script>\n<!-- \/ Yoast SEO plugin. -->","yoast_head_json":{"title":"Bruno Mendes da Silva is the new coordinator of the Group on Educational Technologies at MetaRedTIC Portugal - CIAC","robots":{"index":"index","follow":"follow","max-snippet":"max-snippet:-1","max-image-preview":"max-image-preview:large","max-video-preview":"max-video-preview:-1"},"canonical":"https:\/\/ciac.pt\/en\/news\/bruno-mendes-da-silva-its-the-news-coordinator-of-the-group-on-educational-technologies-at-metaredtic-portugal\/","og_locale":"en_US","og_type":"article","og_title":"Bruno Mendes da Silva is the new coordinator of the Group on Educational Technologies at MetaRedTIC Portugal - CIAC","og_description":"Bruno Mendes da Silva, the vice-coordinator of the Research Center for Arts","og_url":"https:\/\/ciac.pt\/en\/news\/bruno-mendes-da-silva-its-the-news-coordinator-of-the-group-on-educational-technologies-at-metaredtic-portugal\/","og_site_name":"CIAC","article_published_time":"2024-03-04T16:11:43+00:00","article_modified_time":"2024-05-29T19:50:53+00:00","og_image":[{"width":1620,"height":1215,"url":"https:\/\/ciac.pt\/wp-content\/uploads\/2024\/03\/Website-CIAC-1620x1215-1.jpg","type":"image\/jpeg"}],"author":"editor1","twitter_card":"summary_large_image","twitter_misc":{"Written by":"editor1","Est. reading time":"2 minutes"},"schema":{"@context":"https:\/\/schema.org","@graph":[{"@type":"Article","@id":"https:\/\/ciac.pt\/en\/news\/bruno-mendes-da-silva-its-the-news-coordinator-of-the-group-on-educational-technologies-at-metaredtic-portugal\/#article","isPartOf":{"@id":"https:\/\/ciac.pt\/en\/news\/bruno-mendes-da-silva-its-the-news-coordinator-of-the-group-on-educational-technologies-at-metaredtic-portugal\/"},"author":{"name":"editor1","@id":"https:\/\/ciac.pt\/en\/#\/schema\/person\/3def46b976d3f4c0cdcf7c417cb570be"},"headline":"Bruno Mendes da Silva is the new coordinator of the Group on Educational Technologies at MetaRedTIC Portugal","datePublished":"2024-03-04T16:11:43+00:00","dateModified":"2024-05-29T19:50:53+00:00","mainEntityOfPage":{"@id":"https:\/\/ciac.pt\/en\/news\/bruno-mendes-da-silva-its-the-news-coordinator-of-the-group-on-educational-technologies-at-metaredtic-portugal\/"},"wordCount":349,"publisher":{"@id":"https:\/\/ciac.pt\/en\/#organization"},"image":{"@id":"https:\/\/ciac.pt\/en\/news\/bruno-mendes-da-silva-its-the-news-coordinator-of-the-group-on-educational-technologies-at-metaredtic-portugal\/#primaryimage"},"thumbnailUrl":"https:\/\/ciac.pt\/wp-content\/uploads\/2024\/03\/Website-CIAC-1620x1215-1.jpg","keywords":["News"],"articleSection":["News"],"inLanguage":"en-US"},{"@type":"WebPage","@id":"https:\/\/ciac.pt\/en\/news\/bruno-mendes-da-silva-its-the-news-coordinator-of-the-group-on-educational-technologies-at-metaredtic-portugal\/","url":"https:\/\/ciac.pt\/en\/news\/bruno-mendes-da-silva-its-the-news-coordinator-of-the-group-on-educational-technologies-at-metaredtic-portugal\/","name":"Bruno Mendes da Silva is the new coordinator of the Group on Educational Technologies at MetaRedTIC Portugal - CIAC","isPartOf":{"@id":"https:\/\/ciac.pt\/en\/#website"},"primaryImageOfPage":{"@id":"https:\/\/ciac.pt\/en\/news\/bruno-mendes-da-silva-its-the-news-coordinator-of-the-group-on-educational-technologies-at-metaredtic-portugal\/#primaryimage"},"image":{"@id":"https:\/\/ciac.pt\/en\/news\/bruno-mendes-da-silva-its-the-news-coordinator-of-the-group-on-educational-technologies-at-metaredtic-portugal\/#primaryimage"},"thumbnailUrl":"https:\/\/ciac.pt\/wp-content\/uploads\/2024\/03\/Website-CIAC-1620x1215-1.jpg","datePublished":"2024-03-04T16:11:43+00:00","dateModified":"2024-05-29T19:50:53+00:00","breadcrumb":{"@id":"https:\/\/ciac.pt\/en\/news\/bruno-mendes-da-silva-its-the-news-coordinator-of-the-group-on-educational-technologies-at-metaredtic-portugal\/#breadcrumb"},"inLanguage":"en-US","potentialAction":[{"@type":"ReadAction","target":["https:\/\/ciac.pt\/en\/news\/bruno-mendes-da-silva-its-the-news-coordinator-of-the-group-on-educational-technologies-at-metaredtic-portugal\/"]}]},{"@type":"ImageObject","inLanguage":"en-US","@id":"https:\/\/ciac.pt\/en\/news\/bruno-mendes-da-silva-its-the-news-coordinator-of-the-group-on-educational-technologies-at-metaredtic-portugal\/#primaryimage","url":"https:\/\/ciac.pt\/wp-content\/uploads\/2024\/03\/Website-CIAC-1620x1215-1.jpg","contentUrl":"https:\/\/ciac.pt\/wp-content\/uploads\/2024\/03\/Website-CIAC-1620x1215-1.jpg","width":1620,"height":1215},{"@type":"BreadcrumbList","@id":"https:\/\/ciac.pt\/en\/news\/bruno-mendes-da-silva-its-the-news-coordinator-of-the-group-on-educational-technologies-at-metaredtic-portugal\/#breadcrumb","itemListElement":[{"@type":"ListItem","position":1,"name":"In\u00edcio","item":"https:\/\/ciac.pt\/en\/"},{"@type":"ListItem","position":2,"name":"Bruno Mendes da Silva is the new coordinator of the Group on Educational Technologies at MetaRedTIC Portugal"}]},{"@type":"WebSite","@id":"https:\/\/ciac.pt\/en\/#website","url":"https:\/\/ciac.pt\/en\/","name":"CIAC","description":"Centro de Investiga\u00e7\u00e3o em Artes e Comunica\u00e7\u00e3o","publisher":{"@id":"https:\/\/ciac.pt\/en\/#organization"},"potentialAction":[{"@type":"SearchAction","target":{"@type":"EntryPoint","urlTemplate":"https:\/\/ciac.pt\/en\/?s={search_term_string}"},"query-input":{"@type":"PropertyValueSpecification","valueRequired":true,"valueName":"search_term_string"}}],"inLanguage":"en-US"},{"@type":"Organization","@id":"https:\/\/ciac.pt\/en\/#organization","name":"CIAC","url":"https:\/\/ciac.pt\/en\/","logo":{"@type":"ImageObject","inLanguage":"en-US","@id":"https:\/\/ciac.pt\/en\/#\/schema\/logo\/image\/","url":"https:\/\/ciac.pt\/wp-content\/uploads\/2022\/06\/logo.svg","contentUrl":"https:\/\/ciac.pt\/wp-content\/uploads\/2022\/06\/logo.svg","width":184,"height":51,"caption":"CIAC"},"image":{"@id":"https:\/\/ciac.pt\/en\/#\/schema\/logo\/image\/"}},{"@type":"Person","@id":"https:\/\/ciac.pt\/en\/#\/schema\/person\/3def46b976d3f4c0cdcf7c417cb570be","name":"editor1","image":{"@type":"ImageObject","inLanguage":"en-US","@id":"https:\/\/secure.gravatar.com\/avatar\/4d8eb3157f61df03731fd8bf031b56d1d9241759e8f8c07d4d7e51d2f858c821?s=96&d=mm&r=g","url":"https:\/\/secure.gravatar.com\/avatar\/4d8eb3157f61df03731fd8bf031b56d1d9241759e8f8c07d4d7e51d2f858c821?s=96&d=mm&r=g","contentUrl":"https:\/\/secure.gravatar.com\/avatar\/4d8eb3157f61df03731fd8bf031b56d1d9241759e8f8c07d4d7e51d2f858c821?s=96&d=mm&r=g","caption":"editor1"},"url":"https:\/\/ciac.pt\/en\/author\/editor1\/"}]}},"author_meta":{"display_name":"editor1","author_link":"https:\/\/ciac.pt\/en\/author\/editor1\/"},"featured_img":"https:\/\/ciac.pt\/wp-content\/uploads\/2024\/03\/Website-CIAC-1620x1215-1-300x225.jpg","coauthors":[],"tax_additional":{"categories":{"linked":["<a href=\"https:\/\/ciac.pt\/en\/.\/news\/\" class=\"advgb-post-tax-term\">News<\/a>"],"unlinked":["<span class=\"advgb-post-tax-term\">News<\/span>"]},"tags":{"linked":["<a href=\"https:\/\/ciac.pt\/en\/.\/news\/\" class=\"advgb-post-tax-term\">News<\/a>"],"unlinked":["<span class=\"advgb-post-tax-term\">News<\/span>"]}},"comment_count":0,"relative_dates":{"created":"Posted 2 years ago","modified":"Updated 2 years ago"},"absolute_dates":{"created":"Posted on 04\/03\/2024","modified":"Updated on 29\/05\/2024"},"absolute_dates_time":{"created":"Posted on 04\/03\/2024 16:11","modified":"Updated on 29\/05\/2024 20:50"},"featured_img_caption":"","series_order":"","_links":{"self":[{"href":"https:\/\/ciac.pt\/en\/wp-json\/wp\/v2\/posts\/4820","targetHints":{"allow":["GET"]}}],"collection":[{"href":"https:\/\/ciac.pt\/en\/wp-json\/wp\/v2\/posts"}],"about":[{"href":"https:\/\/ciac.pt\/en\/wp-json\/wp\/v2\/types\/post"}],"author":[{"embeddable":true,"href":"https:\/\/ciac.pt\/en\/wp-json\/wp\/v2\/users\/3"}],"replies":[{"embeddable":true,"href":"https:\/\/ciac.pt\/en\/wp-json\/wp\/v2\/comments?post=4820"}],"version-history":[{"count":3,"href":"https:\/\/ciac.pt\/en\/wp-json\/wp\/v2\/posts\/4820\/revisions"}],"predecessor-version":[{"id":7213,"href":"https:\/\/ciac.pt\/en\/wp-json\/wp\/v2\/posts\/4820\/revisions\/7213"}],"wp:featuredmedia":[{"embeddable":true,"href":"https:\/\/ciac.pt\/en\/wp-json\/wp\/v2\/media\/4818"}],"wp:attachment":[{"href":"https:\/\/ciac.pt\/en\/wp-json\/wp\/v2\/media?parent=4820"}],"wp:term":[{"taxonomy":"category","embeddable":true,"href":"https:\/\/ciac.pt\/en\/wp-json\/wp\/v2\/categories?post=4820"},{"taxonomy":"post_tag","embeddable":true,"href":"https:\/\/ciac.pt\/en\/wp-json\/wp\/v2\/tags?post=4820"}],"curies":[{"name":"wp","href":"https:\/\/api.w.org\/{rel}","templated":true}]}}