{"id":5150,"date":"2024-03-14T10:59:28","date_gmt":"2024-03-14T10:59:28","guid":{"rendered":"https:\/\/ciac.pt\/?p=5150"},"modified":"2024-05-29T20:47:08","modified_gmt":"2024-05-29T19:47:08","slug":"xanas-exhibition-rua-projectada-a-rua-do-ouvidor-on-display-at-casa-atelier-vieira-da-silva","status":"publish","type":"post","link":"https:\/\/ciac.pt\/en\/news\/xanas-exhibition-rua-projectada-a-rua-do-ouvidor-on-display-at-casa-atelier-vieira-da-silva\/","title":{"rendered":"Xana&#8217;s exhibition &#8220;Rua Projectada \u00e0 Rua do Ouvidor&#8221; on display at Casa-Atelier Vieira da Silva"},"content":{"rendered":"\n<div class=\"wp-block-group alignwide\"><div class=\"wp-block-group__inner-container is-layout-constrained wp-block-group-is-layout-constrained\">\n\n\n\n\n<figure class=\"wp-block-image size-full\"><a href=\"https:\/\/ciac.pt\/wp-content\/uploads\/2024\/03\/exposicao-xana_300px-altura.jpg\"><img decoding=\"async\" width=\"212\" height=\"300\" data-src=\"https:\/\/ciac.pt\/wp-content\/uploads\/2024\/03\/exposicao-xana_300px-altura.jpg\" alt=\"\" class=\"wp-image-5145 lazyload\" src=\"data:image\/svg+xml;base64,PHN2ZyB3aWR0aD0iMSIgaGVpZ2h0PSIxIiB4bWxucz0iaHR0cDovL3d3dy53My5vcmcvMjAwMC9zdmciPjwvc3ZnPg==\" style=\"--smush-placeholder-width: 212px; --smush-placeholder-aspect-ratio: 212\/300;\" \/><\/a><\/figure>\n\n\n<h1 class=\"wp-block-post-title\">Xana&#8217;s exhibition &#8220;Rua Projectada \u00e0 Rua do Ouvidor&#8221; on display at Casa-Atelier Vieira da Silva<\/h1>\n\n<div class=\"wp-block-post-date has-text-color has-cyan-bluish-gray-color\"><time datetime=\"2024-03-14T10:59:28+00:00\">14\/03\/2024<\/time><\/div>\n\n\n<hr class=\"wp-block-separator has-text-color has-white-color has-alpha-channel-opacity has-white-background-color has-background\"\/>\n\n\n\n<p>The exhibition <em>Rua Projectada \u00e0 Rua do Ouvidor<\/em> by artist Xana (Alexandre Barata) is open to the public until April 14th at the Casa-Atelier Vieira da Silva in Lisbon.<\/p>\n\n\n\n<p>Xana chose the canvas &#8220;Rua do Ouvidor&#8221;, painted by Maria Helena Vieira da Silva in 1942, to create a series of new works in acrylic paint on canvas and paper, which he presents in the space of Atelier Vieira da Silva. This reference work vividly portrays the bustling human activity that Vieira and Arpad experienced in Brazil during the 1940s, on the important commercial artery of Rio de Janeiro.<\/p>\n\n\n\n<p>In the paintings now created by Xana, there is an appropriation and free and expanded recreation of the patterns that mark the clothing of the characters in Vieira da Silva&#8217;s painting. While, for the artist, those standardized forms are already the main subject of the &#8220;street&#8221;, where human figures are only vaguely suggested, for Xana, the only protagonists are abstract forms, luminous colors, and ornamental rhythms, now reinvented in various paintings. From the legacy of the painter of &#8220;cobalt blue dresses for happiness&#8221; or &#8220;vermilion for blood to circulate freely,&#8221; as Vieira stated in a testamentary text, Xana continues that path, reinventing it in a <em><strong>Rua Projectada \u00e0 Rua do Ouvidor<\/strong><\/em>, adding new forms to &#8220;fly higher&#8221; with all colors and assert his freedom.<\/p>\n\n\n\n<p>The exhibition <em><strong>Rua Projectada \u00e0 Rua do Ouvidor<\/strong><\/em> can be visited until April 14, 2024, from Tuesday to Sunday, between 10 am and 6 pm, at Alto de S. Francisco n\u00ba1, Lisbon (Jardim das Amoreiras). Admission is free and must be requested at the reception of the Museum at Pra\u00e7a das Amoreiras n\u00ba 56, Lisbon.<\/p>\n\n\n\n<hr class=\"wp-block-separator alignwide has-alpha-channel-opacity is-style-wide separador-mais-info\"\/>\n\n\n\n<p><strong>About the artist:<\/strong><\/p>\n\n\n\n<p>Xana was born in Lisbon in 1959.<\/p>\n\n\n\n<p>He graduated in Fine Arts from the School of Fine Arts in Lisbon in 1984. Currently living and working in Lisbon, Lagos, and Faro, he co-authored the Visual Arts degree project at the University of Algarve, where he has been teaching since 2005. In 2019, he earned a Ph.D. in Communication Culture and Arts from the University of Algarve with the project &#8220;Love, Freedom, and Wisdom \u2013 Dialectics of Visual Construction&#8221;. As a visual artist, he has held various exhibitions, scenographies, or interventions in public spaces since 1981. In 2005, Culturgest in Lisbon presented an anthological selection of his works titled &#8220;Opaque Art and Other Ghosts&#8221;.<\/p>\n\n\n\n<p>In recent years, his artistic work has focused on creating temporary installations\/constructions for public art. Notably, he constructed the &#8220;Arco do Triunfo&#8221; on Passeig de Gr\u00e0cia in Barcelona in 2009. In 2010, he presented the installation &#8220;Assembleia&#8221; in the gardens of the Calouste Gulbenkian Foundation, part of the exhibition &#8220;Res Publica&#8221;. In 2012, he created the installation &#8220;Nova Assembleia e algumas pr\u00f3teses&#8221; at the Museum of Chiado. In the spring of 2012, he built the sculptural intervention &#8220;Uma Casa no C\u00e9u&#8221; in the Almourol Contemporary Sculpture Park, Vila Nova da Barquinha. He completed the installation &#8220;Amor Libera Lux&#8221; as part of the &#8220;Vicente\u2019 2013&#8221; initiative in Bel\u00e9m, Lisbon. In 2016, he carried out public space interventions in the Algarve as part of the project &#8220;Watt?&#8221; (organized by LAC and EDP Foundation). He initiated a series of labyrinth-themed constructions with &#8220;Labirinto X001&#8221; (2017) at Teatro da Polit\u00e9cnica\/Artistas Unidos in Lisbon and realized &#8220;Labirinto X002&#8221; (2019) at Associa\u00e7\u00e3o 289 in Faro.<\/p>\n\n\n\n<p>Xana is featured in several museums and public collections, including the Serralves Museum in Porto, Kunstlerhaus-Musonturm in Frankfurt, the Luso-American Foundation, and the Center for Modern Art at the Calouste Gulbenkian Foundation in Lisbon.<\/p>\n\n\n\n<p>For more information, visit <a href=\"http:\/\/www.xana.tv\/\">www.xana.tv<\/a>.<\/p>\n<\/div><\/div>\n","protected":false},"excerpt":{"rendered":"<p>The exhibition Rua Projectada \u00e0 Rua do Ouvidor by artist Xana (Alexandre<\/p>\n","protected":false},"author":3,"featured_media":5156,"comment_status":"closed","ping_status":"closed","sticky":false,"template":"","format":"standard","meta":{"_eb_attr":"","inline_featured_image":false,"advgb_blocks_editor_width":"","advgb_blocks_columns_visual_guide":"","footnotes":"","_links_to":"","_links_to_target":""},"categories":[61],"tags":[144],"class_list":["post-5150","post","type-post","status-publish","format-standard","has-post-thumbnail","hentry","category-news","tag-exhibition"],"yoast_head":"<!-- This site is optimized with the Yoast SEO plugin v27.4 - https:\/\/yoast.com\/product\/yoast-seo-wordpress\/ -->\n<title>Xana&#039;s exhibition &quot;Rua Projectada \u00e0 Rua do Ouvidor&quot; on display at Casa-Atelier Vieira da Silva - CIAC<\/title>\n<meta name=\"robots\" content=\"index, follow, max-snippet:-1, max-image-preview:large, max-video-preview:-1\" \/>\n<link rel=\"canonical\" href=\"https:\/\/ciac.pt\/en\/news\/xanas-exhibition-rua-projectada-a-rua-do-ouvidor-on-display-at-casa-atelier-vieira-da-silva\/\" \/>\n<meta property=\"og:locale\" content=\"en_US\" \/>\n<meta property=\"og:type\" content=\"article\" \/>\n<meta property=\"og:title\" content=\"Xana&#039;s exhibition &quot;Rua Projectada \u00e0 Rua do Ouvidor&quot; on display at Casa-Atelier Vieira da Silva - CIAC\" \/>\n<meta property=\"og:description\" content=\"The exhibition Rua Projectada \u00e0 Rua do Ouvidor by artist Xana (Alexandre\" \/>\n<meta property=\"og:url\" content=\"https:\/\/ciac.pt\/en\/news\/xanas-exhibition-rua-projectada-a-rua-do-ouvidor-on-display-at-casa-atelier-vieira-da-silva\/\" \/>\n<meta property=\"og:site_name\" content=\"CIAC\" \/>\n<meta property=\"article:published_time\" content=\"2024-03-14T10:59:28+00:00\" \/>\n<meta property=\"article:modified_time\" content=\"2024-05-29T19:47:08+00:00\" \/>\n<meta property=\"og:image\" content=\"https:\/\/ciac.pt\/wp-content\/uploads\/2024\/03\/exposicao-xana_imagem-de-destaque-1.jpg\" \/>\n\t<meta property=\"og:image:width\" content=\"1620\" \/>\n\t<meta property=\"og:image:height\" content=\"1215\" \/>\n\t<meta property=\"og:image:type\" content=\"image\/jpeg\" \/>\n<meta name=\"author\" content=\"editor1\" \/>\n<meta name=\"twitter:card\" content=\"summary_large_image\" \/>\n<meta name=\"twitter:label1\" content=\"Written by\" \/>\n\t<meta name=\"twitter:data1\" content=\"editor1\" \/>\n\t<meta name=\"twitter:label2\" content=\"Est. reading time\" \/>\n\t<meta name=\"twitter:data2\" content=\"3 minutes\" \/>\n<script type=\"application\/ld+json\" class=\"yoast-schema-graph\">{\"@context\":\"https:\\\/\\\/schema.org\",\"@graph\":[{\"@type\":\"Article\",\"@id\":\"https:\\\/\\\/ciac.pt\\\/en\\\/news\\\/xanas-exhibition-rua-projectada-a-rua-do-ouvidor-on-display-at-casa-atelier-vieira-da-silva\\\/#article\",\"isPartOf\":{\"@id\":\"https:\\\/\\\/ciac.pt\\\/en\\\/news\\\/xanas-exhibition-rua-projectada-a-rua-do-ouvidor-on-display-at-casa-atelier-vieira-da-silva\\\/\"},\"author\":{\"name\":\"editor1\",\"@id\":\"https:\\\/\\\/ciac.pt\\\/en\\\/#\\\/schema\\\/person\\\/3def46b976d3f4c0cdcf7c417cb570be\"},\"headline\":\"Xana&#8217;s exhibition &#8220;Rua Projectada \u00e0 Rua do Ouvidor&#8221; on display at Casa-Atelier Vieira da Silva\",\"datePublished\":\"2024-03-14T10:59:28+00:00\",\"dateModified\":\"2024-05-29T19:47:08+00:00\",\"mainEntityOfPage\":{\"@id\":\"https:\\\/\\\/ciac.pt\\\/en\\\/news\\\/xanas-exhibition-rua-projectada-a-rua-do-ouvidor-on-display-at-casa-atelier-vieira-da-silva\\\/\"},\"wordCount\":595,\"publisher\":{\"@id\":\"https:\\\/\\\/ciac.pt\\\/en\\\/#organization\"},\"image\":{\"@id\":\"https:\\\/\\\/ciac.pt\\\/en\\\/news\\\/xanas-exhibition-rua-projectada-a-rua-do-ouvidor-on-display-at-casa-atelier-vieira-da-silva\\\/#primaryimage\"},\"thumbnailUrl\":\"https:\\\/\\\/ciac.pt\\\/wp-content\\\/uploads\\\/2024\\\/03\\\/exposicao-xana_imagem-de-destaque-1.jpg\",\"keywords\":[\"Exhibition\"],\"articleSection\":[\"News\"],\"inLanguage\":\"en-US\"},{\"@type\":\"WebPage\",\"@id\":\"https:\\\/\\\/ciac.pt\\\/en\\\/news\\\/xanas-exhibition-rua-projectada-a-rua-do-ouvidor-on-display-at-casa-atelier-vieira-da-silva\\\/\",\"url\":\"https:\\\/\\\/ciac.pt\\\/en\\\/news\\\/xanas-exhibition-rua-projectada-a-rua-do-ouvidor-on-display-at-casa-atelier-vieira-da-silva\\\/\",\"name\":\"Xana's exhibition \\\"Rua Projectada \u00e0 Rua do Ouvidor\\\" on display at Casa-Atelier Vieira da Silva - CIAC\",\"isPartOf\":{\"@id\":\"https:\\\/\\\/ciac.pt\\\/en\\\/#website\"},\"primaryImageOfPage\":{\"@id\":\"https:\\\/\\\/ciac.pt\\\/en\\\/news\\\/xanas-exhibition-rua-projectada-a-rua-do-ouvidor-on-display-at-casa-atelier-vieira-da-silva\\\/#primaryimage\"},\"image\":{\"@id\":\"https:\\\/\\\/ciac.pt\\\/en\\\/news\\\/xanas-exhibition-rua-projectada-a-rua-do-ouvidor-on-display-at-casa-atelier-vieira-da-silva\\\/#primaryimage\"},\"thumbnailUrl\":\"https:\\\/\\\/ciac.pt\\\/wp-content\\\/uploads\\\/2024\\\/03\\\/exposicao-xana_imagem-de-destaque-1.jpg\",\"datePublished\":\"2024-03-14T10:59:28+00:00\",\"dateModified\":\"2024-05-29T19:47:08+00:00\",\"breadcrumb\":{\"@id\":\"https:\\\/\\\/ciac.pt\\\/en\\\/news\\\/xanas-exhibition-rua-projectada-a-rua-do-ouvidor-on-display-at-casa-atelier-vieira-da-silva\\\/#breadcrumb\"},\"inLanguage\":\"en-US\",\"potentialAction\":[{\"@type\":\"ReadAction\",\"target\":[\"https:\\\/\\\/ciac.pt\\\/en\\\/news\\\/xanas-exhibition-rua-projectada-a-rua-do-ouvidor-on-display-at-casa-atelier-vieira-da-silva\\\/\"]}]},{\"@type\":\"ImageObject\",\"inLanguage\":\"en-US\",\"@id\":\"https:\\\/\\\/ciac.pt\\\/en\\\/news\\\/xanas-exhibition-rua-projectada-a-rua-do-ouvidor-on-display-at-casa-atelier-vieira-da-silva\\\/#primaryimage\",\"url\":\"https:\\\/\\\/ciac.pt\\\/wp-content\\\/uploads\\\/2024\\\/03\\\/exposicao-xana_imagem-de-destaque-1.jpg\",\"contentUrl\":\"https:\\\/\\\/ciac.pt\\\/wp-content\\\/uploads\\\/2024\\\/03\\\/exposicao-xana_imagem-de-destaque-1.jpg\",\"width\":1620,\"height\":1215},{\"@type\":\"BreadcrumbList\",\"@id\":\"https:\\\/\\\/ciac.pt\\\/en\\\/news\\\/xanas-exhibition-rua-projectada-a-rua-do-ouvidor-on-display-at-casa-atelier-vieira-da-silva\\\/#breadcrumb\",\"itemListElement\":[{\"@type\":\"ListItem\",\"position\":1,\"name\":\"In\u00edcio\",\"item\":\"https:\\\/\\\/ciac.pt\\\/en\\\/\"},{\"@type\":\"ListItem\",\"position\":2,\"name\":\"Xana&#8217;s exhibition &#8220;Rua Projectada \u00e0 Rua do Ouvidor&#8221; on display at Casa-Atelier Vieira da Silva\"}]},{\"@type\":\"WebSite\",\"@id\":\"https:\\\/\\\/ciac.pt\\\/en\\\/#website\",\"url\":\"https:\\\/\\\/ciac.pt\\\/en\\\/\",\"name\":\"CIAC\",\"description\":\"Centro de Investiga\u00e7\u00e3o em Artes e Comunica\u00e7\u00e3o\",\"publisher\":{\"@id\":\"https:\\\/\\\/ciac.pt\\\/en\\\/#organization\"},\"potentialAction\":[{\"@type\":\"SearchAction\",\"target\":{\"@type\":\"EntryPoint\",\"urlTemplate\":\"https:\\\/\\\/ciac.pt\\\/en\\\/?s={search_term_string}\"},\"query-input\":{\"@type\":\"PropertyValueSpecification\",\"valueRequired\":true,\"valueName\":\"search_term_string\"}}],\"inLanguage\":\"en-US\"},{\"@type\":\"Organization\",\"@id\":\"https:\\\/\\\/ciac.pt\\\/en\\\/#organization\",\"name\":\"CIAC\",\"url\":\"https:\\\/\\\/ciac.pt\\\/en\\\/\",\"logo\":{\"@type\":\"ImageObject\",\"inLanguage\":\"en-US\",\"@id\":\"https:\\\/\\\/ciac.pt\\\/en\\\/#\\\/schema\\\/logo\\\/image\\\/\",\"url\":\"https:\\\/\\\/ciac.pt\\\/wp-content\\\/uploads\\\/2022\\\/06\\\/logo.svg\",\"contentUrl\":\"https:\\\/\\\/ciac.pt\\\/wp-content\\\/uploads\\\/2022\\\/06\\\/logo.svg\",\"width\":184,\"height\":51,\"caption\":\"CIAC\"},\"image\":{\"@id\":\"https:\\\/\\\/ciac.pt\\\/en\\\/#\\\/schema\\\/logo\\\/image\\\/\"}},{\"@type\":\"Person\",\"@id\":\"https:\\\/\\\/ciac.pt\\\/en\\\/#\\\/schema\\\/person\\\/3def46b976d3f4c0cdcf7c417cb570be\",\"name\":\"editor1\",\"image\":{\"@type\":\"ImageObject\",\"inLanguage\":\"en-US\",\"@id\":\"https:\\\/\\\/secure.gravatar.com\\\/avatar\\\/4d8eb3157f61df03731fd8bf031b56d1d9241759e8f8c07d4d7e51d2f858c821?s=96&d=mm&r=g\",\"url\":\"https:\\\/\\\/secure.gravatar.com\\\/avatar\\\/4d8eb3157f61df03731fd8bf031b56d1d9241759e8f8c07d4d7e51d2f858c821?s=96&d=mm&r=g\",\"contentUrl\":\"https:\\\/\\\/secure.gravatar.com\\\/avatar\\\/4d8eb3157f61df03731fd8bf031b56d1d9241759e8f8c07d4d7e51d2f858c821?s=96&d=mm&r=g\",\"caption\":\"editor1\"},\"url\":\"https:\\\/\\\/ciac.pt\\\/en\\\/author\\\/editor1\\\/\"}]}<\/script>\n<!-- \/ Yoast SEO plugin. -->","yoast_head_json":{"title":"Xana's exhibition \"Rua Projectada \u00e0 Rua do Ouvidor\" on display at Casa-Atelier Vieira da Silva - CIAC","robots":{"index":"index","follow":"follow","max-snippet":"max-snippet:-1","max-image-preview":"max-image-preview:large","max-video-preview":"max-video-preview:-1"},"canonical":"https:\/\/ciac.pt\/en\/news\/xanas-exhibition-rua-projectada-a-rua-do-ouvidor-on-display-at-casa-atelier-vieira-da-silva\/","og_locale":"en_US","og_type":"article","og_title":"Xana's exhibition \"Rua Projectada \u00e0 Rua do Ouvidor\" on display at Casa-Atelier Vieira da Silva - CIAC","og_description":"The exhibition Rua Projectada \u00e0 Rua do Ouvidor by artist Xana (Alexandre","og_url":"https:\/\/ciac.pt\/en\/news\/xanas-exhibition-rua-projectada-a-rua-do-ouvidor-on-display-at-casa-atelier-vieira-da-silva\/","og_site_name":"CIAC","article_published_time":"2024-03-14T10:59:28+00:00","article_modified_time":"2024-05-29T19:47:08+00:00","og_image":[{"width":1620,"height":1215,"url":"https:\/\/ciac.pt\/wp-content\/uploads\/2024\/03\/exposicao-xana_imagem-de-destaque-1.jpg","type":"image\/jpeg"}],"author":"editor1","twitter_card":"summary_large_image","twitter_misc":{"Written by":"editor1","Est. reading time":"3 minutes"},"schema":{"@context":"https:\/\/schema.org","@graph":[{"@type":"Article","@id":"https:\/\/ciac.pt\/en\/news\/xanas-exhibition-rua-projectada-a-rua-do-ouvidor-on-display-at-casa-atelier-vieira-da-silva\/#article","isPartOf":{"@id":"https:\/\/ciac.pt\/en\/news\/xanas-exhibition-rua-projectada-a-rua-do-ouvidor-on-display-at-casa-atelier-vieira-da-silva\/"},"author":{"name":"editor1","@id":"https:\/\/ciac.pt\/en\/#\/schema\/person\/3def46b976d3f4c0cdcf7c417cb570be"},"headline":"Xana&#8217;s exhibition &#8220;Rua Projectada \u00e0 Rua do Ouvidor&#8221; on display at Casa-Atelier Vieira da Silva","datePublished":"2024-03-14T10:59:28+00:00","dateModified":"2024-05-29T19:47:08+00:00","mainEntityOfPage":{"@id":"https:\/\/ciac.pt\/en\/news\/xanas-exhibition-rua-projectada-a-rua-do-ouvidor-on-display-at-casa-atelier-vieira-da-silva\/"},"wordCount":595,"publisher":{"@id":"https:\/\/ciac.pt\/en\/#organization"},"image":{"@id":"https:\/\/ciac.pt\/en\/news\/xanas-exhibition-rua-projectada-a-rua-do-ouvidor-on-display-at-casa-atelier-vieira-da-silva\/#primaryimage"},"thumbnailUrl":"https:\/\/ciac.pt\/wp-content\/uploads\/2024\/03\/exposicao-xana_imagem-de-destaque-1.jpg","keywords":["Exhibition"],"articleSection":["News"],"inLanguage":"en-US"},{"@type":"WebPage","@id":"https:\/\/ciac.pt\/en\/news\/xanas-exhibition-rua-projectada-a-rua-do-ouvidor-on-display-at-casa-atelier-vieira-da-silva\/","url":"https:\/\/ciac.pt\/en\/news\/xanas-exhibition-rua-projectada-a-rua-do-ouvidor-on-display-at-casa-atelier-vieira-da-silva\/","name":"Xana's exhibition \"Rua Projectada \u00e0 Rua do Ouvidor\" on display at Casa-Atelier Vieira da Silva - CIAC","isPartOf":{"@id":"https:\/\/ciac.pt\/en\/#website"},"primaryImageOfPage":{"@id":"https:\/\/ciac.pt\/en\/news\/xanas-exhibition-rua-projectada-a-rua-do-ouvidor-on-display-at-casa-atelier-vieira-da-silva\/#primaryimage"},"image":{"@id":"https:\/\/ciac.pt\/en\/news\/xanas-exhibition-rua-projectada-a-rua-do-ouvidor-on-display-at-casa-atelier-vieira-da-silva\/#primaryimage"},"thumbnailUrl":"https:\/\/ciac.pt\/wp-content\/uploads\/2024\/03\/exposicao-xana_imagem-de-destaque-1.jpg","datePublished":"2024-03-14T10:59:28+00:00","dateModified":"2024-05-29T19:47:08+00:00","breadcrumb":{"@id":"https:\/\/ciac.pt\/en\/news\/xanas-exhibition-rua-projectada-a-rua-do-ouvidor-on-display-at-casa-atelier-vieira-da-silva\/#breadcrumb"},"inLanguage":"en-US","potentialAction":[{"@type":"ReadAction","target":["https:\/\/ciac.pt\/en\/news\/xanas-exhibition-rua-projectada-a-rua-do-ouvidor-on-display-at-casa-atelier-vieira-da-silva\/"]}]},{"@type":"ImageObject","inLanguage":"en-US","@id":"https:\/\/ciac.pt\/en\/news\/xanas-exhibition-rua-projectada-a-rua-do-ouvidor-on-display-at-casa-atelier-vieira-da-silva\/#primaryimage","url":"https:\/\/ciac.pt\/wp-content\/uploads\/2024\/03\/exposicao-xana_imagem-de-destaque-1.jpg","contentUrl":"https:\/\/ciac.pt\/wp-content\/uploads\/2024\/03\/exposicao-xana_imagem-de-destaque-1.jpg","width":1620,"height":1215},{"@type":"BreadcrumbList","@id":"https:\/\/ciac.pt\/en\/news\/xanas-exhibition-rua-projectada-a-rua-do-ouvidor-on-display-at-casa-atelier-vieira-da-silva\/#breadcrumb","itemListElement":[{"@type":"ListItem","position":1,"name":"In\u00edcio","item":"https:\/\/ciac.pt\/en\/"},{"@type":"ListItem","position":2,"name":"Xana&#8217;s exhibition &#8220;Rua Projectada \u00e0 Rua do Ouvidor&#8221; on display at Casa-Atelier Vieira da Silva"}]},{"@type":"WebSite","@id":"https:\/\/ciac.pt\/en\/#website","url":"https:\/\/ciac.pt\/en\/","name":"CIAC","description":"Centro de Investiga\u00e7\u00e3o em Artes e Comunica\u00e7\u00e3o","publisher":{"@id":"https:\/\/ciac.pt\/en\/#organization"},"potentialAction":[{"@type":"SearchAction","target":{"@type":"EntryPoint","urlTemplate":"https:\/\/ciac.pt\/en\/?s={search_term_string}"},"query-input":{"@type":"PropertyValueSpecification","valueRequired":true,"valueName":"search_term_string"}}],"inLanguage":"en-US"},{"@type":"Organization","@id":"https:\/\/ciac.pt\/en\/#organization","name":"CIAC","url":"https:\/\/ciac.pt\/en\/","logo":{"@type":"ImageObject","inLanguage":"en-US","@id":"https:\/\/ciac.pt\/en\/#\/schema\/logo\/image\/","url":"https:\/\/ciac.pt\/wp-content\/uploads\/2022\/06\/logo.svg","contentUrl":"https:\/\/ciac.pt\/wp-content\/uploads\/2022\/06\/logo.svg","width":184,"height":51,"caption":"CIAC"},"image":{"@id":"https:\/\/ciac.pt\/en\/#\/schema\/logo\/image\/"}},{"@type":"Person","@id":"https:\/\/ciac.pt\/en\/#\/schema\/person\/3def46b976d3f4c0cdcf7c417cb570be","name":"editor1","image":{"@type":"ImageObject","inLanguage":"en-US","@id":"https:\/\/secure.gravatar.com\/avatar\/4d8eb3157f61df03731fd8bf031b56d1d9241759e8f8c07d4d7e51d2f858c821?s=96&d=mm&r=g","url":"https:\/\/secure.gravatar.com\/avatar\/4d8eb3157f61df03731fd8bf031b56d1d9241759e8f8c07d4d7e51d2f858c821?s=96&d=mm&r=g","contentUrl":"https:\/\/secure.gravatar.com\/avatar\/4d8eb3157f61df03731fd8bf031b56d1d9241759e8f8c07d4d7e51d2f858c821?s=96&d=mm&r=g","caption":"editor1"},"url":"https:\/\/ciac.pt\/en\/author\/editor1\/"}]}},"author_meta":{"display_name":"editor1","author_link":"https:\/\/ciac.pt\/en\/author\/editor1\/"},"featured_img":"https:\/\/ciac.pt\/wp-content\/uploads\/2024\/03\/exposicao-xana_imagem-de-destaque-1-300x225.jpg","coauthors":[],"tax_additional":{"categories":{"linked":["<a href=\"https:\/\/ciac.pt\/en\/.\/news\/\" class=\"advgb-post-tax-term\">News<\/a>"],"unlinked":["<span class=\"advgb-post-tax-term\">News<\/span>"]},"tags":{"linked":["<a href=\"https:\/\/ciac.pt\/en\/.\/news\/\" class=\"advgb-post-tax-term\">Exhibition<\/a>"],"unlinked":["<span class=\"advgb-post-tax-term\">Exhibition<\/span>"]}},"comment_count":0,"relative_dates":{"created":"Posted 2 years ago","modified":"Updated 2 years ago"},"absolute_dates":{"created":"Posted on 14\/03\/2024","modified":"Updated on 29\/05\/2024"},"absolute_dates_time":{"created":"Posted on 14\/03\/2024 10:59","modified":"Updated on 29\/05\/2024 20:47"},"featured_img_caption":"","series_order":"","_links":{"self":[{"href":"https:\/\/ciac.pt\/en\/wp-json\/wp\/v2\/posts\/5150","targetHints":{"allow":["GET"]}}],"collection":[{"href":"https:\/\/ciac.pt\/en\/wp-json\/wp\/v2\/posts"}],"about":[{"href":"https:\/\/ciac.pt\/en\/wp-json\/wp\/v2\/types\/post"}],"author":[{"embeddable":true,"href":"https:\/\/ciac.pt\/en\/wp-json\/wp\/v2\/users\/3"}],"replies":[{"embeddable":true,"href":"https:\/\/ciac.pt\/en\/wp-json\/wp\/v2\/comments?post=5150"}],"version-history":[{"count":4,"href":"https:\/\/ciac.pt\/en\/wp-json\/wp\/v2\/posts\/5150\/revisions"}],"predecessor-version":[{"id":7206,"href":"https:\/\/ciac.pt\/en\/wp-json\/wp\/v2\/posts\/5150\/revisions\/7206"}],"wp:featuredmedia":[{"embeddable":true,"href":"https:\/\/ciac.pt\/en\/wp-json\/wp\/v2\/media\/5156"}],"wp:attachment":[{"href":"https:\/\/ciac.pt\/en\/wp-json\/wp\/v2\/media?parent=5150"}],"wp:term":[{"taxonomy":"category","embeddable":true,"href":"https:\/\/ciac.pt\/en\/wp-json\/wp\/v2\/categories?post=5150"},{"taxonomy":"post_tag","embeddable":true,"href":"https:\/\/ciac.pt\/en\/wp-json\/wp\/v2\/tags?post=5150"}],"curies":[{"name":"wp","href":"https:\/\/api.w.org\/{rel}","templated":true}]}}