{"id":5969,"date":"2024-04-04T10:53:37","date_gmt":"2024-04-04T09:53:37","guid":{"rendered":"https:\/\/ciac.pt\/?p=5969"},"modified":"2024-04-04T11:32:34","modified_gmt":"2024-04-04T10:32:34","slug":"presentation-of-the-texts-and-studies-collection-by-the-center-for-galician-studies-in-santiago-de-compostela","status":"publish","type":"post","link":"https:\/\/ciac.pt\/en\/news\/presentation-of-the-texts-and-studies-collection-by-the-center-for-galician-studies-in-santiago-de-compostela\/","title":{"rendered":"Presentation of the Texts and Studies Collection by the Center for Galician Studies in Santiago de Compostela"},"content":{"rendered":"\n<div class=\"wp-block-group alignwide\"><div class=\"wp-block-group__inner-container is-layout-constrained wp-block-group-is-layout-constrained\">\n\n\n\n\n<figure class=\"wp-block-image size-large is-resized\"><img decoding=\"async\" width=\"724\" height=\"1024\" data-src=\"https:\/\/ciac.pt\/wp-content\/uploads\/2024\/04\/Cartaz-Livro-do-CEG-Web-724x1024.jpg\" alt=\"\" class=\"wp-image-5965 lazyload\" style=\"--smush-placeholder-width: 724px; --smush-placeholder-aspect-ratio: 724\/1024;width:auto;height:300px\" data-srcset=\"https:\/\/ciac.pt\/wp-content\/uploads\/2024\/04\/Cartaz-Livro-do-CEG-Web-724x1024.jpg 724w, https:\/\/ciac.pt\/wp-content\/uploads\/2024\/04\/Cartaz-Livro-do-CEG-Web-212x300.jpg 212w, https:\/\/ciac.pt\/wp-content\/uploads\/2024\/04\/Cartaz-Livro-do-CEG-Web-768x1086.jpg 768w, https:\/\/ciac.pt\/wp-content\/uploads\/2024\/04\/Cartaz-Livro-do-CEG-Web-1086x1536.jpg 1086w, https:\/\/ciac.pt\/wp-content\/uploads\/2024\/04\/Cartaz-Livro-do-CEG-Web-1448x2048.jpg 1448w, https:\/\/ciac.pt\/wp-content\/uploads\/2024\/04\/Cartaz-Livro-do-CEG-Web.jpg 1754w\" data-sizes=\"(max-width: 724px) 100vw, 724px\" src=\"data:image\/svg+xml;base64,PHN2ZyB3aWR0aD0iMSIgaGVpZ2h0PSIxIiB4bWxucz0iaHR0cDovL3d3dy53My5vcmcvMjAwMC9zdmciPjwvc3ZnPg==\" \/><\/figure>\n\n\n<h1 class=\"wp-block-post-title\">Presentation of the Texts and Studies Collection by the Center for Galician Studies in Santiago de Compostela<\/h1>\n\n<div class=\"wp-block-post-date has-text-color has-cyan-bluish-gray-color\"><time datetime=\"2024-04-04T10:53:37+01:00\">04\/04\/2024<\/time><\/div>\n\n\n<hr class=\"wp-block-separator has-text-color has-white-color has-alpha-channel-opacity has-white-background-color has-background\"\/>\n\n\n\n<p>On the upcoming Friday, April 5th, at 11AM, Santiago de Compostela will host the presentation of two volumes edited in the Texts and Studies collection, under the sponsorship of the Center for Galician Studies (CEG-CIAC).<\/p>\n\n\n\n<p>Entitled &#8220;Cultural Appropriation and Historical Counter-discourse: The Arthurian Matter in Galician Literature,&#8221; the presentation will feature the presence of renowned professors Pere Alfonso Ferr\u00e9 da Ponte and Mar\u00eda Jes\u00fas Botana Vilar, directors of the collection inaugurated in 2017 and also supported by the General Secretariat of Linguistic Policy of the Xunta de Galicia.<\/p>\n\n\n\n<p>The volumes to be presented next Friday were edited by Mar\u00eda Jes\u00fas Botana Vilar and Claudia Mari\u00f1o G\u00f3mez, with layout and editorial design by Juan Manuel Escribano Loza. The first volume was released in 2022, followed by the second volume in 2023.<\/p>\n\n\n\n<p>Designed to disseminate fundamental themes and works of Galician culture, both in Portugal and abroad, the main objective of this collection of monographs is to reinforce the cultural presence of Galicia, both among academics and the general public. Thus, these and future works will attempt to complement areas such as literature, history, visual arts, thought, and anything that can disseminate, through texts from the past or present, the culture of Galicia.<\/p>\n\n\n\n<p>More information about the collection can be found <a href=\"https:\/\/ciac.pt\/publicacoes\/centro-de-estudos-galegos\/\" data-type=\"link\" data-id=\"https:\/\/ciac.pt\/publicacoes\/centro-de-estudos-galegos\/\">here<\/a>.<br>Link for online transmission (<a href=\"https:\/\/bit.ly\/3PI9Sy9\">here<\/a>).<\/p>\n\n\n\n<hr class=\"wp-block-separator alignwide has-alpha-channel-opacity is-style-wide separador-mais-info\"\/>\n\n\n\n<p><\/p>\n<\/div><\/div>\n","protected":false},"excerpt":{"rendered":"<p>On the upcoming Friday, April 5th, at 11AM, Santiago de Compostela will<\/p>\n","protected":false},"author":3,"featured_media":5975,"comment_status":"closed","ping_status":"closed","sticky":false,"template":"","format":"standard","meta":{"_eb_attr":"","inline_featured_image":false,"advgb_blocks_editor_width":"","advgb_blocks_columns_visual_guide":"","footnotes":"","_links_to":"","_links_to_target":""},"categories":[61],"tags":[128],"class_list":["post-5969","post","type-post","status-publish","format-standard","has-post-thumbnail","hentry","category-news","tag-event"],"yoast_head":"<!-- This site is optimized with the Yoast SEO plugin v27.4 - https:\/\/yoast.com\/product\/yoast-seo-wordpress\/ -->\n<title>Presentation of the Texts and Studies Collection by the Center for Galician Studies in Santiago de Compostela - CIAC<\/title>\n<meta name=\"robots\" content=\"index, follow, max-snippet:-1, max-image-preview:large, max-video-preview:-1\" \/>\n<link rel=\"canonical\" href=\"https:\/\/ciac.pt\/en\/news\/presentation-of-the-texts-and-studies-collection-by-the-center-for-galician-studies-in-santiago-de-compostela\/\" \/>\n<meta property=\"og:locale\" content=\"en_US\" \/>\n<meta property=\"og:type\" content=\"article\" \/>\n<meta property=\"og:title\" content=\"Presentation of the Texts and Studies Collection by the Center for Galician Studies in Santiago de Compostela - CIAC\" \/>\n<meta property=\"og:description\" content=\"On the upcoming Friday, April 5th, at 11AM, Santiago de Compostela will\" \/>\n<meta property=\"og:url\" content=\"https:\/\/ciac.pt\/en\/news\/presentation-of-the-texts-and-studies-collection-by-the-center-for-galician-studies-in-santiago-de-compostela\/\" \/>\n<meta property=\"og:site_name\" content=\"CIAC\" \/>\n<meta property=\"article:published_time\" content=\"2024-04-04T09:53:37+00:00\" \/>\n<meta property=\"article:modified_time\" content=\"2024-04-04T10:32:34+00:00\" \/>\n<meta property=\"og:image\" content=\"https:\/\/ciac.pt\/wp-content\/uploads\/2024\/04\/apresentacao-textos-e-estudos.jpg\" \/>\n\t<meta property=\"og:image:width\" content=\"1620\" \/>\n\t<meta property=\"og:image:height\" content=\"1215\" \/>\n\t<meta property=\"og:image:type\" content=\"image\/jpeg\" \/>\n<meta name=\"author\" content=\"editor1\" \/>\n<meta name=\"twitter:card\" content=\"summary_large_image\" \/>\n<meta name=\"twitter:label1\" content=\"Written by\" \/>\n\t<meta name=\"twitter:data1\" content=\"editor1\" \/>\n\t<meta name=\"twitter:label2\" content=\"Est. reading time\" \/>\n\t<meta name=\"twitter:data2\" content=\"1 minute\" \/>\n<script type=\"application\/ld+json\" class=\"yoast-schema-graph\">{\"@context\":\"https:\\\/\\\/schema.org\",\"@graph\":[{\"@type\":\"Article\",\"@id\":\"https:\\\/\\\/ciac.pt\\\/en\\\/news\\\/presentation-of-the-texts-and-studies-collection-by-the-center-for-galician-studies-in-santiago-de-compostela\\\/#article\",\"isPartOf\":{\"@id\":\"https:\\\/\\\/ciac.pt\\\/en\\\/news\\\/presentation-of-the-texts-and-studies-collection-by-the-center-for-galician-studies-in-santiago-de-compostela\\\/\"},\"author\":{\"name\":\"editor1\",\"@id\":\"https:\\\/\\\/ciac.pt\\\/en\\\/#\\\/schema\\\/person\\\/3def46b976d3f4c0cdcf7c417cb570be\"},\"headline\":\"Presentation of the Texts and Studies Collection by the Center for Galician Studies in Santiago de Compostela\",\"datePublished\":\"2024-04-04T09:53:37+00:00\",\"dateModified\":\"2024-04-04T10:32:34+00:00\",\"mainEntityOfPage\":{\"@id\":\"https:\\\/\\\/ciac.pt\\\/en\\\/news\\\/presentation-of-the-texts-and-studies-collection-by-the-center-for-galician-studies-in-santiago-de-compostela\\\/\"},\"wordCount\":238,\"publisher\":{\"@id\":\"https:\\\/\\\/ciac.pt\\\/en\\\/#organization\"},\"image\":{\"@id\":\"https:\\\/\\\/ciac.pt\\\/en\\\/news\\\/presentation-of-the-texts-and-studies-collection-by-the-center-for-galician-studies-in-santiago-de-compostela\\\/#primaryimage\"},\"thumbnailUrl\":\"https:\\\/\\\/ciac.pt\\\/wp-content\\\/uploads\\\/2024\\\/04\\\/apresentacao-textos-e-estudos.jpg\",\"keywords\":[\"Event\"],\"articleSection\":[\"News\"],\"inLanguage\":\"en-US\"},{\"@type\":\"WebPage\",\"@id\":\"https:\\\/\\\/ciac.pt\\\/en\\\/news\\\/presentation-of-the-texts-and-studies-collection-by-the-center-for-galician-studies-in-santiago-de-compostela\\\/\",\"url\":\"https:\\\/\\\/ciac.pt\\\/en\\\/news\\\/presentation-of-the-texts-and-studies-collection-by-the-center-for-galician-studies-in-santiago-de-compostela\\\/\",\"name\":\"Presentation of the Texts and Studies Collection by the Center for Galician Studies in Santiago de Compostela - CIAC\",\"isPartOf\":{\"@id\":\"https:\\\/\\\/ciac.pt\\\/en\\\/#website\"},\"primaryImageOfPage\":{\"@id\":\"https:\\\/\\\/ciac.pt\\\/en\\\/news\\\/presentation-of-the-texts-and-studies-collection-by-the-center-for-galician-studies-in-santiago-de-compostela\\\/#primaryimage\"},\"image\":{\"@id\":\"https:\\\/\\\/ciac.pt\\\/en\\\/news\\\/presentation-of-the-texts-and-studies-collection-by-the-center-for-galician-studies-in-santiago-de-compostela\\\/#primaryimage\"},\"thumbnailUrl\":\"https:\\\/\\\/ciac.pt\\\/wp-content\\\/uploads\\\/2024\\\/04\\\/apresentacao-textos-e-estudos.jpg\",\"datePublished\":\"2024-04-04T09:53:37+00:00\",\"dateModified\":\"2024-04-04T10:32:34+00:00\",\"breadcrumb\":{\"@id\":\"https:\\\/\\\/ciac.pt\\\/en\\\/news\\\/presentation-of-the-texts-and-studies-collection-by-the-center-for-galician-studies-in-santiago-de-compostela\\\/#breadcrumb\"},\"inLanguage\":\"en-US\",\"potentialAction\":[{\"@type\":\"ReadAction\",\"target\":[\"https:\\\/\\\/ciac.pt\\\/en\\\/news\\\/presentation-of-the-texts-and-studies-collection-by-the-center-for-galician-studies-in-santiago-de-compostela\\\/\"]}]},{\"@type\":\"ImageObject\",\"inLanguage\":\"en-US\",\"@id\":\"https:\\\/\\\/ciac.pt\\\/en\\\/news\\\/presentation-of-the-texts-and-studies-collection-by-the-center-for-galician-studies-in-santiago-de-compostela\\\/#primaryimage\",\"url\":\"https:\\\/\\\/ciac.pt\\\/wp-content\\\/uploads\\\/2024\\\/04\\\/apresentacao-textos-e-estudos.jpg\",\"contentUrl\":\"https:\\\/\\\/ciac.pt\\\/wp-content\\\/uploads\\\/2024\\\/04\\\/apresentacao-textos-e-estudos.jpg\",\"width\":1620,\"height\":1215},{\"@type\":\"BreadcrumbList\",\"@id\":\"https:\\\/\\\/ciac.pt\\\/en\\\/news\\\/presentation-of-the-texts-and-studies-collection-by-the-center-for-galician-studies-in-santiago-de-compostela\\\/#breadcrumb\",\"itemListElement\":[{\"@type\":\"ListItem\",\"position\":1,\"name\":\"In\u00edcio\",\"item\":\"https:\\\/\\\/ciac.pt\\\/en\\\/\"},{\"@type\":\"ListItem\",\"position\":2,\"name\":\"Presentation of the Texts and Studies Collection by the Center for Galician Studies in Santiago de Compostela\"}]},{\"@type\":\"WebSite\",\"@id\":\"https:\\\/\\\/ciac.pt\\\/en\\\/#website\",\"url\":\"https:\\\/\\\/ciac.pt\\\/en\\\/\",\"name\":\"CIAC\",\"description\":\"Centro de Investiga\u00e7\u00e3o em Artes e Comunica\u00e7\u00e3o\",\"publisher\":{\"@id\":\"https:\\\/\\\/ciac.pt\\\/en\\\/#organization\"},\"potentialAction\":[{\"@type\":\"SearchAction\",\"target\":{\"@type\":\"EntryPoint\",\"urlTemplate\":\"https:\\\/\\\/ciac.pt\\\/en\\\/?s={search_term_string}\"},\"query-input\":{\"@type\":\"PropertyValueSpecification\",\"valueRequired\":true,\"valueName\":\"search_term_string\"}}],\"inLanguage\":\"en-US\"},{\"@type\":\"Organization\",\"@id\":\"https:\\\/\\\/ciac.pt\\\/en\\\/#organization\",\"name\":\"CIAC\",\"url\":\"https:\\\/\\\/ciac.pt\\\/en\\\/\",\"logo\":{\"@type\":\"ImageObject\",\"inLanguage\":\"en-US\",\"@id\":\"https:\\\/\\\/ciac.pt\\\/en\\\/#\\\/schema\\\/logo\\\/image\\\/\",\"url\":\"https:\\\/\\\/ciac.pt\\\/wp-content\\\/uploads\\\/2022\\\/06\\\/logo.svg\",\"contentUrl\":\"https:\\\/\\\/ciac.pt\\\/wp-content\\\/uploads\\\/2022\\\/06\\\/logo.svg\",\"width\":184,\"height\":51,\"caption\":\"CIAC\"},\"image\":{\"@id\":\"https:\\\/\\\/ciac.pt\\\/en\\\/#\\\/schema\\\/logo\\\/image\\\/\"}},{\"@type\":\"Person\",\"@id\":\"https:\\\/\\\/ciac.pt\\\/en\\\/#\\\/schema\\\/person\\\/3def46b976d3f4c0cdcf7c417cb570be\",\"name\":\"editor1\",\"image\":{\"@type\":\"ImageObject\",\"inLanguage\":\"en-US\",\"@id\":\"https:\\\/\\\/secure.gravatar.com\\\/avatar\\\/4d8eb3157f61df03731fd8bf031b56d1d9241759e8f8c07d4d7e51d2f858c821?s=96&d=mm&r=g\",\"url\":\"https:\\\/\\\/secure.gravatar.com\\\/avatar\\\/4d8eb3157f61df03731fd8bf031b56d1d9241759e8f8c07d4d7e51d2f858c821?s=96&d=mm&r=g\",\"contentUrl\":\"https:\\\/\\\/secure.gravatar.com\\\/avatar\\\/4d8eb3157f61df03731fd8bf031b56d1d9241759e8f8c07d4d7e51d2f858c821?s=96&d=mm&r=g\",\"caption\":\"editor1\"},\"url\":\"https:\\\/\\\/ciac.pt\\\/en\\\/author\\\/editor1\\\/\"}]}<\/script>\n<!-- \/ Yoast SEO plugin. -->","yoast_head_json":{"title":"Presentation of the Texts and Studies Collection by the Center for Galician Studies in Santiago de Compostela - CIAC","robots":{"index":"index","follow":"follow","max-snippet":"max-snippet:-1","max-image-preview":"max-image-preview:large","max-video-preview":"max-video-preview:-1"},"canonical":"https:\/\/ciac.pt\/en\/news\/presentation-of-the-texts-and-studies-collection-by-the-center-for-galician-studies-in-santiago-de-compostela\/","og_locale":"en_US","og_type":"article","og_title":"Presentation of the Texts and Studies Collection by the Center for Galician Studies in Santiago de Compostela - CIAC","og_description":"On the upcoming Friday, April 5th, at 11AM, Santiago de Compostela will","og_url":"https:\/\/ciac.pt\/en\/news\/presentation-of-the-texts-and-studies-collection-by-the-center-for-galician-studies-in-santiago-de-compostela\/","og_site_name":"CIAC","article_published_time":"2024-04-04T09:53:37+00:00","article_modified_time":"2024-04-04T10:32:34+00:00","og_image":[{"width":1620,"height":1215,"url":"https:\/\/ciac.pt\/wp-content\/uploads\/2024\/04\/apresentacao-textos-e-estudos.jpg","type":"image\/jpeg"}],"author":"editor1","twitter_card":"summary_large_image","twitter_misc":{"Written by":"editor1","Est. reading time":"1 minute"},"schema":{"@context":"https:\/\/schema.org","@graph":[{"@type":"Article","@id":"https:\/\/ciac.pt\/en\/news\/presentation-of-the-texts-and-studies-collection-by-the-center-for-galician-studies-in-santiago-de-compostela\/#article","isPartOf":{"@id":"https:\/\/ciac.pt\/en\/news\/presentation-of-the-texts-and-studies-collection-by-the-center-for-galician-studies-in-santiago-de-compostela\/"},"author":{"name":"editor1","@id":"https:\/\/ciac.pt\/en\/#\/schema\/person\/3def46b976d3f4c0cdcf7c417cb570be"},"headline":"Presentation of the Texts and Studies Collection by the Center for Galician Studies in Santiago de Compostela","datePublished":"2024-04-04T09:53:37+00:00","dateModified":"2024-04-04T10:32:34+00:00","mainEntityOfPage":{"@id":"https:\/\/ciac.pt\/en\/news\/presentation-of-the-texts-and-studies-collection-by-the-center-for-galician-studies-in-santiago-de-compostela\/"},"wordCount":238,"publisher":{"@id":"https:\/\/ciac.pt\/en\/#organization"},"image":{"@id":"https:\/\/ciac.pt\/en\/news\/presentation-of-the-texts-and-studies-collection-by-the-center-for-galician-studies-in-santiago-de-compostela\/#primaryimage"},"thumbnailUrl":"https:\/\/ciac.pt\/wp-content\/uploads\/2024\/04\/apresentacao-textos-e-estudos.jpg","keywords":["Event"],"articleSection":["News"],"inLanguage":"en-US"},{"@type":"WebPage","@id":"https:\/\/ciac.pt\/en\/news\/presentation-of-the-texts-and-studies-collection-by-the-center-for-galician-studies-in-santiago-de-compostela\/","url":"https:\/\/ciac.pt\/en\/news\/presentation-of-the-texts-and-studies-collection-by-the-center-for-galician-studies-in-santiago-de-compostela\/","name":"Presentation of the Texts and Studies Collection by the Center for Galician Studies in Santiago de Compostela - CIAC","isPartOf":{"@id":"https:\/\/ciac.pt\/en\/#website"},"primaryImageOfPage":{"@id":"https:\/\/ciac.pt\/en\/news\/presentation-of-the-texts-and-studies-collection-by-the-center-for-galician-studies-in-santiago-de-compostela\/#primaryimage"},"image":{"@id":"https:\/\/ciac.pt\/en\/news\/presentation-of-the-texts-and-studies-collection-by-the-center-for-galician-studies-in-santiago-de-compostela\/#primaryimage"},"thumbnailUrl":"https:\/\/ciac.pt\/wp-content\/uploads\/2024\/04\/apresentacao-textos-e-estudos.jpg","datePublished":"2024-04-04T09:53:37+00:00","dateModified":"2024-04-04T10:32:34+00:00","breadcrumb":{"@id":"https:\/\/ciac.pt\/en\/news\/presentation-of-the-texts-and-studies-collection-by-the-center-for-galician-studies-in-santiago-de-compostela\/#breadcrumb"},"inLanguage":"en-US","potentialAction":[{"@type":"ReadAction","target":["https:\/\/ciac.pt\/en\/news\/presentation-of-the-texts-and-studies-collection-by-the-center-for-galician-studies-in-santiago-de-compostela\/"]}]},{"@type":"ImageObject","inLanguage":"en-US","@id":"https:\/\/ciac.pt\/en\/news\/presentation-of-the-texts-and-studies-collection-by-the-center-for-galician-studies-in-santiago-de-compostela\/#primaryimage","url":"https:\/\/ciac.pt\/wp-content\/uploads\/2024\/04\/apresentacao-textos-e-estudos.jpg","contentUrl":"https:\/\/ciac.pt\/wp-content\/uploads\/2024\/04\/apresentacao-textos-e-estudos.jpg","width":1620,"height":1215},{"@type":"BreadcrumbList","@id":"https:\/\/ciac.pt\/en\/news\/presentation-of-the-texts-and-studies-collection-by-the-center-for-galician-studies-in-santiago-de-compostela\/#breadcrumb","itemListElement":[{"@type":"ListItem","position":1,"name":"In\u00edcio","item":"https:\/\/ciac.pt\/en\/"},{"@type":"ListItem","position":2,"name":"Presentation of the Texts and Studies Collection by the Center for Galician Studies in Santiago de Compostela"}]},{"@type":"WebSite","@id":"https:\/\/ciac.pt\/en\/#website","url":"https:\/\/ciac.pt\/en\/","name":"CIAC","description":"Centro de Investiga\u00e7\u00e3o em Artes e Comunica\u00e7\u00e3o","publisher":{"@id":"https:\/\/ciac.pt\/en\/#organization"},"potentialAction":[{"@type":"SearchAction","target":{"@type":"EntryPoint","urlTemplate":"https:\/\/ciac.pt\/en\/?s={search_term_string}"},"query-input":{"@type":"PropertyValueSpecification","valueRequired":true,"valueName":"search_term_string"}}],"inLanguage":"en-US"},{"@type":"Organization","@id":"https:\/\/ciac.pt\/en\/#organization","name":"CIAC","url":"https:\/\/ciac.pt\/en\/","logo":{"@type":"ImageObject","inLanguage":"en-US","@id":"https:\/\/ciac.pt\/en\/#\/schema\/logo\/image\/","url":"https:\/\/ciac.pt\/wp-content\/uploads\/2022\/06\/logo.svg","contentUrl":"https:\/\/ciac.pt\/wp-content\/uploads\/2022\/06\/logo.svg","width":184,"height":51,"caption":"CIAC"},"image":{"@id":"https:\/\/ciac.pt\/en\/#\/schema\/logo\/image\/"}},{"@type":"Person","@id":"https:\/\/ciac.pt\/en\/#\/schema\/person\/3def46b976d3f4c0cdcf7c417cb570be","name":"editor1","image":{"@type":"ImageObject","inLanguage":"en-US","@id":"https:\/\/secure.gravatar.com\/avatar\/4d8eb3157f61df03731fd8bf031b56d1d9241759e8f8c07d4d7e51d2f858c821?s=96&d=mm&r=g","url":"https:\/\/secure.gravatar.com\/avatar\/4d8eb3157f61df03731fd8bf031b56d1d9241759e8f8c07d4d7e51d2f858c821?s=96&d=mm&r=g","contentUrl":"https:\/\/secure.gravatar.com\/avatar\/4d8eb3157f61df03731fd8bf031b56d1d9241759e8f8c07d4d7e51d2f858c821?s=96&d=mm&r=g","caption":"editor1"},"url":"https:\/\/ciac.pt\/en\/author\/editor1\/"}]}},"author_meta":{"display_name":"editor1","author_link":"https:\/\/ciac.pt\/en\/author\/editor1\/"},"featured_img":"https:\/\/ciac.pt\/wp-content\/uploads\/2024\/04\/apresentacao-textos-e-estudos-300x225.jpg","coauthors":[],"tax_additional":{"categories":{"linked":["<a href=\"https:\/\/ciac.pt\/en\/.\/news\/\" class=\"advgb-post-tax-term\">News<\/a>"],"unlinked":["<span class=\"advgb-post-tax-term\">News<\/span>"]},"tags":{"linked":["<a href=\"https:\/\/ciac.pt\/en\/.\/news\/\" class=\"advgb-post-tax-term\">Event<\/a>"],"unlinked":["<span class=\"advgb-post-tax-term\">Event<\/span>"]}},"comment_count":0,"relative_dates":{"created":"Posted 2 years ago","modified":"Updated 2 years ago"},"absolute_dates":{"created":"Posted on 04\/04\/2024","modified":"Updated on 04\/04\/2024"},"absolute_dates_time":{"created":"Posted on 04\/04\/2024 10:53","modified":"Updated on 04\/04\/2024 11:32"},"featured_img_caption":"","series_order":"","_links":{"self":[{"href":"https:\/\/ciac.pt\/en\/wp-json\/wp\/v2\/posts\/5969","targetHints":{"allow":["GET"]}}],"collection":[{"href":"https:\/\/ciac.pt\/en\/wp-json\/wp\/v2\/posts"}],"about":[{"href":"https:\/\/ciac.pt\/en\/wp-json\/wp\/v2\/types\/post"}],"author":[{"embeddable":true,"href":"https:\/\/ciac.pt\/en\/wp-json\/wp\/v2\/users\/3"}],"replies":[{"embeddable":true,"href":"https:\/\/ciac.pt\/en\/wp-json\/wp\/v2\/comments?post=5969"}],"version-history":[{"count":6,"href":"https:\/\/ciac.pt\/en\/wp-json\/wp\/v2\/posts\/5969\/revisions"}],"predecessor-version":[{"id":6011,"href":"https:\/\/ciac.pt\/en\/wp-json\/wp\/v2\/posts\/5969\/revisions\/6011"}],"wp:featuredmedia":[{"embeddable":true,"href":"https:\/\/ciac.pt\/en\/wp-json\/wp\/v2\/media\/5975"}],"wp:attachment":[{"href":"https:\/\/ciac.pt\/en\/wp-json\/wp\/v2\/media?parent=5969"}],"wp:term":[{"taxonomy":"category","embeddable":true,"href":"https:\/\/ciac.pt\/en\/wp-json\/wp\/v2\/categories?post=5969"},{"taxonomy":"post_tag","embeddable":true,"href":"https:\/\/ciac.pt\/en\/wp-json\/wp\/v2\/tags?post=5969"}],"curies":[{"name":"wp","href":"https:\/\/api.w.org\/{rel}","templated":true}]}}