{"id":6162,"date":"2024-04-19T15:46:19","date_gmt":"2024-04-19T14:46:19","guid":{"rendered":"https:\/\/ciac.pt\/?p=6162"},"modified":"2024-05-29T21:03:29","modified_gmt":"2024-05-29T20:03:29","slug":"ciac-and-the-visual-arts-course-organize-a-tribute-to-rui-sanches","status":"publish","type":"post","link":"https:\/\/ciac.pt\/en\/news\/ciac-and-the-visual-arts-course-organize-a-tribute-to-rui-sanches\/","title":{"rendered":"CIAC and the Visual Arts Course organize a tribute to Rui Sanches"},"content":{"rendered":"\n<div class=\"wp-block-group alignwide\"><div class=\"wp-block-group__inner-container is-layout-constrained wp-block-group-is-layout-constrained\">\n\n\n\n\n<figure class=\"wp-block-image size-large is-resized\"><a href=\"https:\/\/ciac.pt\/wp-content\/uploads\/2024\/04\/CartazWEB_EXPO_TREM_RuiSanches-725x1024.jpg\"><img decoding=\"async\" width=\"725\" height=\"1024\" data-src=\"https:\/\/ciac.pt\/wp-content\/uploads\/2024\/04\/CartazWEB_EXPO_TREM_RuiSanches-725x1024.jpg\" alt=\"\" class=\"wp-image-6149 lazyload\" style=\"--smush-placeholder-width: 725px; --smush-placeholder-aspect-ratio: 725\/1024;width:auto;height:300px\" data-srcset=\"https:\/\/ciac.pt\/wp-content\/uploads\/2024\/04\/CartazWEB_EXPO_TREM_RuiSanches-725x1024.jpg 725w, https:\/\/ciac.pt\/wp-content\/uploads\/2024\/04\/CartazWEB_EXPO_TREM_RuiSanches-212x300.jpg 212w, https:\/\/ciac.pt\/wp-content\/uploads\/2024\/04\/CartazWEB_EXPO_TREM_RuiSanches-768x1085.jpg 768w, https:\/\/ciac.pt\/wp-content\/uploads\/2024\/04\/CartazWEB_EXPO_TREM_RuiSanches-1087x1536.jpg 1087w, https:\/\/ciac.pt\/wp-content\/uploads\/2024\/04\/CartazWEB_EXPO_TREM_RuiSanches.jpg 1124w\" data-sizes=\"(max-width: 725px) 100vw, 725px\" src=\"data:image\/svg+xml;base64,PHN2ZyB3aWR0aD0iMSIgaGVpZ2h0PSIxIiB4bWxucz0iaHR0cDovL3d3dy53My5vcmcvMjAwMC9zdmciPjwvc3ZnPg==\" \/><\/a><\/figure>\n\n\n<h1 class=\"wp-block-post-title\">CIAC and the Visual Arts Course organize a tribute to Rui Sanches<\/h1>\n\n<div class=\"wp-block-post-date has-text-color has-cyan-bluish-gray-color\"><time datetime=\"2024-04-19T15:46:19+01:00\">19\/04\/2024<\/time><\/div>\n\n\n<hr class=\"wp-block-separator has-text-color has-white-color has-alpha-channel-opacity has-white-background-color has-background\"\/>\n\n\n\n<p>The Visual Arts Course, in collaboration with CIAC, is organizing a tribute to Professor Rui Sanches on April 24th. Therefore, next Wednesday, between 2:30 pm and 4:00 pm, Rui Sanches will give an open lecture aimed at the entire University of Algarve community, with special emphasis on the Visual Arts area.<\/p>\n\n\n\n<p>The conference will take place in auditorium 0.4 of the Pedagogical Complex at the Penha Campus, followed by a Port wine reception. Also on this day, at the Municipal Trem Gallery Trem &#8211; Manuel Baptista, an exhibition of his work will open at 6:00 pm.<em><strong> &#8220;Rui Sanches&#8217; artworks<\/strong><\/em>&#8221; will be on display from April 24th until June 12th, 2024.<\/p>\n\n\n\n<p>Rui Sanches studied at Ar.Co &#8211; Center for Art and Visual Communication, obtained his BA from Goldsmiths&#8217; College (London, 1980), his MFA from Yale University (New Haven, 1982), and holds a Ph.D. from the University of Algarve (2017), where he was a guest professor and retired in the academic year 2022\/23. In 1984, he exhibited his work for the first time at the Gallery of Modern Art of SNBA and at Galeria Diferen\u00e7a in Lisbon. Since then, he has held over forty solo exhibitions, including the &#8220;Rui Sanches. Retrospective&#8221; exhibition at the CAM of the F.C. Gulbenkian (2001); the &#8220;MUSEUM&#8221; exhibition at the National Museum of Ancient Art (2008); and &#8220;Espelho\/Mirror&#8221; at the Berardo Collection Museum and the Torre\u00e3o Nascente of the Cordoaria Nacional (2019).<\/p>\n\n\n\n<p>He has participated in dozens of group exhibitions, both in Portugal and abroad. His work is represented in the main Portuguese public collections and in several foreign collections, including: Gulbenkian Museum; Serralves Museum; Museum Van Hedendaagse Kunst Antwerp; Museo Extreme\u00f1o e Iberoamericano de Arte Contempor\u00e1neo, Badajoz; EDP Foundation; Luso-American Development Foundation; Caixa Geral de Dep\u00f3sitos Collection; Mudas &#8211; Madeira Contemporary Art Museum; Leal Rios Foundation; Berardo Collection and Ant\u00f3nio Cachola Collection. He has several works in public spaces, including the &#8220;Colunata&#8221; at the Assembly of the Republic; the Monument to Maria Jos\u00e9 Nogueira Pinto, in Lisbon; and sculptures in Santo Tirso, Alcobendas (Spain), S\u00e3o Pedro do Sul, and the University of Algarve. In 2008, he was awarded the AICA-Ministry of Culture Prize.<\/p>\n\n\n\n<hr class=\"wp-block-separator alignwide has-alpha-channel-opacity is-style-wide separador-mais-info\"\/>\n\n\n\n<p>Trem Gallery &#8211; Manuel Baptista<br>5 TREM Street, 8000-304 Faro<\/p>\n\n\n\n<p>Opening Hours:<br>Tuesday to Friday, from 11:30 am to 6:00 pm<br>Saturday, from 10:30 am to 5:00 pm<br>Closed on Sundays and Mondays<\/p>\n\n\n\n<p>This work is funded by national funds through FCT &#8211; Foundation for Science and Technology, I.P., under the project &#8220;UIDB\/04019\/2020&#8221;.<\/p>\n<\/div><\/div>\n","protected":false},"excerpt":{"rendered":"<p>The Visual Arts Course, in collaboration with CIAC, is organizing a tribute<\/p>\n","protected":false},"author":3,"featured_media":6148,"comment_status":"closed","ping_status":"closed","sticky":false,"template":"","format":"standard","meta":{"_eb_attr":"","inline_featured_image":false,"advgb_blocks_editor_width":"","advgb_blocks_columns_visual_guide":"","footnotes":"","_links_to":"","_links_to_target":""},"categories":[61],"tags":[144],"class_list":["post-6162","post","type-post","status-publish","format-standard","has-post-thumbnail","hentry","category-news","tag-exhibition"],"yoast_head":"<!-- This site is optimized with the Yoast SEO plugin v27.4 - https:\/\/yoast.com\/product\/yoast-seo-wordpress\/ -->\n<title>CIAC and the Visual Arts Course organize a tribute to Rui Sanches - CIAC<\/title>\n<meta name=\"robots\" content=\"index, follow, max-snippet:-1, max-image-preview:large, max-video-preview:-1\" \/>\n<link rel=\"canonical\" href=\"https:\/\/ciac.pt\/en\/news\/ciac-and-the-visual-arts-course-organize-a-tribute-to-rui-sanches\/\" \/>\n<meta property=\"og:locale\" content=\"en_US\" \/>\n<meta property=\"og:type\" content=\"article\" \/>\n<meta property=\"og:title\" content=\"CIAC and the Visual Arts Course organize a tribute to Rui Sanches - CIAC\" \/>\n<meta property=\"og:description\" content=\"The Visual Arts Course, in collaboration with CIAC, is organizing a tribute\" \/>\n<meta property=\"og:url\" content=\"https:\/\/ciac.pt\/en\/news\/ciac-and-the-visual-arts-course-organize-a-tribute-to-rui-sanches\/\" \/>\n<meta property=\"og:site_name\" content=\"CIAC\" \/>\n<meta property=\"article:published_time\" content=\"2024-04-19T14:46:19+00:00\" \/>\n<meta property=\"article:modified_time\" content=\"2024-05-29T20:03:29+00:00\" \/>\n<meta property=\"og:image\" content=\"https:\/\/ciac.pt\/wp-content\/uploads\/2024\/04\/Banner_EXPO_TREM_RuiSanches_2.jpg\" \/>\n\t<meta property=\"og:image:width\" content=\"1620\" \/>\n\t<meta property=\"og:image:height\" content=\"1216\" \/>\n\t<meta property=\"og:image:type\" content=\"image\/jpeg\" \/>\n<meta name=\"author\" content=\"editor1\" \/>\n<meta name=\"twitter:card\" content=\"summary_large_image\" \/>\n<meta name=\"twitter:label1\" content=\"Written by\" \/>\n\t<meta name=\"twitter:data1\" content=\"editor1\" \/>\n\t<meta name=\"twitter:label2\" content=\"Est. reading time\" \/>\n\t<meta name=\"twitter:data2\" content=\"2 minutes\" \/>\n<script type=\"application\/ld+json\" class=\"yoast-schema-graph\">{\"@context\":\"https:\\\/\\\/schema.org\",\"@graph\":[{\"@type\":\"Article\",\"@id\":\"https:\\\/\\\/ciac.pt\\\/en\\\/news\\\/ciac-and-the-visual-arts-course-organize-a-tribute-to-rui-sanches\\\/#article\",\"isPartOf\":{\"@id\":\"https:\\\/\\\/ciac.pt\\\/en\\\/news\\\/ciac-and-the-visual-arts-course-organize-a-tribute-to-rui-sanches\\\/\"},\"author\":{\"name\":\"editor1\",\"@id\":\"https:\\\/\\\/ciac.pt\\\/en\\\/#\\\/schema\\\/person\\\/3def46b976d3f4c0cdcf7c417cb570be\"},\"headline\":\"CIAC and the Visual Arts Course organize a tribute to Rui Sanches\",\"datePublished\":\"2024-04-19T14:46:19+00:00\",\"dateModified\":\"2024-05-29T20:03:29+00:00\",\"mainEntityOfPage\":{\"@id\":\"https:\\\/\\\/ciac.pt\\\/en\\\/news\\\/ciac-and-the-visual-arts-course-organize-a-tribute-to-rui-sanches\\\/\"},\"wordCount\":416,\"publisher\":{\"@id\":\"https:\\\/\\\/ciac.pt\\\/en\\\/#organization\"},\"image\":{\"@id\":\"https:\\\/\\\/ciac.pt\\\/en\\\/news\\\/ciac-and-the-visual-arts-course-organize-a-tribute-to-rui-sanches\\\/#primaryimage\"},\"thumbnailUrl\":\"https:\\\/\\\/ciac.pt\\\/wp-content\\\/uploads\\\/2024\\\/04\\\/Banner_EXPO_TREM_RuiSanches_2.jpg\",\"keywords\":[\"Exhibition\"],\"articleSection\":[\"News\"],\"inLanguage\":\"en-US\"},{\"@type\":\"WebPage\",\"@id\":\"https:\\\/\\\/ciac.pt\\\/en\\\/news\\\/ciac-and-the-visual-arts-course-organize-a-tribute-to-rui-sanches\\\/\",\"url\":\"https:\\\/\\\/ciac.pt\\\/en\\\/news\\\/ciac-and-the-visual-arts-course-organize-a-tribute-to-rui-sanches\\\/\",\"name\":\"CIAC and the Visual Arts Course organize a tribute to Rui Sanches - CIAC\",\"isPartOf\":{\"@id\":\"https:\\\/\\\/ciac.pt\\\/en\\\/#website\"},\"primaryImageOfPage\":{\"@id\":\"https:\\\/\\\/ciac.pt\\\/en\\\/news\\\/ciac-and-the-visual-arts-course-organize-a-tribute-to-rui-sanches\\\/#primaryimage\"},\"image\":{\"@id\":\"https:\\\/\\\/ciac.pt\\\/en\\\/news\\\/ciac-and-the-visual-arts-course-organize-a-tribute-to-rui-sanches\\\/#primaryimage\"},\"thumbnailUrl\":\"https:\\\/\\\/ciac.pt\\\/wp-content\\\/uploads\\\/2024\\\/04\\\/Banner_EXPO_TREM_RuiSanches_2.jpg\",\"datePublished\":\"2024-04-19T14:46:19+00:00\",\"dateModified\":\"2024-05-29T20:03:29+00:00\",\"breadcrumb\":{\"@id\":\"https:\\\/\\\/ciac.pt\\\/en\\\/news\\\/ciac-and-the-visual-arts-course-organize-a-tribute-to-rui-sanches\\\/#breadcrumb\"},\"inLanguage\":\"en-US\",\"potentialAction\":[{\"@type\":\"ReadAction\",\"target\":[\"https:\\\/\\\/ciac.pt\\\/en\\\/news\\\/ciac-and-the-visual-arts-course-organize-a-tribute-to-rui-sanches\\\/\"]}]},{\"@type\":\"ImageObject\",\"inLanguage\":\"en-US\",\"@id\":\"https:\\\/\\\/ciac.pt\\\/en\\\/news\\\/ciac-and-the-visual-arts-course-organize-a-tribute-to-rui-sanches\\\/#primaryimage\",\"url\":\"https:\\\/\\\/ciac.pt\\\/wp-content\\\/uploads\\\/2024\\\/04\\\/Banner_EXPO_TREM_RuiSanches_2.jpg\",\"contentUrl\":\"https:\\\/\\\/ciac.pt\\\/wp-content\\\/uploads\\\/2024\\\/04\\\/Banner_EXPO_TREM_RuiSanches_2.jpg\",\"width\":1620,\"height\":1216},{\"@type\":\"BreadcrumbList\",\"@id\":\"https:\\\/\\\/ciac.pt\\\/en\\\/news\\\/ciac-and-the-visual-arts-course-organize-a-tribute-to-rui-sanches\\\/#breadcrumb\",\"itemListElement\":[{\"@type\":\"ListItem\",\"position\":1,\"name\":\"In\u00edcio\",\"item\":\"https:\\\/\\\/ciac.pt\\\/en\\\/\"},{\"@type\":\"ListItem\",\"position\":2,\"name\":\"CIAC and the Visual Arts Course organize a tribute to Rui Sanches\"}]},{\"@type\":\"WebSite\",\"@id\":\"https:\\\/\\\/ciac.pt\\\/en\\\/#website\",\"url\":\"https:\\\/\\\/ciac.pt\\\/en\\\/\",\"name\":\"CIAC\",\"description\":\"Centro de Investiga\u00e7\u00e3o em Artes e Comunica\u00e7\u00e3o\",\"publisher\":{\"@id\":\"https:\\\/\\\/ciac.pt\\\/en\\\/#organization\"},\"potentialAction\":[{\"@type\":\"SearchAction\",\"target\":{\"@type\":\"EntryPoint\",\"urlTemplate\":\"https:\\\/\\\/ciac.pt\\\/en\\\/?s={search_term_string}\"},\"query-input\":{\"@type\":\"PropertyValueSpecification\",\"valueRequired\":true,\"valueName\":\"search_term_string\"}}],\"inLanguage\":\"en-US\"},{\"@type\":\"Organization\",\"@id\":\"https:\\\/\\\/ciac.pt\\\/en\\\/#organization\",\"name\":\"CIAC\",\"url\":\"https:\\\/\\\/ciac.pt\\\/en\\\/\",\"logo\":{\"@type\":\"ImageObject\",\"inLanguage\":\"en-US\",\"@id\":\"https:\\\/\\\/ciac.pt\\\/en\\\/#\\\/schema\\\/logo\\\/image\\\/\",\"url\":\"https:\\\/\\\/ciac.pt\\\/wp-content\\\/uploads\\\/2022\\\/06\\\/logo.svg\",\"contentUrl\":\"https:\\\/\\\/ciac.pt\\\/wp-content\\\/uploads\\\/2022\\\/06\\\/logo.svg\",\"width\":184,\"height\":51,\"caption\":\"CIAC\"},\"image\":{\"@id\":\"https:\\\/\\\/ciac.pt\\\/en\\\/#\\\/schema\\\/logo\\\/image\\\/\"}},{\"@type\":\"Person\",\"@id\":\"https:\\\/\\\/ciac.pt\\\/en\\\/#\\\/schema\\\/person\\\/3def46b976d3f4c0cdcf7c417cb570be\",\"name\":\"editor1\",\"image\":{\"@type\":\"ImageObject\",\"inLanguage\":\"en-US\",\"@id\":\"https:\\\/\\\/secure.gravatar.com\\\/avatar\\\/4d8eb3157f61df03731fd8bf031b56d1d9241759e8f8c07d4d7e51d2f858c821?s=96&d=mm&r=g\",\"url\":\"https:\\\/\\\/secure.gravatar.com\\\/avatar\\\/4d8eb3157f61df03731fd8bf031b56d1d9241759e8f8c07d4d7e51d2f858c821?s=96&d=mm&r=g\",\"contentUrl\":\"https:\\\/\\\/secure.gravatar.com\\\/avatar\\\/4d8eb3157f61df03731fd8bf031b56d1d9241759e8f8c07d4d7e51d2f858c821?s=96&d=mm&r=g\",\"caption\":\"editor1\"},\"url\":\"https:\\\/\\\/ciac.pt\\\/en\\\/author\\\/editor1\\\/\"}]}<\/script>\n<!-- \/ Yoast SEO plugin. -->","yoast_head_json":{"title":"CIAC and the Visual Arts Course organize a tribute to Rui Sanches - CIAC","robots":{"index":"index","follow":"follow","max-snippet":"max-snippet:-1","max-image-preview":"max-image-preview:large","max-video-preview":"max-video-preview:-1"},"canonical":"https:\/\/ciac.pt\/en\/news\/ciac-and-the-visual-arts-course-organize-a-tribute-to-rui-sanches\/","og_locale":"en_US","og_type":"article","og_title":"CIAC and the Visual Arts Course organize a tribute to Rui Sanches - CIAC","og_description":"The Visual Arts Course, in collaboration with CIAC, is organizing a tribute","og_url":"https:\/\/ciac.pt\/en\/news\/ciac-and-the-visual-arts-course-organize-a-tribute-to-rui-sanches\/","og_site_name":"CIAC","article_published_time":"2024-04-19T14:46:19+00:00","article_modified_time":"2024-05-29T20:03:29+00:00","og_image":[{"width":1620,"height":1216,"url":"https:\/\/ciac.pt\/wp-content\/uploads\/2024\/04\/Banner_EXPO_TREM_RuiSanches_2.jpg","type":"image\/jpeg"}],"author":"editor1","twitter_card":"summary_large_image","twitter_misc":{"Written by":"editor1","Est. reading time":"2 minutes"},"schema":{"@context":"https:\/\/schema.org","@graph":[{"@type":"Article","@id":"https:\/\/ciac.pt\/en\/news\/ciac-and-the-visual-arts-course-organize-a-tribute-to-rui-sanches\/#article","isPartOf":{"@id":"https:\/\/ciac.pt\/en\/news\/ciac-and-the-visual-arts-course-organize-a-tribute-to-rui-sanches\/"},"author":{"name":"editor1","@id":"https:\/\/ciac.pt\/en\/#\/schema\/person\/3def46b976d3f4c0cdcf7c417cb570be"},"headline":"CIAC and the Visual Arts Course organize a tribute to Rui Sanches","datePublished":"2024-04-19T14:46:19+00:00","dateModified":"2024-05-29T20:03:29+00:00","mainEntityOfPage":{"@id":"https:\/\/ciac.pt\/en\/news\/ciac-and-the-visual-arts-course-organize-a-tribute-to-rui-sanches\/"},"wordCount":416,"publisher":{"@id":"https:\/\/ciac.pt\/en\/#organization"},"image":{"@id":"https:\/\/ciac.pt\/en\/news\/ciac-and-the-visual-arts-course-organize-a-tribute-to-rui-sanches\/#primaryimage"},"thumbnailUrl":"https:\/\/ciac.pt\/wp-content\/uploads\/2024\/04\/Banner_EXPO_TREM_RuiSanches_2.jpg","keywords":["Exhibition"],"articleSection":["News"],"inLanguage":"en-US"},{"@type":"WebPage","@id":"https:\/\/ciac.pt\/en\/news\/ciac-and-the-visual-arts-course-organize-a-tribute-to-rui-sanches\/","url":"https:\/\/ciac.pt\/en\/news\/ciac-and-the-visual-arts-course-organize-a-tribute-to-rui-sanches\/","name":"CIAC and the Visual Arts Course organize a tribute to Rui Sanches - CIAC","isPartOf":{"@id":"https:\/\/ciac.pt\/en\/#website"},"primaryImageOfPage":{"@id":"https:\/\/ciac.pt\/en\/news\/ciac-and-the-visual-arts-course-organize-a-tribute-to-rui-sanches\/#primaryimage"},"image":{"@id":"https:\/\/ciac.pt\/en\/news\/ciac-and-the-visual-arts-course-organize-a-tribute-to-rui-sanches\/#primaryimage"},"thumbnailUrl":"https:\/\/ciac.pt\/wp-content\/uploads\/2024\/04\/Banner_EXPO_TREM_RuiSanches_2.jpg","datePublished":"2024-04-19T14:46:19+00:00","dateModified":"2024-05-29T20:03:29+00:00","breadcrumb":{"@id":"https:\/\/ciac.pt\/en\/news\/ciac-and-the-visual-arts-course-organize-a-tribute-to-rui-sanches\/#breadcrumb"},"inLanguage":"en-US","potentialAction":[{"@type":"ReadAction","target":["https:\/\/ciac.pt\/en\/news\/ciac-and-the-visual-arts-course-organize-a-tribute-to-rui-sanches\/"]}]},{"@type":"ImageObject","inLanguage":"en-US","@id":"https:\/\/ciac.pt\/en\/news\/ciac-and-the-visual-arts-course-organize-a-tribute-to-rui-sanches\/#primaryimage","url":"https:\/\/ciac.pt\/wp-content\/uploads\/2024\/04\/Banner_EXPO_TREM_RuiSanches_2.jpg","contentUrl":"https:\/\/ciac.pt\/wp-content\/uploads\/2024\/04\/Banner_EXPO_TREM_RuiSanches_2.jpg","width":1620,"height":1216},{"@type":"BreadcrumbList","@id":"https:\/\/ciac.pt\/en\/news\/ciac-and-the-visual-arts-course-organize-a-tribute-to-rui-sanches\/#breadcrumb","itemListElement":[{"@type":"ListItem","position":1,"name":"In\u00edcio","item":"https:\/\/ciac.pt\/en\/"},{"@type":"ListItem","position":2,"name":"CIAC and the Visual Arts Course organize a tribute to Rui Sanches"}]},{"@type":"WebSite","@id":"https:\/\/ciac.pt\/en\/#website","url":"https:\/\/ciac.pt\/en\/","name":"CIAC","description":"Centro de Investiga\u00e7\u00e3o em Artes e Comunica\u00e7\u00e3o","publisher":{"@id":"https:\/\/ciac.pt\/en\/#organization"},"potentialAction":[{"@type":"SearchAction","target":{"@type":"EntryPoint","urlTemplate":"https:\/\/ciac.pt\/en\/?s={search_term_string}"},"query-input":{"@type":"PropertyValueSpecification","valueRequired":true,"valueName":"search_term_string"}}],"inLanguage":"en-US"},{"@type":"Organization","@id":"https:\/\/ciac.pt\/en\/#organization","name":"CIAC","url":"https:\/\/ciac.pt\/en\/","logo":{"@type":"ImageObject","inLanguage":"en-US","@id":"https:\/\/ciac.pt\/en\/#\/schema\/logo\/image\/","url":"https:\/\/ciac.pt\/wp-content\/uploads\/2022\/06\/logo.svg","contentUrl":"https:\/\/ciac.pt\/wp-content\/uploads\/2022\/06\/logo.svg","width":184,"height":51,"caption":"CIAC"},"image":{"@id":"https:\/\/ciac.pt\/en\/#\/schema\/logo\/image\/"}},{"@type":"Person","@id":"https:\/\/ciac.pt\/en\/#\/schema\/person\/3def46b976d3f4c0cdcf7c417cb570be","name":"editor1","image":{"@type":"ImageObject","inLanguage":"en-US","@id":"https:\/\/secure.gravatar.com\/avatar\/4d8eb3157f61df03731fd8bf031b56d1d9241759e8f8c07d4d7e51d2f858c821?s=96&d=mm&r=g","url":"https:\/\/secure.gravatar.com\/avatar\/4d8eb3157f61df03731fd8bf031b56d1d9241759e8f8c07d4d7e51d2f858c821?s=96&d=mm&r=g","contentUrl":"https:\/\/secure.gravatar.com\/avatar\/4d8eb3157f61df03731fd8bf031b56d1d9241759e8f8c07d4d7e51d2f858c821?s=96&d=mm&r=g","caption":"editor1"},"url":"https:\/\/ciac.pt\/en\/author\/editor1\/"}]}},"author_meta":{"display_name":"editor1","author_link":"https:\/\/ciac.pt\/en\/author\/editor1\/"},"featured_img":"https:\/\/ciac.pt\/wp-content\/uploads\/2024\/04\/Banner_EXPO_TREM_RuiSanches_2-300x225.jpg","coauthors":[],"tax_additional":{"categories":{"linked":["<a href=\"https:\/\/ciac.pt\/en\/.\/news\/\" class=\"advgb-post-tax-term\">News<\/a>"],"unlinked":["<span class=\"advgb-post-tax-term\">News<\/span>"]},"tags":{"linked":["<a href=\"https:\/\/ciac.pt\/en\/.\/news\/\" class=\"advgb-post-tax-term\">Exhibition<\/a>"],"unlinked":["<span class=\"advgb-post-tax-term\">Exhibition<\/span>"]}},"comment_count":0,"relative_dates":{"created":"Posted 2 years ago","modified":"Updated 2 years ago"},"absolute_dates":{"created":"Posted on 19\/04\/2024","modified":"Updated on 29\/05\/2024"},"absolute_dates_time":{"created":"Posted on 19\/04\/2024 15:46","modified":"Updated on 29\/05\/2024 21:03"},"featured_img_caption":"","series_order":"","_links":{"self":[{"href":"https:\/\/ciac.pt\/en\/wp-json\/wp\/v2\/posts\/6162","targetHints":{"allow":["GET"]}}],"collection":[{"href":"https:\/\/ciac.pt\/en\/wp-json\/wp\/v2\/posts"}],"about":[{"href":"https:\/\/ciac.pt\/en\/wp-json\/wp\/v2\/types\/post"}],"author":[{"embeddable":true,"href":"https:\/\/ciac.pt\/en\/wp-json\/wp\/v2\/users\/3"}],"replies":[{"embeddable":true,"href":"https:\/\/ciac.pt\/en\/wp-json\/wp\/v2\/comments?post=6162"}],"version-history":[{"count":4,"href":"https:\/\/ciac.pt\/en\/wp-json\/wp\/v2\/posts\/6162\/revisions"}],"predecessor-version":[{"id":7228,"href":"https:\/\/ciac.pt\/en\/wp-json\/wp\/v2\/posts\/6162\/revisions\/7228"}],"wp:featuredmedia":[{"embeddable":true,"href":"https:\/\/ciac.pt\/en\/wp-json\/wp\/v2\/media\/6148"}],"wp:attachment":[{"href":"https:\/\/ciac.pt\/en\/wp-json\/wp\/v2\/media?parent=6162"}],"wp:term":[{"taxonomy":"category","embeddable":true,"href":"https:\/\/ciac.pt\/en\/wp-json\/wp\/v2\/categories?post=6162"},{"taxonomy":"post_tag","embeddable":true,"href":"https:\/\/ciac.pt\/en\/wp-json\/wp\/v2\/tags?post=6162"}],"curies":[{"name":"wp","href":"https:\/\/api.w.org\/{rel}","templated":true}]}}