{"id":6500,"date":"2024-04-30T07:00:00","date_gmt":"2024-04-30T06:00:00","guid":{"rendered":"https:\/\/ciac.pt\/?p=6500"},"modified":"2024-08-27T15:27:05","modified_gmt":"2024-08-27T14:27:05","slug":"carlos-coelho-costa-will-participate-in-the-xxi-information-science-conference","status":"publish","type":"post","link":"https:\/\/ciac.pt\/en\/news\/carlos-coelho-costa-will-participate-in-the-xxi-information-science-conference\/","title":{"rendered":"Carlos Coelho Costa will participate in the XXI Information Science Conference"},"content":{"rendered":"\n<div class=\"wp-block-group alignwide\"><div class=\"wp-block-group__inner-container is-layout-constrained wp-block-group-is-layout-constrained\">\n\n\n\n\n<figure class=\"wp-block-image size-large is-resized\"><a href=\"https:\/\/ciac.pt\/wp-content\/uploads\/2024\/04\/Cartaz-Carlos-Coelho-Costa-1-724x1024.jpeg\"><img decoding=\"async\" width=\"724\" height=\"1024\" data-src=\"https:\/\/ciac.pt\/wp-content\/uploads\/2024\/04\/Cartaz-Carlos-Coelho-Costa-1-724x1024.jpeg\" alt=\"\" class=\"wp-image-6448 lazyload\" style=\"--smush-placeholder-width: 724px; --smush-placeholder-aspect-ratio: 724\/1024;width:auto;height:300px\" data-srcset=\"https:\/\/ciac.pt\/wp-content\/uploads\/2024\/04\/Cartaz-Carlos-Coelho-Costa-1-724x1024.jpeg 724w, https:\/\/ciac.pt\/wp-content\/uploads\/2024\/04\/Cartaz-Carlos-Coelho-Costa-1-212x300.jpeg 212w, https:\/\/ciac.pt\/wp-content\/uploads\/2024\/04\/Cartaz-Carlos-Coelho-Costa-1-768x1086.jpeg 768w, https:\/\/ciac.pt\/wp-content\/uploads\/2024\/04\/Cartaz-Carlos-Coelho-Costa-1-1086x1536.jpeg 1086w, https:\/\/ciac.pt\/wp-content\/uploads\/2024\/04\/Cartaz-Carlos-Coelho-Costa-1.jpeg 1131w\" data-sizes=\"(max-width: 724px) 100vw, 724px\" src=\"data:image\/svg+xml;base64,PHN2ZyB3aWR0aD0iMSIgaGVpZ2h0PSIxIiB4bWxucz0iaHR0cDovL3d3dy53My5vcmcvMjAwMC9zdmciPjwvc3ZnPg==\" \/><\/a><\/figure>\n\n\n<h1 class=\"wp-block-post-title\">Carlos Coelho Costa will participate in the XXI Information Science Conference<\/h1>\n\n<div class=\"wp-block-post-date has-text-color has-cyan-bluish-gray-color\"><time datetime=\"2024-04-30T07:00:00+01:00\">30\/04\/2024<\/time><\/div>\n\n\n<hr class=\"wp-block-separator has-text-color has-white-color has-alpha-channel-opacity has-white-background-color has-background\"\/>\n\n\n\n<p>Carlos Coelho Costa, a researcher at CIAC, will participate in the XXI Information Science Conference at the Faculty of Arts of the University of Porto on May 14th in the afternoon, on the panel &#8220;Production and Management of Audiovisual Information,&#8221; under the theme &#8220;The everyday life of a production company, creativity, and the creation of memories&#8221;.<\/p>\n\n\n\n<p>The XXI Information Science Conference is organized by students of the Bachelor&#8217;s Degree in Information Science (LCI) and the Master&#8217;s Degree in Information Science (MCI), in partnership with the Faculty of Arts (FLUP) and the Faculty of Engineering of the University of Porto (FEUP), stemming from the Degree in Documentary Sciences (FLUP) and the Master&#8217;s Degree in Information Management (FEUP).<\/p>\n\n\n\n<p>The event will feature the presence of various members of the academic community from different fields of knowledge, as well as open doors to the business community, public entities, and alumni who are now part of some of the most innovative organizations to share their experiences.<\/p>\n\n\n\n<hr class=\"wp-block-separator alignwide has-alpha-channel-opacity is-style-wide separador-mais-info\"\/>\n\n\n\n<p><\/p>\n\n\n<\/div><\/div>\n","protected":false},"excerpt":{"rendered":"<p>Carlos Coelho Costa, a researcher at CIAC, will participate in the XXI<\/p>\n","protected":false},"author":3,"featured_media":6451,"comment_status":"closed","ping_status":"closed","sticky":false,"template":"","format":"standard","meta":{"_eb_attr":"","inline_featured_image":false,"advgb_blocks_editor_width":"","advgb_blocks_columns_visual_guide":"","footnotes":"","_links_to":"","_links_to_target":""},"categories":[61],"tags":[139],"class_list":["post-6500","post","type-post","status-publish","format-standard","has-post-thumbnail","hentry","category-news","tag-dissemination"],"yoast_head":"<!-- This site is optimized with the Yoast SEO plugin v27.4 - https:\/\/yoast.com\/product\/yoast-seo-wordpress\/ -->\n<title>Carlos Coelho Costa will participate in the XXI Information Science Conference - CIAC<\/title>\n<meta name=\"robots\" content=\"index, follow, max-snippet:-1, max-image-preview:large, max-video-preview:-1\" \/>\n<link rel=\"canonical\" href=\"https:\/\/ciac.pt\/en\/news\/carlos-coelho-costa-will-participate-in-the-xxi-information-science-conference\/\" \/>\n<meta property=\"og:locale\" content=\"en_US\" \/>\n<meta property=\"og:type\" content=\"article\" \/>\n<meta property=\"og:title\" content=\"Carlos Coelho Costa will participate in the XXI Information Science Conference - CIAC\" \/>\n<meta property=\"og:description\" content=\"Carlos Coelho Costa, a researcher at CIAC, will participate in the XXI\" \/>\n<meta property=\"og:url\" content=\"https:\/\/ciac.pt\/en\/news\/carlos-coelho-costa-will-participate-in-the-xxi-information-science-conference\/\" \/>\n<meta property=\"og:site_name\" content=\"CIAC\" \/>\n<meta property=\"article:published_time\" content=\"2024-04-30T06:00:00+00:00\" \/>\n<meta property=\"article:modified_time\" content=\"2024-08-27T14:27:05+00:00\" \/>\n<meta property=\"og:image\" content=\"https:\/\/ciac.pt\/wp-content\/uploads\/2024\/04\/jornadas-de-ciencias-de-informacao.jpg\" \/>\n\t<meta property=\"og:image:width\" content=\"1620\" \/>\n\t<meta property=\"og:image:height\" content=\"1215\" \/>\n\t<meta property=\"og:image:type\" content=\"image\/jpeg\" \/>\n<meta name=\"author\" content=\"editor1\" \/>\n<meta name=\"twitter:card\" content=\"summary_large_image\" \/>\n<meta name=\"twitter:label1\" content=\"Written by\" \/>\n\t<meta name=\"twitter:data1\" content=\"editor1\" \/>\n\t<meta name=\"twitter:label2\" content=\"Est. reading time\" \/>\n\t<meta name=\"twitter:data2\" content=\"1 minute\" \/>\n<script type=\"application\/ld+json\" class=\"yoast-schema-graph\">{\"@context\":\"https:\\\/\\\/schema.org\",\"@graph\":[{\"@type\":\"Article\",\"@id\":\"https:\\\/\\\/ciac.pt\\\/en\\\/news\\\/carlos-coelho-costa-will-participate-in-the-xxi-information-science-conference\\\/#article\",\"isPartOf\":{\"@id\":\"https:\\\/\\\/ciac.pt\\\/en\\\/news\\\/carlos-coelho-costa-will-participate-in-the-xxi-information-science-conference\\\/\"},\"author\":{\"name\":\"editor1\",\"@id\":\"https:\\\/\\\/ciac.pt\\\/en\\\/#\\\/schema\\\/person\\\/3def46b976d3f4c0cdcf7c417cb570be\"},\"headline\":\"Carlos Coelho Costa will participate in the XXI Information Science Conference\",\"datePublished\":\"2024-04-30T06:00:00+00:00\",\"dateModified\":\"2024-08-27T14:27:05+00:00\",\"mainEntityOfPage\":{\"@id\":\"https:\\\/\\\/ciac.pt\\\/en\\\/news\\\/carlos-coelho-costa-will-participate-in-the-xxi-information-science-conference\\\/\"},\"wordCount\":176,\"publisher\":{\"@id\":\"https:\\\/\\\/ciac.pt\\\/en\\\/#organization\"},\"image\":{\"@id\":\"https:\\\/\\\/ciac.pt\\\/en\\\/news\\\/carlos-coelho-costa-will-participate-in-the-xxi-information-science-conference\\\/#primaryimage\"},\"thumbnailUrl\":\"https:\\\/\\\/ciac.pt\\\/wp-content\\\/uploads\\\/2024\\\/04\\\/jornadas-de-ciencias-de-informacao.jpg\",\"keywords\":[\"Dissemination\"],\"articleSection\":[\"News\"],\"inLanguage\":\"en-US\"},{\"@type\":\"WebPage\",\"@id\":\"https:\\\/\\\/ciac.pt\\\/en\\\/news\\\/carlos-coelho-costa-will-participate-in-the-xxi-information-science-conference\\\/\",\"url\":\"https:\\\/\\\/ciac.pt\\\/en\\\/news\\\/carlos-coelho-costa-will-participate-in-the-xxi-information-science-conference\\\/\",\"name\":\"Carlos Coelho Costa will participate in the XXI Information Science Conference - CIAC\",\"isPartOf\":{\"@id\":\"https:\\\/\\\/ciac.pt\\\/en\\\/#website\"},\"primaryImageOfPage\":{\"@id\":\"https:\\\/\\\/ciac.pt\\\/en\\\/news\\\/carlos-coelho-costa-will-participate-in-the-xxi-information-science-conference\\\/#primaryimage\"},\"image\":{\"@id\":\"https:\\\/\\\/ciac.pt\\\/en\\\/news\\\/carlos-coelho-costa-will-participate-in-the-xxi-information-science-conference\\\/#primaryimage\"},\"thumbnailUrl\":\"https:\\\/\\\/ciac.pt\\\/wp-content\\\/uploads\\\/2024\\\/04\\\/jornadas-de-ciencias-de-informacao.jpg\",\"datePublished\":\"2024-04-30T06:00:00+00:00\",\"dateModified\":\"2024-08-27T14:27:05+00:00\",\"breadcrumb\":{\"@id\":\"https:\\\/\\\/ciac.pt\\\/en\\\/news\\\/carlos-coelho-costa-will-participate-in-the-xxi-information-science-conference\\\/#breadcrumb\"},\"inLanguage\":\"en-US\",\"potentialAction\":[{\"@type\":\"ReadAction\",\"target\":[\"https:\\\/\\\/ciac.pt\\\/en\\\/news\\\/carlos-coelho-costa-will-participate-in-the-xxi-information-science-conference\\\/\"]}]},{\"@type\":\"ImageObject\",\"inLanguage\":\"en-US\",\"@id\":\"https:\\\/\\\/ciac.pt\\\/en\\\/news\\\/carlos-coelho-costa-will-participate-in-the-xxi-information-science-conference\\\/#primaryimage\",\"url\":\"https:\\\/\\\/ciac.pt\\\/wp-content\\\/uploads\\\/2024\\\/04\\\/jornadas-de-ciencias-de-informacao.jpg\",\"contentUrl\":\"https:\\\/\\\/ciac.pt\\\/wp-content\\\/uploads\\\/2024\\\/04\\\/jornadas-de-ciencias-de-informacao.jpg\",\"width\":1620,\"height\":1215},{\"@type\":\"BreadcrumbList\",\"@id\":\"https:\\\/\\\/ciac.pt\\\/en\\\/news\\\/carlos-coelho-costa-will-participate-in-the-xxi-information-science-conference\\\/#breadcrumb\",\"itemListElement\":[{\"@type\":\"ListItem\",\"position\":1,\"name\":\"In\u00edcio\",\"item\":\"https:\\\/\\\/ciac.pt\\\/en\\\/\"},{\"@type\":\"ListItem\",\"position\":2,\"name\":\"Carlos Coelho Costa will participate in the XXI Information Science Conference\"}]},{\"@type\":\"WebSite\",\"@id\":\"https:\\\/\\\/ciac.pt\\\/en\\\/#website\",\"url\":\"https:\\\/\\\/ciac.pt\\\/en\\\/\",\"name\":\"CIAC\",\"description\":\"Centro de Investiga\u00e7\u00e3o em Artes e Comunica\u00e7\u00e3o\",\"publisher\":{\"@id\":\"https:\\\/\\\/ciac.pt\\\/en\\\/#organization\"},\"potentialAction\":[{\"@type\":\"SearchAction\",\"target\":{\"@type\":\"EntryPoint\",\"urlTemplate\":\"https:\\\/\\\/ciac.pt\\\/en\\\/?s={search_term_string}\"},\"query-input\":{\"@type\":\"PropertyValueSpecification\",\"valueRequired\":true,\"valueName\":\"search_term_string\"}}],\"inLanguage\":\"en-US\"},{\"@type\":\"Organization\",\"@id\":\"https:\\\/\\\/ciac.pt\\\/en\\\/#organization\",\"name\":\"CIAC\",\"url\":\"https:\\\/\\\/ciac.pt\\\/en\\\/\",\"logo\":{\"@type\":\"ImageObject\",\"inLanguage\":\"en-US\",\"@id\":\"https:\\\/\\\/ciac.pt\\\/en\\\/#\\\/schema\\\/logo\\\/image\\\/\",\"url\":\"https:\\\/\\\/ciac.pt\\\/wp-content\\\/uploads\\\/2022\\\/06\\\/logo.svg\",\"contentUrl\":\"https:\\\/\\\/ciac.pt\\\/wp-content\\\/uploads\\\/2022\\\/06\\\/logo.svg\",\"width\":184,\"height\":51,\"caption\":\"CIAC\"},\"image\":{\"@id\":\"https:\\\/\\\/ciac.pt\\\/en\\\/#\\\/schema\\\/logo\\\/image\\\/\"}},{\"@type\":\"Person\",\"@id\":\"https:\\\/\\\/ciac.pt\\\/en\\\/#\\\/schema\\\/person\\\/3def46b976d3f4c0cdcf7c417cb570be\",\"name\":\"editor1\",\"image\":{\"@type\":\"ImageObject\",\"inLanguage\":\"en-US\",\"@id\":\"https:\\\/\\\/secure.gravatar.com\\\/avatar\\\/4d8eb3157f61df03731fd8bf031b56d1d9241759e8f8c07d4d7e51d2f858c821?s=96&d=mm&r=g\",\"url\":\"https:\\\/\\\/secure.gravatar.com\\\/avatar\\\/4d8eb3157f61df03731fd8bf031b56d1d9241759e8f8c07d4d7e51d2f858c821?s=96&d=mm&r=g\",\"contentUrl\":\"https:\\\/\\\/secure.gravatar.com\\\/avatar\\\/4d8eb3157f61df03731fd8bf031b56d1d9241759e8f8c07d4d7e51d2f858c821?s=96&d=mm&r=g\",\"caption\":\"editor1\"},\"url\":\"https:\\\/\\\/ciac.pt\\\/en\\\/author\\\/editor1\\\/\"}]}<\/script>\n<!-- \/ Yoast SEO plugin. -->","yoast_head_json":{"title":"Carlos Coelho Costa will participate in the XXI Information Science Conference - CIAC","robots":{"index":"index","follow":"follow","max-snippet":"max-snippet:-1","max-image-preview":"max-image-preview:large","max-video-preview":"max-video-preview:-1"},"canonical":"https:\/\/ciac.pt\/en\/news\/carlos-coelho-costa-will-participate-in-the-xxi-information-science-conference\/","og_locale":"en_US","og_type":"article","og_title":"Carlos Coelho Costa will participate in the XXI Information Science Conference - CIAC","og_description":"Carlos Coelho Costa, a researcher at CIAC, will participate in the XXI","og_url":"https:\/\/ciac.pt\/en\/news\/carlos-coelho-costa-will-participate-in-the-xxi-information-science-conference\/","og_site_name":"CIAC","article_published_time":"2024-04-30T06:00:00+00:00","article_modified_time":"2024-08-27T14:27:05+00:00","og_image":[{"width":1620,"height":1215,"url":"https:\/\/ciac.pt\/wp-content\/uploads\/2024\/04\/jornadas-de-ciencias-de-informacao.jpg","type":"image\/jpeg"}],"author":"editor1","twitter_card":"summary_large_image","twitter_misc":{"Written by":"editor1","Est. reading time":"1 minute"},"schema":{"@context":"https:\/\/schema.org","@graph":[{"@type":"Article","@id":"https:\/\/ciac.pt\/en\/news\/carlos-coelho-costa-will-participate-in-the-xxi-information-science-conference\/#article","isPartOf":{"@id":"https:\/\/ciac.pt\/en\/news\/carlos-coelho-costa-will-participate-in-the-xxi-information-science-conference\/"},"author":{"name":"editor1","@id":"https:\/\/ciac.pt\/en\/#\/schema\/person\/3def46b976d3f4c0cdcf7c417cb570be"},"headline":"Carlos Coelho Costa will participate in the XXI Information Science Conference","datePublished":"2024-04-30T06:00:00+00:00","dateModified":"2024-08-27T14:27:05+00:00","mainEntityOfPage":{"@id":"https:\/\/ciac.pt\/en\/news\/carlos-coelho-costa-will-participate-in-the-xxi-information-science-conference\/"},"wordCount":176,"publisher":{"@id":"https:\/\/ciac.pt\/en\/#organization"},"image":{"@id":"https:\/\/ciac.pt\/en\/news\/carlos-coelho-costa-will-participate-in-the-xxi-information-science-conference\/#primaryimage"},"thumbnailUrl":"https:\/\/ciac.pt\/wp-content\/uploads\/2024\/04\/jornadas-de-ciencias-de-informacao.jpg","keywords":["Dissemination"],"articleSection":["News"],"inLanguage":"en-US"},{"@type":"WebPage","@id":"https:\/\/ciac.pt\/en\/news\/carlos-coelho-costa-will-participate-in-the-xxi-information-science-conference\/","url":"https:\/\/ciac.pt\/en\/news\/carlos-coelho-costa-will-participate-in-the-xxi-information-science-conference\/","name":"Carlos Coelho Costa will participate in the XXI Information Science Conference - CIAC","isPartOf":{"@id":"https:\/\/ciac.pt\/en\/#website"},"primaryImageOfPage":{"@id":"https:\/\/ciac.pt\/en\/news\/carlos-coelho-costa-will-participate-in-the-xxi-information-science-conference\/#primaryimage"},"image":{"@id":"https:\/\/ciac.pt\/en\/news\/carlos-coelho-costa-will-participate-in-the-xxi-information-science-conference\/#primaryimage"},"thumbnailUrl":"https:\/\/ciac.pt\/wp-content\/uploads\/2024\/04\/jornadas-de-ciencias-de-informacao.jpg","datePublished":"2024-04-30T06:00:00+00:00","dateModified":"2024-08-27T14:27:05+00:00","breadcrumb":{"@id":"https:\/\/ciac.pt\/en\/news\/carlos-coelho-costa-will-participate-in-the-xxi-information-science-conference\/#breadcrumb"},"inLanguage":"en-US","potentialAction":[{"@type":"ReadAction","target":["https:\/\/ciac.pt\/en\/news\/carlos-coelho-costa-will-participate-in-the-xxi-information-science-conference\/"]}]},{"@type":"ImageObject","inLanguage":"en-US","@id":"https:\/\/ciac.pt\/en\/news\/carlos-coelho-costa-will-participate-in-the-xxi-information-science-conference\/#primaryimage","url":"https:\/\/ciac.pt\/wp-content\/uploads\/2024\/04\/jornadas-de-ciencias-de-informacao.jpg","contentUrl":"https:\/\/ciac.pt\/wp-content\/uploads\/2024\/04\/jornadas-de-ciencias-de-informacao.jpg","width":1620,"height":1215},{"@type":"BreadcrumbList","@id":"https:\/\/ciac.pt\/en\/news\/carlos-coelho-costa-will-participate-in-the-xxi-information-science-conference\/#breadcrumb","itemListElement":[{"@type":"ListItem","position":1,"name":"In\u00edcio","item":"https:\/\/ciac.pt\/en\/"},{"@type":"ListItem","position":2,"name":"Carlos Coelho Costa will participate in the XXI Information Science Conference"}]},{"@type":"WebSite","@id":"https:\/\/ciac.pt\/en\/#website","url":"https:\/\/ciac.pt\/en\/","name":"CIAC","description":"Centro de Investiga\u00e7\u00e3o em Artes e Comunica\u00e7\u00e3o","publisher":{"@id":"https:\/\/ciac.pt\/en\/#organization"},"potentialAction":[{"@type":"SearchAction","target":{"@type":"EntryPoint","urlTemplate":"https:\/\/ciac.pt\/en\/?s={search_term_string}"},"query-input":{"@type":"PropertyValueSpecification","valueRequired":true,"valueName":"search_term_string"}}],"inLanguage":"en-US"},{"@type":"Organization","@id":"https:\/\/ciac.pt\/en\/#organization","name":"CIAC","url":"https:\/\/ciac.pt\/en\/","logo":{"@type":"ImageObject","inLanguage":"en-US","@id":"https:\/\/ciac.pt\/en\/#\/schema\/logo\/image\/","url":"https:\/\/ciac.pt\/wp-content\/uploads\/2022\/06\/logo.svg","contentUrl":"https:\/\/ciac.pt\/wp-content\/uploads\/2022\/06\/logo.svg","width":184,"height":51,"caption":"CIAC"},"image":{"@id":"https:\/\/ciac.pt\/en\/#\/schema\/logo\/image\/"}},{"@type":"Person","@id":"https:\/\/ciac.pt\/en\/#\/schema\/person\/3def46b976d3f4c0cdcf7c417cb570be","name":"editor1","image":{"@type":"ImageObject","inLanguage":"en-US","@id":"https:\/\/secure.gravatar.com\/avatar\/4d8eb3157f61df03731fd8bf031b56d1d9241759e8f8c07d4d7e51d2f858c821?s=96&d=mm&r=g","url":"https:\/\/secure.gravatar.com\/avatar\/4d8eb3157f61df03731fd8bf031b56d1d9241759e8f8c07d4d7e51d2f858c821?s=96&d=mm&r=g","contentUrl":"https:\/\/secure.gravatar.com\/avatar\/4d8eb3157f61df03731fd8bf031b56d1d9241759e8f8c07d4d7e51d2f858c821?s=96&d=mm&r=g","caption":"editor1"},"url":"https:\/\/ciac.pt\/en\/author\/editor1\/"}]}},"author_meta":{"display_name":"editor1","author_link":"https:\/\/ciac.pt\/en\/author\/editor1\/"},"featured_img":"https:\/\/ciac.pt\/wp-content\/uploads\/2024\/04\/jornadas-de-ciencias-de-informacao-300x225.jpg","coauthors":[],"tax_additional":{"categories":{"linked":["<a href=\"https:\/\/ciac.pt\/en\/.\/news\/\" class=\"advgb-post-tax-term\">News<\/a>"],"unlinked":["<span class=\"advgb-post-tax-term\">News<\/span>"]},"tags":{"linked":["<a href=\"https:\/\/ciac.pt\/en\/.\/news\/\" class=\"advgb-post-tax-term\">Dissemination<\/a>"],"unlinked":["<span class=\"advgb-post-tax-term\">Dissemination<\/span>"]}},"comment_count":0,"relative_dates":{"created":"Posted 2 years ago","modified":"Updated 2 years ago"},"absolute_dates":{"created":"Posted on 30\/04\/2024","modified":"Updated on 27\/08\/2024"},"absolute_dates_time":{"created":"Posted on 30\/04\/2024 7:00","modified":"Updated on 27\/08\/2024 15:27"},"featured_img_caption":"","series_order":"","_links":{"self":[{"href":"https:\/\/ciac.pt\/en\/wp-json\/wp\/v2\/posts\/6500","targetHints":{"allow":["GET"]}}],"collection":[{"href":"https:\/\/ciac.pt\/en\/wp-json\/wp\/v2\/posts"}],"about":[{"href":"https:\/\/ciac.pt\/en\/wp-json\/wp\/v2\/types\/post"}],"author":[{"embeddable":true,"href":"https:\/\/ciac.pt\/en\/wp-json\/wp\/v2\/users\/3"}],"replies":[{"embeddable":true,"href":"https:\/\/ciac.pt\/en\/wp-json\/wp\/v2\/comments?post=6500"}],"version-history":[{"count":3,"href":"https:\/\/ciac.pt\/en\/wp-json\/wp\/v2\/posts\/6500\/revisions"}],"predecessor-version":[{"id":7221,"href":"https:\/\/ciac.pt\/en\/wp-json\/wp\/v2\/posts\/6500\/revisions\/7221"}],"wp:featuredmedia":[{"embeddable":true,"href":"https:\/\/ciac.pt\/en\/wp-json\/wp\/v2\/media\/6451"}],"wp:attachment":[{"href":"https:\/\/ciac.pt\/en\/wp-json\/wp\/v2\/media?parent=6500"}],"wp:term":[{"taxonomy":"category","embeddable":true,"href":"https:\/\/ciac.pt\/en\/wp-json\/wp\/v2\/categories?post=6500"},{"taxonomy":"post_tag","embeddable":true,"href":"https:\/\/ciac.pt\/en\/wp-json\/wp\/v2\/tags?post=6500"}],"curies":[{"name":"wp","href":"https:\/\/api.w.org\/{rel}","templated":true}]}}