{"id":6515,"date":"2024-04-30T08:00:00","date_gmt":"2024-04-30T07:00:00","guid":{"rendered":"https:\/\/ciac.pt\/?p=6515"},"modified":"2024-08-27T15:27:04","modified_gmt":"2024-08-27T14:27:04","slug":"pedro-alves-da-veiga-will-be-a-guest-speaker-at-the-session-lights-from-the-past-colors-of-the-present","status":"publish","type":"post","link":"https:\/\/ciac.pt\/en\/news\/pedro-alves-da-veiga-will-be-a-guest-speaker-at-the-session-lights-from-the-past-colors-of-the-present\/","title":{"rendered":"Pedro Alves da Veiga will be a guest speaker at the session Lights from the Past, Colors of the Present"},"content":{"rendered":"\n<div class=\"wp-block-group alignwide\"><div class=\"wp-block-group__inner-container is-layout-constrained wp-block-group-is-layout-constrained\">\n\n\n\n\n<figure class=\"wp-block-image size-large is-resized\"><a href=\"https:\/\/ciac.pt\/wp-content\/uploads\/2024\/04\/436534374_813121820853039_1021985138389839068_n-Pedro-Alves-da-Veiga-1024x1024.jpg\"><img decoding=\"async\" width=\"1024\" height=\"1024\" data-src=\"https:\/\/ciac.pt\/wp-content\/uploads\/2024\/04\/436534374_813121820853039_1021985138389839068_n-Pedro-Alves-da-Veiga-1024x1024.jpg\" alt=\"\" class=\"wp-image-6442 lazyload\" style=\"--smush-placeholder-width: 1024px; --smush-placeholder-aspect-ratio: 1024\/1024;width:auto;height:300px\" data-srcset=\"https:\/\/ciac.pt\/wp-content\/uploads\/2024\/04\/436534374_813121820853039_1021985138389839068_n-Pedro-Alves-da-Veiga-1024x1024.jpg 1024w, https:\/\/ciac.pt\/wp-content\/uploads\/2024\/04\/436534374_813121820853039_1021985138389839068_n-Pedro-Alves-da-Veiga-300x300.jpg 300w, https:\/\/ciac.pt\/wp-content\/uploads\/2024\/04\/436534374_813121820853039_1021985138389839068_n-Pedro-Alves-da-Veiga-150x150.jpg 150w, https:\/\/ciac.pt\/wp-content\/uploads\/2024\/04\/436534374_813121820853039_1021985138389839068_n-Pedro-Alves-da-Veiga-768x768.jpg 768w, https:\/\/ciac.pt\/wp-content\/uploads\/2024\/04\/436534374_813121820853039_1021985138389839068_n-Pedro-Alves-da-Veiga.jpg 1080w\" data-sizes=\"(max-width: 1024px) 100vw, 1024px\" src=\"data:image\/svg+xml;base64,PHN2ZyB3aWR0aD0iMSIgaGVpZ2h0PSIxIiB4bWxucz0iaHR0cDovL3d3dy53My5vcmcvMjAwMC9zdmciPjwvc3ZnPg==\" \/><\/a><\/figure>\n\n\n<h1 class=\"wp-block-post-title\">Pedro Alves da Veiga will be a guest speaker at the session Lights from the Past, Colors of the Present<\/h1>\n\n<div class=\"wp-block-post-date has-text-color has-cyan-bluish-gray-color\"><time datetime=\"2024-04-30T08:00:00+01:00\">30\/04\/2024<\/time><\/div>\n\n\n<hr class=\"wp-block-separator has-text-color has-white-color has-alpha-channel-opacity has-white-background-color has-background\"\/>\n\n\n\n<p>On May 15th, researcher Pedro Alves da Veiga will participate as a guest speaker in the session &#8220;<a href=\"https:\/\/www.pintofscience.pt\/programa\/3abb6f09-e016-4806-8e02-f619b0326733\" data-type=\"link\" data-id=\"https:\/\/www.pintofscience.pt\/programa\/3abb6f09-e016-4806-8e02-f619b0326733\">Lights from the Past, Colors of the Present<\/a>&#8221; where he will discuss &#8220;Generative Art &#8211; Everything, Everywhere, All at Once?&#8221; as part of the Pint of Science Portugal festival in Lisbon.<\/p>\n\n\n\n<p>The term &#8220;generative&#8221; burst into our lives through Artificial Intelligence in 2023, but its existence in relation to computational art is much older, spanning several decades of development and practice. Therefore, Pedro Alves da Veiga aims to take a historical &#8211; and creative &#8211; journey, demonstrating the evolution of generative art over the past 60 years.<\/p>\n\n\n\n<p>The session &#8220;<strong>Lights from the Past, Colors of the Present<\/strong>&#8221; is part of the <strong>Pint of Science Portugal<\/strong> festival and consists of hour-long presentations dedicated to various scientific areas, delivered in an accessible language and in the relaxed atmosphere of a bar.<\/p>\n\n\n\n<hr class=\"wp-block-separator alignwide has-alpha-channel-opacity is-style-wide separador-mais-info\"\/>\n\n\n\n<p><\/p>\n\n\n<\/div><\/div>\n","protected":false},"excerpt":{"rendered":"<p>On May 15th, researcher Pedro Alves da Veiga will participate as a<\/p>\n","protected":false},"author":3,"featured_media":6441,"comment_status":"closed","ping_status":"closed","sticky":false,"template":"","format":"standard","meta":{"_eb_attr":"","inline_featured_image":false,"advgb_blocks_editor_width":"","advgb_blocks_columns_visual_guide":"","footnotes":"","_links_to":"","_links_to_target":""},"categories":[61],"tags":[139],"class_list":["post-6515","post","type-post","status-publish","format-standard","has-post-thumbnail","hentry","category-news","tag-dissemination"],"yoast_head":"<!-- This site is optimized with the Yoast SEO plugin v27.4 - https:\/\/yoast.com\/product\/yoast-seo-wordpress\/ -->\n<title>Pedro Alves da Veiga will be a guest speaker at the session Lights from the Past, Colors of the Present - CIAC<\/title>\n<meta name=\"robots\" content=\"index, follow, max-snippet:-1, max-image-preview:large, max-video-preview:-1\" \/>\n<link rel=\"canonical\" href=\"https:\/\/ciac.pt\/en\/news\/pedro-alves-da-veiga-will-be-a-guest-speaker-at-the-session-lights-from-the-past-colors-of-the-present\/\" \/>\n<meta property=\"og:locale\" content=\"en_US\" \/>\n<meta property=\"og:type\" content=\"article\" \/>\n<meta property=\"og:title\" content=\"Pedro Alves da Veiga will be a guest speaker at the session Lights from the Past, Colors of the Present - CIAC\" \/>\n<meta property=\"og:description\" content=\"On May 15th, researcher Pedro Alves da Veiga will participate as a\" \/>\n<meta property=\"og:url\" content=\"https:\/\/ciac.pt\/en\/news\/pedro-alves-da-veiga-will-be-a-guest-speaker-at-the-session-lights-from-the-past-colors-of-the-present\/\" \/>\n<meta property=\"og:site_name\" content=\"CIAC\" \/>\n<meta property=\"article:published_time\" content=\"2024-04-30T07:00:00+00:00\" \/>\n<meta property=\"article:modified_time\" content=\"2024-08-27T14:27:04+00:00\" \/>\n<meta property=\"og:image\" content=\"https:\/\/ciac.pt\/wp-content\/uploads\/2024\/04\/investigador-e-dos-oradores.png\" \/>\n\t<meta property=\"og:image:width\" content=\"1620\" \/>\n\t<meta property=\"og:image:height\" content=\"1215\" \/>\n\t<meta property=\"og:image:type\" content=\"image\/png\" \/>\n<meta name=\"author\" content=\"editor1\" \/>\n<meta name=\"twitter:card\" content=\"summary_large_image\" \/>\n<meta name=\"twitter:label1\" content=\"Written by\" \/>\n\t<meta name=\"twitter:data1\" content=\"editor1\" \/>\n\t<meta name=\"twitter:label2\" content=\"Est. reading time\" \/>\n\t<meta name=\"twitter:data2\" content=\"1 minute\" \/>\n<script type=\"application\/ld+json\" class=\"yoast-schema-graph\">{\"@context\":\"https:\\\/\\\/schema.org\",\"@graph\":[{\"@type\":\"Article\",\"@id\":\"https:\\\/\\\/ciac.pt\\\/en\\\/news\\\/pedro-alves-da-veiga-will-be-a-guest-speaker-at-the-session-lights-from-the-past-colors-of-the-present\\\/#article\",\"isPartOf\":{\"@id\":\"https:\\\/\\\/ciac.pt\\\/en\\\/news\\\/pedro-alves-da-veiga-will-be-a-guest-speaker-at-the-session-lights-from-the-past-colors-of-the-present\\\/\"},\"author\":{\"name\":\"editor1\",\"@id\":\"https:\\\/\\\/ciac.pt\\\/en\\\/#\\\/schema\\\/person\\\/3def46b976d3f4c0cdcf7c417cb570be\"},\"headline\":\"Pedro Alves da Veiga will be a guest speaker at the session Lights from the Past, Colors of the Present\",\"datePublished\":\"2024-04-30T07:00:00+00:00\",\"dateModified\":\"2024-08-27T14:27:04+00:00\",\"mainEntityOfPage\":{\"@id\":\"https:\\\/\\\/ciac.pt\\\/en\\\/news\\\/pedro-alves-da-veiga-will-be-a-guest-speaker-at-the-session-lights-from-the-past-colors-of-the-present\\\/\"},\"wordCount\":167,\"publisher\":{\"@id\":\"https:\\\/\\\/ciac.pt\\\/en\\\/#organization\"},\"image\":{\"@id\":\"https:\\\/\\\/ciac.pt\\\/en\\\/news\\\/pedro-alves-da-veiga-will-be-a-guest-speaker-at-the-session-lights-from-the-past-colors-of-the-present\\\/#primaryimage\"},\"thumbnailUrl\":\"https:\\\/\\\/ciac.pt\\\/wp-content\\\/uploads\\\/2024\\\/04\\\/investigador-e-dos-oradores.png\",\"keywords\":[\"Dissemination\"],\"articleSection\":[\"News\"],\"inLanguage\":\"en-US\"},{\"@type\":\"WebPage\",\"@id\":\"https:\\\/\\\/ciac.pt\\\/en\\\/news\\\/pedro-alves-da-veiga-will-be-a-guest-speaker-at-the-session-lights-from-the-past-colors-of-the-present\\\/\",\"url\":\"https:\\\/\\\/ciac.pt\\\/en\\\/news\\\/pedro-alves-da-veiga-will-be-a-guest-speaker-at-the-session-lights-from-the-past-colors-of-the-present\\\/\",\"name\":\"Pedro Alves da Veiga will be a guest speaker at the session Lights from the Past, Colors of the Present - CIAC\",\"isPartOf\":{\"@id\":\"https:\\\/\\\/ciac.pt\\\/en\\\/#website\"},\"primaryImageOfPage\":{\"@id\":\"https:\\\/\\\/ciac.pt\\\/en\\\/news\\\/pedro-alves-da-veiga-will-be-a-guest-speaker-at-the-session-lights-from-the-past-colors-of-the-present\\\/#primaryimage\"},\"image\":{\"@id\":\"https:\\\/\\\/ciac.pt\\\/en\\\/news\\\/pedro-alves-da-veiga-will-be-a-guest-speaker-at-the-session-lights-from-the-past-colors-of-the-present\\\/#primaryimage\"},\"thumbnailUrl\":\"https:\\\/\\\/ciac.pt\\\/wp-content\\\/uploads\\\/2024\\\/04\\\/investigador-e-dos-oradores.png\",\"datePublished\":\"2024-04-30T07:00:00+00:00\",\"dateModified\":\"2024-08-27T14:27:04+00:00\",\"breadcrumb\":{\"@id\":\"https:\\\/\\\/ciac.pt\\\/en\\\/news\\\/pedro-alves-da-veiga-will-be-a-guest-speaker-at-the-session-lights-from-the-past-colors-of-the-present\\\/#breadcrumb\"},\"inLanguage\":\"en-US\",\"potentialAction\":[{\"@type\":\"ReadAction\",\"target\":[\"https:\\\/\\\/ciac.pt\\\/en\\\/news\\\/pedro-alves-da-veiga-will-be-a-guest-speaker-at-the-session-lights-from-the-past-colors-of-the-present\\\/\"]}]},{\"@type\":\"ImageObject\",\"inLanguage\":\"en-US\",\"@id\":\"https:\\\/\\\/ciac.pt\\\/en\\\/news\\\/pedro-alves-da-veiga-will-be-a-guest-speaker-at-the-session-lights-from-the-past-colors-of-the-present\\\/#primaryimage\",\"url\":\"https:\\\/\\\/ciac.pt\\\/wp-content\\\/uploads\\\/2024\\\/04\\\/investigador-e-dos-oradores.png\",\"contentUrl\":\"https:\\\/\\\/ciac.pt\\\/wp-content\\\/uploads\\\/2024\\\/04\\\/investigador-e-dos-oradores.png\",\"width\":1620,\"height\":1215},{\"@type\":\"BreadcrumbList\",\"@id\":\"https:\\\/\\\/ciac.pt\\\/en\\\/news\\\/pedro-alves-da-veiga-will-be-a-guest-speaker-at-the-session-lights-from-the-past-colors-of-the-present\\\/#breadcrumb\",\"itemListElement\":[{\"@type\":\"ListItem\",\"position\":1,\"name\":\"In\u00edcio\",\"item\":\"https:\\\/\\\/ciac.pt\\\/en\\\/\"},{\"@type\":\"ListItem\",\"position\":2,\"name\":\"Pedro Alves da Veiga will be a guest speaker at the session Lights from the Past, Colors of the Present\"}]},{\"@type\":\"WebSite\",\"@id\":\"https:\\\/\\\/ciac.pt\\\/en\\\/#website\",\"url\":\"https:\\\/\\\/ciac.pt\\\/en\\\/\",\"name\":\"CIAC\",\"description\":\"Centro de Investiga\u00e7\u00e3o em Artes e Comunica\u00e7\u00e3o\",\"publisher\":{\"@id\":\"https:\\\/\\\/ciac.pt\\\/en\\\/#organization\"},\"potentialAction\":[{\"@type\":\"SearchAction\",\"target\":{\"@type\":\"EntryPoint\",\"urlTemplate\":\"https:\\\/\\\/ciac.pt\\\/en\\\/?s={search_term_string}\"},\"query-input\":{\"@type\":\"PropertyValueSpecification\",\"valueRequired\":true,\"valueName\":\"search_term_string\"}}],\"inLanguage\":\"en-US\"},{\"@type\":\"Organization\",\"@id\":\"https:\\\/\\\/ciac.pt\\\/en\\\/#organization\",\"name\":\"CIAC\",\"url\":\"https:\\\/\\\/ciac.pt\\\/en\\\/\",\"logo\":{\"@type\":\"ImageObject\",\"inLanguage\":\"en-US\",\"@id\":\"https:\\\/\\\/ciac.pt\\\/en\\\/#\\\/schema\\\/logo\\\/image\\\/\",\"url\":\"https:\\\/\\\/ciac.pt\\\/wp-content\\\/uploads\\\/2022\\\/06\\\/logo.svg\",\"contentUrl\":\"https:\\\/\\\/ciac.pt\\\/wp-content\\\/uploads\\\/2022\\\/06\\\/logo.svg\",\"width\":184,\"height\":51,\"caption\":\"CIAC\"},\"image\":{\"@id\":\"https:\\\/\\\/ciac.pt\\\/en\\\/#\\\/schema\\\/logo\\\/image\\\/\"}},{\"@type\":\"Person\",\"@id\":\"https:\\\/\\\/ciac.pt\\\/en\\\/#\\\/schema\\\/person\\\/3def46b976d3f4c0cdcf7c417cb570be\",\"name\":\"editor1\",\"image\":{\"@type\":\"ImageObject\",\"inLanguage\":\"en-US\",\"@id\":\"https:\\\/\\\/secure.gravatar.com\\\/avatar\\\/4d8eb3157f61df03731fd8bf031b56d1d9241759e8f8c07d4d7e51d2f858c821?s=96&d=mm&r=g\",\"url\":\"https:\\\/\\\/secure.gravatar.com\\\/avatar\\\/4d8eb3157f61df03731fd8bf031b56d1d9241759e8f8c07d4d7e51d2f858c821?s=96&d=mm&r=g\",\"contentUrl\":\"https:\\\/\\\/secure.gravatar.com\\\/avatar\\\/4d8eb3157f61df03731fd8bf031b56d1d9241759e8f8c07d4d7e51d2f858c821?s=96&d=mm&r=g\",\"caption\":\"editor1\"},\"url\":\"https:\\\/\\\/ciac.pt\\\/en\\\/author\\\/editor1\\\/\"}]}<\/script>\n<!-- \/ Yoast SEO plugin. -->","yoast_head_json":{"title":"Pedro Alves da Veiga will be a guest speaker at the session Lights from the Past, Colors of the Present - CIAC","robots":{"index":"index","follow":"follow","max-snippet":"max-snippet:-1","max-image-preview":"max-image-preview:large","max-video-preview":"max-video-preview:-1"},"canonical":"https:\/\/ciac.pt\/en\/news\/pedro-alves-da-veiga-will-be-a-guest-speaker-at-the-session-lights-from-the-past-colors-of-the-present\/","og_locale":"en_US","og_type":"article","og_title":"Pedro Alves da Veiga will be a guest speaker at the session Lights from the Past, Colors of the Present - CIAC","og_description":"On May 15th, researcher Pedro Alves da Veiga will participate as a","og_url":"https:\/\/ciac.pt\/en\/news\/pedro-alves-da-veiga-will-be-a-guest-speaker-at-the-session-lights-from-the-past-colors-of-the-present\/","og_site_name":"CIAC","article_published_time":"2024-04-30T07:00:00+00:00","article_modified_time":"2024-08-27T14:27:04+00:00","og_image":[{"width":1620,"height":1215,"url":"https:\/\/ciac.pt\/wp-content\/uploads\/2024\/04\/investigador-e-dos-oradores.png","type":"image\/png"}],"author":"editor1","twitter_card":"summary_large_image","twitter_misc":{"Written by":"editor1","Est. reading time":"1 minute"},"schema":{"@context":"https:\/\/schema.org","@graph":[{"@type":"Article","@id":"https:\/\/ciac.pt\/en\/news\/pedro-alves-da-veiga-will-be-a-guest-speaker-at-the-session-lights-from-the-past-colors-of-the-present\/#article","isPartOf":{"@id":"https:\/\/ciac.pt\/en\/news\/pedro-alves-da-veiga-will-be-a-guest-speaker-at-the-session-lights-from-the-past-colors-of-the-present\/"},"author":{"name":"editor1","@id":"https:\/\/ciac.pt\/en\/#\/schema\/person\/3def46b976d3f4c0cdcf7c417cb570be"},"headline":"Pedro Alves da Veiga will be a guest speaker at the session Lights from the Past, Colors of the Present","datePublished":"2024-04-30T07:00:00+00:00","dateModified":"2024-08-27T14:27:04+00:00","mainEntityOfPage":{"@id":"https:\/\/ciac.pt\/en\/news\/pedro-alves-da-veiga-will-be-a-guest-speaker-at-the-session-lights-from-the-past-colors-of-the-present\/"},"wordCount":167,"publisher":{"@id":"https:\/\/ciac.pt\/en\/#organization"},"image":{"@id":"https:\/\/ciac.pt\/en\/news\/pedro-alves-da-veiga-will-be-a-guest-speaker-at-the-session-lights-from-the-past-colors-of-the-present\/#primaryimage"},"thumbnailUrl":"https:\/\/ciac.pt\/wp-content\/uploads\/2024\/04\/investigador-e-dos-oradores.png","keywords":["Dissemination"],"articleSection":["News"],"inLanguage":"en-US"},{"@type":"WebPage","@id":"https:\/\/ciac.pt\/en\/news\/pedro-alves-da-veiga-will-be-a-guest-speaker-at-the-session-lights-from-the-past-colors-of-the-present\/","url":"https:\/\/ciac.pt\/en\/news\/pedro-alves-da-veiga-will-be-a-guest-speaker-at-the-session-lights-from-the-past-colors-of-the-present\/","name":"Pedro Alves da Veiga will be a guest speaker at the session Lights from the Past, Colors of the Present - CIAC","isPartOf":{"@id":"https:\/\/ciac.pt\/en\/#website"},"primaryImageOfPage":{"@id":"https:\/\/ciac.pt\/en\/news\/pedro-alves-da-veiga-will-be-a-guest-speaker-at-the-session-lights-from-the-past-colors-of-the-present\/#primaryimage"},"image":{"@id":"https:\/\/ciac.pt\/en\/news\/pedro-alves-da-veiga-will-be-a-guest-speaker-at-the-session-lights-from-the-past-colors-of-the-present\/#primaryimage"},"thumbnailUrl":"https:\/\/ciac.pt\/wp-content\/uploads\/2024\/04\/investigador-e-dos-oradores.png","datePublished":"2024-04-30T07:00:00+00:00","dateModified":"2024-08-27T14:27:04+00:00","breadcrumb":{"@id":"https:\/\/ciac.pt\/en\/news\/pedro-alves-da-veiga-will-be-a-guest-speaker-at-the-session-lights-from-the-past-colors-of-the-present\/#breadcrumb"},"inLanguage":"en-US","potentialAction":[{"@type":"ReadAction","target":["https:\/\/ciac.pt\/en\/news\/pedro-alves-da-veiga-will-be-a-guest-speaker-at-the-session-lights-from-the-past-colors-of-the-present\/"]}]},{"@type":"ImageObject","inLanguage":"en-US","@id":"https:\/\/ciac.pt\/en\/news\/pedro-alves-da-veiga-will-be-a-guest-speaker-at-the-session-lights-from-the-past-colors-of-the-present\/#primaryimage","url":"https:\/\/ciac.pt\/wp-content\/uploads\/2024\/04\/investigador-e-dos-oradores.png","contentUrl":"https:\/\/ciac.pt\/wp-content\/uploads\/2024\/04\/investigador-e-dos-oradores.png","width":1620,"height":1215},{"@type":"BreadcrumbList","@id":"https:\/\/ciac.pt\/en\/news\/pedro-alves-da-veiga-will-be-a-guest-speaker-at-the-session-lights-from-the-past-colors-of-the-present\/#breadcrumb","itemListElement":[{"@type":"ListItem","position":1,"name":"In\u00edcio","item":"https:\/\/ciac.pt\/en\/"},{"@type":"ListItem","position":2,"name":"Pedro Alves da Veiga will be a guest speaker at the session Lights from the Past, Colors of the Present"}]},{"@type":"WebSite","@id":"https:\/\/ciac.pt\/en\/#website","url":"https:\/\/ciac.pt\/en\/","name":"CIAC","description":"Centro de Investiga\u00e7\u00e3o em Artes e Comunica\u00e7\u00e3o","publisher":{"@id":"https:\/\/ciac.pt\/en\/#organization"},"potentialAction":[{"@type":"SearchAction","target":{"@type":"EntryPoint","urlTemplate":"https:\/\/ciac.pt\/en\/?s={search_term_string}"},"query-input":{"@type":"PropertyValueSpecification","valueRequired":true,"valueName":"search_term_string"}}],"inLanguage":"en-US"},{"@type":"Organization","@id":"https:\/\/ciac.pt\/en\/#organization","name":"CIAC","url":"https:\/\/ciac.pt\/en\/","logo":{"@type":"ImageObject","inLanguage":"en-US","@id":"https:\/\/ciac.pt\/en\/#\/schema\/logo\/image\/","url":"https:\/\/ciac.pt\/wp-content\/uploads\/2022\/06\/logo.svg","contentUrl":"https:\/\/ciac.pt\/wp-content\/uploads\/2022\/06\/logo.svg","width":184,"height":51,"caption":"CIAC"},"image":{"@id":"https:\/\/ciac.pt\/en\/#\/schema\/logo\/image\/"}},{"@type":"Person","@id":"https:\/\/ciac.pt\/en\/#\/schema\/person\/3def46b976d3f4c0cdcf7c417cb570be","name":"editor1","image":{"@type":"ImageObject","inLanguage":"en-US","@id":"https:\/\/secure.gravatar.com\/avatar\/4d8eb3157f61df03731fd8bf031b56d1d9241759e8f8c07d4d7e51d2f858c821?s=96&d=mm&r=g","url":"https:\/\/secure.gravatar.com\/avatar\/4d8eb3157f61df03731fd8bf031b56d1d9241759e8f8c07d4d7e51d2f858c821?s=96&d=mm&r=g","contentUrl":"https:\/\/secure.gravatar.com\/avatar\/4d8eb3157f61df03731fd8bf031b56d1d9241759e8f8c07d4d7e51d2f858c821?s=96&d=mm&r=g","caption":"editor1"},"url":"https:\/\/ciac.pt\/en\/author\/editor1\/"}]}},"author_meta":{"display_name":"editor1","author_link":"https:\/\/ciac.pt\/en\/author\/editor1\/"},"featured_img":"https:\/\/ciac.pt\/wp-content\/uploads\/2024\/04\/investigador-e-dos-oradores-300x225.png","coauthors":[],"tax_additional":{"categories":{"linked":["<a href=\"https:\/\/ciac.pt\/en\/.\/news\/\" class=\"advgb-post-tax-term\">News<\/a>"],"unlinked":["<span class=\"advgb-post-tax-term\">News<\/span>"]},"tags":{"linked":["<a href=\"https:\/\/ciac.pt\/en\/.\/news\/\" class=\"advgb-post-tax-term\">Dissemination<\/a>"],"unlinked":["<span class=\"advgb-post-tax-term\">Dissemination<\/span>"]}},"comment_count":0,"relative_dates":{"created":"Posted 2 years ago","modified":"Updated 2 years ago"},"absolute_dates":{"created":"Posted on 30\/04\/2024","modified":"Updated on 27\/08\/2024"},"absolute_dates_time":{"created":"Posted on 30\/04\/2024 8:00","modified":"Updated on 27\/08\/2024 15:27"},"featured_img_caption":"","series_order":"","_links":{"self":[{"href":"https:\/\/ciac.pt\/en\/wp-json\/wp\/v2\/posts\/6515","targetHints":{"allow":["GET"]}}],"collection":[{"href":"https:\/\/ciac.pt\/en\/wp-json\/wp\/v2\/posts"}],"about":[{"href":"https:\/\/ciac.pt\/en\/wp-json\/wp\/v2\/types\/post"}],"author":[{"embeddable":true,"href":"https:\/\/ciac.pt\/en\/wp-json\/wp\/v2\/users\/3"}],"replies":[{"embeddable":true,"href":"https:\/\/ciac.pt\/en\/wp-json\/wp\/v2\/comments?post=6515"}],"version-history":[{"count":3,"href":"https:\/\/ciac.pt\/en\/wp-json\/wp\/v2\/posts\/6515\/revisions"}],"predecessor-version":[{"id":7220,"href":"https:\/\/ciac.pt\/en\/wp-json\/wp\/v2\/posts\/6515\/revisions\/7220"}],"wp:featuredmedia":[{"embeddable":true,"href":"https:\/\/ciac.pt\/en\/wp-json\/wp\/v2\/media\/6441"}],"wp:attachment":[{"href":"https:\/\/ciac.pt\/en\/wp-json\/wp\/v2\/media?parent=6515"}],"wp:term":[{"taxonomy":"category","embeddable":true,"href":"https:\/\/ciac.pt\/en\/wp-json\/wp\/v2\/categories?post=6515"},{"taxonomy":"post_tag","embeddable":true,"href":"https:\/\/ciac.pt\/en\/wp-json\/wp\/v2\/tags?post=6515"}],"curies":[{"name":"wp","href":"https:\/\/api.w.org\/{rel}","templated":true}]}}