{"id":6520,"date":"2024-05-03T12:19:49","date_gmt":"2024-05-03T11:19:49","guid":{"rendered":"https:\/\/ciac.pt\/?p=6520"},"modified":"2024-06-13T11:22:01","modified_gmt":"2024-06-13T10:22:01","slug":"save-the-date-props-meeting-digital-diversity-tolerance-and-online-inclusion-takes-place-on-july-4th","status":"publish","type":"post","link":"https:\/\/ciac.pt\/en\/news\/save-the-date-props-meeting-digital-diversity-tolerance-and-online-inclusion-takes-place-on-july-4th\/","title":{"rendered":"SAVE THE DATE \u2013 PROPS Meeting: Digital Diversity, Tolerance, and Online Inclusion takes place on July 4th"},"content":{"rendered":"\n<div class=\"wp-block-group alignwide\"><div class=\"wp-block-group__inner-container is-layout-constrained wp-block-group-is-layout-constrained\">\n\n\n\n\n<figure class=\"wp-block-image size-large is-resized\"><a href=\"https:\/\/ciac.pt\/wp-content\/uploads\/2024\/05\/Destaque6-1024x722.jpg\"><img decoding=\"async\" width=\"1024\" height=\"722\" data-src=\"https:\/\/ciac.pt\/wp-content\/uploads\/2024\/05\/Destaque6-1024x722.jpg\" alt=\"\" class=\"wp-image-6550 lazyload\" style=\"--smush-placeholder-width: 1024px; --smush-placeholder-aspect-ratio: 1024\/722;width:auto;height:300px\" data-srcset=\"https:\/\/ciac.pt\/wp-content\/uploads\/2024\/05\/Destaque6-1024x722.jpg 1024w, https:\/\/ciac.pt\/wp-content\/uploads\/2024\/05\/Destaque6-300x211.jpg 300w, https:\/\/ciac.pt\/wp-content\/uploads\/2024\/05\/Destaque6-768x541.jpg 768w, https:\/\/ciac.pt\/wp-content\/uploads\/2024\/05\/Destaque6.jpg 1240w\" data-sizes=\"(max-width: 1024px) 100vw, 1024px\" src=\"data:image\/svg+xml;base64,PHN2ZyB3aWR0aD0iMSIgaGVpZ2h0PSIxIiB4bWxucz0iaHR0cDovL3d3dy53My5vcmcvMjAwMC9zdmciPjwvc3ZnPg==\" \/><\/a><\/figure>\n\n\n<h1 class=\"wp-block-post-title\">SAVE THE DATE \u2013 PROPS Meeting: Digital Diversity, Tolerance, and Online Inclusion takes place on July 4th<\/h1>\n\n<div class=\"wp-block-post-date has-text-color has-cyan-bluish-gray-color\"><time datetime=\"2024-05-03T12:19:49+01:00\">03\/05\/2024<\/time><\/div>\n\n\n<hr class=\"wp-block-separator has-text-color has-white-color has-alpha-channel-opacity has-white-background-color has-background\"\/>\n\n\n\n<p>The PROPS project \u2013 <em>Interactive Narratives Propose Pluralistic Discourse<\/em> organizes the<em> meeting <strong>&#8220;PROPS: Digital Diversity, Tolerance, and Online Inclusion&#8221;<\/strong><\/em> on July 4, 2024.<\/p>\n\n\n\n<p>This event will serve as a platform to disseminate and discuss results and to present the six interactive narratives produced by <strong><em>PROPS<\/em><\/strong> researchers, coordinated by researcher Bruno Mendes da Silva and Ana Filipa Martins. The aim is to engage and motivate teachers, educators, and young students to reflect on and discuss the issue of online hate speech.<\/p>\n\n\n\n<p>The meeting will feature V\u00edtor Tom\u00e9, a lecturer at the Universidade Aut\u00f3noma de Lisboa and researcher at Iscte-Instituto Universit\u00e1rio de Lisboa, as one of the main speakers, along with representatives from national institutions such as SeguraNet and MetaRed, entities operating in the fields of cybersecurity and the use of ICT in academic contexts.<\/p>\n\n\n\n<p>In addition to presentations, there will also be space for two accredited masterclasses, relevant for career progression for Teachers in Basic and Secondary Education. This effort stems from a recent partnership between CIAC and the Centro de Forma\u00e7\u00e3o da Ria Formosa, Associa\u00e7\u00e3o de Escolas Faro \u2013 Olh\u00e3o.<\/p>\n\n\n\n<p>The &#8220;PROPS: Digital Diversity, Tolerance, and Online Inclusion&#8221; Meeting, marking the conclusion of another CIAC project, will take place throughout the day on July 4 in Auditorium 1.5 of the Pedagogical Complex on the Campus da Penha at the University of Algarve.<\/p>\n\n\n\n<p>Admission is free, and participation in the event grants a participation certificate upon registration (<a href=\"https:\/\/forms.gle\/p8TtZgNV5pyxcV6r7\" data-type=\"link\" data-id=\"https:\/\/docs.google.com\/forms\/d\/1ji-ltWgYSEYmgKlJmSoZ8bwzyHQ74HhjzOVyqatvIIs\/edit\">here<\/a>).<\/p>\n\n\n\n<p>More information coming soon.<\/p>\n<\/div><\/div>\n","protected":false},"excerpt":{"rendered":"<p>The PROPS project \u2013 Interactive Narratives Propose Pluralistic Discourse organizes the meeting<\/p>\n","protected":false},"author":3,"featured_media":6550,"comment_status":"closed","ping_status":"closed","sticky":false,"template":"","format":"standard","meta":{"_eb_attr":"","inline_featured_image":false,"advgb_blocks_editor_width":"","advgb_blocks_columns_visual_guide":"","footnotes":"","_links_to":"","_links_to_target":""},"categories":[61],"tags":[128],"class_list":["post-6520","post","type-post","status-publish","format-standard","has-post-thumbnail","hentry","category-news","tag-event"],"yoast_head":"<!-- This site is optimized with the Yoast SEO plugin v27.4 - https:\/\/yoast.com\/product\/yoast-seo-wordpress\/ -->\n<title>SAVE THE DATE \u2013 PROPS Meeting: Digital Diversity, Tolerance, and Online Inclusion takes place on July 4th - CIAC<\/title>\n<meta name=\"robots\" content=\"index, follow, max-snippet:-1, max-image-preview:large, max-video-preview:-1\" \/>\n<link rel=\"canonical\" href=\"https:\/\/ciac.pt\/en\/news\/save-the-date-props-meeting-digital-diversity-tolerance-and-online-inclusion-takes-place-on-july-4th\/\" \/>\n<meta property=\"og:locale\" content=\"en_US\" \/>\n<meta property=\"og:type\" content=\"article\" \/>\n<meta property=\"og:title\" content=\"SAVE THE DATE \u2013 PROPS Meeting: Digital Diversity, Tolerance, and Online Inclusion takes place on July 4th - CIAC\" \/>\n<meta property=\"og:description\" content=\"The PROPS project \u2013 Interactive Narratives Propose Pluralistic Discourse organizes the meeting\" \/>\n<meta property=\"og:url\" content=\"https:\/\/ciac.pt\/en\/news\/save-the-date-props-meeting-digital-diversity-tolerance-and-online-inclusion-takes-place-on-july-4th\/\" \/>\n<meta property=\"og:site_name\" content=\"CIAC\" \/>\n<meta property=\"article:published_time\" content=\"2024-05-03T11:19:49+00:00\" \/>\n<meta property=\"article:modified_time\" content=\"2024-06-13T10:22:01+00:00\" \/>\n<meta property=\"og:image\" content=\"https:\/\/ciac.pt\/wp-content\/uploads\/2024\/05\/Destaque6.jpg\" \/>\n\t<meta property=\"og:image:width\" content=\"1240\" \/>\n\t<meta property=\"og:image:height\" content=\"874\" \/>\n\t<meta property=\"og:image:type\" content=\"image\/jpeg\" \/>\n<meta name=\"author\" content=\"editor1\" \/>\n<meta name=\"twitter:card\" content=\"summary_large_image\" \/>\n<meta name=\"twitter:label1\" content=\"Written by\" \/>\n\t<meta name=\"twitter:data1\" content=\"editor1\" \/>\n\t<meta name=\"twitter:label2\" content=\"Est. reading time\" \/>\n\t<meta name=\"twitter:data2\" content=\"1 minute\" \/>\n<script type=\"application\/ld+json\" class=\"yoast-schema-graph\">{\"@context\":\"https:\\\/\\\/schema.org\",\"@graph\":[{\"@type\":\"Article\",\"@id\":\"https:\\\/\\\/ciac.pt\\\/en\\\/news\\\/save-the-date-props-meeting-digital-diversity-tolerance-and-online-inclusion-takes-place-on-july-4th\\\/#article\",\"isPartOf\":{\"@id\":\"https:\\\/\\\/ciac.pt\\\/en\\\/news\\\/save-the-date-props-meeting-digital-diversity-tolerance-and-online-inclusion-takes-place-on-july-4th\\\/\"},\"author\":{\"name\":\"editor1\",\"@id\":\"https:\\\/\\\/ciac.pt\\\/en\\\/#\\\/schema\\\/person\\\/3def46b976d3f4c0cdcf7c417cb570be\"},\"headline\":\"SAVE THE DATE \u2013 PROPS Meeting: Digital Diversity, Tolerance, and Online Inclusion takes place on July 4th\",\"datePublished\":\"2024-05-03T11:19:49+00:00\",\"dateModified\":\"2024-06-13T10:22:01+00:00\",\"mainEntityOfPage\":{\"@id\":\"https:\\\/\\\/ciac.pt\\\/en\\\/news\\\/save-the-date-props-meeting-digital-diversity-tolerance-and-online-inclusion-takes-place-on-july-4th\\\/\"},\"wordCount\":260,\"publisher\":{\"@id\":\"https:\\\/\\\/ciac.pt\\\/en\\\/#organization\"},\"image\":{\"@id\":\"https:\\\/\\\/ciac.pt\\\/en\\\/news\\\/save-the-date-props-meeting-digital-diversity-tolerance-and-online-inclusion-takes-place-on-july-4th\\\/#primaryimage\"},\"thumbnailUrl\":\"https:\\\/\\\/ciac.pt\\\/wp-content\\\/uploads\\\/2024\\\/05\\\/Destaque6.jpg\",\"keywords\":[\"Event\"],\"articleSection\":[\"News\"],\"inLanguage\":\"en-US\"},{\"@type\":\"WebPage\",\"@id\":\"https:\\\/\\\/ciac.pt\\\/en\\\/news\\\/save-the-date-props-meeting-digital-diversity-tolerance-and-online-inclusion-takes-place-on-july-4th\\\/\",\"url\":\"https:\\\/\\\/ciac.pt\\\/en\\\/news\\\/save-the-date-props-meeting-digital-diversity-tolerance-and-online-inclusion-takes-place-on-july-4th\\\/\",\"name\":\"SAVE THE DATE \u2013 PROPS Meeting: Digital Diversity, Tolerance, and Online Inclusion takes place on July 4th - CIAC\",\"isPartOf\":{\"@id\":\"https:\\\/\\\/ciac.pt\\\/en\\\/#website\"},\"primaryImageOfPage\":{\"@id\":\"https:\\\/\\\/ciac.pt\\\/en\\\/news\\\/save-the-date-props-meeting-digital-diversity-tolerance-and-online-inclusion-takes-place-on-july-4th\\\/#primaryimage\"},\"image\":{\"@id\":\"https:\\\/\\\/ciac.pt\\\/en\\\/news\\\/save-the-date-props-meeting-digital-diversity-tolerance-and-online-inclusion-takes-place-on-july-4th\\\/#primaryimage\"},\"thumbnailUrl\":\"https:\\\/\\\/ciac.pt\\\/wp-content\\\/uploads\\\/2024\\\/05\\\/Destaque6.jpg\",\"datePublished\":\"2024-05-03T11:19:49+00:00\",\"dateModified\":\"2024-06-13T10:22:01+00:00\",\"breadcrumb\":{\"@id\":\"https:\\\/\\\/ciac.pt\\\/en\\\/news\\\/save-the-date-props-meeting-digital-diversity-tolerance-and-online-inclusion-takes-place-on-july-4th\\\/#breadcrumb\"},\"inLanguage\":\"en-US\",\"potentialAction\":[{\"@type\":\"ReadAction\",\"target\":[\"https:\\\/\\\/ciac.pt\\\/en\\\/news\\\/save-the-date-props-meeting-digital-diversity-tolerance-and-online-inclusion-takes-place-on-july-4th\\\/\"]}]},{\"@type\":\"ImageObject\",\"inLanguage\":\"en-US\",\"@id\":\"https:\\\/\\\/ciac.pt\\\/en\\\/news\\\/save-the-date-props-meeting-digital-diversity-tolerance-and-online-inclusion-takes-place-on-july-4th\\\/#primaryimage\",\"url\":\"https:\\\/\\\/ciac.pt\\\/wp-content\\\/uploads\\\/2024\\\/05\\\/Destaque6.jpg\",\"contentUrl\":\"https:\\\/\\\/ciac.pt\\\/wp-content\\\/uploads\\\/2024\\\/05\\\/Destaque6.jpg\",\"width\":1240,\"height\":874},{\"@type\":\"BreadcrumbList\",\"@id\":\"https:\\\/\\\/ciac.pt\\\/en\\\/news\\\/save-the-date-props-meeting-digital-diversity-tolerance-and-online-inclusion-takes-place-on-july-4th\\\/#breadcrumb\",\"itemListElement\":[{\"@type\":\"ListItem\",\"position\":1,\"name\":\"In\u00edcio\",\"item\":\"https:\\\/\\\/ciac.pt\\\/en\\\/\"},{\"@type\":\"ListItem\",\"position\":2,\"name\":\"SAVE THE DATE \u2013 PROPS Meeting: Digital Diversity, Tolerance, and Online Inclusion takes place on July 4th\"}]},{\"@type\":\"WebSite\",\"@id\":\"https:\\\/\\\/ciac.pt\\\/en\\\/#website\",\"url\":\"https:\\\/\\\/ciac.pt\\\/en\\\/\",\"name\":\"CIAC\",\"description\":\"Centro de Investiga\u00e7\u00e3o em Artes e Comunica\u00e7\u00e3o\",\"publisher\":{\"@id\":\"https:\\\/\\\/ciac.pt\\\/en\\\/#organization\"},\"potentialAction\":[{\"@type\":\"SearchAction\",\"target\":{\"@type\":\"EntryPoint\",\"urlTemplate\":\"https:\\\/\\\/ciac.pt\\\/en\\\/?s={search_term_string}\"},\"query-input\":{\"@type\":\"PropertyValueSpecification\",\"valueRequired\":true,\"valueName\":\"search_term_string\"}}],\"inLanguage\":\"en-US\"},{\"@type\":\"Organization\",\"@id\":\"https:\\\/\\\/ciac.pt\\\/en\\\/#organization\",\"name\":\"CIAC\",\"url\":\"https:\\\/\\\/ciac.pt\\\/en\\\/\",\"logo\":{\"@type\":\"ImageObject\",\"inLanguage\":\"en-US\",\"@id\":\"https:\\\/\\\/ciac.pt\\\/en\\\/#\\\/schema\\\/logo\\\/image\\\/\",\"url\":\"https:\\\/\\\/ciac.pt\\\/wp-content\\\/uploads\\\/2022\\\/06\\\/logo.svg\",\"contentUrl\":\"https:\\\/\\\/ciac.pt\\\/wp-content\\\/uploads\\\/2022\\\/06\\\/logo.svg\",\"width\":184,\"height\":51,\"caption\":\"CIAC\"},\"image\":{\"@id\":\"https:\\\/\\\/ciac.pt\\\/en\\\/#\\\/schema\\\/logo\\\/image\\\/\"}},{\"@type\":\"Person\",\"@id\":\"https:\\\/\\\/ciac.pt\\\/en\\\/#\\\/schema\\\/person\\\/3def46b976d3f4c0cdcf7c417cb570be\",\"name\":\"editor1\",\"image\":{\"@type\":\"ImageObject\",\"inLanguage\":\"en-US\",\"@id\":\"https:\\\/\\\/secure.gravatar.com\\\/avatar\\\/4d8eb3157f61df03731fd8bf031b56d1d9241759e8f8c07d4d7e51d2f858c821?s=96&d=mm&r=g\",\"url\":\"https:\\\/\\\/secure.gravatar.com\\\/avatar\\\/4d8eb3157f61df03731fd8bf031b56d1d9241759e8f8c07d4d7e51d2f858c821?s=96&d=mm&r=g\",\"contentUrl\":\"https:\\\/\\\/secure.gravatar.com\\\/avatar\\\/4d8eb3157f61df03731fd8bf031b56d1d9241759e8f8c07d4d7e51d2f858c821?s=96&d=mm&r=g\",\"caption\":\"editor1\"},\"url\":\"https:\\\/\\\/ciac.pt\\\/en\\\/author\\\/editor1\\\/\"}]}<\/script>\n<!-- \/ Yoast SEO plugin. -->","yoast_head_json":{"title":"SAVE THE DATE \u2013 PROPS Meeting: Digital Diversity, Tolerance, and Online Inclusion takes place on July 4th - CIAC","robots":{"index":"index","follow":"follow","max-snippet":"max-snippet:-1","max-image-preview":"max-image-preview:large","max-video-preview":"max-video-preview:-1"},"canonical":"https:\/\/ciac.pt\/en\/news\/save-the-date-props-meeting-digital-diversity-tolerance-and-online-inclusion-takes-place-on-july-4th\/","og_locale":"en_US","og_type":"article","og_title":"SAVE THE DATE \u2013 PROPS Meeting: Digital Diversity, Tolerance, and Online Inclusion takes place on July 4th - CIAC","og_description":"The PROPS project \u2013 Interactive Narratives Propose Pluralistic Discourse organizes the meeting","og_url":"https:\/\/ciac.pt\/en\/news\/save-the-date-props-meeting-digital-diversity-tolerance-and-online-inclusion-takes-place-on-july-4th\/","og_site_name":"CIAC","article_published_time":"2024-05-03T11:19:49+00:00","article_modified_time":"2024-06-13T10:22:01+00:00","og_image":[{"width":1240,"height":874,"url":"https:\/\/ciac.pt\/wp-content\/uploads\/2024\/05\/Destaque6.jpg","type":"image\/jpeg"}],"author":"editor1","twitter_card":"summary_large_image","twitter_misc":{"Written by":"editor1","Est. reading time":"1 minute"},"schema":{"@context":"https:\/\/schema.org","@graph":[{"@type":"Article","@id":"https:\/\/ciac.pt\/en\/news\/save-the-date-props-meeting-digital-diversity-tolerance-and-online-inclusion-takes-place-on-july-4th\/#article","isPartOf":{"@id":"https:\/\/ciac.pt\/en\/news\/save-the-date-props-meeting-digital-diversity-tolerance-and-online-inclusion-takes-place-on-july-4th\/"},"author":{"name":"editor1","@id":"https:\/\/ciac.pt\/en\/#\/schema\/person\/3def46b976d3f4c0cdcf7c417cb570be"},"headline":"SAVE THE DATE \u2013 PROPS Meeting: Digital Diversity, Tolerance, and Online Inclusion takes place on July 4th","datePublished":"2024-05-03T11:19:49+00:00","dateModified":"2024-06-13T10:22:01+00:00","mainEntityOfPage":{"@id":"https:\/\/ciac.pt\/en\/news\/save-the-date-props-meeting-digital-diversity-tolerance-and-online-inclusion-takes-place-on-july-4th\/"},"wordCount":260,"publisher":{"@id":"https:\/\/ciac.pt\/en\/#organization"},"image":{"@id":"https:\/\/ciac.pt\/en\/news\/save-the-date-props-meeting-digital-diversity-tolerance-and-online-inclusion-takes-place-on-july-4th\/#primaryimage"},"thumbnailUrl":"https:\/\/ciac.pt\/wp-content\/uploads\/2024\/05\/Destaque6.jpg","keywords":["Event"],"articleSection":["News"],"inLanguage":"en-US"},{"@type":"WebPage","@id":"https:\/\/ciac.pt\/en\/news\/save-the-date-props-meeting-digital-diversity-tolerance-and-online-inclusion-takes-place-on-july-4th\/","url":"https:\/\/ciac.pt\/en\/news\/save-the-date-props-meeting-digital-diversity-tolerance-and-online-inclusion-takes-place-on-july-4th\/","name":"SAVE THE DATE \u2013 PROPS Meeting: Digital Diversity, Tolerance, and Online Inclusion takes place on July 4th - CIAC","isPartOf":{"@id":"https:\/\/ciac.pt\/en\/#website"},"primaryImageOfPage":{"@id":"https:\/\/ciac.pt\/en\/news\/save-the-date-props-meeting-digital-diversity-tolerance-and-online-inclusion-takes-place-on-july-4th\/#primaryimage"},"image":{"@id":"https:\/\/ciac.pt\/en\/news\/save-the-date-props-meeting-digital-diversity-tolerance-and-online-inclusion-takes-place-on-july-4th\/#primaryimage"},"thumbnailUrl":"https:\/\/ciac.pt\/wp-content\/uploads\/2024\/05\/Destaque6.jpg","datePublished":"2024-05-03T11:19:49+00:00","dateModified":"2024-06-13T10:22:01+00:00","breadcrumb":{"@id":"https:\/\/ciac.pt\/en\/news\/save-the-date-props-meeting-digital-diversity-tolerance-and-online-inclusion-takes-place-on-july-4th\/#breadcrumb"},"inLanguage":"en-US","potentialAction":[{"@type":"ReadAction","target":["https:\/\/ciac.pt\/en\/news\/save-the-date-props-meeting-digital-diversity-tolerance-and-online-inclusion-takes-place-on-july-4th\/"]}]},{"@type":"ImageObject","inLanguage":"en-US","@id":"https:\/\/ciac.pt\/en\/news\/save-the-date-props-meeting-digital-diversity-tolerance-and-online-inclusion-takes-place-on-july-4th\/#primaryimage","url":"https:\/\/ciac.pt\/wp-content\/uploads\/2024\/05\/Destaque6.jpg","contentUrl":"https:\/\/ciac.pt\/wp-content\/uploads\/2024\/05\/Destaque6.jpg","width":1240,"height":874},{"@type":"BreadcrumbList","@id":"https:\/\/ciac.pt\/en\/news\/save-the-date-props-meeting-digital-diversity-tolerance-and-online-inclusion-takes-place-on-july-4th\/#breadcrumb","itemListElement":[{"@type":"ListItem","position":1,"name":"In\u00edcio","item":"https:\/\/ciac.pt\/en\/"},{"@type":"ListItem","position":2,"name":"SAVE THE DATE \u2013 PROPS Meeting: Digital Diversity, Tolerance, and Online Inclusion takes place on July 4th"}]},{"@type":"WebSite","@id":"https:\/\/ciac.pt\/en\/#website","url":"https:\/\/ciac.pt\/en\/","name":"CIAC","description":"Centro de Investiga\u00e7\u00e3o em Artes e Comunica\u00e7\u00e3o","publisher":{"@id":"https:\/\/ciac.pt\/en\/#organization"},"potentialAction":[{"@type":"SearchAction","target":{"@type":"EntryPoint","urlTemplate":"https:\/\/ciac.pt\/en\/?s={search_term_string}"},"query-input":{"@type":"PropertyValueSpecification","valueRequired":true,"valueName":"search_term_string"}}],"inLanguage":"en-US"},{"@type":"Organization","@id":"https:\/\/ciac.pt\/en\/#organization","name":"CIAC","url":"https:\/\/ciac.pt\/en\/","logo":{"@type":"ImageObject","inLanguage":"en-US","@id":"https:\/\/ciac.pt\/en\/#\/schema\/logo\/image\/","url":"https:\/\/ciac.pt\/wp-content\/uploads\/2022\/06\/logo.svg","contentUrl":"https:\/\/ciac.pt\/wp-content\/uploads\/2022\/06\/logo.svg","width":184,"height":51,"caption":"CIAC"},"image":{"@id":"https:\/\/ciac.pt\/en\/#\/schema\/logo\/image\/"}},{"@type":"Person","@id":"https:\/\/ciac.pt\/en\/#\/schema\/person\/3def46b976d3f4c0cdcf7c417cb570be","name":"editor1","image":{"@type":"ImageObject","inLanguage":"en-US","@id":"https:\/\/secure.gravatar.com\/avatar\/4d8eb3157f61df03731fd8bf031b56d1d9241759e8f8c07d4d7e51d2f858c821?s=96&d=mm&r=g","url":"https:\/\/secure.gravatar.com\/avatar\/4d8eb3157f61df03731fd8bf031b56d1d9241759e8f8c07d4d7e51d2f858c821?s=96&d=mm&r=g","contentUrl":"https:\/\/secure.gravatar.com\/avatar\/4d8eb3157f61df03731fd8bf031b56d1d9241759e8f8c07d4d7e51d2f858c821?s=96&d=mm&r=g","caption":"editor1"},"url":"https:\/\/ciac.pt\/en\/author\/editor1\/"}]}},"author_meta":{"display_name":"editor1","author_link":"https:\/\/ciac.pt\/en\/author\/editor1\/"},"featured_img":"https:\/\/ciac.pt\/wp-content\/uploads\/2024\/05\/Destaque6-300x211.jpg","coauthors":[],"tax_additional":{"categories":{"linked":["<a href=\"https:\/\/ciac.pt\/en\/.\/news\/\" class=\"advgb-post-tax-term\">News<\/a>"],"unlinked":["<span class=\"advgb-post-tax-term\">News<\/span>"]},"tags":{"linked":["<a href=\"https:\/\/ciac.pt\/en\/.\/news\/\" class=\"advgb-post-tax-term\">Event<\/a>"],"unlinked":["<span class=\"advgb-post-tax-term\">Event<\/span>"]}},"comment_count":0,"relative_dates":{"created":"Posted 2 years ago","modified":"Updated 2 years ago"},"absolute_dates":{"created":"Posted on 03\/05\/2024","modified":"Updated on 13\/06\/2024"},"absolute_dates_time":{"created":"Posted on 03\/05\/2024 12:19","modified":"Updated on 13\/06\/2024 11:22"},"featured_img_caption":"","series_order":"","_links":{"self":[{"href":"https:\/\/ciac.pt\/en\/wp-json\/wp\/v2\/posts\/6520","targetHints":{"allow":["GET"]}}],"collection":[{"href":"https:\/\/ciac.pt\/en\/wp-json\/wp\/v2\/posts"}],"about":[{"href":"https:\/\/ciac.pt\/en\/wp-json\/wp\/v2\/types\/post"}],"author":[{"embeddable":true,"href":"https:\/\/ciac.pt\/en\/wp-json\/wp\/v2\/users\/3"}],"replies":[{"embeddable":true,"href":"https:\/\/ciac.pt\/en\/wp-json\/wp\/v2\/comments?post=6520"}],"version-history":[{"count":8,"href":"https:\/\/ciac.pt\/en\/wp-json\/wp\/v2\/posts\/6520\/revisions"}],"predecessor-version":[{"id":7604,"href":"https:\/\/ciac.pt\/en\/wp-json\/wp\/v2\/posts\/6520\/revisions\/7604"}],"wp:featuredmedia":[{"embeddable":true,"href":"https:\/\/ciac.pt\/en\/wp-json\/wp\/v2\/media\/6550"}],"wp:attachment":[{"href":"https:\/\/ciac.pt\/en\/wp-json\/wp\/v2\/media?parent=6520"}],"wp:term":[{"taxonomy":"category","embeddable":true,"href":"https:\/\/ciac.pt\/en\/wp-json\/wp\/v2\/categories?post=6520"},{"taxonomy":"post_tag","embeddable":true,"href":"https:\/\/ciac.pt\/en\/wp-json\/wp\/v2\/tags?post=6520"}],"curies":[{"name":"wp","href":"https:\/\/api.w.org\/{rel}","templated":true}]}}