{"id":7371,"date":"2024-06-04T16:55:10","date_gmt":"2024-06-04T15:55:10","guid":{"rendered":"https:\/\/ciac.pt\/?p=7371"},"modified":"2024-08-27T15:27:04","modified_gmt":"2024-08-27T14:27:04","slug":"silvia-leiria-viegas-participates-in-the-workshop-practitioners-companion-to-decolonisation","status":"publish","type":"post","link":"https:\/\/ciac.pt\/en\/news\/silvia-leiria-viegas-participates-in-the-workshop-practitioners-companion-to-decolonisation\/","title":{"rendered":"S\u00edlvia Leiria Viegas Participates in the Workshop Practitioner\u2019s Companion to Decolonisation"},"content":{"rendered":"\n<div class=\"wp-block-group alignwide\"><div class=\"wp-block-group__inner-container is-layout-constrained wp-block-group-is-layout-constrained\">\n\n\n\n\n<figure class=\"wp-block-image size-large is-resized\"><a href=\"https:\/\/ciac.pt\/wp-content\/uploads\/2024\/06\/mapa-mundo-1.jpg\"><img decoding=\"async\" width=\"1024\" height=\"768\" data-src=\"https:\/\/ciac.pt\/wp-content\/uploads\/2024\/06\/mapa-mundo-1-1024x768.jpg\" alt=\"\" class=\"wp-image-7368 lazyload\" style=\"--smush-placeholder-width: 1024px; --smush-placeholder-aspect-ratio: 1024\/768;width:auto;height:300px\" data-srcset=\"https:\/\/ciac.pt\/wp-content\/uploads\/2024\/06\/mapa-mundo-1-1024x768.jpg 1024w, https:\/\/ciac.pt\/wp-content\/uploads\/2024\/06\/mapa-mundo-1-300x225.jpg 300w, https:\/\/ciac.pt\/wp-content\/uploads\/2024\/06\/mapa-mundo-1-768x576.jpg 768w, https:\/\/ciac.pt\/wp-content\/uploads\/2024\/06\/mapa-mundo-1-1536x1152.jpg 1536w, https:\/\/ciac.pt\/wp-content\/uploads\/2024\/06\/mapa-mundo-1.jpg 1620w\" data-sizes=\"(max-width: 1024px) 100vw, 1024px\" src=\"data:image\/svg+xml;base64,PHN2ZyB3aWR0aD0iMSIgaGVpZ2h0PSIxIiB4bWxucz0iaHR0cDovL3d3dy53My5vcmcvMjAwMC9zdmciPjwvc3ZnPg==\" \/><\/a><\/figure>\n\n\n<h1 class=\"wp-block-post-title\">S\u00edlvia Leiria Viegas Participates in the Workshop Practitioner\u2019s Companion to Decolonisation<\/h1>\n\n<div class=\"wp-block-post-date has-text-color has-cyan-bluish-gray-color\"><time datetime=\"2024-06-04T16:55:10+01:00\">04\/06\/2024<\/time><\/div>\n\n\n<hr class=\"wp-block-separator has-text-color has-white-color has-alpha-channel-opacity has-white-background-color has-background\"\/>\n\n\n\n<p>S\u00edlvia Leiria Viegas, a researcher at CIAC, is participating in the &#8220;<strong><em>Practitioner\u2019s Companion to Decolonisation<\/em><\/strong>&#8221; workshop, as part of the <em>COST Action CA19129 Decolonising Development<\/em>, which she has been involved with since 2022.<\/p>\n\n\n\n<p>Decolonising Development (DecolDEV) is a four-year COST Action initiative that seeks to reconstruct the concept of development in a non-Eurocentric way, mindful of the epistemically unjust power relations. The Action aims to redefine and diversify the structures, institutions, and spaces where knowledge about development is produced, shared, contested, and implemented.<\/p>\n\n\n\n<p>The workshop will take place from 5 to 7 June 2024 at the Centre for Social Studies (CES) of the University of Coimbra. It is an initiative of Working Group 3 &#8211; Development Practice, led by Jelina Vi\u0107enti\u0107 and Livia Lima. The workshop aims to counteract colonial legacies in development cooperation, aid, and financialisation, which hinder solidarity and decolonial practices.<\/p>\n\n\n\n<p>The Working Group will address issues such as disentangling international cooperation from finance, recognising solidarity and conviviality as practices of international collaboration, and evaluating donor\/beneficiary and expert\/layperson relationships.<\/p>\n\n\n\n<p>Participants in this collaborative writing workshop will also engage in brainstorming sessions and work on the development of a \u201cVocabulary Project\u201d.<\/p>\n\n\n\n<hr class=\"wp-block-separator alignwide has-alpha-channel-opacity is-style-wide separador-mais-info\"\/>\n\n\n\n<p><\/p>\n\n\n<\/div><\/div>\n","protected":false},"excerpt":{"rendered":"<p>S\u00edlvia Leiria Viegas, a researcher at CIAC, is participating in the &#8220;Practitioner\u2019s<\/p>\n","protected":false},"author":3,"featured_media":7367,"comment_status":"closed","ping_status":"closed","sticky":false,"template":"","format":"standard","meta":{"_eb_attr":"","inline_featured_image":false,"advgb_blocks_editor_width":"","advgb_blocks_columns_visual_guide":"","footnotes":"","_links_to":"","_links_to_target":""},"categories":[61],"tags":[139],"class_list":["post-7371","post","type-post","status-publish","format-standard","has-post-thumbnail","hentry","category-news","tag-dissemination"],"yoast_head":"<!-- This site is optimized with the Yoast SEO plugin v27.4 - https:\/\/yoast.com\/product\/yoast-seo-wordpress\/ -->\n<title>S\u00edlvia Leiria Viegas Participates in the Workshop Practitioner\u2019s Companion to Decolonisation - CIAC<\/title>\n<meta name=\"robots\" content=\"index, follow, max-snippet:-1, max-image-preview:large, max-video-preview:-1\" \/>\n<link rel=\"canonical\" href=\"https:\/\/ciac.pt\/en\/news\/silvia-leiria-viegas-participates-in-the-workshop-practitioners-companion-to-decolonisation\/\" \/>\n<meta property=\"og:locale\" content=\"en_US\" \/>\n<meta property=\"og:type\" content=\"article\" \/>\n<meta property=\"og:title\" content=\"S\u00edlvia Leiria Viegas Participates in the Workshop Practitioner\u2019s Companion to Decolonisation - CIAC\" \/>\n<meta property=\"og:description\" content=\"S\u00edlvia Leiria Viegas, a researcher at CIAC, is participating in the &#8220;Practitioner\u2019s\" \/>\n<meta property=\"og:url\" content=\"https:\/\/ciac.pt\/en\/news\/silvia-leiria-viegas-participates-in-the-workshop-practitioners-companion-to-decolonisation\/\" \/>\n<meta property=\"og:site_name\" content=\"CIAC\" \/>\n<meta property=\"article:published_time\" content=\"2024-06-04T15:55:10+00:00\" \/>\n<meta property=\"article:modified_time\" content=\"2024-08-27T14:27:04+00:00\" \/>\n<meta property=\"og:image\" content=\"https:\/\/ciac.pt\/wp-content\/uploads\/2024\/06\/mapa-mundo.jpg\" \/>\n\t<meta property=\"og:image:width\" content=\"1620\" \/>\n\t<meta property=\"og:image:height\" content=\"1215\" \/>\n\t<meta property=\"og:image:type\" content=\"image\/jpeg\" \/>\n<meta name=\"author\" content=\"editor1\" \/>\n<meta name=\"twitter:card\" content=\"summary_large_image\" \/>\n<meta name=\"twitter:label1\" content=\"Written by\" \/>\n\t<meta name=\"twitter:data1\" content=\"editor1\" \/>\n\t<meta name=\"twitter:label2\" content=\"Est. reading time\" \/>\n\t<meta name=\"twitter:data2\" content=\"1 minute\" \/>\n<script type=\"application\/ld+json\" class=\"yoast-schema-graph\">{\"@context\":\"https:\\\/\\\/schema.org\",\"@graph\":[{\"@type\":\"Article\",\"@id\":\"https:\\\/\\\/ciac.pt\\\/en\\\/news\\\/silvia-leiria-viegas-participates-in-the-workshop-practitioners-companion-to-decolonisation\\\/#article\",\"isPartOf\":{\"@id\":\"https:\\\/\\\/ciac.pt\\\/en\\\/news\\\/silvia-leiria-viegas-participates-in-the-workshop-practitioners-companion-to-decolonisation\\\/\"},\"author\":{\"name\":\"editor1\",\"@id\":\"https:\\\/\\\/ciac.pt\\\/en\\\/#\\\/schema\\\/person\\\/3def46b976d3f4c0cdcf7c417cb570be\"},\"headline\":\"S\u00edlvia Leiria Viegas Participates in the Workshop Practitioner\u2019s Companion to Decolonisation\",\"datePublished\":\"2024-06-04T15:55:10+00:00\",\"dateModified\":\"2024-08-27T14:27:04+00:00\",\"mainEntityOfPage\":{\"@id\":\"https:\\\/\\\/ciac.pt\\\/en\\\/news\\\/silvia-leiria-viegas-participates-in-the-workshop-practitioners-companion-to-decolonisation\\\/\"},\"wordCount\":208,\"publisher\":{\"@id\":\"https:\\\/\\\/ciac.pt\\\/en\\\/#organization\"},\"image\":{\"@id\":\"https:\\\/\\\/ciac.pt\\\/en\\\/news\\\/silvia-leiria-viegas-participates-in-the-workshop-practitioners-companion-to-decolonisation\\\/#primaryimage\"},\"thumbnailUrl\":\"https:\\\/\\\/ciac.pt\\\/wp-content\\\/uploads\\\/2024\\\/06\\\/mapa-mundo.jpg\",\"keywords\":[\"Dissemination\"],\"articleSection\":[\"News\"],\"inLanguage\":\"en-US\"},{\"@type\":\"WebPage\",\"@id\":\"https:\\\/\\\/ciac.pt\\\/en\\\/news\\\/silvia-leiria-viegas-participates-in-the-workshop-practitioners-companion-to-decolonisation\\\/\",\"url\":\"https:\\\/\\\/ciac.pt\\\/en\\\/news\\\/silvia-leiria-viegas-participates-in-the-workshop-practitioners-companion-to-decolonisation\\\/\",\"name\":\"S\u00edlvia Leiria Viegas Participates in the Workshop Practitioner\u2019s Companion to Decolonisation - CIAC\",\"isPartOf\":{\"@id\":\"https:\\\/\\\/ciac.pt\\\/en\\\/#website\"},\"primaryImageOfPage\":{\"@id\":\"https:\\\/\\\/ciac.pt\\\/en\\\/news\\\/silvia-leiria-viegas-participates-in-the-workshop-practitioners-companion-to-decolonisation\\\/#primaryimage\"},\"image\":{\"@id\":\"https:\\\/\\\/ciac.pt\\\/en\\\/news\\\/silvia-leiria-viegas-participates-in-the-workshop-practitioners-companion-to-decolonisation\\\/#primaryimage\"},\"thumbnailUrl\":\"https:\\\/\\\/ciac.pt\\\/wp-content\\\/uploads\\\/2024\\\/06\\\/mapa-mundo.jpg\",\"datePublished\":\"2024-06-04T15:55:10+00:00\",\"dateModified\":\"2024-08-27T14:27:04+00:00\",\"breadcrumb\":{\"@id\":\"https:\\\/\\\/ciac.pt\\\/en\\\/news\\\/silvia-leiria-viegas-participates-in-the-workshop-practitioners-companion-to-decolonisation\\\/#breadcrumb\"},\"inLanguage\":\"en-US\",\"potentialAction\":[{\"@type\":\"ReadAction\",\"target\":[\"https:\\\/\\\/ciac.pt\\\/en\\\/news\\\/silvia-leiria-viegas-participates-in-the-workshop-practitioners-companion-to-decolonisation\\\/\"]}]},{\"@type\":\"ImageObject\",\"inLanguage\":\"en-US\",\"@id\":\"https:\\\/\\\/ciac.pt\\\/en\\\/news\\\/silvia-leiria-viegas-participates-in-the-workshop-practitioners-companion-to-decolonisation\\\/#primaryimage\",\"url\":\"https:\\\/\\\/ciac.pt\\\/wp-content\\\/uploads\\\/2024\\\/06\\\/mapa-mundo.jpg\",\"contentUrl\":\"https:\\\/\\\/ciac.pt\\\/wp-content\\\/uploads\\\/2024\\\/06\\\/mapa-mundo.jpg\",\"width\":1620,\"height\":1215},{\"@type\":\"BreadcrumbList\",\"@id\":\"https:\\\/\\\/ciac.pt\\\/en\\\/news\\\/silvia-leiria-viegas-participates-in-the-workshop-practitioners-companion-to-decolonisation\\\/#breadcrumb\",\"itemListElement\":[{\"@type\":\"ListItem\",\"position\":1,\"name\":\"In\u00edcio\",\"item\":\"https:\\\/\\\/ciac.pt\\\/en\\\/\"},{\"@type\":\"ListItem\",\"position\":2,\"name\":\"S\u00edlvia Leiria Viegas Participates in the Workshop Practitioner\u2019s Companion to Decolonisation\"}]},{\"@type\":\"WebSite\",\"@id\":\"https:\\\/\\\/ciac.pt\\\/en\\\/#website\",\"url\":\"https:\\\/\\\/ciac.pt\\\/en\\\/\",\"name\":\"CIAC\",\"description\":\"Centro de Investiga\u00e7\u00e3o em Artes e Comunica\u00e7\u00e3o\",\"publisher\":{\"@id\":\"https:\\\/\\\/ciac.pt\\\/en\\\/#organization\"},\"potentialAction\":[{\"@type\":\"SearchAction\",\"target\":{\"@type\":\"EntryPoint\",\"urlTemplate\":\"https:\\\/\\\/ciac.pt\\\/en\\\/?s={search_term_string}\"},\"query-input\":{\"@type\":\"PropertyValueSpecification\",\"valueRequired\":true,\"valueName\":\"search_term_string\"}}],\"inLanguage\":\"en-US\"},{\"@type\":\"Organization\",\"@id\":\"https:\\\/\\\/ciac.pt\\\/en\\\/#organization\",\"name\":\"CIAC\",\"url\":\"https:\\\/\\\/ciac.pt\\\/en\\\/\",\"logo\":{\"@type\":\"ImageObject\",\"inLanguage\":\"en-US\",\"@id\":\"https:\\\/\\\/ciac.pt\\\/en\\\/#\\\/schema\\\/logo\\\/image\\\/\",\"url\":\"https:\\\/\\\/ciac.pt\\\/wp-content\\\/uploads\\\/2022\\\/06\\\/logo.svg\",\"contentUrl\":\"https:\\\/\\\/ciac.pt\\\/wp-content\\\/uploads\\\/2022\\\/06\\\/logo.svg\",\"width\":184,\"height\":51,\"caption\":\"CIAC\"},\"image\":{\"@id\":\"https:\\\/\\\/ciac.pt\\\/en\\\/#\\\/schema\\\/logo\\\/image\\\/\"}},{\"@type\":\"Person\",\"@id\":\"https:\\\/\\\/ciac.pt\\\/en\\\/#\\\/schema\\\/person\\\/3def46b976d3f4c0cdcf7c417cb570be\",\"name\":\"editor1\",\"image\":{\"@type\":\"ImageObject\",\"inLanguage\":\"en-US\",\"@id\":\"https:\\\/\\\/secure.gravatar.com\\\/avatar\\\/4d8eb3157f61df03731fd8bf031b56d1d9241759e8f8c07d4d7e51d2f858c821?s=96&d=mm&r=g\",\"url\":\"https:\\\/\\\/secure.gravatar.com\\\/avatar\\\/4d8eb3157f61df03731fd8bf031b56d1d9241759e8f8c07d4d7e51d2f858c821?s=96&d=mm&r=g\",\"contentUrl\":\"https:\\\/\\\/secure.gravatar.com\\\/avatar\\\/4d8eb3157f61df03731fd8bf031b56d1d9241759e8f8c07d4d7e51d2f858c821?s=96&d=mm&r=g\",\"caption\":\"editor1\"},\"url\":\"https:\\\/\\\/ciac.pt\\\/en\\\/author\\\/editor1\\\/\"}]}<\/script>\n<!-- \/ Yoast SEO plugin. -->","yoast_head_json":{"title":"S\u00edlvia Leiria Viegas Participates in the Workshop Practitioner\u2019s Companion to Decolonisation - CIAC","robots":{"index":"index","follow":"follow","max-snippet":"max-snippet:-1","max-image-preview":"max-image-preview:large","max-video-preview":"max-video-preview:-1"},"canonical":"https:\/\/ciac.pt\/en\/news\/silvia-leiria-viegas-participates-in-the-workshop-practitioners-companion-to-decolonisation\/","og_locale":"en_US","og_type":"article","og_title":"S\u00edlvia Leiria Viegas Participates in the Workshop Practitioner\u2019s Companion to Decolonisation - CIAC","og_description":"S\u00edlvia Leiria Viegas, a researcher at CIAC, is participating in the &#8220;Practitioner\u2019s","og_url":"https:\/\/ciac.pt\/en\/news\/silvia-leiria-viegas-participates-in-the-workshop-practitioners-companion-to-decolonisation\/","og_site_name":"CIAC","article_published_time":"2024-06-04T15:55:10+00:00","article_modified_time":"2024-08-27T14:27:04+00:00","og_image":[{"width":1620,"height":1215,"url":"https:\/\/ciac.pt\/wp-content\/uploads\/2024\/06\/mapa-mundo.jpg","type":"image\/jpeg"}],"author":"editor1","twitter_card":"summary_large_image","twitter_misc":{"Written by":"editor1","Est. reading time":"1 minute"},"schema":{"@context":"https:\/\/schema.org","@graph":[{"@type":"Article","@id":"https:\/\/ciac.pt\/en\/news\/silvia-leiria-viegas-participates-in-the-workshop-practitioners-companion-to-decolonisation\/#article","isPartOf":{"@id":"https:\/\/ciac.pt\/en\/news\/silvia-leiria-viegas-participates-in-the-workshop-practitioners-companion-to-decolonisation\/"},"author":{"name":"editor1","@id":"https:\/\/ciac.pt\/en\/#\/schema\/person\/3def46b976d3f4c0cdcf7c417cb570be"},"headline":"S\u00edlvia Leiria Viegas Participates in the Workshop Practitioner\u2019s Companion to Decolonisation","datePublished":"2024-06-04T15:55:10+00:00","dateModified":"2024-08-27T14:27:04+00:00","mainEntityOfPage":{"@id":"https:\/\/ciac.pt\/en\/news\/silvia-leiria-viegas-participates-in-the-workshop-practitioners-companion-to-decolonisation\/"},"wordCount":208,"publisher":{"@id":"https:\/\/ciac.pt\/en\/#organization"},"image":{"@id":"https:\/\/ciac.pt\/en\/news\/silvia-leiria-viegas-participates-in-the-workshop-practitioners-companion-to-decolonisation\/#primaryimage"},"thumbnailUrl":"https:\/\/ciac.pt\/wp-content\/uploads\/2024\/06\/mapa-mundo.jpg","keywords":["Dissemination"],"articleSection":["News"],"inLanguage":"en-US"},{"@type":"WebPage","@id":"https:\/\/ciac.pt\/en\/news\/silvia-leiria-viegas-participates-in-the-workshop-practitioners-companion-to-decolonisation\/","url":"https:\/\/ciac.pt\/en\/news\/silvia-leiria-viegas-participates-in-the-workshop-practitioners-companion-to-decolonisation\/","name":"S\u00edlvia Leiria Viegas Participates in the Workshop Practitioner\u2019s Companion to Decolonisation - CIAC","isPartOf":{"@id":"https:\/\/ciac.pt\/en\/#website"},"primaryImageOfPage":{"@id":"https:\/\/ciac.pt\/en\/news\/silvia-leiria-viegas-participates-in-the-workshop-practitioners-companion-to-decolonisation\/#primaryimage"},"image":{"@id":"https:\/\/ciac.pt\/en\/news\/silvia-leiria-viegas-participates-in-the-workshop-practitioners-companion-to-decolonisation\/#primaryimage"},"thumbnailUrl":"https:\/\/ciac.pt\/wp-content\/uploads\/2024\/06\/mapa-mundo.jpg","datePublished":"2024-06-04T15:55:10+00:00","dateModified":"2024-08-27T14:27:04+00:00","breadcrumb":{"@id":"https:\/\/ciac.pt\/en\/news\/silvia-leiria-viegas-participates-in-the-workshop-practitioners-companion-to-decolonisation\/#breadcrumb"},"inLanguage":"en-US","potentialAction":[{"@type":"ReadAction","target":["https:\/\/ciac.pt\/en\/news\/silvia-leiria-viegas-participates-in-the-workshop-practitioners-companion-to-decolonisation\/"]}]},{"@type":"ImageObject","inLanguage":"en-US","@id":"https:\/\/ciac.pt\/en\/news\/silvia-leiria-viegas-participates-in-the-workshop-practitioners-companion-to-decolonisation\/#primaryimage","url":"https:\/\/ciac.pt\/wp-content\/uploads\/2024\/06\/mapa-mundo.jpg","contentUrl":"https:\/\/ciac.pt\/wp-content\/uploads\/2024\/06\/mapa-mundo.jpg","width":1620,"height":1215},{"@type":"BreadcrumbList","@id":"https:\/\/ciac.pt\/en\/news\/silvia-leiria-viegas-participates-in-the-workshop-practitioners-companion-to-decolonisation\/#breadcrumb","itemListElement":[{"@type":"ListItem","position":1,"name":"In\u00edcio","item":"https:\/\/ciac.pt\/en\/"},{"@type":"ListItem","position":2,"name":"S\u00edlvia Leiria Viegas Participates in the Workshop Practitioner\u2019s Companion to Decolonisation"}]},{"@type":"WebSite","@id":"https:\/\/ciac.pt\/en\/#website","url":"https:\/\/ciac.pt\/en\/","name":"CIAC","description":"Centro de Investiga\u00e7\u00e3o em Artes e Comunica\u00e7\u00e3o","publisher":{"@id":"https:\/\/ciac.pt\/en\/#organization"},"potentialAction":[{"@type":"SearchAction","target":{"@type":"EntryPoint","urlTemplate":"https:\/\/ciac.pt\/en\/?s={search_term_string}"},"query-input":{"@type":"PropertyValueSpecification","valueRequired":true,"valueName":"search_term_string"}}],"inLanguage":"en-US"},{"@type":"Organization","@id":"https:\/\/ciac.pt\/en\/#organization","name":"CIAC","url":"https:\/\/ciac.pt\/en\/","logo":{"@type":"ImageObject","inLanguage":"en-US","@id":"https:\/\/ciac.pt\/en\/#\/schema\/logo\/image\/","url":"https:\/\/ciac.pt\/wp-content\/uploads\/2022\/06\/logo.svg","contentUrl":"https:\/\/ciac.pt\/wp-content\/uploads\/2022\/06\/logo.svg","width":184,"height":51,"caption":"CIAC"},"image":{"@id":"https:\/\/ciac.pt\/en\/#\/schema\/logo\/image\/"}},{"@type":"Person","@id":"https:\/\/ciac.pt\/en\/#\/schema\/person\/3def46b976d3f4c0cdcf7c417cb570be","name":"editor1","image":{"@type":"ImageObject","inLanguage":"en-US","@id":"https:\/\/secure.gravatar.com\/avatar\/4d8eb3157f61df03731fd8bf031b56d1d9241759e8f8c07d4d7e51d2f858c821?s=96&d=mm&r=g","url":"https:\/\/secure.gravatar.com\/avatar\/4d8eb3157f61df03731fd8bf031b56d1d9241759e8f8c07d4d7e51d2f858c821?s=96&d=mm&r=g","contentUrl":"https:\/\/secure.gravatar.com\/avatar\/4d8eb3157f61df03731fd8bf031b56d1d9241759e8f8c07d4d7e51d2f858c821?s=96&d=mm&r=g","caption":"editor1"},"url":"https:\/\/ciac.pt\/en\/author\/editor1\/"}]}},"author_meta":{"display_name":"editor1","author_link":"https:\/\/ciac.pt\/en\/author\/editor1\/"},"featured_img":"https:\/\/ciac.pt\/wp-content\/uploads\/2024\/06\/mapa-mundo-300x225.jpg","coauthors":[],"tax_additional":{"categories":{"linked":["<a href=\"https:\/\/ciac.pt\/en\/.\/news\/\" class=\"advgb-post-tax-term\">News<\/a>"],"unlinked":["<span class=\"advgb-post-tax-term\">News<\/span>"]},"tags":{"linked":["<a href=\"https:\/\/ciac.pt\/en\/.\/news\/\" class=\"advgb-post-tax-term\">Dissemination<\/a>"],"unlinked":["<span class=\"advgb-post-tax-term\">Dissemination<\/span>"]}},"comment_count":0,"relative_dates":{"created":"Posted 2 years ago","modified":"Updated 2 years ago"},"absolute_dates":{"created":"Posted on 04\/06\/2024","modified":"Updated on 27\/08\/2024"},"absolute_dates_time":{"created":"Posted on 04\/06\/2024 16:55","modified":"Updated on 27\/08\/2024 15:27"},"featured_img_caption":"","series_order":"","_links":{"self":[{"href":"https:\/\/ciac.pt\/en\/wp-json\/wp\/v2\/posts\/7371","targetHints":{"allow":["GET"]}}],"collection":[{"href":"https:\/\/ciac.pt\/en\/wp-json\/wp\/v2\/posts"}],"about":[{"href":"https:\/\/ciac.pt\/en\/wp-json\/wp\/v2\/types\/post"}],"author":[{"embeddable":true,"href":"https:\/\/ciac.pt\/en\/wp-json\/wp\/v2\/users\/3"}],"replies":[{"embeddable":true,"href":"https:\/\/ciac.pt\/en\/wp-json\/wp\/v2\/comments?post=7371"}],"version-history":[{"count":1,"href":"https:\/\/ciac.pt\/en\/wp-json\/wp\/v2\/posts\/7371\/revisions"}],"predecessor-version":[{"id":7372,"href":"https:\/\/ciac.pt\/en\/wp-json\/wp\/v2\/posts\/7371\/revisions\/7372"}],"wp:featuredmedia":[{"embeddable":true,"href":"https:\/\/ciac.pt\/en\/wp-json\/wp\/v2\/media\/7367"}],"wp:attachment":[{"href":"https:\/\/ciac.pt\/en\/wp-json\/wp\/v2\/media?parent=7371"}],"wp:term":[{"taxonomy":"category","embeddable":true,"href":"https:\/\/ciac.pt\/en\/wp-json\/wp\/v2\/categories?post=7371"},{"taxonomy":"post_tag","embeddable":true,"href":"https:\/\/ciac.pt\/en\/wp-json\/wp\/v2\/tags?post=7371"}],"curies":[{"name":"wp","href":"https:\/\/api.w.org\/{rel}","templated":true}]}}